{"id":61010,"date":"2021-01-19T02:02:28","date_gmt":"2021-01-19T07:02:28","guid":{"rendered":"https:\/\/akunq.net\/tr\/?p=61010"},"modified":"2021-01-19T02:02:37","modified_gmt":"2021-01-19T07:02:37","slug":"50-soruda-hrant-dink-cinayeti-dosyasi-14-yillik-adalet-mucadelesi-hala-sonuc-vermedi","status":"publish","type":"post","link":"https:\/\/akunq.net\/tr\/?p=61010","title":{"rendered":"50 soruda Hrant Dink cinayeti dosyas\u0131: 14 y\u0131ll\u0131k adalet m\u00fccadelesi h\u00e2l\u00e2 sonu\u00e7 vermedi"},"content":{"rendered":"<p><img loading=\"lazy\" decoding=\"async\" class=\"aligncenter size-medium wp-image-61011\" src=\"https:\/\/akunq.net\/tr\/wp-content\/uploads\/2021\/01\/Dink-360x203.png\" alt=\"\" width=\"360\" height=\"203\" srcset=\"https:\/\/akunq.net\/tr\/wp-content\/uploads\/sites\/6\/2021\/01\/Dink-360x203.png 360w, https:\/\/akunq.net\/tr\/wp-content\/uploads\/sites\/6\/2021\/01\/Dink-768x432.png 768w, https:\/\/akunq.net\/tr\/wp-content\/uploads\/sites\/6\/2021\/01\/Dink-560x315.png 560w, https:\/\/akunq.net\/tr\/wp-content\/uploads\/sites\/6\/2021\/01\/Dink-260x146.png 260w, https:\/\/akunq.net\/tr\/wp-content\/uploads\/sites\/6\/2021\/01\/Dink-160x90.png 160w, https:\/\/akunq.net\/tr\/wp-content\/uploads\/sites\/6\/2021\/01\/Dink.png 800w\" sizes=\"auto, (max-width: 360px) 100vw, 360px\" \/><\/p>\n<p><strong>G\u00f6k\u00e7er Tahincio\u011flu <\/strong><\/p>\n<p><strong><em>Dink ailesinin ve ilgili kamuoyunun gayretiyle kamu g\u00f6revlilerinin bir\u00e7o\u011fu yarg\u0131 \u00f6n\u00fcne \u00e7\u0131kart\u0131ld\u0131, ancak m\u00fccadele devam ediyor.<\/em><\/strong><\/p>\n<div class=\"_29XP5 _34eiK\">\n<div>\n<p><strong>Hrant Dink<\/strong>&#8216;in \u00f6ld\u00fcr\u00fclmesinin \u00fczerinden tam 14 y\u0131l ge\u00e7ti. Sabiha G\u00f6k\u00e7en&#8217;in Ermeni olabilece\u011fine y\u00f6nelik yapt\u0131\u011f\u0131 bir haberden sonra hedef haline getirilmeye ba\u015flanan, dil uzmanlar\u0131n\u0131n bile &#8220;hakaret&#8221; olmad\u0131\u011f\u0131n\u0131 s\u00f6yledi\u011fi bir yaz\u0131s\u0131ndan sonra &#8220;T\u00fcrkl\u00fc\u011fe hakaret&#8221; su\u00e7undan hapse mahk\u00fbm edilen, bu s\u00fcre\u00e7te a\u015f\u0131r\u0131 milliyet\u00e7i \u00e7evrelerin b\u00fct\u00fcn\u00fcyle hedefi haline gelen ve g\u00f6z g\u00f6re g\u00f6re geli\u015fen bir s\u00fcrecin ard\u0131ndan \u00f6ld\u00fcr\u00fclen Agos Gazetesi Genel Yay\u0131n Y\u00f6netmeni Hrant Dink&#8217;in \u00f6ld\u00fcr\u00fclmesinin ard\u0131ndan ba\u015flayan yarg\u0131lama s\u00fcrecinde 14 y\u0131l geride kald\u0131.<\/p>\n<p>14 y\u0131ll\u0131k s\u00fcre\u00e7te, cinayeti i\u015fleyen ekibin &#8220;hassas ve milliyet\u00e7i gen\u00e7ler&#8221; oldu\u011fu tezinden &#8220;Ergenekon \u00f6rg\u00fct\u00fc taraf\u0131ndan y\u00f6nlendirilen bir grup&#8221; oldu\u011funa, buradan da &#8220;Ergenekon soru\u015fturmas\u0131n\u0131 a\u00e7abilmek i\u00e7in Fethullah G\u00fclen cemaatinin organize etti\u011fi grubun cinayeti ger\u00e7ekle\u015ftirdi\u011fine&#8221; kadar uzanan tezler iddianameye d\u00f6n\u00fc\u015ft\u00fc.<\/p>\n<p><img loading=\"lazy\" decoding=\"async\" src=\"https:\/\/media-cdn.t24.com.tr\/media\/library\/2021\/01\/1610978285069-e-876-ff-1-e-f-557-4820-afcc-ccb-5-cee-68-e-1-e.jpg\" alt=\"\" width=\"500\" height=\"326\" \/><em><strong>Hrant Dink<\/strong><\/em><\/p>\n<p>Bu s\u00fcre\u00e7ten geriye kimsenin detaylar\u0131n\u0131 an\u0131msamad\u0131\u011f\u0131, kimlerin yarg\u0131land\u0131\u011f\u0131n\u0131 bile unuttu\u011fu; dosyan\u0131n hedef haline getirme, korumama, cinayeti i\u015fleyenlerin ve azmettirenlerin g\u00f6zetildi\u011fi s\u00fcrecin tamam\u0131n\u0131 kapsad\u0131\u011f\u0131n\u0131 g\u00f6z \u00f6n\u00fcnde tutmayan yorgun bir haf\u0131za kald\u0131. Dink ailesinin ve ilgili kamuoyunun\u00a0 gayretiyle kamu g\u00f6revlilerinin bir\u00e7o\u011fu yarg\u0131 \u00f6n\u00fcne \u00e7\u0131kart\u0131ld\u0131, ancak m\u00fccadele h\u00e2l\u00e2 s\u00fcr\u00fcyor. Yarg\u0131 s\u00fcrecinin 14 y\u0131ll\u0131k seyri, soru ve yan\u0131tlar\u0131yla, \u00f6zetle \u015f\u00f6yle:<\/p>\n<p><strong>1- Cinayetin azmettiricisi Yasin Hayal, polis taraf\u0131ndan biliniyor muydu?<\/strong><\/p>\n<p>Yasin Hayal, Trabzon Emniyeti&#8217;nin yak\u0131ndan tan\u0131d\u0131\u011f\u0131 bir isimdi. 24 Ekim 2004&#8217;te Trabzon&#8217;daki McDonald&#8217;s \u015fubesine bomba att\u0131 ve \u00e7o\u011fu \u00e7ocuk 6 ki\u015fi yaraland\u0131. Trabzon polisi, Hayal&#8217;i birka\u00e7 g\u00fcn sonra yakalad\u0131. Ola\u011fan \u015fartlarda bombalama gibi bir eylemin ard\u0131ndan dosyan\u0131n ter\u00f6r savc\u0131l\u0131\u011f\u0131na, Erzurum&#8217;a g\u00f6nderilmesi gerekiyordu. Ancak Trabzon polisi, dosyay\u0131 hi\u00e7 Erzurum&#8217;a g\u00f6ndermedi. Olay, basit bir adli vaka olarak ele al\u0131nd\u0131. Olay, ter\u00f6r su\u00e7u kapsam\u0131nda g\u00f6r\u00fclseydi, Yasin Hayal&#8217;in ald\u0131\u011f\u0131 hapis cezas\u0131 muhtemelen yar\u0131 oran\u0131nda art\u0131r\u0131lm\u0131\u015f olacak, 11. ayda tutuksuz yarg\u0131lanmak \u00fczere serbest b\u0131rak\u0131lmas\u0131 zorla\u015facak, daha \u00f6nemlisi &#8220;ter\u00f6r su\u00e7u&#8221; oldu\u011fu i\u00e7in \u00f6rg\u00fct ba\u011flar\u0131 ara\u015ft\u0131r\u0131lacakt\u0131. Hayal&#8217;in telefon kay\u0131tlar\u0131 bile ara\u015ft\u0131r\u0131lmad\u0131. Bu ba\u011flar\u0131n ara\u015ft\u0131r\u0131lmas\u0131 Dink cinayeti ba\u011flar\u0131n\u0131n daha o zaman \u00e7\u00f6z\u00fclebilmesi demekti. Ancak bu yap\u0131lmad\u0131. Polisin ve Trabzon&#8217;un zaten tan\u0131d\u0131\u011f\u0131 Hayal i\u00e7in \u00f6zel muamele yap\u0131ld\u0131.<\/p>\n<p class=\"fi-incontent-mark\"><strong>2- Bombalama eyleminden sonra Hayal, nas\u0131l serbest kald\u0131?<\/strong><\/p>\n<p>Yasin Hayal, Trabzon 1.\u00a0 A\u011f\u0131r Ceza Mahkemesi&#8217;nde yarg\u0131lanmaya ba\u015fland\u0131. Sadece 11 ay tutuklu kalan Hayal, bu s\u00fcrenin 3 ay\u0131n\u0131 da ak\u0131l hastanesinde ge\u00e7irdi. &#8220;Ak\u0131ll\u0131&#8221; raporu ald\u0131ktan k\u0131sa bir s\u00fcre sonra tahliye edildi. Eyl\u00fcl 2005&#8217;te Hayal, tutuksuz yarg\u0131lanmaya ba\u015fland\u0131.<\/p>\n<p><strong>3- Tahliye karar\u0131 nas\u0131l verildi?<\/strong><\/p>\n<p>Kararla ilgili en dikkat \u00e7ekici detay, mahkemenin as\u0131l heyetinin izinli olmas\u0131na ra\u011fmen, n\u00f6bet\u00e7i heyetin tahliye karar\u0131n\u0131 vermesiydi. \u00c7ok basit davalarda bile n\u00f6bet\u00e7i heyetler kritik kararlara imza atmazken, dosyayla b\u00fct\u00fcn\u00fcyle ilgisiz olan bir ticaret mahkemesi \u00fcyesi ile icra h\u00e2kiminin yer ald\u0131\u011f\u0131 heyet, tahliye karar\u0131n\u0131 verdi. Bu heyet, \u00fcstelik Hayal&#8217;e yurtd\u0131\u015f\u0131na \u00e7\u0131k\u0131\u015f yasa\u011f\u0131 bile koymam\u0131\u015ft\u0131.<\/p>\n<h3>&#8216;Bombalama&#8217; su\u00e7u i\u00e7in indirim ve en alt s\u0131n\u0131rdan ceza<\/h3>\n<p><img loading=\"lazy\" decoding=\"async\" src=\"https:\/\/media-cdn.t24.com.tr\/media\/library\/2021\/01\/1610978091334-1579274128384-yasin-hayal.jpg\" alt=\"\" width=\"500\" height=\"250\" \/><em><strong>Yasin Hayal<\/strong><\/em><\/p>\n<p><strong>4- Yasin Hayal, bombalama su\u00e7undan ne kadar ceza ald\u0131?<\/strong><\/p>\n<p>Trabzon 1. A\u011f\u0131r Ceza Mahkemesi dava sonunda Hayal&#8217;e, cezas\u0131nda indirim yaparak 6 y\u0131l 8 ay ceza verdi. Bombalama ve yaralaman\u0131n s\u00f6z konusu oldu\u011fu bu davada, b\u00fct\u00fcn cezalar alt s\u0131n\u0131rdan, indirimle verildi. Adalet Bakanl\u0131\u011f\u0131 m\u00fcfetti\u015fleri, daha sonra Hayal&#8217;i serbest b\u0131rakan hakimlerle ilgili bir soru\u015fturma a\u00e7maya gerek g\u00f6rmediler.<\/p>\n<h3>Dink cinayetini azmettirdi\u011fi tarihte cezaevinde olabilirdi<\/h3>\n<p><strong>5- Hayal, neden hemen yeniden cezaevine konulmad\u0131?<\/strong><\/p>\n<p>Mahkeme, Yasin Hayal&#8217;i 14 Haziran 2006 tarihinde 6 y\u0131l 8 ay hapis cezas\u0131na \u00e7arpt\u0131rd\u0131. \u0130nfaz Yasas\u0131 indirimleri sonucu bu ceza 32 aya d\u00fc\u015ft\u00fc. Hayal yeniden hapse girmedi, \u00e7\u00fcnk\u00fc \u00f6nceden yatt\u0131\u011f\u0131 s\u00fcre vard\u0131 ve cezan\u0131n tamam\u0131n\u0131 yatmas\u0131 i\u00e7in karar\u0131n Yarg\u0131tay taraf\u0131ndan onanmas\u0131 gerekiyordu. Yarg\u0131tay&#8217;daki ola\u011fan\u00fcst\u00fc gecikme Yasin Hayal&#8217;in d\u0131\u015far\u0131da kalmas\u0131na yol a\u00e7t\u0131. Hayal&#8217;in avukatlar\u0131n\u0131n temyiz ba\u015fvurusu Yarg\u0131tay&#8217;a 2006 Temmuz ay\u0131nda geldi. Yarg\u0131tay Cumhuriyet Ba\u015fsavc\u0131l\u0131\u011f\u0131&#8217;n\u0131n, Hayal&#8217;in mahk\u00fbmiyeti ile ilgili tebli\u011fnameyi haz\u0131rlay\u0131p ilgili daireye g\u00f6ndermesi yakla\u015f\u0131k 8 ay ald\u0131. Ba\u015fsavc\u0131l\u0131k tebli\u011fnameyi 6 \u015eubat 2007 tarihinde g\u00f6nderdi. Bu arada Hrant Dink, Hayal&#8217;in de d\u00e2hil oldu\u011fu organizasyonla 19 Ocak 2007 tarihinde \u00f6ld\u00fcr\u00fcld\u00fc. Yarg\u0131tay&#8217;\u0131n ilgili dairesi, Trabzon&#8217;daki mahkemenin Hayal&#8217;le ilgili karar\u0131n\u0131n baz\u0131 y\u00f6nlerini onay\u0131p, baz\u0131 y\u00f6nlerini bozdu\u011fu karar\u0131n\u0131 2 May\u0131s 2008\u00a0 tarihinde ald\u0131. Yarg\u0131tay, bu karar\u0131 2008&#8217;de de\u011fil de 2006 ya da 2007 y\u0131l\u0131nda alm\u0131\u015f olsayd\u0131, Hayal&#8217;in 11 aya ek olarak\u00a0 21 ay daha hapis yatmas\u0131 gerekecek, Hayal&#8217;e yeniden cezaevinin yolu g\u00f6z\u00fckecekti. Bu durumda da Hrant Dink&#8217;in \u00f6ld\u00fcr\u00fclmesi organizasyonunda yer alamayacak, tetik\u00e7i Og\u00fcn Samast&#8217;a Hrant Dink&#8217;in hayat\u0131na son veren silah\u0131 veremeyecekti.<\/p>\n<p class=\"fi-incontent-mark\"><strong>6- Hayal&#8217;in yarg\u0131land\u0131\u011f\u0131 bu d\u00f6nemde, polis muhbiri olan ve Dink cinayetinin azmettiricilerinden say\u0131lan Erhan Tuncel&#8217;i polis tan\u0131yor muydu?<\/strong><\/p>\n<p>Polis, hem Erhan Tuncel&#8217;i tan\u0131yordu hem de Yasin Hayal&#8217;le daha o tarihten ili\u015fkisini biliyordu. Ba\u015fbakanl\u0131k Tefti\u015f Kurulu raporuna g\u00f6re, Trabzon&#8217;daki Mc Donald&#8217;s \u015fubesinin bombalanmas\u0131 olay\u0131n\u0131 Erhan Tuncel&#8217;le Yasin Hayal birlikte organize etmi\u015flerdi. Rapora g\u00f6re, Tuncel&#8217;in bu bombalama eyleminin organizat\u00f6rlerinden biri oldu\u011fu o d\u00f6nemde \u0130stanbul Ter\u00f6rle M\u00fccadele \u015eubesi&#8217;nin raporlar\u0131nda da vurgulanm\u0131\u015ft\u0131.<\/p>\n<h3><strong>Cinayet planlamas\u0131 Erhan Tuncel&#8217;in sorgulamas\u0131nda bozulabilirdi<\/strong><\/h3>\n<p><img loading=\"lazy\" decoding=\"async\" src=\"https:\/\/media-cdn.t24.com.tr\/media\/library\/2021\/01\/1610978174754-1579274221374-erhan-tuncel.jpg\" alt=\"\" width=\"500\" height=\"324\" \/><em><strong>Erhan Tuncel<\/strong><\/em><\/p>\n<p><strong>7- Erhan Tuncel&#8217;in \u00fczerine niye gidilmedi?<\/strong><\/p>\n<p>Polis, o tarihten ba\u015flayarak Tuncel&#8217;i muhbir olarak g\u00f6revlendirmi\u015fti ve bunun ortaya \u00e7\u0131kmamas\u0131 i\u00e7in ola\u011fan\u00fcst\u00fc \u00e7aba sarf edildi. Tuncel, sald\u0131r\u0131yla ili\u015fkisi bilinmesine ra\u011fmen \u015f\u00fcpheli olarak sorgulanmad\u0131. Tuncel de Hayal&#8217;le birlikte yarg\u0131lansayd\u0131, muhtemelen Hrant Dink cinayetinin planlanmas\u0131 g\u00fcndemden d\u00fc\u015fecekti. Tuncel yarg\u0131lanmak bir tarafa, olaydan 24 g\u00fcn sonra d\u00f6nemin Trabzon Emniyet M\u00fcd\u00fcr\u00fc Ramazan Aky\u00fcrek taraf\u0131ndan &#8220;Yard\u0131mc\u0131 \u0130stihbarat Eleman\u0131&#8221; (Y\u0130E) yap\u0131ld\u0131. Yarg\u0131lama d\u0131\u015f\u0131nda b\u0131rak\u0131lan Tuncel i\u00e7in &#8220;zorla getirilerek dinlenmesi&#8221; karar\u0131 alan mahkeme bile bu karar\u0131n\u0131 uygulamad\u0131. Jandarma ise adliyeye gelip duru\u015fmalar\u0131 takip eden Tuncel&#8217;i bulamad\u0131\u011f\u0131n\u0131 bildirdi. Dink suikast\u0131ndan sonra Hayal, bu olayda azmettirici olan Tuncel&#8217;in bombay\u0131 da imal etti\u011fini anlatt\u0131.<\/p>\n<p class=\"fi-incontent-mark\"><strong>8- Erhan Tuncel, muhbir olmas\u0131na ra\u011fmen nas\u0131l Dink cinayetini organize edebildi?<\/strong><\/p>\n<p>Tuncel, Trabzon Emniyeti \u0130stihbarat \u015eubesi&#8217;nde g\u00f6revli polis Muhittin Zenit&#8217;e ba\u011fl\u0131 \u00e7al\u0131\u015fmaya ba\u015flad\u0131. Tuncel, 15 \u015eubat ve 7 Nisan 2006 tarihli raporlar\u0131nda, Yasin Hayal&#8217;in Hrant Dink&#8217;e y\u00f6nelik eylem yapaca\u011f\u0131n\u0131 isim vererek bildirdi. Tuncel, bu d\u00f6nemde kar\u015f\u0131l\u0131\u011f\u0131nda 1035 TL ald\u0131\u011f\u0131 11 istihbarat raporu verdi. Polislere kod ad\u0131yla de\u011fil ger\u00e7ek isimleriyle hitap edecek kadar emniyetle i\u00e7li d\u0131\u015fl\u0131 olan Tuncel&#8217;in &#8220;muhbirlik&#8221; stat\u00fcs\u00fc Dink cinayetinden k\u0131sa s\u00fcre \u00f6nce, 23 Kas\u0131m 2006&#8217;da sonland\u0131r\u0131ld\u0131. Tuncel&#8217;in, daha \u00f6nce bilgisini verdi\u011fi cinayetten iki ay \u00f6nce istihbarat a\u011f\u0131n\u0131n d\u0131\u015f\u0131na \u00e7\u0131kart\u0131lmas\u0131, cinayetin i\u015flenmesine g\u00f6z yumuldu\u011fu \u015feklinde yorumland\u0131. D\u00f6nemin Trabzon Emniyet M\u00fcd\u00fcr\u00fc Re\u015fat Altay&#8217;d\u0131. Altay, cinayetten 1 hafta sonra g\u00f6revinden al\u0131nd\u0131.<\/p>\n<p><strong>9- Dink cinayetinin i\u015flenece\u011fi Tuncel taraf\u0131ndan bildirildikten sonra polis istihbarat \u00e7al\u0131\u015fmas\u0131 yapt\u0131 m\u0131?<\/strong><\/p>\n<p>Trabzon Emniyet M\u00fcd\u00fcrl\u00fc\u011f\u00fc, 17 \u015eubat 2006 tarihinde, yani, cinayetten 11 ay \u00f6nce Erhan Tuncel&#8217;den gelen, &#8220;Dink&#8217;e y\u00f6nelik eylem yap\u0131laca\u011f\u0131&#8221; bilgisini, Emniyet Genel M\u00fcd\u00fcrl\u00fc\u011f\u00fc \u0130stihbarat Daire Ba\u015fkanl\u0131\u011f\u0131 ile \u0130stanbul Emniyet M\u00fcd\u00fcrl\u00fc\u011f\u00fc&#8217;ne bildirdi. Trabzon Emniyeti, 7 Nisan 2006&#8217;da ikinci uyar\u0131da bulundu. Bu yaz\u0131lar\u0131nda Yasin Hayal&#8217;e y\u00f6nelik ara\u015ft\u0131rmalar\u0131n s\u00fcrd\u00fc\u011f\u00fcn\u00fc kaydeden Trabzon Emniyeti, daha sonra hi\u00e7bir istihbari bilgi vermedi.<\/p>\n<p><img loading=\"lazy\" decoding=\"async\" src=\"https:\/\/media-cdn.t24.com.tr\/media\/library\/2021\/01\/1610978367905-4-a-167-b-34-8-e-3-a-422-d-abe-4-6-ca-229-ccc-4-f-4.jpg\" alt=\"\" width=\"500\" height=\"334\" \/><\/p>\n<h3><strong>Cinayet haz\u0131rl\u0131\u011f\u0131n\u0131 bilen Jandarma &#8216;Operasyon yetkimiz yoktu&#8217; savunmas\u0131 yapt\u0131<\/strong><\/h3>\n<p><strong>10- Jandarman\u0131n da cinayetle ilgili bilgisi var m\u0131yd\u0131?<\/strong><\/p>\n<p>Dink&#8217;in \u00f6ld\u00fcr\u00fclece\u011fini Jandarma da biliyordu. Trabzon \u0130l Jandarma Komutanl\u0131\u011f\u0131&#8217;na haber elemanl\u0131\u011f\u0131 yapan Yasin Hayal&#8217;in eni\u015ftesi Co\u015fkun \u0130\u011fci, Yasin Hayal&#8217;in Hrant Dink&#8217;i vurmak i\u00e7in kendisinden silah istedi\u011fini Temmuz 2006&#8217;da, yani cinayetten yakla\u015f\u0131k 6 ay \u00f6nce ilgili birime bildirdi. Daha sonra yap\u0131lan incelemeler, bu bilginin Trabzon Jandarma \u0130l Alay Komutan\u0131 Albay Ali \u00d6z&#8217;e kadar ula\u015ft\u0131\u011f\u0131n\u0131 ortaya \u00e7\u0131kard\u0131. Ancak Trabzon Jandarma \u00f6rg\u00fct\u00fc, eline ula\u015fm\u0131\u015f olan b\u00fct\u00fcn istihbarata ra\u011fmen cinayet s\u00fcrecine seyirci kalmay\u0131 tercih etti. Gerek\u00e7e olarak ise &#8220;Operasyon yetkimiz yoktu&#8221; denildi. Jandarma Komutan\u0131 Albay Ali \u00d6z ve emrindeki isimlerin, Dink \u00f6ld\u00fcr\u00fcld\u00fckten sonra suikast bilgisini \u00f6nceden edinmedikleri y\u00f6n\u00fcnde sahte rapor d\u00fczenledikleri anla\u015f\u0131ld\u0131.<\/p>\n<p class=\"fi-incontent-mark\"><strong>11- Emniyet Genel M\u00fcd\u00fcrl\u00fc\u011f\u00fc, bu kritik bilgiyle ilgili ne yapt\u0131?<\/strong><\/p>\n<p>D\u00f6nemin Trabzon Emniyet M\u00fcd\u00fcr\u00fc Ramazan Aky\u00fcrek, Haziran 2006&#8217;da Emniyet Genel M\u00fcd\u00fcrl\u00fc\u011f\u00fc \u0130stihbarat Dairesi Ba\u015fkanl\u0131\u011f\u0131&#8217;na atanarak\u00a0 Ankara&#8217;ya gitti, bo\u015falan Trabzon Emniyeti&#8217;ne bu tarihte Re\u015fat Altay getirildi. \u0130stihbarat Ba\u015fkanl\u0131\u011f\u0131, hedef h\u00e2line gelen ki\u015fileri korumaya alabiliyor. Ancak, 2003&#8217;ten bu yana tehdit edilen Hrant Dink&#8217;in ismi b\u00fct\u00fcn verilere ra\u011fmen bu programa al\u0131nmad\u0131.<\/p>\n<p class=\"fi-incontent-mark\"><strong>12- \u0130stanbul&#8217;a bilgi gitti mi, Hrant Dink neden korunmad\u0131?<\/strong><\/p>\n<p>Dink, Sabiha G\u00f6k\u00e7en&#8217;le ilgili haberden sonraki s\u00fcre\u00e7te s\u00fcrekli olarak\u00a0 tehdit edilen bir isimdi. D\u00f6nemin \u0130stanbul Vali Yard\u0131mc\u0131s\u0131, Dink&#8217;i bu haberden sonra makam\u0131na \u00e7a\u011f\u0131rm\u0131\u015f, uyar\u0131da bulunmu\u015ftu. Daha sonra uyar\u0131n\u0131n nedenini &#8220;toplumsal infial yarat\u0131lmas\u0131n\u0131 engellemek&#8221; olarak a\u00e7\u0131klam\u0131\u015ft\u0131. Kemal Kerin\u00e7siz&#8217;in su\u00e7 duyurusu \u00fczerine, bir yaz\u0131s\u0131 nedeniyle &#8220;T\u00fcrkl\u00fc\u011fe hakaret&#8221; su\u00e7undan hakk\u0131nda dava a\u00e7\u0131lan Dink, bu su\u00e7u i\u015fledi\u011fi kan\u0131tlan\u0131rsa \u00fclkeyi terk edece\u011fini a\u00e7\u0131klad\u0131. Buna ra\u011fmen a\u015f\u0131r\u0131 milliyet\u00e7i \u00e7evrelerin hedefi h\u00e2line geldi. \u0130stanbul emniyeti, Trabzon Emniyeti&#8217;nin Dink konusunda uyar\u0131da bulundu\u011fu 17 \u015eubat 2006 tarihinden itibaren tehdidi bilmekteydi. B\u00fct\u00fcn bunlara ra\u011fmen \u0130stanbul Emniyeti Hrant Dink&#8217;e koruma tahsis etmedi. Daha sonra vali yap\u0131lan Celalettin Cerrah&#8217;\u0131n ba\u015f\u0131nda oldu\u011fu \u0130stanbul Emniyeti&#8217;ne &#8220;yarg\u0131lama s\u00fcreciyle ilgili geli\u015fmeleri yakinen izlenmedi\u011fi, tehdidin ciddiyetinin yeterince alg\u0131lanmad\u0131\u011f\u0131&#8221; su\u00e7lamalar\u0131 y\u00f6neltildi. \u0130stanbul Emniyeti ise \u0130stihbarat Dairesi&#8217;nce uyar\u0131lmad\u0131\u011f\u0131n\u0131 iddia etti.<\/p>\n<p class=\"fi-incontent-mark\"><strong>13- Cinayet nas\u0131l i\u015flendi?<\/strong><\/p>\n<p>Eldeki verilere g\u00f6re, Yasin Hayal ve Erhan Tuncel&#8217;in ba\u015f\u0131nda olduklar\u0131 grup taraf\u0131ndan organize edilen cinayetin karar\u0131, &#8220;bir \u00fcst ak\u0131l&#8221; taraf\u0131ndan verilmi\u015fti. Bu \u00fcst akl\u0131n kim oldu\u011fu konusunda 2007&#8217;den bug\u00fcne kadar uzanan s\u00fcre\u00e7te farkl\u0131 varsay\u0131mlarda bulunuldu. 2007&#8217;de bu \u00fcst akl\u0131n &#8220;Ergenekon \u00f6rg\u00fct\u00fc&#8221; oldu\u011funu savunan cemaat savc\u0131lar\u0131na kar\u015f\u0131l\u0131k, 15 Temmuz&#8217;dan sonra cinayetin cemaat taraf\u0131ndan organize edildi\u011fini ve Ergenekon soru\u015fturmas\u0131na gerek\u00e7e yap\u0131lmak \u00fczere ger\u00e7ekle\u015ftirildi\u011fini s\u00f6yleyen iddianameler haz\u0131rland\u0131. Somut olayda ise, Yasin Hayal&#8217;in verdi\u011fi silahla cinayetten 3 g\u00fcn \u00f6nce \u0130stanbul&#8217;a gelen Og\u00fcn Samast, 19 Ocak 2007&#8217;de arkas\u0131ndan yakla\u015farak Dink&#8217;i \u00f6ld\u00fcrd\u00fc. Samast&#8217;\u0131n cinayeti i\u015fledi\u011fi s\u0131rada olay yeri \u00e7evresinde, tetik\u00e7inin Trabzon&#8217;dan \u0130stanbul&#8217;a gelmek i\u00e7in gitti\u011fi otogardaki polislerin bulundu\u011fu anla\u015f\u0131ld\u0131.<\/p>\n<p><img loading=\"lazy\" decoding=\"async\" src=\"https:\/\/media-cdn.t24.com.tr\/media\/library\/2021\/01\/1610978426912-1579274364477-ogun.jpg\" alt=\"\" width=\"550\" height=\"335\" \/><em><strong>Og\u00fcn Samast<\/strong><\/em><\/p>\n<p><strong>14- Og\u00fcn Samast nas\u0131l yakaland\u0131?<\/strong><\/p>\n<p>Cinayetten k\u0131sa s\u00fcre sonra Samast&#8217;\u0131n g\u00f6r\u00fcnt\u00fcleri bas\u0131na servis edildi. Babas\u0131n\u0131n ihbar\u0131yla, \u0130stanbul&#8217;dan Trabzon&#8217;a d\u00f6nerken otob\u00fcste yakalanan Samast, Samsun Emniyeti&#8217;ne g\u00f6t\u00fcr\u00fcld\u00fc. Burada bayrak \u00f6n\u00fcnde &#8220;kahramanl\u0131k pozu&#8221; verdirilen Samast&#8217;\u0131 takdir eden polislerin kamera g\u00f6r\u00fcnt\u00fcleri ortaya \u00e7\u0131kt\u0131. Yakaland\u0131ktan sonra Og\u00fcn Samast&#8217;\u0131n Yasin Hayal ve Erhan Tuncel ba\u011flant\u0131lar\u0131 hemen a\u00e7\u0131\u011fa \u00e7\u0131kt\u0131. Cinayetin i\u015flenece\u011fini herkesin bildi\u011fi, ancak engel olmad\u0131\u011f\u0131 anla\u015f\u0131ld\u0131. Trabzon&#8217;daki yap\u0131lanmaya y\u00f6nelik operasyon ba\u015flat\u0131ld\u0131 ve ad\u0131 ge\u00e7en t\u00fcm isimler g\u00f6zalt\u0131na al\u0131nd\u0131.<\/p>\n<h3 class=\"fi-incontent-mark\">Sorumlu kamu g\u00f6revlilerin davaya d\u00e2hil edilmesi 9 y\u0131ll\u0131k s\u00fcrece yay\u0131ld\u0131<\/h3>\n<p><strong>15- Kamu g\u00f6revlileri hakk\u0131nda i\u015flem yap\u0131ld\u0131 m\u0131?<\/strong><\/p>\n<p>\u0130hmaller zinciri a\u00e7\u0131\u011fa \u00e7\u0131kmas\u0131na ra\u011fmen o d\u00f6nemde kamu g\u00f6revlileri hakk\u0131nda hi\u00e7bir i\u015flem yap\u0131lmad\u0131. Kamu g\u00f6revlilerinin davaya d\u00e2hil edilmesi 9 y\u0131ll\u0131k bir s\u00fcrece yay\u0131ld\u0131.<\/p>\n<p class=\"fi-incontent-mark\"><strong>16- \u0130lk iddianamede kimler su\u00e7land\u0131?<\/strong><\/p>\n<p>Og\u00fcn Samast, cinayetten bir g\u00fcn sonra, 20 Ocak 2007&#8217;de Samsun Otogar\u0131&#8217;nda yakaland\u0131. Cinayete ili\u015fkin ilk iddianame, Ergenekon soru\u015fturmas\u0131 savc\u0131lar\u0131ndan da olan, G\u00fclen cemaati mensubu olan ve h\u00e2len firarda bulunan savc\u0131 Fikret Se\u00e7en ile savc\u0131 Selim Berna Altay taraf\u0131ndan haz\u0131rland\u0131. \u0130ddianamede, Samast, cinayetin azmettiricisi Yasin Hayal ve \u2018b\u00fcy\u00fck abi&#8217; lakapl\u0131 polis muhbiri Erhan Tuncel&#8217;in de aralar\u0131nda bulundu\u011fu 12&#8217;si tutuklu 18 san\u0131k yer ald\u0131. \u0130lk yarg\u0131lama \u00f6zel yetkili \u0130stanbul 14. A\u011f\u0131r Ceza Mahkemesi&#8217;nce 2 Temmuz 2007&#8217;de ba\u015flad\u0131. \u0130lerleyen tarihlerde Yasin Hayal&#8217;in eni\u015ftesi Co\u015fkun \u0130\u011fci ile Osman Hayal hakk\u0131nda d\u00fczenenlenen ek iddianamenin ana davayla birle\u015ftirilmesiyle san\u0131k say\u0131s\u0131 20 oldu.<\/p>\n<h3>San\u0131klar\u0131 duru\u015fmaya getiren arac\u0131n \u00fczerinde &#8216;Ya sev, ya terk et&#8217; yaz\u0131s\u0131 vard\u0131<\/h3>\n<p><img loading=\"lazy\" decoding=\"async\" src=\"https:\/\/media-cdn.t24.com.tr\/media\/library\/2021\/01\/1610978692197-1579274477507-ekran-resmi-2020-01-17-18.png\" alt=\"\" width=\"500\" height=\"328\" \/><\/p>\n<p><strong>17- \u0130lk yarg\u0131lamada neler ya\u015fand\u0131?<\/strong><\/p>\n<p>San\u0131klar ilk duru\u015fmaya getirilirken, cezaevi arac\u0131n\u0131n \u00fczerinde, a\u015f\u0131r\u0131 milliyet\u00e7ilerin slogan\u0131n\u0131n yaz\u0131l\u0131 oldu\u011fu &#8220;Ya sev ya terk et&#8221; \u00e7\u0131kartmas\u0131 vard\u0131. \u0130lk duru\u015fma 2 Temmuz 2007 tarihinde Be\u015fikta\u015f&#8217;taki \u00d6zel Yetkili 14. A\u011f\u0131r Ceza Mahkemesi&#8217;nde g\u00f6r\u00fcld\u00fc. Bu dava, Ocak 2012&#8217;de h\u00fckme ba\u011fland\u0131. Yasin Hayal, &#8220;tasarlayarak \u00f6ld\u00fcrmeye azmettirmek&#8221; su\u00e7undan a\u011f\u0131rla\u015ft\u0131r\u0131lm\u0131\u015f m\u00fcebbet hapis cezas\u0131na \u00e7arpt\u0131r\u0131l\u0131rken, Erhan Tuncel de 10 y\u0131l 6 ay hapis cezas\u0131 ald\u0131 ve tahliyesine karar verildi. Duru\u015fmalarda Yasin Hayal, eserleri Nobel Edebiyat \u00d6d\u00fcl\u00fc kazanan Orhan Pamuk ba\u015fta olmak \u00fczere bir\u00e7ok ismi tehdit etti. Samast&#8217;\u0131n davas\u0131 ise, o tarihte 17 ya\u015f\u0131nda oldu\u011fundan \u00e7ocuk mahkemesine al\u0131nd\u0131. Samast, Temmuz 2011&#8217;de \u00e7\u0131kan kararda, &#8220;tasarlayarak adam \u00f6ld\u00fcrmek&#8221; ve &#8220;ruhsats\u0131z silah bulundurmak&#8221; su\u00e7lar\u0131ndan 22 y\u0131l 10 ay hapis cezas\u0131 ald\u0131.<\/p>\n<h3 class=\"fi-incontent-mark\">Cinayet organizasyonu &#8216;ter\u00f6r \u00f6rg\u00fct\u00fc&#8217; say\u0131lmad\u0131<\/h3>\n<p><strong>18- Bu davada &#8220;ter\u00f6r \u00f6rg\u00fct\u00fc&#8221; saptamas\u0131 yap\u0131ld\u0131 m\u0131?<\/strong><\/p>\n<p>Hay\u0131r. San\u0131klar\u0131n tamam\u0131 &#8220;silahl\u0131 ter\u00f6r \u00f6rg\u00fct\u00fc \u00fcyeli\u011fi&#8221; su\u00e7undan beraat etti. Dink ailesinin avukat\u0131 Fethiye \u00c7etin, karar duru\u015fmas\u0131n\u0131n ard\u0131ndan gazetecilere yapt\u0131\u011f\u0131 a\u00e7\u0131klamada, &#8220;Cinayetin \u00fczerinden be\u015f y\u0131l ge\u00e7ti. Hrant Dink ne derdi bu karar i\u00e7in: &#8216;Bizimle dalga ge\u00e7iyorlar.&#8217; Dalgan\u0131n en b\u00fcy\u00fc\u011f\u00fcn\u00fc me\u011fer en sona saklam\u0131\u015flar. Me\u011fer Hrant Dink b\u00fct\u00fcn planl\u0131 eylemlerden de\u011fil, 3-5 kendini bilmez taraf\u0131ndan \u00f6ld\u00fcr\u00fclm\u00fc\u015f. Burada \u00f6rg\u00fct yokmu\u015f. Bu kadar\u0131n\u0131 beklemiyorduk&#8221; dedi. Savc\u0131l\u0131k, bu nedenle davay\u0131 temyiz ederken, &#8220;Ergenekon ter\u00f6r \u00f6rg\u00fct\u00fc&#8221;n\u00fcn varl\u0131\u011f\u0131n\u0131 \u00f6ne s\u00fcrd\u00fc ve san\u0131klar\u0131n bu \u00f6rg\u00fct\u00fcn g\u00fcd\u00fcm\u00fcnde oldu\u011funu savundu.<\/p>\n<p class=\"fi-incontent-mark\">17 Ocak 2012&#8217;de verilen karardan sonra Mahkeme Ba\u015fkan\u0131 R\u00fcstem Ery\u0131lmaz, &#8220;Verdi\u011fimiz karar, \u2018\u00f6rg\u00fct yoktur&#8217; anlam\u0131na gelmez. Verdi\u011fimiz karardan rahats\u0131z de\u011filiz. Sadece tatmin edici olmad\u0131\u011f\u0131n\u0131 belirttim. Elbette bu cinayeti basite indirgeyemeyiz&#8221; dedi.<\/p>\n<p class=\"fi-incontent-mark\"><strong>19- Karar kesinle\u015fti mi?<\/strong><\/p>\n<p>Yarg\u0131tay Cumhuriyet Ba\u015fsavc\u0131l\u0131\u011f\u0131, karar\u0131n, &#8220;\u00f6rg\u00fct&#8221; su\u00e7undan ceza verilmemesi nedeniyle bozulmas\u0131n\u0131 istedi. Yarg\u0131tay 9. Ceza Dairesi &#8220;\u00f6rg\u00fct&#8221; y\u00f6n\u00fcnden verilen beraat kararlar\u0131n\u0131 bozdu. San\u0131klar\u0131n &#8220;silahl\u0131 ter\u00f6r \u00f6rg\u00fct\u00fc&#8221; de\u011fil, &#8220;su\u00e7 i\u015flemek amac\u0131yla olu\u015fturulan \u00f6rg\u00fct \u00fcyesi&#8221; olduklar\u0131 gerek\u00e7esiyle yarg\u0131lanmalar\u0131na karar verdi.<\/p>\n<p class=\"fi-incontent-mark\"><strong>20- \u0130kinci yarg\u0131lama ne zaman ba\u015flad\u0131?<\/strong><\/p>\n<p>\u0130lk yarg\u0131lamadan sonra Erhan Tuncel, kararla birlikte tahliye edilmi\u015fti. Yarg\u0131tay&#8217;\u0131n bozma karar\u0131n\u0131n ard\u0131ndan dava 17 Eyl\u00fcl 2013&#8217;te yeniden g\u00f6r\u00fclmeye ba\u015fland\u0131. Tahliye edilen Erhan Tuncel de yeniden tutukland\u0131. Tuncel, bir s\u00fcre sonra yeniden tahliye edildi ve dava bitene kadar bir daha cezaevine konulmad\u0131. &#8220;I\u015f\u0131k evleri&#8221;nde okutuldu\u011fu \u00f6ne s\u00fcr\u00fclen Tuncel&#8217;in, Alperen Ocaklar\u0131&#8217;nda faaliyet g\u00f6sterdi\u011fi biliniyordu. 17\/25 Aral\u0131k s\u00fcrecinden sonra \u00f6zel yetkili mahkemelerin kapat\u0131lmas\u0131 nedeniyle Dink cinayetine ili\u015fkin dava dosyas\u0131 \u0130stanbul 5. A\u011f\u0131r Ceza Mahkemesi&#8217;ne g\u00f6nderildi. Heyet, Yarg\u0131tay&#8217;\u0131n bozma karar\u0131na uyulmas\u0131na h\u00fckmetti, Samast&#8217;\u0131n \u00c7ocuk Mahkemesi&#8217;nde yarg\u0131land\u0131\u011f\u0131 dosyas\u0131 da ana davayla birle\u015ftirildi.<\/p>\n<h3 class=\"fi-incontent-mark\"><strong>&#8220;Cerrah, mahalle arkada\u015f\u0131 oldu\u011fumuzu s\u00f6ylemi\u015fti&#8221;<\/strong><\/h3>\n<p><strong>21- Bu dava sonu\u00e7land\u0131 m\u0131?<\/strong><\/p>\n<p>Evet. \u0130stanbul 14. A\u011f\u0131r Ceza Mahkemesi davay\u0131 karara ba\u011flad\u0131. Son savunmas\u0131n\u0131 yapan Og\u00fcn Samast&#8217;\u0131n s\u00f6zleri \u00f6zellikle dikkat \u00e7ekiciydi. Samast, &#8220;\u00c7\u0131kar ama\u00e7l\u0131 su\u00e7 \u00f6rg\u00fct\u00fc iddias\u0131n\u0131 kabul etmiyorum. \u0130stanbul Emniyet M\u00fcd\u00fcr\u00fc Celalettin Cerrah da \u00f6rg\u00fct olmad\u0131\u011f\u0131n\u0131, mahalle arkada\u015f\u0131 oldu\u011fumuzu s\u00f6ylemi\u015fti. \u00d6rg\u00fct \u00fcyesi oldu\u011fumuzu kabul etmiyorum. Yasin Hayal&#8217;in \u00f6nceki su\u00e7unun ise bizimle ilgisi yoktur. Hi\u00e7bir \u00f6rg\u00fct\u00fcn amac\u0131yla su\u00e7 i\u015flemedik, i\u015flemem de. E\u011fer mahkeme \u00f6rg\u00fct \u00fcyeli\u011finden ceza verecekse hakk\u0131mda etkin pi\u015fmanl\u0131k h\u00fck\u00fcmlerinin uygulanmas\u0131 talep ediyorum. \u00c7\u00fcnk\u00fc olay\u0131n ba\u015f\u0131ndan beri her \u015feyi anlatt\u0131m. Olaya kat\u0131lan kim varsa anlatt\u0131m. T\u00fcm bildiklerimi samimi anlatt\u0131\u011f\u0131m i\u00e7in \u015fahs\u0131ma etkin pi\u015fmanl\u0131k h\u00fck\u00fcmlerinden faydalanmay\u0131 istiyorum. \u00d6rg\u00fct \u00fcyeli\u011finden beraatimi talep ediyorum&#8221; dedi.<\/p>\n<p class=\"fi-incontent-mark\">Erhan Tuncel de, &#8220;Hrant Dink suikastini bir y\u0131l \u00f6nce yard\u0131mc\u0131 istihbarat eleman\u0131 olarak emniyete ben bildirdim. Benim verdi\u011fim isimler taraf\u0131ndan suikast i\u015flendi&#8221; diye konu\u015ftu. Son s\u00f6z\u00fc sorulunca, &#8220;Vatan sa\u011f olsun&#8221; dedi.<\/p>\n<p class=\"fi-incontent-mark\"><strong>22- Kim hangi cezay\u0131 ald\u0131?<\/strong><\/p>\n<p>Mahkeme heyeti Yasin Hayal&#8217;i &#8220;Silahl\u0131 su\u00e7 \u00f6rg\u00fct\u00fc kurmak ve y\u00f6netmek&#8221; su\u00e7undan 7,5 y\u0131l, Og\u00fcn Samast&#8217;\u0131 &#8220;Silahl\u0131 \u00f6rg\u00fct \u00fcyesi olmak&#8221; su\u00e7undan 2,5 y\u0131l hapis cezas\u0131na \u00e7arpt\u0131rd\u0131. Ersin Yolcu, &#8220;Silahl\u0131 \u00f6rg\u00fct\u00fc \u00fcyesi olmak&#8221; su\u00e7undan 1 y\u0131l 10 ay 15 g\u00fcn hapis, Ahmet \u0130skender, &#8220;Silahl\u0131 \u00f6rg\u00fct\u00fc \u00fcyesi olmak&#8221; su\u00e7undan 1 y\u0131l 10 ay 15 g\u00fcn hapis cezas\u0131 ald\u0131. Zeynel Abidin Yavuz, &#8220;Hrant Dink&#8217;in Yasin Hayal&#8217;in azmettirmesi sonucu Og\u00fcn Samast taraf\u0131ndan \u00f6ld\u00fcr\u00fclmesine yard\u0131m&#8221; su\u00e7undan 12,5 y\u0131l &#8220;Silahl\u0131 \u00f6rg\u00fct \u00fcyesi olmak&#8221; su\u00e7undan 1,5 y\u0131l olmak \u00fczere toplam 14 y\u0131l 22 g\u00fcn hapis cezas\u0131na mahkum edildi. Yavuz&#8217;un Dink&#8217;in \u00f6ld\u00fcr\u00fclmesine yard\u0131m su\u00e7undan tutuklanmas\u0131na karar verildi. Tuncay Uzundal, &#8220;Hrant Dink&#8217;in Yasin Hayal&#8217;in azmettirmesi sonucu Og\u00fcn Samast taraf\u0131ndan \u00f6ld\u00fcr\u00fclmesine yard\u0131m&#8221; su\u00e7undan 15 y\u0131l &#8220;Silahl\u0131 \u00f6rg\u00fct \u00fcyesi olmak&#8221; su\u00e7undan ise 1 y\u0131l 10 ay 15 g\u00fcn olmak \u00fczere toplam 16 y\u0131l 10 ay 15 g\u00fcn hapis cezas\u0131na \u00e7arpt\u0131r\u0131ld\u0131. Uzundal hakk\u0131nda Dink&#8217;in \u00f6ld\u00fcr\u00fclmesine yard\u0131m su\u00e7undan yakalama karar\u0131 \u00e7\u0131kart\u0131ld\u0131. Salih Hac\u0131saliho\u011flu ile Osman Hayal hakk\u0131nda ise su\u00e7lar\u0131 sabit olmad\u0131\u011f\u0131ndan beraat karar\u0131 verildi. &#8220;B\u00fcy\u00fck abi&#8221; Erhan Tuncel, Trabzon&#8217;daki McDonld&#8217;s&#8217;a bombal\u0131 sald\u0131r\u0131 olay\u0131nda tasarlayarak bomba kullanmak suretiyle 6 ki\u015fiye y\u00f6nelik &#8220;Kasten \u00f6ld\u00fcrmeye te\u015febb\u00fcs&#8221; su\u00e7undan 78 y\u0131l, Hrant Dink&#8217;in Yasin Hayal&#8217;in azmettirmesi sonucu Og\u00fcn Samast taraf\u0131ndan \u00f6ld\u00fcr\u00fclmesine yard\u0131mdan 18 y\u0131l, &#8220;Mala zarar verme&#8221; ve &#8220;Silahl\u0131 \u00f6rg\u00fct \u00fcyesi olmak su\u00e7lar\u0131ndan 3,5 y\u0131l olmak \u00fczere toplam 99,5 y\u0131l hapis cezas\u0131na \u00e7arpt\u0131r\u0131ld\u0131. Tuncel, yeniden tutukland\u0131.<\/p>\n<p>Tetik\u00e7i Og\u00fcn Samast, &#8220;Tasarlayarak \u00f6ld\u00fcrmek&#8221; su\u00e7undan daha \u00f6nce 22 y\u0131l hapis cezas\u0131na, Yasin Hayal ise azmettirme su\u00e7undan m\u00fcebbet hapis cezas\u0131na \u00e7arpt\u0131r\u0131lm\u0131\u015ft\u0131. Bu cezalar Yarg\u0131tayca onanm\u0131\u015ft\u0131.<\/p>\n<p><strong>23- Dink ailesi karar\u0131 temyiz etti mi?<\/strong><\/p>\n<p>Evet. Dink Ailesi&#8217;nin avukatlar\u0131 dosyay\u0131 Yarg\u0131tay&#8217;a ta\u015f\u0131d\u0131. Avukatlardan Hakan Bak\u0131rc\u0131o\u011flu, dilek\u00e7ede, &#8220;silahl\u0131 su\u00e7 \u00f6rg\u00fct\u00fc \u00fcyeli\u011finden&#8221; de\u011fil &#8220;silahl\u0131 ter\u00f6r \u00f6rg\u00fct\u00fc \u00fcyeli\u011finden&#8221; h\u00fck\u00fcm verilmesi gerekti\u011fini bildirdi. San\u0131klar\u0131n &#8220;\u00d6rg\u00fct kurarak Anayasal d\u00fczeni ortadan kald\u0131rmaya \u00e7al\u0131\u015ft\u0131klar\u0131&#8221; belirtildi.<\/p>\n<p><img loading=\"lazy\" decoding=\"async\" src=\"https:\/\/media-cdn.t24.com.tr\/media\/library\/2021\/01\/1610979062510-c-97-b-0939-9-fbf-428-f-8-c-14-ed-4-f-44-b-3-ea-36.jpg\" alt=\"\" width=\"600\" height=\"400\" \/><strong>Hrant Dink&#8217;in e\u015fi Rakel Dink<\/strong><\/p>\n<h3>Yetkililer hakk\u0131nda uzun s\u00fcre soru\u015fturma izni verilmedi<\/h3>\n<p><strong>24- Devletin di\u011fer birimleri bu s\u00fcre\u00e7te ara\u015ft\u0131rma yapt\u0131 m\u0131?<\/strong><\/p>\n<p>2007-2013 y\u0131llar\u0131 aras\u0131nda TBMM Hrant Dink Cinayetini Ara\u015ft\u0131rma Komisyonu, Ba\u015fbakanl\u0131k Tefti\u015f Kurulu, Devlet Denetleme Kurulu cinayeti ara\u015ft\u0131rd\u0131 ve raporlar yazd\u0131. Bu raporlar\u0131n tamam\u0131nda kamu g\u00f6revlilerin ihmallerine dikkat \u00e7ekiliyor, cinayetin g\u00f6z g\u00f6re g\u00f6re i\u015flendi\u011fi vurgulan\u0131yordu. Bu geli\u015fmeler \u00fczerine, \u0130\u00e7i\u015fleri Bakanl\u0131\u011f\u0131 Dink ailesinin \u015fik\u00e2yeti ve bas\u0131nda \u00e7\u0131kan haberler do\u011frultusunda 2013&#8217;te resen soru\u015fturma ba\u015flatt\u0131. Ancak \u00fcst d\u00fczey emniyet ve jandarma yetkilileri hakk\u0131nda uzun s\u00fcre soru\u015fturma izni verilmedi. Kamu g\u00f6revlileri tan\u0131k olarak bile dinlenmedi.<\/p>\n<p class=\"fi-incontent-mark\"><strong>25- Avrupa \u0130nsan Haklar\u0131 Mahkemesi (A\u0130HM), dosyayla ilgili karar verdi mi?<\/strong><\/p>\n<p>Kamu g\u00f6revlileri hakk\u0131nda 2010&#8217;a kadar Ba\u015fbakanl\u0131k Tefti\u015f Kurulu ve TBMM taraf\u0131ndan haz\u0131rlanan raporlardaki ihmal iddialar\u0131na ra\u011fmen soru\u015fturma a\u00e7\u0131lmamas\u0131 \u00fczerine Dink ailesi A\u0130HM&#8217;ye ba\u015fvurdu. A\u0130HM, yarg\u0131lama s\u00fcreci bitmemesine ra\u011fmen, durumu istisna kabul ederek dosyay\u0131 ele ald\u0131 ve T\u00fcrkiye&#8217;den savunma istedi. Savunmada, &#8220;Dink&#8217;in halk\u0131 k\u0131\u015fk\u0131rtt\u0131\u011f\u0131 ve koruma istemedi\u011fi&#8221; gibi vahim iddialarda bulunuldu. B\u00fcy\u00fck tepki \u00e7eken bu savunmadan sonra A\u0130HM, T\u00fcrkiye&#8217;yi &#8220;etkili soru\u015fturma y\u00fcr\u00fctmemesi&#8221; nedeniyle mahk\u00fbm etti. \u0130stanbul ve Trabzon emniyet m\u00fcd\u00fcrl\u00fcklerindeki polisler veTrabzon jandarma yetkilileri hakk\u0131nda soru\u015fturma a\u00e7\u0131lmas\u0131 istendi. Aral\u0131k 2010&#8217;da kesinle\u015fen bu karardan sonra 2011&#8217;de avukatlar yeniden kamu g\u00f6revlileri hakk\u0131nda su\u00e7 duyurusunda bulundu.<\/p>\n<p class=\"fi-incontent-mark\"><strong>26- Kamu g\u00f6revlileri hakk\u0131nda soru\u015fturma hemen a\u00e7\u0131ld\u0131 m\u0131?<\/strong><\/p>\n<p>Hay\u0131r. Bu kez de farkl\u0131 savc\u0131l\u0131klardan g\u00f6revsizlik, yetkisizlik, takipsizlik kararlar\u0131 \u00e7\u0131kmaya ba\u015flad\u0131. 11. Cumhurba\u015fkan\u0131 Abdullah G\u00fcl d\u00f6neminde Cumhurba\u015fkanl\u0131\u011f\u0131 Devlet Denetleme Kurulu&#8217;nun 2012&#8217;deki raporunun ard\u0131ndan su\u00e7 duyurular\u0131 yinelendi. Ancak yine etkisiz soru\u015fturmalar y\u00fcr\u00fct\u00fclmeye ba\u015fland\u0131.<\/p>\n<p class=\"fi-incontent-mark\"><strong>27- Kamu g\u00f6revlileri nas\u0131l yarg\u0131lanmaya ba\u015fland\u0131?<\/strong><\/p>\n<p>Nisan 2013&#8217;te yarg\u0131 sistemine y\u00f6nelik yap\u0131lan de\u011fi\u015fiklikler kapsam\u0131nda, A\u0130HM&#8217;nin &#8220;etkin bir soru\u015fturma y\u00fcr\u00fct\u00fclmedi\u011fine&#8221; h\u00fckmetti\u011fi davalarla ilgili konularda soru\u015fturma a\u00e7\u0131lmas\u0131na izin verildi. Tekrar soru\u015fturma a\u00e7\u0131ld\u0131, ancak savc\u0131l\u0131\u011f\u0131n ve savunma makam\u0131n\u0131n kar\u015f\u0131l\u0131kl\u0131 itirazlar\u0131yla s\u00fcre\u00e7te uzamalar g\u00f6r\u00fcld\u00fc. 17\/25 Aral\u0131k s\u00fcrecinin ard\u0131ndan Adalet Bakanl\u0131\u011f\u0131&#8217;n\u0131n 2014 y\u0131l\u0131 ortalar\u0131nda ald\u0131\u011f\u0131 kararla kamu g\u00f6revlileri i\u00e7in yarg\u0131 yolu a\u00e7\u0131ld\u0131.<\/p>\n<p class=\"fi-incontent-mark\"><strong>28- \u0130kinci iddianame ne zaman haz\u0131rland\u0131?<\/strong><\/p>\n<p>Bakanl\u0131\u011f\u0131n bu karar\u0131n\u0131n ard\u0131ndan devam eden yarg\u0131lama d\u0131\u015f\u0131nda, \u0130stanbul \u00d6zel Yetkili Ba\u015fsavc\u0131l\u0131\u011f\u0131&#8217;n\u0131n 2007&#8217;de a\u00e7t\u0131\u011f\u0131 ve a\u00e7\u0131k tuttu\u011fu dosya canland\u0131r\u0131ld\u0131. 8 May\u0131s 2014&#8217;ten itibaren d\u00f6nemin Emniyet Genel M\u00fcd\u00fcrl\u00fc\u011f\u00fc, Trabzon ve \u0130stanbul emniyet yetkilileri hakk\u0131nda soru\u015fturma ba\u015flat\u0131ld\u0131. Dink ailesinin ba\u015fvurusu \u00fczerine hakk\u0131nda soru\u015fturma izni verilmeyen baz\u0131 kamu g\u00f6revlilerinin soru\u015fturulmas\u0131 gerekti\u011fine y\u00f6nelik Anayasa Mahkemesi&#8217;nden \u00e7\u0131kan karar da soru\u015fturmay\u0131 etkin hale getirdi. \u0130stanbul&#8217;daki iki ayr\u0131 soru\u015fturma dosyas\u0131 ile Trabzon&#8217;daki dosyalar birle\u015ftirildi. Trabzon&#8217;da yarg\u0131lanan ve \u00e7ok d\u00fc\u015f\u00fck ceza alan alan jandarma g\u00f6revlilerinin dosyalar\u0131 da getirtildi. Eski Trabzon Emniyet M\u00fcd\u00fcr\u00fc ve Emniyet Genel M\u00fcd\u00fcrl\u00fc\u011f\u00fc \u0130stihbarat Dairesi Ba\u015fkan\u0131 Ramazan Aky\u00fcrek, Ali Fuat Y\u0131lmazer, Ercan Demir, Muhittin Zenit gibi isimler soru\u015fturmaya d\u00e2hil edildi ve tutukland\u0131. 4 Aral\u0131k 2015&#8217;te ikinci iddianame haz\u0131rland\u0131. Savc\u0131 G\u00f6kalp K\u00f6k\u00e7\u00fc taraf\u0131ndan haz\u0131rlanan iddianamede, eski \u0130stanbul Emniyet M\u00fcd\u00fcr\u00fc Celalettin Cerrah ile polis m\u00fcd\u00fcrleri \u0130lhan G\u00fcler, eski Trabzon Emniyet M\u00fcd\u00fcr\u00fc Re\u015fat Altay ile yetkililer Faruk Sar\u0131, Engin Din\u00e7, Ercan Demir, eski \u0130stihbarat Daire Ba\u015fkanl\u0131\u011f\u0131 yetkilileri Sabri Uzun, Ramazan Aky\u00fcrek, Ali Fuat Y\u0131lmazer, Taner Demirel gibi isimler hakk\u0131nda dava a\u00e7\u0131ld\u0131. 26 kamu g\u00f6revlisinin dosyas\u0131 ana dava dosyas\u0131 ile birle\u015fti.<\/p>\n<p><img loading=\"lazy\" decoding=\"async\" src=\"https:\/\/media-cdn.t24.com.tr\/media\/library\/2021\/01\/1610978840221-6-fbd-1646-320-c-4911-942-d-ed-04-abc-29636.jpg\" alt=\"\" width=\"500\" height=\"332\" \/><\/p>\n<p><strong>29- Soru\u015fturma b\u00fct\u00fcn\u00fcyle bitti mi?<\/strong><\/p>\n<p>Hay\u0131r. Savc\u0131l\u0131k, \u00f6rg\u00fctsel yap\u0131 i\u00e7inde hareket etti\u011fi d\u00fc\u015f\u00fcn\u00fclen baz\u0131 isimlerle ilgili soru\u015fturma dosyas\u0131n\u0131 ay\u0131rd\u0131. Olay s\u0131ras\u0131nda cinayet mahallinde, terminalde bulundu\u011fu belirtilen isimlerin dosyalar\u0131 ayr\u0131ca soru\u015fturuldu.<\/p>\n<p><strong>30- Bu iddianame yeterli bulundu mu?<\/strong><\/p>\n<p>Hay\u0131r. Dink ailesi ve avukatlar\u0131, Hrant Dink&#8217;in hedef h\u00e2line getirilmesi ve korunmamas\u0131na y\u00f6nelik s\u00fcrecin de bu dosya kapsam\u0131nda soru\u015fturulmas\u0131 gerekti\u011fini d\u00fc\u015f\u00fcn\u00fcyor. \u0130stanbul Ba\u015fsavc\u0131l\u0131\u011f\u0131, 2004&#8217;te Hrant Dink&#8217;in Sabiha G\u00f6k\u00e7en haberi nedeniyle &#8220;uyar\u0131ld\u0131\u011f\u0131&#8221; d\u00f6nemde g\u00f6revde bulunan Ergun G\u00fcng\u00f6r ile valilik yetkililerinin, koruma karar\u0131 almayan \u0130stanbul Emniyeti yetkililerinin, baz\u0131 M\u0130T g\u00f6revlilerinin, &#8220;T\u00fcrkl\u00fc\u011fe hakaret&#8221; yarg\u0131lamas\u0131na ve duru\u015fmalarda hedef haline getirilmesine yol a\u00e7makla su\u00e7lanan emekli general Veli K\u00fc\u00e7\u00fck, avukat Kemal Kerin\u00e7siz, Oktay Y\u0131ld\u0131r\u0131m&#8217;\u0131n da aralar\u0131nda bulundu\u011fu 43 ki\u015finin daha yarg\u0131lanmas\u0131n\u0131 istedi. Bu ki\u015filer hakk\u0131nda takipsizlik kararlar\u0131 verildi. 2016&#8217;da bu kararlara yap\u0131lan itirazlar reddedildi. Bunun \u00fczerine Anayasa Mahkemesi&#8217;ne ikinci kez ba\u015fvuruldu. Bu ba\u015fvuru halen karara ba\u011flanmad\u0131.<\/p>\n<p class=\"fi-incontent-mark\"><strong>31- Anayasa Mahkemesi, 2019&#8217;da bu konuda bir karar verdi mi?<\/strong><\/p>\n<p>Evet. Y\u00fcksek Mahkeme, ba\u015fvurucular\u0131n iddialar\u0131 hakk\u0131nda sa\u011fl\u0131kl\u0131 bir de\u011ferlendirme yapabilmesi i\u00e7in somut olay\u0131n i\u00e7 i\u00e7e ge\u00e7mi\u015f y\u00f6nlerini ilgilendiren ve devam etmekte olan ceza yarg\u0131lamas\u0131n\u0131n neticelenmesi, olay hakk\u0131nda y\u00fcr\u00fct\u00fclen adli s\u00fcrecin bir b\u00fct\u00fcn olarak de\u011ferlendirilmesi gerekti\u011fini belirterek ba\u015fvuruyu reddetti.<\/p>\n<p class=\"fi-incontent-mark\"><strong>32- Anayasa Mahkemesi, bu karar\u0131 hangi gerek\u00e7eyle verdi?<\/strong><\/p>\n<p>Kararda, \u015f\u00f6yle denildi:<\/p>\n<p class=\"fi-incontent-mark\"><em>&#8220;B\u00f6ylece Anayasa Mahkemesi, somut olay\u0131n t\u00fcm y\u00f6nlerine ili\u015fkin olarak olay\u0131 ilk elden inceleyen soru\u015fturma ve yarg\u0131lama makamlar\u0131n\u0131n elde etti\u011fi bulgular\u0131 ve ula\u015ft\u0131\u011f\u0131 sonu\u00e7lar\u0131 bir b\u00fct\u00fcn olarak dikkate alabilecektir. Bu durum, temel hak ihlallerini gidermede Anayasa Mahkemesinin sahip oldu\u011fu ikincil nitelikteki rol\u00fcn de bir gere\u011fini olu\u015fturmaktad\u0131r. Sonu\u00e7 olarak, \u00f6ncelikle Anayasa Mahkemesince yap\u0131lan tespitlerin ki\u015filerin masumiyetine veya su\u00e7lulu\u011funa ili\u015fkin bir yorum yap\u0131ld\u0131\u011f\u0131 \u015feklinde de\u011ferlendirilmemesi gereklili\u011fi ifade edilmelidir. Bu ba\u011flamda, ba\u015fvurucular\u0131n iddialar\u0131n\u0131n ve olayla ilgili soru\u015fturman\u0131n etkili y\u00fcr\u00fct\u00fcl\u00fcp y\u00fcr\u00fct\u00fclmedi\u011finin, \u00f6l\u00fcm olay\u0131n\u0131n sebep ve ko\u015fullar\u0131 yani ger\u00e7ekle\u015fme \u015fartlar\u0131 adli makamlarca netle\u015ftirilmeden Anayasa Mahkemesince bir b\u00fct\u00fcn olarak de\u011ferlendirilmesinin bu a\u015famada m\u00fcmk\u00fcn olmad\u0131\u011f\u0131, bu hususlar\u0131n olay hakk\u0131nda g\u00f6r\u00fclmekte olan yarg\u0131lama s\u00fcrecinde elde edilen veriler bir b\u00fct\u00fcn olarak incelenmek suretiyle de\u011ferlendirilmesi gerekti\u011fi sonucuna ula\u015f\u0131lm\u0131\u015ft\u0131r.&#8221;<\/em><\/p>\n<p class=\"fi-incontent-mark\"><strong>33- Bu karara itiraz m\u00fcmk\u00fcn m\u00fc?<\/strong><\/p>\n<p>Evet; karar hem A\u0130HM&#8217;ye ta\u015f\u0131nabilir, hem de biten davalardan sonra yeniden eksik ve etkisiz soru\u015fturma y\u00fcr\u00fct\u00fcld\u00fc\u011f\u00fcn\u00fc belirtilerek yeni ba\u015fvuruda bulunulabilir.<\/p>\n<h3 class=\"fi-incontent-mark\">Cemaat mensuplar\u0131na odaklanan 3. iddianame ile san\u0131k say\u0131s\u0131 85&#8217;e ula\u015ft\u0131<\/h3>\n<p><strong>34- \u00dc\u00e7\u00fcnc\u00fc iddianame ne zaman haz\u0131rland\u0131?<\/strong><\/p>\n<p>\u0130stanbul Ba\u015fsavc\u0131l\u0131\u011f\u0131, dosyalar\u0131n\u0131 ay\u0131rd\u0131\u011f\u0131 kamu g\u00f6revlileri hakk\u0131nda 2016 y\u0131l\u0131 Temmuz ay\u0131ndan itibaren operasyonlar yapt\u0131 ve bir\u00e7ok jandarma g\u00f6revlisi ile cemaate yak\u0131n oldu\u011fu belirtilen baz\u0131 gazeteciler ve yay\u0131nc\u0131lar hakk\u0131nda tutuklama karar\u0131 verildi. 10 May\u0131s 2017&#8217;de cemaatle Dink cinayeti aras\u0131nda en net ba\u011flant\u0131y\u0131 kuran iddianame haz\u0131rland\u0131. \u0130ddianamede, Fethullah G\u00fclen, eski savc\u0131 Zekeriya \u00d6z ve meslekten ihra\u00e7 edilen Tu\u011fgeneral Hamza Celepo\u011flu&#8217;nun da aralar\u0131nda bulundu\u011fu 50 \u015f\u00fcphelinin cinayetin planlanmas\u0131 ve icras\u0131 noktas\u0131nda m\u00fc\u015fterek hareket ettikleri iddia edildi. Cinayette aktif rol alan bir k\u0131s\u0131m \u015f\u00fcpheli muvazzaf askerin, darbe giri\u015fimine de kat\u0131ld\u0131klar\u0131 tespit edildi. Dosya ana davayla birle\u015ftirildi. B\u00f6ylece, Trabzon&#8217;da jandarmalar hakk\u0131nda a\u00e7\u0131lan davalardan, haz\u0131rlanan ilk iddianameye kadar t\u00fcm davalar birle\u015ftirilmi\u015f oldu. Dosyada san\u0131k say\u0131s\u0131 85&#8217;e ula\u015ft\u0131. 4&#8217;\u00fc tutuklu, 10&#8217;u firari 85 san\u0131kl\u0131 davan\u0131n son duru\u015fmalar\u0131 Aral\u0131k 2018&#8217;de g\u00f6r\u00fcld\u00fc.<\/p>\n<p class=\"fi-incontent-mark\"><strong>35- Bu ana davan\u0131n san\u0131klar\u0131 aras\u0131nda kimler var?<\/strong><\/p>\n<p>Yarg\u0131lanan isimler aras\u0131nda<strong>\u00a0Og\u00fcn Samast, Erhan Tuncel<\/strong>\u00a0ve\u00a0<strong>Yasin Hayal<\/strong>\u00a0ile birlikte<strong>\u00a0Fethullah G\u00fclen,<\/strong>\u00a0<strong>Zekeriya \u00d6z,<\/strong>\u00a0eski FOX TV Haber M\u00fcd\u00fcr\u00fc\u00a0<strong>Ercan G\u00fcn<\/strong>, darbe giri\u015fiminin ard\u0131ndan kapat\u0131lan G\u00fclen cemaati yay\u0131n\u0131 Zaman Gazetesi Genel Yay\u0131n Y\u00f6netmeni\u00a0<strong>Ekrem Dumanl\u0131,<\/strong>\u00a0d\u00f6nemin Trabzon Jandarma Komutan\u0131 albay\u00a0<strong>Ali \u00d6z<\/strong>\u00a0ve zanl\u0131 Samsun&#8217;da yakaland\u0131\u011f\u0131nda birlikte foto\u011fraf \u00e7ektiren polis memurlar\u0131 da yer al\u0131yor. D\u00f6nemin \u0130stanbul Emniyet M\u00fcd\u00fcr\u00fc\u00a0<strong>Celalettin Cerrah,<\/strong>\u00a0d\u00f6nemin Emniyet \u0130stihbarat Daire ba\u015fkanlar\u0131\u00a0<strong>Engin Din\u00e7<\/strong>\u00a0ve\u00a0<strong>Sabri Uzun<\/strong>, d\u00f6nemin Trabzon Emniyet M\u00fcd\u00fcr\u00fc\u00a0<strong>Re\u015fat Altay,<\/strong>\u00a0d\u00f6nemin Trabzon Emniyet M\u00fcd\u00fcrl\u00fc\u011f\u00fc \u0130stihbarattan Sorumlu M\u00fcd\u00fcr Yard\u0131mc\u0131s\u0131<strong>\u00a0Hasan Durmu\u015fo\u011flu<\/strong>, s\u00fcre\u00e7te Emniyet Genel M\u00fcd\u00fcrl\u00fc\u011f\u00fc \u0130stihbarat Daire Ba\u015fkan\u0131 olan\u00a0<strong>Ramazan Aky\u00fcrek<\/strong>, d\u00f6nemin \u0130stihbarat Daire Ba\u015fkanl\u0131\u011f\u0131 Personel \u015eube M\u00fcd\u00fcr\u00fc<strong>\u00a0Co\u015fgun \u00c7akar,<\/strong>\u00a0\u0130stihbarat Daire Ba\u015fkanl\u0131\u011f\u0131 C \u015eube M\u00fcd\u00fcr\u00fc\u00a0<strong>Ali Fuat Y\u0131lmazer<\/strong>\u00a0san\u0131klar aras\u0131nda. Tutuklu yarg\u0131lanan san\u0131k say\u0131s\u0131 ise sadece d\u00f6rt. O isimler farkl\u0131 su\u00e7lardan da tutuklu bulunan\u00a0<strong>Ali Fuat Y\u0131lmazer, Ramazan Aky\u00fcrek<\/strong>\u00a0ile eski Jandarma istihbarat g\u00f6revlisi<strong>\u00a0Muharrem Demirkale<\/strong>\u00a0ve ihra\u00e7 edilen eski Tu\u011fgeneral\u00a0<strong>Hamza Celepo\u011flu.<\/strong>\u00a0Bu isimlerden \u00f6zellikle Y\u0131lmazer&#8217;in ifadesi dikkat \u00e7ekiciydi. Y\u0131lmazer, duru\u015fmalarda, a\u00e7\u0131k bi\u00e7imde \u0130stanbul ve Trabzon emniyetini su\u00e7larken, \u015funlar\u0131 s\u00f6ylemi\u015fti:<\/p>\n<p><em>&#8220;\u0130stanbul&#8217;la ilgili s\u00f6ylediklerimden hi\u00e7 birisi iftira de\u011fildir. Do\u011fruyu s\u00f6yledi\u011fim, yasalara uygun bir tav\u0131r i\u00e7inde oldu\u011fum i\u00e7in, ama s\u0131rf birilerinin derin \u00e7ete angajman\u0131 faaliyetlerine o d\u00f6nemde \u00e7omak soktu\u011fum i\u00e7in ben cezaland\u0131r\u0131l\u0131yorum. Hrant Dink&#8217;in \u00f6l\u00fcm\u00fcndeki sorumlulukla ilgili de\u011fil, o katliam\u0131 tezgahlayan derin \u00e7etelerin derin tezgahlar\u0131na \u00e7omak soktu\u011fum i\u00e7in ben burada cezaland\u0131r\u0131l\u0131yorum. Yard\u0131mc\u0131 \u0130stihbarat Eleman\u0131 bir \u015fekilde polisle g\u00f6r\u00fc\u015fecekse bile emniyet binas\u0131 d\u0131\u015f\u0131nda g\u00f6r\u00fc\u015f\u00fcl\u00fcr. Ad\u0131 \u00fczerinde, b\u00f6yle ajanl\u0131k olmaz. Bir ajan Yasin Hayal&#8217;i al\u0131p oralara buralara, toplant\u0131lara g\u00f6t\u00fcrmez. Bunun ad\u0131 Y\u0130E olmaz. B\u00f6yle bir elemanl\u0131k sistemati\u011fimiz yok bizim. Erhan Tuncel, Yasin Hayal ve Og\u00fcn Samast&#8217;\u0131 cinayete azmettirmi\u015ftir. &#8216;Arkam\u0131z sa\u011flam&#8217; laf\u0131 cinayet i\u00e7in sa\u011flam bir motivasyon olmu\u015ftur. Erhan Tuncel bo\u015funa \u0130stihbarat Daire Ba\u015fkanl\u0131\u011f\u0131 makam\u0131nda a\u011f\u0131rlanmam\u0131\u015ft\u0131r. Og\u00fcn Samast, Hrant Dink&#8217;i \u00f6ld\u00fcrd\u00fc\u011f\u00fcnde ger\u00e7ekten kahraman olaca\u011f\u0131na inand\u0131r\u0131lm\u0131\u015ft\u0131r.&#8221;<\/em><\/p>\n<p><em><img loading=\"lazy\" decoding=\"async\" src=\"https:\/\/media-cdn.t24.com.tr\/media\/library\/2021\/01\/1610978641865-0-b-722-fe-0-6-b-45-46-a-1-a-5-d-7-f-2-e-400670236.jpg\" alt=\"\" width=\"500\" height=\"333\" \/><\/em><\/p>\n<p><strong>36- 2019&#8217;da bu davada ilerleme kaydedildi mi?<\/strong><\/p>\n<p>Mart, Temmuz, Eyl\u00fcl ve Kas\u0131m aylar\u0131nda davayla ilgili \u00fc\u00e7er g\u00fcn s\u00fcren duru\u015fmalar yap\u0131ld\u0131. Duru\u015fmalarda bug\u00fcne kadar dinlenmemi\u015f, ayr\u0131nt\u0131l\u0131 a\u00e7\u0131klama yapmam\u0131\u015f pek \u00e7ok san\u0131k ve tan\u0131k konu\u015ftu. \u015eubat ay\u0131nda bu davan\u0131n \u00fc\u00e7 g\u00fcnl\u00fck yeni duru\u015fmas\u0131 yap\u0131lacak. Bu duru\u015fmada, Hrant Dink&#8217;le, \u0130stanbul Valili\u011fi&#8217;nde g\u00f6r\u00fc\u015fen M\u0130T mensuplar\u0131n\u0131n tan\u0131k olarak dinlenip dinlenmeyecekleri konusunda karar verilecek.<\/p>\n<h3>Genelkurmay istedi, M\u0130T arad\u0131, g\u00f6r\u00fc\u015fme yap\u0131ld\u0131<\/h3>\n<p>37- Duru\u015fmalarda bu konu g\u00fcndeme geldi mi, kim ne s\u00f6yledi?<\/p>\n<p class=\"fi-incontent-mark\">D\u00f6nemin \u0130stanbul Vali Yard\u0131mc\u0131s\u0131 Erg\u00fcn G\u00fcng\u00f6r, duru\u015fmada dinlendi. Dink&#8217;i \u0130stanbul Valili\u011fi&#8217;ne davet eden G\u00fcng\u00f6r, bu g\u00f6r\u00fc\u015fmenin M\u0130T&#8217;in talebiyle yap\u0131ld\u0131\u011f\u0131n\u0131, M\u0130T&#8217;ten de Genelkurmay Ba\u015fkanl\u0131\u011f\u0131&#8217;n\u0131n talepte bulundu\u011funu anlatt\u0131. G\u00fcng\u00f6r, \u015funlar\u0131 kaydetti:<\/p>\n<p class=\"fi-incontent-mark\"><em>&#8220;Hrant Dink&#8217;le yapt\u0131\u011f\u0131m\u0131z g\u00f6r\u00fc\u015fme M\u0130T B\u00f6lge Ba\u015fkanl\u0131\u011f\u0131n\u0131n talebiyle yap\u0131ld\u0131 ve az\u0131nl\u0131klardan sorumlu oldu\u011fum i\u00e7in benim odamda yap\u0131ld\u0131. G\u00f6r\u00fc\u015fmeden \u00f6nce d\u00f6nemin Ermeni Patri\u011fi Mutafyan&#8217;\u0131n Ermenilere ait kurumlara d\u00f6n\u00fck tehditler oldu\u011fu ve gere\u011finin yap\u0131lmas\u0131 i\u00e7in ba\u015fvuruda bulunmu\u015ftu. Emniyet gerekli \u00e7al\u0131\u015fmalar\u0131 yapt\u0131. \u0130nternetten, bomba yap\u0131m teknikleri anlatan ve ard\u0131ndan Ermeni kurumlar\u0131n\u0131n adreslerini yay\u0131nlayan bir ki\u015fi yakaland\u0131 ve tutukland\u0131. Daha sonra Hrant Dink, Sabiha G\u00f6k\u00e7en haberini yay\u0131nlad\u0131. Bas\u0131nda geni\u015f yer ald\u0131, infial uyand\u0131rd\u0131. M\u0130T B\u00f6lge Ba\u015fkan Yard\u0131mc\u0131s\u0131 \u00d6zer Y\u0131lmaz ve M\u0130T g\u00f6revlisi Handan Sel\u00e7uk, yan\u0131ma gelerek Hrant Dink&#8217;le g\u00f6r\u00fc\u015fme yap\u0131lmas\u0131n\u0131 arzu ettiklerini s\u00f6yledi. G\u00fcvenlik ve az\u0131nl\u0131klardan sorumlu oldu\u011fum i\u00e7in benim odamda yap\u0131lmas\u0131n\u0131 istediklerini s\u00f6ylediler. Vali G\u00fcler\u2018i arad\u0131m. Kendisi olur verdi ve bunun \u00fczerine g\u00f6r\u00fc\u015fme yap\u0131ld\u0131. M\u0130T g\u00f6revlileri yan\u0131mdayken, Dink&#8217;i arad\u0131m ve yapt\u0131\u011f\u0131 haberle ilgili bilgi ve belgeleri g\u00f6rmek istedi\u011fimi, sohbet etmek istedi\u011fimizi s\u00f6yledim. Ertesi g\u00fcn g\u00f6r\u00fc\u015fme yap\u0131ld\u0131. M\u0130T&#8217;\u00e7iler kendilerini akrabam olarak tan\u0131tmam\u0131 istedi, akrabam olarak tan\u0131tt\u0131m. Ben haberin infial yaratt\u0131\u011f\u0131n\u0131 s\u00f6yledim. Baz\u0131lar\u0131 taraf\u0131ndan \u00e7arp\u0131t\u0131labilece\u011fini, Ermeni kurumlar\u0131n\u0131n hedef al\u0131nabilece\u011fini s\u00f6yledim. Ard\u0131ndan M\u0130T&#8217;ten \u00d6zer Bey benzer \u015feyleri s\u00f6yledi. G\u00f6r\u00fc\u015fme sonunda Hrant Dink, elindeki evraklar\u0131 b\u0131rakt\u0131. Evraklar\u0131 M\u0130T g\u00f6revlileri ald\u0131. Nezaketli bir g\u00f6r\u00fc\u015fmeydi. Kesinlikle tehdit, g\u00f6zda\u011f\u0131 verme gibi bir durum s\u00f6z konusu de\u011fildi. G\u00f6r\u00fc\u015fmeden sonra Vali G\u00fcler&#8217;e gidip g\u00f6r\u00fc\u015fmeyle ilgili bilgi verdim.&#8221;<\/em><\/p>\n<p>Dink Ailesi avukatlar\u0131ndan Hakan Bak\u0131rc\u0131o\u011flu, duru\u015fmada G\u00fcng\u00f6r&#8217;e Dink&#8217;le yap\u0131lan g\u00f6r\u00fc\u015fmenin Genelkurmay Ba\u015fkanl\u0131\u011f\u0131 taraf\u0131ndan istendi\u011fini s\u00f6yleyip bu konuda bilgi sahibi olup olmad\u0131\u011f\u0131n\u0131 sordu. G\u00fcng\u00f6r, &#8220;Evet. Genelkurmay Ba\u015fkanl\u0131\u011f\u0131 taraf\u0131ndan M\u0130T aranm\u0131\u015f. Ama kim aram\u0131\u015f, nas\u0131l g\u00f6r\u00fc\u015fm\u00fc\u015fler onlar\u0131 bilmiyorum. S\u00fcre\u00e7ten haberim yok&#8221; diye cevaplad\u0131.<\/p>\n<h3 class=\"fi-incontent-mark\">&#8220;Operasyonel birimler bana ba\u011fl\u0131yd\u0131, ama televizyondan \u00f6\u011frendim&#8221;<\/h3>\n<p><strong>38- Duru\u015fmalarda, Dink&#8217;in \u00f6ld\u00fcr\u00fclmesinden sonra ya\u015fananlara ili\u015fkin bilgi ya da ifade verildi mi?<\/strong><\/p>\n<p>D\u00f6nemin \u0130stanbul \u0130stihbarat Dairesi Ba\u015fkan Yard\u0131mc\u0131s\u0131 olan, Samsun \u0130l Emniyet M\u00fcd\u00fcr\u00fc Vedat Yavuz da \u00e7arp\u0131c\u0131 bir ifade verdi. Yavuz, \u015funlar\u0131 s\u00f6yledi:<\/p>\n<p><em>&#8220;Cinayetten sonra Ramazan Aky\u00fcrek, beni Samsun&#8217;a g\u00f6nderdi. Bunun sebebi m\u00fcfetti\u015flerin Trabzon&#8217;a gitmesiydi. Cinayet i\u015flendi\u011fi tarihte operasyonel ve personel birimleri bana ba\u011fl\u0131yd\u0131. Dink cinayetini televizyonda alt yaz\u0131dan \u00f6\u011frendim cinayet sonras\u0131nda en ufak bir bilgime ba\u015fvurulmad\u0131 ne yap\u0131lmas\u0131 hususunda da bir bilgilendirme yap\u0131lmad\u0131 bana. Cinayetten sonra 2 \u015eubat 2007&#8217;de \u0130stihbarat Daire Ba\u015fkan\u0131 Ramazan Aky\u00fcrek bana, \u2018yan\u0131na birini al, acele Samsun&#8217;a git&#8217; dedi. Operasyon \u015fube m\u00fcd\u00fcr\u00fcn\u00fc yan\u0131ma alay\u0131m dedim, olmaz dedi. Ali Fuat Y\u0131lmazer&#8217;i alay\u0131m dedim, olmaz dedi. Para pul i\u015flerine bakan daire ba\u015fkan yard\u0131mc\u0131s\u0131n\u0131, Bekir&#8217;i al dedi. Ben \u00f6zel kalemi arad\u0131m. Komiser ben daha konu\u015fmadan biletinizi ald\u0131m dedim. Bekir&#8217;i arad\u0131m, ben daha konu\u015fmadan \u2018haz\u0131r\u0131m&#8217; dedi. Yolda Aky\u00fcrek&#8217;i arad\u0131m gidiyorum ne yapaca\u011f\u0131z diye sordum. \u2018Gidin arkada\u015flara moral verin&#8217; dedi. Trabzon&#8217;a gidecek miyiz dedim, hay\u0131r dedi. Gidip personeli toplad\u0131k, ne yapt\u0131n\u0131z, ne yap\u0131ld\u0131 diye konu\u015ftuk, \u00e7ay\u0131m\u0131z\u0131 i\u00e7tik. Ba\u015fkan\u0131 arad\u0131m. \u2018\u0130\u015f bitti&#8217; dedim. \u2018Kal\u0131n. Jandarma Komutan\u0131na gidin&#8217; dedi, \u2018M\u0130T&#8217;e gidin&#8217; dedi. Gittik g\u00f6r\u00fc\u015ft\u00fck. Ziyaret ama\u00e7l\u0131. Sonra arad\u0131m d\u00f6n\u00fcyoruz dedim. Dedi bug\u00fcn de kal\u0131n. Sonra \u00f6\u011freniyorum ki, cinayet i\u015flendikten sonra m\u00fclkiye m\u00fcfetti\u015fleri Trabzon&#8217;a gidiyorlar. Sonra biz d\u00f6n\u00fcyoruz m\u00fcfetti\u015fler gidiyor.&#8221;<\/em><\/p>\n<p><strong>39- Kamera g\u00f6r\u00fcnt\u00fcleri konusunda nas\u0131l bir ifade verildi?<\/strong><\/p>\n<p>Cinayet s\u0131ras\u0131nda Dink&#8217;in u\u011frad\u0131\u011f\u0131 Akbank \u015fubesinin m\u00fcd\u00fcr\u00fc Hamza B\u00fclent \u0130lkehan da Akbank Pangalt\u0131 \u015eubesi&#8217;nin g\u00fcvenlik kameralar\u0131n\u0131n \u00f6\u011fleden \u00f6nceki k\u0131sm\u0131n\u0131n bulunamamas\u0131 konusunda, &#8220;Cinayet g\u00fcn\u00fc 7-8 kere farkl\u0131 sivil polislere g\u00f6r\u00fcnt\u00fc verdim. Polisler tutanak imzalamaktan ka\u00e7\u0131nd\u0131 ve sadece bir kere tutanak imzalad\u0131. G\u00f6r\u00fcnt\u00fclerde teknik sorun yoktu ve kameralar \u00e7al\u0131\u015f\u0131yordu&#8221; dedi.<\/p>\n<p><img loading=\"lazy\" decoding=\"async\" src=\"https:\/\/media-cdn.t24.com.tr\/media\/library\/2021\/01\/1610979165219-6-fbd-1646-320-c-4911-942-d-ed-04-abc-29636-1.jpg\" alt=\"\" width=\"500\" height=\"332\" \/><\/p>\n<p><strong>40- 2020 y\u0131l\u0131nda davada ne gibi geli\u015fmeler ya\u015fand\u0131?<\/strong><\/p>\n<p>2020 y\u0131l\u0131nda ilk \u00fc\u00e7 g\u00fcnl\u00fck duru\u015fma maratonu \u015eubat ay\u0131nda yap\u0131ld\u0131. 103, 104 ve 105. duru\u015fmalarda,\u00a0 cinayet i\u015flendi\u011finde Trabzon Emniyet M\u00fcd\u00fcrl\u00fc\u011f\u00fc Ter\u00f6rle M\u00fccadele (TEM) \u015eube M\u00fcd\u00fcr Yard\u0131mc\u0131s\u0131 olan\u00a0<strong>\u00c2dem Sa\u011flam,<\/strong>\u00a0cinayet d\u00f6neminde Emniyet Genel M\u00fcd\u00fcrl\u00fc\u011f\u00fc TEM Daire Ba\u015fkan\u0131 olan\u00a0<strong>Ahmet Selim Aky\u0131ld\u0131z<\/strong>, cinayet d\u00f6neminde Samsun \u0130l Jandarma Komutan\u0131 olan\u00a0<strong>Serdar Y\u00fccel<\/strong>, su\u00e7 \u00f6rg\u00fct\u00fc lideri oldu\u011fu gerek\u00e7esiyle 66 y\u0131l hapis cezas\u0131 alan\u00a0<strong>Yakup K\u00fcr\u015fat Y\u0131lmaz<\/strong>, \u0130stanbul Jandarma Komutanl\u0131\u011f\u0131 A\u015f\u0131r\u0131 Sa\u011f Tim Komutan\u0131<strong>\u00a0Serkan \u00d6zel<\/strong>\u00a0tan\u0131k olarak dinlendi.<\/p>\n<p class=\"fi-incontent-mark\">Cinayet i\u015flendi\u011finde Emniyet Genel M\u00fcd\u00fcrl\u00fc\u011f\u00fc TEM Daire Ba\u015fkan\u0131 olan Aky\u0131ld\u0131z ise \u201cCinayetin \u00f6ncesine ili\u015fkin bilgim yok. Olay\u0131n oldu\u011fu g\u00fcn d\u00f6nemin Adalet Bakan\u0131 Cemil \u00c7i\u00e7ek, \u0130\u00e7i\u015fleri Bakan\u0131 Abd\u00fclkadir Aksu, \u00d6zel Harek\u00e2t Daire Ba\u015fkan\u0131 Beh\u00e7et Oktay, \u0130stihbarat Daire Ba\u015fkan\u0131 Ramazan Aky\u00fcrek ile birlikte \u0130stanbul\u2019a, \u0130stanbul Emniyet M\u00fcd\u00fcr\u00fc Celalettin Cerrah\u2019\u0131n makam\u0131na gittik. Cerrah bizi bilgilendirdi. \u0130lk etapta olay yerinde g\u00f6r\u00fcnt\u00fc elde ettiklerini onlar\u0131n \u00fczerine \u00e7al\u0131\u015ft\u0131klar\u0131n\u0131 s\u00f6yledi\u201d diye konu\u015ftu. Aky\u0131ld\u0131z, kendisine cinayetle ilgili istihbari bilginin cinayetten sonra yap\u0131lan 19-20-21 Ocak\u2019taki toplant\u0131da verilmedi\u011fini s\u00f6yledi. Aky\u0131ld\u0131z, \u201cBilgi verilmemi\u015fti, verilmi\u015f olsa korunmas\u0131 i\u00e7in yaz\u0131 yazard\u0131k\u201d dedi.<\/p>\n<p class=\"fi-incontent-mark\">Organize su\u00e7 \u00f6rg\u00fct\u00fc lideri K\u00fcr\u015fat Y\u0131lmaz ise \u00a0bir otelde g\u00f6r\u00fc\u015ft\u00fc\u011f\u00fc, hakimlik yapt\u0131\u011f\u0131n\u0131 belirtti\u011fi \u00d6mer K\u00fc\u00e7\u00fckyurt ile H\u00fcseyin Albay ve \u0130smail Iss\u0131z isimli ki\u015filerin kendisine Hrant Dink\u2019in foto\u011fraf\u0131n\u0131 g\u00f6stererek \u00f6ld\u00fcr\u00fclmesini teklif ettiklerini s\u00f6yledi. Y\u0131lmaz, \u201cGel bizim mafyam\u0131z ol. Bunu \u00f6ld\u00fcrt, yakalanan ki\u015fiyi Avrupa\u2019ya g\u00f6nderirsin dediler. Ben de \u2018Bu i\u015fte yokum, sizde bu i\u015fe girmeyin, bu vatan hainli\u011fidir. T\u00fcrkiye\u2019yi zor duruma sokar. Amerikan oyunlar\u0131na gelmeyin\u2019 dedim. Kabul etmedim\u201d dedi. K\u00fcr\u015fat Y\u0131lmaz, \u201cCinayetten sonra cezaevinde Erhan Tuncel benimle g\u00f6r\u00fc\u015fmek istedi. Avukat\u0131ma g\u00f6r\u00fc\u015fmesini s\u00f6yledim. Ama cezaevi idaresi g\u00f6r\u00fc\u015ft\u00fcrmedi\u201d diye konu\u015ftu.<\/p>\n<p class=\"fi-incontent-mark\">Duru\u015fmada, avukat Bak\u0131rc\u0131o\u011flu, M\u0130T mensuplar\u0131n\u0131n tan\u0131k olarak dinlenilmesini talep etti.<\/p>\n<p class=\"fi-incontent-mark\"><strong>41- Bu talep kabul edildi mi, sonraki duru\u015fmalarda neler ya\u015fand\u0131?<\/strong><\/p>\n<p>Davan\u0131n, 107, 108 ve 109. duru\u015fmalar\u0131 7-8-9 Temmuz\u2019da g\u00f6r\u00fcld\u00fc. Duru\u015fma \u00f6ncesinde Hrant Dink davas\u0131na bakan mahkeme heyeti be\u015finci kez de\u011fi\u015fti. Heyetin ba\u015fkanl\u0131\u011f\u0131na CHP \u0130stanbul \u0130l Ba\u015fkan\u0131 Canan Kaftanc\u0131o\u011flu\u2019nu tweetleri nedeniyle yarg\u0131land\u0131\u011f\u0131 davada 9 y\u0131l 8 ay 20 g\u00fcn hapis cezas\u0131na mahkum eden \u0130stanbul 37. A\u011f\u0131r Ceza Mahkemesi\u2019nin eski ba\u015fkan\u0131 Ak\u0131n G\u00fcrlek getirildi.<\/p>\n<p class=\"fi-incontent-mark\">Yeni heyet, d\u00f6nemin M\u0130T g\u00f6revlileri \u00d6zel Y\u0131lmaz, Handan Sel\u00e7uk ve H\u00fcseyin Kubilay G\u00fcnay\u2019\u0131n tan\u0131k olarak dinlenmeleri talebini dosyaya katk\u0131 sa\u011flamayaca\u011f\u0131 gerek\u00e7esiyle reddetti. M\u0130T \u0130stanbul B\u00f6lge Ba\u015fkan\u0131 Ahmet K\u00f6ksoy\u2019un ise tan\u0131k olarak dinlenilmesine karar verildi.<\/p>\n<p class=\"fi-incontent-mark\">Ancak 16 Eyl\u00fcl\u2019de yap\u0131lan sonraki duru\u015fmada, mahkeme, K\u00f6ksoy\u2019u da dinlemekten vazge\u00e7ti ve esas hakk\u0131ndaki g\u00f6r\u00fc\u015f\u00fcn\u00fc a\u00e7\u0131klamas\u0131 i\u00e7in dosyay\u0131 savc\u0131l\u0131\u011fa verdi.<\/p>\n<p class=\"fi-incontent-mark\"><strong>42- Savc\u0131l\u0131k, hangi cezalar\u0131 talep etti?<\/strong><\/p>\n<p>15 Aral\u0131k\u2019ta yap\u0131lan duru\u015fmadan bir g\u00fcn \u00f6nce Savc\u0131 Muhammed \u0130kbal Anar esas hakk\u0131nda m\u00fctalaas\u0131n\u0131 a\u00e7\u0131klad\u0131. Savc\u0131 Anar bir k\u0131s\u0131m san\u0131klar i\u00e7in beraat, bir k\u0131s\u0131m san\u0131klar i\u00e7in \u201cFET\u00d6 \u00fcyeli\u011fi\u201d, bir k\u0131s\u0131m i\u00e7in \u201cFET\u00d6 y\u00f6neticili\u011fi\u201d ve bir k\u0131sm\u0131 i\u00e7inse \u201cg\u00f6revi ihmal\u201d su\u00e7lamalar\u0131ndan ceza istedi.<\/p>\n<p>15 Aral\u0131k\u2019taki duru\u015fmada ise mahkeme, Dink ailesi avukatlar\u0131na esas hakk\u0131ndaki g\u00f6r\u00fc\u015fe kar\u015f\u0131 beyanlar\u0131n\u0131 haz\u0131rlamak i\u00e7in sadece iki g\u00fcn verdi. \u0130tiraza ra\u011fmen mahkeme, karar\u0131n\u0131 de\u011fi\u015ftirmedi.<\/p>\n<p><img loading=\"lazy\" decoding=\"async\" src=\"https:\/\/media-cdn.t24.com.tr\/media\/library\/2021\/01\/1610979380659-hd-1.jpg\" alt=\"\" width=\"500\" height=\"324\" \/><\/p>\n<p><strong>43- Savc\u0131, kimleri cinayetten sorumlu tuttu, kimlerin sadece g\u00f6revlerini ihmal ettiklerine karar verdi?<\/strong><\/p>\n<p>Faili belli sitesinde yer alan duru\u015fma tutana\u011f\u0131 ve notlar\u0131na g\u00f6re; savc\u0131, cinayetin tasar\u0131 a\u015famas\u0131nda Trabzon \u0130stihbarat \u015eube M\u00fcd\u00fcr\u00fc olan Engin Din\u00e7, cinayetin i\u015flendi\u011fi s\u0131rada \u0130stanbul Emniyet M\u00fcd\u00fcr\u00fc olan Celalettin Cerrah ve cinayetin i\u015flendi\u011fi d\u00f6nemde \u0130stanbul \u0130stihbarat \u015eube M\u00fcd\u00fcr\u00fc olan Ahmet \u0130lhan G\u00fcler i\u00e7in \u201cg\u00f6revi k\u00f6t\u00fcye kullanma\u201d su\u00e7undan, cinayetin i\u015flendi\u011fi d\u00f6nem Trabzon Emniyet M\u00fcd\u00fcr\u00fc olan Re\u015fat Altay\u2019\u0131n \u201ckasten \u00f6ld\u00fcrmenin ihmali davran\u0131\u015fla i\u015flenmesi\u201d, \u201cresm\u00ee belgeyi bozmak, yok etmek veya gizlemek\u201d ve \u201cg\u00f6revi k\u00f6t\u00fcye kullanma\u201d su\u00e7lar\u0131ndan, cinayetin i\u015flendi\u011fi s\u0131rada Trabzon \u0130stihbarat \u015eube M\u00fcd\u00fcr\u00fc olan Faruk Sar\u0131 hakk\u0131nda \u201csilahl\u0131 \u00f6rg\u00fct \u00fcyeli\u011fi\u201d, \u201ctasarlayarak kasten \u00f6ld\u00fcrme\u201d, \u201cresm\u00ee belgeyi bozmak, yok etmek veya gizlemek\u201d, \u201cg\u00f6revi k\u00f6t\u00fcye kullanma\u201d su\u00e7lar\u0131ndan, cinayetin tasar\u0131 a\u015famas\u0131nda ve i\u015flendi\u011fi s\u0131rada Trabzon Jandarma Alay Komutan\u0131 Ali \u00d6z hakk\u0131nda ise \u201cAnayasa\u2019y\u0131 ihlal\u201d, \u201ckasten \u00f6ld\u00fcrme\u201d, \u201cresmi belgede sahtecilik\u201d, \u201cg\u00f6revi k\u00f6t\u00fcye kullanma\u201d, \u201c\u00f6rg\u00fcte yard\u0131m\u201d su\u00e7lar\u0131ndan, cinayetin i\u015flendi\u011fi d\u00f6nemde \u0130stanbul \u0130stihbarat C \u015eube M\u00fcd\u00fcr\u00fc Ali Fuat Y\u0131lmazer\u2019in \u201csu\u00e7 i\u015flemek amac\u0131yla \u00f6rg\u00fct kurma ve y\u00f6netme\u201d, \u201ctasarlayarak kasten \u00f6ld\u00fcrme\u201d, \u201cresmi belgeyi bozmak, yok etmek veya gizlemek\u201d, \u201cg\u00f6revi k\u00f6t\u00fcye kullanma\u201d su\u00e7lar\u0131ndan, cinayetin tasar\u0131 a\u015famas\u0131nda Trabzon Emniyet M\u00fcd\u00fcr\u00fc olan, cinayetin i\u015flendi\u011fi zaman ise \u0130stihbarat Daire Ba\u015fkan\u0131 olan Ramazan Aky\u00fcrek\u2019in \u201csilahl\u0131 \u00f6rg\u00fct kurmak ve y\u00f6netmek\u201d, \u201ctasarlayarak kasten \u00f6ld\u00fcrme\u201d, \u201cresmi belgede sahtecilik\u201d, \u201cresm\u00ee belgeyi bozmak, yok etmek veya gizlemek\u201d, \u201cg\u00f6revi k\u00f6t\u00fcye kullanma\u201d su\u00e7lar\u0131ndan, cinayetin tasar\u0131 a\u015famas\u0131nda \u0130stihbarat Daire Ba\u015fkan\u0131 olan Sabri Uzun\u2019un ise g\u00f6revi k\u00f6t\u00fcye kullanma su\u00e7undan, cinayetin i\u015flendi\u011fi s\u0131rada TGRT televizyonu muhabiri olan Ercan G\u00fcn hakk\u0131nda \u201cAnayasa\u2019y\u0131 ihlal\u201d ve \u201csilahl\u0131 \u00f6rg\u00fct \u00fcyeli\u011fi\u2019\u201d su\u00e7lar\u0131ndan ceza talep etti.<\/p>\n<p class=\"fi-incontent-mark\">Savc\u0131 m\u00fctalaas\u0131nda yurtd\u0131\u015f\u0131nda (firari) bulunan san\u0131klardan Adem Yavuz Arslan, Co\u015fgun \u00c7akar, Ekrem Dumanl\u0131, Fetullah G\u00fclen, Halil \u0130brahim Koca, Mehmet Akif Y\u0131lmaz, Mehmet Faruk Mercan, Metin Canbay, \u00d6mer Faruk Kart\u0131n, Serkan \u015eahan, Y\u0131lmaz Ang\u0131n, Yunus Yazar ve Zekeriya \u00d6z\u2019\u00fcn dosyas\u0131n\u0131n tefrik edilerek haklar\u0131ndaki yarg\u0131laman\u0131n ayr\u0131 bir esas numaras\u0131yla yap\u0131lmas\u0131n\u0131 talep etti.<\/p>\n<p class=\"fi-incontent-mark\">12 Mart\u2019ta D\u00fczce\u2019de u\u011frad\u0131\u011f\u0131 silahl\u0131 sald\u0131r\u0131da \u00f6len emekli jandarma istihbarat\u00e7\u0131 astsubay \u015eeref Ate\u015f\u2019in \u00fczerine at\u0131l\u0131 \u201cKasten \u00f6ld\u00fcrme, silahl\u0131 ter\u00f6r \u00f6rg\u00fct\u00fcne \u00fcye olma, Anayasal d\u00fczeni ortadan kald\u0131rmaya te\u015febb\u00fcs etme\u201d su\u00e7lar\u0131ndan a\u00e7\u0131lan kamu davas\u0131n\u0131n d\u00fc\u015f\u00fcr\u00fclmesini isteyen savc\u0131 Anar, san\u0131klardan Adem Sar\u0131g\u00f6l, Adnan Acar, Atilla G\u00fc\u00e7l\u00fco\u011flu, Cevat Eser, Metehan Kadir Y\u0131ld\u0131r\u0131m, Muhammer Ay, Niyazi Malko\u00e7, Rahmi \u00d6zer, Res\u00fcl K\u00fct\u00fcko\u011flu, Tefik Cant\u00fcrk ve \u00dcnsal G\u00fcrel\u2019in beraat\u0131n\u0131 istedi.<\/p>\n<p class=\"fi-incontent-mark\">Savc\u0131<strong>\u00a0Abdullah Din\u00e7<\/strong>, Ahmet \u00c7etiner,\u00a0<strong>Ahmet Faruk Aydo\u011fdu<\/strong>, Birol Ustao\u011flu<strong>, Ey\u00fcp Temel<\/strong>, Hac\u0131 \u00d6mer \u00dcnal\u0131r,\u00a0<strong>Hasan Durmu\u015fo\u011flu,<\/strong>\u00a0H\u00fcseyin Y\u0131maz,\u00a0<strong>Mikdat \u00d6zbek<\/strong>, Murat Bayrak,\u00a0<strong>Musa Y\u0131ld\u0131r\u0131m<\/strong>, Mustafa K\u00fc\u00e7\u00fck,\u00a0<strong>\u00d6nder Araz<\/strong>\u2019\u0131n baz\u0131 su\u00e7lardan beraat\u0131n\u0131 isterken baz\u0131 su\u00e7lardan da cezaland\u0131r\u0131lmas\u0131n\u0131 talep ederken,\u00a0<strong>Ali Poyraz,<\/strong>\u00a0Ali Bar\u0131\u015f Sevindik,\u00a0<strong>Bekir Yoku\u015f<\/strong>, Ecevit Emir,\u00a0<strong>Emre Cing\u00f6z<\/strong>, Ercan Demir,\u00a0<strong>Erg\u00fcn Yorulmaz<\/strong>, Gazi G\u00fcnay,\u00a0<strong>Hac\u0131 \u015eefik \u015eim\u015fek<\/strong>, Hamdi Egbatan,\u00a0<strong>Hamza Celepo\u011flu<\/strong>, Mehmet Ayhan,<strong>\u00a0Mehmet U\u00e7ar<\/strong>, Mehmet Ali \u00d6zk\u0131l\u0131\u00e7,\u00a0<strong>Metin Balta,<\/strong>\u00a0Metin Y\u0131ld\u0131z,\u00a0<strong>Muharrem Demirkale<\/strong>, Muhittin Zenit,\u00a0<strong>Okan \u015eim\u015fek<\/strong>, Onur Karakaya,\u00a0<strong>Osman G\u00fclbel,<\/strong>\u00a0\u00d6zkan Mumcu,\u00a0<strong>\u015e\u00fckr\u00fc Y\u0131ld\u0131z,<\/strong>\u00a0Tamer B\u00fclent Demirel,\u00a0<strong>Veysal \u015eahin<\/strong>, Volkan \u015eahin,\u00a0<strong>Yakup Kurtaran<\/strong>, Yavuz Karakaya,\u00a0<strong>Yusuf Bozca<\/strong>, Y\u00fcksel Avan\u2019\u0131n ise \u00fcstlerine at\u0131l\u0131 su\u00e7lardan cezaland\u0131r\u0131lmas\u0131n\u0131 istedi.<\/p>\n<p><strong>44- Savc\u0131n\u0131n talep etti\u011fi cezalar ne anlama geliyor?<\/strong><\/p>\n<p>Dava uzun bir s\u00fcredir Dink cinayetinin FET\u00d6 taraf\u0131ndan tasarlanarak ger\u00e7ekle\u015ftirildi\u011fi tezi \u00fczerinden ilerliyor. Dink ailesi ise sadece FET\u00d6 mensuplar\u0131n\u0131n de\u011fil, d\u00f6nemin emniyet \u0130stanbul emniyet yetkililerinin de e\u015fit sorumlulu\u011fu bulundu\u011funu savunuyor. Ancak savc\u0131n\u0131n g\u00f6r\u00fc\u015f\u00fc, cinayetin tamamen FET\u00d6 organizasyonu oldu\u011fu tezi \u00fczerinden yaz\u0131lm\u0131\u015f. Cerrah, G\u00fcler gibi isimler sadece \u201cg\u00f6revi k\u00f6t\u00fcye kullanmakla\u201d su\u00e7lan\u0131yor. Dink\u2019le ilgili istihbarat\u0131 almalar\u0131na ra\u011fmen gerekli korumay\u0131 sa\u011flamayan, \u00f6ncesinde Dink\u2019i ald\u0131\u011f\u0131 tehditlere ra\u011fmen korumayan isimlerin cinayetten habersiz olduklar\u0131 varsay\u0131l\u0131yor.<\/p>\n<p><img loading=\"lazy\" decoding=\"async\" src=\"https:\/\/media-cdn.t24.com.tr\/media\/library\/2021\/01\/1610979461335-e-3242754-6238-4019-bab-1-9-ac-753-dddb-30.jpg\" alt=\"\" width=\"500\" height=\"260\" \/><\/p>\n<p><strong>45- Dink ailesi avukatlar\u0131na neden sadece iki g\u00fcn s\u00fcre verildi?<\/strong><\/p>\n<p>Mahkeme, davay\u0131, 2020\u2019de sonland\u0131rmak niyetini ta\u015f\u0131yordu. Bu nedenle Dink ailesinin avukatlar\u0131n\u0131n \u0131srarlar\u0131na ra\u011fmen avukatlara sadece iki g\u00fcn s\u00fcre verildi ve duru\u015fma 17 Aral\u0131k\u2019a ertelendi. 17 Aral\u0131k\u2019taki duru\u015fmada, Avukat Bak\u0131rc\u0131o\u011flu, \u201c\u201cHrant Dink cinayetine dair 14 y\u0131ld\u0131r s\u00fcrmekte olan yarg\u0131lamada kat\u0131lan taraf olarak maddi ger\u00e7e\u011fin ve hakikatin a\u00e7\u0131\u011fa \u00e7\u0131kar\u0131lmas\u0131na y\u00f6nelik davan\u0131n esas\u0131na ve savc\u0131l\u0131k makam\u0131n\u0131n m\u00fctalaas\u0131na ili\u015fkin beyanlar\u0131m\u0131z\u0131 sunmak i\u00e7in talep etti\u011fimiz s\u00fcre mahkemeniz taraf\u0131ndan taraf\u0131m\u0131za verilmemi\u015ftir. San\u0131k savunmalar\u0131n\u0131n tan\u0131k beyanlar\u0131 ve deliller ile birlikte de\u011ferlendirilmesini i\u00e7erecek \u015fekilde beyanlar\u0131m\u0131z\u0131 taraf\u0131m\u0131za tan\u0131nan iki g\u00fcnl\u00fck s\u00fcrede sunmam\u0131z\u0131n dava dosyas\u0131n\u0131n kapsam\u0131 dikkate al\u0131nd\u0131\u011f\u0131nda olanakl\u0131 olmad\u0131\u011f\u0131 ve bu s\u00fcrede sunaca\u011f\u0131m\u0131z bir g\u00f6r\u00fc\u015f\u00fcn de herhangi bir ciddiyet i\u00e7ermeyece\u011fi a\u00e7\u0131kt\u0131r\u201d dedi ve beyanda bulunmad\u0131.<\/p>\n<p class=\"fi-incontent-mark\">Mahkeme heyeti, duru\u015fmay\u0131 22 Aral\u0131k gibi yak\u0131n bir tarihe erteledi.<\/p>\n<p class=\"fi-incontent-mark\"><strong>46- 22 Aral\u0131k\u2019taki duru\u015fmada neler ya\u015fand\u0131?<\/strong><\/p>\n<p>Bu duru\u015fmada, mahkeme, san\u0131klar\u0131n esas hakk\u0131ndaki g\u00f6r\u00fc\u015flerini a\u00e7\u0131klamas\u0131ndan sonra Dink ailesinin avukatlar\u0131n\u0131n beyanlar\u0131n\u0131n al\u0131naca\u011f\u0131n\u0131 a\u00e7\u0131klad\u0131 ve savunmalara ge\u00e7ildi. 22-23 ve 24 Aral\u0131k\u2019ta san\u0131klar\u0131n savunmalar\u0131 al\u0131nd\u0131. Mahkeme, savunmalar\u0131n al\u0131nmas\u0131na 6, 15 ve 22 Ocak\u2019ta devam edilece\u011fini a\u00e7\u0131klad\u0131.<\/p>\n<p><strong>47- Duru\u015fmalar s\u00fcrerken, karar a\u015famas\u0131na yakla\u015f\u0131lm\u0131\u015fken kimler, neden tutukland\u0131?<\/strong><\/p>\n<p>6 Ocak\u2019taki duru\u015fmada, cinayetin i\u015flendi\u011fi d\u00f6nemde Trabzon jandarmas\u0131nda g\u00f6rev yapanlardan\u00a0 Veysal \u015eahin ve Volkan \u015eahin\u2019in yeniden\u00a0 tutuklanmas\u0131na karar verildi. Cinayet haz\u0131rl\u0131\u011f\u0131ndan Trabzon\u2019da\u00a0 Co\u015fkun \u0130\u011fci arac\u0131l\u0131\u011f\u0131yla haberdar olan Veysal \u015eahin ve Volkan \u015eahin hakk\u0131ndaki kuvvetli su\u00e7 \u015f\u00fcphesi,\u00a0 tutukluluk s\u00fcresi azl\u0131\u011f\u0131 ve adli kontrol\u00fcn yeterli olmayaca\u011f\u0131 de\u011ferlendirilerek tutuklama karar\u0131 verildi\u011fi \u00f6\u011frenildi. Her iki isim, cinayetin i\u015flenece\u011fini \u00f6nceden bilmek ve gere\u011fini yapmamakla su\u00e7lan\u0131yor. Bu iki isimden sonra ayn\u0131 gerek\u00e7eyle hakk\u0131nda tutuklama karar\u0131 olan astsubay Okan \u015eahin de tutukland\u0131.<\/p>\n<p><img loading=\"lazy\" decoding=\"async\" src=\"https:\/\/media-cdn.t24.com.tr\/media\/library\/2021\/01\/1610979568176-3642-de-72-5-ab-3-4-de-6-b-1-ac-e-7-f-859469-e-32-1.jpg\" alt=\"\" width=\"500\" height=\"333\" \/><\/p>\n<p><strong>48- Tutuklama kararlar\u0131 devam eder mi?<\/strong><\/p>\n<p>Esas hakk\u0131ndaki m\u00fctalaaya kar\u015f\u0131 san\u0131klar\u0131n savunmalar\u0131n\u0131n al\u0131nmas\u0131na devam ediliyor. Mahkeme de m\u00fctalaada istenen cezalar\u0131 g\u00f6z \u00f6n\u00fcnde bulundurarak, ka\u00e7ma \u015f\u00fcphesi olu\u015fabilece\u011fi d\u00fc\u015f\u00fcncesiyle bu kararlar\u0131 verdi. 20 Ocak\u2019ta davan\u0131n yeni duru\u015fmas\u0131 yap\u0131lacak. Mahkumiyet ihtimali g\u00fc\u00e7l\u00fc olan ve hakk\u0131nda a\u011f\u0131r ceza istenen, ka\u00e7ma \u015f\u00fcphesi olu\u015fan isimlere kar\u015f\u0131 yeni kararlar\u0131n \u00e7\u0131kabilece\u011fi belirtiliyor.<\/p>\n<p><strong>49- Davada, hangi geli\u015fmelerin olmas\u0131 bekleniyor?<\/strong><\/p>\n<p>Savunmalar\u0131n bitiminin ard\u0131ndan Dink ailesinin avukatlar\u0131, esas hakk\u0131ndaki g\u00f6r\u00fc\u015flerini a\u00e7\u0131klayacak ve kovu\u015fturma-soru\u015fturma s\u00fcrecinde eksik b\u0131rak\u0131lan noktalar\u0131n tamamlanmas\u0131n\u0131 isteyecek. Ancak mahkemenin e\u011filiminin davay\u0131 bir an \u00f6nce bitirmek y\u00f6n\u00fcnde oldu\u011fu belirtiliyor. Bu nedenle, g\u00f6r\u00fc\u015fler al\u0131n\u0131p, son s\u00f6zler sorulduktan sonra, bahar aylar\u0131nda davan\u0131n karara ba\u011flanma ihtimali y\u00fcksek olarak g\u00f6r\u00fcl\u00fcyor. Bu a\u015famadan sonra \u00f6nce istinaf mahkemesi dosyaya bakacak. \u0130stinaf mahkemesi karar\u0131 yerinde bulursa dosya bu kez de Yarg\u0131tay\u2019a gidecek.<\/p>\n<p class=\"fi-incontent-mark\"><strong>50- B\u00fct\u00fcn s\u00fcrece bak\u0131ld\u0131\u011f\u0131nda Dink ailesinin beklentisi kar\u015f\u0131land\u0131 m\u0131?<\/strong><\/p>\n<p>Hay\u0131r. Aile, cinayete giden s\u00fcrecin de yarg\u0131laman\u0131n konusu yap\u0131lmas\u0131 ve Dink&#8217;in hedef h\u00e2line getirildi\u011fi s\u00fcre\u00e7te rol oynayanlar\u0131n da yarg\u0131lanmas\u0131n\u0131 istiyor.<\/p>\n<p>Dink ailesinin avukatlar\u0131ndan\u00a0<strong>Fethiye \u00c7etin<\/strong>&#8216;in &#8220;Utan\u00e7 duyuyorum&#8221; kitab\u0131nda, bu s\u00fcre\u00e7te yap\u0131lanlar ve yap\u0131lmayanlar \u00e7ok net bi\u00e7imde anlat\u0131l\u0131yor. Telefon kay\u0131tlar\u0131na yer verilen kitapta, Y\u00fczba\u015f\u0131 Nejat Mete adl\u0131 subay\u0131n, Vatansever Kuvvetler G\u00fc\u00e7 Birli\u011fi temsilcisine, Dink \u00f6ld\u00fcr\u00fcld\u00fckten bir g\u00fcn sonra, 20 Ocak 2007&#8217;de telefonda &#8220;Bizim arkada\u015flar\u0131n i\u015fi mi d\u00fcn z\u0131bart\u0131lan adam&#8221; diye sordu\u011fu, &#8220;Bizim arkada\u015flar&#8221; cevab\u0131n\u0131 al\u0131nca &#8220;Elleri dert g\u00f6rmesin&#8221; dedi\u011fi belirtiliyor. &#8220;Hrant Dink bizim sava\u015ft\u0131\u011f\u0131m\u0131z adam&#8221; diyen &#8220;akademisyen&#8221; \u00dcmit Say\u0131n&#8217;a &#8220;Bu arada Hrant&#8217;\u0131 beraat ettirecekler herhalde&#8221; diyen \u00d6zel Kuvvetler Komutanl\u0131\u011f\u0131 mensubu Binba\u015f\u0131 Ogan T\u00fcrkmen&#8217;in s\u00f6zlerine de kitapta yer veriliyor. Agos gazetesi y\u00f6neticilerinin yarg\u0131land\u0131\u011f\u0131 mahkemenin hakimi Hakk\u0131 Yal\u00e7\u0131nkaya&#8217;n\u0131n, Dink&#8217;i hedef g\u00f6steren isimlerden avukat Kemal Kerin\u00e7siz&#8217;e telefonda, &#8220;Bir iste\u011fin, bir emrin var m\u0131 abi?&#8221;, &#8220;Vatan hainlerinin bir engeli varsa, o da bizim Kemal abidir&#8221; dedi\u011fi aktar\u0131l\u0131yor. Bu nedenle hakk\u0131nda HSYK&#8217;n\u0131n soru\u015fturma bile a\u00e7mad\u0131\u011f\u0131 vurgulan\u0131yor. Dink ailesinin elinde buna benzer onlarca \u00f6rnek var. Aile, bu konuda yapt\u0131\u011f\u0131 ba\u015fvurular\u0131n sonu\u00e7lanmas\u0131n\u0131 bekliyor. Kamera kay\u0131tlar\u0131ndan kay\u0131p olanlar\u0131n h\u00e2l\u00e2 ortaya \u00e7\u0131kart\u0131lamad\u0131\u011f\u0131na, bu kay\u0131tlar\u0131 ka\u00e7\u0131ranlar\u0131n da bulanamad\u0131\u011f\u0131na dikkati \u00e7ekiyor. Aile, kamu g\u00f6revlilerinin y\u0131llarca korunmas\u0131n\u0131 sa\u011flayanlar\u0131n da yarg\u0131lanmas\u0131n\u0131 talep ediyor.<\/p>\n<p><em><strong>https:\/\/t24.com.tr\/haber\/50-soruda-hrant-dink-cinayeti-dosyasi-14-yillik-adalet-mucadelesi-hala-sonuc-vermedi,927338?fbclid=IwAR1DhEbemS9NravCEuUWQVpNBmk9xKYJCn1HIA3KghbpVNxCHlYgBjwNc1s\u00a0<\/strong><\/em><\/p>\n<\/div>\n<\/div>\n<div class=\"akz0L\">\n<div class=\"\">\n<div>\n<div class=\"adunitContainer\">\n<div id=\"adSlot-8\" class=\"adBox\" data-google-query-id=\"CPWJifK1p-4CFcVewgodytQJnQ\"><\/div>\n<\/div>\n<\/div>\n<\/div>\n<\/div>\n","protected":false},"excerpt":{"rendered":"<p>G\u00f6k\u00e7er Tahincio\u011flu Dink ailesinin ve ilgili kamuoyunun gayretiyle kamu g\u00f6revlilerinin bir\u00e7o\u011fu yarg\u0131 \u00f6n\u00fcne \u00e7\u0131kart\u0131ld\u0131, ancak m\u00fccadele devam ediyor. Hrant Dink&#8216;in \u00f6ld\u00fcr\u00fclmesinin \u00fczerinden tam 14 y\u0131l ge\u00e7ti. Sabiha G\u00f6k\u00e7en&#8217;in Ermeni olabilece\u011fine y\u00f6nelik yapt\u0131\u011f\u0131 bir haberden sonra hedef haline getirilmeye ba\u015flanan, dil uzmanlar\u0131n\u0131n bile &#8220;hakaret&#8221; olmad\u0131\u011f\u0131n\u0131 s\u00f6yledi\u011fi bir yaz\u0131s\u0131ndan sonra &#8220;T\u00fcrkl\u00fc\u011fe hakaret&#8221; su\u00e7undan hapse mahk\u00fbm edilen, bu [&hellip;]<\/p>\n","protected":false},"author":7,"featured_media":61011,"comment_status":"open","ping_status":"open","sticky":false,"template":"","format":"standard","meta":{"footnotes":""},"categories":[1,70],"tags":[],"class_list":["post-61010","post","type-post","status-publish","format-standard","has-post-thumbnail","hentry","category-haberler","category-makaleler"],"yoast_head":"<!-- This site is optimized with the Yoast SEO plugin v27.4 - https:\/\/yoast.com\/product\/yoast-seo-wordpress\/ -->\n<title>50 soruda Hrant Dink cinayeti dosyas\u0131: 14 y\u0131ll\u0131k adalet m\u00fccadelesi h\u00e2l\u00e2 sonu\u00e7 vermedi - Bati Ermenistan Ve Bati Ermenileri Sorunlari Ara\u015ftirmalar Merkezi<\/title>\n<meta name=\"robots\" content=\"index, follow, max-snippet:-1, max-image-preview:large, max-video-preview:-1\" \/>\n<link rel=\"canonical\" href=\"https:\/\/akunq.net\/tr\/?p=61010\" \/>\n<meta property=\"og:locale\" content=\"en_US\" \/>\n<meta property=\"og:type\" content=\"article\" \/>\n<meta property=\"og:title\" content=\"50 soruda Hrant Dink cinayeti dosyas\u0131: 14 y\u0131ll\u0131k adalet m\u00fccadelesi h\u00e2l\u00e2 sonu\u00e7 vermedi - Bati Ermenistan Ve Bati Ermenileri Sorunlari Ara\u015ftirmalar Merkezi\" \/>\n<meta property=\"og:description\" content=\"G\u00f6k\u00e7er Tahincio\u011flu Dink ailesinin ve ilgili kamuoyunun gayretiyle kamu g\u00f6revlilerinin bir\u00e7o\u011fu yarg\u0131 \u00f6n\u00fcne \u00e7\u0131kart\u0131ld\u0131, ancak m\u00fccadele devam ediyor. Hrant Dink&#8216;in \u00f6ld\u00fcr\u00fclmesinin \u00fczerinden tam 14 y\u0131l ge\u00e7ti. Sabiha G\u00f6k\u00e7en&#8217;in Ermeni olabilece\u011fine y\u00f6nelik yapt\u0131\u011f\u0131 bir haberden sonra hedef haline getirilmeye ba\u015flanan, dil uzmanlar\u0131n\u0131n bile &#8220;hakaret&#8221; olmad\u0131\u011f\u0131n\u0131 s\u00f6yledi\u011fi bir yaz\u0131s\u0131ndan sonra &#8220;T\u00fcrkl\u00fc\u011fe hakaret&#8221; su\u00e7undan hapse mahk\u00fbm edilen, bu [&hellip;]\" \/>\n<meta property=\"og:url\" content=\"https:\/\/akunq.net\/tr\/?p=61010\" \/>\n<meta property=\"og:site_name\" content=\"Bati Ermenistan Ve Bati Ermenileri Sorunlari Ara\u015ftirmalar Merkezi\" \/>\n<meta property=\"article:published_time\" content=\"2021-01-19T07:02:28+00:00\" \/>\n<meta property=\"article:modified_time\" content=\"2021-01-19T07:02:37+00:00\" \/>\n<meta property=\"og:image\" content=\"https:\/\/akunq.net\/tr\/wp-content\/uploads\/sites\/6\/2021\/01\/Dink.png\" \/>\n\t<meta property=\"og:image:width\" content=\"800\" \/>\n\t<meta property=\"og:image:height\" content=\"450\" \/>\n\t<meta property=\"og:image:type\" content=\"image\/png\" \/>\n<meta name=\"author\" content=\"admin\" \/>\n<meta name=\"twitter:card\" content=\"summary_large_image\" \/>\n<meta name=\"twitter:label1\" content=\"Written by\" \/>\n\t<meta name=\"twitter:data1\" content=\"admin\" \/>\n\t<meta name=\"twitter:label2\" content=\"Est. reading time\" \/>\n\t<meta name=\"twitter:data2\" content=\"42 minutes\" \/>\n<script type=\"application\/ld+json\" class=\"yoast-schema-graph\">{\"@context\":\"https:\\\/\\\/schema.org\",\"@graph\":[{\"@type\":\"Article\",\"@id\":\"https:\\\/\\\/akunq.net\\\/tr\\\/?p=61010#article\",\"isPartOf\":{\"@id\":\"https:\\\/\\\/akunq.net\\\/tr\\\/?p=61010\"},\"author\":{\"name\":\"admin\",\"@id\":\"https:\\\/\\\/akunq.net\\\/tr\\\/#\\\/schema\\\/person\\\/096f1d38a12cce57fb855b485ed24c9e\"},\"headline\":\"50 soruda Hrant Dink cinayeti dosyas\u0131: 14 y\u0131ll\u0131k adalet m\u00fccadelesi h\u00e2l\u00e2 sonu\u00e7 vermedi\",\"datePublished\":\"2021-01-19T07:02:28+00:00\",\"dateModified\":\"2021-01-19T07:02:37+00:00\",\"mainEntityOfPage\":{\"@id\":\"https:\\\/\\\/akunq.net\\\/tr\\\/?p=61010\"},\"wordCount\":8437,\"commentCount\":0,\"image\":{\"@id\":\"https:\\\/\\\/akunq.net\\\/tr\\\/?p=61010#primaryimage\"},\"thumbnailUrl\":\"https:\\\/\\\/akunq.net\\\/tr\\\/wp-content\\\/uploads\\\/sites\\\/6\\\/2021\\\/01\\\/Dink.png\",\"articleSection\":[\"Haberler\",\"Makaleler\"],\"inLanguage\":\"en-US\",\"potentialAction\":[{\"@type\":\"CommentAction\",\"name\":\"Comment\",\"target\":[\"https:\\\/\\\/akunq.net\\\/tr\\\/?p=61010#respond\"]}]},{\"@type\":\"WebPage\",\"@id\":\"https:\\\/\\\/akunq.net\\\/tr\\\/?p=61010\",\"url\":\"https:\\\/\\\/akunq.net\\\/tr\\\/?p=61010\",\"name\":\"50 soruda Hrant Dink cinayeti dosyas\u0131: 14 y\u0131ll\u0131k adalet m\u00fccadelesi h\u00e2l\u00e2 sonu\u00e7 vermedi - Bati Ermenistan Ve Bati Ermenileri Sorunlari Ara\u015ftirmalar Merkezi\",\"isPartOf\":{\"@id\":\"https:\\\/\\\/akunq.net\\\/tr\\\/#website\"},\"primaryImageOfPage\":{\"@id\":\"https:\\\/\\\/akunq.net\\\/tr\\\/?p=61010#primaryimage\"},\"image\":{\"@id\":\"https:\\\/\\\/akunq.net\\\/tr\\\/?p=61010#primaryimage\"},\"thumbnailUrl\":\"https:\\\/\\\/akunq.net\\\/tr\\\/wp-content\\\/uploads\\\/sites\\\/6\\\/2021\\\/01\\\/Dink.png\",\"datePublished\":\"2021-01-19T07:02:28+00:00\",\"dateModified\":\"2021-01-19T07:02:37+00:00\",\"author\":{\"@id\":\"https:\\\/\\\/akunq.net\\\/tr\\\/#\\\/schema\\\/person\\\/096f1d38a12cce57fb855b485ed24c9e\"},\"breadcrumb\":{\"@id\":\"https:\\\/\\\/akunq.net\\\/tr\\\/?p=61010#breadcrumb\"},\"inLanguage\":\"en-US\",\"potentialAction\":[{\"@type\":\"ReadAction\",\"target\":[\"https:\\\/\\\/akunq.net\\\/tr\\\/?p=61010\"]}]},{\"@type\":\"ImageObject\",\"inLanguage\":\"en-US\",\"@id\":\"https:\\\/\\\/akunq.net\\\/tr\\\/?p=61010#primaryimage\",\"url\":\"https:\\\/\\\/akunq.net\\\/tr\\\/wp-content\\\/uploads\\\/sites\\\/6\\\/2021\\\/01\\\/Dink.png\",\"contentUrl\":\"https:\\\/\\\/akunq.net\\\/tr\\\/wp-content\\\/uploads\\\/sites\\\/6\\\/2021\\\/01\\\/Dink.png\",\"width\":800,\"height\":450},{\"@type\":\"BreadcrumbList\",\"@id\":\"https:\\\/\\\/akunq.net\\\/tr\\\/?p=61010#breadcrumb\",\"itemListElement\":[{\"@type\":\"ListItem\",\"position\":1,\"name\":\"Home\",\"item\":\"https:\\\/\\\/akunq.net\\\/tr\"},{\"@type\":\"ListItem\",\"position\":2,\"name\":\"50 soruda Hrant Dink cinayeti dosyas\u0131: 14 y\u0131ll\u0131k adalet m\u00fccadelesi h\u00e2l\u00e2 sonu\u00e7 vermedi\"}]},{\"@type\":\"WebSite\",\"@id\":\"https:\\\/\\\/akunq.net\\\/tr\\\/#website\",\"url\":\"https:\\\/\\\/akunq.net\\\/tr\\\/\",\"name\":\"Bati Ermenistan Ve Bati Ermenileri Sorunlari Ara\u015ftirmalar Merkezi\",\"description\":\"\",\"potentialAction\":[{\"@type\":\"SearchAction\",\"target\":{\"@type\":\"EntryPoint\",\"urlTemplate\":\"https:\\\/\\\/akunq.net\\\/tr\\\/?s={search_term_string}\"},\"query-input\":{\"@type\":\"PropertyValueSpecification\",\"valueRequired\":true,\"valueName\":\"search_term_string\"}}],\"inLanguage\":\"en-US\"},{\"@type\":\"Person\",\"@id\":\"https:\\\/\\\/akunq.net\\\/tr\\\/#\\\/schema\\\/person\\\/096f1d38a12cce57fb855b485ed24c9e\",\"name\":\"admin\",\"url\":\"https:\\\/\\\/akunq.net\\\/tr\\\/?author=7\"}]}<\/script>\n<!-- \/ Yoast SEO plugin. -->","yoast_head_json":{"title":"50 soruda Hrant Dink cinayeti dosyas\u0131: 14 y\u0131ll\u0131k adalet m\u00fccadelesi h\u00e2l\u00e2 sonu\u00e7 vermedi - Bati Ermenistan Ve Bati Ermenileri Sorunlari Ara\u015ftirmalar Merkezi","robots":{"index":"index","follow":"follow","max-snippet":"max-snippet:-1","max-image-preview":"max-image-preview:large","max-video-preview":"max-video-preview:-1"},"canonical":"https:\/\/akunq.net\/tr\/?p=61010","og_locale":"en_US","og_type":"article","og_title":"50 soruda Hrant Dink cinayeti dosyas\u0131: 14 y\u0131ll\u0131k adalet m\u00fccadelesi h\u00e2l\u00e2 sonu\u00e7 vermedi - Bati Ermenistan Ve Bati Ermenileri Sorunlari Ara\u015ftirmalar Merkezi","og_description":"G\u00f6k\u00e7er Tahincio\u011flu Dink ailesinin ve ilgili kamuoyunun gayretiyle kamu g\u00f6revlilerinin bir\u00e7o\u011fu yarg\u0131 \u00f6n\u00fcne \u00e7\u0131kart\u0131ld\u0131, ancak m\u00fccadele devam ediyor. Hrant Dink&#8216;in \u00f6ld\u00fcr\u00fclmesinin \u00fczerinden tam 14 y\u0131l ge\u00e7ti. Sabiha G\u00f6k\u00e7en&#8217;in Ermeni olabilece\u011fine y\u00f6nelik yapt\u0131\u011f\u0131 bir haberden sonra hedef haline getirilmeye ba\u015flanan, dil uzmanlar\u0131n\u0131n bile &#8220;hakaret&#8221; olmad\u0131\u011f\u0131n\u0131 s\u00f6yledi\u011fi bir yaz\u0131s\u0131ndan sonra &#8220;T\u00fcrkl\u00fc\u011fe hakaret&#8221; su\u00e7undan hapse mahk\u00fbm edilen, bu [&hellip;]","og_url":"https:\/\/akunq.net\/tr\/?p=61010","og_site_name":"Bati Ermenistan Ve Bati Ermenileri Sorunlari Ara\u015ftirmalar Merkezi","article_published_time":"2021-01-19T07:02:28+00:00","article_modified_time":"2021-01-19T07:02:37+00:00","og_image":[{"width":800,"height":450,"url":"https:\/\/akunq.net\/tr\/wp-content\/uploads\/sites\/6\/2021\/01\/Dink.png","type":"image\/png"}],"author":"admin","twitter_card":"summary_large_image","twitter_misc":{"Written by":"admin","Est. reading time":"42 minutes"},"schema":{"@context":"https:\/\/schema.org","@graph":[{"@type":"Article","@id":"https:\/\/akunq.net\/tr\/?p=61010#article","isPartOf":{"@id":"https:\/\/akunq.net\/tr\/?p=61010"},"author":{"name":"admin","@id":"https:\/\/akunq.net\/tr\/#\/schema\/person\/096f1d38a12cce57fb855b485ed24c9e"},"headline":"50 soruda Hrant Dink cinayeti dosyas\u0131: 14 y\u0131ll\u0131k adalet m\u00fccadelesi h\u00e2l\u00e2 sonu\u00e7 vermedi","datePublished":"2021-01-19T07:02:28+00:00","dateModified":"2021-01-19T07:02:37+00:00","mainEntityOfPage":{"@id":"https:\/\/akunq.net\/tr\/?p=61010"},"wordCount":8437,"commentCount":0,"image":{"@id":"https:\/\/akunq.net\/tr\/?p=61010#primaryimage"},"thumbnailUrl":"https:\/\/akunq.net\/tr\/wp-content\/uploads\/sites\/6\/2021\/01\/Dink.png","articleSection":["Haberler","Makaleler"],"inLanguage":"en-US","potentialAction":[{"@type":"CommentAction","name":"Comment","target":["https:\/\/akunq.net\/tr\/?p=61010#respond"]}]},{"@type":"WebPage","@id":"https:\/\/akunq.net\/tr\/?p=61010","url":"https:\/\/akunq.net\/tr\/?p=61010","name":"50 soruda Hrant Dink cinayeti dosyas\u0131: 14 y\u0131ll\u0131k adalet m\u00fccadelesi h\u00e2l\u00e2 sonu\u00e7 vermedi - Bati Ermenistan Ve Bati Ermenileri Sorunlari Ara\u015ftirmalar Merkezi","isPartOf":{"@id":"https:\/\/akunq.net\/tr\/#website"},"primaryImageOfPage":{"@id":"https:\/\/akunq.net\/tr\/?p=61010#primaryimage"},"image":{"@id":"https:\/\/akunq.net\/tr\/?p=61010#primaryimage"},"thumbnailUrl":"https:\/\/akunq.net\/tr\/wp-content\/uploads\/sites\/6\/2021\/01\/Dink.png","datePublished":"2021-01-19T07:02:28+00:00","dateModified":"2021-01-19T07:02:37+00:00","author":{"@id":"https:\/\/akunq.net\/tr\/#\/schema\/person\/096f1d38a12cce57fb855b485ed24c9e"},"breadcrumb":{"@id":"https:\/\/akunq.net\/tr\/?p=61010#breadcrumb"},"inLanguage":"en-US","potentialAction":[{"@type":"ReadAction","target":["https:\/\/akunq.net\/tr\/?p=61010"]}]},{"@type":"ImageObject","inLanguage":"en-US","@id":"https:\/\/akunq.net\/tr\/?p=61010#primaryimage","url":"https:\/\/akunq.net\/tr\/wp-content\/uploads\/sites\/6\/2021\/01\/Dink.png","contentUrl":"https:\/\/akunq.net\/tr\/wp-content\/uploads\/sites\/6\/2021\/01\/Dink.png","width":800,"height":450},{"@type":"BreadcrumbList","@id":"https:\/\/akunq.net\/tr\/?p=61010#breadcrumb","itemListElement":[{"@type":"ListItem","position":1,"name":"Home","item":"https:\/\/akunq.net\/tr"},{"@type":"ListItem","position":2,"name":"50 soruda Hrant Dink cinayeti dosyas\u0131: 14 y\u0131ll\u0131k adalet m\u00fccadelesi h\u00e2l\u00e2 sonu\u00e7 vermedi"}]},{"@type":"WebSite","@id":"https:\/\/akunq.net\/tr\/#website","url":"https:\/\/akunq.net\/tr\/","name":"Bati Ermenistan Ve Bati Ermenileri Sorunlari Ara\u015ftirmalar Merkezi","description":"","potentialAction":[{"@type":"SearchAction","target":{"@type":"EntryPoint","urlTemplate":"https:\/\/akunq.net\/tr\/?s={search_term_string}"},"query-input":{"@type":"PropertyValueSpecification","valueRequired":true,"valueName":"search_term_string"}}],"inLanguage":"en-US"},{"@type":"Person","@id":"https:\/\/akunq.net\/tr\/#\/schema\/person\/096f1d38a12cce57fb855b485ed24c9e","name":"admin","url":"https:\/\/akunq.net\/tr\/?author=7"}]}},"_links":{"self":[{"href":"https:\/\/akunq.net\/tr\/index.php?rest_route=\/wp\/v2\/posts\/61010","targetHints":{"allow":["GET"]}}],"collection":[{"href":"https:\/\/akunq.net\/tr\/index.php?rest_route=\/wp\/v2\/posts"}],"about":[{"href":"https:\/\/akunq.net\/tr\/index.php?rest_route=\/wp\/v2\/types\/post"}],"author":[{"embeddable":true,"href":"https:\/\/akunq.net\/tr\/index.php?rest_route=\/wp\/v2\/users\/7"}],"replies":[{"embeddable":true,"href":"https:\/\/akunq.net\/tr\/index.php?rest_route=%2Fwp%2Fv2%2Fcomments&post=61010"}],"version-history":[{"count":1,"href":"https:\/\/akunq.net\/tr\/index.php?rest_route=\/wp\/v2\/posts\/61010\/revisions"}],"predecessor-version":[{"id":61012,"href":"https:\/\/akunq.net\/tr\/index.php?rest_route=\/wp\/v2\/posts\/61010\/revisions\/61012"}],"wp:featuredmedia":[{"embeddable":true,"href":"https:\/\/akunq.net\/tr\/index.php?rest_route=\/wp\/v2\/media\/61011"}],"wp:attachment":[{"href":"https:\/\/akunq.net\/tr\/index.php?rest_route=%2Fwp%2Fv2%2Fmedia&parent=61010"}],"wp:term":[{"taxonomy":"category","embeddable":true,"href":"https:\/\/akunq.net\/tr\/index.php?rest_route=%2Fwp%2Fv2%2Fcategories&post=61010"},{"taxonomy":"post_tag","embeddable":true,"href":"https:\/\/akunq.net\/tr\/index.php?rest_route=%2Fwp%2Fv2%2Ftags&post=61010"}],"curies":[{"name":"wp","href":"https:\/\/api.w.org\/{rel}","templated":true}]}}