{"id":61007,"date":"2021-01-19T01:16:55","date_gmt":"2021-01-19T06:16:55","guid":{"rendered":"https:\/\/akunq.net\/tr\/?p=61007"},"modified":"2021-01-19T01:16:55","modified_gmt":"2021-01-19T06:16:55","slug":"9-hdpli-vekile-fezleke-aralarinda-van-vekili-de-var","status":"publish","type":"post","link":"https:\/\/akunq.net\/tr\/?p=61007","title":{"rendered":"9 HDP&#8217;li vekile fezleke! Aralar\u0131nda Van vekili de var&#8230;"},"content":{"rendered":"<p><img loading=\"lazy\" decoding=\"async\" class=\"aligncenter size-medium wp-image-61008\" src=\"https:\/\/akunq.net\/tr\/wp-content\/uploads\/2021\/01\/TBMM-360x263.jpg\" alt=\"\" width=\"360\" height=\"263\" srcset=\"https:\/\/akunq.net\/tr\/wp-content\/uploads\/sites\/6\/2021\/01\/TBMM-360x263.jpg 360w, https:\/\/akunq.net\/tr\/wp-content\/uploads\/sites\/6\/2021\/01\/TBMM-260x190.jpg 260w, https:\/\/akunq.net\/tr\/wp-content\/uploads\/sites\/6\/2021\/01\/TBMM-160x117.jpg 160w, https:\/\/akunq.net\/tr\/wp-content\/uploads\/sites\/6\/2021\/01\/TBMM.jpg 410w\" sizes=\"auto, (max-width: 360px) 100vw, 360px\" \/><\/p>\n<p><em><strong>HDP E\u015f Genel Ba\u015fkan\u0131 Pervin Buldan&#8217;\u0131n da aralar\u0131nda bulundu\u011fu 9 milletvekili hakk\u0131nda 6-8 Ekim olaylar\u0131ndan fezleke haz\u0131rlan\u0131yor. Ter\u00f6r eylemleri nedeniyle vekillerin dokunulmazl\u0131\u011f\u0131n\u0131n<\/strong><\/em><em><strong> kald\u0131r\u0131lmas\u0131 ve yarg\u0131lanmas\u0131 isteniyor.<\/strong><\/em><\/p>\n<p>HDP E\u015f Genel Ba\u015fkan\u0131 Pervin Buldan&#8217;\u0131n da aralar\u0131nda bulundu\u011fu 9 milletvekili hakk\u0131nda Kobani olarak bilinen 6-7-8 Ekim 2014 olaylar\u0131 ile ilgili ger\u00e7ekle\u015ftirilen ter\u00f6r eylemleri ile ilgili fezleke haz\u0131rlan\u0131yor. Ankara Cumhuriyet Ba\u015fsavc\u0131l\u0131\u011f\u0131 taraf\u0131ndan y\u00fcr\u00fct\u00fclen soru\u015fturma kapsam\u0131nda, eski HDP E\u015f Genel Ba\u015fkanlar\u0131 Selahattin Demirta\u015f ve Figen Y\u00fcksekda\u011f&#8217;\u0131n da aralar\u0131nda bulundu\u011fu 108 san\u0131k hakk\u0131nda kabul edilen iddianamenin ard\u0131ndan olay tarihinde HDP Merkez Y\u00fcr\u00fctme Kurulu (MYK) \u00fcyesi olan milletvekilleri hakk\u0131nda da fezleke haz\u0131rlanmas\u0131na karar verildi.<\/p>\n<p><strong>DOKUNULMAZLIKLARININ KALDIRILMASI TALEB\u0130 \u0130LE FEZLEKE D\u00dcZENLENECEK <\/strong><\/p>\n<p>Kobani olaylara s\u0131ras\u0131nda T\u00fcrkiye genelinde ya\u015fanan ter\u00f6r eylemlerinde yapt\u0131klar\u0131 \u00e7a\u011fr\u0131lar nedeniyle &#8216;azmettirici&#8217; s\u0131fat\u0131yla sorumlu tutulan, HDP E\u015f Genel Ba\u015fkan\u0131 ve \u0130stanbul Milletvekili Pervin Buldan, Grup Ba\u015fkanvekilleri Meral Dan\u0131\u015f Be\u015fta\u015f ve Hakk\u0131 Saruhan Olu\u00e7 ile Diyarbak\u0131r Milletvekili Garo Paylan, \u0130stanbul Milletvekili H\u00fcda Kaya, Van Milletvekili Sezai Temelli, Mardin Milletvekili Pero Dundar, Mersin Milletvekili Fatma Kurtulan ve \u0130zmir Milletvekili Serpil Kemalbay Pekg\u00f6zeg\u00fc hakk\u0131nda, Anayasa&#8217;n\u0131n 83. maddesi gere\u011fince milletvekili dokunulmazl\u0131klar\u0131n\u0131n kald\u0131r\u0131lmas\u0131 talebiyle fezleke d\u00fczenlenecek.<\/p>\n<p><strong>FEZLEKELER MECL\u0130SE G\u00d6NDER\u0130LECEK <\/strong><\/p>\n<p>Ankara Cumhuriyet Ba\u015fsavc\u0131l\u0131\u011f\u0131 Ter\u00f6r Su\u00e7lar\u0131 Soru\u015fturma B\u00fcrosundan sorumlu Ba\u015fsavc\u0131vekili Veysel Ka\u00e7maz&#8217;\u0131n, &#8216;dokunulmazl\u0131klar\u0131n kald\u0131r\u0131lmas\u0131&#8217; istemiyle tamamlayaca\u011f\u0131 fezlekeler, Meclis&#8217;e sevk edilmek \u00fczere Adalet Bakanl\u0131\u011f\u0131na g\u00f6nderilecek. TBMM&#8217;ye ula\u015fan fezlekeler, ilgili komisyonlarda ele al\u0131nd\u0131ktan sonra oylama i\u00e7in Meclis Genel Kurulunda g\u00f6r\u00fc\u015f\u00fclecek. Dokunulmazl\u0131klar\u0131n kald\u0131r\u0131lmas\u0131 y\u00f6n\u00fcnde karar al\u0131nmas\u0131 halinde HDP&#8217;li milletvekilleri i\u00e7in adli s\u00fcre\u00e7 ba\u015flayacak.<\/p>\n<p><em><strong>(SABAH)<\/strong><\/em><\/p>\n<p><em><strong>http:\/\/www.sehrivangazetesi.com\/siyaset\/9-hdp-li-vekile-fezleke-aralarinda-van-vekili-de-var-h74576.html\u00a0<\/strong><\/em><\/p>\n","protected":false},"excerpt":{"rendered":"<p>HDP E\u015f Genel Ba\u015fkan\u0131 Pervin Buldan&#8217;\u0131n da aralar\u0131nda bulundu\u011fu 9 milletvekili hakk\u0131nda 6-8 Ekim olaylar\u0131ndan fezleke haz\u0131rlan\u0131yor. Ter\u00f6r eylemleri nedeniyle vekillerin dokunulmazl\u0131\u011f\u0131n\u0131n kald\u0131r\u0131lmas\u0131 ve yarg\u0131lanmas\u0131 isteniyor. HDP E\u015f Genel Ba\u015fkan\u0131 Pervin Buldan&#8217;\u0131n da aralar\u0131nda bulundu\u011fu 9 milletvekili hakk\u0131nda Kobani olarak bilinen 6-7-8 Ekim 2014 olaylar\u0131 ile ilgili ger\u00e7ekle\u015ftirilen ter\u00f6r eylemleri ile ilgili fezleke haz\u0131rlan\u0131yor. Ankara [&hellip;]<\/p>\n","protected":false},"author":7,"featured_media":61008,"comment_status":"open","ping_status":"open","sticky":false,"template":"","format":"standard","meta":{"footnotes":""},"categories":[1],"tags":[],"class_list":["post-61007","post","type-post","status-publish","format-standard","has-post-thumbnail","hentry","category-haberler"],"yoast_head":"<!-- This site is optimized with the Yoast SEO plugin v27.4 - https:\/\/yoast.com\/product\/yoast-seo-wordpress\/ -->\n<title>9 HDP&#039;li vekile fezleke! Aralar\u0131nda Van vekili de var... - Bati Ermenistan Ve Bati Ermenileri Sorunlari Ara\u015ftirmalar Merkezi<\/title>\n<meta name=\"robots\" content=\"index, follow, max-snippet:-1, max-image-preview:large, max-video-preview:-1\" \/>\n<link rel=\"canonical\" href=\"https:\/\/akunq.net\/tr\/?p=61007\" \/>\n<meta property=\"og:locale\" content=\"en_US\" \/>\n<meta property=\"og:type\" content=\"article\" \/>\n<meta property=\"og:title\" content=\"9 HDP&#039;li vekile fezleke! Aralar\u0131nda Van vekili de var... - Bati Ermenistan Ve Bati Ermenileri Sorunlari Ara\u015ftirmalar Merkezi\" \/>\n<meta property=\"og:description\" content=\"HDP E\u015f Genel Ba\u015fkan\u0131 Pervin Buldan&#8217;\u0131n da aralar\u0131nda bulundu\u011fu 9 milletvekili hakk\u0131nda 6-8 Ekim olaylar\u0131ndan fezleke haz\u0131rlan\u0131yor. Ter\u00f6r eylemleri nedeniyle vekillerin dokunulmazl\u0131\u011f\u0131n\u0131n kald\u0131r\u0131lmas\u0131 ve yarg\u0131lanmas\u0131 isteniyor. HDP E\u015f Genel Ba\u015fkan\u0131 Pervin Buldan&#8217;\u0131n da aralar\u0131nda bulundu\u011fu 9 milletvekili hakk\u0131nda Kobani olarak bilinen 6-7-8 Ekim 2014 olaylar\u0131 ile ilgili ger\u00e7ekle\u015ftirilen ter\u00f6r eylemleri ile ilgili fezleke haz\u0131rlan\u0131yor. Ankara [&hellip;]\" \/>\n<meta property=\"og:url\" content=\"https:\/\/akunq.net\/tr\/?p=61007\" \/>\n<meta property=\"og:site_name\" content=\"Bati Ermenistan Ve Bati Ermenileri Sorunlari Ara\u015ftirmalar Merkezi\" \/>\n<meta property=\"article:published_time\" content=\"2021-01-19T06:16:55+00:00\" \/>\n<meta property=\"og:image\" content=\"https:\/\/akunq.net\/tr\/wp-content\/uploads\/sites\/6\/2021\/01\/TBMM.jpg\" \/>\n\t<meta property=\"og:image:width\" content=\"410\" \/>\n\t<meta property=\"og:image:height\" content=\"300\" \/>\n\t<meta property=\"og:image:type\" content=\"image\/jpeg\" \/>\n<meta name=\"author\" content=\"admin\" \/>\n<meta name=\"twitter:card\" content=\"summary_large_image\" \/>\n<meta name=\"twitter:label1\" content=\"Written by\" \/>\n\t<meta name=\"twitter:data1\" content=\"admin\" \/>\n\t<meta name=\"twitter:label2\" content=\"Est. reading time\" \/>\n\t<meta name=\"twitter:data2\" content=\"2 minutes\" \/>\n<script type=\"application\/ld+json\" class=\"yoast-schema-graph\">{\"@context\":\"https:\\\/\\\/schema.org\",\"@graph\":[{\"@type\":\"Article\",\"@id\":\"https:\\\/\\\/akunq.net\\\/tr\\\/?p=61007#article\",\"isPartOf\":{\"@id\":\"https:\\\/\\\/akunq.net\\\/tr\\\/?p=61007\"},\"author\":{\"name\":\"admin\",\"@id\":\"https:\\\/\\\/akunq.net\\\/tr\\\/#\\\/schema\\\/person\\\/096f1d38a12cce57fb855b485ed24c9e\"},\"headline\":\"9 HDP&#8217;li vekile fezleke! Aralar\u0131nda Van vekili de var&#8230;\",\"datePublished\":\"2021-01-19T06:16:55+00:00\",\"mainEntityOfPage\":{\"@id\":\"https:\\\/\\\/akunq.net\\\/tr\\\/?p=61007\"},\"wordCount\":347,\"commentCount\":0,\"image\":{\"@id\":\"https:\\\/\\\/akunq.net\\\/tr\\\/?p=61007#primaryimage\"},\"thumbnailUrl\":\"https:\\\/\\\/akunq.net\\\/tr\\\/wp-content\\\/uploads\\\/sites\\\/6\\\/2021\\\/01\\\/TBMM.jpg\",\"articleSection\":[\"Haberler\"],\"inLanguage\":\"en-US\",\"potentialAction\":[{\"@type\":\"CommentAction\",\"name\":\"Comment\",\"target\":[\"https:\\\/\\\/akunq.net\\\/tr\\\/?p=61007#respond\"]}]},{\"@type\":\"WebPage\",\"@id\":\"https:\\\/\\\/akunq.net\\\/tr\\\/?p=61007\",\"url\":\"https:\\\/\\\/akunq.net\\\/tr\\\/?p=61007\",\"name\":\"9 HDP'li vekile fezleke! Aralar\u0131nda Van vekili de var... - Bati Ermenistan Ve Bati Ermenileri Sorunlari Ara\u015ftirmalar Merkezi\",\"isPartOf\":{\"@id\":\"https:\\\/\\\/akunq.net\\\/tr\\\/#website\"},\"primaryImageOfPage\":{\"@id\":\"https:\\\/\\\/akunq.net\\\/tr\\\/?p=61007#primaryimage\"},\"image\":{\"@id\":\"https:\\\/\\\/akunq.net\\\/tr\\\/?p=61007#primaryimage\"},\"thumbnailUrl\":\"https:\\\/\\\/akunq.net\\\/tr\\\/wp-content\\\/uploads\\\/sites\\\/6\\\/2021\\\/01\\\/TBMM.jpg\",\"datePublished\":\"2021-01-19T06:16:55+00:00\",\"author\":{\"@id\":\"https:\\\/\\\/akunq.net\\\/tr\\\/#\\\/schema\\\/person\\\/096f1d38a12cce57fb855b485ed24c9e\"},\"breadcrumb\":{\"@id\":\"https:\\\/\\\/akunq.net\\\/tr\\\/?p=61007#breadcrumb\"},\"inLanguage\":\"en-US\",\"potentialAction\":[{\"@type\":\"ReadAction\",\"target\":[\"https:\\\/\\\/akunq.net\\\/tr\\\/?p=61007\"]}]},{\"@type\":\"ImageObject\",\"inLanguage\":\"en-US\",\"@id\":\"https:\\\/\\\/akunq.net\\\/tr\\\/?p=61007#primaryimage\",\"url\":\"https:\\\/\\\/akunq.net\\\/tr\\\/wp-content\\\/uploads\\\/sites\\\/6\\\/2021\\\/01\\\/TBMM.jpg\",\"contentUrl\":\"https:\\\/\\\/akunq.net\\\/tr\\\/wp-content\\\/uploads\\\/sites\\\/6\\\/2021\\\/01\\\/TBMM.jpg\",\"width\":410,\"height\":300},{\"@type\":\"BreadcrumbList\",\"@id\":\"https:\\\/\\\/akunq.net\\\/tr\\\/?p=61007#breadcrumb\",\"itemListElement\":[{\"@type\":\"ListItem\",\"position\":1,\"name\":\"Home\",\"item\":\"https:\\\/\\\/akunq.net\\\/tr\"},{\"@type\":\"ListItem\",\"position\":2,\"name\":\"9 HDP&#8217;li vekile fezleke! Aralar\u0131nda Van vekili de var&#8230;\"}]},{\"@type\":\"WebSite\",\"@id\":\"https:\\\/\\\/akunq.net\\\/tr\\\/#website\",\"url\":\"https:\\\/\\\/akunq.net\\\/tr\\\/\",\"name\":\"Bati Ermenistan Ve Bati Ermenileri Sorunlari Ara\u015ftirmalar Merkezi\",\"description\":\"\",\"potentialAction\":[{\"@type\":\"SearchAction\",\"target\":{\"@type\":\"EntryPoint\",\"urlTemplate\":\"https:\\\/\\\/akunq.net\\\/tr\\\/?s={search_term_string}\"},\"query-input\":{\"@type\":\"PropertyValueSpecification\",\"valueRequired\":true,\"valueName\":\"search_term_string\"}}],\"inLanguage\":\"en-US\"},{\"@type\":\"Person\",\"@id\":\"https:\\\/\\\/akunq.net\\\/tr\\\/#\\\/schema\\\/person\\\/096f1d38a12cce57fb855b485ed24c9e\",\"name\":\"admin\",\"url\":\"https:\\\/\\\/akunq.net\\\/tr\\\/?author=7\"}]}<\/script>\n<!-- \/ Yoast SEO plugin. -->","yoast_head_json":{"title":"9 HDP'li vekile fezleke! Aralar\u0131nda Van vekili de var... - Bati Ermenistan Ve Bati Ermenileri Sorunlari Ara\u015ftirmalar Merkezi","robots":{"index":"index","follow":"follow","max-snippet":"max-snippet:-1","max-image-preview":"max-image-preview:large","max-video-preview":"max-video-preview:-1"},"canonical":"https:\/\/akunq.net\/tr\/?p=61007","og_locale":"en_US","og_type":"article","og_title":"9 HDP'li vekile fezleke! Aralar\u0131nda Van vekili de var... - Bati Ermenistan Ve Bati Ermenileri Sorunlari Ara\u015ftirmalar Merkezi","og_description":"HDP E\u015f Genel Ba\u015fkan\u0131 Pervin Buldan&#8217;\u0131n da aralar\u0131nda bulundu\u011fu 9 milletvekili hakk\u0131nda 6-8 Ekim olaylar\u0131ndan fezleke haz\u0131rlan\u0131yor. Ter\u00f6r eylemleri nedeniyle vekillerin dokunulmazl\u0131\u011f\u0131n\u0131n kald\u0131r\u0131lmas\u0131 ve yarg\u0131lanmas\u0131 isteniyor. HDP E\u015f Genel Ba\u015fkan\u0131 Pervin Buldan&#8217;\u0131n da aralar\u0131nda bulundu\u011fu 9 milletvekili hakk\u0131nda Kobani olarak bilinen 6-7-8 Ekim 2014 olaylar\u0131 ile ilgili ger\u00e7ekle\u015ftirilen ter\u00f6r eylemleri ile ilgili fezleke haz\u0131rlan\u0131yor. Ankara [&hellip;]","og_url":"https:\/\/akunq.net\/tr\/?p=61007","og_site_name":"Bati Ermenistan Ve Bati Ermenileri Sorunlari Ara\u015ftirmalar Merkezi","article_published_time":"2021-01-19T06:16:55+00:00","og_image":[{"width":410,"height":300,"url":"https:\/\/akunq.net\/tr\/wp-content\/uploads\/sites\/6\/2021\/01\/TBMM.jpg","type":"image\/jpeg"}],"author":"admin","twitter_card":"summary_large_image","twitter_misc":{"Written by":"admin","Est. reading time":"2 minutes"},"schema":{"@context":"https:\/\/schema.org","@graph":[{"@type":"Article","@id":"https:\/\/akunq.net\/tr\/?p=61007#article","isPartOf":{"@id":"https:\/\/akunq.net\/tr\/?p=61007"},"author":{"name":"admin","@id":"https:\/\/akunq.net\/tr\/#\/schema\/person\/096f1d38a12cce57fb855b485ed24c9e"},"headline":"9 HDP&#8217;li vekile fezleke! Aralar\u0131nda Van vekili de var&#8230;","datePublished":"2021-01-19T06:16:55+00:00","mainEntityOfPage":{"@id":"https:\/\/akunq.net\/tr\/?p=61007"},"wordCount":347,"commentCount":0,"image":{"@id":"https:\/\/akunq.net\/tr\/?p=61007#primaryimage"},"thumbnailUrl":"https:\/\/akunq.net\/tr\/wp-content\/uploads\/sites\/6\/2021\/01\/TBMM.jpg","articleSection":["Haberler"],"inLanguage":"en-US","potentialAction":[{"@type":"CommentAction","name":"Comment","target":["https:\/\/akunq.net\/tr\/?p=61007#respond"]}]},{"@type":"WebPage","@id":"https:\/\/akunq.net\/tr\/?p=61007","url":"https:\/\/akunq.net\/tr\/?p=61007","name":"9 HDP'li vekile fezleke! Aralar\u0131nda Van vekili de var... - Bati Ermenistan Ve Bati Ermenileri Sorunlari Ara\u015ftirmalar Merkezi","isPartOf":{"@id":"https:\/\/akunq.net\/tr\/#website"},"primaryImageOfPage":{"@id":"https:\/\/akunq.net\/tr\/?p=61007#primaryimage"},"image":{"@id":"https:\/\/akunq.net\/tr\/?p=61007#primaryimage"},"thumbnailUrl":"https:\/\/akunq.net\/tr\/wp-content\/uploads\/sites\/6\/2021\/01\/TBMM.jpg","datePublished":"2021-01-19T06:16:55+00:00","author":{"@id":"https:\/\/akunq.net\/tr\/#\/schema\/person\/096f1d38a12cce57fb855b485ed24c9e"},"breadcrumb":{"@id":"https:\/\/akunq.net\/tr\/?p=61007#breadcrumb"},"inLanguage":"en-US","potentialAction":[{"@type":"ReadAction","target":["https:\/\/akunq.net\/tr\/?p=61007"]}]},{"@type":"ImageObject","inLanguage":"en-US","@id":"https:\/\/akunq.net\/tr\/?p=61007#primaryimage","url":"https:\/\/akunq.net\/tr\/wp-content\/uploads\/sites\/6\/2021\/01\/TBMM.jpg","contentUrl":"https:\/\/akunq.net\/tr\/wp-content\/uploads\/sites\/6\/2021\/01\/TBMM.jpg","width":410,"height":300},{"@type":"BreadcrumbList","@id":"https:\/\/akunq.net\/tr\/?p=61007#breadcrumb","itemListElement":[{"@type":"ListItem","position":1,"name":"Home","item":"https:\/\/akunq.net\/tr"},{"@type":"ListItem","position":2,"name":"9 HDP&#8217;li vekile fezleke! Aralar\u0131nda Van vekili de var&#8230;"}]},{"@type":"WebSite","@id":"https:\/\/akunq.net\/tr\/#website","url":"https:\/\/akunq.net\/tr\/","name":"Bati Ermenistan Ve Bati Ermenileri Sorunlari Ara\u015ftirmalar Merkezi","description":"","potentialAction":[{"@type":"SearchAction","target":{"@type":"EntryPoint","urlTemplate":"https:\/\/akunq.net\/tr\/?s={search_term_string}"},"query-input":{"@type":"PropertyValueSpecification","valueRequired":true,"valueName":"search_term_string"}}],"inLanguage":"en-US"},{"@type":"Person","@id":"https:\/\/akunq.net\/tr\/#\/schema\/person\/096f1d38a12cce57fb855b485ed24c9e","name":"admin","url":"https:\/\/akunq.net\/tr\/?author=7"}]}},"_links":{"self":[{"href":"https:\/\/akunq.net\/tr\/index.php?rest_route=\/wp\/v2\/posts\/61007","targetHints":{"allow":["GET"]}}],"collection":[{"href":"https:\/\/akunq.net\/tr\/index.php?rest_route=\/wp\/v2\/posts"}],"about":[{"href":"https:\/\/akunq.net\/tr\/index.php?rest_route=\/wp\/v2\/types\/post"}],"author":[{"embeddable":true,"href":"https:\/\/akunq.net\/tr\/index.php?rest_route=\/wp\/v2\/users\/7"}],"replies":[{"embeddable":true,"href":"https:\/\/akunq.net\/tr\/index.php?rest_route=%2Fwp%2Fv2%2Fcomments&post=61007"}],"version-history":[{"count":1,"href":"https:\/\/akunq.net\/tr\/index.php?rest_route=\/wp\/v2\/posts\/61007\/revisions"}],"predecessor-version":[{"id":61009,"href":"https:\/\/akunq.net\/tr\/index.php?rest_route=\/wp\/v2\/posts\/61007\/revisions\/61009"}],"wp:featuredmedia":[{"embeddable":true,"href":"https:\/\/akunq.net\/tr\/index.php?rest_route=\/wp\/v2\/media\/61008"}],"wp:attachment":[{"href":"https:\/\/akunq.net\/tr\/index.php?rest_route=%2Fwp%2Fv2%2Fmedia&parent=61007"}],"wp:term":[{"taxonomy":"category","embeddable":true,"href":"https:\/\/akunq.net\/tr\/index.php?rest_route=%2Fwp%2Fv2%2Fcategories&post=61007"},{"taxonomy":"post_tag","embeddable":true,"href":"https:\/\/akunq.net\/tr\/index.php?rest_route=%2Fwp%2Fv2%2Ftags&post=61007"}],"curies":[{"name":"wp","href":"https:\/\/api.w.org\/{rel}","templated":true}]}}