{"id":60983,"date":"2021-01-18T02:28:05","date_gmt":"2021-01-18T07:28:05","guid":{"rendered":"https:\/\/akunq.net\/tr\/?p=60983"},"modified":"2021-01-18T02:28:05","modified_gmt":"2021-01-18T07:28:05","slug":"diyarbakirda-kayip-yakinlari-hrant-dinki-andi","status":"publish","type":"post","link":"https:\/\/akunq.net\/tr\/?p=60983","title":{"rendered":"Diyarbak\u0131r\u2019da kay\u0131p yak\u0131nlar\u0131 Hrant Dink\u2019i and\u0131"},"content":{"rendered":"<p><img loading=\"lazy\" decoding=\"async\" class=\"aligncenter size-medium wp-image-60984\" src=\"https:\/\/akunq.net\/tr\/wp-content\/uploads\/2021\/01\/Hrant-Dink-3-360x214.jpg\" alt=\"\" width=\"360\" height=\"214\" srcset=\"https:\/\/akunq.net\/tr\/wp-content\/uploads\/sites\/6\/2021\/01\/Hrant-Dink-3-360x214.jpg 360w, https:\/\/akunq.net\/tr\/wp-content\/uploads\/sites\/6\/2021\/01\/Hrant-Dink-3-768x457.jpg 768w, https:\/\/akunq.net\/tr\/wp-content\/uploads\/sites\/6\/2021\/01\/Hrant-Dink-3-560x333.jpg 560w, https:\/\/akunq.net\/tr\/wp-content\/uploads\/sites\/6\/2021\/01\/Hrant-Dink-3-260x155.jpg 260w, https:\/\/akunq.net\/tr\/wp-content\/uploads\/sites\/6\/2021\/01\/Hrant-Dink-3-160x95.jpg 160w, https:\/\/akunq.net\/tr\/wp-content\/uploads\/sites\/6\/2021\/01\/Hrant-Dink-3.jpg 840w\" sizes=\"auto, (max-width: 360px) 100vw, 360px\" \/><\/p>\n<p><em><strong>Kay\u0131p yak\u0131nlar\u0131 ve \u0130nsan Haklar\u0131 Derne\u011fi Diyarbak\u0131r \u015eubesi\u2019nin her hafta d\u00fczenledi\u011fi \u201cKay\u0131plar bulunsun, failler yarg\u0131lans\u0131n\u201d eyleminde bu hafta Gazeteci Hrant Dink an\u0131ld\u0131.<\/strong><\/em><\/p>\n<p>Kay\u0131p yak\u0131nlar\u0131 eyleminin 623\u2019\u00fcnc\u00fc haftas\u0131nda 19 Ocak 2007\u2019de katledilen Ermeni gazeteci Hrant Dink dosyas\u0131n\u0131 payla\u015ft\u0131. Eylemde Dink cinayeti davas\u0131n\u0131n T\u00fcrkiye\u2019deki hukukun geldi\u011fi durumu g\u00f6zler \u00f6n\u00fcne serdi\u011fi belirtildi.<\/p>\n<p>Kay\u0131p yak\u0131nlar\u0131 ve \u0130nsan Haklar\u0131 Derne\u011fi (\u0130HD) Diyarbak\u0131r \u015eubesi\u2019nin her hafta d\u00fczenledi\u011fi \u201cKay\u0131plar bulunsun, failler yarg\u0131lans\u0131n\u201d eyleminin 623\u2019\u00fcnc\u00fcs\u00fc, internet \u00fczerinden online ger\u00e7ekle\u015ftirildi. Bu haftaki eylemde, 19 Ocak 2007 tarihinde suikast sonucu \u00f6ld\u00fcr\u00fclen Ermeni gazeteci Hrant Dink\u2019in ya\u015fam\u0131na yer verildi. Dink\u2019in ya\u015fam \u00f6yk\u00fcs\u00fcn\u00fc \u0130HD Diyarbak\u0131r \u015eubesi Y\u00fcr\u00fctme Kurulu ve Kay\u0131p Komisyonu \u00fcyesi Gurbet Yavuz anlatt\u0131.<\/p>\n<p>Yavuz, 2020 y\u0131l\u0131 verilerine g\u00f6re T\u00fcrkiye\u2019nin d\u00fcnya bas\u0131n \u00f6zg\u00fcrl\u00fc\u011f\u00fc ba\u011flam\u0131nda 180 \u00fclke aras\u0131nda 154\u2019\u00fcnc\u00fc s\u0131rada yer ald\u0131\u011f\u0131n\u0131 aktararak T\u00fcrkiye\u2019de bug\u00fcne kadar 66 gazetecinin \u00f6ld\u00fcr\u00fcld\u00fc\u011f\u00fcn\u00fc ve 67 gazetecinin ise cezaevlerinde tutuldu\u011funu belirtti.<\/p>\n<p>T\u00fcrkiye\u2019deki gazetecilerin maruz kald\u0131\u011f\u0131 durumu hat\u0131rlatan Yavuz, daha sonra Gazeteci Dink\u2019in hayat hikayesini payla\u015ft\u0131.<\/p>\n<p>Gazeteci Dink\u2019in ya\u015fam\u0131 boyunca her f\u0131rsatta T\u00fcrkiye\u2019deki halklar\u0131n bar\u0131\u015f i\u00e7inde ya\u015famas\u0131n\u0131 savundu\u011funu ifade eden Yavuz, Dink\u2019in ilk olarak 2002 y\u0131l\u0131nda Urfa\u2019da verdi\u011fi bir konferansta \u201cBen T\u00fcrk de\u011fil T\u00fcrkiyeliyim ve Ermeniyim\u201d dedi\u011fi i\u00e7in \u201cT\u00fcrkl\u00fc\u011f\u00fc a\u015fa\u011f\u0131lamaktan\u201d \u00fc\u00e7 y\u0131l boyunca yarg\u0131land\u0131\u011f\u0131n\u0131 ve sonra beraat etti\u011fini fakat sonras\u0131nda 1915\u2019te Ermeni halk\u0131n\u0131n maruz kald\u0131\u011f\u0131 olaylara ili\u015fkin \u201c1915\u2019te olan bir soyk\u0131r\u0131md\u0131 \u00e7\u00fcnk\u00fc d\u00f6rt bin y\u0131ld\u0131r bu topraklarda ya\u015fayan bir halk ve onun uygarl\u0131\u011f\u0131 art\u0131k yok\u201d dedi\u011fi i\u00e7in baz\u0131 karanl\u0131k odaklar i\u00e7in art\u0131k hedef haline geldi\u011fini dile getirdi.<\/p>\n<p>Dink cinayeti ile T\u00fcrkiye\u2019deki hukuki durumun \u00e7arp\u0131c\u0131 bir \u015fekilde g\u00f6zler \u00f6n\u00fcne serildi\u011fini belirtilerek \u201cFaillerin kamu g\u00f6revlisi oldu\u011fu t\u00fcm dosyalarda oldu\u011fu gibi cezas\u0131zl\u0131k politikas\u0131na giden t\u00fcm pratikler sergilenmi\u015ftir. Ancak avukatlar\u0131n \u00e7abalar\u0131 ve T\u00fcrkiye\u2019de de\u011fi\u015fen siyasi atmosfere g\u00f6re dosya \u015fekil alm\u0131\u015ft\u0131r. Ancak h\u00e2l\u00e2 san\u0131k olmayan, korunan \u00fcst d\u00fczey kamu g\u00f6revlisi failler bulunmaktad\u0131r. Bu sebeple kamu g\u00f6revlilerinin fail oldu\u011fu b\u00fct\u00fcn dosyalarda adil bir yarg\u0131lama i\u00e7erisinde faillerin cezaland\u0131r\u0131laca\u011f\u0131 umuduyla m\u00fccadelemizi s\u00fcrd\u00fcrece\u011fiz\u201d denildi.<\/p>\n<p><em><strong>(Diyarbak\u0131r\/MA)<\/strong><\/em><\/p>\n<p><em><strong><a href=\"https:\/\/hyetert.org\/wp-admin\/post-new.php\">https:\/\/hyetert.org\/wp-admin\/post-new.php<\/a><\/strong><\/em><\/p>\n","protected":false},"excerpt":{"rendered":"<p>Kay\u0131p yak\u0131nlar\u0131 ve \u0130nsan Haklar\u0131 Derne\u011fi Diyarbak\u0131r \u015eubesi\u2019nin her hafta d\u00fczenledi\u011fi \u201cKay\u0131plar bulunsun, failler yarg\u0131lans\u0131n\u201d eyleminde bu hafta Gazeteci Hrant Dink an\u0131ld\u0131. Kay\u0131p yak\u0131nlar\u0131 eyleminin 623\u2019\u00fcnc\u00fc haftas\u0131nda 19 Ocak 2007\u2019de katledilen Ermeni gazeteci Hrant Dink dosyas\u0131n\u0131 payla\u015ft\u0131. Eylemde Dink cinayeti davas\u0131n\u0131n T\u00fcrkiye\u2019deki hukukun geldi\u011fi durumu g\u00f6zler \u00f6n\u00fcne serdi\u011fi belirtildi. Kay\u0131p yak\u0131nlar\u0131 ve \u0130nsan Haklar\u0131 Derne\u011fi [&hellip;]<\/p>\n","protected":false},"author":7,"featured_media":60984,"comment_status":"open","ping_status":"open","sticky":false,"template":"","format":"standard","meta":{"footnotes":""},"categories":[1],"tags":[],"class_list":["post-60983","post","type-post","status-publish","format-standard","has-post-thumbnail","hentry","category-haberler"],"yoast_head":"<!-- This site is optimized with the Yoast SEO plugin v27.4 - https:\/\/yoast.com\/product\/yoast-seo-wordpress\/ -->\n<title>Diyarbak\u0131r\u2019da kay\u0131p yak\u0131nlar\u0131 Hrant Dink\u2019i and\u0131 - Bati Ermenistan Ve Bati Ermenileri Sorunlari Ara\u015ftirmalar Merkezi<\/title>\n<meta name=\"robots\" content=\"index, follow, max-snippet:-1, max-image-preview:large, max-video-preview:-1\" \/>\n<link rel=\"canonical\" href=\"https:\/\/akunq.net\/tr\/?p=60983\" \/>\n<meta property=\"og:locale\" content=\"en_US\" \/>\n<meta property=\"og:type\" content=\"article\" \/>\n<meta property=\"og:title\" content=\"Diyarbak\u0131r\u2019da kay\u0131p yak\u0131nlar\u0131 Hrant Dink\u2019i and\u0131 - Bati Ermenistan Ve Bati Ermenileri Sorunlari Ara\u015ftirmalar Merkezi\" \/>\n<meta property=\"og:description\" content=\"Kay\u0131p yak\u0131nlar\u0131 ve \u0130nsan Haklar\u0131 Derne\u011fi Diyarbak\u0131r \u015eubesi\u2019nin her hafta d\u00fczenledi\u011fi \u201cKay\u0131plar bulunsun, failler yarg\u0131lans\u0131n\u201d eyleminde bu hafta Gazeteci Hrant Dink an\u0131ld\u0131. Kay\u0131p yak\u0131nlar\u0131 eyleminin 623\u2019\u00fcnc\u00fc haftas\u0131nda 19 Ocak 2007\u2019de katledilen Ermeni gazeteci Hrant Dink dosyas\u0131n\u0131 payla\u015ft\u0131. Eylemde Dink cinayeti davas\u0131n\u0131n T\u00fcrkiye\u2019deki hukukun geldi\u011fi durumu g\u00f6zler \u00f6n\u00fcne serdi\u011fi belirtildi. Kay\u0131p yak\u0131nlar\u0131 ve \u0130nsan Haklar\u0131 Derne\u011fi [&hellip;]\" \/>\n<meta property=\"og:url\" content=\"https:\/\/akunq.net\/tr\/?p=60983\" \/>\n<meta property=\"og:site_name\" content=\"Bati Ermenistan Ve Bati Ermenileri Sorunlari Ara\u015ftirmalar Merkezi\" \/>\n<meta property=\"article:published_time\" content=\"2021-01-18T07:28:05+00:00\" \/>\n<meta property=\"og:image\" content=\"https:\/\/akunq.net\/tr\/wp-content\/uploads\/sites\/6\/2021\/01\/Hrant-Dink-3.jpg\" \/>\n\t<meta property=\"og:image:width\" content=\"840\" \/>\n\t<meta property=\"og:image:height\" content=\"500\" \/>\n\t<meta property=\"og:image:type\" content=\"image\/jpeg\" \/>\n<meta name=\"author\" content=\"admin\" \/>\n<meta name=\"twitter:card\" content=\"summary_large_image\" \/>\n<meta name=\"twitter:label1\" content=\"Written by\" \/>\n\t<meta name=\"twitter:data1\" content=\"admin\" \/>\n\t<meta name=\"twitter:label2\" content=\"Est. reading time\" \/>\n\t<meta name=\"twitter:data2\" content=\"2 minutes\" \/>\n<script type=\"application\/ld+json\" class=\"yoast-schema-graph\">{\"@context\":\"https:\\\/\\\/schema.org\",\"@graph\":[{\"@type\":\"Article\",\"@id\":\"https:\\\/\\\/akunq.net\\\/tr\\\/?p=60983#article\",\"isPartOf\":{\"@id\":\"https:\\\/\\\/akunq.net\\\/tr\\\/?p=60983\"},\"author\":{\"name\":\"admin\",\"@id\":\"https:\\\/\\\/akunq.net\\\/tr\\\/#\\\/schema\\\/person\\\/096f1d38a12cce57fb855b485ed24c9e\"},\"headline\":\"Diyarbak\u0131r\u2019da kay\u0131p yak\u0131nlar\u0131 Hrant Dink\u2019i and\u0131\",\"datePublished\":\"2021-01-18T07:28:05+00:00\",\"mainEntityOfPage\":{\"@id\":\"https:\\\/\\\/akunq.net\\\/tr\\\/?p=60983\"},\"wordCount\":466,\"commentCount\":0,\"image\":{\"@id\":\"https:\\\/\\\/akunq.net\\\/tr\\\/?p=60983#primaryimage\"},\"thumbnailUrl\":\"https:\\\/\\\/akunq.net\\\/tr\\\/wp-content\\\/uploads\\\/sites\\\/6\\\/2021\\\/01\\\/Hrant-Dink-3.jpg\",\"articleSection\":[\"Haberler\"],\"inLanguage\":\"en-US\",\"potentialAction\":[{\"@type\":\"CommentAction\",\"name\":\"Comment\",\"target\":[\"https:\\\/\\\/akunq.net\\\/tr\\\/?p=60983#respond\"]}]},{\"@type\":\"WebPage\",\"@id\":\"https:\\\/\\\/akunq.net\\\/tr\\\/?p=60983\",\"url\":\"https:\\\/\\\/akunq.net\\\/tr\\\/?p=60983\",\"name\":\"Diyarbak\u0131r\u2019da kay\u0131p yak\u0131nlar\u0131 Hrant Dink\u2019i and\u0131 - Bati Ermenistan Ve Bati Ermenileri Sorunlari Ara\u015ftirmalar Merkezi\",\"isPartOf\":{\"@id\":\"https:\\\/\\\/akunq.net\\\/tr\\\/#website\"},\"primaryImageOfPage\":{\"@id\":\"https:\\\/\\\/akunq.net\\\/tr\\\/?p=60983#primaryimage\"},\"image\":{\"@id\":\"https:\\\/\\\/akunq.net\\\/tr\\\/?p=60983#primaryimage\"},\"thumbnailUrl\":\"https:\\\/\\\/akunq.net\\\/tr\\\/wp-content\\\/uploads\\\/sites\\\/6\\\/2021\\\/01\\\/Hrant-Dink-3.jpg\",\"datePublished\":\"2021-01-18T07:28:05+00:00\",\"author\":{\"@id\":\"https:\\\/\\\/akunq.net\\\/tr\\\/#\\\/schema\\\/person\\\/096f1d38a12cce57fb855b485ed24c9e\"},\"breadcrumb\":{\"@id\":\"https:\\\/\\\/akunq.net\\\/tr\\\/?p=60983#breadcrumb\"},\"inLanguage\":\"en-US\",\"potentialAction\":[{\"@type\":\"ReadAction\",\"target\":[\"https:\\\/\\\/akunq.net\\\/tr\\\/?p=60983\"]}]},{\"@type\":\"ImageObject\",\"inLanguage\":\"en-US\",\"@id\":\"https:\\\/\\\/akunq.net\\\/tr\\\/?p=60983#primaryimage\",\"url\":\"https:\\\/\\\/akunq.net\\\/tr\\\/wp-content\\\/uploads\\\/sites\\\/6\\\/2021\\\/01\\\/Hrant-Dink-3.jpg\",\"contentUrl\":\"https:\\\/\\\/akunq.net\\\/tr\\\/wp-content\\\/uploads\\\/sites\\\/6\\\/2021\\\/01\\\/Hrant-Dink-3.jpg\",\"width\":840,\"height\":500},{\"@type\":\"BreadcrumbList\",\"@id\":\"https:\\\/\\\/akunq.net\\\/tr\\\/?p=60983#breadcrumb\",\"itemListElement\":[{\"@type\":\"ListItem\",\"position\":1,\"name\":\"Home\",\"item\":\"https:\\\/\\\/akunq.net\\\/tr\"},{\"@type\":\"ListItem\",\"position\":2,\"name\":\"Diyarbak\u0131r\u2019da kay\u0131p yak\u0131nlar\u0131 Hrant Dink\u2019i and\u0131\"}]},{\"@type\":\"WebSite\",\"@id\":\"https:\\\/\\\/akunq.net\\\/tr\\\/#website\",\"url\":\"https:\\\/\\\/akunq.net\\\/tr\\\/\",\"name\":\"Bati Ermenistan Ve Bati Ermenileri Sorunlari Ara\u015ftirmalar Merkezi\",\"description\":\"\",\"potentialAction\":[{\"@type\":\"SearchAction\",\"target\":{\"@type\":\"EntryPoint\",\"urlTemplate\":\"https:\\\/\\\/akunq.net\\\/tr\\\/?s={search_term_string}\"},\"query-input\":{\"@type\":\"PropertyValueSpecification\",\"valueRequired\":true,\"valueName\":\"search_term_string\"}}],\"inLanguage\":\"en-US\"},{\"@type\":\"Person\",\"@id\":\"https:\\\/\\\/akunq.net\\\/tr\\\/#\\\/schema\\\/person\\\/096f1d38a12cce57fb855b485ed24c9e\",\"name\":\"admin\",\"url\":\"https:\\\/\\\/akunq.net\\\/tr\\\/?author=7\"}]}<\/script>\n<!-- \/ Yoast SEO plugin. -->","yoast_head_json":{"title":"Diyarbak\u0131r\u2019da kay\u0131p yak\u0131nlar\u0131 Hrant Dink\u2019i and\u0131 - Bati Ermenistan Ve Bati Ermenileri Sorunlari Ara\u015ftirmalar Merkezi","robots":{"index":"index","follow":"follow","max-snippet":"max-snippet:-1","max-image-preview":"max-image-preview:large","max-video-preview":"max-video-preview:-1"},"canonical":"https:\/\/akunq.net\/tr\/?p=60983","og_locale":"en_US","og_type":"article","og_title":"Diyarbak\u0131r\u2019da kay\u0131p yak\u0131nlar\u0131 Hrant Dink\u2019i and\u0131 - Bati Ermenistan Ve Bati Ermenileri Sorunlari Ara\u015ftirmalar Merkezi","og_description":"Kay\u0131p yak\u0131nlar\u0131 ve \u0130nsan Haklar\u0131 Derne\u011fi Diyarbak\u0131r \u015eubesi\u2019nin her hafta d\u00fczenledi\u011fi \u201cKay\u0131plar bulunsun, failler yarg\u0131lans\u0131n\u201d eyleminde bu hafta Gazeteci Hrant Dink an\u0131ld\u0131. Kay\u0131p yak\u0131nlar\u0131 eyleminin 623\u2019\u00fcnc\u00fc haftas\u0131nda 19 Ocak 2007\u2019de katledilen Ermeni gazeteci Hrant Dink dosyas\u0131n\u0131 payla\u015ft\u0131. Eylemde Dink cinayeti davas\u0131n\u0131n T\u00fcrkiye\u2019deki hukukun geldi\u011fi durumu g\u00f6zler \u00f6n\u00fcne serdi\u011fi belirtildi. Kay\u0131p yak\u0131nlar\u0131 ve \u0130nsan Haklar\u0131 Derne\u011fi [&hellip;]","og_url":"https:\/\/akunq.net\/tr\/?p=60983","og_site_name":"Bati Ermenistan Ve Bati Ermenileri Sorunlari Ara\u015ftirmalar Merkezi","article_published_time":"2021-01-18T07:28:05+00:00","og_image":[{"width":840,"height":500,"url":"https:\/\/akunq.net\/tr\/wp-content\/uploads\/sites\/6\/2021\/01\/Hrant-Dink-3.jpg","type":"image\/jpeg"}],"author":"admin","twitter_card":"summary_large_image","twitter_misc":{"Written by":"admin","Est. reading time":"2 minutes"},"schema":{"@context":"https:\/\/schema.org","@graph":[{"@type":"Article","@id":"https:\/\/akunq.net\/tr\/?p=60983#article","isPartOf":{"@id":"https:\/\/akunq.net\/tr\/?p=60983"},"author":{"name":"admin","@id":"https:\/\/akunq.net\/tr\/#\/schema\/person\/096f1d38a12cce57fb855b485ed24c9e"},"headline":"Diyarbak\u0131r\u2019da kay\u0131p yak\u0131nlar\u0131 Hrant Dink\u2019i and\u0131","datePublished":"2021-01-18T07:28:05+00:00","mainEntityOfPage":{"@id":"https:\/\/akunq.net\/tr\/?p=60983"},"wordCount":466,"commentCount":0,"image":{"@id":"https:\/\/akunq.net\/tr\/?p=60983#primaryimage"},"thumbnailUrl":"https:\/\/akunq.net\/tr\/wp-content\/uploads\/sites\/6\/2021\/01\/Hrant-Dink-3.jpg","articleSection":["Haberler"],"inLanguage":"en-US","potentialAction":[{"@type":"CommentAction","name":"Comment","target":["https:\/\/akunq.net\/tr\/?p=60983#respond"]}]},{"@type":"WebPage","@id":"https:\/\/akunq.net\/tr\/?p=60983","url":"https:\/\/akunq.net\/tr\/?p=60983","name":"Diyarbak\u0131r\u2019da kay\u0131p yak\u0131nlar\u0131 Hrant Dink\u2019i and\u0131 - Bati Ermenistan Ve Bati Ermenileri Sorunlari Ara\u015ftirmalar Merkezi","isPartOf":{"@id":"https:\/\/akunq.net\/tr\/#website"},"primaryImageOfPage":{"@id":"https:\/\/akunq.net\/tr\/?p=60983#primaryimage"},"image":{"@id":"https:\/\/akunq.net\/tr\/?p=60983#primaryimage"},"thumbnailUrl":"https:\/\/akunq.net\/tr\/wp-content\/uploads\/sites\/6\/2021\/01\/Hrant-Dink-3.jpg","datePublished":"2021-01-18T07:28:05+00:00","author":{"@id":"https:\/\/akunq.net\/tr\/#\/schema\/person\/096f1d38a12cce57fb855b485ed24c9e"},"breadcrumb":{"@id":"https:\/\/akunq.net\/tr\/?p=60983#breadcrumb"},"inLanguage":"en-US","potentialAction":[{"@type":"ReadAction","target":["https:\/\/akunq.net\/tr\/?p=60983"]}]},{"@type":"ImageObject","inLanguage":"en-US","@id":"https:\/\/akunq.net\/tr\/?p=60983#primaryimage","url":"https:\/\/akunq.net\/tr\/wp-content\/uploads\/sites\/6\/2021\/01\/Hrant-Dink-3.jpg","contentUrl":"https:\/\/akunq.net\/tr\/wp-content\/uploads\/sites\/6\/2021\/01\/Hrant-Dink-3.jpg","width":840,"height":500},{"@type":"BreadcrumbList","@id":"https:\/\/akunq.net\/tr\/?p=60983#breadcrumb","itemListElement":[{"@type":"ListItem","position":1,"name":"Home","item":"https:\/\/akunq.net\/tr"},{"@type":"ListItem","position":2,"name":"Diyarbak\u0131r\u2019da kay\u0131p yak\u0131nlar\u0131 Hrant Dink\u2019i and\u0131"}]},{"@type":"WebSite","@id":"https:\/\/akunq.net\/tr\/#website","url":"https:\/\/akunq.net\/tr\/","name":"Bati Ermenistan Ve Bati Ermenileri Sorunlari Ara\u015ftirmalar Merkezi","description":"","potentialAction":[{"@type":"SearchAction","target":{"@type":"EntryPoint","urlTemplate":"https:\/\/akunq.net\/tr\/?s={search_term_string}"},"query-input":{"@type":"PropertyValueSpecification","valueRequired":true,"valueName":"search_term_string"}}],"inLanguage":"en-US"},{"@type":"Person","@id":"https:\/\/akunq.net\/tr\/#\/schema\/person\/096f1d38a12cce57fb855b485ed24c9e","name":"admin","url":"https:\/\/akunq.net\/tr\/?author=7"}]}},"_links":{"self":[{"href":"https:\/\/akunq.net\/tr\/index.php?rest_route=\/wp\/v2\/posts\/60983","targetHints":{"allow":["GET"]}}],"collection":[{"href":"https:\/\/akunq.net\/tr\/index.php?rest_route=\/wp\/v2\/posts"}],"about":[{"href":"https:\/\/akunq.net\/tr\/index.php?rest_route=\/wp\/v2\/types\/post"}],"author":[{"embeddable":true,"href":"https:\/\/akunq.net\/tr\/index.php?rest_route=\/wp\/v2\/users\/7"}],"replies":[{"embeddable":true,"href":"https:\/\/akunq.net\/tr\/index.php?rest_route=%2Fwp%2Fv2%2Fcomments&post=60983"}],"version-history":[{"count":1,"href":"https:\/\/akunq.net\/tr\/index.php?rest_route=\/wp\/v2\/posts\/60983\/revisions"}],"predecessor-version":[{"id":60985,"href":"https:\/\/akunq.net\/tr\/index.php?rest_route=\/wp\/v2\/posts\/60983\/revisions\/60985"}],"wp:featuredmedia":[{"embeddable":true,"href":"https:\/\/akunq.net\/tr\/index.php?rest_route=\/wp\/v2\/media\/60984"}],"wp:attachment":[{"href":"https:\/\/akunq.net\/tr\/index.php?rest_route=%2Fwp%2Fv2%2Fmedia&parent=60983"}],"wp:term":[{"taxonomy":"category","embeddable":true,"href":"https:\/\/akunq.net\/tr\/index.php?rest_route=%2Fwp%2Fv2%2Fcategories&post=60983"},{"taxonomy":"post_tag","embeddable":true,"href":"https:\/\/akunq.net\/tr\/index.php?rest_route=%2Fwp%2Fv2%2Ftags&post=60983"}],"curies":[{"name":"wp","href":"https:\/\/api.w.org\/{rel}","templated":true}]}}