{"id":60979,"date":"2021-01-18T01:54:08","date_gmt":"2021-01-18T06:54:08","guid":{"rendered":"https:\/\/akunq.net\/tr\/?p=60979"},"modified":"2021-01-18T01:54:41","modified_gmt":"2021-01-18T06:54:41","slug":"hrant-dinki-bulundugumuz-yerde-aniyoruz","status":"publish","type":"post","link":"https:\/\/akunq.net\/tr\/?p=60979","title":{"rendered":"\u201cHrant Dink\u2019i bulundu\u011fumuz yerde an\u0131yoruz\u201d"},"content":{"rendered":"<p><img loading=\"lazy\" decoding=\"async\" class=\"aligncenter size-medium wp-image-60980\" src=\"https:\/\/akunq.net\/tr\/wp-content\/uploads\/2021\/01\/Hrant-Dink-2-360x233.jpg\" alt=\"\" width=\"360\" height=\"233\" srcset=\"https:\/\/akunq.net\/tr\/wp-content\/uploads\/sites\/6\/2021\/01\/Hrant-Dink-2-360x233.jpg 360w, https:\/\/akunq.net\/tr\/wp-content\/uploads\/sites\/6\/2021\/01\/Hrant-Dink-2-768x497.jpg 768w, https:\/\/akunq.net\/tr\/wp-content\/uploads\/sites\/6\/2021\/01\/Hrant-Dink-2-560x362.jpg 560w, https:\/\/akunq.net\/tr\/wp-content\/uploads\/sites\/6\/2021\/01\/Hrant-Dink-2-260x168.jpg 260w, https:\/\/akunq.net\/tr\/wp-content\/uploads\/sites\/6\/2021\/01\/Hrant-Dink-2-160x104.jpg 160w, https:\/\/akunq.net\/tr\/wp-content\/uploads\/sites\/6\/2021\/01\/Hrant-Dink-2.jpg 1020w\" sizes=\"auto, (max-width: 360px) 100vw, 360px\" \/><\/p>\n<p><em><strong>Tilbe Saran, Ercan Kesal, Derya Alabora, Bo\u011fos \u00c7alg\u0131c\u0131o\u011flu ve Serra Y\u0131lmaz, Hrant Dink i\u00e7in seslendirdikleri videoda \u201919 Ocak\u2019 \u00e7a\u011fr\u0131s\u0131 yapt\u0131.<\/strong><\/em><\/p>\n<p>2007\u2019den bu yana cinayet davas\u0131n\u0131 takip eden ve 19 Ocak anma t\u00f6renlerini organize eden Hrant\u2019\u0131n Arkada\u015flar\u0131 grubu, YouTube sayfalar\u0131 \u00fczerinden haz\u0131rlad\u0131klar\u0131 videolarla herkesi bulundu\u011fu yerde ekranlar\u0131 ba\u015f\u0131nda Hrant Dink\u2019in anmaya \u00e7a\u011f\u0131r\u0131yor.<\/p>\n<p>\u00c7a\u011fr\u0131 metnini Gaye Boral\u0131o\u011flu\u2019nun yazd\u0131\u011f\u0131, Tilbe Saran, Ercan Kesal, Derya alabora, Bo\u011fos \u00c7alg\u0131c\u0131o\u011flu ve Serra Y\u0131lmaz\u2019\u0131n seslendirdi\u011fi, \u00dcmit K\u0131van\u00e7\u2019\u0131n ise video haline getirdi\u011fi \u00e7al\u0131\u015fma \u015f\u00f6yle:<\/p>\n<div class=\"fluid-width-video-wrapper\"><iframe id=\"fitvid869089\" title=\"Tilbe Saran | 19 Ocak 2021 \u00c7a\u011fr\u0131 Videosu\" src=\"https:\/\/www.youtube.com\/embed\/5eAe3zZhm6E?feature=oembed\" frameborder=\"0\" allowfullscreen=\"allowfullscreen\" data-mce-fragment=\"1\"><\/iframe><\/div>\n<div class=\"fluid-width-video-wrapper\"><iframe id=\"fitvid149278\" title=\"Ercan Kesal | 19 Ocak 2021 \u00c7a\u011fr\u0131 Filmi\" src=\"https:\/\/www.youtube.com\/embed\/3j2ba5DtAJA?feature=oembed\" frameborder=\"0\" allowfullscreen=\"allowfullscreen\" data-mce-fragment=\"1\"><\/iframe><\/div>\n<div class=\"fluid-width-video-wrapper\"><iframe id=\"fitvid716989\" title=\"Derya Alabora | 19 Ocak 2021 \u00c7a\u011fr\u0131 Videosu\" src=\"https:\/\/www.youtube.com\/embed\/H896QKZg7-E?feature=oembed\" frameborder=\"0\" allowfullscreen=\"allowfullscreen\" data-mce-fragment=\"1\"><\/iframe><\/div>\n<div class=\"fluid-width-video-wrapper\"><iframe id=\"fitvid916479\" title=\"Bo\u011fos \u00c7alg\u0131c\u0131o\u011flu | 19 Ocak 2021 \u00c7a\u011fr\u0131 Videosu\" src=\"https:\/\/www.youtube.com\/embed\/Jh9hqujb1c8?feature=oembed\" frameborder=\"0\" allowfullscreen=\"allowfullscreen\" data-mce-fragment=\"1\"><\/iframe><\/div>\n<div class=\"fluid-width-video-wrapper\"><iframe id=\"fitvid725760\" title=\"Serra Y\u0131lmaz | 19 Ocak 2021 \u00c7a\u011fr\u0131 Videosu\" src=\"https:\/\/www.youtube.com\/embed\/Bd3zwr2P9sg?feature=oembed\" frameborder=\"0\" allowfullscreen=\"allowfullscreen\" data-mce-fragment=\"1\"><\/iframe><\/div>\n<p>\u201cSen \u0130stanbul\u2019un r\u00fczgar\u0131nda, F\u0131rat\u2019taki su zerresinde, Ararat\u2019\u0131n tepesindeki bulutlardas\u0131n.<\/p>\n<p>\u201cSen Orta Do\u011fu\u2019da bir k\u0131z \u00e7ocu\u011funun g\u00f6zya\u015f\u0131nda, G\u00fcney Amerika\u2019da bir yerlinin nefesinde, Afrika\u2019da bir \u00e7ift\u00e7inin al\u0131n terindesin.<\/p>\n<p>\u201cSen akl\u0131n erdi\u011fi, g\u00f6z\u00fcn g\u00f6rd\u00fc\u011f\u00fc, kalbin hissetti\u011fi her yerdesin. Sen daima buradas\u0131n ahparig!\u201d<\/p>\n<p>19 Ocak\u2019taki anma t\u00f6reni bu y\u0131l koronavir\u00fcs salg\u0131n\u0131 nedeniyle saat 14.45\u2019te hranticinadaleticin.org adresinde yap\u0131lacak.<\/p>\n<p><em><strong>https:\/\/bianet.org\/bianet\/insan-haklari\/237637-hrant-dink-i-bulundugumuz-yerde-aniyoruz?bia_source=rss\u00a0<\/strong><\/em><\/p>\n","protected":false},"excerpt":{"rendered":"<p>Tilbe Saran, Ercan Kesal, Derya Alabora, Bo\u011fos \u00c7alg\u0131c\u0131o\u011flu ve Serra Y\u0131lmaz, Hrant Dink i\u00e7in seslendirdikleri videoda \u201919 Ocak\u2019 \u00e7a\u011fr\u0131s\u0131 yapt\u0131. 2007\u2019den bu yana cinayet davas\u0131n\u0131 takip eden ve 19 Ocak anma t\u00f6renlerini organize eden Hrant\u2019\u0131n Arkada\u015flar\u0131 grubu, YouTube sayfalar\u0131 \u00fczerinden haz\u0131rlad\u0131klar\u0131 videolarla herkesi bulundu\u011fu yerde ekranlar\u0131 ba\u015f\u0131nda Hrant Dink\u2019in anmaya \u00e7a\u011f\u0131r\u0131yor. \u00c7a\u011fr\u0131 metnini Gaye Boral\u0131o\u011flu\u2019nun [&hellip;]<\/p>\n","protected":false},"author":7,"featured_media":60980,"comment_status":"open","ping_status":"open","sticky":false,"template":"","format":"standard","meta":{"footnotes":""},"categories":[1],"tags":[],"class_list":["post-60979","post","type-post","status-publish","format-standard","has-post-thumbnail","hentry","category-haberler"],"yoast_head":"<!-- This site is optimized with the Yoast SEO plugin v27.4 - https:\/\/yoast.com\/product\/yoast-seo-wordpress\/ -->\n<title>\u201cHrant Dink\u2019i bulundu\u011fumuz yerde an\u0131yoruz\u201d - Bati Ermenistan Ve Bati Ermenileri Sorunlari Ara\u015ftirmalar Merkezi<\/title>\n<meta name=\"robots\" content=\"index, follow, max-snippet:-1, max-image-preview:large, max-video-preview:-1\" \/>\n<link rel=\"canonical\" href=\"https:\/\/akunq.net\/tr\/?p=60979\" \/>\n<meta property=\"og:locale\" content=\"en_US\" \/>\n<meta property=\"og:type\" content=\"article\" \/>\n<meta property=\"og:title\" content=\"\u201cHrant Dink\u2019i bulundu\u011fumuz yerde an\u0131yoruz\u201d - Bati Ermenistan Ve Bati Ermenileri Sorunlari Ara\u015ftirmalar Merkezi\" \/>\n<meta property=\"og:description\" content=\"Tilbe Saran, Ercan Kesal, Derya Alabora, Bo\u011fos \u00c7alg\u0131c\u0131o\u011flu ve Serra Y\u0131lmaz, Hrant Dink i\u00e7in seslendirdikleri videoda \u201919 Ocak\u2019 \u00e7a\u011fr\u0131s\u0131 yapt\u0131. 2007\u2019den bu yana cinayet davas\u0131n\u0131 takip eden ve 19 Ocak anma t\u00f6renlerini organize eden Hrant\u2019\u0131n Arkada\u015flar\u0131 grubu, YouTube sayfalar\u0131 \u00fczerinden haz\u0131rlad\u0131klar\u0131 videolarla herkesi bulundu\u011fu yerde ekranlar\u0131 ba\u015f\u0131nda Hrant Dink\u2019in anmaya \u00e7a\u011f\u0131r\u0131yor. \u00c7a\u011fr\u0131 metnini Gaye Boral\u0131o\u011flu\u2019nun [&hellip;]\" \/>\n<meta property=\"og:url\" content=\"https:\/\/akunq.net\/tr\/?p=60979\" \/>\n<meta property=\"og:site_name\" content=\"Bati Ermenistan Ve Bati Ermenileri Sorunlari Ara\u015ftirmalar Merkezi\" \/>\n<meta property=\"article:published_time\" content=\"2021-01-18T06:54:08+00:00\" \/>\n<meta property=\"article:modified_time\" content=\"2021-01-18T06:54:41+00:00\" \/>\n<meta property=\"og:image\" content=\"https:\/\/akunq.net\/tr\/wp-content\/uploads\/sites\/6\/2021\/01\/Hrant-Dink-2.jpg\" \/>\n\t<meta property=\"og:image:width\" content=\"1020\" \/>\n\t<meta property=\"og:image:height\" content=\"660\" \/>\n\t<meta property=\"og:image:type\" content=\"image\/jpeg\" \/>\n<meta name=\"author\" content=\"admin\" \/>\n<meta name=\"twitter:card\" content=\"summary_large_image\" \/>\n<meta name=\"twitter:label1\" content=\"Written by\" \/>\n\t<meta name=\"twitter:data1\" content=\"admin\" \/>\n\t<meta name=\"twitter:label2\" content=\"Est. reading time\" \/>\n\t<meta name=\"twitter:data2\" content=\"1 minute\" \/>\n<script type=\"application\/ld+json\" class=\"yoast-schema-graph\">{\"@context\":\"https:\\\/\\\/schema.org\",\"@graph\":[{\"@type\":\"Article\",\"@id\":\"https:\\\/\\\/akunq.net\\\/tr\\\/?p=60979#article\",\"isPartOf\":{\"@id\":\"https:\\\/\\\/akunq.net\\\/tr\\\/?p=60979\"},\"author\":{\"name\":\"admin\",\"@id\":\"https:\\\/\\\/akunq.net\\\/tr\\\/#\\\/schema\\\/person\\\/096f1d38a12cce57fb855b485ed24c9e\"},\"headline\":\"\u201cHrant Dink\u2019i bulundu\u011fumuz yerde an\u0131yoruz\u201d\",\"datePublished\":\"2021-01-18T06:54:08+00:00\",\"dateModified\":\"2021-01-18T06:54:41+00:00\",\"mainEntityOfPage\":{\"@id\":\"https:\\\/\\\/akunq.net\\\/tr\\\/?p=60979\"},\"wordCount\":209,\"commentCount\":0,\"image\":{\"@id\":\"https:\\\/\\\/akunq.net\\\/tr\\\/?p=60979#primaryimage\"},\"thumbnailUrl\":\"https:\\\/\\\/akunq.net\\\/tr\\\/wp-content\\\/uploads\\\/sites\\\/6\\\/2021\\\/01\\\/Hrant-Dink-2.jpg\",\"articleSection\":[\"Haberler\"],\"inLanguage\":\"en-US\",\"potentialAction\":[{\"@type\":\"CommentAction\",\"name\":\"Comment\",\"target\":[\"https:\\\/\\\/akunq.net\\\/tr\\\/?p=60979#respond\"]}]},{\"@type\":\"WebPage\",\"@id\":\"https:\\\/\\\/akunq.net\\\/tr\\\/?p=60979\",\"url\":\"https:\\\/\\\/akunq.net\\\/tr\\\/?p=60979\",\"name\":\"\u201cHrant Dink\u2019i bulundu\u011fumuz yerde an\u0131yoruz\u201d - Bati Ermenistan Ve Bati Ermenileri Sorunlari Ara\u015ftirmalar Merkezi\",\"isPartOf\":{\"@id\":\"https:\\\/\\\/akunq.net\\\/tr\\\/#website\"},\"primaryImageOfPage\":{\"@id\":\"https:\\\/\\\/akunq.net\\\/tr\\\/?p=60979#primaryimage\"},\"image\":{\"@id\":\"https:\\\/\\\/akunq.net\\\/tr\\\/?p=60979#primaryimage\"},\"thumbnailUrl\":\"https:\\\/\\\/akunq.net\\\/tr\\\/wp-content\\\/uploads\\\/sites\\\/6\\\/2021\\\/01\\\/Hrant-Dink-2.jpg\",\"datePublished\":\"2021-01-18T06:54:08+00:00\",\"dateModified\":\"2021-01-18T06:54:41+00:00\",\"author\":{\"@id\":\"https:\\\/\\\/akunq.net\\\/tr\\\/#\\\/schema\\\/person\\\/096f1d38a12cce57fb855b485ed24c9e\"},\"breadcrumb\":{\"@id\":\"https:\\\/\\\/akunq.net\\\/tr\\\/?p=60979#breadcrumb\"},\"inLanguage\":\"en-US\",\"potentialAction\":[{\"@type\":\"ReadAction\",\"target\":[\"https:\\\/\\\/akunq.net\\\/tr\\\/?p=60979\"]}]},{\"@type\":\"ImageObject\",\"inLanguage\":\"en-US\",\"@id\":\"https:\\\/\\\/akunq.net\\\/tr\\\/?p=60979#primaryimage\",\"url\":\"https:\\\/\\\/akunq.net\\\/tr\\\/wp-content\\\/uploads\\\/sites\\\/6\\\/2021\\\/01\\\/Hrant-Dink-2.jpg\",\"contentUrl\":\"https:\\\/\\\/akunq.net\\\/tr\\\/wp-content\\\/uploads\\\/sites\\\/6\\\/2021\\\/01\\\/Hrant-Dink-2.jpg\",\"width\":1020,\"height\":660},{\"@type\":\"BreadcrumbList\",\"@id\":\"https:\\\/\\\/akunq.net\\\/tr\\\/?p=60979#breadcrumb\",\"itemListElement\":[{\"@type\":\"ListItem\",\"position\":1,\"name\":\"Home\",\"item\":\"https:\\\/\\\/akunq.net\\\/tr\"},{\"@type\":\"ListItem\",\"position\":2,\"name\":\"\u201cHrant Dink\u2019i bulundu\u011fumuz yerde an\u0131yoruz\u201d\"}]},{\"@type\":\"WebSite\",\"@id\":\"https:\\\/\\\/akunq.net\\\/tr\\\/#website\",\"url\":\"https:\\\/\\\/akunq.net\\\/tr\\\/\",\"name\":\"Bati Ermenistan Ve Bati Ermenileri Sorunlari Ara\u015ftirmalar Merkezi\",\"description\":\"\",\"potentialAction\":[{\"@type\":\"SearchAction\",\"target\":{\"@type\":\"EntryPoint\",\"urlTemplate\":\"https:\\\/\\\/akunq.net\\\/tr\\\/?s={search_term_string}\"},\"query-input\":{\"@type\":\"PropertyValueSpecification\",\"valueRequired\":true,\"valueName\":\"search_term_string\"}}],\"inLanguage\":\"en-US\"},{\"@type\":\"Person\",\"@id\":\"https:\\\/\\\/akunq.net\\\/tr\\\/#\\\/schema\\\/person\\\/096f1d38a12cce57fb855b485ed24c9e\",\"name\":\"admin\",\"url\":\"https:\\\/\\\/akunq.net\\\/tr\\\/?author=7\"}]}<\/script>\n<!-- \/ Yoast SEO plugin. -->","yoast_head_json":{"title":"\u201cHrant Dink\u2019i bulundu\u011fumuz yerde an\u0131yoruz\u201d - Bati Ermenistan Ve Bati Ermenileri Sorunlari Ara\u015ftirmalar Merkezi","robots":{"index":"index","follow":"follow","max-snippet":"max-snippet:-1","max-image-preview":"max-image-preview:large","max-video-preview":"max-video-preview:-1"},"canonical":"https:\/\/akunq.net\/tr\/?p=60979","og_locale":"en_US","og_type":"article","og_title":"\u201cHrant Dink\u2019i bulundu\u011fumuz yerde an\u0131yoruz\u201d - Bati Ermenistan Ve Bati Ermenileri Sorunlari Ara\u015ftirmalar Merkezi","og_description":"Tilbe Saran, Ercan Kesal, Derya Alabora, Bo\u011fos \u00c7alg\u0131c\u0131o\u011flu ve Serra Y\u0131lmaz, Hrant Dink i\u00e7in seslendirdikleri videoda \u201919 Ocak\u2019 \u00e7a\u011fr\u0131s\u0131 yapt\u0131. 2007\u2019den bu yana cinayet davas\u0131n\u0131 takip eden ve 19 Ocak anma t\u00f6renlerini organize eden Hrant\u2019\u0131n Arkada\u015flar\u0131 grubu, YouTube sayfalar\u0131 \u00fczerinden haz\u0131rlad\u0131klar\u0131 videolarla herkesi bulundu\u011fu yerde ekranlar\u0131 ba\u015f\u0131nda Hrant Dink\u2019in anmaya \u00e7a\u011f\u0131r\u0131yor. \u00c7a\u011fr\u0131 metnini Gaye Boral\u0131o\u011flu\u2019nun [&hellip;]","og_url":"https:\/\/akunq.net\/tr\/?p=60979","og_site_name":"Bati Ermenistan Ve Bati Ermenileri Sorunlari Ara\u015ftirmalar Merkezi","article_published_time":"2021-01-18T06:54:08+00:00","article_modified_time":"2021-01-18T06:54:41+00:00","og_image":[{"width":1020,"height":660,"url":"https:\/\/akunq.net\/tr\/wp-content\/uploads\/sites\/6\/2021\/01\/Hrant-Dink-2.jpg","type":"image\/jpeg"}],"author":"admin","twitter_card":"summary_large_image","twitter_misc":{"Written by":"admin","Est. reading time":"1 minute"},"schema":{"@context":"https:\/\/schema.org","@graph":[{"@type":"Article","@id":"https:\/\/akunq.net\/tr\/?p=60979#article","isPartOf":{"@id":"https:\/\/akunq.net\/tr\/?p=60979"},"author":{"name":"admin","@id":"https:\/\/akunq.net\/tr\/#\/schema\/person\/096f1d38a12cce57fb855b485ed24c9e"},"headline":"\u201cHrant Dink\u2019i bulundu\u011fumuz yerde an\u0131yoruz\u201d","datePublished":"2021-01-18T06:54:08+00:00","dateModified":"2021-01-18T06:54:41+00:00","mainEntityOfPage":{"@id":"https:\/\/akunq.net\/tr\/?p=60979"},"wordCount":209,"commentCount":0,"image":{"@id":"https:\/\/akunq.net\/tr\/?p=60979#primaryimage"},"thumbnailUrl":"https:\/\/akunq.net\/tr\/wp-content\/uploads\/sites\/6\/2021\/01\/Hrant-Dink-2.jpg","articleSection":["Haberler"],"inLanguage":"en-US","potentialAction":[{"@type":"CommentAction","name":"Comment","target":["https:\/\/akunq.net\/tr\/?p=60979#respond"]}]},{"@type":"WebPage","@id":"https:\/\/akunq.net\/tr\/?p=60979","url":"https:\/\/akunq.net\/tr\/?p=60979","name":"\u201cHrant Dink\u2019i bulundu\u011fumuz yerde an\u0131yoruz\u201d - Bati Ermenistan Ve Bati Ermenileri Sorunlari Ara\u015ftirmalar Merkezi","isPartOf":{"@id":"https:\/\/akunq.net\/tr\/#website"},"primaryImageOfPage":{"@id":"https:\/\/akunq.net\/tr\/?p=60979#primaryimage"},"image":{"@id":"https:\/\/akunq.net\/tr\/?p=60979#primaryimage"},"thumbnailUrl":"https:\/\/akunq.net\/tr\/wp-content\/uploads\/sites\/6\/2021\/01\/Hrant-Dink-2.jpg","datePublished":"2021-01-18T06:54:08+00:00","dateModified":"2021-01-18T06:54:41+00:00","author":{"@id":"https:\/\/akunq.net\/tr\/#\/schema\/person\/096f1d38a12cce57fb855b485ed24c9e"},"breadcrumb":{"@id":"https:\/\/akunq.net\/tr\/?p=60979#breadcrumb"},"inLanguage":"en-US","potentialAction":[{"@type":"ReadAction","target":["https:\/\/akunq.net\/tr\/?p=60979"]}]},{"@type":"ImageObject","inLanguage":"en-US","@id":"https:\/\/akunq.net\/tr\/?p=60979#primaryimage","url":"https:\/\/akunq.net\/tr\/wp-content\/uploads\/sites\/6\/2021\/01\/Hrant-Dink-2.jpg","contentUrl":"https:\/\/akunq.net\/tr\/wp-content\/uploads\/sites\/6\/2021\/01\/Hrant-Dink-2.jpg","width":1020,"height":660},{"@type":"BreadcrumbList","@id":"https:\/\/akunq.net\/tr\/?p=60979#breadcrumb","itemListElement":[{"@type":"ListItem","position":1,"name":"Home","item":"https:\/\/akunq.net\/tr"},{"@type":"ListItem","position":2,"name":"\u201cHrant Dink\u2019i bulundu\u011fumuz yerde an\u0131yoruz\u201d"}]},{"@type":"WebSite","@id":"https:\/\/akunq.net\/tr\/#website","url":"https:\/\/akunq.net\/tr\/","name":"Bati Ermenistan Ve Bati Ermenileri Sorunlari Ara\u015ftirmalar Merkezi","description":"","potentialAction":[{"@type":"SearchAction","target":{"@type":"EntryPoint","urlTemplate":"https:\/\/akunq.net\/tr\/?s={search_term_string}"},"query-input":{"@type":"PropertyValueSpecification","valueRequired":true,"valueName":"search_term_string"}}],"inLanguage":"en-US"},{"@type":"Person","@id":"https:\/\/akunq.net\/tr\/#\/schema\/person\/096f1d38a12cce57fb855b485ed24c9e","name":"admin","url":"https:\/\/akunq.net\/tr\/?author=7"}]}},"_links":{"self":[{"href":"https:\/\/akunq.net\/tr\/index.php?rest_route=\/wp\/v2\/posts\/60979","targetHints":{"allow":["GET"]}}],"collection":[{"href":"https:\/\/akunq.net\/tr\/index.php?rest_route=\/wp\/v2\/posts"}],"about":[{"href":"https:\/\/akunq.net\/tr\/index.php?rest_route=\/wp\/v2\/types\/post"}],"author":[{"embeddable":true,"href":"https:\/\/akunq.net\/tr\/index.php?rest_route=\/wp\/v2\/users\/7"}],"replies":[{"embeddable":true,"href":"https:\/\/akunq.net\/tr\/index.php?rest_route=%2Fwp%2Fv2%2Fcomments&post=60979"}],"version-history":[{"count":2,"href":"https:\/\/akunq.net\/tr\/index.php?rest_route=\/wp\/v2\/posts\/60979\/revisions"}],"predecessor-version":[{"id":60982,"href":"https:\/\/akunq.net\/tr\/index.php?rest_route=\/wp\/v2\/posts\/60979\/revisions\/60982"}],"wp:featuredmedia":[{"embeddable":true,"href":"https:\/\/akunq.net\/tr\/index.php?rest_route=\/wp\/v2\/media\/60980"}],"wp:attachment":[{"href":"https:\/\/akunq.net\/tr\/index.php?rest_route=%2Fwp%2Fv2%2Fmedia&parent=60979"}],"wp:term":[{"taxonomy":"category","embeddable":true,"href":"https:\/\/akunq.net\/tr\/index.php?rest_route=%2Fwp%2Fv2%2Fcategories&post=60979"},{"taxonomy":"post_tag","embeddable":true,"href":"https:\/\/akunq.net\/tr\/index.php?rest_route=%2Fwp%2Fv2%2Ftags&post=60979"}],"curies":[{"name":"wp","href":"https:\/\/api.w.org\/{rel}","templated":true}]}}