{"id":60973,"date":"2021-01-18T01:33:50","date_gmt":"2021-01-18T06:33:50","guid":{"rendered":"https:\/\/akunq.net\/tr\/?p=60973"},"modified":"2021-01-18T01:33:50","modified_gmt":"2021-01-18T06:33:50","slug":"tas-avlulu-evin-kadinlari","status":"publish","type":"post","link":"https:\/\/akunq.net\/tr\/?p=60973","title":{"rendered":"Ta\u015f avlulu evin kad\u0131nlar\u0131"},"content":{"rendered":"<h4><img loading=\"lazy\" decoding=\"async\" class=\"aligncenter size-medium wp-image-60974\" src=\"https:\/\/akunq.net\/tr\/wp-content\/uploads\/2021\/01\/Dink-2-360x180.jpg\" alt=\"\" width=\"360\" height=\"180\" srcset=\"https:\/\/akunq.net\/tr\/wp-content\/uploads\/sites\/6\/2021\/01\/Dink-2-360x180.jpg 360w, https:\/\/akunq.net\/tr\/wp-content\/uploads\/sites\/6\/2021\/01\/Dink-2-260x130.jpg 260w, https:\/\/akunq.net\/tr\/wp-content\/uploads\/sites\/6\/2021\/01\/Dink-2-160x80.jpg 160w, https:\/\/akunq.net\/tr\/wp-content\/uploads\/sites\/6\/2021\/01\/Dink-2.jpg 512w\" sizes=\"auto, (max-width: 360px) 100vw, 360px\" \/><\/h4>\n<h4><strong><em>Koca y\u00fcrekleriyle dar sokaklar\u0131 geni\u015fleten, birbirlerine m\u00fcsamaha i\u00e7inde olan ta\u015f avlulu evlerdeki sakinlerden biri de babaannemdi. S\u00fcryanileri, Keldanileri, Ermenileri ilk ondan duymu\u015ftum. Babaannemin son zamanlar\u0131na kadar dostluk ba\u011f\u0131yla ba\u011fl\u0131 oldu\u011fu en yak\u0131n\u0131ndaki ki\u015fi Ermeni bir kad\u0131nd\u0131.<\/em><\/strong><\/h4>\n<p><strong>T\u00dcRKAN EL\u00c7\u0130<\/strong><\/p>\n<p><em>&#8230;<\/em><br \/>\n<em>dedim ki:kas\u0131mpat\u0131lar gidenlerin kokusuna kas\u0131mpat\u0131lar iyi gelir<\/em><br \/>\n<em>dedim ki:kas\u0131mpat\u0131lar kar\u0131n alt\u0131nda bizi bekler,gitmez bir yerlere,biz gideriz, dedim<\/em><br \/>\n<em>dedim ki:bizim de kap\u0131 \u00f6n\u00fc olan bir evimiz,sabahlara \u00e7\u0131kt\u0131\u011f\u0131m\u0131z,gecesinde i\u00e7imize d\u00f6nd\u00fc\u011f\u00fcm\u00fcz,\u00e7at\u0131s\u0131 r\u00fczg\u00e2rl\u0131,d\u00fcnyan\u0131n kenar\u0131nda bir evimiz,evimizin kenar\u0131nda kas\u0131mpat\u0131lar vard\u0131<\/em><br \/>\n<em>dedim ki:kas\u0131mpat\u0131lar a\u00e7\u0131nca birileri gider<\/em><br \/>\n<em>dedim ki: biz sevince birileri kaybolur<\/em><br \/>\n<em>&#8230;<\/em><br \/>\nAgos, Hrant Dink&#8217;in y\u0131ld\u00f6n\u00fcm\u00fc i\u00e7in bir\u00a0 yaz\u0131yla katk\u0131da bulunmam\u0131 isteyince y\u0131l d\u00f6n\u00fcmlerini anlatman\u0131n zor olaca\u011f\u0131n\u0131 bildi\u011fim halde hay\u0131r diyemedim. Agos&#8217;un bizim yan\u0131m\u0131zda ayr\u0131 bir yeri vard\u0131r. Y\u0131ld\u00f6n\u00fcmlerinin ad\u0131m ad\u0131m yakla\u015ft\u0131\u011f\u0131n\u0131 hissedince g\u00fcnler \u00f6ncesinden kara bir bulut gibi g\u00f6\u011fs\u00fcm\u00fcz\u00fcn \u00fczerine \u00e7\u00f6ken a\u011f\u0131rl\u0131\u011f\u0131 anlatmaya s\u00f6zc\u00fck bulamaz insan, gidenlerin \u00f6mr\u00fcbillah unutulmayacak bir zul\u00fcmle aram\u0131zdan kopar\u0131l\u0131\u015f\u0131n\u0131 hangi kalem hakk\u0131yla yazabilir ki?<br \/>\nKaybettiklerimizin y\u0131ld\u00f6n\u00fcmleri, ac\u0131m\u0131z\u0131n halkas\u0131na bir halkan\u0131n daha eklendi\u011fi, bir \u00e7\u0131rp\u0131da elimizden kay\u0131p giden zamanlar\u0131n ve elimizden al\u0131nanlar\u0131n \u00e7etelesinin tutuldu\u011fu, bir yan\u0131m\u0131z\u0131n diri, bir yan\u0131m\u0131z\u0131n \u00f6l\u00fc oldu\u011funu fark etti\u011fimiz an\u0131n di\u011fer ad\u0131d\u0131r.<\/p>\n<p>Y\u0131ld\u00f6n\u00fcmleri, d\u00fcnyan\u0131n kenar\u0131nda in\u015fa etti\u011fimiz yar\u0131m kalan eski hayat\u0131m\u0131z\u0131, bizlere di\u011fer g\u00fcnlere oranla daha ziyadesiyle hat\u0131rlatt\u0131\u011f\u0131 zamanlar\u0131n ad\u0131d\u0131r. D\u00fcnyan\u0131n kenar\u0131 diyorum, evet, kenar\u0131. D\u00fcnyan\u0131n kenar\u0131ndaki evlerimizde kendi halimizde i\u00e7imize d\u00f6nerek herkes gibi sabahlar\u0131 bekleyen gecelerden ge\u00e7en s\u0131radan insanlar olarak, bir anda kendimizi ac\u0131n\u0131n ortas\u0131nda buldu\u011fumuz zamanlar\u0131n ad\u0131d\u0131r y\u0131ld\u00f6n\u00fcmleri.<br \/>\nY\u0131ld\u00f6n\u00fcmleri evimizdeki saks\u0131larda de\u011fil, sevdiklerimizin g\u00f6\u011fs\u00fcn\u00fcn ortas\u0131nda ye\u015feren \u00e7i\u00e7ekleri sulamaya gitti\u011fimiz anlar\u0131n, kar\u0131n alt\u0131nda g\u00fcnden g\u00fcne k\u00f6k salan\u00a0 kas\u0131mpat\u0131lar\u0131n, gidenlerin bir daha d\u00f6nmeyeceklerini bize bir kez daha hat\u0131rlatt\u0131\u011f\u0131,\u00a0 kaybolup kaybolmamakta karar k\u0131lamayan usumuzun s\u0131\u011f\u0131nacak\u00a0 ba\u015fka mekanlar arad\u0131\u011f\u0131 zamanlar\u0131n ad\u0131d\u0131r.<br \/>\nKatledilenlerin y\u0131ld\u00f6n\u00fcmleri, daha ba\u015fka, ba\u015fka ba\u015fka katledilenlerin de hat\u0131rland\u0131\u011f\u0131, haks\u0131zl\u0131\u011f\u0131n zulm\u00fcn b\u00fcy\u00fcyen dalgas\u0131 kar\u015f\u0131s\u0131nda birbirimize kenetlendi\u011fimiz; y\u00fcre\u011fimizdeki duygunun kollar\u0131m\u0131zda dola\u015fan g\u00fcc\u00fcn di\u011fer ad\u0131d\u0131r.<\/p>\n<p><strong>Suri\u00e7i, babaannem ve Ermeniler<\/strong><br \/>\nBen Hrant Dink&#8217;i her hat\u0131rlad\u0131\u011f\u0131mda\u00a0 akl\u0131ma \u00e7ocuklu\u011fumun sokaklar\u0131 d\u00fc\u015fer. \u201cSilah, \u00e7at\u0131\u015fma operasyon istemiyoruz\u201d hayk\u0131r\u0131\u015f\u0131yla u\u011fruna \u00f6l\u00fcnen sokaklar. Ebeveynimin uzun s\u00fcre, benim ise d\u00f6rt ya\u015f\u0131ma kadar kald\u0131\u011f\u0131m Suri\u00e7i &#8216;nin, uzun y\u0131llar farkl\u0131 etnik k\u00f6kenden ve dine mensup ki\u015filerin meskun oldu\u011fu bir yer oldu\u011funu bilmeyen yoktur herhalde.<br \/>\nKoca y\u00fcrekleriyle dar sokaklar\u0131 geni\u015fleten, birbirlerine m\u00fcsamaha i\u00e7inde olan ta\u015f avlulu evlerdeki sakinlerden biri de babaannemdi. S\u00fcryanileri, Keldanileri,\u00a0 Ermenileri\u00a0 ilk ondan duymu\u015ftum. Babaannemin son zamanlar\u0131na kadar dostluk ba\u011f\u0131yla ba\u011fl\u0131 oldu\u011fu en yak\u0131n\u0131ndaki ki\u015fi &#8211; bug\u00fcnk\u00fc tabiriyle kankas\u0131 -Ermeni bir kad\u0131nd\u0131.<\/p>\n<p>Evimizden biri gibiydi, hatta ben uzun s\u00fcre bizim akrabalar\u0131m\u0131zdan biri oldu\u011funu zannediyordum. Ermeni oldu\u011funu y\u0131llar sonra \u00f6\u011frenmi\u015ftim. Sur d\u0131\u015f\u0131na ta\u015f\u0131nd\u0131ktan sonraki zamanlarda evimize gelirken babaannemle soban\u0131n ba\u015f\u0131na ge\u00e7ip birbirlerine i\u00e7lerini d\u00f6kt\u00fckleri sohbetlerini, beraber yemek pi\u015firip sofra kurduklar\u0131n\u0131 hat\u0131rlar\u0131m. Tabii o zamanlar samimi misafirlerle soban\u0131n ba\u015f\u0131na oturulur, alevlerin k\u0131rm\u0131z\u0131l\u0131\u011f\u0131, ate\u015fin k\u00fcle d\u00f6n\u00fc\u015f\u00fc seyredilirken sohbet koyula\u015f\u0131r, dostluk ba\u011flar\u0131 o s\u0131cakl\u0131kla daha da peki\u015ftirilirdi.<\/p>\n<p>Odun sobas\u0131n\u0131n \u00e7\u0131t\u0131rt\u0131lar\u0131n\u0131 dinlerlerken birinin kula\u011f\u0131 ezanda, di\u011ferininki de \u00e7an sesindeymi\u015f me\u011ferse. Ba\u015fkalar\u0131n\u0131n kirli d\u00fcnyas\u0131ndan \u00e7ok uzakta, kendilerinin yaratt\u0131klar\u0131\u00a0 bir d\u00fcnyada dar sokaklara a\u00e7\u0131lan ta\u015f avlulu evlerin kad\u0131nlar\u0131yd\u0131 onlar. Tumas&#8217;\u0131n f\u0131r\u0131n\u0131ndan ekmek kokusu yay\u0131lan mahallede her bir g\u00f6z odada ya\u015fayanlar\u0131n\u00a0 ortak olarak kulland\u0131klar\u0131 ta\u015f avlularda, karde\u015flik meskun mahaldi o zamanlar. Kiliselerden, camilerden, mezarl\u0131klardan, her g\u00fcn herkesin ayak izinin de\u011fdi\u011fi\u00a0 sokaklardan, evlerin duvarlar\u0131ndan, tokmakl\u0131 tahta kap\u0131lardan, ac\u0131dan, kederden s\u00fcz\u00fclm\u00fc\u015f a\u011f\u0131tlardan, a\u015fkla bezenmi\u015f t\u00fcrk\u00fclerden bilc\u00fcmle ortak bir haf\u0131za yarat\u0131lm\u0131\u015ft\u0131, ge\u00e7mi\u015fte her ne kadar k\u00f6t\u00fc \u015feyler ya\u015fanm\u0131\u015fsa da g\u00f6rmezlikten gelmeyi becerebiliyordu o insanlar. En az\u0131ndan ebeveynlerimden duyduklar\u0131md\u0131r anlatmaya \u00e7al\u0131\u015ft\u0131\u011f\u0131m.<br \/>\nBirbirlerinden farkl\u0131 renklerle kara ta\u015flara nak\u0131\u015flanm\u0131\u015f ve birlikte ya\u015faman\u0131n emaresini bulabilece\u011fimiz, yar\u0131nlara elimizden geldi\u011fince ta\u015f\u0131maya \u00e7abalad\u0131\u011f\u0131m\u0131z karde\u015flik duygular\u0131m\u0131z\u0131n resmi olan mahalleydi bizimki.<\/p>\n<p><strong>O duvarlar darac\u0131k sokaklara devrildi<\/strong><br \/>\nBen ne zaman Hrant\u00a0 Dink&#8217;i hat\u0131rlasam \u00e7ocuklu\u011fumun o s\u0131cak, huzurlu, e\u015fsiz ta\u015f avlulu evleri gelir akl\u0131ma. O bar\u0131\u015f i\u00e7indeki ya\u015fam birilerini rahats\u0131z etmi\u015f olacak ki bizi bize hat\u0131rlatan ortak haf\u0131zadan m\u00fcte\u015fekkil tarih\u00ee yerleri y\u0131k\u0131p yok etmek istediler. Bizim gibi s\u0131rt s\u0131rta yaslanan evlerin duvarlar\u0131 darac\u0131k sokaklara devrildi evvela, birbirimize ula\u015faca\u011f\u0131m\u0131z yollar kapand\u0131. Bah\u00e7elerimize dikti\u011fimiz dut a\u011fa\u00e7lar\u0131m\u0131z kurudu,\u00a0 k\u0131r\u0131k d\u00f6k\u00fck hayatlar\u0131m\u0131z\u0131n yaln\u0131zl\u0131\u011f\u0131n\u0131 pencerelerde kalan susuz\u00a0 fesle\u011fenler anlatt\u0131.<\/p>\n<p>\u201cBu tarih\u00ee b\u00f6lgede silah, \u00e7at\u0131\u015fma, operasyon istemiyoruz\u201d denildi, duyan olmad\u0131. \u00c7ocuklu\u011fumuzun ge\u00e7ti\u011fi yerlerle aram\u0131za perdeler gerildi, ayan beyan \u00f6ld\u00fcr\u00fcld\u00fck, \u00fcst\u00fc \u00f6rt\u00fcld\u00fc.<\/p>\n<p>D\u0131\u015far\u0131da \u00f6ld\u00fcr\u00fcc\u00fc zemheri, dam\u0131m\u0131za kadar kara batm\u0131\u015f\u0131z, ortada yanan odun sobas\u0131, cam\u0131 bu\u011fulanm\u0131\u015f penceremizi d\u00fc\u015fl\u00fcyorum, \u00e7ocuk parmaklar\u0131m cama bir \u015feyler yaz\u0131yor. Ta\u015f avlulu evlerin kad\u0131nlar\u0131n\u0131n ho\u015fg\u00f6r\u00fcs\u00fc, ta\u015f avlulu evlerin kad\u0131nlar\u0131n\u0131n ho\u015fg\u00f6r\u00fcs\u00fc. \u00d6zlemek, ho\u015fg\u00f6r\u00fcy\u00fc \u00f6zlemek.<\/p>\n<p><em><strong>http:\/\/www.agos.com.tr\/tr\/yazi\/25185\/tas-avlulu-evin-kadinlari<\/strong><\/em><\/p>\n","protected":false},"excerpt":{"rendered":"<p>Koca y\u00fcrekleriyle dar sokaklar\u0131 geni\u015fleten, birbirlerine m\u00fcsamaha i\u00e7inde olan ta\u015f avlulu evlerdeki sakinlerden biri de babaannemdi. S\u00fcryanileri, Keldanileri, Ermenileri ilk ondan duymu\u015ftum. Babaannemin son zamanlar\u0131na kadar dostluk ba\u011f\u0131yla ba\u011fl\u0131 oldu\u011fu en yak\u0131n\u0131ndaki ki\u015fi Ermeni bir kad\u0131nd\u0131. T\u00dcRKAN EL\u00c7\u0130 &#8230; dedim ki:kas\u0131mpat\u0131lar gidenlerin kokusuna kas\u0131mpat\u0131lar iyi gelir dedim ki:kas\u0131mpat\u0131lar kar\u0131n alt\u0131nda bizi bekler,gitmez bir yerlere,biz gideriz, [&hellip;]<\/p>\n","protected":false},"author":7,"featured_media":60974,"comment_status":"open","ping_status":"open","sticky":false,"template":"","format":"standard","meta":{"footnotes":""},"categories":[1,70],"tags":[],"class_list":["post-60973","post","type-post","status-publish","format-standard","has-post-thumbnail","hentry","category-haberler","category-makaleler"],"yoast_head":"<!-- This site is optimized with the Yoast SEO plugin v27.4 - https:\/\/yoast.com\/product\/yoast-seo-wordpress\/ -->\n<title>Ta\u015f avlulu evin kad\u0131nlar\u0131 - Bati Ermenistan Ve Bati Ermenileri Sorunlari Ara\u015ftirmalar Merkezi<\/title>\n<meta name=\"robots\" content=\"index, follow, max-snippet:-1, max-image-preview:large, max-video-preview:-1\" \/>\n<link rel=\"canonical\" href=\"https:\/\/akunq.net\/tr\/?p=60973\" \/>\n<meta property=\"og:locale\" content=\"en_US\" \/>\n<meta property=\"og:type\" content=\"article\" \/>\n<meta property=\"og:title\" content=\"Ta\u015f avlulu evin kad\u0131nlar\u0131 - Bati Ermenistan Ve Bati Ermenileri Sorunlari Ara\u015ftirmalar Merkezi\" \/>\n<meta property=\"og:description\" content=\"Koca y\u00fcrekleriyle dar sokaklar\u0131 geni\u015fleten, birbirlerine m\u00fcsamaha i\u00e7inde olan ta\u015f avlulu evlerdeki sakinlerden biri de babaannemdi. S\u00fcryanileri, Keldanileri, Ermenileri ilk ondan duymu\u015ftum. Babaannemin son zamanlar\u0131na kadar dostluk ba\u011f\u0131yla ba\u011fl\u0131 oldu\u011fu en yak\u0131n\u0131ndaki ki\u015fi Ermeni bir kad\u0131nd\u0131. T\u00dcRKAN EL\u00c7\u0130 &#8230; dedim ki:kas\u0131mpat\u0131lar gidenlerin kokusuna kas\u0131mpat\u0131lar iyi gelir dedim ki:kas\u0131mpat\u0131lar kar\u0131n alt\u0131nda bizi bekler,gitmez bir yerlere,biz gideriz, [&hellip;]\" \/>\n<meta property=\"og:url\" content=\"https:\/\/akunq.net\/tr\/?p=60973\" \/>\n<meta property=\"og:site_name\" content=\"Bati Ermenistan Ve Bati Ermenileri Sorunlari Ara\u015ftirmalar Merkezi\" \/>\n<meta property=\"article:published_time\" content=\"2021-01-18T06:33:50+00:00\" \/>\n<meta property=\"og:image\" content=\"https:\/\/akunq.net\/tr\/wp-content\/uploads\/sites\/6\/2021\/01\/Dink-2.jpg\" \/>\n\t<meta property=\"og:image:width\" content=\"512\" \/>\n\t<meta property=\"og:image:height\" content=\"256\" \/>\n\t<meta property=\"og:image:type\" content=\"image\/jpeg\" \/>\n<meta name=\"author\" content=\"admin\" \/>\n<meta name=\"twitter:card\" content=\"summary_large_image\" \/>\n<meta name=\"twitter:label1\" content=\"Written by\" \/>\n\t<meta name=\"twitter:data1\" content=\"admin\" \/>\n\t<meta name=\"twitter:label2\" content=\"Est. reading time\" \/>\n\t<meta name=\"twitter:data2\" content=\"6 minutes\" \/>\n<script type=\"application\/ld+json\" class=\"yoast-schema-graph\">{\"@context\":\"https:\\\/\\\/schema.org\",\"@graph\":[{\"@type\":\"Article\",\"@id\":\"https:\\\/\\\/akunq.net\\\/tr\\\/?p=60973#article\",\"isPartOf\":{\"@id\":\"https:\\\/\\\/akunq.net\\\/tr\\\/?p=60973\"},\"author\":{\"name\":\"admin\",\"@id\":\"https:\\\/\\\/akunq.net\\\/tr\\\/#\\\/schema\\\/person\\\/096f1d38a12cce57fb855b485ed24c9e\"},\"headline\":\"Ta\u015f avlulu evin kad\u0131nlar\u0131\",\"datePublished\":\"2021-01-18T06:33:50+00:00\",\"mainEntityOfPage\":{\"@id\":\"https:\\\/\\\/akunq.net\\\/tr\\\/?p=60973\"},\"wordCount\":1107,\"commentCount\":0,\"image\":{\"@id\":\"https:\\\/\\\/akunq.net\\\/tr\\\/?p=60973#primaryimage\"},\"thumbnailUrl\":\"https:\\\/\\\/akunq.net\\\/tr\\\/wp-content\\\/uploads\\\/sites\\\/6\\\/2021\\\/01\\\/Dink-2.jpg\",\"articleSection\":[\"Haberler\",\"Makaleler\"],\"inLanguage\":\"en-US\",\"potentialAction\":[{\"@type\":\"CommentAction\",\"name\":\"Comment\",\"target\":[\"https:\\\/\\\/akunq.net\\\/tr\\\/?p=60973#respond\"]}]},{\"@type\":\"WebPage\",\"@id\":\"https:\\\/\\\/akunq.net\\\/tr\\\/?p=60973\",\"url\":\"https:\\\/\\\/akunq.net\\\/tr\\\/?p=60973\",\"name\":\"Ta\u015f avlulu evin kad\u0131nlar\u0131 - Bati Ermenistan Ve Bati Ermenileri Sorunlari Ara\u015ftirmalar Merkezi\",\"isPartOf\":{\"@id\":\"https:\\\/\\\/akunq.net\\\/tr\\\/#website\"},\"primaryImageOfPage\":{\"@id\":\"https:\\\/\\\/akunq.net\\\/tr\\\/?p=60973#primaryimage\"},\"image\":{\"@id\":\"https:\\\/\\\/akunq.net\\\/tr\\\/?p=60973#primaryimage\"},\"thumbnailUrl\":\"https:\\\/\\\/akunq.net\\\/tr\\\/wp-content\\\/uploads\\\/sites\\\/6\\\/2021\\\/01\\\/Dink-2.jpg\",\"datePublished\":\"2021-01-18T06:33:50+00:00\",\"author\":{\"@id\":\"https:\\\/\\\/akunq.net\\\/tr\\\/#\\\/schema\\\/person\\\/096f1d38a12cce57fb855b485ed24c9e\"},\"breadcrumb\":{\"@id\":\"https:\\\/\\\/akunq.net\\\/tr\\\/?p=60973#breadcrumb\"},\"inLanguage\":\"en-US\",\"potentialAction\":[{\"@type\":\"ReadAction\",\"target\":[\"https:\\\/\\\/akunq.net\\\/tr\\\/?p=60973\"]}]},{\"@type\":\"ImageObject\",\"inLanguage\":\"en-US\",\"@id\":\"https:\\\/\\\/akunq.net\\\/tr\\\/?p=60973#primaryimage\",\"url\":\"https:\\\/\\\/akunq.net\\\/tr\\\/wp-content\\\/uploads\\\/sites\\\/6\\\/2021\\\/01\\\/Dink-2.jpg\",\"contentUrl\":\"https:\\\/\\\/akunq.net\\\/tr\\\/wp-content\\\/uploads\\\/sites\\\/6\\\/2021\\\/01\\\/Dink-2.jpg\",\"width\":512,\"height\":256},{\"@type\":\"BreadcrumbList\",\"@id\":\"https:\\\/\\\/akunq.net\\\/tr\\\/?p=60973#breadcrumb\",\"itemListElement\":[{\"@type\":\"ListItem\",\"position\":1,\"name\":\"Home\",\"item\":\"https:\\\/\\\/akunq.net\\\/tr\"},{\"@type\":\"ListItem\",\"position\":2,\"name\":\"Ta\u015f avlulu evin kad\u0131nlar\u0131\"}]},{\"@type\":\"WebSite\",\"@id\":\"https:\\\/\\\/akunq.net\\\/tr\\\/#website\",\"url\":\"https:\\\/\\\/akunq.net\\\/tr\\\/\",\"name\":\"Bati Ermenistan Ve Bati Ermenileri Sorunlari Ara\u015ftirmalar Merkezi\",\"description\":\"\",\"potentialAction\":[{\"@type\":\"SearchAction\",\"target\":{\"@type\":\"EntryPoint\",\"urlTemplate\":\"https:\\\/\\\/akunq.net\\\/tr\\\/?s={search_term_string}\"},\"query-input\":{\"@type\":\"PropertyValueSpecification\",\"valueRequired\":true,\"valueName\":\"search_term_string\"}}],\"inLanguage\":\"en-US\"},{\"@type\":\"Person\",\"@id\":\"https:\\\/\\\/akunq.net\\\/tr\\\/#\\\/schema\\\/person\\\/096f1d38a12cce57fb855b485ed24c9e\",\"name\":\"admin\",\"url\":\"https:\\\/\\\/akunq.net\\\/tr\\\/?author=7\"}]}<\/script>\n<!-- \/ Yoast SEO plugin. -->","yoast_head_json":{"title":"Ta\u015f avlulu evin kad\u0131nlar\u0131 - Bati Ermenistan Ve Bati Ermenileri Sorunlari Ara\u015ftirmalar Merkezi","robots":{"index":"index","follow":"follow","max-snippet":"max-snippet:-1","max-image-preview":"max-image-preview:large","max-video-preview":"max-video-preview:-1"},"canonical":"https:\/\/akunq.net\/tr\/?p=60973","og_locale":"en_US","og_type":"article","og_title":"Ta\u015f avlulu evin kad\u0131nlar\u0131 - Bati Ermenistan Ve Bati Ermenileri Sorunlari Ara\u015ftirmalar Merkezi","og_description":"Koca y\u00fcrekleriyle dar sokaklar\u0131 geni\u015fleten, birbirlerine m\u00fcsamaha i\u00e7inde olan ta\u015f avlulu evlerdeki sakinlerden biri de babaannemdi. S\u00fcryanileri, Keldanileri, Ermenileri ilk ondan duymu\u015ftum. Babaannemin son zamanlar\u0131na kadar dostluk ba\u011f\u0131yla ba\u011fl\u0131 oldu\u011fu en yak\u0131n\u0131ndaki ki\u015fi Ermeni bir kad\u0131nd\u0131. T\u00dcRKAN EL\u00c7\u0130 &#8230; dedim ki:kas\u0131mpat\u0131lar gidenlerin kokusuna kas\u0131mpat\u0131lar iyi gelir dedim ki:kas\u0131mpat\u0131lar kar\u0131n alt\u0131nda bizi bekler,gitmez bir yerlere,biz gideriz, [&hellip;]","og_url":"https:\/\/akunq.net\/tr\/?p=60973","og_site_name":"Bati Ermenistan Ve Bati Ermenileri Sorunlari Ara\u015ftirmalar Merkezi","article_published_time":"2021-01-18T06:33:50+00:00","og_image":[{"width":512,"height":256,"url":"https:\/\/akunq.net\/tr\/wp-content\/uploads\/sites\/6\/2021\/01\/Dink-2.jpg","type":"image\/jpeg"}],"author":"admin","twitter_card":"summary_large_image","twitter_misc":{"Written by":"admin","Est. reading time":"6 minutes"},"schema":{"@context":"https:\/\/schema.org","@graph":[{"@type":"Article","@id":"https:\/\/akunq.net\/tr\/?p=60973#article","isPartOf":{"@id":"https:\/\/akunq.net\/tr\/?p=60973"},"author":{"name":"admin","@id":"https:\/\/akunq.net\/tr\/#\/schema\/person\/096f1d38a12cce57fb855b485ed24c9e"},"headline":"Ta\u015f avlulu evin kad\u0131nlar\u0131","datePublished":"2021-01-18T06:33:50+00:00","mainEntityOfPage":{"@id":"https:\/\/akunq.net\/tr\/?p=60973"},"wordCount":1107,"commentCount":0,"image":{"@id":"https:\/\/akunq.net\/tr\/?p=60973#primaryimage"},"thumbnailUrl":"https:\/\/akunq.net\/tr\/wp-content\/uploads\/sites\/6\/2021\/01\/Dink-2.jpg","articleSection":["Haberler","Makaleler"],"inLanguage":"en-US","potentialAction":[{"@type":"CommentAction","name":"Comment","target":["https:\/\/akunq.net\/tr\/?p=60973#respond"]}]},{"@type":"WebPage","@id":"https:\/\/akunq.net\/tr\/?p=60973","url":"https:\/\/akunq.net\/tr\/?p=60973","name":"Ta\u015f avlulu evin kad\u0131nlar\u0131 - Bati Ermenistan Ve Bati Ermenileri Sorunlari Ara\u015ftirmalar Merkezi","isPartOf":{"@id":"https:\/\/akunq.net\/tr\/#website"},"primaryImageOfPage":{"@id":"https:\/\/akunq.net\/tr\/?p=60973#primaryimage"},"image":{"@id":"https:\/\/akunq.net\/tr\/?p=60973#primaryimage"},"thumbnailUrl":"https:\/\/akunq.net\/tr\/wp-content\/uploads\/sites\/6\/2021\/01\/Dink-2.jpg","datePublished":"2021-01-18T06:33:50+00:00","author":{"@id":"https:\/\/akunq.net\/tr\/#\/schema\/person\/096f1d38a12cce57fb855b485ed24c9e"},"breadcrumb":{"@id":"https:\/\/akunq.net\/tr\/?p=60973#breadcrumb"},"inLanguage":"en-US","potentialAction":[{"@type":"ReadAction","target":["https:\/\/akunq.net\/tr\/?p=60973"]}]},{"@type":"ImageObject","inLanguage":"en-US","@id":"https:\/\/akunq.net\/tr\/?p=60973#primaryimage","url":"https:\/\/akunq.net\/tr\/wp-content\/uploads\/sites\/6\/2021\/01\/Dink-2.jpg","contentUrl":"https:\/\/akunq.net\/tr\/wp-content\/uploads\/sites\/6\/2021\/01\/Dink-2.jpg","width":512,"height":256},{"@type":"BreadcrumbList","@id":"https:\/\/akunq.net\/tr\/?p=60973#breadcrumb","itemListElement":[{"@type":"ListItem","position":1,"name":"Home","item":"https:\/\/akunq.net\/tr"},{"@type":"ListItem","position":2,"name":"Ta\u015f avlulu evin kad\u0131nlar\u0131"}]},{"@type":"WebSite","@id":"https:\/\/akunq.net\/tr\/#website","url":"https:\/\/akunq.net\/tr\/","name":"Bati Ermenistan Ve Bati Ermenileri Sorunlari Ara\u015ftirmalar Merkezi","description":"","potentialAction":[{"@type":"SearchAction","target":{"@type":"EntryPoint","urlTemplate":"https:\/\/akunq.net\/tr\/?s={search_term_string}"},"query-input":{"@type":"PropertyValueSpecification","valueRequired":true,"valueName":"search_term_string"}}],"inLanguage":"en-US"},{"@type":"Person","@id":"https:\/\/akunq.net\/tr\/#\/schema\/person\/096f1d38a12cce57fb855b485ed24c9e","name":"admin","url":"https:\/\/akunq.net\/tr\/?author=7"}]}},"_links":{"self":[{"href":"https:\/\/akunq.net\/tr\/index.php?rest_route=\/wp\/v2\/posts\/60973","targetHints":{"allow":["GET"]}}],"collection":[{"href":"https:\/\/akunq.net\/tr\/index.php?rest_route=\/wp\/v2\/posts"}],"about":[{"href":"https:\/\/akunq.net\/tr\/index.php?rest_route=\/wp\/v2\/types\/post"}],"author":[{"embeddable":true,"href":"https:\/\/akunq.net\/tr\/index.php?rest_route=\/wp\/v2\/users\/7"}],"replies":[{"embeddable":true,"href":"https:\/\/akunq.net\/tr\/index.php?rest_route=%2Fwp%2Fv2%2Fcomments&post=60973"}],"version-history":[{"count":1,"href":"https:\/\/akunq.net\/tr\/index.php?rest_route=\/wp\/v2\/posts\/60973\/revisions"}],"predecessor-version":[{"id":60975,"href":"https:\/\/akunq.net\/tr\/index.php?rest_route=\/wp\/v2\/posts\/60973\/revisions\/60975"}],"wp:featuredmedia":[{"embeddable":true,"href":"https:\/\/akunq.net\/tr\/index.php?rest_route=\/wp\/v2\/media\/60974"}],"wp:attachment":[{"href":"https:\/\/akunq.net\/tr\/index.php?rest_route=%2Fwp%2Fv2%2Fmedia&parent=60973"}],"wp:term":[{"taxonomy":"category","embeddable":true,"href":"https:\/\/akunq.net\/tr\/index.php?rest_route=%2Fwp%2Fv2%2Fcategories&post=60973"},{"taxonomy":"post_tag","embeddable":true,"href":"https:\/\/akunq.net\/tr\/index.php?rest_route=%2Fwp%2Fv2%2Ftags&post=60973"}],"curies":[{"name":"wp","href":"https:\/\/api.w.org\/{rel}","templated":true}]}}