{"id":60965,"date":"2021-01-15T04:16:55","date_gmt":"2021-01-15T09:16:55","guid":{"rendered":"https:\/\/akunq.net\/tr\/?p=60965"},"modified":"2021-01-15T04:16:55","modified_gmt":"2021-01-15T09:16:55","slug":"karanlik-koridorlarda-bir-hayalet-antura","status":"publish","type":"post","link":"https:\/\/akunq.net\/tr\/?p=60965","title":{"rendered":"Karanl\u0131k Koridorlarda Bir Hayalet; Antura\u2026"},"content":{"rendered":"<p><img loading=\"lazy\" decoding=\"async\" class=\"aligncenter size-medium wp-image-60966\" src=\"https:\/\/akunq.net\/tr\/wp-content\/uploads\/2021\/01\/Antura-332x270.jpeg\" alt=\"\" width=\"332\" height=\"270\" srcset=\"https:\/\/akunq.net\/tr\/wp-content\/uploads\/sites\/6\/2021\/01\/Antura-332x270.jpeg 332w, https:\/\/akunq.net\/tr\/wp-content\/uploads\/sites\/6\/2021\/01\/Antura-768x624.jpeg 768w, https:\/\/akunq.net\/tr\/wp-content\/uploads\/sites\/6\/2021\/01\/Antura-560x455.jpeg 560w, https:\/\/akunq.net\/tr\/wp-content\/uploads\/sites\/6\/2021\/01\/Antura-260x211.jpeg 260w, https:\/\/akunq.net\/tr\/wp-content\/uploads\/sites\/6\/2021\/01\/Antura-160x130.jpeg 160w, https:\/\/akunq.net\/tr\/wp-content\/uploads\/sites\/6\/2021\/01\/Antura.jpeg 1080w\" sizes=\"auto, (max-width: 332px) 100vw, 332px\" \/><\/p>\n<p><strong>\u0130nan\u00e7 T\u00dcRKER<\/strong><\/p>\n<p><strong><em>Daha \u00f6nce size, ilk roman\u0131ma da ilham kayna\u011f\u0131 olan Ortado\u011fu\u2019da bir otelin dramatik hikayesini anlatm\u0131\u015ft\u0131m.<\/em><\/strong><\/p>\n<p>Evet\u2026 \u0130ngiliz gazeteci H. N. Brailsford\u2019un (1873-1958) dedi\u011fi gibi, \u2018\u2019\u0130nsan, sava\u015f\u0131n ne oldu\u011funu, ancak bitti\u011fi zaman anlar.\u2019\u2019<\/p>\n<p>Her t\u00fcrl\u00fc vandall\u0131ktan nasibini alan Ermeni Mazlumyan Ailesi\u2019nin oteli, 1.D\u00fcnya Sava\u015f\u0131\u2019nda ya\u015fanan k\u0131y\u0131m\u0131n abidesi haline gelmi\u015f\u2026<\/p>\n<p>Sava\u015f\u0131n ba\u015frol oyuncusu Almanlar, atalar\u0131n\u0131n buyurdu\u011fu! \u2018\u2019B\u00fcy\u00fck bir sava\u015f, \u00fclkede \u00fc\u00e7 ordu b\u0131rak\u0131r; sakatlar ordusu, yas tutanlar ordusu ve h\u0131rs\u0131zlar ordusu\u2019\u2019 s\u00f6z\u00fcn\u00fc unutmu\u015f olmal\u0131 ki ilk f\u0131rsatta fitili ate\u015flemi\u015fler ve halklar\u0131 da buna \u00e7ok g\u00fczel! haz\u0131rlam\u0131\u015flar.<\/p>\n<p>Albert Einstein\u2019in, \u2018\u2019Propagandayla zehirlenmedikleri s\u00fcrece kitleler asla sava\u015f d\u00fc\u015fk\u00fcn\u00fc de\u011fildir\u2019\u2019 s\u00f6z\u00fc bana g\u00f6re, siyasal tarihin \u00f6ns\u00f6z\u00fc olabilecek a\u011f\u0131rl\u0131kta. O d\u00f6nemin Almanya\u2019s\u0131na bakt\u0131\u011f\u0131n\u0131zda s\u0131n\u0131rl\u0131 kaynaklar\u0131n \u00f6nemli bir b\u00f6l\u00fcm\u00fcn\u00fc propagandaya ay\u0131rd\u0131klar\u0131n\u0131 g\u00f6rebilirsiniz. Buna, u\u00e7aklardan el ilanlar\u0131 atmak da dahil\u2026<\/p>\n<p>1915\u2019te, sava\u015f\u0131n ilk Noel\u2019e kadar bitece\u011fini d\u00fc\u015f\u00fcnen ordu mensuplar\u0131, bir sonraki Noel\u2019i g\u00f6remeden, Alman zeplinleri ve sonras\u0131nda geli\u015ftirilen uzun menzilli u\u00e7aklar\u0131n bombard\u0131manlar\u0131yla moloz y\u0131\u011f\u0131nlar\u0131 aras\u0131nda can vermi\u015f. E\u011flence \u00fczerine kurulu, \u015fatafatl\u0131 Avrupa \u015fehirlerinin geni\u015f meydanlar\u0131 toplu mezar olarak kullan\u0131l\u0131rken birinin ba\u015f\u0131na gelen, di\u011ferlerinin ya\u015fad\u0131klar\u0131n\u0131n karbon k\u00e2\u011f\u0131d\u0131yla \u00e7izilmi\u015f birer kopyas\u0131 olmu\u015f.<\/p>\n<p>Roman\u0131m\u0131 okuyanlar, bu sat\u0131rlar\u0131 hat\u0131rlayacakt\u0131r\u2026<\/p>\n<p>Ama konumuz bu de\u011fil\u2026<\/p>\n<p>Sava\u015f olgusunu, insan\u0131n salt \u00f6l\u00fcm\u00fc olarak alg\u0131layamay\u0131z. Molozlar\u0131n aras\u0131na kar\u0131\u015fan ve bug\u00fcn sadece isimlerini bildi\u011fimiz eserlerin kal\u0131nt\u0131lar\u0131yla birlikte; insanlar\u0131n, yuvarlan\u0131p giden d\u00fcnyaya miras b\u0131rakt\u0131\u011f\u0131 kad\u0131n ve \u00e7ocuklar\u0131 da unutmamal\u0131\u2026<\/p>\n<p>Burada, yersiz bir h\u00fcmanizmin avukatl\u0131\u011f\u0131n\u0131 yapt\u0131\u011f\u0131m d\u00fc\u015f\u00fcn\u00fclmesin. Milli M\u00fccadele gibi, bir varolu\u015f davas\u0131yla; hi\u00e7 yoktan karambole girdi\u011fimiz 1.D\u00fcnya Sava\u015f\u0131\u2019na ayn\u0131 g\u00f6zle bakamay\u0131z. Bizim bahsetti\u011fimiz 2. t\u00fcr\u2026<\/p>\n<p>Moloz olmaktan son anda kurtulsa da, muhteviyat\u0131! de\u011fi\u015fen yap\u0131lar var. En basit \u00f6rne\u011fiyle, viraneye d\u00f6nm\u00fc\u015f evler; keskin ni\u015fanc\u0131lar\u0131n, d\u00fc\u015fman askerlerini tema\u015fa etti\u011fi bir tefekk\u00fcrhaneye d\u00f6nm\u00fc\u015f. Ne tefekk\u00fcr!<\/p>\n<p>Varolu\u015f amac\u0131n\u0131n d\u0131\u015f\u0131nda farkl\u0131 bir kimli\u011fe b\u00fcr\u00fcnen; Beyrut\u2019un kuzeyinde 1600\u2019lerin ortalar\u0131nda Cizvit Papazlar taraf\u0131ndan kurulan Antura Koleji\u2019nin kaderi de onlardan farkl\u0131 de\u011fil\u2026<\/p>\n<p>Sava\u015f\u0131n ilk y\u0131l\u0131nda Anadolu\u2019daki dar\u00fcleytamlar (yetimhane) t\u0131ka basa, ailesini kaybetmi\u015f yetimlerle dolmu\u015f. Sava\u015f\u0131n uzamas\u0131yla, zamanla cephedeki askerin istihkak\u0131n\u0131 bile kar\u015f\u0131layamayan Cihan \u0130mparatorlu\u011fu\u2019nun k\u0131r\u0131nt\u0131lar\u0131, ona emanet edilen yetimleri bile doyurmakta zorlanmaya ba\u015flam\u0131\u015f.<\/p>\n<p>1915\u2019teki Sevk ve \u0130skan Kanunu gere\u011fince Halep, \u015eam ve L\u00fcbnan\u2019a yollanan Ermeni \u00e7ocuklar\u0131n\u0131n b\u00fcy\u00fck k\u0131sm\u0131 da, bir zamanlar kat\u0131 bir din e\u011fitimi veren Antura Koleji\u2019nin ko\u011fu\u015flar\u0131nda hayata devam etmi\u015f.<\/p>\n<p>Evet\u2026 Antura, art\u0131k bir okul de\u011fil, yetimhanedir\u2026 Sene 1915\u2026<\/p>\n<p>T\u00fcrk ve K\u00fcrt yetimlerine de ev sahipli\u011fi yapsa da, a\u011f\u0131rl\u0131\u011f\u0131n\u0131 Ermeni \u00e7ocuklardan m\u00fcte\u015fekkil bir yetimhane\u2026<\/p>\n<p>Peki, Antura kime emanet edilmi\u015f?<\/p>\n<p>D\u00f6nemin 4. Ordu Kumandan\u0131, Bahriye Naz\u0131r\u0131 ve gayrim\u00fcslimlerle, Araplara kar\u015f\u0131 sergiledi\u011fi sert tavr\u0131yla me\u015fhur Cemal Pa\u015fa\u2026<\/p>\n<p>Pa\u015fa; Suriye, Hicaz, Filistin Umumi Valili\u011fi\u2019ne atand\u0131\u011f\u0131nda, b\u00f6lgeyi \u2018\u2019Konyala\u015ft\u0131rmak\u2019\u2019 i\u00e7in kollar\u0131 s\u0131vam\u0131\u015f. Pa\u015fa\u2019n\u0131n yak\u0131n \u00e7evresi bu terimi, \u2018\u2019T\u00fcrkle\u015ftirmek\u2019\u2019 anlam\u0131nda kulland\u0131\u011f\u0131n\u0131 bilirmi\u015f.<\/p>\n<p>Omuzlar\u0131na y\u00fcklenen bu kadar sorumluluk ve g\u00f6revi tabii ki tek ba\u015f\u0131na yapacak de\u011fildi. Bu ama\u00e7la; kendisini edebiyat d\u00fcnyas\u0131ndan tan\u0131d\u0131\u011f\u0131m\u0131z fakat o d\u00f6nem, Pa\u015fa\u2019n\u0131n emir subay\u0131 olan Falih R\u0131fk\u0131 Atay, elindeki mektupla, \u0130stanbul Haydarpa\u015fa Gar\u0131\u2019nda inip solu\u011fu, yine hepimizin yak\u0131ndan tan\u0131d\u0131\u011f\u0131 Halide Edip Ad\u0131var\u2019\u0131n yan\u0131nda alm\u0131\u015f.<\/p>\n<p>Halide Han\u0131m\u2019\u0131n g\u00f6zleri, mektup \u00fczerinde gezintiye \u00e7\u0131karken; Cemal Pa\u015fa Beyrut\u2019ta 32 Arap milliyet\u00e7isini idam ettiriyor bir yandan da Beyrut merkezli, Amerikan ve Frans\u0131z kolejlerine benzer yap\u0131da T\u00fcrk kolejleri a\u00e7may\u0131 planl\u0131yordu.<\/p>\n<p>Bunlar, amac\u0131na ula\u015fsayd\u0131 belki, Osmanl\u0131\u2019ya kar\u015f\u0131 Arap milliyet\u00e7ili\u011fi hortlamayacak; \u0130ngilizler Arap deste\u011fini alamayacak ve Filistin\u2019de Nablus (Megiddo) Sava\u015f\u0131\u2019nda Osmanl\u0131\u2019y\u0131 yenemeyip 250.000 askerimizi esir alamayacaklard\u0131\u2026<\/p>\n<p>Konumuza geri d\u00f6nersek, Halide Edip; bir m\u00fcfetti\u015f, g\u00f6zetmen olarak Antura\u2019ya hareket ederken, Camal Pa\u015fa, yetimhaneye m\u00fcd\u00fcr olarak, yine ismine a\u015fina oldu\u011fumuz, gelece\u011fin \u0130stanbul valisi L\u00fctf\u00fc K\u0131rdar\u2019\u0131 atam\u0131\u015ft\u0131 bile\u2026 Hani, \u0130stanbul\u2019un en b\u00fcy\u00fck kongre ve sergi saray\u0131na ismi verilen L\u00fctfi K\u0131rdar\u2026<\/p>\n<p>Falih R\u0131fk\u0131\u2019n\u0131n aktard\u0131\u011f\u0131na g\u00f6re Halide Edip, daha ilk g\u00fcnden Cemal Pa\u015fa \u00fczerinde etkili bir bask\u0131 kurmu\u015f Pa\u015fa, yetimhaneyle ilgili ondan habersiz i\u015f yapmamaya ba\u015flam\u0131\u015f.<\/p>\n<p>O d\u00f6nem Antura\u2019n\u0131n zorunlu misafirlerinden ve \u2018\u2019Elveda Antura\u2019\u2019n\u0131n Ermeni yazar\u0131 Karnig Panyan; Antura\u2019da Ermenice konu\u015fman\u0131n, dua etmenin ve ha\u00e7 \u00e7\u0131karman\u0131n yasakland\u0131\u011f\u0131n\u0131 ve a\u00e7l\u0131k nedeniyle de olsa h\u0131rs\u0131zl\u0131k yapman\u0131n cezas\u0131n\u0131n falaka oldu\u011funu belirtiyor. \u0130lerleyen zamanlarda Ermeni isimlerin T\u00fcrk isimleriyle de\u011fi\u015ftirildi\u011fini ve her yetime soyad\u0131 niyetine bir numara verildi\u011fini anlat\u0131yor.<\/p>\n<p>Panyan, kitab\u0131nda; \u201cManuel ve M\u0131g\u0131rdi\u00e7\u2019in yar\u0131 \u00f6l\u00fc bedenlerini s\u00fcr\u00fckleyerek hastaneye g\u00f6t\u00fcrd\u00fcler. Bine yak\u0131n yetim, ya\u015fl\u0131 g\u00f6zlerle ve korku i\u00e7inde falaka t\u00f6renini izlemi\u015flerdi. Orada bulunan Halide Edip adl\u0131 o g\u00fczel kad\u0131n\u0131n ve \u00f6\u011fretmenlerin y\u00fcz ifadelerinde, bak\u0131\u015flar\u0131nda en ufak bir de\u011fi\u015fiklik olmad\u0131\u2019\u2019 derken; Falih R\u0131fk\u0131 Atay, \u201cZeytinda\u011f\u0131\u201d kitab\u0131nda, Antura\u2019n\u0131n i\u00e7indeki kiliseyi hi\u00e7 bozulmadan saklayan bir Halide Edip\u2019ten bahseder.<\/p>\n<p>Takdir sizin\u2026<\/p>\n<p>\u2018\u2019Mor Salk\u0131ml\u0131 Ev\u2019\u2019 isimli eserinde, yetimhane i\u00e7in yapt\u0131klar\u0131n\u0131 bir bir s\u0131ralayan Halide Edip, hi\u00e7bir yetimi yerde yat\u0131rmam\u0131\u015f, hepsini temiz \u00e7ar\u015faflarda misafir ettirmi\u015f.<\/p>\n<p>\u2018\u2019Anam\u0131z\u0131 babam\u0131z\u0131 Ermeniler \u00f6ld\u00fcrd\u00fc\u2019\u2019 diyen M\u00fcsl\u00fcman \u00e7ocuklar\u0131na da, \u201cBaban\u0131z\u0131 anan\u0131z\u0131 \u00f6ld\u00fcrenler buradaki \u00e7ocuklar de\u011fildi. Hem onlar\u0131n anas\u0131n\u0131 babas\u0131n\u0131 da ba\u015fkalar\u0131 \u00f6ld\u00fcrm\u00fc\u015f\u201d diyerek, mutlak bir kutupla\u015fman\u0131n \u00f6n\u00fcne ge\u00e7mi\u015fti.<\/p>\n<p>Bug\u00fcn, Antura\u2019n\u0131n yerinde yeller esiyor olabilir fakat o olmayan karanl\u0131k koridorlar\u0131nda, \u00e7ocuklar\u0131n hayaletleri dola\u015f\u0131yor. Ve etnik kimli\u011fi ne olursa olsun, hepsi ayn\u0131 karanl\u0131\u011f\u0131 payla\u015f\u0131yor.<\/p>\n<p>Sava\u015f \u00fczerine s\u00f6ylemleriyle me\u015fhur Bertolt Brecht, \u2018\u2019Yazarlar, h\u00fck\u00fcmetlerin sava\u015f yapt\u0131klar\u0131 kadar h\u0131zl\u0131 yazamazlar, \u00e7\u00fcnk\u00fc yazmak d\u00fc\u015f\u00fcnmeyi gerektirir\u2019\u2019 der.<\/p>\n<p>Ben bu konuda o kadar kat\u0131 de\u011filim, eminim bu vebalin alt\u0131na girenlerin de bir d\u00fc\u015f\u00fcncesi vard\u0131 fakat bu, ne olursa olsun Antura\u2019daki dram\u0131 de\u011fi\u015ftirmeyecek. Hepsi \u00e7ocuktu ve olanlar\u0131n sorumlusu onlar de\u011fildi\u2026<\/p>\n<p>\u0130\u015fte \u015fimdi h\u00fcmanist olabilirim.<\/p>\n<p>Roman\u0131m\u0131n 20. B\u00f6l\u00fcm\u00fcne ismini veren \u2018\u2019Baalbek Yetimhanesi\u2019\u2019nin ve onun bayan m\u00fcdiresinin ger\u00e7ekte nereyi ve kimi konfig\u00fcre etti\u011fini anlad\u0131n\u0131z art\u0131k\u2026<\/p>\n<p><em><strong>https:\/\/www.atasehirdenhaber.com\/yazarlar\/karanlik-koridorlarda-bir-hayalet-antura-13767.html?fbclid=IwAR1guynJLwPSOisfVPHPXBafWx4706YKDu00cV0UA903IqR-WE7-jWg1S0A<\/strong><\/em><\/p>\n","protected":false},"excerpt":{"rendered":"<p>\u0130nan\u00e7 T\u00dcRKER Daha \u00f6nce size, ilk roman\u0131ma da ilham kayna\u011f\u0131 olan Ortado\u011fu\u2019da bir otelin dramatik hikayesini anlatm\u0131\u015ft\u0131m. Evet\u2026 \u0130ngiliz gazeteci H. N. Brailsford\u2019un (1873-1958) dedi\u011fi gibi, \u2018\u2019\u0130nsan, sava\u015f\u0131n ne oldu\u011funu, ancak bitti\u011fi zaman anlar.\u2019\u2019 Her t\u00fcrl\u00fc vandall\u0131ktan nasibini alan Ermeni Mazlumyan Ailesi\u2019nin oteli, 1.D\u00fcnya Sava\u015f\u0131\u2019nda ya\u015fanan k\u0131y\u0131m\u0131n abidesi haline gelmi\u015f\u2026 Sava\u015f\u0131n ba\u015frol oyuncusu Almanlar, atalar\u0131n\u0131n [&hellip;]<\/p>\n","protected":false},"author":7,"featured_media":60966,"comment_status":"open","ping_status":"open","sticky":false,"template":"","format":"standard","meta":{"footnotes":""},"categories":[44,1,70,20],"tags":[],"class_list":["post-60965","post","type-post","status-publish","format-standard","has-post-thumbnail","hentry","category-ermeni-soykirimi","category-haberler","category-makaleler","category-tarih-sayfalari"],"yoast_head":"<!-- This site is optimized with the Yoast SEO plugin v27.4 - https:\/\/yoast.com\/product\/yoast-seo-wordpress\/ -->\n<title>Karanl\u0131k Koridorlarda Bir Hayalet; Antura\u2026 - Bati Ermenistan Ve Bati Ermenileri Sorunlari Ara\u015ftirmalar Merkezi<\/title>\n<meta name=\"robots\" content=\"index, follow, max-snippet:-1, max-image-preview:large, max-video-preview:-1\" \/>\n<link rel=\"canonical\" href=\"https:\/\/akunq.net\/tr\/?p=60965\" \/>\n<meta property=\"og:locale\" content=\"en_US\" \/>\n<meta property=\"og:type\" content=\"article\" \/>\n<meta property=\"og:title\" content=\"Karanl\u0131k Koridorlarda Bir Hayalet; Antura\u2026 - Bati Ermenistan Ve Bati Ermenileri Sorunlari Ara\u015ftirmalar Merkezi\" \/>\n<meta property=\"og:description\" content=\"\u0130nan\u00e7 T\u00dcRKER Daha \u00f6nce size, ilk roman\u0131ma da ilham kayna\u011f\u0131 olan Ortado\u011fu\u2019da bir otelin dramatik hikayesini anlatm\u0131\u015ft\u0131m. Evet\u2026 \u0130ngiliz gazeteci H. N. Brailsford\u2019un (1873-1958) dedi\u011fi gibi, \u2018\u2019\u0130nsan, sava\u015f\u0131n ne oldu\u011funu, ancak bitti\u011fi zaman anlar.\u2019\u2019 Her t\u00fcrl\u00fc vandall\u0131ktan nasibini alan Ermeni Mazlumyan Ailesi\u2019nin oteli, 1.D\u00fcnya Sava\u015f\u0131\u2019nda ya\u015fanan k\u0131y\u0131m\u0131n abidesi haline gelmi\u015f\u2026 Sava\u015f\u0131n ba\u015frol oyuncusu Almanlar, atalar\u0131n\u0131n [&hellip;]\" \/>\n<meta property=\"og:url\" content=\"https:\/\/akunq.net\/tr\/?p=60965\" \/>\n<meta property=\"og:site_name\" content=\"Bati Ermenistan Ve Bati Ermenileri Sorunlari Ara\u015ftirmalar Merkezi\" \/>\n<meta property=\"article:published_time\" content=\"2021-01-15T09:16:55+00:00\" \/>\n<meta property=\"og:image\" content=\"https:\/\/akunq.net\/tr\/wp-content\/uploads\/sites\/6\/2021\/01\/Antura.jpeg\" \/>\n\t<meta property=\"og:image:width\" content=\"1080\" \/>\n\t<meta property=\"og:image:height\" content=\"877\" \/>\n\t<meta property=\"og:image:type\" content=\"image\/jpeg\" \/>\n<meta name=\"author\" content=\"admin\" \/>\n<meta name=\"twitter:card\" content=\"summary_large_image\" \/>\n<meta name=\"twitter:label1\" content=\"Written by\" \/>\n\t<meta name=\"twitter:data1\" content=\"admin\" \/>\n\t<meta name=\"twitter:label2\" content=\"Est. reading time\" \/>\n\t<meta name=\"twitter:data2\" content=\"6 minutes\" \/>\n<script type=\"application\/ld+json\" class=\"yoast-schema-graph\">{\"@context\":\"https:\\\/\\\/schema.org\",\"@graph\":[{\"@type\":\"Article\",\"@id\":\"https:\\\/\\\/akunq.net\\\/tr\\\/?p=60965#article\",\"isPartOf\":{\"@id\":\"https:\\\/\\\/akunq.net\\\/tr\\\/?p=60965\"},\"author\":{\"name\":\"admin\",\"@id\":\"https:\\\/\\\/akunq.net\\\/tr\\\/#\\\/schema\\\/person\\\/096f1d38a12cce57fb855b485ed24c9e\"},\"headline\":\"Karanl\u0131k Koridorlarda Bir Hayalet; Antura\u2026\",\"datePublished\":\"2021-01-15T09:16:55+00:00\",\"mainEntityOfPage\":{\"@id\":\"https:\\\/\\\/akunq.net\\\/tr\\\/?p=60965\"},\"wordCount\":1247,\"commentCount\":0,\"image\":{\"@id\":\"https:\\\/\\\/akunq.net\\\/tr\\\/?p=60965#primaryimage\"},\"thumbnailUrl\":\"https:\\\/\\\/akunq.net\\\/tr\\\/wp-content\\\/uploads\\\/sites\\\/6\\\/2021\\\/01\\\/Antura.jpeg\",\"articleSection\":[\"Ermeni Soyk\u0131r\u0131m\u0131\",\"Haberler\",\"Makaleler\",\"Tarih Sayfalar\u0131\"],\"inLanguage\":\"en-US\",\"potentialAction\":[{\"@type\":\"CommentAction\",\"name\":\"Comment\",\"target\":[\"https:\\\/\\\/akunq.net\\\/tr\\\/?p=60965#respond\"]}]},{\"@type\":\"WebPage\",\"@id\":\"https:\\\/\\\/akunq.net\\\/tr\\\/?p=60965\",\"url\":\"https:\\\/\\\/akunq.net\\\/tr\\\/?p=60965\",\"name\":\"Karanl\u0131k Koridorlarda Bir Hayalet; Antura\u2026 - Bati Ermenistan Ve Bati Ermenileri Sorunlari Ara\u015ftirmalar Merkezi\",\"isPartOf\":{\"@id\":\"https:\\\/\\\/akunq.net\\\/tr\\\/#website\"},\"primaryImageOfPage\":{\"@id\":\"https:\\\/\\\/akunq.net\\\/tr\\\/?p=60965#primaryimage\"},\"image\":{\"@id\":\"https:\\\/\\\/akunq.net\\\/tr\\\/?p=60965#primaryimage\"},\"thumbnailUrl\":\"https:\\\/\\\/akunq.net\\\/tr\\\/wp-content\\\/uploads\\\/sites\\\/6\\\/2021\\\/01\\\/Antura.jpeg\",\"datePublished\":\"2021-01-15T09:16:55+00:00\",\"author\":{\"@id\":\"https:\\\/\\\/akunq.net\\\/tr\\\/#\\\/schema\\\/person\\\/096f1d38a12cce57fb855b485ed24c9e\"},\"breadcrumb\":{\"@id\":\"https:\\\/\\\/akunq.net\\\/tr\\\/?p=60965#breadcrumb\"},\"inLanguage\":\"en-US\",\"potentialAction\":[{\"@type\":\"ReadAction\",\"target\":[\"https:\\\/\\\/akunq.net\\\/tr\\\/?p=60965\"]}]},{\"@type\":\"ImageObject\",\"inLanguage\":\"en-US\",\"@id\":\"https:\\\/\\\/akunq.net\\\/tr\\\/?p=60965#primaryimage\",\"url\":\"https:\\\/\\\/akunq.net\\\/tr\\\/wp-content\\\/uploads\\\/sites\\\/6\\\/2021\\\/01\\\/Antura.jpeg\",\"contentUrl\":\"https:\\\/\\\/akunq.net\\\/tr\\\/wp-content\\\/uploads\\\/sites\\\/6\\\/2021\\\/01\\\/Antura.jpeg\",\"width\":1080,\"height\":877},{\"@type\":\"BreadcrumbList\",\"@id\":\"https:\\\/\\\/akunq.net\\\/tr\\\/?p=60965#breadcrumb\",\"itemListElement\":[{\"@type\":\"ListItem\",\"position\":1,\"name\":\"Home\",\"item\":\"https:\\\/\\\/akunq.net\\\/tr\"},{\"@type\":\"ListItem\",\"position\":2,\"name\":\"Karanl\u0131k Koridorlarda Bir Hayalet; Antura\u2026\"}]},{\"@type\":\"WebSite\",\"@id\":\"https:\\\/\\\/akunq.net\\\/tr\\\/#website\",\"url\":\"https:\\\/\\\/akunq.net\\\/tr\\\/\",\"name\":\"Bati Ermenistan Ve Bati Ermenileri Sorunlari Ara\u015ftirmalar Merkezi\",\"description\":\"\",\"potentialAction\":[{\"@type\":\"SearchAction\",\"target\":{\"@type\":\"EntryPoint\",\"urlTemplate\":\"https:\\\/\\\/akunq.net\\\/tr\\\/?s={search_term_string}\"},\"query-input\":{\"@type\":\"PropertyValueSpecification\",\"valueRequired\":true,\"valueName\":\"search_term_string\"}}],\"inLanguage\":\"en-US\"},{\"@type\":\"Person\",\"@id\":\"https:\\\/\\\/akunq.net\\\/tr\\\/#\\\/schema\\\/person\\\/096f1d38a12cce57fb855b485ed24c9e\",\"name\":\"admin\",\"url\":\"https:\\\/\\\/akunq.net\\\/tr\\\/?author=7\"}]}<\/script>\n<!-- \/ Yoast SEO plugin. -->","yoast_head_json":{"title":"Karanl\u0131k Koridorlarda Bir Hayalet; Antura\u2026 - Bati Ermenistan Ve Bati Ermenileri Sorunlari Ara\u015ftirmalar Merkezi","robots":{"index":"index","follow":"follow","max-snippet":"max-snippet:-1","max-image-preview":"max-image-preview:large","max-video-preview":"max-video-preview:-1"},"canonical":"https:\/\/akunq.net\/tr\/?p=60965","og_locale":"en_US","og_type":"article","og_title":"Karanl\u0131k Koridorlarda Bir Hayalet; Antura\u2026 - Bati Ermenistan Ve Bati Ermenileri Sorunlari Ara\u015ftirmalar Merkezi","og_description":"\u0130nan\u00e7 T\u00dcRKER Daha \u00f6nce size, ilk roman\u0131ma da ilham kayna\u011f\u0131 olan Ortado\u011fu\u2019da bir otelin dramatik hikayesini anlatm\u0131\u015ft\u0131m. Evet\u2026 \u0130ngiliz gazeteci H. N. Brailsford\u2019un (1873-1958) dedi\u011fi gibi, \u2018\u2019\u0130nsan, sava\u015f\u0131n ne oldu\u011funu, ancak bitti\u011fi zaman anlar.\u2019\u2019 Her t\u00fcrl\u00fc vandall\u0131ktan nasibini alan Ermeni Mazlumyan Ailesi\u2019nin oteli, 1.D\u00fcnya Sava\u015f\u0131\u2019nda ya\u015fanan k\u0131y\u0131m\u0131n abidesi haline gelmi\u015f\u2026 Sava\u015f\u0131n ba\u015frol oyuncusu Almanlar, atalar\u0131n\u0131n [&hellip;]","og_url":"https:\/\/akunq.net\/tr\/?p=60965","og_site_name":"Bati Ermenistan Ve Bati Ermenileri Sorunlari Ara\u015ftirmalar Merkezi","article_published_time":"2021-01-15T09:16:55+00:00","og_image":[{"width":1080,"height":877,"url":"https:\/\/akunq.net\/tr\/wp-content\/uploads\/sites\/6\/2021\/01\/Antura.jpeg","type":"image\/jpeg"}],"author":"admin","twitter_card":"summary_large_image","twitter_misc":{"Written by":"admin","Est. reading time":"6 minutes"},"schema":{"@context":"https:\/\/schema.org","@graph":[{"@type":"Article","@id":"https:\/\/akunq.net\/tr\/?p=60965#article","isPartOf":{"@id":"https:\/\/akunq.net\/tr\/?p=60965"},"author":{"name":"admin","@id":"https:\/\/akunq.net\/tr\/#\/schema\/person\/096f1d38a12cce57fb855b485ed24c9e"},"headline":"Karanl\u0131k Koridorlarda Bir Hayalet; Antura\u2026","datePublished":"2021-01-15T09:16:55+00:00","mainEntityOfPage":{"@id":"https:\/\/akunq.net\/tr\/?p=60965"},"wordCount":1247,"commentCount":0,"image":{"@id":"https:\/\/akunq.net\/tr\/?p=60965#primaryimage"},"thumbnailUrl":"https:\/\/akunq.net\/tr\/wp-content\/uploads\/sites\/6\/2021\/01\/Antura.jpeg","articleSection":["Ermeni Soyk\u0131r\u0131m\u0131","Haberler","Makaleler","Tarih Sayfalar\u0131"],"inLanguage":"en-US","potentialAction":[{"@type":"CommentAction","name":"Comment","target":["https:\/\/akunq.net\/tr\/?p=60965#respond"]}]},{"@type":"WebPage","@id":"https:\/\/akunq.net\/tr\/?p=60965","url":"https:\/\/akunq.net\/tr\/?p=60965","name":"Karanl\u0131k Koridorlarda Bir Hayalet; Antura\u2026 - Bati Ermenistan Ve Bati Ermenileri Sorunlari Ara\u015ftirmalar Merkezi","isPartOf":{"@id":"https:\/\/akunq.net\/tr\/#website"},"primaryImageOfPage":{"@id":"https:\/\/akunq.net\/tr\/?p=60965#primaryimage"},"image":{"@id":"https:\/\/akunq.net\/tr\/?p=60965#primaryimage"},"thumbnailUrl":"https:\/\/akunq.net\/tr\/wp-content\/uploads\/sites\/6\/2021\/01\/Antura.jpeg","datePublished":"2021-01-15T09:16:55+00:00","author":{"@id":"https:\/\/akunq.net\/tr\/#\/schema\/person\/096f1d38a12cce57fb855b485ed24c9e"},"breadcrumb":{"@id":"https:\/\/akunq.net\/tr\/?p=60965#breadcrumb"},"inLanguage":"en-US","potentialAction":[{"@type":"ReadAction","target":["https:\/\/akunq.net\/tr\/?p=60965"]}]},{"@type":"ImageObject","inLanguage":"en-US","@id":"https:\/\/akunq.net\/tr\/?p=60965#primaryimage","url":"https:\/\/akunq.net\/tr\/wp-content\/uploads\/sites\/6\/2021\/01\/Antura.jpeg","contentUrl":"https:\/\/akunq.net\/tr\/wp-content\/uploads\/sites\/6\/2021\/01\/Antura.jpeg","width":1080,"height":877},{"@type":"BreadcrumbList","@id":"https:\/\/akunq.net\/tr\/?p=60965#breadcrumb","itemListElement":[{"@type":"ListItem","position":1,"name":"Home","item":"https:\/\/akunq.net\/tr"},{"@type":"ListItem","position":2,"name":"Karanl\u0131k Koridorlarda Bir Hayalet; Antura\u2026"}]},{"@type":"WebSite","@id":"https:\/\/akunq.net\/tr\/#website","url":"https:\/\/akunq.net\/tr\/","name":"Bati Ermenistan Ve Bati Ermenileri Sorunlari Ara\u015ftirmalar Merkezi","description":"","potentialAction":[{"@type":"SearchAction","target":{"@type":"EntryPoint","urlTemplate":"https:\/\/akunq.net\/tr\/?s={search_term_string}"},"query-input":{"@type":"PropertyValueSpecification","valueRequired":true,"valueName":"search_term_string"}}],"inLanguage":"en-US"},{"@type":"Person","@id":"https:\/\/akunq.net\/tr\/#\/schema\/person\/096f1d38a12cce57fb855b485ed24c9e","name":"admin","url":"https:\/\/akunq.net\/tr\/?author=7"}]}},"_links":{"self":[{"href":"https:\/\/akunq.net\/tr\/index.php?rest_route=\/wp\/v2\/posts\/60965","targetHints":{"allow":["GET"]}}],"collection":[{"href":"https:\/\/akunq.net\/tr\/index.php?rest_route=\/wp\/v2\/posts"}],"about":[{"href":"https:\/\/akunq.net\/tr\/index.php?rest_route=\/wp\/v2\/types\/post"}],"author":[{"embeddable":true,"href":"https:\/\/akunq.net\/tr\/index.php?rest_route=\/wp\/v2\/users\/7"}],"replies":[{"embeddable":true,"href":"https:\/\/akunq.net\/tr\/index.php?rest_route=%2Fwp%2Fv2%2Fcomments&post=60965"}],"version-history":[{"count":1,"href":"https:\/\/akunq.net\/tr\/index.php?rest_route=\/wp\/v2\/posts\/60965\/revisions"}],"predecessor-version":[{"id":60967,"href":"https:\/\/akunq.net\/tr\/index.php?rest_route=\/wp\/v2\/posts\/60965\/revisions\/60967"}],"wp:featuredmedia":[{"embeddable":true,"href":"https:\/\/akunq.net\/tr\/index.php?rest_route=\/wp\/v2\/media\/60966"}],"wp:attachment":[{"href":"https:\/\/akunq.net\/tr\/index.php?rest_route=%2Fwp%2Fv2%2Fmedia&parent=60965"}],"wp:term":[{"taxonomy":"category","embeddable":true,"href":"https:\/\/akunq.net\/tr\/index.php?rest_route=%2Fwp%2Fv2%2Fcategories&post=60965"},{"taxonomy":"post_tag","embeddable":true,"href":"https:\/\/akunq.net\/tr\/index.php?rest_route=%2Fwp%2Fv2%2Ftags&post=60965"}],"curies":[{"name":"wp","href":"https:\/\/api.w.org\/{rel}","templated":true}]}}