{"id":60950,"date":"2021-01-15T01:59:00","date_gmt":"2021-01-15T06:59:00","guid":{"rendered":"https:\/\/akunq.net\/tr\/?p=60950"},"modified":"2021-01-15T01:59:00","modified_gmt":"2021-01-15T06:59:00","slug":"hurmuz-dirili-kim-neden-bulmuyor","status":"publish","type":"post","link":"https:\/\/akunq.net\/tr\/?p=60950","title":{"rendered":"H\u00fcrm\u00fcz Diril\u2019i kim, neden bulmuyor?"},"content":{"rendered":"<p><img loading=\"lazy\" decoding=\"async\" class=\"aligncenter size-medium wp-image-60951\" src=\"https:\/\/akunq.net\/tr\/wp-content\/uploads\/2021\/01\/H\u00fcrm\u00fcz-Diril-360x208.jpeg\" alt=\"\" width=\"360\" height=\"208\" srcset=\"https:\/\/akunq.net\/tr\/wp-content\/uploads\/sites\/6\/2021\/01\/H\u00fcrm\u00fcz-Diril-360x208.jpeg 360w, https:\/\/akunq.net\/tr\/wp-content\/uploads\/sites\/6\/2021\/01\/H\u00fcrm\u00fcz-Diril-768x444.jpeg 768w, https:\/\/akunq.net\/tr\/wp-content\/uploads\/sites\/6\/2021\/01\/H\u00fcrm\u00fcz-Diril-560x324.jpeg 560w, https:\/\/akunq.net\/tr\/wp-content\/uploads\/sites\/6\/2021\/01\/H\u00fcrm\u00fcz-Diril-260x150.jpeg 260w, https:\/\/akunq.net\/tr\/wp-content\/uploads\/sites\/6\/2021\/01\/H\u00fcrm\u00fcz-Diril-160x93.jpeg 160w, https:\/\/akunq.net\/tr\/wp-content\/uploads\/sites\/6\/2021\/01\/H\u00fcrm\u00fcz-Diril.jpeg 800w\" sizes=\"auto, (max-width: 360px) 100vw, 360px\" \/><\/p>\n<p class=\"post-title\"><strong>Aris Nalc\u0131<\/strong><\/p>\n<p><em><strong>Bu ka\u00e7\u0131r\u0131lma olay\u0131yla ilgili Diril \u00e7iftinin 11 \u00e7ocu\u011fu bir y\u0131ld\u0131r sosyal medyada, b\u00fcrokraside, adalet saraylar\u0131nda, k\u00f6ylerinde, Avrupa\u2019da, kom\u015fular\u0131nda, akrabalar\u0131nda bir umut adaleti ar\u0131yor.<\/strong><\/em><\/p>\n<p>Bir Ermeni\u2019nin anlat\u0131s\u0131:<\/p>\n<ul>\n<li>Bo\u015falt\u0131ld\u0131ktan bir s\u00fcre sonra k\u00f6ye geri d\u00f6nm\u00fc\u015f\u00fcz ev yap\u0131yoruz. Kom\u015fu yakla\u015f\u0131yor.<\/li>\n<li>Ne yap\u0131yorsun, geri mi geldin?<\/li>\n<li>He. D\u00f6nd\u00fck nihayet. Yeniden evimizi yap\u0131yoruz k\u00f6y\u00fcm\u00fcze.<\/li>\n<li>Yap yap\u2026 \u0130yi yap ama. Sonra nas\u0131lsa bana kalacak sizler gidince\u2026<\/li>\n<\/ul>\n<p>H\u00fcrm\u00fcz ve \u015eimuni Diril \u00e7ifti bir y\u0131l \u00f6nce \u015e\u0131rnak Beyt\u00fc\u015f\u015febap il\u00e7esindeki kendi k\u00f6ylerinden ka\u00e7\u0131r\u0131ld\u0131. Yo\u011fun aramalar yap\u0131lmas\u0131na ra\u011fmen k\u0131\u015f \u015fartlar\u0131 ba\u015f g\u00f6sterdi\u011finden bulunamad\u0131lar. Yakla\u015f\u0131k 9 ay \u00f6nce evden \u00e7ok da uzak olmayan bir yerde \u015eimuni Diril\u2019in cans\u0131z bedenine ula\u015f\u0131ld\u0131.<\/p>\n<p>11 \u00e7ocuklu \u00e7iftten baba H\u00fcrm\u00fcz Diril\u2019den ise halen haber yok.<\/p>\n<p>Ayd\u0131nlat\u0131lmay\u0131 bekleyen bu ka\u00e7\u0131r\u0131lma olay\u0131yla ilgili Diril \u00e7iftinin 11 \u00e7ocu\u011fu bir y\u0131ld\u0131r sosyal medyada, b\u00fcrokraside, adalet saraylar\u0131nda, k\u00f6ylerinde, Avrupa\u2019da, kom\u015fular\u0131nda, akrabalar\u0131nda bir umut adaleti ar\u0131yor.<\/p>\n<p>Ola\u011fan \u015f\u00fcpheliler<\/p>\n<p>Hrant\u2019\u0131n katillerinin bilindi\u011fi gibi asl\u0131nda Diril \u00e7iftini ka\u00e7\u0131ranlar da biliniyor.<\/p>\n<p>Maritsa K\u00fc\u00e7\u00fck cinayetindeki gibi baz\u0131 \u00e7ok \u00f6nemli kan\u0131tlar sallapati soru\u015fturma y\u00f6ntemleri sebebiyle g\u00f6rmezden geliniyor.<\/p>\n<p>Ya da Sevag\u2019\u0131n askerdeki katledildi\u011fi zamanki gibi, emniyet ve devlet \u2018b\u00fcy\u00fck\u2019leri \u201cBekleyin bulaca\u011f\u0131z. Ama gizlilik karar\u0131na sayg\u0131 duyun.\u201d deyip \u201cAsl\u0131nda vurulmam\u0131\u015ft\u0131, kur\u015fun da yok ortada\u201d demeye getiriyorlar i\u015fi.<\/p>\n<p>Oysa biliyoruz Sevag Bal\u0131k\u00e7\u0131 askerde vurulduktan sonra k\u0131yafetlerinden kur\u015fun deliklerini ke\u015ffedip \u00fcst\u00fcne gitmeseydi ailesi belki de \u00f6rtbas edeceklerdi davay\u0131.<\/p>\n<p>Ola\u011fan \u015f\u00fcpheliler yine sahnede.<\/p>\n<p>Biri ihmal etmi\u015f<\/p>\n<p>Biri kafas\u0131n\u0131 \u00e7evirmi\u015f.<\/p>\n<p>Bir di\u011feri g\u00f6rm\u00fc\u015f ama g\u00f6zlerini kapatm\u0131\u015f gibi yap\u0131yor.<\/p>\n<p>Bir ba\u015fkas\u0131 ise kulaklar\u0131n\u0131 t\u0131kayarak geli\u015fmeleri ve tan\u0131klar\u0131 duymamazl\u0131ktan geliyor.<\/p>\n<p>Bir g\u00f6rg\u00fc tan\u0131\u011f\u0131 var. Akraba.<\/p>\n<p>\u0130ki kez \u00e7eli\u015fkili ifadeler veriyor.<\/p>\n<p>\u00d6nce \u00f6rg\u00fct ka\u00e7\u0131rd\u0131 diyor.<\/p>\n<p>Devlet \u00e7ok sever b\u00f6yle su\u00e7lamalar\u0131 oysa.<\/p>\n<p>Hemen \u00fcst\u00fcne atlay\u0131p kan\u0131tlar, helikopterden at\u0131larak i\u015fkence edilenlerin evlerini dakika dakika g\u00f6zetledi\u011fi gibi.<\/p>\n<p>Ama yapm\u0131yor.<\/p>\n<p>\u201c\u0130htimal vermiyoruz\u201d demekle yetiniyor.<\/p>\n<p>Sonra \u00fc\u00e7 ki\u015fi g\u00f6t\u00fcrd\u00fc diyor.<\/p>\n<p>Odun toplamaya gittiler diyor.<\/p>\n<p>Diyor da diyor.<\/p>\n<p>Ama duyan yok.<\/p>\n<p>Tam bir y\u0131l \u00f6nce. K\u0131\u015f \u015fartlar\u0131n\u0131n \u00e7etin ge\u00e7ti\u011fi \u015e\u0131rnak Beyt\u00fc\u015f\u015febap il\u00e7esinde.<\/p>\n<p>\u015eimuni Diril gitmeden k\u00f6ydeki akrabas\u0131na \u2018ak\u015fama gelmezsek hayvanlara su yemek ver\u2019 diyor.<\/p>\n<p>Demek ki biliyor, \u015eimuni Diril. Tan\u0131yor birlikte gitti\u011fi ki\u015fileri.<\/p>\n<p>Ama g\u00f6ren yok.<\/p>\n<p>Da\u011fda g\u00f6rmemeleri gereken bir \u015fey g\u00f6rd\u00fckleri i\u00e7in ka\u00e7\u0131r\u0131ld\u0131klar\u0131n\u0131 ve bahara serbest b\u0131rak\u0131laca\u011f\u0131n\u0131 iddia ediyor g\u00f6rg\u00fc tan\u0131\u011f\u0131.<\/p>\n<p>Bahar geliyor. Kendi akrabalar\u0131n\u0131n aramalar\u0131 sayesinde \u015eimuni Diril\u2019in cans\u0131z bedeni su yolunda bulunuyor. Evden uzakta de\u011fil. B\u00f6lge \u00e7etin. Emniyet yetkilileri birka\u00e7 kez arama ekibi \u00e7\u0131karsa da 4 da\u011f aras\u0131ndaki Kovankaya k\u00f6y\u00fcne sonu\u00e7 al\u0131nm\u0131yor.<\/p>\n<p>Oysa haber ajanslar\u0131 olaydan bir y\u0131l \u00f6nce (12 Ocak 2019) Diril\u2019in d\u00fc\u015fme sonucu yaralanmas\u0131n\u0131n ard\u0131ndan iki askeri helikopter b\u00f6lgeye \u015f\u0131p diye gidivermi\u015f. Diril\u2019i bulup hastaneye yeti\u015ftirmi\u015flerdi. Bunu da reklam etmi\u015flerdi kanallarda.<\/p>\n<div class=\"fluid-width-video-wrapper\"><iframe id=\"fitvid806840\" title=\"\u015e\u0131rnak Beyt\u00fc\u015f\u015febap Kovankaya k\u00f6y\u00fcnde Hasta Kurtarma Operasyonu\" src=\"https:\/\/www.youtube.com\/embed\/fk8KLSB0UK4?feature=oembed\" frameborder=\"0\" allowfullscreen=\"allowfullscreen\" data-mce-fragment=\"1\"><\/iframe><\/div>\n<p>Bulunam\u0131yorlar.<\/p>\n<p>\u015eimdi dosyada gizlilik karar\u0131 var.<\/p>\n<p>Ailesi mart ay\u0131nda \u015eimuni Diril\u2019in bedenini bulduktan sonra yak\u0131nlarda H\u00fcrm\u00fcz Diril\u2019in telefonu, bir ayakkab\u0131s\u0131 ve \u015eimuni Diril\u2019in yele\u011fi ve ceketi bulunuyor. Ceketin s\u0131rt\u0131nda kur\u015fun yaras\u0131 oldu\u011funu d\u00fc\u015f\u00fcnd\u00fckleri delikleri \u00fcst \u00fcste getiriyorlar.<\/p>\n<p>Onlar\u0131n g\u00f6rd\u00fc\u011f\u00fcn\u00fc ilk otopsi raporunu haz\u0131rlayanlar g\u00f6remiyorlar.<\/p>\n<p>\u015eimdi detayl\u0131 adli t\u0131p raporu \u00e7\u0131k\u0131yor. Ama gizlilik karar\u0131 nedeniyle kamuoyu ile payla\u015f\u0131lam\u0131yor.<\/p>\n<p>Peki niye bu gizlilik?<\/p>\n<p>Avukatlar\u0131n deyimi ile dosyan\u0131n iyili\u011fi i\u00e7in.<\/p>\n<p>Bir umut gizli y\u00fcr\u00fct\u00fclen soru\u015fturmada gerekli ba\u011flant\u0131lar\u0131n yap\u0131lmas\u0131 sonras\u0131nda su\u00e7lular\u0131n yakalanmas\u0131n\u0131 umuyor aile.<\/p>\n<p>H\u00fcrm\u00fcz ve \u015eimuni Diril \u00e7iftinin 8. \u00e7ocu\u011fu G\u00fclcan Diril \u00dcz\u00fcmc\u00fc \u201cSonu\u00e7 ortaya \u00e7\u0131kt\u0131\u011f\u0131nda \u015fa\u015f\u0131rmayaca\u011f\u0131z.\u201d diyor bir r\u00f6portaj\u0131nda.<\/p>\n<p>90\u2019larda k\u00f6yleri bo\u015falt\u0131ld\u0131ktan sonra k\u00f6ylerine geri d\u00f6nen Hristiyan bir aile bug\u00fcne kadar ne ya\u015fam\u0131\u015fsa bir kez daha tekrarl\u0131yor \u015eimuni ve H\u00fcrm\u00fcz Diril\u2019in hikayesinde. Bir do\u011fa insan\u0131 H\u00fcrm\u00fcz Diril 80\u2019lerde ba\u015flayan g\u00f6\u00e7 dalgas\u0131n\u0131n ard\u0131ndan 90\u2019larda da bask\u0131lar sebebiyle k\u00f6yden \u015fehirlere g\u00f6\u00e7 eden \u00e7ocuklar\u0131yla 2011\u2019de hevesleniyor. Geri d\u00f6n\u00fcyor k\u00f6ye. 2015\u2019te \u00e7\u00f6z\u00fcm s\u00fcrecinde \u2018art\u0131k tamam\u2019 diyor ve \u00f6nce sadece yaz aylar\u0131n\u0131, sonras\u0131nda da yaz-k\u0131\u015f\u0131 k\u00f6yde ge\u00e7iriyor.<\/p>\n<p>Elleriyle yapt\u0131\u011f\u0131 k\u00f6y evinin yak\u0131n\u0131na biraz daha modernini yap\u0131yor. \u2018Madem kal\u0131c\u0131y\u0131z\u2019 d\u00fc\u015f\u00fcncesiyle.<\/p>\n<p>O gidince yava\u015f yava\u015f \u00e7ocuklar da geliyor s\u0131k s\u0131k.<\/p>\n<p>K\u00f6y canlan\u0131yor.<\/p>\n<p>Hayat\u0131n 90\u2019larda bitirildi\u011fi da\u011flar aras\u0131ndaki k\u00f6ye cansuyu veriyor H\u00fcrm\u00fcz Diril\u2019in topra\u011fa ba\u011fl\u0131l\u0131\u011f\u0131. Kuruyan k\u00f6kleri tekrar sal\u0131yor k\u00f6ye, ye\u015fertiyor.<\/p>\n<p>Bir y\u0131l \u00f6ncesine kadar.<\/p>\n<p>Diril \u00e7ifti ile ilgili bir\u00e7ok dedikodu da dola\u015f\u0131yor tabii ki.<\/p>\n<p>Kan davas\u0131 diyen var.<\/p>\n<p>Toprak kavgas\u0131 diyen var.<\/p>\n<p>Ama bunlar\u0131n \u00e7o\u011fu bilgi kirlili\u011fi gibi duruyor.<\/p>\n<p>Toprak diyenlere: Diril evini yaparken olas\u0131 bir \u015fekilde akrabalar\u0131n\u0131n topraklar\u0131ndan ge\u00e7ebilece\u011fini d\u00fc\u015f\u00fcnd\u00fc\u011f\u00fc alanlar i\u00e7in bile telefonlar edip. \u201cHak ge\u00e7mesin, varsa bir hata d\u00fczeltelim\u201d mesaj\u0131 vermi\u015f.<\/p>\n<p>Kan davas\u0131 diyenlere: 93 y\u0131l\u0131nda \u015fehre \u201cBiz buraday\u0131z. Olaylarla alakam\u0131z yok. B\u0131rak\u0131n ya\u015fayal\u0131m\u201d demeye gitmi\u015f. D\u00f6n\u00fc\u015fte \u015fehirden iki \u00e7ocukla d\u00f6nerken o iki \u00e7ocuk yolda durdurulup g\u00f6zalt\u0131na al\u0131n\u0131yor ve kaybediliyor. \u015eimdi olay\u0131 buna ba\u011flayanlar asl\u0131nda 93\u2019te olan\u0131n ne oldu\u011funu \u00e7ok iyi biliyorlar. Cumartesi \u0130nsanlar\u0131\u2019n\u0131n, Kay\u0131p Yak\u0131nlar\u0131 Derne\u011finin mesajlar\u0131n\u0131 dinlemenizi \u00f6neririm.<\/p>\n<p>Sonu\u00e7:<\/p>\n<p>Devlet \u015eimuni Diril\u2019in katilini ve H\u00fcrm\u00fcz Diril\u2019i neden bulmaz\u2026?<\/p>\n<p>Siz biliyorsunuz asl\u0131nda cevab\u0131n\u0131.<\/p>\n<p>\u00c7evirmeyin kafan\u0131z\u0131.<\/p>\n<p>Kapatmay\u0131n kulaklar\u0131n\u0131z\u0131.<\/p>\n<p>Tan\u0131ks\u0131n\u0131z.<\/p>\n<p><em><strong>https:\/\/artigercek.com\/yazarlar\/aris-nalci\/hurmuz-diril-i-kim-neden-bulmuyor\u00a0<\/strong><\/em><\/p>\n","protected":false},"excerpt":{"rendered":"<p>Aris Nalc\u0131 Bu ka\u00e7\u0131r\u0131lma olay\u0131yla ilgili Diril \u00e7iftinin 11 \u00e7ocu\u011fu bir y\u0131ld\u0131r sosyal medyada, b\u00fcrokraside, adalet saraylar\u0131nda, k\u00f6ylerinde, Avrupa\u2019da, kom\u015fular\u0131nda, akrabalar\u0131nda bir umut adaleti ar\u0131yor. Bir Ermeni\u2019nin anlat\u0131s\u0131: Bo\u015falt\u0131ld\u0131ktan bir s\u00fcre sonra k\u00f6ye geri d\u00f6nm\u00fc\u015f\u00fcz ev yap\u0131yoruz. Kom\u015fu yakla\u015f\u0131yor. Ne yap\u0131yorsun, geri mi geldin? He. D\u00f6nd\u00fck nihayet. Yeniden evimizi yap\u0131yoruz k\u00f6y\u00fcm\u00fcze. Yap yap\u2026 \u0130yi yap [&hellip;]<\/p>\n","protected":false},"author":7,"featured_media":60951,"comment_status":"open","ping_status":"open","sticky":false,"template":"","format":"standard","meta":{"footnotes":""},"categories":[1,70,53],"tags":[],"class_list":["post-60950","post","type-post","status-publish","format-standard","has-post-thumbnail","hentry","category-haberler","category-makaleler","category-turkiyede-azinliklar"],"yoast_head":"<!-- This site is optimized with the Yoast SEO plugin v27.4 - https:\/\/yoast.com\/product\/yoast-seo-wordpress\/ -->\n<title>H\u00fcrm\u00fcz Diril\u2019i kim, neden bulmuyor? - Bati Ermenistan Ve Bati Ermenileri Sorunlari Ara\u015ftirmalar Merkezi<\/title>\n<meta name=\"robots\" content=\"index, follow, max-snippet:-1, max-image-preview:large, max-video-preview:-1\" \/>\n<link rel=\"canonical\" href=\"https:\/\/akunq.net\/tr\/?p=60950\" \/>\n<meta property=\"og:locale\" content=\"en_US\" \/>\n<meta property=\"og:type\" content=\"article\" \/>\n<meta property=\"og:title\" content=\"H\u00fcrm\u00fcz Diril\u2019i kim, neden bulmuyor? - Bati Ermenistan Ve Bati Ermenileri Sorunlari Ara\u015ftirmalar Merkezi\" \/>\n<meta property=\"og:description\" content=\"Aris Nalc\u0131 Bu ka\u00e7\u0131r\u0131lma olay\u0131yla ilgili Diril \u00e7iftinin 11 \u00e7ocu\u011fu bir y\u0131ld\u0131r sosyal medyada, b\u00fcrokraside, adalet saraylar\u0131nda, k\u00f6ylerinde, Avrupa\u2019da, kom\u015fular\u0131nda, akrabalar\u0131nda bir umut adaleti ar\u0131yor. Bir Ermeni\u2019nin anlat\u0131s\u0131: Bo\u015falt\u0131ld\u0131ktan bir s\u00fcre sonra k\u00f6ye geri d\u00f6nm\u00fc\u015f\u00fcz ev yap\u0131yoruz. Kom\u015fu yakla\u015f\u0131yor. Ne yap\u0131yorsun, geri mi geldin? He. D\u00f6nd\u00fck nihayet. Yeniden evimizi yap\u0131yoruz k\u00f6y\u00fcm\u00fcze. Yap yap\u2026 \u0130yi yap [&hellip;]\" \/>\n<meta property=\"og:url\" content=\"https:\/\/akunq.net\/tr\/?p=60950\" \/>\n<meta property=\"og:site_name\" content=\"Bati Ermenistan Ve Bati Ermenileri Sorunlari Ara\u015ftirmalar Merkezi\" \/>\n<meta property=\"article:published_time\" content=\"2021-01-15T06:59:00+00:00\" \/>\n<meta property=\"og:image\" content=\"https:\/\/akunq.net\/tr\/wp-content\/uploads\/sites\/6\/2021\/01\/H\u00fcrm\u00fcz-Diril.jpeg\" \/>\n\t<meta property=\"og:image:width\" content=\"800\" \/>\n\t<meta property=\"og:image:height\" content=\"463\" \/>\n\t<meta property=\"og:image:type\" content=\"image\/jpeg\" \/>\n<meta name=\"author\" content=\"admin\" \/>\n<meta name=\"twitter:card\" content=\"summary_large_image\" \/>\n<meta name=\"twitter:label1\" content=\"Written by\" \/>\n\t<meta name=\"twitter:data1\" content=\"admin\" \/>\n\t<meta name=\"twitter:label2\" content=\"Est. reading time\" \/>\n\t<meta name=\"twitter:data2\" content=\"5 minutes\" \/>\n<script type=\"application\/ld+json\" class=\"yoast-schema-graph\">{\"@context\":\"https:\\\/\\\/schema.org\",\"@graph\":[{\"@type\":\"Article\",\"@id\":\"https:\\\/\\\/akunq.net\\\/tr\\\/?p=60950#article\",\"isPartOf\":{\"@id\":\"https:\\\/\\\/akunq.net\\\/tr\\\/?p=60950\"},\"author\":{\"name\":\"admin\",\"@id\":\"https:\\\/\\\/akunq.net\\\/tr\\\/#\\\/schema\\\/person\\\/096f1d38a12cce57fb855b485ed24c9e\"},\"headline\":\"H\u00fcrm\u00fcz Diril\u2019i kim, neden bulmuyor?\",\"datePublished\":\"2021-01-15T06:59:00+00:00\",\"mainEntityOfPage\":{\"@id\":\"https:\\\/\\\/akunq.net\\\/tr\\\/?p=60950\"},\"wordCount\":1073,\"commentCount\":0,\"image\":{\"@id\":\"https:\\\/\\\/akunq.net\\\/tr\\\/?p=60950#primaryimage\"},\"thumbnailUrl\":\"https:\\\/\\\/akunq.net\\\/tr\\\/wp-content\\\/uploads\\\/sites\\\/6\\\/2021\\\/01\\\/H\u00fcrm\u00fcz-Diril.jpeg\",\"articleSection\":[\"Haberler\",\"Makaleler\",\"T\u00fcrkiye\u2019de Az\u0131nl\u0131klar\"],\"inLanguage\":\"en-US\",\"potentialAction\":[{\"@type\":\"CommentAction\",\"name\":\"Comment\",\"target\":[\"https:\\\/\\\/akunq.net\\\/tr\\\/?p=60950#respond\"]}]},{\"@type\":\"WebPage\",\"@id\":\"https:\\\/\\\/akunq.net\\\/tr\\\/?p=60950\",\"url\":\"https:\\\/\\\/akunq.net\\\/tr\\\/?p=60950\",\"name\":\"H\u00fcrm\u00fcz Diril\u2019i kim, neden bulmuyor? - Bati Ermenistan Ve Bati Ermenileri Sorunlari Ara\u015ftirmalar Merkezi\",\"isPartOf\":{\"@id\":\"https:\\\/\\\/akunq.net\\\/tr\\\/#website\"},\"primaryImageOfPage\":{\"@id\":\"https:\\\/\\\/akunq.net\\\/tr\\\/?p=60950#primaryimage\"},\"image\":{\"@id\":\"https:\\\/\\\/akunq.net\\\/tr\\\/?p=60950#primaryimage\"},\"thumbnailUrl\":\"https:\\\/\\\/akunq.net\\\/tr\\\/wp-content\\\/uploads\\\/sites\\\/6\\\/2021\\\/01\\\/H\u00fcrm\u00fcz-Diril.jpeg\",\"datePublished\":\"2021-01-15T06:59:00+00:00\",\"author\":{\"@id\":\"https:\\\/\\\/akunq.net\\\/tr\\\/#\\\/schema\\\/person\\\/096f1d38a12cce57fb855b485ed24c9e\"},\"breadcrumb\":{\"@id\":\"https:\\\/\\\/akunq.net\\\/tr\\\/?p=60950#breadcrumb\"},\"inLanguage\":\"en-US\",\"potentialAction\":[{\"@type\":\"ReadAction\",\"target\":[\"https:\\\/\\\/akunq.net\\\/tr\\\/?p=60950\"]}]},{\"@type\":\"ImageObject\",\"inLanguage\":\"en-US\",\"@id\":\"https:\\\/\\\/akunq.net\\\/tr\\\/?p=60950#primaryimage\",\"url\":\"https:\\\/\\\/akunq.net\\\/tr\\\/wp-content\\\/uploads\\\/sites\\\/6\\\/2021\\\/01\\\/H\u00fcrm\u00fcz-Diril.jpeg\",\"contentUrl\":\"https:\\\/\\\/akunq.net\\\/tr\\\/wp-content\\\/uploads\\\/sites\\\/6\\\/2021\\\/01\\\/H\u00fcrm\u00fcz-Diril.jpeg\",\"width\":800,\"height\":463},{\"@type\":\"BreadcrumbList\",\"@id\":\"https:\\\/\\\/akunq.net\\\/tr\\\/?p=60950#breadcrumb\",\"itemListElement\":[{\"@type\":\"ListItem\",\"position\":1,\"name\":\"Home\",\"item\":\"https:\\\/\\\/akunq.net\\\/tr\"},{\"@type\":\"ListItem\",\"position\":2,\"name\":\"H\u00fcrm\u00fcz Diril\u2019i kim, neden bulmuyor?\"}]},{\"@type\":\"WebSite\",\"@id\":\"https:\\\/\\\/akunq.net\\\/tr\\\/#website\",\"url\":\"https:\\\/\\\/akunq.net\\\/tr\\\/\",\"name\":\"Bati Ermenistan Ve Bati Ermenileri Sorunlari Ara\u015ftirmalar Merkezi\",\"description\":\"\",\"potentialAction\":[{\"@type\":\"SearchAction\",\"target\":{\"@type\":\"EntryPoint\",\"urlTemplate\":\"https:\\\/\\\/akunq.net\\\/tr\\\/?s={search_term_string}\"},\"query-input\":{\"@type\":\"PropertyValueSpecification\",\"valueRequired\":true,\"valueName\":\"search_term_string\"}}],\"inLanguage\":\"en-US\"},{\"@type\":\"Person\",\"@id\":\"https:\\\/\\\/akunq.net\\\/tr\\\/#\\\/schema\\\/person\\\/096f1d38a12cce57fb855b485ed24c9e\",\"name\":\"admin\",\"url\":\"https:\\\/\\\/akunq.net\\\/tr\\\/?author=7\"}]}<\/script>\n<!-- \/ Yoast SEO plugin. -->","yoast_head_json":{"title":"H\u00fcrm\u00fcz Diril\u2019i kim, neden bulmuyor? - Bati Ermenistan Ve Bati Ermenileri Sorunlari Ara\u015ftirmalar Merkezi","robots":{"index":"index","follow":"follow","max-snippet":"max-snippet:-1","max-image-preview":"max-image-preview:large","max-video-preview":"max-video-preview:-1"},"canonical":"https:\/\/akunq.net\/tr\/?p=60950","og_locale":"en_US","og_type":"article","og_title":"H\u00fcrm\u00fcz Diril\u2019i kim, neden bulmuyor? - Bati Ermenistan Ve Bati Ermenileri Sorunlari Ara\u015ftirmalar Merkezi","og_description":"Aris Nalc\u0131 Bu ka\u00e7\u0131r\u0131lma olay\u0131yla ilgili Diril \u00e7iftinin 11 \u00e7ocu\u011fu bir y\u0131ld\u0131r sosyal medyada, b\u00fcrokraside, adalet saraylar\u0131nda, k\u00f6ylerinde, Avrupa\u2019da, kom\u015fular\u0131nda, akrabalar\u0131nda bir umut adaleti ar\u0131yor. Bir Ermeni\u2019nin anlat\u0131s\u0131: Bo\u015falt\u0131ld\u0131ktan bir s\u00fcre sonra k\u00f6ye geri d\u00f6nm\u00fc\u015f\u00fcz ev yap\u0131yoruz. Kom\u015fu yakla\u015f\u0131yor. Ne yap\u0131yorsun, geri mi geldin? He. D\u00f6nd\u00fck nihayet. Yeniden evimizi yap\u0131yoruz k\u00f6y\u00fcm\u00fcze. Yap yap\u2026 \u0130yi yap [&hellip;]","og_url":"https:\/\/akunq.net\/tr\/?p=60950","og_site_name":"Bati Ermenistan Ve Bati Ermenileri Sorunlari Ara\u015ftirmalar Merkezi","article_published_time":"2021-01-15T06:59:00+00:00","og_image":[{"width":800,"height":463,"url":"https:\/\/akunq.net\/tr\/wp-content\/uploads\/sites\/6\/2021\/01\/H\u00fcrm\u00fcz-Diril.jpeg","type":"image\/jpeg"}],"author":"admin","twitter_card":"summary_large_image","twitter_misc":{"Written by":"admin","Est. reading time":"5 minutes"},"schema":{"@context":"https:\/\/schema.org","@graph":[{"@type":"Article","@id":"https:\/\/akunq.net\/tr\/?p=60950#article","isPartOf":{"@id":"https:\/\/akunq.net\/tr\/?p=60950"},"author":{"name":"admin","@id":"https:\/\/akunq.net\/tr\/#\/schema\/person\/096f1d38a12cce57fb855b485ed24c9e"},"headline":"H\u00fcrm\u00fcz Diril\u2019i kim, neden bulmuyor?","datePublished":"2021-01-15T06:59:00+00:00","mainEntityOfPage":{"@id":"https:\/\/akunq.net\/tr\/?p=60950"},"wordCount":1073,"commentCount":0,"image":{"@id":"https:\/\/akunq.net\/tr\/?p=60950#primaryimage"},"thumbnailUrl":"https:\/\/akunq.net\/tr\/wp-content\/uploads\/sites\/6\/2021\/01\/H\u00fcrm\u00fcz-Diril.jpeg","articleSection":["Haberler","Makaleler","T\u00fcrkiye\u2019de Az\u0131nl\u0131klar"],"inLanguage":"en-US","potentialAction":[{"@type":"CommentAction","name":"Comment","target":["https:\/\/akunq.net\/tr\/?p=60950#respond"]}]},{"@type":"WebPage","@id":"https:\/\/akunq.net\/tr\/?p=60950","url":"https:\/\/akunq.net\/tr\/?p=60950","name":"H\u00fcrm\u00fcz Diril\u2019i kim, neden bulmuyor? - Bati Ermenistan Ve Bati Ermenileri Sorunlari Ara\u015ftirmalar Merkezi","isPartOf":{"@id":"https:\/\/akunq.net\/tr\/#website"},"primaryImageOfPage":{"@id":"https:\/\/akunq.net\/tr\/?p=60950#primaryimage"},"image":{"@id":"https:\/\/akunq.net\/tr\/?p=60950#primaryimage"},"thumbnailUrl":"https:\/\/akunq.net\/tr\/wp-content\/uploads\/sites\/6\/2021\/01\/H\u00fcrm\u00fcz-Diril.jpeg","datePublished":"2021-01-15T06:59:00+00:00","author":{"@id":"https:\/\/akunq.net\/tr\/#\/schema\/person\/096f1d38a12cce57fb855b485ed24c9e"},"breadcrumb":{"@id":"https:\/\/akunq.net\/tr\/?p=60950#breadcrumb"},"inLanguage":"en-US","potentialAction":[{"@type":"ReadAction","target":["https:\/\/akunq.net\/tr\/?p=60950"]}]},{"@type":"ImageObject","inLanguage":"en-US","@id":"https:\/\/akunq.net\/tr\/?p=60950#primaryimage","url":"https:\/\/akunq.net\/tr\/wp-content\/uploads\/sites\/6\/2021\/01\/H\u00fcrm\u00fcz-Diril.jpeg","contentUrl":"https:\/\/akunq.net\/tr\/wp-content\/uploads\/sites\/6\/2021\/01\/H\u00fcrm\u00fcz-Diril.jpeg","width":800,"height":463},{"@type":"BreadcrumbList","@id":"https:\/\/akunq.net\/tr\/?p=60950#breadcrumb","itemListElement":[{"@type":"ListItem","position":1,"name":"Home","item":"https:\/\/akunq.net\/tr"},{"@type":"ListItem","position":2,"name":"H\u00fcrm\u00fcz Diril\u2019i kim, neden bulmuyor?"}]},{"@type":"WebSite","@id":"https:\/\/akunq.net\/tr\/#website","url":"https:\/\/akunq.net\/tr\/","name":"Bati Ermenistan Ve Bati Ermenileri Sorunlari Ara\u015ftirmalar Merkezi","description":"","potentialAction":[{"@type":"SearchAction","target":{"@type":"EntryPoint","urlTemplate":"https:\/\/akunq.net\/tr\/?s={search_term_string}"},"query-input":{"@type":"PropertyValueSpecification","valueRequired":true,"valueName":"search_term_string"}}],"inLanguage":"en-US"},{"@type":"Person","@id":"https:\/\/akunq.net\/tr\/#\/schema\/person\/096f1d38a12cce57fb855b485ed24c9e","name":"admin","url":"https:\/\/akunq.net\/tr\/?author=7"}]}},"_links":{"self":[{"href":"https:\/\/akunq.net\/tr\/index.php?rest_route=\/wp\/v2\/posts\/60950","targetHints":{"allow":["GET"]}}],"collection":[{"href":"https:\/\/akunq.net\/tr\/index.php?rest_route=\/wp\/v2\/posts"}],"about":[{"href":"https:\/\/akunq.net\/tr\/index.php?rest_route=\/wp\/v2\/types\/post"}],"author":[{"embeddable":true,"href":"https:\/\/akunq.net\/tr\/index.php?rest_route=\/wp\/v2\/users\/7"}],"replies":[{"embeddable":true,"href":"https:\/\/akunq.net\/tr\/index.php?rest_route=%2Fwp%2Fv2%2Fcomments&post=60950"}],"version-history":[{"count":1,"href":"https:\/\/akunq.net\/tr\/index.php?rest_route=\/wp\/v2\/posts\/60950\/revisions"}],"predecessor-version":[{"id":60952,"href":"https:\/\/akunq.net\/tr\/index.php?rest_route=\/wp\/v2\/posts\/60950\/revisions\/60952"}],"wp:featuredmedia":[{"embeddable":true,"href":"https:\/\/akunq.net\/tr\/index.php?rest_route=\/wp\/v2\/media\/60951"}],"wp:attachment":[{"href":"https:\/\/akunq.net\/tr\/index.php?rest_route=%2Fwp%2Fv2%2Fmedia&parent=60950"}],"wp:term":[{"taxonomy":"category","embeddable":true,"href":"https:\/\/akunq.net\/tr\/index.php?rest_route=%2Fwp%2Fv2%2Fcategories&post=60950"},{"taxonomy":"post_tag","embeddable":true,"href":"https:\/\/akunq.net\/tr\/index.php?rest_route=%2Fwp%2Fv2%2Ftags&post=60950"}],"curies":[{"name":"wp","href":"https:\/\/api.w.org\/{rel}","templated":true}]}}