{"id":60944,"date":"2021-01-15T01:35:05","date_gmt":"2021-01-15T06:35:05","guid":{"rendered":"https:\/\/akunq.net\/tr\/?p=60944"},"modified":"2021-01-15T01:35:19","modified_gmt":"2021-01-15T06:35:19","slug":"diyarbakirda-yahudilere-ait-son-izler-de-siliniyor","status":"publish","type":"post","link":"https:\/\/akunq.net\/tr\/?p=60944","title":{"rendered":"Diyarbak\u0131r\u2019da Yahudilere ait son izler de siliniyor"},"content":{"rendered":"<p><img loading=\"lazy\" decoding=\"async\" class=\"aligncenter size-medium wp-image-60945\" src=\"https:\/\/akunq.net\/tr\/wp-content\/uploads\/2021\/01\/Diyarbak\u0131r\u2019da-Yahudiler-338x270.jpg\" alt=\"\" width=\"338\" height=\"270\" srcset=\"https:\/\/akunq.net\/tr\/wp-content\/uploads\/sites\/6\/2021\/01\/Diyarbak\u0131r\u2019da-Yahudiler-338x270.jpg 338w, https:\/\/akunq.net\/tr\/wp-content\/uploads\/sites\/6\/2021\/01\/Diyarbak\u0131r\u2019da-Yahudiler-560x448.jpg 560w, https:\/\/akunq.net\/tr\/wp-content\/uploads\/sites\/6\/2021\/01\/Diyarbak\u0131r\u2019da-Yahudiler-260x208.jpg 260w, https:\/\/akunq.net\/tr\/wp-content\/uploads\/sites\/6\/2021\/01\/Diyarbak\u0131r\u2019da-Yahudiler-160x128.jpg 160w, https:\/\/akunq.net\/tr\/wp-content\/uploads\/sites\/6\/2021\/01\/Diyarbak\u0131r\u2019da-Yahudiler.jpg 690w\" sizes=\"auto, (max-width: 338px) 100vw, 338px\" \/><\/p>\n<p><em><strong>Diyarbak\u0131r \u00c7ermik\u2019te 14\u2019\u00fcnc\u00fc y\u00fczy\u0131ldan kalma kentte Yahudilere ait son izleri ta\u015f\u0131yan tarihi sinagog, \u00f6nleyici tedbirlerin al\u0131nmamas\u0131 nedeniyle y\u0131k\u0131lma tehlikesiyle kar\u015f\u0131 kar\u015f\u0131ya kald\u0131.<\/strong><\/em><\/p>\n<p>Diyarbak\u0131r\u2019\u0131n \u00c7ermik il\u00e7esi Kale Mahallesi\u2019nde bulunan 14\u2019\u00fcnc\u00fc y\u00fczy\u0131ldan kalma Yahudilere ait son izleri bar\u0131nd\u0131ran tarihi sinagog, g\u00fcn\u00fcm\u00fczde \u00f6zg\u00fcnl\u00fc\u011f\u00fcn\u00fc b\u00fcy\u00fck \u00f6l\u00e7\u00fcde koruyor.<\/p>\n<p>Bazalt ve kalker ta\u015flar kullan\u0131larak in\u015fa edilen yap\u0131, koruyucu tedbirler al\u0131nmad\u0131\u011f\u0131 i\u00e7in \u00e7\u00f6kme tehlikesiyle kar\u015f\u0131 kar\u015f\u0131ya. Tarihte Yahudilerin yo\u011fun olarak ya\u015fad\u0131\u011f\u0131 b\u00f6lgelerden biri olan \u00c7ermik\u2019te, 1848 y\u0131l\u0131nda il\u00e7eyi ziyaret eden Haham J. J. Benjamin\u2019e g\u00f6re, 100 ailelik bir Yahudi cemaati ya\u015f\u0131yordu.<\/p>\n<p><strong>Son Sinagog<\/strong><\/p>\n<p>Diyarbak\u0131r\u2019da, biri \u00c7ermik\u2019te di\u011feri ise Sur\u2019un Arap \u015eeyh Mahallesi\u2019nde bulunan iki sinagogun varl\u0131\u011f\u0131 biliniyor. Merkez Sur il\u00e7esindeki sinagog, 2015 y\u0131l\u0131nda soka\u011fa \u00e7\u0131kma yasaklar\u0131nda ya\u015fanan \u00e7at\u0131\u015fmalar sonras\u0131 tamamen y\u0131k\u0131ld\u0131. MA\u2019dan Cahit \u00d6zbek\u2019in haberine g\u00f6re \u00c7ermik\u2019te bulunan sinagog ise y\u0131k\u0131lma tehlikesiyle kar\u015f\u0131 kar\u015f\u0131ya. B\u00f6lgede ya\u015fayan Yahudilerin g\u00f6\u00e7 etmesiyle kaderine terk edilen sinagog, g\u00fcn\u00fcm\u00fczde depo olarak kullan\u0131l\u0131yor. Sinagogun avlusuna giri\u015f sa\u011flayan, biri sonradan yap\u0131lm\u0131\u015f, di\u011feri ise kapal\u0131 halde olan iki kap\u0131 bulunmakta. D\u00f6rtgen \u015feklinde bir avluya sahip sinagogun etraf\u0131 y\u00fcksek duvarla \u00e7evrili. Sinagogun giri\u015f k\u0131sm\u0131nda \u0130branice bir kitabe yer al\u0131yor. Sinagogun ana mekan\u0131 iki s\u00fctun \u00fczerinde dururken, g\u00fcney duvar\u0131nda sivri kemerli mimari i\u015flemelere sahip bir Ehal (El yazmas\u0131 Tevrat kopyalar\u0131n\u0131n sakland\u0131\u011f\u0131 dolap) bulunuyor. Sinagoga g\u00fcn\u00fcm\u00fcz kullan\u0131c\u0131lar\u0131 taraf\u0131ndan avlu duvar\u0131 ve geleneksel malzemelerden odalar d\u00e2hil edilmi\u015f.<\/p>\n<p><strong>K\u00fclt\u00fcr varl\u0131\u011f\u0131 tescilli<\/strong><\/p>\n<p>Sinagogun ah\u015faptan yap\u0131lm\u0131\u015f tavan\u0131 bak\u0131ms\u0131zl\u0131ktan sa\u011flaml\u0131\u011f\u0131n\u0131 yitirmi\u015f durumda. Baz\u0131 noktalarda \u00e7\u00f6kme meydana gelirken, bunu engellemek i\u00e7in bug\u00fcnk\u00fc kullan\u0131c\u0131 taraf\u0131ndan ah\u015fap dikmelerle destek sa\u011flanm\u0131\u015f. Yahudilerin \u00c7ermik\u2019ten g\u00f6\u00e7 etmesiyle m\u00fclkiyeti babadan o\u011fula devredilen bu sinagog, bug\u00fcn \u00f6zg\u00fcnl\u00fc\u011f\u00fcn\u00fc b\u00fcy\u00fck \u00f6l\u00e7\u00fcde korumu\u015f, \u015fimdiki kullan\u0131c\u0131lar taraf\u0131ndan define aramalar\u0131na kapat\u0131larak, tahrip edilmesi b\u00fcy\u00fck \u00f6l\u00e7\u00fcde engellenmi\u015f. G\u00fcn\u00fcm\u00fczde cemaati bulunmayan sinagog, Diyarbak\u0131r K\u00fclt\u00fcr ve Tabiat Varl\u0131klar\u0131n\u0131 Koruma Kurulu M\u00fcd\u00fcrl\u00fc\u011f\u00fc taraf\u0131ndan 14 \u015eubat 2002 tarihinde \u201ck\u00fclt\u00fcr varl\u0131\u011f\u0131\u201d olarak tescillendi. \u00d6nleyici tedbirlerin al\u0131nmamas\u0131 nedeniyle \u00e7\u00f6kme tehlikesiyle kar\u015f\u0131 kar\u015f\u0131ya kalan sinagogu korumaya ili\u015fkin herhangi bir giri\u015fimde bulunulmad\u0131.<\/p>\n<p><em><strong>https:\/\/yeniyasamgazetesi.com\/diyarbakirda-yahudilere-ait-son-izler-de-siliniyor\/\u00a0<\/strong><\/em><\/p>\n","protected":false},"excerpt":{"rendered":"<p>Diyarbak\u0131r \u00c7ermik\u2019te 14\u2019\u00fcnc\u00fc y\u00fczy\u0131ldan kalma kentte Yahudilere ait son izleri ta\u015f\u0131yan tarihi sinagog, \u00f6nleyici tedbirlerin al\u0131nmamas\u0131 nedeniyle y\u0131k\u0131lma tehlikesiyle kar\u015f\u0131 kar\u015f\u0131ya kald\u0131. Diyarbak\u0131r\u2019\u0131n \u00c7ermik il\u00e7esi Kale Mahallesi\u2019nde bulunan 14\u2019\u00fcnc\u00fc y\u00fczy\u0131ldan kalma Yahudilere ait son izleri bar\u0131nd\u0131ran tarihi sinagog, g\u00fcn\u00fcm\u00fczde \u00f6zg\u00fcnl\u00fc\u011f\u00fcn\u00fc b\u00fcy\u00fck \u00f6l\u00e7\u00fcde koruyor. Bazalt ve kalker ta\u015flar kullan\u0131larak in\u015fa edilen yap\u0131, koruyucu tedbirler al\u0131nmad\u0131\u011f\u0131 i\u00e7in [&hellip;]<\/p>\n","protected":false},"author":7,"featured_media":60945,"comment_status":"open","ping_status":"open","sticky":false,"template":"","format":"standard","meta":{"footnotes":""},"categories":[1,53],"tags":[],"class_list":["post-60944","post","type-post","status-publish","format-standard","has-post-thumbnail","hentry","category-haberler","category-turkiyede-azinliklar"],"yoast_head":"<!-- This site is optimized with the Yoast SEO plugin v27.4 - https:\/\/yoast.com\/product\/yoast-seo-wordpress\/ -->\n<title>Diyarbak\u0131r\u2019da Yahudilere ait son izler de siliniyor - Bati Ermenistan Ve Bati Ermenileri Sorunlari Ara\u015ftirmalar Merkezi<\/title>\n<meta name=\"robots\" content=\"index, follow, max-snippet:-1, max-image-preview:large, max-video-preview:-1\" \/>\n<link rel=\"canonical\" href=\"https:\/\/akunq.net\/tr\/?p=60944\" \/>\n<meta property=\"og:locale\" content=\"en_US\" \/>\n<meta property=\"og:type\" content=\"article\" \/>\n<meta property=\"og:title\" content=\"Diyarbak\u0131r\u2019da Yahudilere ait son izler de siliniyor - Bati Ermenistan Ve Bati Ermenileri Sorunlari Ara\u015ftirmalar Merkezi\" \/>\n<meta property=\"og:description\" content=\"Diyarbak\u0131r \u00c7ermik\u2019te 14\u2019\u00fcnc\u00fc y\u00fczy\u0131ldan kalma kentte Yahudilere ait son izleri ta\u015f\u0131yan tarihi sinagog, \u00f6nleyici tedbirlerin al\u0131nmamas\u0131 nedeniyle y\u0131k\u0131lma tehlikesiyle kar\u015f\u0131 kar\u015f\u0131ya kald\u0131. Diyarbak\u0131r\u2019\u0131n \u00c7ermik il\u00e7esi Kale Mahallesi\u2019nde bulunan 14\u2019\u00fcnc\u00fc y\u00fczy\u0131ldan kalma Yahudilere ait son izleri bar\u0131nd\u0131ran tarihi sinagog, g\u00fcn\u00fcm\u00fczde \u00f6zg\u00fcnl\u00fc\u011f\u00fcn\u00fc b\u00fcy\u00fck \u00f6l\u00e7\u00fcde koruyor. Bazalt ve kalker ta\u015flar kullan\u0131larak in\u015fa edilen yap\u0131, koruyucu tedbirler al\u0131nmad\u0131\u011f\u0131 i\u00e7in [&hellip;]\" \/>\n<meta property=\"og:url\" content=\"https:\/\/akunq.net\/tr\/?p=60944\" \/>\n<meta property=\"og:site_name\" content=\"Bati Ermenistan Ve Bati Ermenileri Sorunlari Ara\u015ftirmalar Merkezi\" \/>\n<meta property=\"article:published_time\" content=\"2021-01-15T06:35:05+00:00\" \/>\n<meta property=\"article:modified_time\" content=\"2021-01-15T06:35:19+00:00\" \/>\n<meta property=\"og:image\" content=\"https:\/\/akunq.net\/tr\/wp-content\/uploads\/sites\/6\/2021\/01\/Diyarbak\u0131r\u2019da-Yahudiler.jpg\" \/>\n\t<meta property=\"og:image:width\" content=\"690\" \/>\n\t<meta property=\"og:image:height\" content=\"552\" \/>\n\t<meta property=\"og:image:type\" content=\"image\/jpeg\" \/>\n<meta name=\"author\" content=\"admin\" \/>\n<meta name=\"twitter:card\" content=\"summary_large_image\" \/>\n<meta name=\"twitter:label1\" content=\"Written by\" \/>\n\t<meta name=\"twitter:data1\" content=\"admin\" \/>\n\t<meta name=\"twitter:label2\" content=\"Est. reading time\" \/>\n\t<meta name=\"twitter:data2\" content=\"2 minutes\" \/>\n<script type=\"application\/ld+json\" class=\"yoast-schema-graph\">{\"@context\":\"https:\\\/\\\/schema.org\",\"@graph\":[{\"@type\":\"Article\",\"@id\":\"https:\\\/\\\/akunq.net\\\/tr\\\/?p=60944#article\",\"isPartOf\":{\"@id\":\"https:\\\/\\\/akunq.net\\\/tr\\\/?p=60944\"},\"author\":{\"name\":\"admin\",\"@id\":\"https:\\\/\\\/akunq.net\\\/tr\\\/#\\\/schema\\\/person\\\/096f1d38a12cce57fb855b485ed24c9e\"},\"headline\":\"Diyarbak\u0131r\u2019da Yahudilere ait son izler de siliniyor\",\"datePublished\":\"2021-01-15T06:35:05+00:00\",\"dateModified\":\"2021-01-15T06:35:19+00:00\",\"mainEntityOfPage\":{\"@id\":\"https:\\\/\\\/akunq.net\\\/tr\\\/?p=60944\"},\"wordCount\":445,\"commentCount\":0,\"image\":{\"@id\":\"https:\\\/\\\/akunq.net\\\/tr\\\/?p=60944#primaryimage\"},\"thumbnailUrl\":\"https:\\\/\\\/akunq.net\\\/tr\\\/wp-content\\\/uploads\\\/sites\\\/6\\\/2021\\\/01\\\/Diyarbak\u0131r\u2019da-Yahudiler.jpg\",\"articleSection\":[\"Haberler\",\"T\u00fcrkiye\u2019de Az\u0131nl\u0131klar\"],\"inLanguage\":\"en-US\",\"potentialAction\":[{\"@type\":\"CommentAction\",\"name\":\"Comment\",\"target\":[\"https:\\\/\\\/akunq.net\\\/tr\\\/?p=60944#respond\"]}]},{\"@type\":\"WebPage\",\"@id\":\"https:\\\/\\\/akunq.net\\\/tr\\\/?p=60944\",\"url\":\"https:\\\/\\\/akunq.net\\\/tr\\\/?p=60944\",\"name\":\"Diyarbak\u0131r\u2019da Yahudilere ait son izler de siliniyor - Bati Ermenistan Ve Bati Ermenileri Sorunlari Ara\u015ftirmalar Merkezi\",\"isPartOf\":{\"@id\":\"https:\\\/\\\/akunq.net\\\/tr\\\/#website\"},\"primaryImageOfPage\":{\"@id\":\"https:\\\/\\\/akunq.net\\\/tr\\\/?p=60944#primaryimage\"},\"image\":{\"@id\":\"https:\\\/\\\/akunq.net\\\/tr\\\/?p=60944#primaryimage\"},\"thumbnailUrl\":\"https:\\\/\\\/akunq.net\\\/tr\\\/wp-content\\\/uploads\\\/sites\\\/6\\\/2021\\\/01\\\/Diyarbak\u0131r\u2019da-Yahudiler.jpg\",\"datePublished\":\"2021-01-15T06:35:05+00:00\",\"dateModified\":\"2021-01-15T06:35:19+00:00\",\"author\":{\"@id\":\"https:\\\/\\\/akunq.net\\\/tr\\\/#\\\/schema\\\/person\\\/096f1d38a12cce57fb855b485ed24c9e\"},\"breadcrumb\":{\"@id\":\"https:\\\/\\\/akunq.net\\\/tr\\\/?p=60944#breadcrumb\"},\"inLanguage\":\"en-US\",\"potentialAction\":[{\"@type\":\"ReadAction\",\"target\":[\"https:\\\/\\\/akunq.net\\\/tr\\\/?p=60944\"]}]},{\"@type\":\"ImageObject\",\"inLanguage\":\"en-US\",\"@id\":\"https:\\\/\\\/akunq.net\\\/tr\\\/?p=60944#primaryimage\",\"url\":\"https:\\\/\\\/akunq.net\\\/tr\\\/wp-content\\\/uploads\\\/sites\\\/6\\\/2021\\\/01\\\/Diyarbak\u0131r\u2019da-Yahudiler.jpg\",\"contentUrl\":\"https:\\\/\\\/akunq.net\\\/tr\\\/wp-content\\\/uploads\\\/sites\\\/6\\\/2021\\\/01\\\/Diyarbak\u0131r\u2019da-Yahudiler.jpg\",\"width\":690,\"height\":552},{\"@type\":\"BreadcrumbList\",\"@id\":\"https:\\\/\\\/akunq.net\\\/tr\\\/?p=60944#breadcrumb\",\"itemListElement\":[{\"@type\":\"ListItem\",\"position\":1,\"name\":\"Home\",\"item\":\"https:\\\/\\\/akunq.net\\\/tr\"},{\"@type\":\"ListItem\",\"position\":2,\"name\":\"Diyarbak\u0131r\u2019da Yahudilere ait son izler de siliniyor\"}]},{\"@type\":\"WebSite\",\"@id\":\"https:\\\/\\\/akunq.net\\\/tr\\\/#website\",\"url\":\"https:\\\/\\\/akunq.net\\\/tr\\\/\",\"name\":\"Bati Ermenistan Ve Bati Ermenileri Sorunlari Ara\u015ftirmalar Merkezi\",\"description\":\"\",\"potentialAction\":[{\"@type\":\"SearchAction\",\"target\":{\"@type\":\"EntryPoint\",\"urlTemplate\":\"https:\\\/\\\/akunq.net\\\/tr\\\/?s={search_term_string}\"},\"query-input\":{\"@type\":\"PropertyValueSpecification\",\"valueRequired\":true,\"valueName\":\"search_term_string\"}}],\"inLanguage\":\"en-US\"},{\"@type\":\"Person\",\"@id\":\"https:\\\/\\\/akunq.net\\\/tr\\\/#\\\/schema\\\/person\\\/096f1d38a12cce57fb855b485ed24c9e\",\"name\":\"admin\",\"url\":\"https:\\\/\\\/akunq.net\\\/tr\\\/?author=7\"}]}<\/script>\n<!-- \/ Yoast SEO plugin. -->","yoast_head_json":{"title":"Diyarbak\u0131r\u2019da Yahudilere ait son izler de siliniyor - Bati Ermenistan Ve Bati Ermenileri Sorunlari Ara\u015ftirmalar Merkezi","robots":{"index":"index","follow":"follow","max-snippet":"max-snippet:-1","max-image-preview":"max-image-preview:large","max-video-preview":"max-video-preview:-1"},"canonical":"https:\/\/akunq.net\/tr\/?p=60944","og_locale":"en_US","og_type":"article","og_title":"Diyarbak\u0131r\u2019da Yahudilere ait son izler de siliniyor - Bati Ermenistan Ve Bati Ermenileri Sorunlari Ara\u015ftirmalar Merkezi","og_description":"Diyarbak\u0131r \u00c7ermik\u2019te 14\u2019\u00fcnc\u00fc y\u00fczy\u0131ldan kalma kentte Yahudilere ait son izleri ta\u015f\u0131yan tarihi sinagog, \u00f6nleyici tedbirlerin al\u0131nmamas\u0131 nedeniyle y\u0131k\u0131lma tehlikesiyle kar\u015f\u0131 kar\u015f\u0131ya kald\u0131. Diyarbak\u0131r\u2019\u0131n \u00c7ermik il\u00e7esi Kale Mahallesi\u2019nde bulunan 14\u2019\u00fcnc\u00fc y\u00fczy\u0131ldan kalma Yahudilere ait son izleri bar\u0131nd\u0131ran tarihi sinagog, g\u00fcn\u00fcm\u00fczde \u00f6zg\u00fcnl\u00fc\u011f\u00fcn\u00fc b\u00fcy\u00fck \u00f6l\u00e7\u00fcde koruyor. Bazalt ve kalker ta\u015flar kullan\u0131larak in\u015fa edilen yap\u0131, koruyucu tedbirler al\u0131nmad\u0131\u011f\u0131 i\u00e7in [&hellip;]","og_url":"https:\/\/akunq.net\/tr\/?p=60944","og_site_name":"Bati Ermenistan Ve Bati Ermenileri Sorunlari Ara\u015ftirmalar Merkezi","article_published_time":"2021-01-15T06:35:05+00:00","article_modified_time":"2021-01-15T06:35:19+00:00","og_image":[{"width":690,"height":552,"url":"https:\/\/akunq.net\/tr\/wp-content\/uploads\/sites\/6\/2021\/01\/Diyarbak\u0131r\u2019da-Yahudiler.jpg","type":"image\/jpeg"}],"author":"admin","twitter_card":"summary_large_image","twitter_misc":{"Written by":"admin","Est. reading time":"2 minutes"},"schema":{"@context":"https:\/\/schema.org","@graph":[{"@type":"Article","@id":"https:\/\/akunq.net\/tr\/?p=60944#article","isPartOf":{"@id":"https:\/\/akunq.net\/tr\/?p=60944"},"author":{"name":"admin","@id":"https:\/\/akunq.net\/tr\/#\/schema\/person\/096f1d38a12cce57fb855b485ed24c9e"},"headline":"Diyarbak\u0131r\u2019da Yahudilere ait son izler de siliniyor","datePublished":"2021-01-15T06:35:05+00:00","dateModified":"2021-01-15T06:35:19+00:00","mainEntityOfPage":{"@id":"https:\/\/akunq.net\/tr\/?p=60944"},"wordCount":445,"commentCount":0,"image":{"@id":"https:\/\/akunq.net\/tr\/?p=60944#primaryimage"},"thumbnailUrl":"https:\/\/akunq.net\/tr\/wp-content\/uploads\/sites\/6\/2021\/01\/Diyarbak\u0131r\u2019da-Yahudiler.jpg","articleSection":["Haberler","T\u00fcrkiye\u2019de Az\u0131nl\u0131klar"],"inLanguage":"en-US","potentialAction":[{"@type":"CommentAction","name":"Comment","target":["https:\/\/akunq.net\/tr\/?p=60944#respond"]}]},{"@type":"WebPage","@id":"https:\/\/akunq.net\/tr\/?p=60944","url":"https:\/\/akunq.net\/tr\/?p=60944","name":"Diyarbak\u0131r\u2019da Yahudilere ait son izler de siliniyor - Bati Ermenistan Ve Bati Ermenileri Sorunlari Ara\u015ftirmalar Merkezi","isPartOf":{"@id":"https:\/\/akunq.net\/tr\/#website"},"primaryImageOfPage":{"@id":"https:\/\/akunq.net\/tr\/?p=60944#primaryimage"},"image":{"@id":"https:\/\/akunq.net\/tr\/?p=60944#primaryimage"},"thumbnailUrl":"https:\/\/akunq.net\/tr\/wp-content\/uploads\/sites\/6\/2021\/01\/Diyarbak\u0131r\u2019da-Yahudiler.jpg","datePublished":"2021-01-15T06:35:05+00:00","dateModified":"2021-01-15T06:35:19+00:00","author":{"@id":"https:\/\/akunq.net\/tr\/#\/schema\/person\/096f1d38a12cce57fb855b485ed24c9e"},"breadcrumb":{"@id":"https:\/\/akunq.net\/tr\/?p=60944#breadcrumb"},"inLanguage":"en-US","potentialAction":[{"@type":"ReadAction","target":["https:\/\/akunq.net\/tr\/?p=60944"]}]},{"@type":"ImageObject","inLanguage":"en-US","@id":"https:\/\/akunq.net\/tr\/?p=60944#primaryimage","url":"https:\/\/akunq.net\/tr\/wp-content\/uploads\/sites\/6\/2021\/01\/Diyarbak\u0131r\u2019da-Yahudiler.jpg","contentUrl":"https:\/\/akunq.net\/tr\/wp-content\/uploads\/sites\/6\/2021\/01\/Diyarbak\u0131r\u2019da-Yahudiler.jpg","width":690,"height":552},{"@type":"BreadcrumbList","@id":"https:\/\/akunq.net\/tr\/?p=60944#breadcrumb","itemListElement":[{"@type":"ListItem","position":1,"name":"Home","item":"https:\/\/akunq.net\/tr"},{"@type":"ListItem","position":2,"name":"Diyarbak\u0131r\u2019da Yahudilere ait son izler de siliniyor"}]},{"@type":"WebSite","@id":"https:\/\/akunq.net\/tr\/#website","url":"https:\/\/akunq.net\/tr\/","name":"Bati Ermenistan Ve Bati Ermenileri Sorunlari Ara\u015ftirmalar Merkezi","description":"","potentialAction":[{"@type":"SearchAction","target":{"@type":"EntryPoint","urlTemplate":"https:\/\/akunq.net\/tr\/?s={search_term_string}"},"query-input":{"@type":"PropertyValueSpecification","valueRequired":true,"valueName":"search_term_string"}}],"inLanguage":"en-US"},{"@type":"Person","@id":"https:\/\/akunq.net\/tr\/#\/schema\/person\/096f1d38a12cce57fb855b485ed24c9e","name":"admin","url":"https:\/\/akunq.net\/tr\/?author=7"}]}},"_links":{"self":[{"href":"https:\/\/akunq.net\/tr\/index.php?rest_route=\/wp\/v2\/posts\/60944","targetHints":{"allow":["GET"]}}],"collection":[{"href":"https:\/\/akunq.net\/tr\/index.php?rest_route=\/wp\/v2\/posts"}],"about":[{"href":"https:\/\/akunq.net\/tr\/index.php?rest_route=\/wp\/v2\/types\/post"}],"author":[{"embeddable":true,"href":"https:\/\/akunq.net\/tr\/index.php?rest_route=\/wp\/v2\/users\/7"}],"replies":[{"embeddable":true,"href":"https:\/\/akunq.net\/tr\/index.php?rest_route=%2Fwp%2Fv2%2Fcomments&post=60944"}],"version-history":[{"count":1,"href":"https:\/\/akunq.net\/tr\/index.php?rest_route=\/wp\/v2\/posts\/60944\/revisions"}],"predecessor-version":[{"id":60946,"href":"https:\/\/akunq.net\/tr\/index.php?rest_route=\/wp\/v2\/posts\/60944\/revisions\/60946"}],"wp:featuredmedia":[{"embeddable":true,"href":"https:\/\/akunq.net\/tr\/index.php?rest_route=\/wp\/v2\/media\/60945"}],"wp:attachment":[{"href":"https:\/\/akunq.net\/tr\/index.php?rest_route=%2Fwp%2Fv2%2Fmedia&parent=60944"}],"wp:term":[{"taxonomy":"category","embeddable":true,"href":"https:\/\/akunq.net\/tr\/index.php?rest_route=%2Fwp%2Fv2%2Fcategories&post=60944"},{"taxonomy":"post_tag","embeddable":true,"href":"https:\/\/akunq.net\/tr\/index.php?rest_route=%2Fwp%2Fv2%2Ftags&post=60944"}],"curies":[{"name":"wp","href":"https:\/\/api.w.org\/{rel}","templated":true}]}}