{"id":60937,"date":"2021-01-15T01:04:02","date_gmt":"2021-01-15T06:04:02","guid":{"rendered":"https:\/\/akunq.net\/tr\/?p=60937"},"modified":"2021-01-15T01:04:02","modified_gmt":"2021-01-15T06:04:02","slug":"19-ocak-anma-toreni-bu-yil-pandemi-nedeniyle-internet-uzerinden-olacak","status":"publish","type":"post","link":"https:\/\/akunq.net\/tr\/?p=60937","title":{"rendered":"19 Ocak anma t\u00f6reni bu y\u0131l pandemi nedeniyle internet \u00fczerinden olacak"},"content":{"rendered":"<h4><img loading=\"lazy\" decoding=\"async\" class=\"aligncenter size-medium wp-image-60938\" src=\"https:\/\/akunq.net\/tr\/wp-content\/uploads\/2021\/01\/Dink-1-360x270.jpg\" alt=\"\" width=\"360\" height=\"270\" srcset=\"https:\/\/akunq.net\/tr\/wp-content\/uploads\/sites\/6\/2021\/01\/Dink-1-360x270.jpg 360w, https:\/\/akunq.net\/tr\/wp-content\/uploads\/sites\/6\/2021\/01\/Dink-1-260x195.jpg 260w, https:\/\/akunq.net\/tr\/wp-content\/uploads\/sites\/6\/2021\/01\/Dink-1-160x120.jpg 160w, https:\/\/akunq.net\/tr\/wp-content\/uploads\/sites\/6\/2021\/01\/Dink-1.jpg 401w\" sizes=\"auto, (max-width: 360px) 100vw, 360px\" \/><\/h4>\n<h4><strong><em>Agos gazetesi kurucusu ve genel yay\u0131n y\u00f6netmeni Hrant Dink katledili\u015finin 14. y\u0131ld\u00f6n\u00fcm\u00fcnde salg\u0131n nedeniyle, bu seneye mahsus olmak \u00fczere, sanal ortamda an\u0131lacak.<\/em><\/strong><\/h4>\n<p>2007&#8217;den bu yana cinayet davas\u0131n\u0131 takip eden ve 19 Ocak anma t\u00f6renlerini organize eden Hrant&#8217;\u0131n Arkada\u015flar\u0131 grubu konuya dair bir a\u00e7\u0131klama yapt\u0131. A\u00e7\u0131klama \u015f\u00f6yle:<\/p>\n<p>&#8220;Gazeteci Hrant Dink katledili\u015finin 14. y\u0131ld\u00f6n\u00fcm\u00fcnde, 19 Ocak\u2019ta an\u0131lacak. Her y\u0131l gazetesi Agos \u00f6n\u00fcnde yap\u0131lan anma t\u00f6reni bu y\u0131l salg\u0131n nedeniyle sanal ortamda ger\u00e7ekle\u015fecek. D\u00fcnyan\u0131n her yerinden Hrant\u2019\u0131n Arkada\u015flar\u0131, 19 Ocak Sal\u0131 g\u00fcn\u00fc saat 14.45\u2019te www.hranticinadaleticin.org adresinde bulu\u015facaklar ve sembolik olarak \u201cBuradas\u0131n Ahparig\u201d yazan pankartlar\u0131n\u0131 Hrant Dink\u2019in \u00f6ld\u00fcr\u00fcld\u00fc\u011f\u00fc yere b\u0131rakacaklar.Her y\u0131l Hrant\u2019\u0131n Arkada\u015flar\u0131 ad\u0131na yap\u0131lan anma konu\u015fmas\u0131 da bu y\u0131l, yine ayn\u0131 adres \u00fczerinden online olarak yap\u0131lacak.<\/p>\n<p>Ayr\u0131ca g\u00fcn boyunca www.hranticinadaleticin.org adresinden Hrant Dink ile ilgili yay\u0131nlar yap\u0131lacak.19 Ocak anmas\u0131 bu y\u0131la mahsus olarak sanal ortamda ger\u00e7ekle\u015fecek. Hrant\u2019\u0131n Arkada\u015flar\u0131 gelecek sene 19 Ocak\u2019ta yine kalabal\u0131klarla Hrant Dink\u2019in d\u00fc\u015ft\u00fc\u011f\u00fc yerde olacaklar ve arkada\u015flar\u0131n\u0131 yine her zamanki yerde anacaklar.&#8221;<\/p>\n<p><em><strong>http:\/\/www.agos.com.tr\/tr\/yazi\/25180\/19-ocak-anma-toreni-bu-yil-pandemi-nedeniyle-internet-uzerinden-olacak\u00a0<\/strong><\/em><\/p>\n","protected":false},"excerpt":{"rendered":"<p>Agos gazetesi kurucusu ve genel yay\u0131n y\u00f6netmeni Hrant Dink katledili\u015finin 14. y\u0131ld\u00f6n\u00fcm\u00fcnde salg\u0131n nedeniyle, bu seneye mahsus olmak \u00fczere, sanal ortamda an\u0131lacak. 2007&#8217;den bu yana cinayet davas\u0131n\u0131 takip eden ve 19 Ocak anma t\u00f6renlerini organize eden Hrant&#8217;\u0131n Arkada\u015flar\u0131 grubu konuya dair bir a\u00e7\u0131klama yapt\u0131. A\u00e7\u0131klama \u015f\u00f6yle: &#8220;Gazeteci Hrant Dink katledili\u015finin 14. y\u0131ld\u00f6n\u00fcm\u00fcnde, 19 Ocak\u2019ta an\u0131lacak. [&hellip;]<\/p>\n","protected":false},"author":7,"featured_media":60938,"comment_status":"open","ping_status":"open","sticky":false,"template":"","format":"standard","meta":{"footnotes":""},"categories":[1],"tags":[],"class_list":["post-60937","post","type-post","status-publish","format-standard","has-post-thumbnail","hentry","category-haberler"],"yoast_head":"<!-- This site is optimized with the Yoast SEO plugin v27.4 - https:\/\/yoast.com\/product\/yoast-seo-wordpress\/ -->\n<title>19 Ocak anma t\u00f6reni bu y\u0131l pandemi nedeniyle internet \u00fczerinden olacak - Bati Ermenistan Ve Bati Ermenileri Sorunlari Ara\u015ftirmalar Merkezi<\/title>\n<meta name=\"robots\" content=\"index, follow, max-snippet:-1, max-image-preview:large, max-video-preview:-1\" \/>\n<link rel=\"canonical\" href=\"https:\/\/akunq.net\/tr\/?p=60937\" \/>\n<meta property=\"og:locale\" content=\"en_US\" \/>\n<meta property=\"og:type\" content=\"article\" \/>\n<meta property=\"og:title\" content=\"19 Ocak anma t\u00f6reni bu y\u0131l pandemi nedeniyle internet \u00fczerinden olacak - Bati Ermenistan Ve Bati Ermenileri Sorunlari Ara\u015ftirmalar Merkezi\" \/>\n<meta property=\"og:description\" content=\"Agos gazetesi kurucusu ve genel yay\u0131n y\u00f6netmeni Hrant Dink katledili\u015finin 14. y\u0131ld\u00f6n\u00fcm\u00fcnde salg\u0131n nedeniyle, bu seneye mahsus olmak \u00fczere, sanal ortamda an\u0131lacak. 2007&#8217;den bu yana cinayet davas\u0131n\u0131 takip eden ve 19 Ocak anma t\u00f6renlerini organize eden Hrant&#8217;\u0131n Arkada\u015flar\u0131 grubu konuya dair bir a\u00e7\u0131klama yapt\u0131. A\u00e7\u0131klama \u015f\u00f6yle: &#8220;Gazeteci Hrant Dink katledili\u015finin 14. y\u0131ld\u00f6n\u00fcm\u00fcnde, 19 Ocak\u2019ta an\u0131lacak. [&hellip;]\" \/>\n<meta property=\"og:url\" content=\"https:\/\/akunq.net\/tr\/?p=60937\" \/>\n<meta property=\"og:site_name\" content=\"Bati Ermenistan Ve Bati Ermenileri Sorunlari Ara\u015ftirmalar Merkezi\" \/>\n<meta property=\"article:published_time\" content=\"2021-01-15T06:04:02+00:00\" \/>\n<meta property=\"og:image\" content=\"https:\/\/akunq.net\/tr\/wp-content\/uploads\/sites\/6\/2021\/01\/Dink-1.jpg\" \/>\n\t<meta property=\"og:image:width\" content=\"401\" \/>\n\t<meta property=\"og:image:height\" content=\"300\" \/>\n\t<meta property=\"og:image:type\" content=\"image\/jpeg\" \/>\n<meta name=\"author\" content=\"admin\" \/>\n<meta name=\"twitter:card\" content=\"summary_large_image\" \/>\n<meta name=\"twitter:label1\" content=\"Written by\" \/>\n\t<meta name=\"twitter:data1\" content=\"admin\" \/>\n\t<meta name=\"twitter:label2\" content=\"Est. reading time\" \/>\n\t<meta name=\"twitter:data2\" content=\"1 minute\" \/>\n<script type=\"application\/ld+json\" class=\"yoast-schema-graph\">{\"@context\":\"https:\\\/\\\/schema.org\",\"@graph\":[{\"@type\":\"Article\",\"@id\":\"https:\\\/\\\/akunq.net\\\/tr\\\/?p=60937#article\",\"isPartOf\":{\"@id\":\"https:\\\/\\\/akunq.net\\\/tr\\\/?p=60937\"},\"author\":{\"name\":\"admin\",\"@id\":\"https:\\\/\\\/akunq.net\\\/tr\\\/#\\\/schema\\\/person\\\/096f1d38a12cce57fb855b485ed24c9e\"},\"headline\":\"19 Ocak anma t\u00f6reni bu y\u0131l pandemi nedeniyle internet \u00fczerinden olacak\",\"datePublished\":\"2021-01-15T06:04:02+00:00\",\"mainEntityOfPage\":{\"@id\":\"https:\\\/\\\/akunq.net\\\/tr\\\/?p=60937\"},\"wordCount\":237,\"commentCount\":0,\"image\":{\"@id\":\"https:\\\/\\\/akunq.net\\\/tr\\\/?p=60937#primaryimage\"},\"thumbnailUrl\":\"https:\\\/\\\/akunq.net\\\/tr\\\/wp-content\\\/uploads\\\/sites\\\/6\\\/2021\\\/01\\\/Dink-1.jpg\",\"articleSection\":[\"Haberler\"],\"inLanguage\":\"en-US\",\"potentialAction\":[{\"@type\":\"CommentAction\",\"name\":\"Comment\",\"target\":[\"https:\\\/\\\/akunq.net\\\/tr\\\/?p=60937#respond\"]}]},{\"@type\":\"WebPage\",\"@id\":\"https:\\\/\\\/akunq.net\\\/tr\\\/?p=60937\",\"url\":\"https:\\\/\\\/akunq.net\\\/tr\\\/?p=60937\",\"name\":\"19 Ocak anma t\u00f6reni bu y\u0131l pandemi nedeniyle internet \u00fczerinden olacak - Bati Ermenistan Ve Bati Ermenileri Sorunlari Ara\u015ftirmalar Merkezi\",\"isPartOf\":{\"@id\":\"https:\\\/\\\/akunq.net\\\/tr\\\/#website\"},\"primaryImageOfPage\":{\"@id\":\"https:\\\/\\\/akunq.net\\\/tr\\\/?p=60937#primaryimage\"},\"image\":{\"@id\":\"https:\\\/\\\/akunq.net\\\/tr\\\/?p=60937#primaryimage\"},\"thumbnailUrl\":\"https:\\\/\\\/akunq.net\\\/tr\\\/wp-content\\\/uploads\\\/sites\\\/6\\\/2021\\\/01\\\/Dink-1.jpg\",\"datePublished\":\"2021-01-15T06:04:02+00:00\",\"author\":{\"@id\":\"https:\\\/\\\/akunq.net\\\/tr\\\/#\\\/schema\\\/person\\\/096f1d38a12cce57fb855b485ed24c9e\"},\"breadcrumb\":{\"@id\":\"https:\\\/\\\/akunq.net\\\/tr\\\/?p=60937#breadcrumb\"},\"inLanguage\":\"en-US\",\"potentialAction\":[{\"@type\":\"ReadAction\",\"target\":[\"https:\\\/\\\/akunq.net\\\/tr\\\/?p=60937\"]}]},{\"@type\":\"ImageObject\",\"inLanguage\":\"en-US\",\"@id\":\"https:\\\/\\\/akunq.net\\\/tr\\\/?p=60937#primaryimage\",\"url\":\"https:\\\/\\\/akunq.net\\\/tr\\\/wp-content\\\/uploads\\\/sites\\\/6\\\/2021\\\/01\\\/Dink-1.jpg\",\"contentUrl\":\"https:\\\/\\\/akunq.net\\\/tr\\\/wp-content\\\/uploads\\\/sites\\\/6\\\/2021\\\/01\\\/Dink-1.jpg\",\"width\":401,\"height\":300},{\"@type\":\"BreadcrumbList\",\"@id\":\"https:\\\/\\\/akunq.net\\\/tr\\\/?p=60937#breadcrumb\",\"itemListElement\":[{\"@type\":\"ListItem\",\"position\":1,\"name\":\"Home\",\"item\":\"https:\\\/\\\/akunq.net\\\/tr\"},{\"@type\":\"ListItem\",\"position\":2,\"name\":\"19 Ocak anma t\u00f6reni bu y\u0131l pandemi nedeniyle internet \u00fczerinden olacak\"}]},{\"@type\":\"WebSite\",\"@id\":\"https:\\\/\\\/akunq.net\\\/tr\\\/#website\",\"url\":\"https:\\\/\\\/akunq.net\\\/tr\\\/\",\"name\":\"Bati Ermenistan Ve Bati Ermenileri Sorunlari Ara\u015ftirmalar Merkezi\",\"description\":\"\",\"potentialAction\":[{\"@type\":\"SearchAction\",\"target\":{\"@type\":\"EntryPoint\",\"urlTemplate\":\"https:\\\/\\\/akunq.net\\\/tr\\\/?s={search_term_string}\"},\"query-input\":{\"@type\":\"PropertyValueSpecification\",\"valueRequired\":true,\"valueName\":\"search_term_string\"}}],\"inLanguage\":\"en-US\"},{\"@type\":\"Person\",\"@id\":\"https:\\\/\\\/akunq.net\\\/tr\\\/#\\\/schema\\\/person\\\/096f1d38a12cce57fb855b485ed24c9e\",\"name\":\"admin\",\"url\":\"https:\\\/\\\/akunq.net\\\/tr\\\/?author=7\"}]}<\/script>\n<!-- \/ Yoast SEO plugin. -->","yoast_head_json":{"title":"19 Ocak anma t\u00f6reni bu y\u0131l pandemi nedeniyle internet \u00fczerinden olacak - Bati Ermenistan Ve Bati Ermenileri Sorunlari Ara\u015ftirmalar Merkezi","robots":{"index":"index","follow":"follow","max-snippet":"max-snippet:-1","max-image-preview":"max-image-preview:large","max-video-preview":"max-video-preview:-1"},"canonical":"https:\/\/akunq.net\/tr\/?p=60937","og_locale":"en_US","og_type":"article","og_title":"19 Ocak anma t\u00f6reni bu y\u0131l pandemi nedeniyle internet \u00fczerinden olacak - Bati Ermenistan Ve Bati Ermenileri Sorunlari Ara\u015ftirmalar Merkezi","og_description":"Agos gazetesi kurucusu ve genel yay\u0131n y\u00f6netmeni Hrant Dink katledili\u015finin 14. y\u0131ld\u00f6n\u00fcm\u00fcnde salg\u0131n nedeniyle, bu seneye mahsus olmak \u00fczere, sanal ortamda an\u0131lacak. 2007&#8217;den bu yana cinayet davas\u0131n\u0131 takip eden ve 19 Ocak anma t\u00f6renlerini organize eden Hrant&#8217;\u0131n Arkada\u015flar\u0131 grubu konuya dair bir a\u00e7\u0131klama yapt\u0131. A\u00e7\u0131klama \u015f\u00f6yle: &#8220;Gazeteci Hrant Dink katledili\u015finin 14. y\u0131ld\u00f6n\u00fcm\u00fcnde, 19 Ocak\u2019ta an\u0131lacak. [&hellip;]","og_url":"https:\/\/akunq.net\/tr\/?p=60937","og_site_name":"Bati Ermenistan Ve Bati Ermenileri Sorunlari Ara\u015ftirmalar Merkezi","article_published_time":"2021-01-15T06:04:02+00:00","og_image":[{"width":401,"height":300,"url":"https:\/\/akunq.net\/tr\/wp-content\/uploads\/sites\/6\/2021\/01\/Dink-1.jpg","type":"image\/jpeg"}],"author":"admin","twitter_card":"summary_large_image","twitter_misc":{"Written by":"admin","Est. reading time":"1 minute"},"schema":{"@context":"https:\/\/schema.org","@graph":[{"@type":"Article","@id":"https:\/\/akunq.net\/tr\/?p=60937#article","isPartOf":{"@id":"https:\/\/akunq.net\/tr\/?p=60937"},"author":{"name":"admin","@id":"https:\/\/akunq.net\/tr\/#\/schema\/person\/096f1d38a12cce57fb855b485ed24c9e"},"headline":"19 Ocak anma t\u00f6reni bu y\u0131l pandemi nedeniyle internet \u00fczerinden olacak","datePublished":"2021-01-15T06:04:02+00:00","mainEntityOfPage":{"@id":"https:\/\/akunq.net\/tr\/?p=60937"},"wordCount":237,"commentCount":0,"image":{"@id":"https:\/\/akunq.net\/tr\/?p=60937#primaryimage"},"thumbnailUrl":"https:\/\/akunq.net\/tr\/wp-content\/uploads\/sites\/6\/2021\/01\/Dink-1.jpg","articleSection":["Haberler"],"inLanguage":"en-US","potentialAction":[{"@type":"CommentAction","name":"Comment","target":["https:\/\/akunq.net\/tr\/?p=60937#respond"]}]},{"@type":"WebPage","@id":"https:\/\/akunq.net\/tr\/?p=60937","url":"https:\/\/akunq.net\/tr\/?p=60937","name":"19 Ocak anma t\u00f6reni bu y\u0131l pandemi nedeniyle internet \u00fczerinden olacak - Bati Ermenistan Ve Bati Ermenileri Sorunlari Ara\u015ftirmalar Merkezi","isPartOf":{"@id":"https:\/\/akunq.net\/tr\/#website"},"primaryImageOfPage":{"@id":"https:\/\/akunq.net\/tr\/?p=60937#primaryimage"},"image":{"@id":"https:\/\/akunq.net\/tr\/?p=60937#primaryimage"},"thumbnailUrl":"https:\/\/akunq.net\/tr\/wp-content\/uploads\/sites\/6\/2021\/01\/Dink-1.jpg","datePublished":"2021-01-15T06:04:02+00:00","author":{"@id":"https:\/\/akunq.net\/tr\/#\/schema\/person\/096f1d38a12cce57fb855b485ed24c9e"},"breadcrumb":{"@id":"https:\/\/akunq.net\/tr\/?p=60937#breadcrumb"},"inLanguage":"en-US","potentialAction":[{"@type":"ReadAction","target":["https:\/\/akunq.net\/tr\/?p=60937"]}]},{"@type":"ImageObject","inLanguage":"en-US","@id":"https:\/\/akunq.net\/tr\/?p=60937#primaryimage","url":"https:\/\/akunq.net\/tr\/wp-content\/uploads\/sites\/6\/2021\/01\/Dink-1.jpg","contentUrl":"https:\/\/akunq.net\/tr\/wp-content\/uploads\/sites\/6\/2021\/01\/Dink-1.jpg","width":401,"height":300},{"@type":"BreadcrumbList","@id":"https:\/\/akunq.net\/tr\/?p=60937#breadcrumb","itemListElement":[{"@type":"ListItem","position":1,"name":"Home","item":"https:\/\/akunq.net\/tr"},{"@type":"ListItem","position":2,"name":"19 Ocak anma t\u00f6reni bu y\u0131l pandemi nedeniyle internet \u00fczerinden olacak"}]},{"@type":"WebSite","@id":"https:\/\/akunq.net\/tr\/#website","url":"https:\/\/akunq.net\/tr\/","name":"Bati Ermenistan Ve Bati Ermenileri Sorunlari Ara\u015ftirmalar Merkezi","description":"","potentialAction":[{"@type":"SearchAction","target":{"@type":"EntryPoint","urlTemplate":"https:\/\/akunq.net\/tr\/?s={search_term_string}"},"query-input":{"@type":"PropertyValueSpecification","valueRequired":true,"valueName":"search_term_string"}}],"inLanguage":"en-US"},{"@type":"Person","@id":"https:\/\/akunq.net\/tr\/#\/schema\/person\/096f1d38a12cce57fb855b485ed24c9e","name":"admin","url":"https:\/\/akunq.net\/tr\/?author=7"}]}},"_links":{"self":[{"href":"https:\/\/akunq.net\/tr\/index.php?rest_route=\/wp\/v2\/posts\/60937","targetHints":{"allow":["GET"]}}],"collection":[{"href":"https:\/\/akunq.net\/tr\/index.php?rest_route=\/wp\/v2\/posts"}],"about":[{"href":"https:\/\/akunq.net\/tr\/index.php?rest_route=\/wp\/v2\/types\/post"}],"author":[{"embeddable":true,"href":"https:\/\/akunq.net\/tr\/index.php?rest_route=\/wp\/v2\/users\/7"}],"replies":[{"embeddable":true,"href":"https:\/\/akunq.net\/tr\/index.php?rest_route=%2Fwp%2Fv2%2Fcomments&post=60937"}],"version-history":[{"count":1,"href":"https:\/\/akunq.net\/tr\/index.php?rest_route=\/wp\/v2\/posts\/60937\/revisions"}],"predecessor-version":[{"id":60939,"href":"https:\/\/akunq.net\/tr\/index.php?rest_route=\/wp\/v2\/posts\/60937\/revisions\/60939"}],"wp:featuredmedia":[{"embeddable":true,"href":"https:\/\/akunq.net\/tr\/index.php?rest_route=\/wp\/v2\/media\/60938"}],"wp:attachment":[{"href":"https:\/\/akunq.net\/tr\/index.php?rest_route=%2Fwp%2Fv2%2Fmedia&parent=60937"}],"wp:term":[{"taxonomy":"category","embeddable":true,"href":"https:\/\/akunq.net\/tr\/index.php?rest_route=%2Fwp%2Fv2%2Fcategories&post=60937"},{"taxonomy":"post_tag","embeddable":true,"href":"https:\/\/akunq.net\/tr\/index.php?rest_route=%2Fwp%2Fv2%2Ftags&post=60937"}],"curies":[{"name":"wp","href":"https:\/\/api.w.org\/{rel}","templated":true}]}}