{"id":60924,"date":"2021-01-14T02:01:15","date_gmt":"2021-01-14T07:01:15","guid":{"rendered":"https:\/\/akunq.net\/tr\/?p=60924"},"modified":"2021-01-14T02:01:15","modified_gmt":"2021-01-14T07:01:15","slug":"uluslararasi-hrant-dink-odulu-adaylarinizi-bekliyor","status":"publish","type":"post","link":"https:\/\/akunq.net\/tr\/?p=60924","title":{"rendered":"Uluslararas\u0131 Hrant Dink \u00d6d\u00fcl\u00fc adaylar\u0131n\u0131z\u0131 bekliyor"},"content":{"rendered":"<p><img loading=\"lazy\" decoding=\"async\" class=\"aligncenter size-medium wp-image-60925\" src=\"https:\/\/akunq.net\/tr\/wp-content\/uploads\/2021\/01\/Dink-360x233.jpg\" alt=\"\" width=\"360\" height=\"233\" srcset=\"https:\/\/akunq.net\/tr\/wp-content\/uploads\/sites\/6\/2021\/01\/Dink-360x233.jpg 360w, https:\/\/akunq.net\/tr\/wp-content\/uploads\/sites\/6\/2021\/01\/Dink-260x168.jpg 260w, https:\/\/akunq.net\/tr\/wp-content\/uploads\/sites\/6\/2021\/01\/Dink-160x104.jpg 160w, https:\/\/akunq.net\/tr\/wp-content\/uploads\/sites\/6\/2021\/01\/Dink.jpg 500w\" sizes=\"auto, (max-width: 360px) 100vw, 360px\" \/><\/p>\n<p><em><strong>2009\u2019dan beri verilen Uluslararas\u0131 Hrant Dink \u00d6d\u00fcl\u00fc i\u00e7in aday g\u00f6stermek istedi\u011finiz ki\u015fi, kurum veya kurulu\u015flar\u0131 30 Nisan\u2019a kadar, Hrant Dink Vakf\u0131\u2019na iletebilirsiniz.<\/strong><\/em><\/p>\n<p>Hrant Dink Vakf\u0131, Uluslararas\u0131 Hrant Dink \u00d6d\u00fcl\u00fc i\u00e7in aday \u00f6nerilerinizi bekliyor. \u00d6d\u00fcl, katledilen gazeteci Hrant Dink\u2019in do\u011fum g\u00fcn\u00fc olan 15 Eyl\u00fcl\u2019de on \u00fc\u00e7\u00fcnc\u00fc kez sahiplerini bulacak.<\/p>\n<p><strong>30 Nisan\u2019a kadar aday \u00f6nerilebilir<\/strong><\/p>\n<p>Bu y\u0131l\u0131n \u00f6d\u00fclleri i\u00e7in aday \u00f6nerileri 30 Nisan 2021\u2019e kadar kabul edilecek.<\/p>\n<p>\u00d6d\u00fcl\u00fcn ge\u00e7en y\u0131lki sahipleri, tutuklu insan haklar\u0131 aktivisti, i\u015f insan\u0131 Osman Kavala ile Ortado\u011fu ve Kuzey Afrika genelinde feminist hareketin \u00f6nc\u00fclerinden Mozn Hassan olmu\u015ftu.<\/p>\n<p>Her y\u0131l 2 ki\u015fiye verilen \u00f6d\u00fcle uygun oldu\u011funu d\u00fc\u015f\u00fcnd\u00fc\u011f\u00fcn\u00fcz ki\u015fi, kurum veya kurulu\u015flar\u0131 30 Nisan\u2019a kadar, adaylar\u0131n\u0131za dair ayr\u0131nt\u0131l\u0131 bilgi ile [email protected] adresine iletebilirsiniz.<\/p>\n<p>Uluslararas\u0131 Hrant Dink \u00d6d\u00fcl\u00fc\u2019ne aday g\u00f6stermek i\u00e7in\u00a0<a href=\"https:\/\/hrantdink.org\/tr\/uluslararasi-hrant-dink-odulu\/odul-sahipleri\/aday-gosterin\">t\u0131klay\u0131n<\/a>.<\/p>\n<p><strong>\u00d6d\u00fcl hakk\u0131nda<\/strong><\/p>\n<p>Uluslararas\u0131 Hrant Dink \u00f6d\u00fclleri, 2009\u2019dan bu yana her y\u0131l Hrant Dink\u2019in do\u011fumg\u00fcn\u00fc olan 15 Eyl\u00fcl\u2019de veriliyor.<\/p>\n<p>\u00d6d\u00fcl her y\u0131l ayr\u0131mc\u0131l\u0131ktan, \u0131rk\u00e7\u0131l\u0131ktan, \u015fiddetten ar\u0131nm\u0131\u015f, daha \u00f6zg\u00fcr ve adil bir d\u00fcnya i\u00e7in \u00e7al\u0131\u015fan, bu idealler u\u011fruna bireysel risk alan, ezber bozan, bar\u0131\u015f\u0131n dilini kullanan, bunlar\u0131 yaparken, insanlara m\u00fccadeleye devam etme yolunda ilham ve umut veren ki\u015fi, kurum veya gruplara veriliyor.<\/p>\n<p>Hrant Dink Vakf\u0131, \u00f6d\u00fclle bu y\u00f6nde \u00e7aba g\u00f6sterenlere, seslerinin duyuldu\u011funu, yapt\u0131klar\u0131n\u0131n g\u00f6r\u00fcld\u00fc\u011f\u00fcn\u00fc ve yaln\u0131z olmad\u0131klar\u0131n\u0131 hat\u0131rlatmay\u0131, onlara manen destek olmay\u0131, t\u00fcm insanlar\u0131 idealleri u\u011fruna m\u00fccadeleye te\u015fvik etmeyi ama\u00e7l\u0131yor.<\/p>\n<p><strong>Hrant Dink \u00d6d\u00fcllerinin \u00f6nceki sahipleri<\/strong><\/p>\n<p>2020: Ortado\u011fu ve Kuzey Afrika genelinde feminist hareketin \u00f6nc\u00fclerinden olan Mozn Hassan ve tutuklu insan haklar\u0131 aktivisti, i\u015f insan\u0131 Osman Kavala<\/p>\n<p>2019: Eril \u015fiddete kar\u015f\u0131 \u00e7al\u0131\u015fmalar y\u00fcr\u00fcten Nebahat Akko\u00e7 ve Hindistan\u2019da insan haklar\u0131 ve \u00e7evre haklar\u0131 i\u00e7in m\u00fccadele eden Agnes Kharshiing<\/p>\n<p>2018: \u0130nsan haklar\u0131 aktivisti Murat \u00c7elikkan ve Yemenli Mwatana \u0130nsan Haklar\u0131 \u00d6rg\u00fct\u00fc<\/p>\n<p>2017: Avukat Eren Keskin ve \u00c7inli sanat\u00e7\u0131 Ai Weiwei<\/p>\n<p>2016: Malavi\u2019de \u00e7ocuklar\u0131n insan haklar\u0131 \u00fczerine \u00e7al\u0131\u015fan kabile reisi Theresa Kachindamoto ve Diyarbak\u0131r Barosu<\/p>\n<p>2015: Suudi Arabistan\u2019dan kad\u0131n haklar\u0131 savunucu Samar Badawi ve KAOS GL<\/p>\n<p>2014: Adli t\u0131p uzman\u0131 ve insan haklar\u0131 savunucusu \u015eebnem Korur Fincanc\u0131 ve aktivist Angie Zelter<\/p>\n<p>2013: \u0130nsan haklar\u0131 savunucusu Nata\u0161a Kandic ve Cumartesi Anneleri \/ \u0130nsanlar\u0131<\/p>\n<p>2012: Yazar \u0130smail Be\u015fik\u00e7i ve insan haklar\u0131 \u00f6rg\u00fct\u00fc Uluslararas\u0131 \u2018Memorial\u2019 Toplulu\u011fu<\/p>\n<p>2011: Gazeteci-yazar Ahmet Altan ve gazeteci-insan haklar\u0131 savunucusu Lydia Cacho<\/p>\n<p>2010: T\u00fcrkiye Vicdani Ret Hareketi ve hukuk\u00e7u Baltasar Garz\u00f3n<\/p>\n<p>2009: Gazeteci-yazar Alper G\u00f6rm\u00fc\u015f ve gazeteci-yazar Amira Hass<\/p>\n<p><em><strong>https:\/\/bianet.org\/bianet\/insan-haklari\/237449-uluslararasi-hrant-dink-odulu-adaylarinizi-bekliyor?bia_source=rss\u00a0<\/strong><\/em><\/p>\n","protected":false},"excerpt":{"rendered":"<p>2009\u2019dan beri verilen Uluslararas\u0131 Hrant Dink \u00d6d\u00fcl\u00fc i\u00e7in aday g\u00f6stermek istedi\u011finiz ki\u015fi, kurum veya kurulu\u015flar\u0131 30 Nisan\u2019a kadar, Hrant Dink Vakf\u0131\u2019na iletebilirsiniz. Hrant Dink Vakf\u0131, Uluslararas\u0131 Hrant Dink \u00d6d\u00fcl\u00fc i\u00e7in aday \u00f6nerilerinizi bekliyor. \u00d6d\u00fcl, katledilen gazeteci Hrant Dink\u2019in do\u011fum g\u00fcn\u00fc olan 15 Eyl\u00fcl\u2019de on \u00fc\u00e7\u00fcnc\u00fc kez sahiplerini bulacak. 30 Nisan\u2019a kadar aday \u00f6nerilebilir Bu y\u0131l\u0131n [&hellip;]<\/p>\n","protected":false},"author":7,"featured_media":60925,"comment_status":"open","ping_status":"open","sticky":false,"template":"","format":"standard","meta":{"footnotes":""},"categories":[1],"tags":[],"class_list":["post-60924","post","type-post","status-publish","format-standard","has-post-thumbnail","hentry","category-haberler"],"yoast_head":"<!-- This site is optimized with the Yoast SEO plugin v27.4 - https:\/\/yoast.com\/product\/yoast-seo-wordpress\/ -->\n<title>Uluslararas\u0131 Hrant Dink \u00d6d\u00fcl\u00fc adaylar\u0131n\u0131z\u0131 bekliyor - Bati Ermenistan Ve Bati Ermenileri Sorunlari Ara\u015ftirmalar Merkezi<\/title>\n<meta name=\"robots\" content=\"index, follow, max-snippet:-1, max-image-preview:large, max-video-preview:-1\" \/>\n<link rel=\"canonical\" href=\"https:\/\/akunq.net\/tr\/?p=60924\" \/>\n<meta property=\"og:locale\" content=\"en_US\" \/>\n<meta property=\"og:type\" content=\"article\" \/>\n<meta property=\"og:title\" content=\"Uluslararas\u0131 Hrant Dink \u00d6d\u00fcl\u00fc adaylar\u0131n\u0131z\u0131 bekliyor - Bati Ermenistan Ve Bati Ermenileri Sorunlari Ara\u015ftirmalar Merkezi\" \/>\n<meta property=\"og:description\" content=\"2009\u2019dan beri verilen Uluslararas\u0131 Hrant Dink \u00d6d\u00fcl\u00fc i\u00e7in aday g\u00f6stermek istedi\u011finiz ki\u015fi, kurum veya kurulu\u015flar\u0131 30 Nisan\u2019a kadar, Hrant Dink Vakf\u0131\u2019na iletebilirsiniz. Hrant Dink Vakf\u0131, Uluslararas\u0131 Hrant Dink \u00d6d\u00fcl\u00fc i\u00e7in aday \u00f6nerilerinizi bekliyor. \u00d6d\u00fcl, katledilen gazeteci Hrant Dink\u2019in do\u011fum g\u00fcn\u00fc olan 15 Eyl\u00fcl\u2019de on \u00fc\u00e7\u00fcnc\u00fc kez sahiplerini bulacak. 30 Nisan\u2019a kadar aday \u00f6nerilebilir Bu y\u0131l\u0131n [&hellip;]\" \/>\n<meta property=\"og:url\" content=\"https:\/\/akunq.net\/tr\/?p=60924\" \/>\n<meta property=\"og:site_name\" content=\"Bati Ermenistan Ve Bati Ermenileri Sorunlari Ara\u015ftirmalar Merkezi\" \/>\n<meta property=\"article:published_time\" content=\"2021-01-14T07:01:15+00:00\" \/>\n<meta property=\"og:image\" content=\"https:\/\/akunq.net\/tr\/wp-content\/uploads\/sites\/6\/2021\/01\/Dink.jpg\" \/>\n\t<meta property=\"og:image:width\" content=\"500\" \/>\n\t<meta property=\"og:image:height\" content=\"324\" \/>\n\t<meta property=\"og:image:type\" content=\"image\/jpeg\" \/>\n<meta name=\"author\" content=\"admin\" \/>\n<meta name=\"twitter:card\" content=\"summary_large_image\" \/>\n<meta name=\"twitter:label1\" content=\"Written by\" \/>\n\t<meta name=\"twitter:data1\" content=\"admin\" \/>\n\t<meta name=\"twitter:label2\" content=\"Est. reading time\" \/>\n\t<meta name=\"twitter:data2\" content=\"2 minutes\" \/>\n<script type=\"application\/ld+json\" class=\"yoast-schema-graph\">{\"@context\":\"https:\\\/\\\/schema.org\",\"@graph\":[{\"@type\":\"Article\",\"@id\":\"https:\\\/\\\/akunq.net\\\/tr\\\/?p=60924#article\",\"isPartOf\":{\"@id\":\"https:\\\/\\\/akunq.net\\\/tr\\\/?p=60924\"},\"author\":{\"name\":\"admin\",\"@id\":\"https:\\\/\\\/akunq.net\\\/tr\\\/#\\\/schema\\\/person\\\/096f1d38a12cce57fb855b485ed24c9e\"},\"headline\":\"Uluslararas\u0131 Hrant Dink \u00d6d\u00fcl\u00fc adaylar\u0131n\u0131z\u0131 bekliyor\",\"datePublished\":\"2021-01-14T07:01:15+00:00\",\"mainEntityOfPage\":{\"@id\":\"https:\\\/\\\/akunq.net\\\/tr\\\/?p=60924\"},\"wordCount\":483,\"commentCount\":0,\"image\":{\"@id\":\"https:\\\/\\\/akunq.net\\\/tr\\\/?p=60924#primaryimage\"},\"thumbnailUrl\":\"https:\\\/\\\/akunq.net\\\/tr\\\/wp-content\\\/uploads\\\/sites\\\/6\\\/2021\\\/01\\\/Dink.jpg\",\"articleSection\":[\"Haberler\"],\"inLanguage\":\"en-US\",\"potentialAction\":[{\"@type\":\"CommentAction\",\"name\":\"Comment\",\"target\":[\"https:\\\/\\\/akunq.net\\\/tr\\\/?p=60924#respond\"]}]},{\"@type\":\"WebPage\",\"@id\":\"https:\\\/\\\/akunq.net\\\/tr\\\/?p=60924\",\"url\":\"https:\\\/\\\/akunq.net\\\/tr\\\/?p=60924\",\"name\":\"Uluslararas\u0131 Hrant Dink \u00d6d\u00fcl\u00fc adaylar\u0131n\u0131z\u0131 bekliyor - Bati Ermenistan Ve Bati Ermenileri Sorunlari Ara\u015ftirmalar Merkezi\",\"isPartOf\":{\"@id\":\"https:\\\/\\\/akunq.net\\\/tr\\\/#website\"},\"primaryImageOfPage\":{\"@id\":\"https:\\\/\\\/akunq.net\\\/tr\\\/?p=60924#primaryimage\"},\"image\":{\"@id\":\"https:\\\/\\\/akunq.net\\\/tr\\\/?p=60924#primaryimage\"},\"thumbnailUrl\":\"https:\\\/\\\/akunq.net\\\/tr\\\/wp-content\\\/uploads\\\/sites\\\/6\\\/2021\\\/01\\\/Dink.jpg\",\"datePublished\":\"2021-01-14T07:01:15+00:00\",\"author\":{\"@id\":\"https:\\\/\\\/akunq.net\\\/tr\\\/#\\\/schema\\\/person\\\/096f1d38a12cce57fb855b485ed24c9e\"},\"breadcrumb\":{\"@id\":\"https:\\\/\\\/akunq.net\\\/tr\\\/?p=60924#breadcrumb\"},\"inLanguage\":\"en-US\",\"potentialAction\":[{\"@type\":\"ReadAction\",\"target\":[\"https:\\\/\\\/akunq.net\\\/tr\\\/?p=60924\"]}]},{\"@type\":\"ImageObject\",\"inLanguage\":\"en-US\",\"@id\":\"https:\\\/\\\/akunq.net\\\/tr\\\/?p=60924#primaryimage\",\"url\":\"https:\\\/\\\/akunq.net\\\/tr\\\/wp-content\\\/uploads\\\/sites\\\/6\\\/2021\\\/01\\\/Dink.jpg\",\"contentUrl\":\"https:\\\/\\\/akunq.net\\\/tr\\\/wp-content\\\/uploads\\\/sites\\\/6\\\/2021\\\/01\\\/Dink.jpg\",\"width\":500,\"height\":324},{\"@type\":\"BreadcrumbList\",\"@id\":\"https:\\\/\\\/akunq.net\\\/tr\\\/?p=60924#breadcrumb\",\"itemListElement\":[{\"@type\":\"ListItem\",\"position\":1,\"name\":\"Home\",\"item\":\"https:\\\/\\\/akunq.net\\\/tr\"},{\"@type\":\"ListItem\",\"position\":2,\"name\":\"Uluslararas\u0131 Hrant Dink \u00d6d\u00fcl\u00fc adaylar\u0131n\u0131z\u0131 bekliyor\"}]},{\"@type\":\"WebSite\",\"@id\":\"https:\\\/\\\/akunq.net\\\/tr\\\/#website\",\"url\":\"https:\\\/\\\/akunq.net\\\/tr\\\/\",\"name\":\"Bati Ermenistan Ve Bati Ermenileri Sorunlari Ara\u015ftirmalar Merkezi\",\"description\":\"\",\"potentialAction\":[{\"@type\":\"SearchAction\",\"target\":{\"@type\":\"EntryPoint\",\"urlTemplate\":\"https:\\\/\\\/akunq.net\\\/tr\\\/?s={search_term_string}\"},\"query-input\":{\"@type\":\"PropertyValueSpecification\",\"valueRequired\":true,\"valueName\":\"search_term_string\"}}],\"inLanguage\":\"en-US\"},{\"@type\":\"Person\",\"@id\":\"https:\\\/\\\/akunq.net\\\/tr\\\/#\\\/schema\\\/person\\\/096f1d38a12cce57fb855b485ed24c9e\",\"name\":\"admin\",\"url\":\"https:\\\/\\\/akunq.net\\\/tr\\\/?author=7\"}]}<\/script>\n<!-- \/ Yoast SEO plugin. -->","yoast_head_json":{"title":"Uluslararas\u0131 Hrant Dink \u00d6d\u00fcl\u00fc adaylar\u0131n\u0131z\u0131 bekliyor - Bati Ermenistan Ve Bati Ermenileri Sorunlari Ara\u015ftirmalar Merkezi","robots":{"index":"index","follow":"follow","max-snippet":"max-snippet:-1","max-image-preview":"max-image-preview:large","max-video-preview":"max-video-preview:-1"},"canonical":"https:\/\/akunq.net\/tr\/?p=60924","og_locale":"en_US","og_type":"article","og_title":"Uluslararas\u0131 Hrant Dink \u00d6d\u00fcl\u00fc adaylar\u0131n\u0131z\u0131 bekliyor - Bati Ermenistan Ve Bati Ermenileri Sorunlari Ara\u015ftirmalar Merkezi","og_description":"2009\u2019dan beri verilen Uluslararas\u0131 Hrant Dink \u00d6d\u00fcl\u00fc i\u00e7in aday g\u00f6stermek istedi\u011finiz ki\u015fi, kurum veya kurulu\u015flar\u0131 30 Nisan\u2019a kadar, Hrant Dink Vakf\u0131\u2019na iletebilirsiniz. Hrant Dink Vakf\u0131, Uluslararas\u0131 Hrant Dink \u00d6d\u00fcl\u00fc i\u00e7in aday \u00f6nerilerinizi bekliyor. \u00d6d\u00fcl, katledilen gazeteci Hrant Dink\u2019in do\u011fum g\u00fcn\u00fc olan 15 Eyl\u00fcl\u2019de on \u00fc\u00e7\u00fcnc\u00fc kez sahiplerini bulacak. 30 Nisan\u2019a kadar aday \u00f6nerilebilir Bu y\u0131l\u0131n [&hellip;]","og_url":"https:\/\/akunq.net\/tr\/?p=60924","og_site_name":"Bati Ermenistan Ve Bati Ermenileri Sorunlari Ara\u015ftirmalar Merkezi","article_published_time":"2021-01-14T07:01:15+00:00","og_image":[{"width":500,"height":324,"url":"https:\/\/akunq.net\/tr\/wp-content\/uploads\/sites\/6\/2021\/01\/Dink.jpg","type":"image\/jpeg"}],"author":"admin","twitter_card":"summary_large_image","twitter_misc":{"Written by":"admin","Est. reading time":"2 minutes"},"schema":{"@context":"https:\/\/schema.org","@graph":[{"@type":"Article","@id":"https:\/\/akunq.net\/tr\/?p=60924#article","isPartOf":{"@id":"https:\/\/akunq.net\/tr\/?p=60924"},"author":{"name":"admin","@id":"https:\/\/akunq.net\/tr\/#\/schema\/person\/096f1d38a12cce57fb855b485ed24c9e"},"headline":"Uluslararas\u0131 Hrant Dink \u00d6d\u00fcl\u00fc adaylar\u0131n\u0131z\u0131 bekliyor","datePublished":"2021-01-14T07:01:15+00:00","mainEntityOfPage":{"@id":"https:\/\/akunq.net\/tr\/?p=60924"},"wordCount":483,"commentCount":0,"image":{"@id":"https:\/\/akunq.net\/tr\/?p=60924#primaryimage"},"thumbnailUrl":"https:\/\/akunq.net\/tr\/wp-content\/uploads\/sites\/6\/2021\/01\/Dink.jpg","articleSection":["Haberler"],"inLanguage":"en-US","potentialAction":[{"@type":"CommentAction","name":"Comment","target":["https:\/\/akunq.net\/tr\/?p=60924#respond"]}]},{"@type":"WebPage","@id":"https:\/\/akunq.net\/tr\/?p=60924","url":"https:\/\/akunq.net\/tr\/?p=60924","name":"Uluslararas\u0131 Hrant Dink \u00d6d\u00fcl\u00fc adaylar\u0131n\u0131z\u0131 bekliyor - Bati Ermenistan Ve Bati Ermenileri Sorunlari Ara\u015ftirmalar Merkezi","isPartOf":{"@id":"https:\/\/akunq.net\/tr\/#website"},"primaryImageOfPage":{"@id":"https:\/\/akunq.net\/tr\/?p=60924#primaryimage"},"image":{"@id":"https:\/\/akunq.net\/tr\/?p=60924#primaryimage"},"thumbnailUrl":"https:\/\/akunq.net\/tr\/wp-content\/uploads\/sites\/6\/2021\/01\/Dink.jpg","datePublished":"2021-01-14T07:01:15+00:00","author":{"@id":"https:\/\/akunq.net\/tr\/#\/schema\/person\/096f1d38a12cce57fb855b485ed24c9e"},"breadcrumb":{"@id":"https:\/\/akunq.net\/tr\/?p=60924#breadcrumb"},"inLanguage":"en-US","potentialAction":[{"@type":"ReadAction","target":["https:\/\/akunq.net\/tr\/?p=60924"]}]},{"@type":"ImageObject","inLanguage":"en-US","@id":"https:\/\/akunq.net\/tr\/?p=60924#primaryimage","url":"https:\/\/akunq.net\/tr\/wp-content\/uploads\/sites\/6\/2021\/01\/Dink.jpg","contentUrl":"https:\/\/akunq.net\/tr\/wp-content\/uploads\/sites\/6\/2021\/01\/Dink.jpg","width":500,"height":324},{"@type":"BreadcrumbList","@id":"https:\/\/akunq.net\/tr\/?p=60924#breadcrumb","itemListElement":[{"@type":"ListItem","position":1,"name":"Home","item":"https:\/\/akunq.net\/tr"},{"@type":"ListItem","position":2,"name":"Uluslararas\u0131 Hrant Dink \u00d6d\u00fcl\u00fc adaylar\u0131n\u0131z\u0131 bekliyor"}]},{"@type":"WebSite","@id":"https:\/\/akunq.net\/tr\/#website","url":"https:\/\/akunq.net\/tr\/","name":"Bati Ermenistan Ve Bati Ermenileri Sorunlari Ara\u015ftirmalar Merkezi","description":"","potentialAction":[{"@type":"SearchAction","target":{"@type":"EntryPoint","urlTemplate":"https:\/\/akunq.net\/tr\/?s={search_term_string}"},"query-input":{"@type":"PropertyValueSpecification","valueRequired":true,"valueName":"search_term_string"}}],"inLanguage":"en-US"},{"@type":"Person","@id":"https:\/\/akunq.net\/tr\/#\/schema\/person\/096f1d38a12cce57fb855b485ed24c9e","name":"admin","url":"https:\/\/akunq.net\/tr\/?author=7"}]}},"_links":{"self":[{"href":"https:\/\/akunq.net\/tr\/index.php?rest_route=\/wp\/v2\/posts\/60924","targetHints":{"allow":["GET"]}}],"collection":[{"href":"https:\/\/akunq.net\/tr\/index.php?rest_route=\/wp\/v2\/posts"}],"about":[{"href":"https:\/\/akunq.net\/tr\/index.php?rest_route=\/wp\/v2\/types\/post"}],"author":[{"embeddable":true,"href":"https:\/\/akunq.net\/tr\/index.php?rest_route=\/wp\/v2\/users\/7"}],"replies":[{"embeddable":true,"href":"https:\/\/akunq.net\/tr\/index.php?rest_route=%2Fwp%2Fv2%2Fcomments&post=60924"}],"version-history":[{"count":1,"href":"https:\/\/akunq.net\/tr\/index.php?rest_route=\/wp\/v2\/posts\/60924\/revisions"}],"predecessor-version":[{"id":60926,"href":"https:\/\/akunq.net\/tr\/index.php?rest_route=\/wp\/v2\/posts\/60924\/revisions\/60926"}],"wp:featuredmedia":[{"embeddable":true,"href":"https:\/\/akunq.net\/tr\/index.php?rest_route=\/wp\/v2\/media\/60925"}],"wp:attachment":[{"href":"https:\/\/akunq.net\/tr\/index.php?rest_route=%2Fwp%2Fv2%2Fmedia&parent=60924"}],"wp:term":[{"taxonomy":"category","embeddable":true,"href":"https:\/\/akunq.net\/tr\/index.php?rest_route=%2Fwp%2Fv2%2Fcategories&post=60924"},{"taxonomy":"post_tag","embeddable":true,"href":"https:\/\/akunq.net\/tr\/index.php?rest_route=%2Fwp%2Fv2%2Ftags&post=60924"}],"curies":[{"name":"wp","href":"https:\/\/api.w.org\/{rel}","templated":true}]}}