{"id":60921,"date":"2021-01-14T01:55:43","date_gmt":"2021-01-14T06:55:43","guid":{"rendered":"https:\/\/akunq.net\/tr\/?p=60921"},"modified":"2021-01-14T01:55:43","modified_gmt":"2021-01-14T06:55:43","slug":"roma-donemine-ait-oda-mezarda-patlayici-icin-yerlestirilmis-kablolar-bulundu","status":"publish","type":"post","link":"https:\/\/akunq.net\/tr\/?p=60921","title":{"rendered":"Roma d\u00f6nemine ait oda mezarda patlay\u0131c\u0131 i\u00e7in yerle\u015ftirilmi\u015f kablolar bulundu"},"content":{"rendered":"<p><img loading=\"lazy\" decoding=\"async\" class=\"aligncenter size-medium wp-image-60922\" src=\"https:\/\/akunq.net\/tr\/wp-content\/uploads\/2021\/01\/Roma-d\u00f6nemine-ait-oda-mezar-360x200.jpg\" alt=\"\" width=\"360\" height=\"200\" srcset=\"https:\/\/akunq.net\/tr\/wp-content\/uploads\/sites\/6\/2021\/01\/Roma-d\u00f6nemine-ait-oda-mezar-360x200.jpg 360w, https:\/\/akunq.net\/tr\/wp-content\/uploads\/sites\/6\/2021\/01\/Roma-d\u00f6nemine-ait-oda-mezar-560x311.jpg 560w, https:\/\/akunq.net\/tr\/wp-content\/uploads\/sites\/6\/2021\/01\/Roma-d\u00f6nemine-ait-oda-mezar-260x144.jpg 260w, https:\/\/akunq.net\/tr\/wp-content\/uploads\/sites\/6\/2021\/01\/Roma-d\u00f6nemine-ait-oda-mezar-160x89.jpg 160w, https:\/\/akunq.net\/tr\/wp-content\/uploads\/sites\/6\/2021\/01\/Roma-d\u00f6nemine-ait-oda-mezar.jpg 720w\" sizes=\"auto, (max-width: 360px) 100vw, 360px\" \/><\/p>\n<p><em><strong>Bursa\u2019da Roma d\u00f6nemine ait oda mezarda patlay\u0131c\u0131 i\u00e7in yerle\u015ftirilmi\u015f kablolar bulundu.<\/strong><\/em><\/p>\n<p>Bursa\u2019n\u0131n Yeni\u015fehir il\u00e7esinde Roma d\u00f6nemine ait oda mezar, define aramak i\u00e7in kaz\u0131 yapanlar\u0131n hedefi haline geldi. Mezar ta\u015flar\u0131 aras\u0131nda patlay\u0131c\u0131 i\u00e7in kullan\u0131lan kablolar bulundu.<\/p>\n<p>DHA\u2019da yer alan habere g\u00f6re, Yeni\u015fehir il\u00e7esine ba\u011fl\u0131 Beyp\u0131nar Mahallesi\u2019nde bulunan ve Roma d\u00f6nemine ait oda mezar, ka\u00e7ak kaz\u0131 yapanlar taraf\u0131ndan harabeye d\u00f6nd\u00fcr\u00fcld\u00fc. \u00dczerine farkl\u0131 isimler yaz\u0131lan oda mezarda kayalara yerle\u015ftirilmi\u015f kablolar bulundu. Kablolar\u0131n ka\u00e7ak kaz\u0131 yapanlar taraf\u0131ndan patlay\u0131c\u0131 i\u00e7in yerle\u015ftirildi\u011fi tahmin ediliyor.<\/p>\n<p><strong>\u2018HER TARAFI TAHR\u0130P ETM\u0130\u015eLER\u2019<\/strong><\/p>\n<p>Kablolar\u0131 fark edip, \u0130znik M\u00fcze M\u00fcd\u00fcrl\u00fc\u011f\u00fc\u2019ne bilgi veren do\u011fa y\u00fcr\u00fcy\u00fc\u015f\u00e7\u00fcs\u00fc Mecit Arslan, \u201cG\u00fczel havada arkada\u015flar\u0131m\u0131zla y\u00fcr\u00fcy\u00fc\u015fe \u00e7\u0131kt\u0131k. Buray\u0131 inceledik. \u0130\u00e7eride bir oda mezar oldu\u011funu g\u00f6rd\u00fck. Defineciler her taraf\u0131 tahrip etmi\u015fler. Kayalar\u0131 k\u0131rm\u0131\u015flar. Ancak bizi korkutan \u015fey bu kablolar. Bu kablolar\u0131n bitti\u011fi yerde b\u00fcy\u00fck ihtimal dinamit var. Kayalar\u0131 b\u00f6yle patlatm\u0131\u015flar. Biz de durumu m\u00fcze ekibine haber verdik\u201d dedi.<\/p>\n<p>\u0130znik M\u00fcze M\u00fcd\u00fcrl\u00fc\u011f\u00fc\u2019n\u00fcn inceleme ba\u015flatt\u0131\u011f\u0131 \u00f6\u011frenildi.<\/p>\n<p><strong><em>https:\/\/www.birgun.net\/haber\/roma-donemine-ait-oda-mezarda-patlayici-icin-yerlestirilmis-kablolar-bulundu-330283\u00a0<\/em><\/strong><\/p>\n<p>&nbsp;<\/p>\n","protected":false},"excerpt":{"rendered":"<p>Bursa\u2019da Roma d\u00f6nemine ait oda mezarda patlay\u0131c\u0131 i\u00e7in yerle\u015ftirilmi\u015f kablolar bulundu. Bursa\u2019n\u0131n Yeni\u015fehir il\u00e7esinde Roma d\u00f6nemine ait oda mezar, define aramak i\u00e7in kaz\u0131 yapanlar\u0131n hedefi haline geldi. Mezar ta\u015flar\u0131 aras\u0131nda patlay\u0131c\u0131 i\u00e7in kullan\u0131lan kablolar bulundu. DHA\u2019da yer alan habere g\u00f6re, Yeni\u015fehir il\u00e7esine ba\u011fl\u0131 Beyp\u0131nar Mahallesi\u2019nde bulunan ve Roma d\u00f6nemine ait oda mezar, ka\u00e7ak kaz\u0131 yapanlar [&hellip;]<\/p>\n","protected":false},"author":7,"featured_media":60922,"comment_status":"open","ping_status":"open","sticky":false,"template":"","format":"standard","meta":{"footnotes":""},"categories":[1],"tags":[],"class_list":["post-60921","post","type-post","status-publish","format-standard","has-post-thumbnail","hentry","category-haberler"],"yoast_head":"<!-- This site is optimized with the Yoast SEO plugin v27.4 - https:\/\/yoast.com\/product\/yoast-seo-wordpress\/ -->\n<title>Roma d\u00f6nemine ait oda mezarda patlay\u0131c\u0131 i\u00e7in yerle\u015ftirilmi\u015f kablolar bulundu - Bati Ermenistan Ve Bati Ermenileri Sorunlari Ara\u015ftirmalar Merkezi<\/title>\n<meta name=\"robots\" content=\"index, follow, max-snippet:-1, max-image-preview:large, max-video-preview:-1\" \/>\n<link rel=\"canonical\" href=\"https:\/\/akunq.net\/tr\/?p=60921\" \/>\n<meta property=\"og:locale\" content=\"en_US\" \/>\n<meta property=\"og:type\" content=\"article\" \/>\n<meta property=\"og:title\" content=\"Roma d\u00f6nemine ait oda mezarda patlay\u0131c\u0131 i\u00e7in yerle\u015ftirilmi\u015f kablolar bulundu - Bati Ermenistan Ve Bati Ermenileri Sorunlari Ara\u015ftirmalar Merkezi\" \/>\n<meta property=\"og:description\" content=\"Bursa\u2019da Roma d\u00f6nemine ait oda mezarda patlay\u0131c\u0131 i\u00e7in yerle\u015ftirilmi\u015f kablolar bulundu. Bursa\u2019n\u0131n Yeni\u015fehir il\u00e7esinde Roma d\u00f6nemine ait oda mezar, define aramak i\u00e7in kaz\u0131 yapanlar\u0131n hedefi haline geldi. Mezar ta\u015flar\u0131 aras\u0131nda patlay\u0131c\u0131 i\u00e7in kullan\u0131lan kablolar bulundu. DHA\u2019da yer alan habere g\u00f6re, Yeni\u015fehir il\u00e7esine ba\u011fl\u0131 Beyp\u0131nar Mahallesi\u2019nde bulunan ve Roma d\u00f6nemine ait oda mezar, ka\u00e7ak kaz\u0131 yapanlar [&hellip;]\" \/>\n<meta property=\"og:url\" content=\"https:\/\/akunq.net\/tr\/?p=60921\" \/>\n<meta property=\"og:site_name\" content=\"Bati Ermenistan Ve Bati Ermenileri Sorunlari Ara\u015ftirmalar Merkezi\" \/>\n<meta property=\"article:published_time\" content=\"2021-01-14T06:55:43+00:00\" \/>\n<meta property=\"og:image\" content=\"https:\/\/akunq.net\/tr\/wp-content\/uploads\/sites\/6\/2021\/01\/Roma-d\u00f6nemine-ait-oda-mezar.jpg\" \/>\n\t<meta property=\"og:image:width\" content=\"720\" \/>\n\t<meta property=\"og:image:height\" content=\"400\" \/>\n\t<meta property=\"og:image:type\" content=\"image\/jpeg\" \/>\n<meta name=\"author\" content=\"admin\" \/>\n<meta name=\"twitter:card\" content=\"summary_large_image\" \/>\n<meta name=\"twitter:label1\" content=\"Written by\" \/>\n\t<meta name=\"twitter:data1\" content=\"admin\" \/>\n\t<meta name=\"twitter:label2\" content=\"Est. reading time\" \/>\n\t<meta name=\"twitter:data2\" content=\"1 minute\" \/>\n<script type=\"application\/ld+json\" class=\"yoast-schema-graph\">{\"@context\":\"https:\\\/\\\/schema.org\",\"@graph\":[{\"@type\":\"Article\",\"@id\":\"https:\\\/\\\/akunq.net\\\/tr\\\/?p=60921#article\",\"isPartOf\":{\"@id\":\"https:\\\/\\\/akunq.net\\\/tr\\\/?p=60921\"},\"author\":{\"name\":\"admin\",\"@id\":\"https:\\\/\\\/akunq.net\\\/tr\\\/#\\\/schema\\\/person\\\/096f1d38a12cce57fb855b485ed24c9e\"},\"headline\":\"Roma d\u00f6nemine ait oda mezarda patlay\u0131c\u0131 i\u00e7in yerle\u015ftirilmi\u015f kablolar bulundu\",\"datePublished\":\"2021-01-14T06:55:43+00:00\",\"mainEntityOfPage\":{\"@id\":\"https:\\\/\\\/akunq.net\\\/tr\\\/?p=60921\"},\"wordCount\":242,\"commentCount\":0,\"image\":{\"@id\":\"https:\\\/\\\/akunq.net\\\/tr\\\/?p=60921#primaryimage\"},\"thumbnailUrl\":\"https:\\\/\\\/akunq.net\\\/tr\\\/wp-content\\\/uploads\\\/sites\\\/6\\\/2021\\\/01\\\/Roma-d\u00f6nemine-ait-oda-mezar.jpg\",\"articleSection\":[\"Haberler\"],\"inLanguage\":\"en-US\",\"potentialAction\":[{\"@type\":\"CommentAction\",\"name\":\"Comment\",\"target\":[\"https:\\\/\\\/akunq.net\\\/tr\\\/?p=60921#respond\"]}]},{\"@type\":\"WebPage\",\"@id\":\"https:\\\/\\\/akunq.net\\\/tr\\\/?p=60921\",\"url\":\"https:\\\/\\\/akunq.net\\\/tr\\\/?p=60921\",\"name\":\"Roma d\u00f6nemine ait oda mezarda patlay\u0131c\u0131 i\u00e7in yerle\u015ftirilmi\u015f kablolar bulundu - Bati Ermenistan Ve Bati Ermenileri Sorunlari Ara\u015ftirmalar Merkezi\",\"isPartOf\":{\"@id\":\"https:\\\/\\\/akunq.net\\\/tr\\\/#website\"},\"primaryImageOfPage\":{\"@id\":\"https:\\\/\\\/akunq.net\\\/tr\\\/?p=60921#primaryimage\"},\"image\":{\"@id\":\"https:\\\/\\\/akunq.net\\\/tr\\\/?p=60921#primaryimage\"},\"thumbnailUrl\":\"https:\\\/\\\/akunq.net\\\/tr\\\/wp-content\\\/uploads\\\/sites\\\/6\\\/2021\\\/01\\\/Roma-d\u00f6nemine-ait-oda-mezar.jpg\",\"datePublished\":\"2021-01-14T06:55:43+00:00\",\"author\":{\"@id\":\"https:\\\/\\\/akunq.net\\\/tr\\\/#\\\/schema\\\/person\\\/096f1d38a12cce57fb855b485ed24c9e\"},\"breadcrumb\":{\"@id\":\"https:\\\/\\\/akunq.net\\\/tr\\\/?p=60921#breadcrumb\"},\"inLanguage\":\"en-US\",\"potentialAction\":[{\"@type\":\"ReadAction\",\"target\":[\"https:\\\/\\\/akunq.net\\\/tr\\\/?p=60921\"]}]},{\"@type\":\"ImageObject\",\"inLanguage\":\"en-US\",\"@id\":\"https:\\\/\\\/akunq.net\\\/tr\\\/?p=60921#primaryimage\",\"url\":\"https:\\\/\\\/akunq.net\\\/tr\\\/wp-content\\\/uploads\\\/sites\\\/6\\\/2021\\\/01\\\/Roma-d\u00f6nemine-ait-oda-mezar.jpg\",\"contentUrl\":\"https:\\\/\\\/akunq.net\\\/tr\\\/wp-content\\\/uploads\\\/sites\\\/6\\\/2021\\\/01\\\/Roma-d\u00f6nemine-ait-oda-mezar.jpg\",\"width\":720,\"height\":400},{\"@type\":\"BreadcrumbList\",\"@id\":\"https:\\\/\\\/akunq.net\\\/tr\\\/?p=60921#breadcrumb\",\"itemListElement\":[{\"@type\":\"ListItem\",\"position\":1,\"name\":\"Home\",\"item\":\"https:\\\/\\\/akunq.net\\\/tr\"},{\"@type\":\"ListItem\",\"position\":2,\"name\":\"Roma d\u00f6nemine ait oda mezarda patlay\u0131c\u0131 i\u00e7in yerle\u015ftirilmi\u015f kablolar bulundu\"}]},{\"@type\":\"WebSite\",\"@id\":\"https:\\\/\\\/akunq.net\\\/tr\\\/#website\",\"url\":\"https:\\\/\\\/akunq.net\\\/tr\\\/\",\"name\":\"Bati Ermenistan Ve Bati Ermenileri Sorunlari Ara\u015ftirmalar Merkezi\",\"description\":\"\",\"potentialAction\":[{\"@type\":\"SearchAction\",\"target\":{\"@type\":\"EntryPoint\",\"urlTemplate\":\"https:\\\/\\\/akunq.net\\\/tr\\\/?s={search_term_string}\"},\"query-input\":{\"@type\":\"PropertyValueSpecification\",\"valueRequired\":true,\"valueName\":\"search_term_string\"}}],\"inLanguage\":\"en-US\"},{\"@type\":\"Person\",\"@id\":\"https:\\\/\\\/akunq.net\\\/tr\\\/#\\\/schema\\\/person\\\/096f1d38a12cce57fb855b485ed24c9e\",\"name\":\"admin\",\"url\":\"https:\\\/\\\/akunq.net\\\/tr\\\/?author=7\"}]}<\/script>\n<!-- \/ Yoast SEO plugin. -->","yoast_head_json":{"title":"Roma d\u00f6nemine ait oda mezarda patlay\u0131c\u0131 i\u00e7in yerle\u015ftirilmi\u015f kablolar bulundu - Bati Ermenistan Ve Bati Ermenileri Sorunlari Ara\u015ftirmalar Merkezi","robots":{"index":"index","follow":"follow","max-snippet":"max-snippet:-1","max-image-preview":"max-image-preview:large","max-video-preview":"max-video-preview:-1"},"canonical":"https:\/\/akunq.net\/tr\/?p=60921","og_locale":"en_US","og_type":"article","og_title":"Roma d\u00f6nemine ait oda mezarda patlay\u0131c\u0131 i\u00e7in yerle\u015ftirilmi\u015f kablolar bulundu - Bati Ermenistan Ve Bati Ermenileri Sorunlari Ara\u015ftirmalar Merkezi","og_description":"Bursa\u2019da Roma d\u00f6nemine ait oda mezarda patlay\u0131c\u0131 i\u00e7in yerle\u015ftirilmi\u015f kablolar bulundu. Bursa\u2019n\u0131n Yeni\u015fehir il\u00e7esinde Roma d\u00f6nemine ait oda mezar, define aramak i\u00e7in kaz\u0131 yapanlar\u0131n hedefi haline geldi. Mezar ta\u015flar\u0131 aras\u0131nda patlay\u0131c\u0131 i\u00e7in kullan\u0131lan kablolar bulundu. DHA\u2019da yer alan habere g\u00f6re, Yeni\u015fehir il\u00e7esine ba\u011fl\u0131 Beyp\u0131nar Mahallesi\u2019nde bulunan ve Roma d\u00f6nemine ait oda mezar, ka\u00e7ak kaz\u0131 yapanlar [&hellip;]","og_url":"https:\/\/akunq.net\/tr\/?p=60921","og_site_name":"Bati Ermenistan Ve Bati Ermenileri Sorunlari Ara\u015ftirmalar Merkezi","article_published_time":"2021-01-14T06:55:43+00:00","og_image":[{"width":720,"height":400,"url":"https:\/\/akunq.net\/tr\/wp-content\/uploads\/sites\/6\/2021\/01\/Roma-d\u00f6nemine-ait-oda-mezar.jpg","type":"image\/jpeg"}],"author":"admin","twitter_card":"summary_large_image","twitter_misc":{"Written by":"admin","Est. reading time":"1 minute"},"schema":{"@context":"https:\/\/schema.org","@graph":[{"@type":"Article","@id":"https:\/\/akunq.net\/tr\/?p=60921#article","isPartOf":{"@id":"https:\/\/akunq.net\/tr\/?p=60921"},"author":{"name":"admin","@id":"https:\/\/akunq.net\/tr\/#\/schema\/person\/096f1d38a12cce57fb855b485ed24c9e"},"headline":"Roma d\u00f6nemine ait oda mezarda patlay\u0131c\u0131 i\u00e7in yerle\u015ftirilmi\u015f kablolar bulundu","datePublished":"2021-01-14T06:55:43+00:00","mainEntityOfPage":{"@id":"https:\/\/akunq.net\/tr\/?p=60921"},"wordCount":242,"commentCount":0,"image":{"@id":"https:\/\/akunq.net\/tr\/?p=60921#primaryimage"},"thumbnailUrl":"https:\/\/akunq.net\/tr\/wp-content\/uploads\/sites\/6\/2021\/01\/Roma-d\u00f6nemine-ait-oda-mezar.jpg","articleSection":["Haberler"],"inLanguage":"en-US","potentialAction":[{"@type":"CommentAction","name":"Comment","target":["https:\/\/akunq.net\/tr\/?p=60921#respond"]}]},{"@type":"WebPage","@id":"https:\/\/akunq.net\/tr\/?p=60921","url":"https:\/\/akunq.net\/tr\/?p=60921","name":"Roma d\u00f6nemine ait oda mezarda patlay\u0131c\u0131 i\u00e7in yerle\u015ftirilmi\u015f kablolar bulundu - Bati Ermenistan Ve Bati Ermenileri Sorunlari Ara\u015ftirmalar Merkezi","isPartOf":{"@id":"https:\/\/akunq.net\/tr\/#website"},"primaryImageOfPage":{"@id":"https:\/\/akunq.net\/tr\/?p=60921#primaryimage"},"image":{"@id":"https:\/\/akunq.net\/tr\/?p=60921#primaryimage"},"thumbnailUrl":"https:\/\/akunq.net\/tr\/wp-content\/uploads\/sites\/6\/2021\/01\/Roma-d\u00f6nemine-ait-oda-mezar.jpg","datePublished":"2021-01-14T06:55:43+00:00","author":{"@id":"https:\/\/akunq.net\/tr\/#\/schema\/person\/096f1d38a12cce57fb855b485ed24c9e"},"breadcrumb":{"@id":"https:\/\/akunq.net\/tr\/?p=60921#breadcrumb"},"inLanguage":"en-US","potentialAction":[{"@type":"ReadAction","target":["https:\/\/akunq.net\/tr\/?p=60921"]}]},{"@type":"ImageObject","inLanguage":"en-US","@id":"https:\/\/akunq.net\/tr\/?p=60921#primaryimage","url":"https:\/\/akunq.net\/tr\/wp-content\/uploads\/sites\/6\/2021\/01\/Roma-d\u00f6nemine-ait-oda-mezar.jpg","contentUrl":"https:\/\/akunq.net\/tr\/wp-content\/uploads\/sites\/6\/2021\/01\/Roma-d\u00f6nemine-ait-oda-mezar.jpg","width":720,"height":400},{"@type":"BreadcrumbList","@id":"https:\/\/akunq.net\/tr\/?p=60921#breadcrumb","itemListElement":[{"@type":"ListItem","position":1,"name":"Home","item":"https:\/\/akunq.net\/tr"},{"@type":"ListItem","position":2,"name":"Roma d\u00f6nemine ait oda mezarda patlay\u0131c\u0131 i\u00e7in yerle\u015ftirilmi\u015f kablolar bulundu"}]},{"@type":"WebSite","@id":"https:\/\/akunq.net\/tr\/#website","url":"https:\/\/akunq.net\/tr\/","name":"Bati Ermenistan Ve Bati Ermenileri Sorunlari Ara\u015ftirmalar Merkezi","description":"","potentialAction":[{"@type":"SearchAction","target":{"@type":"EntryPoint","urlTemplate":"https:\/\/akunq.net\/tr\/?s={search_term_string}"},"query-input":{"@type":"PropertyValueSpecification","valueRequired":true,"valueName":"search_term_string"}}],"inLanguage":"en-US"},{"@type":"Person","@id":"https:\/\/akunq.net\/tr\/#\/schema\/person\/096f1d38a12cce57fb855b485ed24c9e","name":"admin","url":"https:\/\/akunq.net\/tr\/?author=7"}]}},"_links":{"self":[{"href":"https:\/\/akunq.net\/tr\/index.php?rest_route=\/wp\/v2\/posts\/60921","targetHints":{"allow":["GET"]}}],"collection":[{"href":"https:\/\/akunq.net\/tr\/index.php?rest_route=\/wp\/v2\/posts"}],"about":[{"href":"https:\/\/akunq.net\/tr\/index.php?rest_route=\/wp\/v2\/types\/post"}],"author":[{"embeddable":true,"href":"https:\/\/akunq.net\/tr\/index.php?rest_route=\/wp\/v2\/users\/7"}],"replies":[{"embeddable":true,"href":"https:\/\/akunq.net\/tr\/index.php?rest_route=%2Fwp%2Fv2%2Fcomments&post=60921"}],"version-history":[{"count":1,"href":"https:\/\/akunq.net\/tr\/index.php?rest_route=\/wp\/v2\/posts\/60921\/revisions"}],"predecessor-version":[{"id":60923,"href":"https:\/\/akunq.net\/tr\/index.php?rest_route=\/wp\/v2\/posts\/60921\/revisions\/60923"}],"wp:featuredmedia":[{"embeddable":true,"href":"https:\/\/akunq.net\/tr\/index.php?rest_route=\/wp\/v2\/media\/60922"}],"wp:attachment":[{"href":"https:\/\/akunq.net\/tr\/index.php?rest_route=%2Fwp%2Fv2%2Fmedia&parent=60921"}],"wp:term":[{"taxonomy":"category","embeddable":true,"href":"https:\/\/akunq.net\/tr\/index.php?rest_route=%2Fwp%2Fv2%2Fcategories&post=60921"},{"taxonomy":"post_tag","embeddable":true,"href":"https:\/\/akunq.net\/tr\/index.php?rest_route=%2Fwp%2Fv2%2Ftags&post=60921"}],"curies":[{"name":"wp","href":"https:\/\/api.w.org\/{rel}","templated":true}]}}