{"id":60918,"date":"2021-01-14T01:43:37","date_gmt":"2021-01-14T06:43:37","guid":{"rendered":"https:\/\/akunq.net\/tr\/?p=60918"},"modified":"2021-01-14T01:43:37","modified_gmt":"2021-01-14T06:43:37","slug":"aynalarin-hikmeti","status":"publish","type":"post","link":"https:\/\/akunq.net\/tr\/?p=60918","title":{"rendered":"Aynalar\u0131n hikmeti!"},"content":{"rendered":"<div><img loading=\"lazy\" decoding=\"async\" class=\"aligncenter size-medium wp-image-60919\" src=\"https:\/\/akunq.net\/tr\/wp-content\/uploads\/2021\/01\/O\u015fin-Yal\u00e7\u0131n-\u00c7ilingir-360x239.jpg\" alt=\"\" width=\"360\" height=\"239\" srcset=\"https:\/\/akunq.net\/tr\/wp-content\/uploads\/sites\/6\/2021\/01\/O\u015fin-Yal\u00e7\u0131n-\u00c7ilingir-360x239.jpg 360w, https:\/\/akunq.net\/tr\/wp-content\/uploads\/sites\/6\/2021\/01\/O\u015fin-Yal\u00e7\u0131n-\u00c7ilingir-768x509.jpg 768w, https:\/\/akunq.net\/tr\/wp-content\/uploads\/sites\/6\/2021\/01\/O\u015fin-Yal\u00e7\u0131n-\u00c7ilingir-1536x1018.jpg 1536w, https:\/\/akunq.net\/tr\/wp-content\/uploads\/sites\/6\/2021\/01\/O\u015fin-Yal\u00e7\u0131n-\u00c7ilingir-2048x1357.jpg 2048w, https:\/\/akunq.net\/tr\/wp-content\/uploads\/sites\/6\/2021\/01\/O\u015fin-Yal\u00e7\u0131n-\u00c7ilingir-560x371.jpg 560w, https:\/\/akunq.net\/tr\/wp-content\/uploads\/sites\/6\/2021\/01\/O\u015fin-Yal\u00e7\u0131n-\u00c7ilingir-260x172.jpg 260w, https:\/\/akunq.net\/tr\/wp-content\/uploads\/sites\/6\/2021\/01\/O\u015fin-Yal\u00e7\u0131n-\u00c7ilingir-160x106.jpg 160w\" sizes=\"auto, (max-width: 360px) 100vw, 360px\" \/><\/div>\n<div class=\"post-meta\"><strong><span class=\"posted-by\"><span class=\"reviewer\"><a title=\"O\u015fin \u00c7ilingir\" href=\"http:\/\/www.agos.com.tr\/tr\/yazar\/263\/osin-cilingir\" rel=\"author\">O\u015fin \u00c7ilingir<\/a><\/span>\u00a0<\/span><\/strong><\/div>\n<div class=\"post-meta\"><strong><em><span style=\"color: #333333; font-family: 'Cantata One', serif; letter-spacing: 0.05em;\">Agos&#8217;un ilk yazarlar\u0131ndan O\u015fin (Yal\u00e7\u0131n) \u00c7ilingir&#8217;i 10 Ocak 2021&#8217;de kaybetmi\u015ftik. O\u015fin \u00c7ilingir&#8217;in 2017&#8217;de yazd\u0131\u011f\u0131 bir yaz\u0131y\u0131 payla\u015f\u0131yoruz okurlar\u0131m\u0131zla. \u00c7ilingir 12 Ocak saat 13.00&#8217;te Pangalt\u0131 Latin Katolik Mezarl\u0131\u011f\u0131&#8217;nda d\u00fczenlenecek t\u00f6renin ard\u0131ndan topra\u011fa verilecek.<\/span><\/em><\/strong><\/div>\n<div class=\"post-container cf\">\n<div class=\"post-content-right\">\n<div class=\"post-content description \">\u00c7ocukluk an\u0131lar\u0131m i\u00e7inde berber aynalar\u0131n\u0131n \u00f6zel bir yeri vard\u0131r. Ne zaman berbere gitsem aynalar beni y\u0131llar \u00f6ncesine, \u00e7ocukluk g\u00fcnlerimin sahtelikten uzak i\u00e7ten d\u00fcnyas\u0131na, ana kuca\u011f\u0131na g\u00f6t\u00fcr\u00fcr, ard\u0131 ard\u0131na an\u0131lar \u00fc\u015f\u00fc\u015f\u00fcr. Baz\u0131lar\u0131 \u00e7ocuksu ve saf, baz\u0131lar\u0131 g\u00fcl\u00fcn\u00e7, \u00e7o\u011fu h\u00fcz\u00fcnl\u00fc&#8230;<\/p>\n<p>Berber aynalar\u0131ndaki iki \u015fey beni hep \u015fa\u015f\u0131rtm\u0131\u015ft\u0131r: Sa\u011f-sol tersli\u011fi ve de sonsuz g\u00f6r\u00fcnt\u00fc! \u0130lkini bug\u00fcn de ya\u015far\u0131m. Berber koltu\u011funa oturur oturmaz sa\u011f\u0131m\u0131 solumu \u015fa\u015f\u0131r\u0131r, \u00f6rne\u011fin sa\u011f elimi sol, sol elimi de sa\u011f diye alg\u0131lar\u0131m. Bunun gibi yanaklar\u0131m\u0131, g\u00f6zlerimi, kulaklar\u0131m\u0131, ka\u015flar\u0131m\u0131, kirpiklerimi, omuzlar\u0131m\u0131, k\u0131saca \u00e7ift olan her organ\u0131m\u0131 ters alg\u0131lar\u0131m. Biliyorum ya\u015fad\u0131\u011f\u0131m, beynimde ger\u00e7ekle\u015fen, bir yan\u0131lsama&#8230; Uykudan uyanmak, yan\u0131lsamay\u0131 bozmak i\u00e7in her seferinde sa\u011f ya da sol elimi berberin ayr\u0131msayamayaca\u011f\u0131 \u00f6l\u00e7\u00fcde hafif\u00e7e hareket ettiririm. B\u00f6ylece bilincimi devreye sokar, kendime gelirim.<\/p>\n<p>Berber aynalar\u0131nda t\u00fcm berberler \u2018solak\u2019t\u0131r. (Do\u011fal olarak bu sa\u011f elini kullanan berberler i\u00e7in ge\u00e7erlidir) Beni t\u0131ra\u015f eden berberin \u2018solak\u2019 olmad\u0131\u011f\u0131n\u0131 ancak bilincimin yard\u0131m\u0131yla, g\u00f6zlerimi kapat\u0131p aynadaki g\u00f6r\u00fcnt\u00fcden s\u0131yr\u0131l\u0131nca anlar\u0131m.<\/p>\n<p>Berber d\u00fckkanlar\u0131n\u0131n saatlerinde ise bir ba\u015fka yan\u0131lsama ya\u015fan\u0131r; insan b\u00fct\u00fcn zamanlar\u0131 birbirine kar\u0131\u015ft\u0131r\u0131r. Ya\u015fanmakta olan an ya ge\u00e7mi\u015fte kal\u0131r ya da gelece\u011fe akar. Saat ba\u015flar\u0131n\u0131 ge\u00e7en zamanlar hen\u00fcz ya\u015fanmam\u0131\u015f, saat ba\u015flar\u0131na gelinmemi\u015f zamanlar da ge\u00e7mi\u015fte alg\u0131lan\u0131r. Akreple yelkovan\u0131n birbirine g\u00f6re duru\u015flar\u0131 hep ters alg\u0131lan\u0131r.<\/p>\n<p>Sonsuz g\u00f6r\u00fcnt\u00fc her berber aynas\u0131nda g\u00f6r\u00fclmez. Bunun i\u00e7in oturulan koltu\u011fun arkas\u0131ndaki duvarda da bir aynan\u0131n olmas\u0131, bu da\u00a0 yetmez, ayr\u0131ca bu aynan\u0131n duvara dikeyine ya da yatay\u0131na a\u00e7\u0131l\u0131 konumlanm\u0131\u015f olmas\u0131 gerekir.<\/p>\n<p>\u00c7ocuklu\u011fumda bu sonsuz g\u00f6r\u00fcnt\u00fcye kendimi kapt\u0131r\u0131r, hayal g\u00fcc\u00fcmle gidebildi\u011fim kadar gerilere giderdim. Aynadan alg\u0131lad\u0131\u011f\u0131m i\u00e7 i\u00e7e ge\u00e7mi\u015f g\u00f6r\u00fcnt\u00fcler, hayal g\u00fcc\u00fcme de yans\u0131r, derinlik kazan\u0131rd\u0131.<\/p>\n<p>\u0130\u015fte, yine berberdeyim ve berber aynalar\u0131n\u0131n hikmeti \u00fczerine derin d\u00fc\u015f\u00fcncelerdeyim. Sa\u011f-sol tersli\u011fi art\u0131k ilgimi \u00e7ekmiyor, arkamdaki aynada yans\u0131yan i\u00e7 i\u00e7e g\u00f6r\u00fcnt\u00fclere dalm\u0131\u015f, gerideki, en gerideki \u2018ben\u2019i, son g\u00f6r\u00fcnt\u00fcy\u00fc ar\u0131yorum. Bo\u015funa bir aray\u0131\u015f oldu\u011funu bile bile ar\u0131yorum. Sonsuz \u2018y\u00fcz\u2019\u00fcm \u2018ben\u2019den geriye yinelene yinelene her seferinde biraz daha uzakla\u015f\u0131yor.<\/p>\n<p>Boris Pasternak\u2019\u0131n iki dizesi tak\u0131l\u0131yor akl\u0131ma:\u00a0<em>\u201cSonsuza dek\u00a0 rehinesin \/ Zaman\u0131n tutsa\u011f\u0131s\u0131n\u201d<\/em>.\u00a0 Ayn\u0131 anda radyodan y\u00fckselen bir ezgi, Pasternak\u2019\u0131n dizelerini tamaml\u0131yor, sonsuzluk \u00fczerine d\u00fc\u015flerimi dansa d\u00f6n\u00fc\u015ft\u00fcr\u00fcyor. Aynalar\u0131n hikmeti, sarmal ve de d\u00f6ng\u00fcsel bir ritmle bilincimin \u00f6tesinde bir yerlerde beliriyor. Bu, bir tinsel varolu\u015f sarho\u015flu\u011fudur!<\/p>\n<p>Candan Er\u00e7etin, g\u00fczelim ezgisi ve bu ezgiye e\u015flik eden s\u00f6zleriyle derinli\u011fin, hikmetin e\u015fi\u011finde gezinip duruyor:\u00a0<em>\u201cG\u00fcne\u015f her ak\u015fam bat\u0131p her g\u00fcn do\u011fuyorsa \/ \u00c7i\u00e7ekler solup solup tekrar a\u00e7\u0131yorsa \/ En derin yaralar kapan\u0131yorsa \/ En b\u00fcy\u00fck ac\u0131lar unutuluyorsa \/ Neden korkulur hayattan s\u00f6yleyin bana\u201d<\/em><\/p>\n<p>Er\u00e7etin, i\u00e7li ve duygulu okuyor ama ya\u015fam\u0131 olgusal d\u00fczeyde yorumluyor. Bunun i\u00e7in de s\u00f6zc\u00fckler hikmetin e\u015fi\u011finde tak\u0131l\u0131p kal\u0131yor. G\u00fcne\u015fler, \u00e7i\u00e7ekler, yaralar, ac\u0131lar ve de korkular&#8230; Arkamdaki aynalar silsilesinde donup kalm\u0131\u015f i\u00e7 i\u00e7e g\u00f6r\u00fcnt\u00fcler&#8230; \u0130nsano\u011flu bunlardan m\u0131 ibarettir?<\/p>\n<p>Er\u00e7etin \u015fark\u0131s\u0131n\u0131 s\u00fcrd\u00fcr\u00fcyor:\u00a0<em>\u201cElbette bazen \u00e7i\u00e7ek a\u00e7\u0131p bazen solaca\u011f\u0131m \/ Elbette daldan dala konup sonra u\u00e7aca\u011f\u0131m \/ Elbette bazen h\u0131zl\u0131 d\u00f6n\u00fcp bazen duraca\u011f\u0131m \/ Elbette bazen s\u00f6yleyip bazen susaca\u011f\u0131m\u201d.\u00a0<\/em><\/p>\n<p>Olgular\u0131n tutsa\u011f\u0131 olarak kald\u0131k\u00e7a insan, ya\u015fam\u0131n hikmetine eremez, hep e\u015fikte debelenip durur. \u00c7i\u00e7ek a\u00e7\u0131p solmalar, daldan dala konup u\u00e7malar, h\u0131zla d\u00f6n\u00fcp durmalar, \u00f6nce s\u00f6yleyip sonra susmalar, g\u00fcl\u00fcp a\u011flamalar, sevip yabanc\u0131la\u015fmalar, direnip teslim olmalar, ne\u015felenip h\u00fcz\u00fcnlenmeler, b\u00fct\u00fcn bunlar\u0131n bilincinde olmak yetmez, yetemez!..<\/p>\n<p>Ya\u015fam\u0131n hikmeti z\u0131tl\u0131klarda m\u0131? Sanki \u2018aynalar\u0131n hikmeti\u2019ndeyiz ve yan\u0131lsamalarla ku\u015fat\u0131lm\u0131\u015f durumday\u0131z&#8230; Hikmet, b\u00fct\u00fcn bu yan\u0131lsamalar\u0131n \u00f6tesinde, aynalar\u0131n ard\u0131ndaki \u2018s\u0131r\u2019da\u2019&#8230;<\/p>\n<p>Er\u00e7etin, \u015fark\u0131s\u0131n\u0131n sonlar\u0131na do\u011fru derinlere inmeyi deniyor. Bir \u00f6l\u00e7\u00fcde ba\u015far\u0131yor da!&#8230; Olgular\u0131n bir perde gerisindeki ger\u00e7ekli\u011fi dile getiriyor:\u00a0<em>\u201c\u0130nanmad\u0131m, asla inanamam \/ Her \u015feyin bir sonu olaca\u011f\u0131na\u201d.<\/em>\u00a0Deyi\u015fteki g\u00fczelli\u011fe bir diyece\u011fim yok ama as\u0131l soru \u015fu: \u2018Son\u2019 nedir? Aynaya yans\u0131yan sonsuz \u2018y\u00fcz\u2019\u00fcmden ancak ilk \u00fc\u00e7-be\u015fini se\u00e7ebiliyorum. Hen\u00fcz sonsuzlu\u011fun hikmetine \u00e7ok uza\u011f\u0131m.<\/p>\n<p>B\u0131rak\u0131yorum arkamdaki aynada yans\u0131yan \u2018y\u00fcz\u2019lerimi, salt \u00f6n\u00fcmdeki ilk, ger\u00e7ek aynan\u0131n i\u00e7inde beliren g\u00f6r\u00fcnt\u00fcme odaklan\u0131yor, kendimi, \u00e7oktand\u0131r unuttu\u011fum \u2018y\u00fcz\u2019\u00fcm\u00fc an\u0131msamaya \u00e7al\u0131\u015f\u0131yorum. Ve bir kez daha yineliyorum ki, insan\u00a0 hayatta en az kendi \u2018y\u00fcz\u2019\u00fcne bakar!<\/p>\n<p>Berber sanki d\u00fc\u015f\u00fcncelerimi okuyormu\u015f\u00e7as\u0131na, kula\u011f\u0131ma f\u0131s\u0131lt\u0131yla, \u201cAynalar yalan s\u00f6ylemez!\u201d dedi.<\/p>\n<p>Berber koltu\u011fundan kalkarken Candan Er\u00e7etin de \u015fark\u0131s\u0131n\u0131 noktal\u0131yordu:\u00a0<em>\u201cElbette bug\u00fcn a\u011fl\u0131yorsam yar\u0131n g\u00fclece\u011fim \/ Elbette \u00f6nce \u00e7ekip gidip sonra d\u00f6nece\u011fim\u201d.\u00a0<\/em><\/p>\n<div class=\"cf\"><em><strong>http:\/\/www.agos.com.tr\/tr\/yazi\/25176\/aynalarin-hikmeti\u00a0<\/strong><\/em><\/div>\n<\/div>\n<\/div>\n<\/div>\n","protected":false},"excerpt":{"rendered":"<p>O\u015fin \u00c7ilingir\u00a0 Agos&#8217;un ilk yazarlar\u0131ndan O\u015fin (Yal\u00e7\u0131n) \u00c7ilingir&#8217;i 10 Ocak 2021&#8217;de kaybetmi\u015ftik. O\u015fin \u00c7ilingir&#8217;in 2017&#8217;de yazd\u0131\u011f\u0131 bir yaz\u0131y\u0131 payla\u015f\u0131yoruz okurlar\u0131m\u0131zla. \u00c7ilingir 12 Ocak saat 13.00&#8217;te Pangalt\u0131 Latin Katolik Mezarl\u0131\u011f\u0131&#8217;nda d\u00fczenlenecek t\u00f6renin ard\u0131ndan topra\u011fa verilecek. \u00c7ocukluk an\u0131lar\u0131m i\u00e7inde berber aynalar\u0131n\u0131n \u00f6zel bir yeri vard\u0131r. Ne zaman berbere gitsem aynalar beni y\u0131llar \u00f6ncesine, \u00e7ocukluk g\u00fcnlerimin sahtelikten uzak [&hellip;]<\/p>\n","protected":false},"author":7,"featured_media":60919,"comment_status":"open","ping_status":"open","sticky":false,"template":"","format":"standard","meta":{"footnotes":""},"categories":[1,70],"tags":[],"class_list":["post-60918","post","type-post","status-publish","format-standard","has-post-thumbnail","hentry","category-haberler","category-makaleler"],"yoast_head":"<!-- This site is optimized with the Yoast SEO plugin v27.4 - https:\/\/yoast.com\/product\/yoast-seo-wordpress\/ -->\n<title>Aynalar\u0131n hikmeti! - Bati Ermenistan Ve Bati Ermenileri Sorunlari Ara\u015ftirmalar Merkezi<\/title>\n<meta name=\"robots\" content=\"index, follow, max-snippet:-1, max-image-preview:large, max-video-preview:-1\" \/>\n<link rel=\"canonical\" href=\"https:\/\/akunq.net\/tr\/?p=60918\" \/>\n<meta property=\"og:locale\" content=\"en_US\" \/>\n<meta property=\"og:type\" content=\"article\" \/>\n<meta property=\"og:title\" content=\"Aynalar\u0131n hikmeti! - Bati Ermenistan Ve Bati Ermenileri Sorunlari Ara\u015ftirmalar Merkezi\" \/>\n<meta property=\"og:description\" content=\"O\u015fin \u00c7ilingir\u00a0 Agos&#8217;un ilk yazarlar\u0131ndan O\u015fin (Yal\u00e7\u0131n) \u00c7ilingir&#8217;i 10 Ocak 2021&#8217;de kaybetmi\u015ftik. O\u015fin \u00c7ilingir&#8217;in 2017&#8217;de yazd\u0131\u011f\u0131 bir yaz\u0131y\u0131 payla\u015f\u0131yoruz okurlar\u0131m\u0131zla. \u00c7ilingir 12 Ocak saat 13.00&#8217;te Pangalt\u0131 Latin Katolik Mezarl\u0131\u011f\u0131&#8217;nda d\u00fczenlenecek t\u00f6renin ard\u0131ndan topra\u011fa verilecek. \u00c7ocukluk an\u0131lar\u0131m i\u00e7inde berber aynalar\u0131n\u0131n \u00f6zel bir yeri vard\u0131r. Ne zaman berbere gitsem aynalar beni y\u0131llar \u00f6ncesine, \u00e7ocukluk g\u00fcnlerimin sahtelikten uzak [&hellip;]\" \/>\n<meta property=\"og:url\" content=\"https:\/\/akunq.net\/tr\/?p=60918\" \/>\n<meta property=\"og:site_name\" content=\"Bati Ermenistan Ve Bati Ermenileri Sorunlari Ara\u015ftirmalar Merkezi\" \/>\n<meta property=\"article:published_time\" content=\"2021-01-14T06:43:37+00:00\" \/>\n<meta property=\"og:image\" content=\"https:\/\/akunq.net\/tr\/wp-content\/uploads\/sites\/6\/2021\/01\/O\u015fin-Yal\u00e7\u0131n-\u00c7ilingir-360x239.jpg\" \/>\n\t<meta property=\"og:image:width\" content=\"360\" \/>\n\t<meta property=\"og:image:height\" content=\"239\" \/>\n\t<meta property=\"og:image:type\" content=\"image\/jpeg\" \/>\n<meta name=\"author\" content=\"admin\" \/>\n<meta name=\"twitter:card\" content=\"summary_large_image\" \/>\n<meta name=\"twitter:label1\" content=\"Written by\" \/>\n\t<meta name=\"twitter:data1\" content=\"admin\" \/>\n\t<meta name=\"twitter:label2\" content=\"Est. reading time\" \/>\n\t<meta name=\"twitter:data2\" content=\"5 minutes\" \/>\n<script type=\"application\/ld+json\" class=\"yoast-schema-graph\">{\"@context\":\"https:\\\/\\\/schema.org\",\"@graph\":[{\"@type\":\"Article\",\"@id\":\"https:\\\/\\\/akunq.net\\\/tr\\\/?p=60918#article\",\"isPartOf\":{\"@id\":\"https:\\\/\\\/akunq.net\\\/tr\\\/?p=60918\"},\"author\":{\"name\":\"admin\",\"@id\":\"https:\\\/\\\/akunq.net\\\/tr\\\/#\\\/schema\\\/person\\\/096f1d38a12cce57fb855b485ed24c9e\"},\"headline\":\"Aynalar\u0131n hikmeti!\",\"datePublished\":\"2021-01-14T06:43:37+00:00\",\"mainEntityOfPage\":{\"@id\":\"https:\\\/\\\/akunq.net\\\/tr\\\/?p=60918\"},\"wordCount\":1028,\"commentCount\":0,\"image\":{\"@id\":\"https:\\\/\\\/akunq.net\\\/tr\\\/?p=60918#primaryimage\"},\"thumbnailUrl\":\"https:\\\/\\\/akunq.net\\\/tr\\\/wp-content\\\/uploads\\\/sites\\\/6\\\/2021\\\/01\\\/O\u015fin-Yal\u00e7\u0131n-\u00c7ilingir.jpg\",\"articleSection\":[\"Haberler\",\"Makaleler\"],\"inLanguage\":\"en-US\",\"potentialAction\":[{\"@type\":\"CommentAction\",\"name\":\"Comment\",\"target\":[\"https:\\\/\\\/akunq.net\\\/tr\\\/?p=60918#respond\"]}]},{\"@type\":\"WebPage\",\"@id\":\"https:\\\/\\\/akunq.net\\\/tr\\\/?p=60918\",\"url\":\"https:\\\/\\\/akunq.net\\\/tr\\\/?p=60918\",\"name\":\"Aynalar\u0131n hikmeti! - Bati Ermenistan Ve Bati Ermenileri Sorunlari Ara\u015ftirmalar Merkezi\",\"isPartOf\":{\"@id\":\"https:\\\/\\\/akunq.net\\\/tr\\\/#website\"},\"primaryImageOfPage\":{\"@id\":\"https:\\\/\\\/akunq.net\\\/tr\\\/?p=60918#primaryimage\"},\"image\":{\"@id\":\"https:\\\/\\\/akunq.net\\\/tr\\\/?p=60918#primaryimage\"},\"thumbnailUrl\":\"https:\\\/\\\/akunq.net\\\/tr\\\/wp-content\\\/uploads\\\/sites\\\/6\\\/2021\\\/01\\\/O\u015fin-Yal\u00e7\u0131n-\u00c7ilingir.jpg\",\"datePublished\":\"2021-01-14T06:43:37+00:00\",\"author\":{\"@id\":\"https:\\\/\\\/akunq.net\\\/tr\\\/#\\\/schema\\\/person\\\/096f1d38a12cce57fb855b485ed24c9e\"},\"breadcrumb\":{\"@id\":\"https:\\\/\\\/akunq.net\\\/tr\\\/?p=60918#breadcrumb\"},\"inLanguage\":\"en-US\",\"potentialAction\":[{\"@type\":\"ReadAction\",\"target\":[\"https:\\\/\\\/akunq.net\\\/tr\\\/?p=60918\"]}]},{\"@type\":\"ImageObject\",\"inLanguage\":\"en-US\",\"@id\":\"https:\\\/\\\/akunq.net\\\/tr\\\/?p=60918#primaryimage\",\"url\":\"https:\\\/\\\/akunq.net\\\/tr\\\/wp-content\\\/uploads\\\/sites\\\/6\\\/2021\\\/01\\\/O\u015fin-Yal\u00e7\u0131n-\u00c7ilingir.jpg\",\"contentUrl\":\"https:\\\/\\\/akunq.net\\\/tr\\\/wp-content\\\/uploads\\\/sites\\\/6\\\/2021\\\/01\\\/O\u015fin-Yal\u00e7\u0131n-\u00c7ilingir.jpg\",\"width\":2372,\"height\":1572},{\"@type\":\"BreadcrumbList\",\"@id\":\"https:\\\/\\\/akunq.net\\\/tr\\\/?p=60918#breadcrumb\",\"itemListElement\":[{\"@type\":\"ListItem\",\"position\":1,\"name\":\"Home\",\"item\":\"https:\\\/\\\/akunq.net\\\/tr\"},{\"@type\":\"ListItem\",\"position\":2,\"name\":\"Aynalar\u0131n hikmeti!\"}]},{\"@type\":\"WebSite\",\"@id\":\"https:\\\/\\\/akunq.net\\\/tr\\\/#website\",\"url\":\"https:\\\/\\\/akunq.net\\\/tr\\\/\",\"name\":\"Bati Ermenistan Ve Bati Ermenileri Sorunlari Ara\u015ftirmalar Merkezi\",\"description\":\"\",\"potentialAction\":[{\"@type\":\"SearchAction\",\"target\":{\"@type\":\"EntryPoint\",\"urlTemplate\":\"https:\\\/\\\/akunq.net\\\/tr\\\/?s={search_term_string}\"},\"query-input\":{\"@type\":\"PropertyValueSpecification\",\"valueRequired\":true,\"valueName\":\"search_term_string\"}}],\"inLanguage\":\"en-US\"},{\"@type\":\"Person\",\"@id\":\"https:\\\/\\\/akunq.net\\\/tr\\\/#\\\/schema\\\/person\\\/096f1d38a12cce57fb855b485ed24c9e\",\"name\":\"admin\",\"url\":\"https:\\\/\\\/akunq.net\\\/tr\\\/?author=7\"}]}<\/script>\n<!-- \/ Yoast SEO plugin. -->","yoast_head_json":{"title":"Aynalar\u0131n hikmeti! - Bati Ermenistan Ve Bati Ermenileri Sorunlari Ara\u015ftirmalar Merkezi","robots":{"index":"index","follow":"follow","max-snippet":"max-snippet:-1","max-image-preview":"max-image-preview:large","max-video-preview":"max-video-preview:-1"},"canonical":"https:\/\/akunq.net\/tr\/?p=60918","og_locale":"en_US","og_type":"article","og_title":"Aynalar\u0131n hikmeti! - Bati Ermenistan Ve Bati Ermenileri Sorunlari Ara\u015ftirmalar Merkezi","og_description":"O\u015fin \u00c7ilingir\u00a0 Agos&#8217;un ilk yazarlar\u0131ndan O\u015fin (Yal\u00e7\u0131n) \u00c7ilingir&#8217;i 10 Ocak 2021&#8217;de kaybetmi\u015ftik. O\u015fin \u00c7ilingir&#8217;in 2017&#8217;de yazd\u0131\u011f\u0131 bir yaz\u0131y\u0131 payla\u015f\u0131yoruz okurlar\u0131m\u0131zla. \u00c7ilingir 12 Ocak saat 13.00&#8217;te Pangalt\u0131 Latin Katolik Mezarl\u0131\u011f\u0131&#8217;nda d\u00fczenlenecek t\u00f6renin ard\u0131ndan topra\u011fa verilecek. \u00c7ocukluk an\u0131lar\u0131m i\u00e7inde berber aynalar\u0131n\u0131n \u00f6zel bir yeri vard\u0131r. Ne zaman berbere gitsem aynalar beni y\u0131llar \u00f6ncesine, \u00e7ocukluk g\u00fcnlerimin sahtelikten uzak [&hellip;]","og_url":"https:\/\/akunq.net\/tr\/?p=60918","og_site_name":"Bati Ermenistan Ve Bati Ermenileri Sorunlari Ara\u015ftirmalar Merkezi","article_published_time":"2021-01-14T06:43:37+00:00","og_image":[{"width":360,"height":239,"url":"https:\/\/akunq.net\/tr\/wp-content\/uploads\/sites\/6\/2021\/01\/O\u015fin-Yal\u00e7\u0131n-\u00c7ilingir-360x239.jpg","type":"image\/jpeg"}],"author":"admin","twitter_card":"summary_large_image","twitter_misc":{"Written by":"admin","Est. reading time":"5 minutes"},"schema":{"@context":"https:\/\/schema.org","@graph":[{"@type":"Article","@id":"https:\/\/akunq.net\/tr\/?p=60918#article","isPartOf":{"@id":"https:\/\/akunq.net\/tr\/?p=60918"},"author":{"name":"admin","@id":"https:\/\/akunq.net\/tr\/#\/schema\/person\/096f1d38a12cce57fb855b485ed24c9e"},"headline":"Aynalar\u0131n hikmeti!","datePublished":"2021-01-14T06:43:37+00:00","mainEntityOfPage":{"@id":"https:\/\/akunq.net\/tr\/?p=60918"},"wordCount":1028,"commentCount":0,"image":{"@id":"https:\/\/akunq.net\/tr\/?p=60918#primaryimage"},"thumbnailUrl":"https:\/\/akunq.net\/tr\/wp-content\/uploads\/sites\/6\/2021\/01\/O\u015fin-Yal\u00e7\u0131n-\u00c7ilingir.jpg","articleSection":["Haberler","Makaleler"],"inLanguage":"en-US","potentialAction":[{"@type":"CommentAction","name":"Comment","target":["https:\/\/akunq.net\/tr\/?p=60918#respond"]}]},{"@type":"WebPage","@id":"https:\/\/akunq.net\/tr\/?p=60918","url":"https:\/\/akunq.net\/tr\/?p=60918","name":"Aynalar\u0131n hikmeti! - Bati Ermenistan Ve Bati Ermenileri Sorunlari Ara\u015ftirmalar Merkezi","isPartOf":{"@id":"https:\/\/akunq.net\/tr\/#website"},"primaryImageOfPage":{"@id":"https:\/\/akunq.net\/tr\/?p=60918#primaryimage"},"image":{"@id":"https:\/\/akunq.net\/tr\/?p=60918#primaryimage"},"thumbnailUrl":"https:\/\/akunq.net\/tr\/wp-content\/uploads\/sites\/6\/2021\/01\/O\u015fin-Yal\u00e7\u0131n-\u00c7ilingir.jpg","datePublished":"2021-01-14T06:43:37+00:00","author":{"@id":"https:\/\/akunq.net\/tr\/#\/schema\/person\/096f1d38a12cce57fb855b485ed24c9e"},"breadcrumb":{"@id":"https:\/\/akunq.net\/tr\/?p=60918#breadcrumb"},"inLanguage":"en-US","potentialAction":[{"@type":"ReadAction","target":["https:\/\/akunq.net\/tr\/?p=60918"]}]},{"@type":"ImageObject","inLanguage":"en-US","@id":"https:\/\/akunq.net\/tr\/?p=60918#primaryimage","url":"https:\/\/akunq.net\/tr\/wp-content\/uploads\/sites\/6\/2021\/01\/O\u015fin-Yal\u00e7\u0131n-\u00c7ilingir.jpg","contentUrl":"https:\/\/akunq.net\/tr\/wp-content\/uploads\/sites\/6\/2021\/01\/O\u015fin-Yal\u00e7\u0131n-\u00c7ilingir.jpg","width":2372,"height":1572},{"@type":"BreadcrumbList","@id":"https:\/\/akunq.net\/tr\/?p=60918#breadcrumb","itemListElement":[{"@type":"ListItem","position":1,"name":"Home","item":"https:\/\/akunq.net\/tr"},{"@type":"ListItem","position":2,"name":"Aynalar\u0131n hikmeti!"}]},{"@type":"WebSite","@id":"https:\/\/akunq.net\/tr\/#website","url":"https:\/\/akunq.net\/tr\/","name":"Bati Ermenistan Ve Bati Ermenileri Sorunlari Ara\u015ftirmalar Merkezi","description":"","potentialAction":[{"@type":"SearchAction","target":{"@type":"EntryPoint","urlTemplate":"https:\/\/akunq.net\/tr\/?s={search_term_string}"},"query-input":{"@type":"PropertyValueSpecification","valueRequired":true,"valueName":"search_term_string"}}],"inLanguage":"en-US"},{"@type":"Person","@id":"https:\/\/akunq.net\/tr\/#\/schema\/person\/096f1d38a12cce57fb855b485ed24c9e","name":"admin","url":"https:\/\/akunq.net\/tr\/?author=7"}]}},"_links":{"self":[{"href":"https:\/\/akunq.net\/tr\/index.php?rest_route=\/wp\/v2\/posts\/60918","targetHints":{"allow":["GET"]}}],"collection":[{"href":"https:\/\/akunq.net\/tr\/index.php?rest_route=\/wp\/v2\/posts"}],"about":[{"href":"https:\/\/akunq.net\/tr\/index.php?rest_route=\/wp\/v2\/types\/post"}],"author":[{"embeddable":true,"href":"https:\/\/akunq.net\/tr\/index.php?rest_route=\/wp\/v2\/users\/7"}],"replies":[{"embeddable":true,"href":"https:\/\/akunq.net\/tr\/index.php?rest_route=%2Fwp%2Fv2%2Fcomments&post=60918"}],"version-history":[{"count":1,"href":"https:\/\/akunq.net\/tr\/index.php?rest_route=\/wp\/v2\/posts\/60918\/revisions"}],"predecessor-version":[{"id":60920,"href":"https:\/\/akunq.net\/tr\/index.php?rest_route=\/wp\/v2\/posts\/60918\/revisions\/60920"}],"wp:featuredmedia":[{"embeddable":true,"href":"https:\/\/akunq.net\/tr\/index.php?rest_route=\/wp\/v2\/media\/60919"}],"wp:attachment":[{"href":"https:\/\/akunq.net\/tr\/index.php?rest_route=%2Fwp%2Fv2%2Fmedia&parent=60918"}],"wp:term":[{"taxonomy":"category","embeddable":true,"href":"https:\/\/akunq.net\/tr\/index.php?rest_route=%2Fwp%2Fv2%2Fcategories&post=60918"},{"taxonomy":"post_tag","embeddable":true,"href":"https:\/\/akunq.net\/tr\/index.php?rest_route=%2Fwp%2Fv2%2Ftags&post=60918"}],"curies":[{"name":"wp","href":"https:\/\/api.w.org\/{rel}","templated":true}]}}