{"id":60915,"date":"2021-01-14T01:36:17","date_gmt":"2021-01-14T06:36:17","guid":{"rendered":"https:\/\/akunq.net\/tr\/?p=60915"},"modified":"2021-01-14T01:36:17","modified_gmt":"2021-01-14T06:36:17","slug":"turkiye-azerbaycan-koridorunda-gumri-kars-demiryolu-bilerek-kullanilmayacak","status":"publish","type":"post","link":"https:\/\/akunq.net\/tr\/?p=60915","title":{"rendered":"T\u00fcrkiye-Azerbaycan &#8220;koridorunda&#8221; G\u00fcmri-Kars demiryolu bilerek kullan\u0131lmayacak"},"content":{"rendered":"<p><img loading=\"lazy\" decoding=\"async\" class=\"aligncenter size-medium wp-image-60916\" src=\"https:\/\/akunq.net\/tr\/wp-content\/uploads\/2021\/01\/Vardan-Voskanyan-360x202.jpg\" alt=\"\" width=\"360\" height=\"202\" srcset=\"https:\/\/akunq.net\/tr\/wp-content\/uploads\/sites\/6\/2021\/01\/Vardan-Voskanyan-360x202.jpg 360w, https:\/\/akunq.net\/tr\/wp-content\/uploads\/sites\/6\/2021\/01\/Vardan-Voskanyan-768x431.jpg 768w, https:\/\/akunq.net\/tr\/wp-content\/uploads\/sites\/6\/2021\/01\/Vardan-Voskanyan-560x314.jpg 560w, https:\/\/akunq.net\/tr\/wp-content\/uploads\/sites\/6\/2021\/01\/Vardan-Voskanyan-260x146.jpg 260w, https:\/\/akunq.net\/tr\/wp-content\/uploads\/sites\/6\/2021\/01\/Vardan-Voskanyan-160x90.jpg 160w, https:\/\/akunq.net\/tr\/wp-content\/uploads\/sites\/6\/2021\/01\/Vardan-Voskanyan.jpg 790w\" sizes=\"auto, (max-width: 360px) 100vw, 360px\" \/><\/p>\n<p><em><strong>\u0130ran uzman\u0131 Vardan Voskanyan, ekonomik ablukan\u0131n sona erdirilmesine dair beyannamenin imzalanmas\u0131ndan sonra yay\u0131nlanan ve\u00a0 Ermenistan topraklar\u0131ndan ge\u00e7ecek olan demiryolunun haritas\u0131n\u0131 yorumlad\u0131.<\/strong><\/em><\/p>\n<p>Voskanyan, \u201cRusya merkezli \u201cKomersant\u201d gazetesine g\u00f6re, \u015earur (Nah\u00e7\u0131van) \u2013 I\u011fd\u0131r (T\u00fcrkiye) yeni bir demiryolu in\u015fa edilecek.<\/p>\n<p>Demek ki, T\u00fcrkiye\u2013Azerbaycan ba\u011flant\u0131s\u0131n\u0131 sa\u011flamak i\u00e7in G\u00fcmri (Ermenistan) &#8211; Kars(T\u00fcrkiye) zaten mevcut ve Nah\u00e7\u0131van\u2019a <em>(Nakhijevan-&#8216;Akunq&#8217; web sitesi)<\/em> da ba\u011fl\u0131 olan demir yolu kullan\u0131lmayacakt\u0131r.<\/p>\n<p>Bunun, birbirine ba\u011fl\u0131 iki hedefi vard\u0131r:<\/p>\n<p>1.\u00a0\u00a0T\u00fcrkiye-Nah\u00e7\u0131van direkt bir demiryolu ba\u011f\u0131n\u0131n kurulmas\u0131 ve Ermenistan\u2019\u0131n bu yola dahil edilmemesi.<\/p>\n<p>2.\u00a0T\u00fcrkiye-Azerbaycan \u201ckoridoruna\u201d Ermenistan taraf\u0131ndan olas\u0131 etkinin azalt\u0131lmas\u0131&#8221; yorumunu yapt\u0131.<\/p>\n<p>Uzman,\u00a0 yapt\u0131\u011f\u0131 bu payla\u015f\u0131ma Komersant\u2019\u0131n yay\u0131nlad\u0131\u011f\u0131\u00a0 haritas\u0131n\u0131 da ekledi.<\/p>\n<p><em><strong>https:\/\/www.ermenihaber.am\/tr\/news\/2021\/01\/13\/T%C3%BCrkiye-Azerbaycan-demiryolu\/200431\u00a0<\/strong><\/em><\/p>\n","protected":false},"excerpt":{"rendered":"<p>\u0130ran uzman\u0131 Vardan Voskanyan, ekonomik ablukan\u0131n sona erdirilmesine dair beyannamenin imzalanmas\u0131ndan sonra yay\u0131nlanan ve\u00a0 Ermenistan topraklar\u0131ndan ge\u00e7ecek olan demiryolunun haritas\u0131n\u0131 yorumlad\u0131. Voskanyan, \u201cRusya merkezli \u201cKomersant\u201d gazetesine g\u00f6re, \u015earur (Nah\u00e7\u0131van) \u2013 I\u011fd\u0131r (T\u00fcrkiye) yeni bir demiryolu in\u015fa edilecek. Demek ki, T\u00fcrkiye\u2013Azerbaycan ba\u011flant\u0131s\u0131n\u0131 sa\u011flamak i\u00e7in G\u00fcmri (Ermenistan) &#8211; Kars(T\u00fcrkiye) zaten mevcut ve Nah\u00e7\u0131van\u2019a (Nakhijevan-&#8216;Akunq&#8217; web sitesi) da [&hellip;]<\/p>\n","protected":false},"author":7,"featured_media":60916,"comment_status":"open","ping_status":"open","sticky":false,"template":"","format":"standard","meta":{"footnotes":""},"categories":[1],"tags":[],"class_list":["post-60915","post","type-post","status-publish","format-standard","has-post-thumbnail","hentry","category-haberler"],"yoast_head":"<!-- This site is optimized with the Yoast SEO plugin v27.4 - https:\/\/yoast.com\/product\/yoast-seo-wordpress\/ -->\n<title>T\u00fcrkiye-Azerbaycan &quot;koridorunda&quot; G\u00fcmri-Kars demiryolu bilerek kullan\u0131lmayacak - Bati Ermenistan Ve Bati Ermenileri Sorunlari Ara\u015ftirmalar Merkezi<\/title>\n<meta name=\"robots\" content=\"index, follow, max-snippet:-1, max-image-preview:large, max-video-preview:-1\" \/>\n<link rel=\"canonical\" href=\"https:\/\/akunq.net\/tr\/?p=60915\" \/>\n<meta property=\"og:locale\" content=\"en_US\" \/>\n<meta property=\"og:type\" content=\"article\" \/>\n<meta property=\"og:title\" content=\"T\u00fcrkiye-Azerbaycan &quot;koridorunda&quot; G\u00fcmri-Kars demiryolu bilerek kullan\u0131lmayacak - Bati Ermenistan Ve Bati Ermenileri Sorunlari Ara\u015ftirmalar Merkezi\" \/>\n<meta property=\"og:description\" content=\"\u0130ran uzman\u0131 Vardan Voskanyan, ekonomik ablukan\u0131n sona erdirilmesine dair beyannamenin imzalanmas\u0131ndan sonra yay\u0131nlanan ve\u00a0 Ermenistan topraklar\u0131ndan ge\u00e7ecek olan demiryolunun haritas\u0131n\u0131 yorumlad\u0131. Voskanyan, \u201cRusya merkezli \u201cKomersant\u201d gazetesine g\u00f6re, \u015earur (Nah\u00e7\u0131van) \u2013 I\u011fd\u0131r (T\u00fcrkiye) yeni bir demiryolu in\u015fa edilecek. Demek ki, T\u00fcrkiye\u2013Azerbaycan ba\u011flant\u0131s\u0131n\u0131 sa\u011flamak i\u00e7in G\u00fcmri (Ermenistan) &#8211; Kars(T\u00fcrkiye) zaten mevcut ve Nah\u00e7\u0131van\u2019a (Nakhijevan-&#8216;Akunq&#8217; web sitesi) da [&hellip;]\" \/>\n<meta property=\"og:url\" content=\"https:\/\/akunq.net\/tr\/?p=60915\" \/>\n<meta property=\"og:site_name\" content=\"Bati Ermenistan Ve Bati Ermenileri Sorunlari Ara\u015ftirmalar Merkezi\" \/>\n<meta property=\"article:published_time\" content=\"2021-01-14T06:36:17+00:00\" \/>\n<meta property=\"og:image\" content=\"https:\/\/akunq.net\/tr\/wp-content\/uploads\/sites\/6\/2021\/01\/Vardan-Voskanyan.jpg\" \/>\n\t<meta property=\"og:image:width\" content=\"790\" \/>\n\t<meta property=\"og:image:height\" content=\"443\" \/>\n\t<meta property=\"og:image:type\" content=\"image\/jpeg\" \/>\n<meta name=\"author\" content=\"admin\" \/>\n<meta name=\"twitter:card\" content=\"summary_large_image\" \/>\n<meta name=\"twitter:label1\" content=\"Written by\" \/>\n\t<meta name=\"twitter:data1\" content=\"admin\" \/>\n\t<meta name=\"twitter:label2\" content=\"Est. reading time\" \/>\n\t<meta name=\"twitter:data2\" content=\"1 minute\" \/>\n<script type=\"application\/ld+json\" class=\"yoast-schema-graph\">{\"@context\":\"https:\\\/\\\/schema.org\",\"@graph\":[{\"@type\":\"Article\",\"@id\":\"https:\\\/\\\/akunq.net\\\/tr\\\/?p=60915#article\",\"isPartOf\":{\"@id\":\"https:\\\/\\\/akunq.net\\\/tr\\\/?p=60915\"},\"author\":{\"name\":\"admin\",\"@id\":\"https:\\\/\\\/akunq.net\\\/tr\\\/#\\\/schema\\\/person\\\/096f1d38a12cce57fb855b485ed24c9e\"},\"headline\":\"T\u00fcrkiye-Azerbaycan &#8220;koridorunda&#8221; G\u00fcmri-Kars demiryolu bilerek kullan\u0131lmayacak\",\"datePublished\":\"2021-01-14T06:36:17+00:00\",\"mainEntityOfPage\":{\"@id\":\"https:\\\/\\\/akunq.net\\\/tr\\\/?p=60915\"},\"wordCount\":154,\"commentCount\":0,\"image\":{\"@id\":\"https:\\\/\\\/akunq.net\\\/tr\\\/?p=60915#primaryimage\"},\"thumbnailUrl\":\"https:\\\/\\\/akunq.net\\\/tr\\\/wp-content\\\/uploads\\\/sites\\\/6\\\/2021\\\/01\\\/Vardan-Voskanyan.jpg\",\"articleSection\":[\"Haberler\"],\"inLanguage\":\"en-US\",\"potentialAction\":[{\"@type\":\"CommentAction\",\"name\":\"Comment\",\"target\":[\"https:\\\/\\\/akunq.net\\\/tr\\\/?p=60915#respond\"]}]},{\"@type\":\"WebPage\",\"@id\":\"https:\\\/\\\/akunq.net\\\/tr\\\/?p=60915\",\"url\":\"https:\\\/\\\/akunq.net\\\/tr\\\/?p=60915\",\"name\":\"T\u00fcrkiye-Azerbaycan \\\"koridorunda\\\" G\u00fcmri-Kars demiryolu bilerek kullan\u0131lmayacak - Bati Ermenistan Ve Bati Ermenileri Sorunlari Ara\u015ftirmalar Merkezi\",\"isPartOf\":{\"@id\":\"https:\\\/\\\/akunq.net\\\/tr\\\/#website\"},\"primaryImageOfPage\":{\"@id\":\"https:\\\/\\\/akunq.net\\\/tr\\\/?p=60915#primaryimage\"},\"image\":{\"@id\":\"https:\\\/\\\/akunq.net\\\/tr\\\/?p=60915#primaryimage\"},\"thumbnailUrl\":\"https:\\\/\\\/akunq.net\\\/tr\\\/wp-content\\\/uploads\\\/sites\\\/6\\\/2021\\\/01\\\/Vardan-Voskanyan.jpg\",\"datePublished\":\"2021-01-14T06:36:17+00:00\",\"author\":{\"@id\":\"https:\\\/\\\/akunq.net\\\/tr\\\/#\\\/schema\\\/person\\\/096f1d38a12cce57fb855b485ed24c9e\"},\"breadcrumb\":{\"@id\":\"https:\\\/\\\/akunq.net\\\/tr\\\/?p=60915#breadcrumb\"},\"inLanguage\":\"en-US\",\"potentialAction\":[{\"@type\":\"ReadAction\",\"target\":[\"https:\\\/\\\/akunq.net\\\/tr\\\/?p=60915\"]}]},{\"@type\":\"ImageObject\",\"inLanguage\":\"en-US\",\"@id\":\"https:\\\/\\\/akunq.net\\\/tr\\\/?p=60915#primaryimage\",\"url\":\"https:\\\/\\\/akunq.net\\\/tr\\\/wp-content\\\/uploads\\\/sites\\\/6\\\/2021\\\/01\\\/Vardan-Voskanyan.jpg\",\"contentUrl\":\"https:\\\/\\\/akunq.net\\\/tr\\\/wp-content\\\/uploads\\\/sites\\\/6\\\/2021\\\/01\\\/Vardan-Voskanyan.jpg\",\"width\":790,\"height\":443},{\"@type\":\"BreadcrumbList\",\"@id\":\"https:\\\/\\\/akunq.net\\\/tr\\\/?p=60915#breadcrumb\",\"itemListElement\":[{\"@type\":\"ListItem\",\"position\":1,\"name\":\"Home\",\"item\":\"https:\\\/\\\/akunq.net\\\/tr\"},{\"@type\":\"ListItem\",\"position\":2,\"name\":\"T\u00fcrkiye-Azerbaycan &#8220;koridorunda&#8221; G\u00fcmri-Kars demiryolu bilerek kullan\u0131lmayacak\"}]},{\"@type\":\"WebSite\",\"@id\":\"https:\\\/\\\/akunq.net\\\/tr\\\/#website\",\"url\":\"https:\\\/\\\/akunq.net\\\/tr\\\/\",\"name\":\"Bati Ermenistan Ve Bati Ermenileri Sorunlari Ara\u015ftirmalar Merkezi\",\"description\":\"\",\"potentialAction\":[{\"@type\":\"SearchAction\",\"target\":{\"@type\":\"EntryPoint\",\"urlTemplate\":\"https:\\\/\\\/akunq.net\\\/tr\\\/?s={search_term_string}\"},\"query-input\":{\"@type\":\"PropertyValueSpecification\",\"valueRequired\":true,\"valueName\":\"search_term_string\"}}],\"inLanguage\":\"en-US\"},{\"@type\":\"Person\",\"@id\":\"https:\\\/\\\/akunq.net\\\/tr\\\/#\\\/schema\\\/person\\\/096f1d38a12cce57fb855b485ed24c9e\",\"name\":\"admin\",\"url\":\"https:\\\/\\\/akunq.net\\\/tr\\\/?author=7\"}]}<\/script>\n<!-- \/ Yoast SEO plugin. -->","yoast_head_json":{"title":"T\u00fcrkiye-Azerbaycan \"koridorunda\" G\u00fcmri-Kars demiryolu bilerek kullan\u0131lmayacak - Bati Ermenistan Ve Bati Ermenileri Sorunlari Ara\u015ftirmalar Merkezi","robots":{"index":"index","follow":"follow","max-snippet":"max-snippet:-1","max-image-preview":"max-image-preview:large","max-video-preview":"max-video-preview:-1"},"canonical":"https:\/\/akunq.net\/tr\/?p=60915","og_locale":"en_US","og_type":"article","og_title":"T\u00fcrkiye-Azerbaycan \"koridorunda\" G\u00fcmri-Kars demiryolu bilerek kullan\u0131lmayacak - Bati Ermenistan Ve Bati Ermenileri Sorunlari Ara\u015ftirmalar Merkezi","og_description":"\u0130ran uzman\u0131 Vardan Voskanyan, ekonomik ablukan\u0131n sona erdirilmesine dair beyannamenin imzalanmas\u0131ndan sonra yay\u0131nlanan ve\u00a0 Ermenistan topraklar\u0131ndan ge\u00e7ecek olan demiryolunun haritas\u0131n\u0131 yorumlad\u0131. Voskanyan, \u201cRusya merkezli \u201cKomersant\u201d gazetesine g\u00f6re, \u015earur (Nah\u00e7\u0131van) \u2013 I\u011fd\u0131r (T\u00fcrkiye) yeni bir demiryolu in\u015fa edilecek. Demek ki, T\u00fcrkiye\u2013Azerbaycan ba\u011flant\u0131s\u0131n\u0131 sa\u011flamak i\u00e7in G\u00fcmri (Ermenistan) &#8211; Kars(T\u00fcrkiye) zaten mevcut ve Nah\u00e7\u0131van\u2019a (Nakhijevan-&#8216;Akunq&#8217; web sitesi) da [&hellip;]","og_url":"https:\/\/akunq.net\/tr\/?p=60915","og_site_name":"Bati Ermenistan Ve Bati Ermenileri Sorunlari Ara\u015ftirmalar Merkezi","article_published_time":"2021-01-14T06:36:17+00:00","og_image":[{"width":790,"height":443,"url":"https:\/\/akunq.net\/tr\/wp-content\/uploads\/sites\/6\/2021\/01\/Vardan-Voskanyan.jpg","type":"image\/jpeg"}],"author":"admin","twitter_card":"summary_large_image","twitter_misc":{"Written by":"admin","Est. reading time":"1 minute"},"schema":{"@context":"https:\/\/schema.org","@graph":[{"@type":"Article","@id":"https:\/\/akunq.net\/tr\/?p=60915#article","isPartOf":{"@id":"https:\/\/akunq.net\/tr\/?p=60915"},"author":{"name":"admin","@id":"https:\/\/akunq.net\/tr\/#\/schema\/person\/096f1d38a12cce57fb855b485ed24c9e"},"headline":"T\u00fcrkiye-Azerbaycan &#8220;koridorunda&#8221; G\u00fcmri-Kars demiryolu bilerek kullan\u0131lmayacak","datePublished":"2021-01-14T06:36:17+00:00","mainEntityOfPage":{"@id":"https:\/\/akunq.net\/tr\/?p=60915"},"wordCount":154,"commentCount":0,"image":{"@id":"https:\/\/akunq.net\/tr\/?p=60915#primaryimage"},"thumbnailUrl":"https:\/\/akunq.net\/tr\/wp-content\/uploads\/sites\/6\/2021\/01\/Vardan-Voskanyan.jpg","articleSection":["Haberler"],"inLanguage":"en-US","potentialAction":[{"@type":"CommentAction","name":"Comment","target":["https:\/\/akunq.net\/tr\/?p=60915#respond"]}]},{"@type":"WebPage","@id":"https:\/\/akunq.net\/tr\/?p=60915","url":"https:\/\/akunq.net\/tr\/?p=60915","name":"T\u00fcrkiye-Azerbaycan \"koridorunda\" G\u00fcmri-Kars demiryolu bilerek kullan\u0131lmayacak - Bati Ermenistan Ve Bati Ermenileri Sorunlari Ara\u015ftirmalar Merkezi","isPartOf":{"@id":"https:\/\/akunq.net\/tr\/#website"},"primaryImageOfPage":{"@id":"https:\/\/akunq.net\/tr\/?p=60915#primaryimage"},"image":{"@id":"https:\/\/akunq.net\/tr\/?p=60915#primaryimage"},"thumbnailUrl":"https:\/\/akunq.net\/tr\/wp-content\/uploads\/sites\/6\/2021\/01\/Vardan-Voskanyan.jpg","datePublished":"2021-01-14T06:36:17+00:00","author":{"@id":"https:\/\/akunq.net\/tr\/#\/schema\/person\/096f1d38a12cce57fb855b485ed24c9e"},"breadcrumb":{"@id":"https:\/\/akunq.net\/tr\/?p=60915#breadcrumb"},"inLanguage":"en-US","potentialAction":[{"@type":"ReadAction","target":["https:\/\/akunq.net\/tr\/?p=60915"]}]},{"@type":"ImageObject","inLanguage":"en-US","@id":"https:\/\/akunq.net\/tr\/?p=60915#primaryimage","url":"https:\/\/akunq.net\/tr\/wp-content\/uploads\/sites\/6\/2021\/01\/Vardan-Voskanyan.jpg","contentUrl":"https:\/\/akunq.net\/tr\/wp-content\/uploads\/sites\/6\/2021\/01\/Vardan-Voskanyan.jpg","width":790,"height":443},{"@type":"BreadcrumbList","@id":"https:\/\/akunq.net\/tr\/?p=60915#breadcrumb","itemListElement":[{"@type":"ListItem","position":1,"name":"Home","item":"https:\/\/akunq.net\/tr"},{"@type":"ListItem","position":2,"name":"T\u00fcrkiye-Azerbaycan &#8220;koridorunda&#8221; G\u00fcmri-Kars demiryolu bilerek kullan\u0131lmayacak"}]},{"@type":"WebSite","@id":"https:\/\/akunq.net\/tr\/#website","url":"https:\/\/akunq.net\/tr\/","name":"Bati Ermenistan Ve Bati Ermenileri Sorunlari Ara\u015ftirmalar Merkezi","description":"","potentialAction":[{"@type":"SearchAction","target":{"@type":"EntryPoint","urlTemplate":"https:\/\/akunq.net\/tr\/?s={search_term_string}"},"query-input":{"@type":"PropertyValueSpecification","valueRequired":true,"valueName":"search_term_string"}}],"inLanguage":"en-US"},{"@type":"Person","@id":"https:\/\/akunq.net\/tr\/#\/schema\/person\/096f1d38a12cce57fb855b485ed24c9e","name":"admin","url":"https:\/\/akunq.net\/tr\/?author=7"}]}},"_links":{"self":[{"href":"https:\/\/akunq.net\/tr\/index.php?rest_route=\/wp\/v2\/posts\/60915","targetHints":{"allow":["GET"]}}],"collection":[{"href":"https:\/\/akunq.net\/tr\/index.php?rest_route=\/wp\/v2\/posts"}],"about":[{"href":"https:\/\/akunq.net\/tr\/index.php?rest_route=\/wp\/v2\/types\/post"}],"author":[{"embeddable":true,"href":"https:\/\/akunq.net\/tr\/index.php?rest_route=\/wp\/v2\/users\/7"}],"replies":[{"embeddable":true,"href":"https:\/\/akunq.net\/tr\/index.php?rest_route=%2Fwp%2Fv2%2Fcomments&post=60915"}],"version-history":[{"count":1,"href":"https:\/\/akunq.net\/tr\/index.php?rest_route=\/wp\/v2\/posts\/60915\/revisions"}],"predecessor-version":[{"id":60917,"href":"https:\/\/akunq.net\/tr\/index.php?rest_route=\/wp\/v2\/posts\/60915\/revisions\/60917"}],"wp:featuredmedia":[{"embeddable":true,"href":"https:\/\/akunq.net\/tr\/index.php?rest_route=\/wp\/v2\/media\/60916"}],"wp:attachment":[{"href":"https:\/\/akunq.net\/tr\/index.php?rest_route=%2Fwp%2Fv2%2Fmedia&parent=60915"}],"wp:term":[{"taxonomy":"category","embeddable":true,"href":"https:\/\/akunq.net\/tr\/index.php?rest_route=%2Fwp%2Fv2%2Fcategories&post=60915"},{"taxonomy":"post_tag","embeddable":true,"href":"https:\/\/akunq.net\/tr\/index.php?rest_route=%2Fwp%2Fv2%2Ftags&post=60915"}],"curies":[{"name":"wp","href":"https:\/\/api.w.org\/{rel}","templated":true}]}}