{"id":60910,"date":"2021-01-13T02:50:32","date_gmt":"2021-01-13T07:50:32","guid":{"rendered":"https:\/\/akunq.net\/tr\/?p=60910"},"modified":"2021-01-13T02:50:32","modified_gmt":"2021-01-13T07:50:32","slug":"gol-cekilince-efsanedeki-kayip-sehir-ortaya-cikmaya-basladi","status":"publish","type":"post","link":"https:\/\/akunq.net\/tr\/?p=60910","title":{"rendered":"G\u00f6l \u00e7ekilince efsanedeki kay\u0131p \u015fehir ortaya \u00e7\u0131kmaya ba\u015flad\u0131"},"content":{"rendered":"<p><img loading=\"lazy\" decoding=\"async\" class=\"aligncenter size-medium wp-image-60911\" src=\"https:\/\/akunq.net\/tr\/wp-content\/uploads\/2021\/01\/Iznik-360x203.jpg\" alt=\"\" width=\"360\" height=\"203\" srcset=\"https:\/\/akunq.net\/tr\/wp-content\/uploads\/sites\/6\/2021\/01\/Iznik-360x203.jpg 360w, https:\/\/akunq.net\/tr\/wp-content\/uploads\/sites\/6\/2021\/01\/Iznik-560x315.jpg 560w, https:\/\/akunq.net\/tr\/wp-content\/uploads\/sites\/6\/2021\/01\/Iznik-260x146.jpg 260w, https:\/\/akunq.net\/tr\/wp-content\/uploads\/sites\/6\/2021\/01\/Iznik-160x90.jpg 160w, https:\/\/akunq.net\/tr\/wp-content\/uploads\/sites\/6\/2021\/01\/Iznik.jpg 750w\" sizes=\"auto, (max-width: 360px) 100vw, 360px\" \/><\/p>\n<p><em><strong>Bursa\u2019n\u0131n UNESCO\u2019ya aday tarihi kenti \u0130znik\u2019te g\u00f6l sular\u0131n\u0131n kurakl\u0131k nedeniyle \u00e7ekilmesiyle birlikte tarihi yap\u0131lar da g\u00fcn y\u00fcz\u00fcne \u00e7\u0131kmaya ba\u015flad\u0131. Ger\u00e7ek \u0130znik\u2019in g\u00f6lde oldu\u011fu efsanesi yeniden konu\u015fulmaya ba\u015fland\u0131.<\/strong><\/em><\/p>\n<p>K\u00fclt\u00fcr ve Turizm Bakan\u0131 Mehmet Nuri Ersoy\u2019un \u201cyeni G\u00f6beklitepe\u2019lere haz\u0131r olal\u0131m\u201d a\u00e7\u0131klamas\u0131 g\u00f6zleri bir kez daha \u0130znik G\u00f6l\u00fc\u2019n\u00fcn zemininde oldu\u011fu ileri s\u00fcr\u00fclen tarihi \u0130znik \u015fehrine \u00e7evirdi. Tarihi M.\u00d6. 4. Y\u00fczy\u0131l\u2019a kadar uzanan Bithynia, Sel\u00e7uklu, Roma ve Osmanl\u0131 gibi pek \u00e7ok medeniyete ev sahipli\u011fi yapan ger\u00e7ek \u0130znik\u2019in \u015fu anki \u0130znik G\u00f6l\u00fc\u2019n\u00fcn zemininde oldu\u011fu rivayet ediliyor.<\/p>\n<p>740 y\u0131l\u0131nda ya\u015fanan depremde g\u00f6l sular\u0131na g\u00f6m\u00fclen tarihi \u0130znik \u015fehrinin daha sonraki y\u0131llarda g\u00f6l kenar\u0131na yeniden in\u015fa edildi\u011fi rivayet ediliyordu.<\/p>\n<p><strong>G\u00d6L SULARI \u00c7EK\u0130L\u0130NCE KAYIP \u015eEH\u0130R EFSANES\u0130 GER\u00c7EK OLDU<\/strong><\/p>\n<p>4 medeniyete ba\u015fkentlik yapm\u0131\u015f tarihi kent \u0130znik\u2019te T\u00fcrkiye\u2019nin 5. b\u00fcy\u00fck g\u00f6l\u00fc olan \u0130znik G\u00f6l\u00fc\u2019nde kurakl\u0131k nedeniyle 300 metrelik bir \u00e7ekilme ya\u015fand\u0131. \u0130znik\u2019e ba\u011fl\u0131 g\u00f6le k\u0131y\u0131s\u0131 olan G\u00f6ll\u00fcce Mahallesi\u2019nde bu sabah g\u00f6l k\u0131y\u0131s\u0131nda tarihi oldu\u011fu iddia edilen s\u00fctunlar ortaya \u00e7\u0131kt\u0131. 2014 y\u0131l\u0131nda d\u00fcnyan\u0131n en iyi 10 ke\u015ffi aras\u0131ndan g\u00f6sterilen \u0130znik Bazilika da g\u00f6l\u00fcn i\u00e7inden \u00e7\u0131km\u0131\u015ft\u0131. Sular \u00e7ekilince ortaya \u00e7\u0131kan s\u00fctunlar\u0131n Bazilika formunda kilise kal\u0131nt\u0131s\u0131 oldu\u011fu belirlenen yap\u0131, 50 metre a\u00e7\u0131kta, 6 metre derinlikte yer al\u0131yor.<\/p>\n<p>740 y\u0131l\u0131nda ya\u015fanan depremde g\u00f6l sular\u0131na g\u00f6m\u00fclen tarihi \u0130znik \u015fehrinin daha sonraki y\u0131llarda g\u00f6l kenar\u0131na yeniden in\u015fa edildi\u011fi rivayet ediliyordu. G\u00f6ky\u00fcz\u00fcnden \u00e7ekilen bir foto\u011fraf sayesinde ortaya \u00e7\u0131kan Bazilika, 2014 y\u0131l\u0131n\u0131n en \u00f6nemli ke\u015fifleri aras\u0131nda g\u00f6sterildi. Bazilikan\u0131n kafes i\u00e7inde korunan en \u00f6nemli par\u00e7alar\u0131 suyun \u00e7ekilmesiyle g\u00fcn y\u00fcz\u00fcne \u00e7\u0131kmaya devam ediyor.<\/p>\n<p><em><strong>https:\/\/www.hurriyet.com.tr\/gundem\/gol-cekilince-efsanedeki-kayip-sehir-ortaya-cikmaya-basladi-41712931\u00a0<\/strong><\/em><\/p>\n","protected":false},"excerpt":{"rendered":"<p>Bursa\u2019n\u0131n UNESCO\u2019ya aday tarihi kenti \u0130znik\u2019te g\u00f6l sular\u0131n\u0131n kurakl\u0131k nedeniyle \u00e7ekilmesiyle birlikte tarihi yap\u0131lar da g\u00fcn y\u00fcz\u00fcne \u00e7\u0131kmaya ba\u015flad\u0131. Ger\u00e7ek \u0130znik\u2019in g\u00f6lde oldu\u011fu efsanesi yeniden konu\u015fulmaya ba\u015fland\u0131. K\u00fclt\u00fcr ve Turizm Bakan\u0131 Mehmet Nuri Ersoy\u2019un \u201cyeni G\u00f6beklitepe\u2019lere haz\u0131r olal\u0131m\u201d a\u00e7\u0131klamas\u0131 g\u00f6zleri bir kez daha \u0130znik G\u00f6l\u00fc\u2019n\u00fcn zemininde oldu\u011fu ileri s\u00fcr\u00fclen tarihi \u0130znik \u015fehrine \u00e7evirdi. Tarihi M.\u00d6. [&hellip;]<\/p>\n","protected":false},"author":7,"featured_media":60911,"comment_status":"open","ping_status":"open","sticky":false,"template":"","format":"standard","meta":{"footnotes":""},"categories":[1],"tags":[],"class_list":["post-60910","post","type-post","status-publish","format-standard","has-post-thumbnail","hentry","category-haberler"],"yoast_head":"<!-- This site is optimized with the Yoast SEO plugin v27.4 - https:\/\/yoast.com\/product\/yoast-seo-wordpress\/ -->\n<title>G\u00f6l \u00e7ekilince efsanedeki kay\u0131p \u015fehir ortaya \u00e7\u0131kmaya ba\u015flad\u0131 - Bati Ermenistan Ve Bati Ermenileri Sorunlari Ara\u015ftirmalar Merkezi<\/title>\n<meta name=\"robots\" content=\"index, follow, max-snippet:-1, max-image-preview:large, max-video-preview:-1\" \/>\n<link rel=\"canonical\" href=\"https:\/\/akunq.net\/tr\/?p=60910\" \/>\n<meta property=\"og:locale\" content=\"en_US\" \/>\n<meta property=\"og:type\" content=\"article\" \/>\n<meta property=\"og:title\" content=\"G\u00f6l \u00e7ekilince efsanedeki kay\u0131p \u015fehir ortaya \u00e7\u0131kmaya ba\u015flad\u0131 - Bati Ermenistan Ve Bati Ermenileri Sorunlari Ara\u015ftirmalar Merkezi\" \/>\n<meta property=\"og:description\" content=\"Bursa\u2019n\u0131n UNESCO\u2019ya aday tarihi kenti \u0130znik\u2019te g\u00f6l sular\u0131n\u0131n kurakl\u0131k nedeniyle \u00e7ekilmesiyle birlikte tarihi yap\u0131lar da g\u00fcn y\u00fcz\u00fcne \u00e7\u0131kmaya ba\u015flad\u0131. Ger\u00e7ek \u0130znik\u2019in g\u00f6lde oldu\u011fu efsanesi yeniden konu\u015fulmaya ba\u015fland\u0131. K\u00fclt\u00fcr ve Turizm Bakan\u0131 Mehmet Nuri Ersoy\u2019un \u201cyeni G\u00f6beklitepe\u2019lere haz\u0131r olal\u0131m\u201d a\u00e7\u0131klamas\u0131 g\u00f6zleri bir kez daha \u0130znik G\u00f6l\u00fc\u2019n\u00fcn zemininde oldu\u011fu ileri s\u00fcr\u00fclen tarihi \u0130znik \u015fehrine \u00e7evirdi. Tarihi M.\u00d6. [&hellip;]\" \/>\n<meta property=\"og:url\" content=\"https:\/\/akunq.net\/tr\/?p=60910\" \/>\n<meta property=\"og:site_name\" content=\"Bati Ermenistan Ve Bati Ermenileri Sorunlari Ara\u015ftirmalar Merkezi\" \/>\n<meta property=\"article:published_time\" content=\"2021-01-13T07:50:32+00:00\" \/>\n<meta property=\"og:image\" content=\"https:\/\/akunq.net\/tr\/wp-content\/uploads\/sites\/6\/2021\/01\/Iznik.jpg\" \/>\n\t<meta property=\"og:image:width\" content=\"750\" \/>\n\t<meta property=\"og:image:height\" content=\"422\" \/>\n\t<meta property=\"og:image:type\" content=\"image\/jpeg\" \/>\n<meta name=\"author\" content=\"admin\" \/>\n<meta name=\"twitter:card\" content=\"summary_large_image\" \/>\n<meta name=\"twitter:label1\" content=\"Written by\" \/>\n\t<meta name=\"twitter:data1\" content=\"admin\" \/>\n\t<meta name=\"twitter:label2\" content=\"Est. reading time\" \/>\n\t<meta name=\"twitter:data2\" content=\"2 minutes\" \/>\n<script type=\"application\/ld+json\" class=\"yoast-schema-graph\">{\"@context\":\"https:\\\/\\\/schema.org\",\"@graph\":[{\"@type\":\"Article\",\"@id\":\"https:\\\/\\\/akunq.net\\\/tr\\\/?p=60910#article\",\"isPartOf\":{\"@id\":\"https:\\\/\\\/akunq.net\\\/tr\\\/?p=60910\"},\"author\":{\"name\":\"admin\",\"@id\":\"https:\\\/\\\/akunq.net\\\/tr\\\/#\\\/schema\\\/person\\\/096f1d38a12cce57fb855b485ed24c9e\"},\"headline\":\"G\u00f6l \u00e7ekilince efsanedeki kay\u0131p \u015fehir ortaya \u00e7\u0131kmaya ba\u015flad\u0131\",\"datePublished\":\"2021-01-13T07:50:32+00:00\",\"mainEntityOfPage\":{\"@id\":\"https:\\\/\\\/akunq.net\\\/tr\\\/?p=60910\"},\"wordCount\":372,\"commentCount\":0,\"image\":{\"@id\":\"https:\\\/\\\/akunq.net\\\/tr\\\/?p=60910#primaryimage\"},\"thumbnailUrl\":\"https:\\\/\\\/akunq.net\\\/tr\\\/wp-content\\\/uploads\\\/sites\\\/6\\\/2021\\\/01\\\/Iznik.jpg\",\"articleSection\":[\"Haberler\"],\"inLanguage\":\"en-US\",\"potentialAction\":[{\"@type\":\"CommentAction\",\"name\":\"Comment\",\"target\":[\"https:\\\/\\\/akunq.net\\\/tr\\\/?p=60910#respond\"]}]},{\"@type\":\"WebPage\",\"@id\":\"https:\\\/\\\/akunq.net\\\/tr\\\/?p=60910\",\"url\":\"https:\\\/\\\/akunq.net\\\/tr\\\/?p=60910\",\"name\":\"G\u00f6l \u00e7ekilince efsanedeki kay\u0131p \u015fehir ortaya \u00e7\u0131kmaya ba\u015flad\u0131 - Bati Ermenistan Ve Bati Ermenileri Sorunlari Ara\u015ftirmalar Merkezi\",\"isPartOf\":{\"@id\":\"https:\\\/\\\/akunq.net\\\/tr\\\/#website\"},\"primaryImageOfPage\":{\"@id\":\"https:\\\/\\\/akunq.net\\\/tr\\\/?p=60910#primaryimage\"},\"image\":{\"@id\":\"https:\\\/\\\/akunq.net\\\/tr\\\/?p=60910#primaryimage\"},\"thumbnailUrl\":\"https:\\\/\\\/akunq.net\\\/tr\\\/wp-content\\\/uploads\\\/sites\\\/6\\\/2021\\\/01\\\/Iznik.jpg\",\"datePublished\":\"2021-01-13T07:50:32+00:00\",\"author\":{\"@id\":\"https:\\\/\\\/akunq.net\\\/tr\\\/#\\\/schema\\\/person\\\/096f1d38a12cce57fb855b485ed24c9e\"},\"breadcrumb\":{\"@id\":\"https:\\\/\\\/akunq.net\\\/tr\\\/?p=60910#breadcrumb\"},\"inLanguage\":\"en-US\",\"potentialAction\":[{\"@type\":\"ReadAction\",\"target\":[\"https:\\\/\\\/akunq.net\\\/tr\\\/?p=60910\"]}]},{\"@type\":\"ImageObject\",\"inLanguage\":\"en-US\",\"@id\":\"https:\\\/\\\/akunq.net\\\/tr\\\/?p=60910#primaryimage\",\"url\":\"https:\\\/\\\/akunq.net\\\/tr\\\/wp-content\\\/uploads\\\/sites\\\/6\\\/2021\\\/01\\\/Iznik.jpg\",\"contentUrl\":\"https:\\\/\\\/akunq.net\\\/tr\\\/wp-content\\\/uploads\\\/sites\\\/6\\\/2021\\\/01\\\/Iznik.jpg\",\"width\":750,\"height\":422},{\"@type\":\"BreadcrumbList\",\"@id\":\"https:\\\/\\\/akunq.net\\\/tr\\\/?p=60910#breadcrumb\",\"itemListElement\":[{\"@type\":\"ListItem\",\"position\":1,\"name\":\"Home\",\"item\":\"https:\\\/\\\/akunq.net\\\/tr\"},{\"@type\":\"ListItem\",\"position\":2,\"name\":\"G\u00f6l \u00e7ekilince efsanedeki kay\u0131p \u015fehir ortaya \u00e7\u0131kmaya ba\u015flad\u0131\"}]},{\"@type\":\"WebSite\",\"@id\":\"https:\\\/\\\/akunq.net\\\/tr\\\/#website\",\"url\":\"https:\\\/\\\/akunq.net\\\/tr\\\/\",\"name\":\"Bati Ermenistan Ve Bati Ermenileri Sorunlari Ara\u015ftirmalar Merkezi\",\"description\":\"\",\"potentialAction\":[{\"@type\":\"SearchAction\",\"target\":{\"@type\":\"EntryPoint\",\"urlTemplate\":\"https:\\\/\\\/akunq.net\\\/tr\\\/?s={search_term_string}\"},\"query-input\":{\"@type\":\"PropertyValueSpecification\",\"valueRequired\":true,\"valueName\":\"search_term_string\"}}],\"inLanguage\":\"en-US\"},{\"@type\":\"Person\",\"@id\":\"https:\\\/\\\/akunq.net\\\/tr\\\/#\\\/schema\\\/person\\\/096f1d38a12cce57fb855b485ed24c9e\",\"name\":\"admin\",\"url\":\"https:\\\/\\\/akunq.net\\\/tr\\\/?author=7\"}]}<\/script>\n<!-- \/ Yoast SEO plugin. -->","yoast_head_json":{"title":"G\u00f6l \u00e7ekilince efsanedeki kay\u0131p \u015fehir ortaya \u00e7\u0131kmaya ba\u015flad\u0131 - Bati Ermenistan Ve Bati Ermenileri Sorunlari Ara\u015ftirmalar Merkezi","robots":{"index":"index","follow":"follow","max-snippet":"max-snippet:-1","max-image-preview":"max-image-preview:large","max-video-preview":"max-video-preview:-1"},"canonical":"https:\/\/akunq.net\/tr\/?p=60910","og_locale":"en_US","og_type":"article","og_title":"G\u00f6l \u00e7ekilince efsanedeki kay\u0131p \u015fehir ortaya \u00e7\u0131kmaya ba\u015flad\u0131 - Bati Ermenistan Ve Bati Ermenileri Sorunlari Ara\u015ftirmalar Merkezi","og_description":"Bursa\u2019n\u0131n UNESCO\u2019ya aday tarihi kenti \u0130znik\u2019te g\u00f6l sular\u0131n\u0131n kurakl\u0131k nedeniyle \u00e7ekilmesiyle birlikte tarihi yap\u0131lar da g\u00fcn y\u00fcz\u00fcne \u00e7\u0131kmaya ba\u015flad\u0131. Ger\u00e7ek \u0130znik\u2019in g\u00f6lde oldu\u011fu efsanesi yeniden konu\u015fulmaya ba\u015fland\u0131. K\u00fclt\u00fcr ve Turizm Bakan\u0131 Mehmet Nuri Ersoy\u2019un \u201cyeni G\u00f6beklitepe\u2019lere haz\u0131r olal\u0131m\u201d a\u00e7\u0131klamas\u0131 g\u00f6zleri bir kez daha \u0130znik G\u00f6l\u00fc\u2019n\u00fcn zemininde oldu\u011fu ileri s\u00fcr\u00fclen tarihi \u0130znik \u015fehrine \u00e7evirdi. Tarihi M.\u00d6. [&hellip;]","og_url":"https:\/\/akunq.net\/tr\/?p=60910","og_site_name":"Bati Ermenistan Ve Bati Ermenileri Sorunlari Ara\u015ftirmalar Merkezi","article_published_time":"2021-01-13T07:50:32+00:00","og_image":[{"width":750,"height":422,"url":"https:\/\/akunq.net\/tr\/wp-content\/uploads\/sites\/6\/2021\/01\/Iznik.jpg","type":"image\/jpeg"}],"author":"admin","twitter_card":"summary_large_image","twitter_misc":{"Written by":"admin","Est. reading time":"2 minutes"},"schema":{"@context":"https:\/\/schema.org","@graph":[{"@type":"Article","@id":"https:\/\/akunq.net\/tr\/?p=60910#article","isPartOf":{"@id":"https:\/\/akunq.net\/tr\/?p=60910"},"author":{"name":"admin","@id":"https:\/\/akunq.net\/tr\/#\/schema\/person\/096f1d38a12cce57fb855b485ed24c9e"},"headline":"G\u00f6l \u00e7ekilince efsanedeki kay\u0131p \u015fehir ortaya \u00e7\u0131kmaya ba\u015flad\u0131","datePublished":"2021-01-13T07:50:32+00:00","mainEntityOfPage":{"@id":"https:\/\/akunq.net\/tr\/?p=60910"},"wordCount":372,"commentCount":0,"image":{"@id":"https:\/\/akunq.net\/tr\/?p=60910#primaryimage"},"thumbnailUrl":"https:\/\/akunq.net\/tr\/wp-content\/uploads\/sites\/6\/2021\/01\/Iznik.jpg","articleSection":["Haberler"],"inLanguage":"en-US","potentialAction":[{"@type":"CommentAction","name":"Comment","target":["https:\/\/akunq.net\/tr\/?p=60910#respond"]}]},{"@type":"WebPage","@id":"https:\/\/akunq.net\/tr\/?p=60910","url":"https:\/\/akunq.net\/tr\/?p=60910","name":"G\u00f6l \u00e7ekilince efsanedeki kay\u0131p \u015fehir ortaya \u00e7\u0131kmaya ba\u015flad\u0131 - Bati Ermenistan Ve Bati Ermenileri Sorunlari Ara\u015ftirmalar Merkezi","isPartOf":{"@id":"https:\/\/akunq.net\/tr\/#website"},"primaryImageOfPage":{"@id":"https:\/\/akunq.net\/tr\/?p=60910#primaryimage"},"image":{"@id":"https:\/\/akunq.net\/tr\/?p=60910#primaryimage"},"thumbnailUrl":"https:\/\/akunq.net\/tr\/wp-content\/uploads\/sites\/6\/2021\/01\/Iznik.jpg","datePublished":"2021-01-13T07:50:32+00:00","author":{"@id":"https:\/\/akunq.net\/tr\/#\/schema\/person\/096f1d38a12cce57fb855b485ed24c9e"},"breadcrumb":{"@id":"https:\/\/akunq.net\/tr\/?p=60910#breadcrumb"},"inLanguage":"en-US","potentialAction":[{"@type":"ReadAction","target":["https:\/\/akunq.net\/tr\/?p=60910"]}]},{"@type":"ImageObject","inLanguage":"en-US","@id":"https:\/\/akunq.net\/tr\/?p=60910#primaryimage","url":"https:\/\/akunq.net\/tr\/wp-content\/uploads\/sites\/6\/2021\/01\/Iznik.jpg","contentUrl":"https:\/\/akunq.net\/tr\/wp-content\/uploads\/sites\/6\/2021\/01\/Iznik.jpg","width":750,"height":422},{"@type":"BreadcrumbList","@id":"https:\/\/akunq.net\/tr\/?p=60910#breadcrumb","itemListElement":[{"@type":"ListItem","position":1,"name":"Home","item":"https:\/\/akunq.net\/tr"},{"@type":"ListItem","position":2,"name":"G\u00f6l \u00e7ekilince efsanedeki kay\u0131p \u015fehir ortaya \u00e7\u0131kmaya ba\u015flad\u0131"}]},{"@type":"WebSite","@id":"https:\/\/akunq.net\/tr\/#website","url":"https:\/\/akunq.net\/tr\/","name":"Bati Ermenistan Ve Bati Ermenileri Sorunlari Ara\u015ftirmalar Merkezi","description":"","potentialAction":[{"@type":"SearchAction","target":{"@type":"EntryPoint","urlTemplate":"https:\/\/akunq.net\/tr\/?s={search_term_string}"},"query-input":{"@type":"PropertyValueSpecification","valueRequired":true,"valueName":"search_term_string"}}],"inLanguage":"en-US"},{"@type":"Person","@id":"https:\/\/akunq.net\/tr\/#\/schema\/person\/096f1d38a12cce57fb855b485ed24c9e","name":"admin","url":"https:\/\/akunq.net\/tr\/?author=7"}]}},"_links":{"self":[{"href":"https:\/\/akunq.net\/tr\/index.php?rest_route=\/wp\/v2\/posts\/60910","targetHints":{"allow":["GET"]}}],"collection":[{"href":"https:\/\/akunq.net\/tr\/index.php?rest_route=\/wp\/v2\/posts"}],"about":[{"href":"https:\/\/akunq.net\/tr\/index.php?rest_route=\/wp\/v2\/types\/post"}],"author":[{"embeddable":true,"href":"https:\/\/akunq.net\/tr\/index.php?rest_route=\/wp\/v2\/users\/7"}],"replies":[{"embeddable":true,"href":"https:\/\/akunq.net\/tr\/index.php?rest_route=%2Fwp%2Fv2%2Fcomments&post=60910"}],"version-history":[{"count":1,"href":"https:\/\/akunq.net\/tr\/index.php?rest_route=\/wp\/v2\/posts\/60910\/revisions"}],"predecessor-version":[{"id":60912,"href":"https:\/\/akunq.net\/tr\/index.php?rest_route=\/wp\/v2\/posts\/60910\/revisions\/60912"}],"wp:featuredmedia":[{"embeddable":true,"href":"https:\/\/akunq.net\/tr\/index.php?rest_route=\/wp\/v2\/media\/60911"}],"wp:attachment":[{"href":"https:\/\/akunq.net\/tr\/index.php?rest_route=%2Fwp%2Fv2%2Fmedia&parent=60910"}],"wp:term":[{"taxonomy":"category","embeddable":true,"href":"https:\/\/akunq.net\/tr\/index.php?rest_route=%2Fwp%2Fv2%2Fcategories&post=60910"},{"taxonomy":"post_tag","embeddable":true,"href":"https:\/\/akunq.net\/tr\/index.php?rest_route=%2Fwp%2Fv2%2Ftags&post=60910"}],"curies":[{"name":"wp","href":"https:\/\/api.w.org\/{rel}","templated":true}]}}