{"id":60898,"date":"2021-01-13T01:57:49","date_gmt":"2021-01-13T06:57:49","guid":{"rendered":"https:\/\/akunq.net\/tr\/?p=60898"},"modified":"2021-01-13T01:57:49","modified_gmt":"2021-01-13T06:57:49","slug":"cumhurbaskani-erdogan-brexit-belirsizligi-turkiye-ile-giderilebilir","status":"publish","type":"post","link":"https:\/\/akunq.net\/tr\/?p=60898","title":{"rendered":"Cumhurba\u015fkan\u0131 Erdo\u011fan: Brexit belirsizli\u011fi T\u00fcrkiye ile giderilebilir"},"content":{"rendered":"<p data-gtm-vis-recent-on-screen-2765436_106=\"282\" data-gtm-vis-first-on-screen-2765436_106=\"282\" data-gtm-vis-total-visible-time-2765436_106=\"100\" data-gtm-vis-has-fired-2765436_106=\"1\"><img loading=\"lazy\" decoding=\"async\" class=\"aligncenter size-medium wp-image-60899\" src=\"https:\/\/akunq.net\/tr\/wp-content\/uploads\/2021\/01\/Brexit-360x210.png\" alt=\"\" width=\"360\" height=\"210\" srcset=\"https:\/\/akunq.net\/tr\/wp-content\/uploads\/sites\/6\/2021\/01\/Brexit-360x210.png 360w, https:\/\/akunq.net\/tr\/wp-content\/uploads\/sites\/6\/2021\/01\/Brexit-768x448.png 768w, https:\/\/akunq.net\/tr\/wp-content\/uploads\/sites\/6\/2021\/01\/Brexit-1536x897.png 1536w, https:\/\/akunq.net\/tr\/wp-content\/uploads\/sites\/6\/2021\/01\/Brexit-560x327.png 560w, https:\/\/akunq.net\/tr\/wp-content\/uploads\/sites\/6\/2021\/01\/Brexit-260x152.png 260w, https:\/\/akunq.net\/tr\/wp-content\/uploads\/sites\/6\/2021\/01\/Brexit-160x93.png 160w, https:\/\/akunq.net\/tr\/wp-content\/uploads\/sites\/6\/2021\/01\/Brexit.png 1550w\" sizes=\"auto, (max-width: 360px) 100vw, 360px\" \/><\/p>\n<p class=\"category-detail-sub-title\" data-gtm-vis-recent-on-screen-2765436_106=\"282\" data-gtm-vis-first-on-screen-2765436_106=\"282\" data-gtm-vis-total-visible-time-2765436_106=\"100\" data-gtm-vis-has-fired-2765436_106=\"1\"><em><strong>Avrupa Birli\u011fi \u00fclkeleri b\u00fcy\u00fckel\u00e7ilerine seslenen Cumhurba\u015fkan\u0131 Erdo\u011fan, Do\u011fu Akdeniz&#8217;deki gerilime de\u011findi. &#8220;Yunanistan&#8217;\u0131 gerginli\u011fi art\u0131racak hamlelerden vazge\u00e7meye davet ediyoruz&#8221; diyen Erdo\u011fan, AB&#8217;yi de \u00f6zele\u015ftiri yapmaya \u00e7a\u011f\u0131rd\u0131. AB&#8217;ye tam \u00fcyelik hedefinden hi\u00e7bir zaman vazge\u00e7mediklerini s\u00f6yleyen Erdo\u011fan, &#8220;Brexit ile beraber artan belirsizlik ancak T\u00fcrkiye&#8217;nin Avrupa ailesinde hak etti\u011fi yeri almas\u0131yla giderilebilecektir&#8221; ifadelerini kulland\u0131.<\/strong><\/em><\/p>\n<p>Cumhurba\u015fkan\u0131 Recep Tayyip Erdo\u011fan, Avrupa Birli\u011fi \u00fclkeleri b\u00fcy\u00fckel\u00e7ileri ile toplant\u0131ya kat\u0131ld\u0131.<br \/>\nErdo\u011fan&#8217;\u0131n burada yapt\u0131\u011f\u0131 konu\u015fmadan \u00f6ne \u00e7\u0131kanlar \u015f\u00f6yle:<\/p>\n<p>&#8220;Vir\u00fcse kar\u015f\u0131 kimimiz bir arkada\u015f\u0131n\u0131, kimimiz bir yak\u0131n\u0131n\u0131 kurban verdi. Salg\u0131n izleri kolay silinmeyecek derin izler b\u0131rakt\u0131. Hayat\u0131n\u0131 kaybeden herkes istatistikten \u00f6te bir cand\u0131r. T\u00fcm insanl\u0131\u011f\u0131n ayn\u0131 gemide oldu\u011funu bir kez daha hat\u0131rlatt\u0131. K\u00fcresel i\u015fbirli\u011fi sayesinde ba\u015far\u0131l\u0131 olabilece\u011fimizi hep birlikte g\u00f6rd\u00fck.<\/p>\n<p>Salg\u0131n son haftalarda d\u00fcnya genelinde yeniden ivme kazansa da a\u015f\u0131 \u00e7al\u0131\u015fmalar\u0131ndaki ba\u015far\u0131lar umudumuzu art\u0131r\u0131yor. Farkl\u0131 kaynaklardan ald\u0131\u011f\u0131m\u0131z a\u015f\u0131lar\u0131 g\u00f6n\u00fcll\u00fcl\u00fck esas\u0131na g\u00f6re uygulamaya ba\u015fl\u0131yoruz. Yerli a\u015f\u0131m\u0131z\u0131 gerekli onaylar\u0131n ard\u0131ndan milletimizle birlikte t\u00fcm d\u00fcnyan\u0131n hizmetine sunaca\u011f\u0131z.<\/p>\n<p>2020&#8217;de pek \u00e7ok tats\u0131z suni sorunla u\u011fra\u015fmak zorunda kald\u0131k. Do\u011fu Akdeniz ve K\u0131br\u0131s meselesinda T\u00fcrkiye ciddi haks\u0131zl\u0131klara maruz kald\u0131. T\u00fcrkiye Akdeniz&#8217;in en uzun k\u0131y\u0131 \u015feridine sahip \u00fclkesidir. Do\u011fu Akdeniz&#8217;de hakk\u0131m\u0131z olmayan bir \u015feyi talep etmiyoruz. \u00dclkemizin menfaatlerini korumaya \u00e7al\u0131\u015f\u0131yoruz. Maksimalist haritalar \u00fczerinden \u00fclkemizin hapsedilme giri\u015fimlerine kar\u015f\u0131 \u00e7\u0131k\u0131yoruz. Hi\u00e7bir denklemden Akdeniz ba\u015far\u0131s\u0131 \u00e7\u0131kmayaca\u011f\u0131 art\u0131k anla\u015f\u0131lm\u0131\u015ft\u0131r. T\u00fcrkiye adaletten yanad\u0131r.<\/p>\n<p><strong>&#8220;AB \u00d6ZELE\u015eT\u0130R\u0130 YAPMALI&#8221;<\/strong><\/p>\n<p>Yunanistan NAVTEX ilan\u0131 gibi amac\u0131 belli imkan\u0131 sahalar\u0131n y\u00fczde 10&#8217;unu kullanarak yeni bir gerginlik yaratacak kadar ileri gitmi\u015ftir. Yunanistan&#8217;\u0131 gerginli\u011fi art\u0131racak hamlelerden vazge\u00e7meye davet ediyoruz. \u0130stik\u015fafi g\u00f6r\u00fc\u015fmelerin yeni bir d\u00f6nemin haberi olaca\u011f\u0131na inan\u0131yorum. AB de samimi bir \u00f6zele\u015ftiri yapmas\u0131 gerekiyor. AB, hay\u0131r diyen Rum taraf\u0131n\u0131 \u00fcyelikle \u00f6d\u00fcllendirdi. T\u00fcrk taraf\u0131 ile son d\u00f6nemde \u00fcst d\u00fczey hi\u00e7bir temas olmad\u0131.\u00a02021 senesini AB-T\u00fcrkiye ili\u015fkileri a\u00e7\u0131s\u0131ndan ba\u015far\u0131ya tahvil etmek elimizdedir.<\/p>\n<p><strong>&#8220;N\u0130HA\u0130 HEDEF\u0130M\u0130Z TAM \u00dcYEL\u0130K&#8221;<\/strong><\/p>\n<p>Portekiz&#8217;in AB d\u00f6nem ba\u015fkanl\u0131\u011f\u0131nda olumlu ba\u015fl\u0131klarda olumlu gel\u015fime sa\u011flanmas\u0131n\u0131 bekliyoruz. Nihai hedefimiz olan tam \u00fcyelikten hi\u00e7bir zaman vazge\u00e7medik. T\u00fcrkiye AB ailesinde haketti\u011fi yeri almal\u0131. Brexit ile beraber artan belirsizlik ancak T\u00fcrkiye&#8217;nin \u00fcyeli\u011fe al\u0131nmas\u0131yla giderilecektir.\u00a0\u00dclkemizin 60 y\u0131l\u0131 bulan \u00fcyelik s\u00fcreci nas\u0131l bizim i\u00e7in stratejik bir tercihse AB&#8217;nin \u00fclkemizi tam \u00fcyeli\u011fe kabul etmesi de birli\u011fin gelece\u011fi a\u00e7\u0131s\u0131ndan ontolojik bir tercih olacakt\u0131r.<\/p>\n<p><strong>&#8220;AVRUPA&#8217;DAN GEREKL\u0130 DESTE\u011e\u0130 G\u00d6RMED\u0130K&#8221;<\/strong><\/p>\n<p>\u00d6zellikle 15 Temmuz darbe te\u015febb\u00fcs\u00fc ve ter\u00f6rle m\u00fccadelede Avrupa&#8217;dan bekledi\u011fimiz deste\u011fi g\u00f6remedik.\u00a015 Temmuz&#8217;da kimi Avrupal\u0131 siyaset\u00e7iler \u00e7anak tutacak \u015fekilde davran\u0131\u015f sergilediler. Darbeciler Avrupa&#8217;da hi\u00e7bir tahkikata u\u011framadan hayatlar\u0131n\u0131 devam ettiriyorlar.<\/p>\n<p><strong>\u0130SLAMOFOB\u0130 TEPK\u0130S\u0130<\/strong><\/p>\n<p>Avrupal\u0131 dostlar\u0131ma soruyorum; T\u00fcrkiye&#8217;de herhangi bir kiliseye kar\u015f\u0131 bomba veya sald\u0131r\u0131 olmu\u015f mudur? B\u00f6yle bir \u015feye asla m\u00fcsaade etmeyiz. Biz kendi cebimizden restorasyonlar\u0131n\u0131 yapmak suretiyle ibadete a\u00e7\u0131yoruz. \u015eu anda Fransa&#8217;da Almanya&#8217;da M\u00fcsl\u00fcmanlar\u0131n ibadethanelerine yap\u0131lan sald\u0131r\u0131lar\u0131 neyle izah edece\u011fiz? Din adamlar\u0131na y\u00f6nelik sald\u0131r\u0131lar\u0131 neyle izah edece\u011fiz? \u0130slam kar\u015f\u0131tl\u0131\u011f\u0131, Avrupa&#8217;da ya\u015fayan 6 milyona yak\u0131n insan\u0131m\u0131z\u0131n g\u00fcvenli\u011fini tehdit etmenin yan\u0131 s\u0131ra Avrupa de\u011ferleri a\u00e7\u0131s\u0131ndan da b\u00fcy\u00fck bir kara deli\u011fe d\u00f6n\u00fc\u015f\u00fcyor.<\/p>\n<p><strong>&#8220;NATO NEDEN B\u0130Z\u0130 YALNIZ BIRAKTI?&#8221;<\/strong><\/p>\n<p>Ter\u00f6r \u00f6rg\u00fctlerine TIR&#8217;lar dolusu silah ve techizat g\u00f6nderildi. Biz buna ra\u011fmen ter\u00f6rle m\u00fccadeleye devam ettik, ediyoruz. Ter\u00f6rle m\u00fccadelede biz hi\u00e7bir NATO \u00fclkesini yaln\u0131z b\u0131rakmad\u0131\u011f\u0131m\u0131za g\u00f6re acaba neden onlar bizi yaln\u0131z b\u0131rak\u0131yor?&#8221;<\/p>\n<p><em><strong>https:\/\/www.ntv.com.tr\/turkiye\/cumhurbaskani-erdogan-konusuyor-canli,19Ta5sYhbEqvz10KB7o5xA\u00a0<\/strong><\/em><\/p>\n","protected":false},"excerpt":{"rendered":"<p>Avrupa Birli\u011fi \u00fclkeleri b\u00fcy\u00fckel\u00e7ilerine seslenen Cumhurba\u015fkan\u0131 Erdo\u011fan, Do\u011fu Akdeniz&#8217;deki gerilime de\u011findi. &#8220;Yunanistan&#8217;\u0131 gerginli\u011fi art\u0131racak hamlelerden vazge\u00e7meye davet ediyoruz&#8221; diyen Erdo\u011fan, AB&#8217;yi de \u00f6zele\u015ftiri yapmaya \u00e7a\u011f\u0131rd\u0131. AB&#8217;ye tam \u00fcyelik hedefinden hi\u00e7bir zaman vazge\u00e7mediklerini s\u00f6yleyen Erdo\u011fan, &#8220;Brexit ile beraber artan belirsizlik ancak T\u00fcrkiye&#8217;nin Avrupa ailesinde hak etti\u011fi yeri almas\u0131yla giderilebilecektir&#8221; ifadelerini kulland\u0131. Cumhurba\u015fkan\u0131 Recep Tayyip Erdo\u011fan, Avrupa [&hellip;]<\/p>\n","protected":false},"author":7,"featured_media":60899,"comment_status":"open","ping_status":"open","sticky":false,"template":"","format":"standard","meta":{"footnotes":""},"categories":[1],"tags":[],"class_list":["post-60898","post","type-post","status-publish","format-standard","has-post-thumbnail","hentry","category-haberler"],"yoast_head":"<!-- This site is optimized with the Yoast SEO plugin v27.4 - https:\/\/yoast.com\/product\/yoast-seo-wordpress\/ -->\n<title>Cumhurba\u015fkan\u0131 Erdo\u011fan: Brexit belirsizli\u011fi T\u00fcrkiye ile giderilebilir - Bati Ermenistan Ve Bati Ermenileri Sorunlari Ara\u015ftirmalar Merkezi<\/title>\n<meta name=\"robots\" content=\"index, follow, max-snippet:-1, max-image-preview:large, max-video-preview:-1\" \/>\n<link rel=\"canonical\" href=\"https:\/\/akunq.net\/tr\/?p=60898\" \/>\n<meta property=\"og:locale\" content=\"en_US\" \/>\n<meta property=\"og:type\" content=\"article\" \/>\n<meta property=\"og:title\" content=\"Cumhurba\u015fkan\u0131 Erdo\u011fan: Brexit belirsizli\u011fi T\u00fcrkiye ile giderilebilir - Bati Ermenistan Ve Bati Ermenileri Sorunlari Ara\u015ftirmalar Merkezi\" \/>\n<meta property=\"og:description\" content=\"Avrupa Birli\u011fi \u00fclkeleri b\u00fcy\u00fckel\u00e7ilerine seslenen Cumhurba\u015fkan\u0131 Erdo\u011fan, Do\u011fu Akdeniz&#8217;deki gerilime de\u011findi. &#8220;Yunanistan&#8217;\u0131 gerginli\u011fi art\u0131racak hamlelerden vazge\u00e7meye davet ediyoruz&#8221; diyen Erdo\u011fan, AB&#8217;yi de \u00f6zele\u015ftiri yapmaya \u00e7a\u011f\u0131rd\u0131. AB&#8217;ye tam \u00fcyelik hedefinden hi\u00e7bir zaman vazge\u00e7mediklerini s\u00f6yleyen Erdo\u011fan, &#8220;Brexit ile beraber artan belirsizlik ancak T\u00fcrkiye&#8217;nin Avrupa ailesinde hak etti\u011fi yeri almas\u0131yla giderilebilecektir&#8221; ifadelerini kulland\u0131. Cumhurba\u015fkan\u0131 Recep Tayyip Erdo\u011fan, Avrupa [&hellip;]\" \/>\n<meta property=\"og:url\" content=\"https:\/\/akunq.net\/tr\/?p=60898\" \/>\n<meta property=\"og:site_name\" content=\"Bati Ermenistan Ve Bati Ermenileri Sorunlari Ara\u015ftirmalar Merkezi\" \/>\n<meta property=\"article:published_time\" content=\"2021-01-13T06:57:49+00:00\" \/>\n<meta property=\"og:image\" content=\"https:\/\/akunq.net\/tr\/wp-content\/uploads\/sites\/6\/2021\/01\/Brexit-360x210.png\" \/>\n\t<meta property=\"og:image:width\" content=\"360\" \/>\n\t<meta property=\"og:image:height\" content=\"210\" \/>\n\t<meta property=\"og:image:type\" content=\"image\/png\" \/>\n<meta name=\"author\" content=\"admin\" \/>\n<meta name=\"twitter:card\" content=\"summary_large_image\" \/>\n<meta name=\"twitter:label1\" content=\"Written by\" \/>\n\t<meta name=\"twitter:data1\" content=\"admin\" \/>\n\t<meta name=\"twitter:label2\" content=\"Est. reading time\" \/>\n\t<meta name=\"twitter:data2\" content=\"4 minutes\" \/>\n<script type=\"application\/ld+json\" class=\"yoast-schema-graph\">{\"@context\":\"https:\\\/\\\/schema.org\",\"@graph\":[{\"@type\":\"Article\",\"@id\":\"https:\\\/\\\/akunq.net\\\/tr\\\/?p=60898#article\",\"isPartOf\":{\"@id\":\"https:\\\/\\\/akunq.net\\\/tr\\\/?p=60898\"},\"author\":{\"name\":\"admin\",\"@id\":\"https:\\\/\\\/akunq.net\\\/tr\\\/#\\\/schema\\\/person\\\/096f1d38a12cce57fb855b485ed24c9e\"},\"headline\":\"Cumhurba\u015fkan\u0131 Erdo\u011fan: Brexit belirsizli\u011fi T\u00fcrkiye ile giderilebilir\",\"datePublished\":\"2021-01-13T06:57:49+00:00\",\"mainEntityOfPage\":{\"@id\":\"https:\\\/\\\/akunq.net\\\/tr\\\/?p=60898\"},\"wordCount\":722,\"commentCount\":0,\"image\":{\"@id\":\"https:\\\/\\\/akunq.net\\\/tr\\\/?p=60898#primaryimage\"},\"thumbnailUrl\":\"https:\\\/\\\/akunq.net\\\/tr\\\/wp-content\\\/uploads\\\/sites\\\/6\\\/2021\\\/01\\\/Brexit.png\",\"articleSection\":[\"Haberler\"],\"inLanguage\":\"en-US\",\"potentialAction\":[{\"@type\":\"CommentAction\",\"name\":\"Comment\",\"target\":[\"https:\\\/\\\/akunq.net\\\/tr\\\/?p=60898#respond\"]}]},{\"@type\":\"WebPage\",\"@id\":\"https:\\\/\\\/akunq.net\\\/tr\\\/?p=60898\",\"url\":\"https:\\\/\\\/akunq.net\\\/tr\\\/?p=60898\",\"name\":\"Cumhurba\u015fkan\u0131 Erdo\u011fan: Brexit belirsizli\u011fi T\u00fcrkiye ile giderilebilir - Bati Ermenistan Ve Bati Ermenileri Sorunlari Ara\u015ftirmalar Merkezi\",\"isPartOf\":{\"@id\":\"https:\\\/\\\/akunq.net\\\/tr\\\/#website\"},\"primaryImageOfPage\":{\"@id\":\"https:\\\/\\\/akunq.net\\\/tr\\\/?p=60898#primaryimage\"},\"image\":{\"@id\":\"https:\\\/\\\/akunq.net\\\/tr\\\/?p=60898#primaryimage\"},\"thumbnailUrl\":\"https:\\\/\\\/akunq.net\\\/tr\\\/wp-content\\\/uploads\\\/sites\\\/6\\\/2021\\\/01\\\/Brexit.png\",\"datePublished\":\"2021-01-13T06:57:49+00:00\",\"author\":{\"@id\":\"https:\\\/\\\/akunq.net\\\/tr\\\/#\\\/schema\\\/person\\\/096f1d38a12cce57fb855b485ed24c9e\"},\"breadcrumb\":{\"@id\":\"https:\\\/\\\/akunq.net\\\/tr\\\/?p=60898#breadcrumb\"},\"inLanguage\":\"en-US\",\"potentialAction\":[{\"@type\":\"ReadAction\",\"target\":[\"https:\\\/\\\/akunq.net\\\/tr\\\/?p=60898\"]}]},{\"@type\":\"ImageObject\",\"inLanguage\":\"en-US\",\"@id\":\"https:\\\/\\\/akunq.net\\\/tr\\\/?p=60898#primaryimage\",\"url\":\"https:\\\/\\\/akunq.net\\\/tr\\\/wp-content\\\/uploads\\\/sites\\\/6\\\/2021\\\/01\\\/Brexit.png\",\"contentUrl\":\"https:\\\/\\\/akunq.net\\\/tr\\\/wp-content\\\/uploads\\\/sites\\\/6\\\/2021\\\/01\\\/Brexit.png\",\"width\":1550,\"height\":905},{\"@type\":\"BreadcrumbList\",\"@id\":\"https:\\\/\\\/akunq.net\\\/tr\\\/?p=60898#breadcrumb\",\"itemListElement\":[{\"@type\":\"ListItem\",\"position\":1,\"name\":\"Home\",\"item\":\"https:\\\/\\\/akunq.net\\\/tr\"},{\"@type\":\"ListItem\",\"position\":2,\"name\":\"Cumhurba\u015fkan\u0131 Erdo\u011fan: Brexit belirsizli\u011fi T\u00fcrkiye ile giderilebilir\"}]},{\"@type\":\"WebSite\",\"@id\":\"https:\\\/\\\/akunq.net\\\/tr\\\/#website\",\"url\":\"https:\\\/\\\/akunq.net\\\/tr\\\/\",\"name\":\"Bati Ermenistan Ve Bati Ermenileri Sorunlari Ara\u015ftirmalar Merkezi\",\"description\":\"\",\"potentialAction\":[{\"@type\":\"SearchAction\",\"target\":{\"@type\":\"EntryPoint\",\"urlTemplate\":\"https:\\\/\\\/akunq.net\\\/tr\\\/?s={search_term_string}\"},\"query-input\":{\"@type\":\"PropertyValueSpecification\",\"valueRequired\":true,\"valueName\":\"search_term_string\"}}],\"inLanguage\":\"en-US\"},{\"@type\":\"Person\",\"@id\":\"https:\\\/\\\/akunq.net\\\/tr\\\/#\\\/schema\\\/person\\\/096f1d38a12cce57fb855b485ed24c9e\",\"name\":\"admin\",\"url\":\"https:\\\/\\\/akunq.net\\\/tr\\\/?author=7\"}]}<\/script>\n<!-- \/ Yoast SEO plugin. -->","yoast_head_json":{"title":"Cumhurba\u015fkan\u0131 Erdo\u011fan: Brexit belirsizli\u011fi T\u00fcrkiye ile giderilebilir - Bati Ermenistan Ve Bati Ermenileri Sorunlari Ara\u015ftirmalar Merkezi","robots":{"index":"index","follow":"follow","max-snippet":"max-snippet:-1","max-image-preview":"max-image-preview:large","max-video-preview":"max-video-preview:-1"},"canonical":"https:\/\/akunq.net\/tr\/?p=60898","og_locale":"en_US","og_type":"article","og_title":"Cumhurba\u015fkan\u0131 Erdo\u011fan: Brexit belirsizli\u011fi T\u00fcrkiye ile giderilebilir - Bati Ermenistan Ve Bati Ermenileri Sorunlari Ara\u015ftirmalar Merkezi","og_description":"Avrupa Birli\u011fi \u00fclkeleri b\u00fcy\u00fckel\u00e7ilerine seslenen Cumhurba\u015fkan\u0131 Erdo\u011fan, Do\u011fu Akdeniz&#8217;deki gerilime de\u011findi. &#8220;Yunanistan&#8217;\u0131 gerginli\u011fi art\u0131racak hamlelerden vazge\u00e7meye davet ediyoruz&#8221; diyen Erdo\u011fan, AB&#8217;yi de \u00f6zele\u015ftiri yapmaya \u00e7a\u011f\u0131rd\u0131. AB&#8217;ye tam \u00fcyelik hedefinden hi\u00e7bir zaman vazge\u00e7mediklerini s\u00f6yleyen Erdo\u011fan, &#8220;Brexit ile beraber artan belirsizlik ancak T\u00fcrkiye&#8217;nin Avrupa ailesinde hak etti\u011fi yeri almas\u0131yla giderilebilecektir&#8221; ifadelerini kulland\u0131. Cumhurba\u015fkan\u0131 Recep Tayyip Erdo\u011fan, Avrupa [&hellip;]","og_url":"https:\/\/akunq.net\/tr\/?p=60898","og_site_name":"Bati Ermenistan Ve Bati Ermenileri Sorunlari Ara\u015ftirmalar Merkezi","article_published_time":"2021-01-13T06:57:49+00:00","og_image":[{"width":360,"height":210,"url":"https:\/\/akunq.net\/tr\/wp-content\/uploads\/sites\/6\/2021\/01\/Brexit-360x210.png","type":"image\/png"}],"author":"admin","twitter_card":"summary_large_image","twitter_misc":{"Written by":"admin","Est. reading time":"4 minutes"},"schema":{"@context":"https:\/\/schema.org","@graph":[{"@type":"Article","@id":"https:\/\/akunq.net\/tr\/?p=60898#article","isPartOf":{"@id":"https:\/\/akunq.net\/tr\/?p=60898"},"author":{"name":"admin","@id":"https:\/\/akunq.net\/tr\/#\/schema\/person\/096f1d38a12cce57fb855b485ed24c9e"},"headline":"Cumhurba\u015fkan\u0131 Erdo\u011fan: Brexit belirsizli\u011fi T\u00fcrkiye ile giderilebilir","datePublished":"2021-01-13T06:57:49+00:00","mainEntityOfPage":{"@id":"https:\/\/akunq.net\/tr\/?p=60898"},"wordCount":722,"commentCount":0,"image":{"@id":"https:\/\/akunq.net\/tr\/?p=60898#primaryimage"},"thumbnailUrl":"https:\/\/akunq.net\/tr\/wp-content\/uploads\/sites\/6\/2021\/01\/Brexit.png","articleSection":["Haberler"],"inLanguage":"en-US","potentialAction":[{"@type":"CommentAction","name":"Comment","target":["https:\/\/akunq.net\/tr\/?p=60898#respond"]}]},{"@type":"WebPage","@id":"https:\/\/akunq.net\/tr\/?p=60898","url":"https:\/\/akunq.net\/tr\/?p=60898","name":"Cumhurba\u015fkan\u0131 Erdo\u011fan: Brexit belirsizli\u011fi T\u00fcrkiye ile giderilebilir - Bati Ermenistan Ve Bati Ermenileri Sorunlari Ara\u015ftirmalar Merkezi","isPartOf":{"@id":"https:\/\/akunq.net\/tr\/#website"},"primaryImageOfPage":{"@id":"https:\/\/akunq.net\/tr\/?p=60898#primaryimage"},"image":{"@id":"https:\/\/akunq.net\/tr\/?p=60898#primaryimage"},"thumbnailUrl":"https:\/\/akunq.net\/tr\/wp-content\/uploads\/sites\/6\/2021\/01\/Brexit.png","datePublished":"2021-01-13T06:57:49+00:00","author":{"@id":"https:\/\/akunq.net\/tr\/#\/schema\/person\/096f1d38a12cce57fb855b485ed24c9e"},"breadcrumb":{"@id":"https:\/\/akunq.net\/tr\/?p=60898#breadcrumb"},"inLanguage":"en-US","potentialAction":[{"@type":"ReadAction","target":["https:\/\/akunq.net\/tr\/?p=60898"]}]},{"@type":"ImageObject","inLanguage":"en-US","@id":"https:\/\/akunq.net\/tr\/?p=60898#primaryimage","url":"https:\/\/akunq.net\/tr\/wp-content\/uploads\/sites\/6\/2021\/01\/Brexit.png","contentUrl":"https:\/\/akunq.net\/tr\/wp-content\/uploads\/sites\/6\/2021\/01\/Brexit.png","width":1550,"height":905},{"@type":"BreadcrumbList","@id":"https:\/\/akunq.net\/tr\/?p=60898#breadcrumb","itemListElement":[{"@type":"ListItem","position":1,"name":"Home","item":"https:\/\/akunq.net\/tr"},{"@type":"ListItem","position":2,"name":"Cumhurba\u015fkan\u0131 Erdo\u011fan: Brexit belirsizli\u011fi T\u00fcrkiye ile giderilebilir"}]},{"@type":"WebSite","@id":"https:\/\/akunq.net\/tr\/#website","url":"https:\/\/akunq.net\/tr\/","name":"Bati Ermenistan Ve Bati Ermenileri Sorunlari Ara\u015ftirmalar Merkezi","description":"","potentialAction":[{"@type":"SearchAction","target":{"@type":"EntryPoint","urlTemplate":"https:\/\/akunq.net\/tr\/?s={search_term_string}"},"query-input":{"@type":"PropertyValueSpecification","valueRequired":true,"valueName":"search_term_string"}}],"inLanguage":"en-US"},{"@type":"Person","@id":"https:\/\/akunq.net\/tr\/#\/schema\/person\/096f1d38a12cce57fb855b485ed24c9e","name":"admin","url":"https:\/\/akunq.net\/tr\/?author=7"}]}},"_links":{"self":[{"href":"https:\/\/akunq.net\/tr\/index.php?rest_route=\/wp\/v2\/posts\/60898","targetHints":{"allow":["GET"]}}],"collection":[{"href":"https:\/\/akunq.net\/tr\/index.php?rest_route=\/wp\/v2\/posts"}],"about":[{"href":"https:\/\/akunq.net\/tr\/index.php?rest_route=\/wp\/v2\/types\/post"}],"author":[{"embeddable":true,"href":"https:\/\/akunq.net\/tr\/index.php?rest_route=\/wp\/v2\/users\/7"}],"replies":[{"embeddable":true,"href":"https:\/\/akunq.net\/tr\/index.php?rest_route=%2Fwp%2Fv2%2Fcomments&post=60898"}],"version-history":[{"count":1,"href":"https:\/\/akunq.net\/tr\/index.php?rest_route=\/wp\/v2\/posts\/60898\/revisions"}],"predecessor-version":[{"id":60900,"href":"https:\/\/akunq.net\/tr\/index.php?rest_route=\/wp\/v2\/posts\/60898\/revisions\/60900"}],"wp:featuredmedia":[{"embeddable":true,"href":"https:\/\/akunq.net\/tr\/index.php?rest_route=\/wp\/v2\/media\/60899"}],"wp:attachment":[{"href":"https:\/\/akunq.net\/tr\/index.php?rest_route=%2Fwp%2Fv2%2Fmedia&parent=60898"}],"wp:term":[{"taxonomy":"category","embeddable":true,"href":"https:\/\/akunq.net\/tr\/index.php?rest_route=%2Fwp%2Fv2%2Fcategories&post=60898"},{"taxonomy":"post_tag","embeddable":true,"href":"https:\/\/akunq.net\/tr\/index.php?rest_route=%2Fwp%2Fv2%2Ftags&post=60898"}],"curies":[{"name":"wp","href":"https:\/\/api.w.org\/{rel}","templated":true}]}}