{"id":60888,"date":"2021-01-12T03:23:59","date_gmt":"2021-01-12T08:23:59","guid":{"rendered":"https:\/\/akunq.net\/tr\/?p=60888"},"modified":"2021-01-12T03:23:59","modified_gmt":"2021-01-12T08:23:59","slug":"icimizdeki-kara-delik","status":"publish","type":"post","link":"https:\/\/akunq.net\/tr\/?p=60888","title":{"rendered":"\u0130\u00e7imizdeki kara delik"},"content":{"rendered":"<p><img loading=\"lazy\" decoding=\"async\" class=\"aligncenter size-medium wp-image-60889\" src=\"https:\/\/akunq.net\/tr\/wp-content\/uploads\/2021\/01\/\u0130\u00e7imizdeki-kara-delik-360x188.jpg\" alt=\"\" width=\"360\" height=\"188\" srcset=\"https:\/\/akunq.net\/tr\/wp-content\/uploads\/sites\/6\/2021\/01\/\u0130\u00e7imizdeki-kara-delik-360x188.jpg 360w, https:\/\/akunq.net\/tr\/wp-content\/uploads\/sites\/6\/2021\/01\/\u0130\u00e7imizdeki-kara-delik-768x402.jpg 768w, https:\/\/akunq.net\/tr\/wp-content\/uploads\/sites\/6\/2021\/01\/\u0130\u00e7imizdeki-kara-delik-560x293.jpg 560w, https:\/\/akunq.net\/tr\/wp-content\/uploads\/sites\/6\/2021\/01\/\u0130\u00e7imizdeki-kara-delik-260x136.jpg 260w, https:\/\/akunq.net\/tr\/wp-content\/uploads\/sites\/6\/2021\/01\/\u0130\u00e7imizdeki-kara-delik-160x84.jpg 160w, https:\/\/akunq.net\/tr\/wp-content\/uploads\/sites\/6\/2021\/01\/\u0130\u00e7imizdeki-kara-delik.jpg 1200w\" sizes=\"auto, (max-width: 360px) 100vw, 360px\" \/><\/p>\n<p class=\"post-title\"><strong>Rag\u0131p Zarakolu<\/strong><\/p>\n<p><em><strong>O\u015fin \u00c7ilingir\u2019in Aras yay\u0131nlar\u0131ndan \u00e7\u0131kan \u201c\u0130\u00e7imizdeki Kara Delik\u201dten daha iyi bir niteleme olabilir mi, titan devletin ard\u0131nda b\u0131rakt\u0131\u011f\u0131 a\u00e7\u0131k yaralar i\u00e7in.<\/strong><\/em><\/p>\n<p>Kurbans\u0131z yapamayan, dinsel kurban rit\u00fceli ile yetinmeyen zorba bir devlet.<\/p>\n<p>\u0130brahim, o\u011flu \u0130smail\u2019i kurban etmek istedi Tanr\u0131\u2019ya.<\/p>\n<p>Yok! Dedi Tanr\u0131. Bu \u00e7ok fazla! Takdir ediyorum bana olan ba\u011fl\u0131l\u0131\u011f\u0131n\u0131. Kan\u0131tlad\u0131n bunu, o\u011flunu kurban etmene gerek yok! Ve en bar\u0131\u015f\u00e7\u0131l hayvan\u0131 indirdi g\u00f6ky\u00fcz\u00fcnden.<\/p>\n<p>Ama titan devlet, yetinmedi bununla, pe\u015f pe\u015fe, farkl\u0131 olan halklar\u0131, gruplar\u0131, ku\u015faklar\u0131 kurbanla\u015ft\u0131rd\u0131\u2026<\/p>\n<p>Gen\u00e7 kan\u0131 ak\u0131tmaya doymad\u0131.<\/p>\n<p>2015 y\u0131l\u0131nda Ermeni halk\u0131n\u0131n yitik insanlar\u0131, ya\u015fl\u0131s\u0131 genci, kad\u0131n\u0131 erke\u011fi, \u00e7ocu\u011fu genci bir ikonada kutsand\u0131. Kurban de\u011fil martir\/\u015fehit ilan olundu.<\/p>\n<p>Hani, Sarkis Dayday\u2019\u0131n dillendirdi\u011fi gibi, tehcir t\u00fcrk\u00fclerinden dolay\u0131:<\/p>\n<p>\u201cDini u\u011fruna giden Ermeni\u201d\u2026<\/p>\n<p>Yal\u00e7\u0131n \/ O\u015fin \u00c7ilingir\u2019i yitirdik bedensel olarak, ama an\u0131s\u0131 bizimle ya\u015fayacak hep.<\/p>\n<p>Onu 1972 aral\u0131\u011f\u0131nda ilk tan\u0131d\u0131\u011f\u0131mda sadece Yal\u00e7\u0131n\u2019d\u0131. Selimiye\u2019nin temerk\u00fcz kamp\u0131 tarz\u0131nda olu\u015fturulan, \u00f6zel ah\u0131r ko\u011fu\u015flar\u0131nda. T\u00fcr\u00fcn \u00f6zel olarak haz\u0131rlatm\u0131\u015ft\u0131, K\u0131z\u0131ldere sonras\u0131 operasyonlardan sonra.<\/p>\n<p>NATO Generali Faik T\u00fcr\u00fcn, Kore sava\u015f\u0131na kat\u0131lm\u0131\u015f, en militan antikom\u00fcnist subaylardan biri idi.<\/p>\n<p>Zaten bunun i\u00e7in s\u00f6zde darbe ma\u011fduru Demirel\u2019in partisi AP\u2019den mebus se\u00e7ilecekti.<\/p>\n<p>Milliyet\u00e7i Cephenin k\u00fc\u00e7\u00fck ama g\u00fc\u00e7l\u00fc payandas\u0131 ise yine bir ba\u015fka eski zabitin, T\u00fcrke\u015f Albay\u0131n MHP\u2019si idi. ABD\u2019de \u00f6zel e\u011fitimden ge\u00e7en zabitlerden biri idi.<\/p>\n<p>1944 y\u0131l\u0131nda Nazi Almanyas\u0131 yanl\u0131lar\u0131 olarak g\u00f6zalt\u0131na al\u0131nacaklard\u0131 ama, bu askeriyeden at\u0131lmas\u0131 i\u00e7in bir neden olmayacakt\u0131 Milli \u015eef i\u00e7in.<\/p>\n<p>Albay T\u00fcrke\u015f, 27 May\u0131s darbesinin g\u00fc\u00e7l\u00fc sesiydi. Ama 27 May\u0131s\u2019tan sonra bir darbe daha ya\u015fand\u0131. Cuntan\u0131n 14 \u00fcyesi tasfiye edildi ve \u00fclke d\u0131\u015f\u0131 s\u00fcrg\u00fcne yolland\u0131.<\/p>\n<p>Darbe i\u00e7i darbe\u2026 Ayn\u0131 9 Mart\/12 Mart i\u00e7 i\u00e7e darbesi gibi.<\/p>\n<p>Ayn\u0131 15\/16 Temmuz i\u00e7 i\u00e7e darbesi gibi\u2026<\/p>\n<p>14\u2019ler, cunta y\u00f6netiminin devam\u0131ndan yanayd\u0131, cunta \u00e7o\u011funlu\u011fu ise iktidar\u0131n CHP\u2019ye tesliminden.<\/p>\n<p>Ama 14\u2019lerin i\u00e7inde de farkl\u0131 farkl\u0131 y\u00f6nelimler vard\u0131. Kimi T\u00fcrk Baas\u2019\u0131 pe\u015finde, kimisi Turan hayali pe\u015finde. Onlardan bir tanesi ise, T\u0130P a\u00e7\u0131ld\u0131ktan sonra ona y\u00f6nelecek, hatta Denizli\u2019den T\u0130P mebusu olacakt\u0131. Tank Binba\u015f\u0131s\u0131 Muzaffer Karan. S\u00fcrg\u00fcnde onun pay\u0131na Oslo d\u00fc\u015fecekti.<\/p>\n<p>Muzaffer Karan, 2006 y\u0131l\u0131nda 90 ya\u015f\u0131nda \u00f6ld\u00fc.<\/p>\n<p>Yal\u00e7\u0131n \u00c7ilingir, 1972 y\u0131l\u0131nda Muzaffer Karan ile mektupla\u015fmalar\u0131ndan dolay\u0131 tutuklanm\u0131\u015ft\u0131.<\/p>\n<p>Mektup ile \u00f6rg\u00fct kurmak iddias\u0131 12 Mart s\u0131k\u0131y\u00f6netiminin en ilgin\u00e7 dosyalar\u0131ndan biri olacakt\u0131.<\/p>\n<p>Yal\u00e7\u0131n, e\u015fi ve e\u015finin mektupla\u015fmalar\u0131.<\/p>\n<ol>\n<li>ko\u011fu\u015fta, Yal\u00e7\u0131n \u00c7ilingir, Oktay Etiman, Muzaffer Oru\u00e7o\u011flu, Emin Karaca, THKO\u2019dan Osman Bahad\u0131r, Rasih Nuri \u0130leri ve Mihri Belli\u2019ci 16 Haziranc\u0131lar, TKPC\/\u0130\u015f\u00e7i kesimi davas\u0131 san\u0131klar\u0131 birlikte kalm\u0131\u015ft\u0131k.<\/li>\n<\/ol>\n<p>\u0130ki katl\u0131 tek bir ranza vard\u0131, duvar boyu, ah\u015fap, temerk\u00fcz kamplar\u0131ndakini and\u0131ran. Di\u011fer ko\u011fu\u015flar ile mutlak tecrit vard\u0131. Kom\u015fu 6. ko\u011fu\u015fta ise \u0130daml\u0131klar kal\u0131yordu, Parti\/Cephenin a\u011f\u0131r toplar\u0131.<\/p>\n<p>Ko\u011fu\u015flarda ciddi i\u015fkence sonras\u0131 sendromlar\u0131 ya\u015fan\u0131yordu. Bizim 5. ko\u011fu\u015f en kolay ba\u015f etti bu sendromlarla, belki de emek\u00e7i a\u011f\u0131rl\u0131\u011f\u0131ndan dolay\u0131.<\/p>\n<p>Kalanlar do\u011frudan Ziverbey \u00f6zel sorgu merkezinden geliyor, Selimiye\u2019de \u00f6zel tecrit h\u00fccrelerine al\u0131n\u0131yor, daha sonra tecrit ko\u011fu\u015flar\u0131na aktar\u0131l\u0131yorlard\u0131.<\/p>\n<p>Yal\u00e7\u0131n ile epey \u015fakala\u015fm\u0131\u015ft\u0131k, mektupla 3 ki\u015filik \u00f6rg\u00fct iddias\u0131ndan dolay\u0131.<\/p>\n<p>Hey gidi Selimiye Zindan\u0131 5. Ko\u011fu\u015f!<\/p>\n<p>Yal\u00e7\u0131n\u2019la yolumuz daha sonra 1980 y\u0131l\u0131nda Demokrat gazetesinde kesi\u015fecekti. Ay\u015fe Nur ile Yal\u00e7\u0131n, Hrant Dink ve karde\u015flerinin iki k\u0131tada kitap\u00e7\u0131 d\u00fckkan\u0131 a\u00e7mas\u0131na yard\u0131mc\u0131 olacakt\u0131. 1982 olmal\u0131.<\/p>\n<p>Ve sonra yolumuz Aras Yay\u0131nlar\u0131 ile AGOS\u2019ta kesi\u015fecekti. Vicdan\u0131n yolu bir! Bence ak\u0131l kadar \u00f6nemli.<\/p>\n<p>Dkranekertli, T\u0131bravankl\u0131 O\u015fin T\u00fcrk\u00e7eyi yaz\u0131n dili olarak en iyi kullananlard\u0131.<\/p>\n<p>Ke\u015fke Ayr\u0131nt\u0131 Yay\u0131nlar\u0131, Demokrat\u2019ta \u00e7\u0131kan harika yaz\u0131lar\u0131n\u0131 kitapla\u015ft\u0131rsa.<\/p>\n<hr \/>\n<p><em><strong><a href=\"https:\/\/www.evrensel.net\/yazi\/87935\/icimizdeki-kara-delik\">https:\/\/www.evrensel.net\/yazi\/87935\/icimizdeki-kara-delik<\/a><\/strong><\/em><\/p>\n<p>&nbsp;<\/p>\n","protected":false},"excerpt":{"rendered":"<p>Rag\u0131p Zarakolu O\u015fin \u00c7ilingir\u2019in Aras yay\u0131nlar\u0131ndan \u00e7\u0131kan \u201c\u0130\u00e7imizdeki Kara Delik\u201dten daha iyi bir niteleme olabilir mi, titan devletin ard\u0131nda b\u0131rakt\u0131\u011f\u0131 a\u00e7\u0131k yaralar i\u00e7in. Kurbans\u0131z yapamayan, dinsel kurban rit\u00fceli ile yetinmeyen zorba bir devlet. \u0130brahim, o\u011flu \u0130smail\u2019i kurban etmek istedi Tanr\u0131\u2019ya. Yok! Dedi Tanr\u0131. Bu \u00e7ok fazla! Takdir ediyorum bana olan ba\u011fl\u0131l\u0131\u011f\u0131n\u0131. Kan\u0131tlad\u0131n bunu, o\u011flunu kurban [&hellip;]<\/p>\n","protected":false},"author":7,"featured_media":60889,"comment_status":"open","ping_status":"open","sticky":false,"template":"","format":"standard","meta":{"footnotes":""},"categories":[1,70,20],"tags":[],"class_list":["post-60888","post","type-post","status-publish","format-standard","has-post-thumbnail","hentry","category-haberler","category-makaleler","category-tarih-sayfalari"],"yoast_head":"<!-- This site is optimized with the Yoast SEO plugin v27.4 - https:\/\/yoast.com\/product\/yoast-seo-wordpress\/ -->\n<title>\u0130\u00e7imizdeki kara delik - Bati Ermenistan Ve Bati Ermenileri Sorunlari Ara\u015ftirmalar Merkezi<\/title>\n<meta name=\"robots\" content=\"index, follow, max-snippet:-1, max-image-preview:large, max-video-preview:-1\" \/>\n<link rel=\"canonical\" href=\"https:\/\/akunq.net\/tr\/?p=60888\" \/>\n<meta property=\"og:locale\" content=\"en_US\" \/>\n<meta property=\"og:type\" content=\"article\" \/>\n<meta property=\"og:title\" content=\"\u0130\u00e7imizdeki kara delik - Bati Ermenistan Ve Bati Ermenileri Sorunlari Ara\u015ftirmalar Merkezi\" \/>\n<meta property=\"og:description\" content=\"Rag\u0131p Zarakolu O\u015fin \u00c7ilingir\u2019in Aras yay\u0131nlar\u0131ndan \u00e7\u0131kan \u201c\u0130\u00e7imizdeki Kara Delik\u201dten daha iyi bir niteleme olabilir mi, titan devletin ard\u0131nda b\u0131rakt\u0131\u011f\u0131 a\u00e7\u0131k yaralar i\u00e7in. Kurbans\u0131z yapamayan, dinsel kurban rit\u00fceli ile yetinmeyen zorba bir devlet. \u0130brahim, o\u011flu \u0130smail\u2019i kurban etmek istedi Tanr\u0131\u2019ya. Yok! Dedi Tanr\u0131. Bu \u00e7ok fazla! Takdir ediyorum bana olan ba\u011fl\u0131l\u0131\u011f\u0131n\u0131. Kan\u0131tlad\u0131n bunu, o\u011flunu kurban [&hellip;]\" \/>\n<meta property=\"og:url\" content=\"https:\/\/akunq.net\/tr\/?p=60888\" \/>\n<meta property=\"og:site_name\" content=\"Bati Ermenistan Ve Bati Ermenileri Sorunlari Ara\u015ftirmalar Merkezi\" \/>\n<meta property=\"article:published_time\" content=\"2021-01-12T08:23:59+00:00\" \/>\n<meta property=\"og:image\" content=\"https:\/\/akunq.net\/tr\/wp-content\/uploads\/sites\/6\/2021\/01\/\u0130\u00e7imizdeki-kara-delik.jpg\" \/>\n\t<meta property=\"og:image:width\" content=\"1200\" \/>\n\t<meta property=\"og:image:height\" content=\"628\" \/>\n\t<meta property=\"og:image:type\" content=\"image\/jpeg\" \/>\n<meta name=\"author\" content=\"admin\" \/>\n<meta name=\"twitter:card\" content=\"summary_large_image\" \/>\n<meta name=\"twitter:label1\" content=\"Written by\" \/>\n\t<meta name=\"twitter:data1\" content=\"admin\" \/>\n\t<meta name=\"twitter:label2\" content=\"Est. reading time\" \/>\n\t<meta name=\"twitter:data2\" content=\"4 minutes\" \/>\n<script type=\"application\/ld+json\" class=\"yoast-schema-graph\">{\"@context\":\"https:\\\/\\\/schema.org\",\"@graph\":[{\"@type\":\"Article\",\"@id\":\"https:\\\/\\\/akunq.net\\\/tr\\\/?p=60888#article\",\"isPartOf\":{\"@id\":\"https:\\\/\\\/akunq.net\\\/tr\\\/?p=60888\"},\"author\":{\"name\":\"admin\",\"@id\":\"https:\\\/\\\/akunq.net\\\/tr\\\/#\\\/schema\\\/person\\\/096f1d38a12cce57fb855b485ed24c9e\"},\"headline\":\"\u0130\u00e7imizdeki kara delik\",\"datePublished\":\"2021-01-12T08:23:59+00:00\",\"mainEntityOfPage\":{\"@id\":\"https:\\\/\\\/akunq.net\\\/tr\\\/?p=60888\"},\"wordCount\":734,\"commentCount\":0,\"image\":{\"@id\":\"https:\\\/\\\/akunq.net\\\/tr\\\/?p=60888#primaryimage\"},\"thumbnailUrl\":\"https:\\\/\\\/akunq.net\\\/tr\\\/wp-content\\\/uploads\\\/sites\\\/6\\\/2021\\\/01\\\/\u0130\u00e7imizdeki-kara-delik.jpg\",\"articleSection\":[\"Haberler\",\"Makaleler\",\"Tarih Sayfalar\u0131\"],\"inLanguage\":\"en-US\",\"potentialAction\":[{\"@type\":\"CommentAction\",\"name\":\"Comment\",\"target\":[\"https:\\\/\\\/akunq.net\\\/tr\\\/?p=60888#respond\"]}]},{\"@type\":\"WebPage\",\"@id\":\"https:\\\/\\\/akunq.net\\\/tr\\\/?p=60888\",\"url\":\"https:\\\/\\\/akunq.net\\\/tr\\\/?p=60888\",\"name\":\"\u0130\u00e7imizdeki kara delik - Bati Ermenistan Ve Bati Ermenileri Sorunlari Ara\u015ftirmalar Merkezi\",\"isPartOf\":{\"@id\":\"https:\\\/\\\/akunq.net\\\/tr\\\/#website\"},\"primaryImageOfPage\":{\"@id\":\"https:\\\/\\\/akunq.net\\\/tr\\\/?p=60888#primaryimage\"},\"image\":{\"@id\":\"https:\\\/\\\/akunq.net\\\/tr\\\/?p=60888#primaryimage\"},\"thumbnailUrl\":\"https:\\\/\\\/akunq.net\\\/tr\\\/wp-content\\\/uploads\\\/sites\\\/6\\\/2021\\\/01\\\/\u0130\u00e7imizdeki-kara-delik.jpg\",\"datePublished\":\"2021-01-12T08:23:59+00:00\",\"author\":{\"@id\":\"https:\\\/\\\/akunq.net\\\/tr\\\/#\\\/schema\\\/person\\\/096f1d38a12cce57fb855b485ed24c9e\"},\"breadcrumb\":{\"@id\":\"https:\\\/\\\/akunq.net\\\/tr\\\/?p=60888#breadcrumb\"},\"inLanguage\":\"en-US\",\"potentialAction\":[{\"@type\":\"ReadAction\",\"target\":[\"https:\\\/\\\/akunq.net\\\/tr\\\/?p=60888\"]}]},{\"@type\":\"ImageObject\",\"inLanguage\":\"en-US\",\"@id\":\"https:\\\/\\\/akunq.net\\\/tr\\\/?p=60888#primaryimage\",\"url\":\"https:\\\/\\\/akunq.net\\\/tr\\\/wp-content\\\/uploads\\\/sites\\\/6\\\/2021\\\/01\\\/\u0130\u00e7imizdeki-kara-delik.jpg\",\"contentUrl\":\"https:\\\/\\\/akunq.net\\\/tr\\\/wp-content\\\/uploads\\\/sites\\\/6\\\/2021\\\/01\\\/\u0130\u00e7imizdeki-kara-delik.jpg\",\"width\":1200,\"height\":628},{\"@type\":\"BreadcrumbList\",\"@id\":\"https:\\\/\\\/akunq.net\\\/tr\\\/?p=60888#breadcrumb\",\"itemListElement\":[{\"@type\":\"ListItem\",\"position\":1,\"name\":\"Home\",\"item\":\"https:\\\/\\\/akunq.net\\\/tr\"},{\"@type\":\"ListItem\",\"position\":2,\"name\":\"\u0130\u00e7imizdeki kara delik\"}]},{\"@type\":\"WebSite\",\"@id\":\"https:\\\/\\\/akunq.net\\\/tr\\\/#website\",\"url\":\"https:\\\/\\\/akunq.net\\\/tr\\\/\",\"name\":\"Bati Ermenistan Ve Bati Ermenileri Sorunlari Ara\u015ftirmalar Merkezi\",\"description\":\"\",\"potentialAction\":[{\"@type\":\"SearchAction\",\"target\":{\"@type\":\"EntryPoint\",\"urlTemplate\":\"https:\\\/\\\/akunq.net\\\/tr\\\/?s={search_term_string}\"},\"query-input\":{\"@type\":\"PropertyValueSpecification\",\"valueRequired\":true,\"valueName\":\"search_term_string\"}}],\"inLanguage\":\"en-US\"},{\"@type\":\"Person\",\"@id\":\"https:\\\/\\\/akunq.net\\\/tr\\\/#\\\/schema\\\/person\\\/096f1d38a12cce57fb855b485ed24c9e\",\"name\":\"admin\",\"url\":\"https:\\\/\\\/akunq.net\\\/tr\\\/?author=7\"}]}<\/script>\n<!-- \/ Yoast SEO plugin. -->","yoast_head_json":{"title":"\u0130\u00e7imizdeki kara delik - Bati Ermenistan Ve Bati Ermenileri Sorunlari Ara\u015ftirmalar Merkezi","robots":{"index":"index","follow":"follow","max-snippet":"max-snippet:-1","max-image-preview":"max-image-preview:large","max-video-preview":"max-video-preview:-1"},"canonical":"https:\/\/akunq.net\/tr\/?p=60888","og_locale":"en_US","og_type":"article","og_title":"\u0130\u00e7imizdeki kara delik - Bati Ermenistan Ve Bati Ermenileri Sorunlari Ara\u015ftirmalar Merkezi","og_description":"Rag\u0131p Zarakolu O\u015fin \u00c7ilingir\u2019in Aras yay\u0131nlar\u0131ndan \u00e7\u0131kan \u201c\u0130\u00e7imizdeki Kara Delik\u201dten daha iyi bir niteleme olabilir mi, titan devletin ard\u0131nda b\u0131rakt\u0131\u011f\u0131 a\u00e7\u0131k yaralar i\u00e7in. Kurbans\u0131z yapamayan, dinsel kurban rit\u00fceli ile yetinmeyen zorba bir devlet. \u0130brahim, o\u011flu \u0130smail\u2019i kurban etmek istedi Tanr\u0131\u2019ya. Yok! Dedi Tanr\u0131. Bu \u00e7ok fazla! Takdir ediyorum bana olan ba\u011fl\u0131l\u0131\u011f\u0131n\u0131. Kan\u0131tlad\u0131n bunu, o\u011flunu kurban [&hellip;]","og_url":"https:\/\/akunq.net\/tr\/?p=60888","og_site_name":"Bati Ermenistan Ve Bati Ermenileri Sorunlari Ara\u015ftirmalar Merkezi","article_published_time":"2021-01-12T08:23:59+00:00","og_image":[{"width":1200,"height":628,"url":"https:\/\/akunq.net\/tr\/wp-content\/uploads\/sites\/6\/2021\/01\/\u0130\u00e7imizdeki-kara-delik.jpg","type":"image\/jpeg"}],"author":"admin","twitter_card":"summary_large_image","twitter_misc":{"Written by":"admin","Est. reading time":"4 minutes"},"schema":{"@context":"https:\/\/schema.org","@graph":[{"@type":"Article","@id":"https:\/\/akunq.net\/tr\/?p=60888#article","isPartOf":{"@id":"https:\/\/akunq.net\/tr\/?p=60888"},"author":{"name":"admin","@id":"https:\/\/akunq.net\/tr\/#\/schema\/person\/096f1d38a12cce57fb855b485ed24c9e"},"headline":"\u0130\u00e7imizdeki kara delik","datePublished":"2021-01-12T08:23:59+00:00","mainEntityOfPage":{"@id":"https:\/\/akunq.net\/tr\/?p=60888"},"wordCount":734,"commentCount":0,"image":{"@id":"https:\/\/akunq.net\/tr\/?p=60888#primaryimage"},"thumbnailUrl":"https:\/\/akunq.net\/tr\/wp-content\/uploads\/sites\/6\/2021\/01\/\u0130\u00e7imizdeki-kara-delik.jpg","articleSection":["Haberler","Makaleler","Tarih Sayfalar\u0131"],"inLanguage":"en-US","potentialAction":[{"@type":"CommentAction","name":"Comment","target":["https:\/\/akunq.net\/tr\/?p=60888#respond"]}]},{"@type":"WebPage","@id":"https:\/\/akunq.net\/tr\/?p=60888","url":"https:\/\/akunq.net\/tr\/?p=60888","name":"\u0130\u00e7imizdeki kara delik - Bati Ermenistan Ve Bati Ermenileri Sorunlari Ara\u015ftirmalar Merkezi","isPartOf":{"@id":"https:\/\/akunq.net\/tr\/#website"},"primaryImageOfPage":{"@id":"https:\/\/akunq.net\/tr\/?p=60888#primaryimage"},"image":{"@id":"https:\/\/akunq.net\/tr\/?p=60888#primaryimage"},"thumbnailUrl":"https:\/\/akunq.net\/tr\/wp-content\/uploads\/sites\/6\/2021\/01\/\u0130\u00e7imizdeki-kara-delik.jpg","datePublished":"2021-01-12T08:23:59+00:00","author":{"@id":"https:\/\/akunq.net\/tr\/#\/schema\/person\/096f1d38a12cce57fb855b485ed24c9e"},"breadcrumb":{"@id":"https:\/\/akunq.net\/tr\/?p=60888#breadcrumb"},"inLanguage":"en-US","potentialAction":[{"@type":"ReadAction","target":["https:\/\/akunq.net\/tr\/?p=60888"]}]},{"@type":"ImageObject","inLanguage":"en-US","@id":"https:\/\/akunq.net\/tr\/?p=60888#primaryimage","url":"https:\/\/akunq.net\/tr\/wp-content\/uploads\/sites\/6\/2021\/01\/\u0130\u00e7imizdeki-kara-delik.jpg","contentUrl":"https:\/\/akunq.net\/tr\/wp-content\/uploads\/sites\/6\/2021\/01\/\u0130\u00e7imizdeki-kara-delik.jpg","width":1200,"height":628},{"@type":"BreadcrumbList","@id":"https:\/\/akunq.net\/tr\/?p=60888#breadcrumb","itemListElement":[{"@type":"ListItem","position":1,"name":"Home","item":"https:\/\/akunq.net\/tr"},{"@type":"ListItem","position":2,"name":"\u0130\u00e7imizdeki kara delik"}]},{"@type":"WebSite","@id":"https:\/\/akunq.net\/tr\/#website","url":"https:\/\/akunq.net\/tr\/","name":"Bati Ermenistan Ve Bati Ermenileri Sorunlari Ara\u015ftirmalar Merkezi","description":"","potentialAction":[{"@type":"SearchAction","target":{"@type":"EntryPoint","urlTemplate":"https:\/\/akunq.net\/tr\/?s={search_term_string}"},"query-input":{"@type":"PropertyValueSpecification","valueRequired":true,"valueName":"search_term_string"}}],"inLanguage":"en-US"},{"@type":"Person","@id":"https:\/\/akunq.net\/tr\/#\/schema\/person\/096f1d38a12cce57fb855b485ed24c9e","name":"admin","url":"https:\/\/akunq.net\/tr\/?author=7"}]}},"_links":{"self":[{"href":"https:\/\/akunq.net\/tr\/index.php?rest_route=\/wp\/v2\/posts\/60888","targetHints":{"allow":["GET"]}}],"collection":[{"href":"https:\/\/akunq.net\/tr\/index.php?rest_route=\/wp\/v2\/posts"}],"about":[{"href":"https:\/\/akunq.net\/tr\/index.php?rest_route=\/wp\/v2\/types\/post"}],"author":[{"embeddable":true,"href":"https:\/\/akunq.net\/tr\/index.php?rest_route=\/wp\/v2\/users\/7"}],"replies":[{"embeddable":true,"href":"https:\/\/akunq.net\/tr\/index.php?rest_route=%2Fwp%2Fv2%2Fcomments&post=60888"}],"version-history":[{"count":1,"href":"https:\/\/akunq.net\/tr\/index.php?rest_route=\/wp\/v2\/posts\/60888\/revisions"}],"predecessor-version":[{"id":60890,"href":"https:\/\/akunq.net\/tr\/index.php?rest_route=\/wp\/v2\/posts\/60888\/revisions\/60890"}],"wp:featuredmedia":[{"embeddable":true,"href":"https:\/\/akunq.net\/tr\/index.php?rest_route=\/wp\/v2\/media\/60889"}],"wp:attachment":[{"href":"https:\/\/akunq.net\/tr\/index.php?rest_route=%2Fwp%2Fv2%2Fmedia&parent=60888"}],"wp:term":[{"taxonomy":"category","embeddable":true,"href":"https:\/\/akunq.net\/tr\/index.php?rest_route=%2Fwp%2Fv2%2Fcategories&post=60888"},{"taxonomy":"post_tag","embeddable":true,"href":"https:\/\/akunq.net\/tr\/index.php?rest_route=%2Fwp%2Fv2%2Ftags&post=60888"}],"curies":[{"name":"wp","href":"https:\/\/api.w.org\/{rel}","templated":true}]}}