{"id":60882,"date":"2021-01-12T01:56:46","date_gmt":"2021-01-12T06:56:46","guid":{"rendered":"https:\/\/akunq.net\/tr\/?p=60882"},"modified":"2021-01-12T01:56:46","modified_gmt":"2021-01-12T06:56:46","slug":"hdpden-yanit-boluculuk-yapan-halki-kin-ve-nefrete-surukleyen-bahcelinin-tutumunun-takdirini-halka-birakiyoruz","status":"publish","type":"post","link":"https:\/\/akunq.net\/tr\/?p=60882","title":{"rendered":"HDP\u2019den yan\u0131t: B\u00f6l\u00fcc\u00fcl\u00fck yapan, halk\u0131 kin ve nefrete s\u00fcr\u00fckleyen Bah\u00e7eli\u2019nin tutumunun takdirini, halka b\u0131rak\u0131yoruz"},"content":{"rendered":"<p><img loading=\"lazy\" decoding=\"async\" class=\"aligncenter size-medium wp-image-60883\" src=\"https:\/\/akunq.net\/tr\/wp-content\/uploads\/2021\/01\/HDP-360x240.jpg\" alt=\"\" width=\"360\" height=\"240\" srcset=\"https:\/\/akunq.net\/tr\/wp-content\/uploads\/sites\/6\/2021\/01\/HDP-360x240.jpg 360w, https:\/\/akunq.net\/tr\/wp-content\/uploads\/sites\/6\/2021\/01\/HDP-768x511.jpg 768w, https:\/\/akunq.net\/tr\/wp-content\/uploads\/sites\/6\/2021\/01\/HDP-560x373.jpg 560w, https:\/\/akunq.net\/tr\/wp-content\/uploads\/sites\/6\/2021\/01\/HDP-260x173.jpg 260w, https:\/\/akunq.net\/tr\/wp-content\/uploads\/sites\/6\/2021\/01\/HDP-160x107.jpg 160w, https:\/\/akunq.net\/tr\/wp-content\/uploads\/sites\/6\/2021\/01\/HDP.jpg 1368w\" sizes=\"auto, (max-width: 360px) 100vw, 360px\" \/><\/p>\n<p><em><strong>HDP\u2019nin Hukuk ve \u0130nsan Haklar\u0131 Komisyonundan Sorumlu E\u015f Genel Ba\u015fkan Yard\u0131mc\u0131s\u0131 Dede, Bah\u00e7eli\u2019nin a\u00e7\u0131klamalar\u0131n\u0131n ard\u0131ndan yarg\u0131y\u0131 g\u00f6reve davet etti.<\/strong><\/em><\/p>\n<p>HDP\u2019nin Hukuk ve \u0130nsan Haklar\u0131 Komisyonundan Sorumlu E\u015f Genel Ba\u015fkan Yard\u0131mc\u0131s\u0131 \u00dcmit Dede, MHP Genel Ba\u015fkan\u0131 Devlet Bah\u00e7eli\u2019nin a\u00e7\u0131klamalar\u0131na yan\u0131t verdi.<\/p>\n<p>\u201cDevlet Bah\u00e7eli, iktidar orta\u011f\u0131 olmas\u0131n\u0131n g\u00fcc\u00fcn\u00fc kullanarak, a\u00e7\u0131klamalar\u0131yla HDP hakk\u0131nda kapatma davas\u0131 a\u00e7mas\u0131 i\u00e7in Yarg\u0131tay Cumhuriyet Ba\u015fsavc\u0131l\u0131\u011f\u0131\u2019na a\u00e7\u0131k\u00e7a talimat vermekte ve yarg\u0131 \u00fczerinde bask\u0131 olu\u015fturmaktad\u0131r\u201d diyen Dede, Bah\u00e7eli\u2019nin a\u00e7\u0131k\u00e7a Anayasa su\u00e7u i\u015fledi\u011fini ifade etti.<\/p>\n<p>Anayasa\u2019n\u0131n \u201cmahkemelerin ba\u011f\u0131ms\u0131zl\u0131\u011f\u0131\u201d ba\u015fl\u0131kl\u0131 138\u2019inci maddesini hat\u0131rlatan Dede, \u201cYasama ve y\u00fcr\u00fctme organlar\u0131 ile idare, mahkeme kararlar\u0131na uymak zorundad\u0131r; bu organlar ve idare, mahkeme kararlar\u0131n\u0131 hi\u00e7bir suretle de\u011fi\u015ftiremez ve bunlar\u0131n yerine getirilmesini geciktiremez\u201d dedi.<\/p>\n<p>Dede \u015f\u00f6yle devam etti:<\/p>\n<blockquote><p>Bah\u00e7eli yaz\u0131l\u0131 a\u00e7\u0131klamas\u0131nda ayr\u0131ca hen\u00fcz iddianame a\u015famas\u0131nda olan, yarg\u0131lamas\u0131 ba\u015flamam\u0131\u015f olan, kesinle\u015fmi\u015f bir hukuki karar bulunmayan \u201c6-8 Ekim\u201d davas\u0131yla ilgili olarak da yarg\u0131y\u0131 y\u00f6nlendirmekte ve bask\u0131 kurmaktad\u0131r.<\/p><\/blockquote>\n<p>Bah\u00e7eli\u2019nin a\u00e7\u0131klamalar\u0131n\u0131n \u201cadil yarg\u0131lamay\u0131 etkilemeye te\u015febb\u00fcs su\u00e7u kapsam\u0131nda\u201d oldu\u011funu belirten Dede, \u201c\u0130ktidar \u00f6nceki d\u00f6nem E\u015f Genel Ba\u015fkan\u0131m\u0131z Selahattin Demirta\u015f karar\u0131n\u0131 uygulamayarak su\u00e7 i\u015flemeye devam ederken, bu a\u00e7\u0131klamalar evrensel hukuka kar\u015f\u0131 meydan okumakt\u0131r. Bah\u00e7eli\u2019nin HDP ve Demirta\u015f hakk\u0131nda anayasal su\u00e7 i\u015flemeye kadar varan hezeyanlar\u0131 duyduklar\u0131 korkunun g\u00f6stergesidir\u201d ifadelerini kulland\u0131.<\/p>\n<p><strong>\u201cYarg\u0131y\u0131 g\u00f6reve davet ediyoruz\u201d<\/strong><\/p>\n<p>Dede \u015funlar\u0131 kaydetti:<\/p>\n<blockquote><p>Bah\u00e7eli\u2019nin yarg\u0131y\u0131 etkileme, bask\u0131 kurma ve talimat verme \u015feklindeki a\u00e7\u0131klamas\u0131 anayasal ve yasal su\u00e7 kapsam\u0131na girdi\u011finden yarg\u0131y\u0131 g\u00f6reve davet ediyoruz. Adalet Bakan\u0131na, ayn\u0131 zamanda Meclis Ba\u015fkan\u0131na Anayasaya, demokrasiye ve parlamentonun iradesine sahip \u00e7\u0131kma ve yarg\u0131ya talimat niteli\u011findeki bu tutum kar\u015f\u0131s\u0131nda tav\u0131r alma \u00e7a\u011fr\u0131s\u0131 yap\u0131yoruz. \u00a0A\u00e7\u0131k\u00e7a ayr\u0131mc\u0131l\u0131k yapan, nefret s\u00f6ylemi kullanan, b\u00f6l\u00fcc\u00fcl\u00fck yapan, halk\u0131 kin ve nefrete s\u00fcr\u00fckleyen Bah\u00e7eli\u2019nin bu tutumunun takdirini de halka b\u0131rak\u0131yoruz.<\/p>\n<p><strong><em>https:\/\/www.indyturk.com\/node\/298776\/siyaset\/hdp%E2%80%99den-yan%C4%B1t-b%C3%B6l%C3%BCc%C3%BCl%C3%BCk-yapan-halk%C4%B1-kin-ve-nefrete-s%C3%BCr%C3%BCkleyen-bah%C3%A7eli%E2%80%99nin\u00a0<\/em><\/strong><\/p><\/blockquote>\n","protected":false},"excerpt":{"rendered":"<p>HDP\u2019nin Hukuk ve \u0130nsan Haklar\u0131 Komisyonundan Sorumlu E\u015f Genel Ba\u015fkan Yard\u0131mc\u0131s\u0131 Dede, Bah\u00e7eli\u2019nin a\u00e7\u0131klamalar\u0131n\u0131n ard\u0131ndan yarg\u0131y\u0131 g\u00f6reve davet etti. HDP\u2019nin Hukuk ve \u0130nsan Haklar\u0131 Komisyonundan Sorumlu E\u015f Genel Ba\u015fkan Yard\u0131mc\u0131s\u0131 \u00dcmit Dede, MHP Genel Ba\u015fkan\u0131 Devlet Bah\u00e7eli\u2019nin a\u00e7\u0131klamalar\u0131na yan\u0131t verdi. \u201cDevlet Bah\u00e7eli, iktidar orta\u011f\u0131 olmas\u0131n\u0131n g\u00fcc\u00fcn\u00fc kullanarak, a\u00e7\u0131klamalar\u0131yla HDP hakk\u0131nda kapatma davas\u0131 a\u00e7mas\u0131 i\u00e7in Yarg\u0131tay [&hellip;]<\/p>\n","protected":false},"author":7,"featured_media":60883,"comment_status":"open","ping_status":"open","sticky":false,"template":"","format":"standard","meta":{"footnotes":""},"categories":[1],"tags":[],"class_list":["post-60882","post","type-post","status-publish","format-standard","has-post-thumbnail","hentry","category-haberler"],"yoast_head":"<!-- This site is optimized with the Yoast SEO plugin v27.4 - https:\/\/yoast.com\/product\/yoast-seo-wordpress\/ -->\n<title>HDP\u2019den yan\u0131t: B\u00f6l\u00fcc\u00fcl\u00fck yapan, halk\u0131 kin ve nefrete s\u00fcr\u00fckleyen Bah\u00e7eli\u2019nin tutumunun takdirini, halka b\u0131rak\u0131yoruz - Bati Ermenistan Ve Bati Ermenileri Sorunlari Ara\u015ftirmalar Merkezi<\/title>\n<meta name=\"robots\" content=\"index, follow, max-snippet:-1, max-image-preview:large, max-video-preview:-1\" \/>\n<link rel=\"canonical\" href=\"https:\/\/akunq.net\/tr\/?p=60882\" \/>\n<meta property=\"og:locale\" content=\"en_US\" \/>\n<meta property=\"og:type\" content=\"article\" \/>\n<meta property=\"og:title\" content=\"HDP\u2019den yan\u0131t: B\u00f6l\u00fcc\u00fcl\u00fck yapan, halk\u0131 kin ve nefrete s\u00fcr\u00fckleyen Bah\u00e7eli\u2019nin tutumunun takdirini, halka b\u0131rak\u0131yoruz - Bati Ermenistan Ve Bati Ermenileri Sorunlari Ara\u015ftirmalar Merkezi\" \/>\n<meta property=\"og:description\" content=\"HDP\u2019nin Hukuk ve \u0130nsan Haklar\u0131 Komisyonundan Sorumlu E\u015f Genel Ba\u015fkan Yard\u0131mc\u0131s\u0131 Dede, Bah\u00e7eli\u2019nin a\u00e7\u0131klamalar\u0131n\u0131n ard\u0131ndan yarg\u0131y\u0131 g\u00f6reve davet etti. HDP\u2019nin Hukuk ve \u0130nsan Haklar\u0131 Komisyonundan Sorumlu E\u015f Genel Ba\u015fkan Yard\u0131mc\u0131s\u0131 \u00dcmit Dede, MHP Genel Ba\u015fkan\u0131 Devlet Bah\u00e7eli\u2019nin a\u00e7\u0131klamalar\u0131na yan\u0131t verdi. \u201cDevlet Bah\u00e7eli, iktidar orta\u011f\u0131 olmas\u0131n\u0131n g\u00fcc\u00fcn\u00fc kullanarak, a\u00e7\u0131klamalar\u0131yla HDP hakk\u0131nda kapatma davas\u0131 a\u00e7mas\u0131 i\u00e7in Yarg\u0131tay [&hellip;]\" \/>\n<meta property=\"og:url\" content=\"https:\/\/akunq.net\/tr\/?p=60882\" \/>\n<meta property=\"og:site_name\" content=\"Bati Ermenistan Ve Bati Ermenileri Sorunlari Ara\u015ftirmalar Merkezi\" \/>\n<meta property=\"article:published_time\" content=\"2021-01-12T06:56:46+00:00\" \/>\n<meta property=\"og:image\" content=\"https:\/\/akunq.net\/tr\/wp-content\/uploads\/sites\/6\/2021\/01\/HDP.jpg\" \/>\n\t<meta property=\"og:image:width\" content=\"1368\" \/>\n\t<meta property=\"og:image:height\" content=\"911\" \/>\n\t<meta property=\"og:image:type\" content=\"image\/jpeg\" \/>\n<meta name=\"author\" content=\"admin\" \/>\n<meta name=\"twitter:card\" content=\"summary_large_image\" \/>\n<meta name=\"twitter:label1\" content=\"Written by\" \/>\n\t<meta name=\"twitter:data1\" content=\"admin\" \/>\n\t<meta name=\"twitter:label2\" content=\"Est. reading time\" \/>\n\t<meta name=\"twitter:data2\" content=\"2 minutes\" \/>\n<script type=\"application\/ld+json\" class=\"yoast-schema-graph\">{\"@context\":\"https:\\\/\\\/schema.org\",\"@graph\":[{\"@type\":\"Article\",\"@id\":\"https:\\\/\\\/akunq.net\\\/tr\\\/?p=60882#article\",\"isPartOf\":{\"@id\":\"https:\\\/\\\/akunq.net\\\/tr\\\/?p=60882\"},\"author\":{\"name\":\"admin\",\"@id\":\"https:\\\/\\\/akunq.net\\\/tr\\\/#\\\/schema\\\/person\\\/096f1d38a12cce57fb855b485ed24c9e\"},\"headline\":\"HDP\u2019den yan\u0131t: B\u00f6l\u00fcc\u00fcl\u00fck yapan, halk\u0131 kin ve nefrete s\u00fcr\u00fckleyen Bah\u00e7eli\u2019nin tutumunun takdirini, halka b\u0131rak\u0131yoruz\",\"datePublished\":\"2021-01-12T06:56:46+00:00\",\"mainEntityOfPage\":{\"@id\":\"https:\\\/\\\/akunq.net\\\/tr\\\/?p=60882\"},\"wordCount\":455,\"commentCount\":0,\"image\":{\"@id\":\"https:\\\/\\\/akunq.net\\\/tr\\\/?p=60882#primaryimage\"},\"thumbnailUrl\":\"https:\\\/\\\/akunq.net\\\/tr\\\/wp-content\\\/uploads\\\/sites\\\/6\\\/2021\\\/01\\\/HDP.jpg\",\"articleSection\":[\"Haberler\"],\"inLanguage\":\"en-US\",\"potentialAction\":[{\"@type\":\"CommentAction\",\"name\":\"Comment\",\"target\":[\"https:\\\/\\\/akunq.net\\\/tr\\\/?p=60882#respond\"]}]},{\"@type\":\"WebPage\",\"@id\":\"https:\\\/\\\/akunq.net\\\/tr\\\/?p=60882\",\"url\":\"https:\\\/\\\/akunq.net\\\/tr\\\/?p=60882\",\"name\":\"HDP\u2019den yan\u0131t: B\u00f6l\u00fcc\u00fcl\u00fck yapan, halk\u0131 kin ve nefrete s\u00fcr\u00fckleyen Bah\u00e7eli\u2019nin tutumunun takdirini, halka b\u0131rak\u0131yoruz - Bati Ermenistan Ve Bati Ermenileri Sorunlari Ara\u015ftirmalar Merkezi\",\"isPartOf\":{\"@id\":\"https:\\\/\\\/akunq.net\\\/tr\\\/#website\"},\"primaryImageOfPage\":{\"@id\":\"https:\\\/\\\/akunq.net\\\/tr\\\/?p=60882#primaryimage\"},\"image\":{\"@id\":\"https:\\\/\\\/akunq.net\\\/tr\\\/?p=60882#primaryimage\"},\"thumbnailUrl\":\"https:\\\/\\\/akunq.net\\\/tr\\\/wp-content\\\/uploads\\\/sites\\\/6\\\/2021\\\/01\\\/HDP.jpg\",\"datePublished\":\"2021-01-12T06:56:46+00:00\",\"author\":{\"@id\":\"https:\\\/\\\/akunq.net\\\/tr\\\/#\\\/schema\\\/person\\\/096f1d38a12cce57fb855b485ed24c9e\"},\"breadcrumb\":{\"@id\":\"https:\\\/\\\/akunq.net\\\/tr\\\/?p=60882#breadcrumb\"},\"inLanguage\":\"en-US\",\"potentialAction\":[{\"@type\":\"ReadAction\",\"target\":[\"https:\\\/\\\/akunq.net\\\/tr\\\/?p=60882\"]}]},{\"@type\":\"ImageObject\",\"inLanguage\":\"en-US\",\"@id\":\"https:\\\/\\\/akunq.net\\\/tr\\\/?p=60882#primaryimage\",\"url\":\"https:\\\/\\\/akunq.net\\\/tr\\\/wp-content\\\/uploads\\\/sites\\\/6\\\/2021\\\/01\\\/HDP.jpg\",\"contentUrl\":\"https:\\\/\\\/akunq.net\\\/tr\\\/wp-content\\\/uploads\\\/sites\\\/6\\\/2021\\\/01\\\/HDP.jpg\",\"width\":1368,\"height\":911},{\"@type\":\"BreadcrumbList\",\"@id\":\"https:\\\/\\\/akunq.net\\\/tr\\\/?p=60882#breadcrumb\",\"itemListElement\":[{\"@type\":\"ListItem\",\"position\":1,\"name\":\"Home\",\"item\":\"https:\\\/\\\/akunq.net\\\/tr\"},{\"@type\":\"ListItem\",\"position\":2,\"name\":\"HDP\u2019den yan\u0131t: B\u00f6l\u00fcc\u00fcl\u00fck yapan, halk\u0131 kin ve nefrete s\u00fcr\u00fckleyen Bah\u00e7eli\u2019nin tutumunun takdirini, halka b\u0131rak\u0131yoruz\"}]},{\"@type\":\"WebSite\",\"@id\":\"https:\\\/\\\/akunq.net\\\/tr\\\/#website\",\"url\":\"https:\\\/\\\/akunq.net\\\/tr\\\/\",\"name\":\"Bati Ermenistan Ve Bati Ermenileri Sorunlari Ara\u015ftirmalar Merkezi\",\"description\":\"\",\"potentialAction\":[{\"@type\":\"SearchAction\",\"target\":{\"@type\":\"EntryPoint\",\"urlTemplate\":\"https:\\\/\\\/akunq.net\\\/tr\\\/?s={search_term_string}\"},\"query-input\":{\"@type\":\"PropertyValueSpecification\",\"valueRequired\":true,\"valueName\":\"search_term_string\"}}],\"inLanguage\":\"en-US\"},{\"@type\":\"Person\",\"@id\":\"https:\\\/\\\/akunq.net\\\/tr\\\/#\\\/schema\\\/person\\\/096f1d38a12cce57fb855b485ed24c9e\",\"name\":\"admin\",\"url\":\"https:\\\/\\\/akunq.net\\\/tr\\\/?author=7\"}]}<\/script>\n<!-- \/ Yoast SEO plugin. -->","yoast_head_json":{"title":"HDP\u2019den yan\u0131t: B\u00f6l\u00fcc\u00fcl\u00fck yapan, halk\u0131 kin ve nefrete s\u00fcr\u00fckleyen Bah\u00e7eli\u2019nin tutumunun takdirini, halka b\u0131rak\u0131yoruz - Bati Ermenistan Ve Bati Ermenileri Sorunlari Ara\u015ftirmalar Merkezi","robots":{"index":"index","follow":"follow","max-snippet":"max-snippet:-1","max-image-preview":"max-image-preview:large","max-video-preview":"max-video-preview:-1"},"canonical":"https:\/\/akunq.net\/tr\/?p=60882","og_locale":"en_US","og_type":"article","og_title":"HDP\u2019den yan\u0131t: B\u00f6l\u00fcc\u00fcl\u00fck yapan, halk\u0131 kin ve nefrete s\u00fcr\u00fckleyen Bah\u00e7eli\u2019nin tutumunun takdirini, halka b\u0131rak\u0131yoruz - Bati Ermenistan Ve Bati Ermenileri Sorunlari Ara\u015ftirmalar Merkezi","og_description":"HDP\u2019nin Hukuk ve \u0130nsan Haklar\u0131 Komisyonundan Sorumlu E\u015f Genel Ba\u015fkan Yard\u0131mc\u0131s\u0131 Dede, Bah\u00e7eli\u2019nin a\u00e7\u0131klamalar\u0131n\u0131n ard\u0131ndan yarg\u0131y\u0131 g\u00f6reve davet etti. HDP\u2019nin Hukuk ve \u0130nsan Haklar\u0131 Komisyonundan Sorumlu E\u015f Genel Ba\u015fkan Yard\u0131mc\u0131s\u0131 \u00dcmit Dede, MHP Genel Ba\u015fkan\u0131 Devlet Bah\u00e7eli\u2019nin a\u00e7\u0131klamalar\u0131na yan\u0131t verdi. \u201cDevlet Bah\u00e7eli, iktidar orta\u011f\u0131 olmas\u0131n\u0131n g\u00fcc\u00fcn\u00fc kullanarak, a\u00e7\u0131klamalar\u0131yla HDP hakk\u0131nda kapatma davas\u0131 a\u00e7mas\u0131 i\u00e7in Yarg\u0131tay [&hellip;]","og_url":"https:\/\/akunq.net\/tr\/?p=60882","og_site_name":"Bati Ermenistan Ve Bati Ermenileri Sorunlari Ara\u015ftirmalar Merkezi","article_published_time":"2021-01-12T06:56:46+00:00","og_image":[{"width":1368,"height":911,"url":"https:\/\/akunq.net\/tr\/wp-content\/uploads\/sites\/6\/2021\/01\/HDP.jpg","type":"image\/jpeg"}],"author":"admin","twitter_card":"summary_large_image","twitter_misc":{"Written by":"admin","Est. reading time":"2 minutes"},"schema":{"@context":"https:\/\/schema.org","@graph":[{"@type":"Article","@id":"https:\/\/akunq.net\/tr\/?p=60882#article","isPartOf":{"@id":"https:\/\/akunq.net\/tr\/?p=60882"},"author":{"name":"admin","@id":"https:\/\/akunq.net\/tr\/#\/schema\/person\/096f1d38a12cce57fb855b485ed24c9e"},"headline":"HDP\u2019den yan\u0131t: B\u00f6l\u00fcc\u00fcl\u00fck yapan, halk\u0131 kin ve nefrete s\u00fcr\u00fckleyen Bah\u00e7eli\u2019nin tutumunun takdirini, halka b\u0131rak\u0131yoruz","datePublished":"2021-01-12T06:56:46+00:00","mainEntityOfPage":{"@id":"https:\/\/akunq.net\/tr\/?p=60882"},"wordCount":455,"commentCount":0,"image":{"@id":"https:\/\/akunq.net\/tr\/?p=60882#primaryimage"},"thumbnailUrl":"https:\/\/akunq.net\/tr\/wp-content\/uploads\/sites\/6\/2021\/01\/HDP.jpg","articleSection":["Haberler"],"inLanguage":"en-US","potentialAction":[{"@type":"CommentAction","name":"Comment","target":["https:\/\/akunq.net\/tr\/?p=60882#respond"]}]},{"@type":"WebPage","@id":"https:\/\/akunq.net\/tr\/?p=60882","url":"https:\/\/akunq.net\/tr\/?p=60882","name":"HDP\u2019den yan\u0131t: B\u00f6l\u00fcc\u00fcl\u00fck yapan, halk\u0131 kin ve nefrete s\u00fcr\u00fckleyen Bah\u00e7eli\u2019nin tutumunun takdirini, halka b\u0131rak\u0131yoruz - Bati Ermenistan Ve Bati Ermenileri Sorunlari Ara\u015ftirmalar Merkezi","isPartOf":{"@id":"https:\/\/akunq.net\/tr\/#website"},"primaryImageOfPage":{"@id":"https:\/\/akunq.net\/tr\/?p=60882#primaryimage"},"image":{"@id":"https:\/\/akunq.net\/tr\/?p=60882#primaryimage"},"thumbnailUrl":"https:\/\/akunq.net\/tr\/wp-content\/uploads\/sites\/6\/2021\/01\/HDP.jpg","datePublished":"2021-01-12T06:56:46+00:00","author":{"@id":"https:\/\/akunq.net\/tr\/#\/schema\/person\/096f1d38a12cce57fb855b485ed24c9e"},"breadcrumb":{"@id":"https:\/\/akunq.net\/tr\/?p=60882#breadcrumb"},"inLanguage":"en-US","potentialAction":[{"@type":"ReadAction","target":["https:\/\/akunq.net\/tr\/?p=60882"]}]},{"@type":"ImageObject","inLanguage":"en-US","@id":"https:\/\/akunq.net\/tr\/?p=60882#primaryimage","url":"https:\/\/akunq.net\/tr\/wp-content\/uploads\/sites\/6\/2021\/01\/HDP.jpg","contentUrl":"https:\/\/akunq.net\/tr\/wp-content\/uploads\/sites\/6\/2021\/01\/HDP.jpg","width":1368,"height":911},{"@type":"BreadcrumbList","@id":"https:\/\/akunq.net\/tr\/?p=60882#breadcrumb","itemListElement":[{"@type":"ListItem","position":1,"name":"Home","item":"https:\/\/akunq.net\/tr"},{"@type":"ListItem","position":2,"name":"HDP\u2019den yan\u0131t: B\u00f6l\u00fcc\u00fcl\u00fck yapan, halk\u0131 kin ve nefrete s\u00fcr\u00fckleyen Bah\u00e7eli\u2019nin tutumunun takdirini, halka b\u0131rak\u0131yoruz"}]},{"@type":"WebSite","@id":"https:\/\/akunq.net\/tr\/#website","url":"https:\/\/akunq.net\/tr\/","name":"Bati Ermenistan Ve Bati Ermenileri Sorunlari Ara\u015ftirmalar Merkezi","description":"","potentialAction":[{"@type":"SearchAction","target":{"@type":"EntryPoint","urlTemplate":"https:\/\/akunq.net\/tr\/?s={search_term_string}"},"query-input":{"@type":"PropertyValueSpecification","valueRequired":true,"valueName":"search_term_string"}}],"inLanguage":"en-US"},{"@type":"Person","@id":"https:\/\/akunq.net\/tr\/#\/schema\/person\/096f1d38a12cce57fb855b485ed24c9e","name":"admin","url":"https:\/\/akunq.net\/tr\/?author=7"}]}},"_links":{"self":[{"href":"https:\/\/akunq.net\/tr\/index.php?rest_route=\/wp\/v2\/posts\/60882","targetHints":{"allow":["GET"]}}],"collection":[{"href":"https:\/\/akunq.net\/tr\/index.php?rest_route=\/wp\/v2\/posts"}],"about":[{"href":"https:\/\/akunq.net\/tr\/index.php?rest_route=\/wp\/v2\/types\/post"}],"author":[{"embeddable":true,"href":"https:\/\/akunq.net\/tr\/index.php?rest_route=\/wp\/v2\/users\/7"}],"replies":[{"embeddable":true,"href":"https:\/\/akunq.net\/tr\/index.php?rest_route=%2Fwp%2Fv2%2Fcomments&post=60882"}],"version-history":[{"count":1,"href":"https:\/\/akunq.net\/tr\/index.php?rest_route=\/wp\/v2\/posts\/60882\/revisions"}],"predecessor-version":[{"id":60884,"href":"https:\/\/akunq.net\/tr\/index.php?rest_route=\/wp\/v2\/posts\/60882\/revisions\/60884"}],"wp:featuredmedia":[{"embeddable":true,"href":"https:\/\/akunq.net\/tr\/index.php?rest_route=\/wp\/v2\/media\/60883"}],"wp:attachment":[{"href":"https:\/\/akunq.net\/tr\/index.php?rest_route=%2Fwp%2Fv2%2Fmedia&parent=60882"}],"wp:term":[{"taxonomy":"category","embeddable":true,"href":"https:\/\/akunq.net\/tr\/index.php?rest_route=%2Fwp%2Fv2%2Fcategories&post=60882"},{"taxonomy":"post_tag","embeddable":true,"href":"https:\/\/akunq.net\/tr\/index.php?rest_route=%2Fwp%2Fv2%2Ftags&post=60882"}],"curies":[{"name":"wp","href":"https:\/\/api.w.org\/{rel}","templated":true}]}}