{"id":60876,"date":"2021-01-12T01:33:59","date_gmt":"2021-01-12T06:33:59","guid":{"rendered":"https:\/\/akunq.net\/tr\/?p=60876"},"modified":"2021-01-12T01:33:59","modified_gmt":"2021-01-12T06:33:59","slug":"sumela-manastiri-mart-ayina-kadar-ziyaretci-kabul-edilmeyecek-guclendirme-calismasi-yapiliyor","status":"publish","type":"post","link":"https:\/\/akunq.net\/tr\/?p=60876","title":{"rendered":"S\u00fcmela Manast\u0131r\u0131 Mart ay\u0131na kadar ziyaret\u00e7i kabul edilmeyecek: G\u00fc\u00e7lendirme \u00e7al\u0131\u015fmas\u0131 yap\u0131l\u0131yor"},"content":{"rendered":"<p><img loading=\"lazy\" decoding=\"async\" class=\"aligncenter size-medium wp-image-60877\" src=\"https:\/\/akunq.net\/tr\/wp-content\/uploads\/2021\/01\/S\u00fcmela-Manast\u0131r\u0131-360x201.jpg\" alt=\"\" width=\"360\" height=\"201\" srcset=\"https:\/\/akunq.net\/tr\/wp-content\/uploads\/sites\/6\/2021\/01\/S\u00fcmela-Manast\u0131r\u0131-360x201.jpg 360w, https:\/\/akunq.net\/tr\/wp-content\/uploads\/sites\/6\/2021\/01\/S\u00fcmela-Manast\u0131r\u0131-768x429.jpg 768w, https:\/\/akunq.net\/tr\/wp-content\/uploads\/sites\/6\/2021\/01\/S\u00fcmela-Manast\u0131r\u0131-560x313.jpg 560w, https:\/\/akunq.net\/tr\/wp-content\/uploads\/sites\/6\/2021\/01\/S\u00fcmela-Manast\u0131r\u0131-260x145.jpg 260w, https:\/\/akunq.net\/tr\/wp-content\/uploads\/sites\/6\/2021\/01\/S\u00fcmela-Manast\u0131r\u0131-160x89.jpg 160w, https:\/\/akunq.net\/tr\/wp-content\/uploads\/sites\/6\/2021\/01\/S\u00fcmela-Manast\u0131r\u0131.jpg 840w\" sizes=\"auto, (max-width: 360px) 100vw, 360px\" \/><\/p>\n<p><em><strong>D\u00fcnyaca \u00fcnl\u00fc S\u00fcmela Manast\u0131r\u0131\u2019n\u0131n ta\u015f d\u00fc\u015fmelerini \u00f6nleme \u00e7al\u0131\u015fmalar\u0131 kapsam\u0131nda ziyaret yasa\u011f\u0131n\u0131n Mart sonuna kadar s\u00fcrmesi bekleniyor. Ziyaret\u00e7i yasa\u011f\u0131n\u0131n uzamas\u0131, b\u00f6lgedeki olumsuz hava \u015fartlar\u0131 y\u00fcz\u00fcnden yava\u015f ilerleyen \u00e7al\u0131\u015fmalardan kaynakland\u0131\u011f\u0131 \u00f6\u011frenilirken, \u015fu an manast\u0131rda profesyonel da\u011fc\u0131lar taraf\u0131ndan kaya d\u00fc\u015f\u00fcrme ve g\u00fc\u00e7lendirme \u00e7al\u0131\u015fmas\u0131 yap\u0131l\u0131yor.<\/strong><\/em><\/p>\n<p>T\u00fcrkiye\u2019nin d\u00fcnyaca \u00fcnl\u00fc turizm merkezlerinden olan ve 5 y\u0131l s\u00fcren restorasyon \u00e7al\u0131\u015fmalar\u0131n\u0131n ard\u0131ndan 29 Temmuz 2020\u2019de ziyarete a\u00e7\u0131lan Trabzon\u2019un Ma\u00e7ka il\u00e7esindeki tarihi S\u00fcmela Manast\u0131r\u0131 ta\u015f d\u00fc\u015fmelerini \u00f6nleme \u00e7al\u0131\u015fmalar\u0131 kapsam\u0131nda ge\u00e7ti\u011fimiz y\u0131l\u0131n Kas\u0131m ay\u0131n\u0131n ilk g\u00fcnlerinden itibaren 31 Ocak 2021 tarihine kadar tekrar ziyarete kapat\u0131lm\u0131\u015ft\u0131. Bu yasa\u011f\u0131n \u00e7al\u0131\u015fmalar\u0131n hava \u015fartlar\u0131 nedeniyle uzamas\u0131 nedeniyle Mart ay\u0131na kadar s\u00fcrece\u011fi belirtildi.<\/p>\n<p><strong>G\u00fc\u00e7lendirme \u00e7al\u0131\u015fmas\u0131 yap\u0131l\u0131yor<\/strong><\/p>\n<p>Ziyaret\u00e7i yasa\u011f\u0131n\u0131n uzamas\u0131, b\u00f6lgedeki olumsuz hava \u015fartlar\u0131 y\u00fcz\u00fcnden yava\u015f ilerleyen \u00e7al\u0131\u015fmalardan kaynakland\u0131\u011f\u0131 \u00f6\u011frenilirken, \u015fu an manast\u0131rda profesyonel da\u011fc\u0131lar taraf\u0131ndan kaya d\u00fc\u015f\u00fcrme ve g\u00fc\u00e7lendirme \u00e7al\u0131\u015fmas\u0131 yap\u0131l\u0131yor.<\/p>\n<p>Manast\u0131rda profesyonel da\u011fc\u0131lar taraf\u0131ndan kaya d\u00fc\u015f\u00fcrme ve g\u00fc\u00e7lendirme \u00e7al\u0131\u015fmas\u0131 yap\u0131l\u0131yor.<\/p>\n<p>T\u00fcrkiye\u2019nin \u00f6nemli turizm merkezlerinden biri olan ve 22 Eyl\u00fcl 2015 tarihinde restorasyon \u00e7al\u0131\u015fmalar\u0131 nedeniyle ziyarete kapat\u0131lan S\u00fcmela Manast\u0131r\u0131. restorasyon \u00e7al\u0131\u015fmalar\u0131ndaki 2. etab\u0131n tamamlamas\u0131yla 29 Temmuz 2020 tarihinde ziyarete a\u00e7\u0131lm\u0131\u015ft\u0131. Daha \u00f6nce bir b\u00f6l\u00fcm\u00fc 25 May\u0131s 2019 tarihinde ziyarete a\u00e7\u0131lan manast\u0131r yerli ve yabanc\u0131 turistler taraf\u0131ndan ilgi g\u00f6r\u00fcrken, 21 end\u00fcstriyel da\u011fc\u0131 taraf\u0131ndan manast\u0131rda y\u00fcr\u00fct\u00fclen \u00e7al\u0131\u015fmalar devam ediyor.<\/p>\n<p><strong>G\u00fcvenli bir \u015fekilde ziyaret edilebilecek<\/strong><\/p>\n<p>Manast\u0131rda, ta\u015f d\u00fc\u015fmelerini \u00f6nleme \u00e7al\u0131\u015fmalar\u0131 kapsam\u0131nda yakla\u015f\u0131k 3 ay \u00f6nce ziyaret\u00e7ilere kapat\u0131larak 31 Ocak 2021 tarihinde tekrar ziyaret\u00e7ilere a\u00e7\u0131lmas\u0131 planlanan manast\u0131rda \u00f6zellikle havan\u0131n \u00e7ok so\u011fuk olmas\u0131 m\u00fcnasebetiyle \u00e7al\u0131\u015fmalar yava\u015f ilerlerlerken, ziyaret\u00e7i yasa\u011f\u0131n\u0131n bu y\u0131l\u0131n Mart ay\u0131na kadar s\u00fcrece\u011fi kaydedildi.<\/p>\n<p>S\u00fcmela Manast\u0131r\u0131nda \u015fu anda 21 end\u00fcstriyel da\u011fc\u0131 taraf\u0131ndan ta\u015f d\u00fc\u015fme ve g\u00fc\u00e7lendirme \u00e7al\u0131\u015fmas\u0131 yap\u0131l\u0131rken, avlu k\u0131sm\u0131ndaki fresklerin restorasyon \u00e7al\u0131\u015fmas\u0131 ise so\u011fuk hava ko\u015fullar\u0131 nedeniyle ara verilmi\u015f durumda. Restorasyon kapsam\u0131ndan Manast\u0131rda bug\u00fcnlerde da\u011fc\u0131lar\u0131n \u00e7al\u0131\u015fmas\u0131n\u0131n yan\u0131 s\u0131ra malzeme \u00e7ekimi yap\u0131l\u0131rken \u00e7al\u0131\u015fmalar\u0131n tamamlanmas\u0131yla manast\u0131r ziyaret\u00e7iler taraf\u0131ndan tekrar g\u00fcvenli bir \u015fekilde ziyaret edilebilecek.<\/p>\n<p><em><strong>https:\/\/www.yenisafak.com\/hayat\/sumela-manastiri-mart-ayina-kadar-ziyaretci-kabul-edilmeyecek-guclendirme-calismasi-yapiliyor-3593895\u00a0<\/strong><\/em><\/p>\n","protected":false},"excerpt":{"rendered":"<p>D\u00fcnyaca \u00fcnl\u00fc S\u00fcmela Manast\u0131r\u0131\u2019n\u0131n ta\u015f d\u00fc\u015fmelerini \u00f6nleme \u00e7al\u0131\u015fmalar\u0131 kapsam\u0131nda ziyaret yasa\u011f\u0131n\u0131n Mart sonuna kadar s\u00fcrmesi bekleniyor. Ziyaret\u00e7i yasa\u011f\u0131n\u0131n uzamas\u0131, b\u00f6lgedeki olumsuz hava \u015fartlar\u0131 y\u00fcz\u00fcnden yava\u015f ilerleyen \u00e7al\u0131\u015fmalardan kaynakland\u0131\u011f\u0131 \u00f6\u011frenilirken, \u015fu an manast\u0131rda profesyonel da\u011fc\u0131lar taraf\u0131ndan kaya d\u00fc\u015f\u00fcrme ve g\u00fc\u00e7lendirme \u00e7al\u0131\u015fmas\u0131 yap\u0131l\u0131yor. T\u00fcrkiye\u2019nin d\u00fcnyaca \u00fcnl\u00fc turizm merkezlerinden olan ve 5 y\u0131l s\u00fcren restorasyon \u00e7al\u0131\u015fmalar\u0131n\u0131n ard\u0131ndan 29 [&hellip;]<\/p>\n","protected":false},"author":7,"featured_media":60877,"comment_status":"open","ping_status":"open","sticky":false,"template":"","format":"standard","meta":{"footnotes":""},"categories":[1],"tags":[],"class_list":["post-60876","post","type-post","status-publish","format-standard","has-post-thumbnail","hentry","category-haberler"],"yoast_head":"<!-- This site is optimized with the Yoast SEO plugin v27.4 - https:\/\/yoast.com\/product\/yoast-seo-wordpress\/ -->\n<title>S\u00fcmela Manast\u0131r\u0131 Mart ay\u0131na kadar ziyaret\u00e7i kabul edilmeyecek: G\u00fc\u00e7lendirme \u00e7al\u0131\u015fmas\u0131 yap\u0131l\u0131yor - Bati Ermenistan Ve Bati Ermenileri Sorunlari Ara\u015ftirmalar Merkezi<\/title>\n<meta name=\"robots\" content=\"index, follow, max-snippet:-1, max-image-preview:large, max-video-preview:-1\" \/>\n<link rel=\"canonical\" href=\"https:\/\/akunq.net\/tr\/?p=60876\" \/>\n<meta property=\"og:locale\" content=\"en_US\" \/>\n<meta property=\"og:type\" content=\"article\" \/>\n<meta property=\"og:title\" content=\"S\u00fcmela Manast\u0131r\u0131 Mart ay\u0131na kadar ziyaret\u00e7i kabul edilmeyecek: G\u00fc\u00e7lendirme \u00e7al\u0131\u015fmas\u0131 yap\u0131l\u0131yor - Bati Ermenistan Ve Bati Ermenileri Sorunlari Ara\u015ftirmalar Merkezi\" \/>\n<meta property=\"og:description\" content=\"D\u00fcnyaca \u00fcnl\u00fc S\u00fcmela Manast\u0131r\u0131\u2019n\u0131n ta\u015f d\u00fc\u015fmelerini \u00f6nleme \u00e7al\u0131\u015fmalar\u0131 kapsam\u0131nda ziyaret yasa\u011f\u0131n\u0131n Mart sonuna kadar s\u00fcrmesi bekleniyor. Ziyaret\u00e7i yasa\u011f\u0131n\u0131n uzamas\u0131, b\u00f6lgedeki olumsuz hava \u015fartlar\u0131 y\u00fcz\u00fcnden yava\u015f ilerleyen \u00e7al\u0131\u015fmalardan kaynakland\u0131\u011f\u0131 \u00f6\u011frenilirken, \u015fu an manast\u0131rda profesyonel da\u011fc\u0131lar taraf\u0131ndan kaya d\u00fc\u015f\u00fcrme ve g\u00fc\u00e7lendirme \u00e7al\u0131\u015fmas\u0131 yap\u0131l\u0131yor. T\u00fcrkiye\u2019nin d\u00fcnyaca \u00fcnl\u00fc turizm merkezlerinden olan ve 5 y\u0131l s\u00fcren restorasyon \u00e7al\u0131\u015fmalar\u0131n\u0131n ard\u0131ndan 29 [&hellip;]\" \/>\n<meta property=\"og:url\" content=\"https:\/\/akunq.net\/tr\/?p=60876\" \/>\n<meta property=\"og:site_name\" content=\"Bati Ermenistan Ve Bati Ermenileri Sorunlari Ara\u015ftirmalar Merkezi\" \/>\n<meta property=\"article:published_time\" content=\"2021-01-12T06:33:59+00:00\" \/>\n<meta property=\"og:image\" content=\"https:\/\/akunq.net\/tr\/wp-content\/uploads\/sites\/6\/2021\/01\/S\u00fcmela-Manast\u0131r\u0131.jpg\" \/>\n\t<meta property=\"og:image:width\" content=\"840\" \/>\n\t<meta property=\"og:image:height\" content=\"469\" \/>\n\t<meta property=\"og:image:type\" content=\"image\/jpeg\" \/>\n<meta name=\"author\" content=\"admin\" \/>\n<meta name=\"twitter:card\" content=\"summary_large_image\" \/>\n<meta name=\"twitter:label1\" content=\"Written by\" \/>\n\t<meta name=\"twitter:data1\" content=\"admin\" \/>\n\t<meta name=\"twitter:label2\" content=\"Est. reading time\" \/>\n\t<meta name=\"twitter:data2\" content=\"2 minutes\" \/>\n<script type=\"application\/ld+json\" class=\"yoast-schema-graph\">{\"@context\":\"https:\\\/\\\/schema.org\",\"@graph\":[{\"@type\":\"Article\",\"@id\":\"https:\\\/\\\/akunq.net\\\/tr\\\/?p=60876#article\",\"isPartOf\":{\"@id\":\"https:\\\/\\\/akunq.net\\\/tr\\\/?p=60876\"},\"author\":{\"name\":\"admin\",\"@id\":\"https:\\\/\\\/akunq.net\\\/tr\\\/#\\\/schema\\\/person\\\/096f1d38a12cce57fb855b485ed24c9e\"},\"headline\":\"S\u00fcmela Manast\u0131r\u0131 Mart ay\u0131na kadar ziyaret\u00e7i kabul edilmeyecek: G\u00fc\u00e7lendirme \u00e7al\u0131\u015fmas\u0131 yap\u0131l\u0131yor\",\"datePublished\":\"2021-01-12T06:33:59+00:00\",\"mainEntityOfPage\":{\"@id\":\"https:\\\/\\\/akunq.net\\\/tr\\\/?p=60876\"},\"wordCount\":471,\"commentCount\":0,\"image\":{\"@id\":\"https:\\\/\\\/akunq.net\\\/tr\\\/?p=60876#primaryimage\"},\"thumbnailUrl\":\"https:\\\/\\\/akunq.net\\\/tr\\\/wp-content\\\/uploads\\\/sites\\\/6\\\/2021\\\/01\\\/S\u00fcmela-Manast\u0131r\u0131.jpg\",\"articleSection\":[\"Haberler\"],\"inLanguage\":\"en-US\",\"potentialAction\":[{\"@type\":\"CommentAction\",\"name\":\"Comment\",\"target\":[\"https:\\\/\\\/akunq.net\\\/tr\\\/?p=60876#respond\"]}]},{\"@type\":\"WebPage\",\"@id\":\"https:\\\/\\\/akunq.net\\\/tr\\\/?p=60876\",\"url\":\"https:\\\/\\\/akunq.net\\\/tr\\\/?p=60876\",\"name\":\"S\u00fcmela Manast\u0131r\u0131 Mart ay\u0131na kadar ziyaret\u00e7i kabul edilmeyecek: G\u00fc\u00e7lendirme \u00e7al\u0131\u015fmas\u0131 yap\u0131l\u0131yor - Bati Ermenistan Ve Bati Ermenileri Sorunlari Ara\u015ftirmalar Merkezi\",\"isPartOf\":{\"@id\":\"https:\\\/\\\/akunq.net\\\/tr\\\/#website\"},\"primaryImageOfPage\":{\"@id\":\"https:\\\/\\\/akunq.net\\\/tr\\\/?p=60876#primaryimage\"},\"image\":{\"@id\":\"https:\\\/\\\/akunq.net\\\/tr\\\/?p=60876#primaryimage\"},\"thumbnailUrl\":\"https:\\\/\\\/akunq.net\\\/tr\\\/wp-content\\\/uploads\\\/sites\\\/6\\\/2021\\\/01\\\/S\u00fcmela-Manast\u0131r\u0131.jpg\",\"datePublished\":\"2021-01-12T06:33:59+00:00\",\"author\":{\"@id\":\"https:\\\/\\\/akunq.net\\\/tr\\\/#\\\/schema\\\/person\\\/096f1d38a12cce57fb855b485ed24c9e\"},\"breadcrumb\":{\"@id\":\"https:\\\/\\\/akunq.net\\\/tr\\\/?p=60876#breadcrumb\"},\"inLanguage\":\"en-US\",\"potentialAction\":[{\"@type\":\"ReadAction\",\"target\":[\"https:\\\/\\\/akunq.net\\\/tr\\\/?p=60876\"]}]},{\"@type\":\"ImageObject\",\"inLanguage\":\"en-US\",\"@id\":\"https:\\\/\\\/akunq.net\\\/tr\\\/?p=60876#primaryimage\",\"url\":\"https:\\\/\\\/akunq.net\\\/tr\\\/wp-content\\\/uploads\\\/sites\\\/6\\\/2021\\\/01\\\/S\u00fcmela-Manast\u0131r\u0131.jpg\",\"contentUrl\":\"https:\\\/\\\/akunq.net\\\/tr\\\/wp-content\\\/uploads\\\/sites\\\/6\\\/2021\\\/01\\\/S\u00fcmela-Manast\u0131r\u0131.jpg\",\"width\":840,\"height\":469},{\"@type\":\"BreadcrumbList\",\"@id\":\"https:\\\/\\\/akunq.net\\\/tr\\\/?p=60876#breadcrumb\",\"itemListElement\":[{\"@type\":\"ListItem\",\"position\":1,\"name\":\"Home\",\"item\":\"https:\\\/\\\/akunq.net\\\/tr\"},{\"@type\":\"ListItem\",\"position\":2,\"name\":\"S\u00fcmela Manast\u0131r\u0131 Mart ay\u0131na kadar ziyaret\u00e7i kabul edilmeyecek: G\u00fc\u00e7lendirme \u00e7al\u0131\u015fmas\u0131 yap\u0131l\u0131yor\"}]},{\"@type\":\"WebSite\",\"@id\":\"https:\\\/\\\/akunq.net\\\/tr\\\/#website\",\"url\":\"https:\\\/\\\/akunq.net\\\/tr\\\/\",\"name\":\"Bati Ermenistan Ve Bati Ermenileri Sorunlari Ara\u015ftirmalar Merkezi\",\"description\":\"\",\"potentialAction\":[{\"@type\":\"SearchAction\",\"target\":{\"@type\":\"EntryPoint\",\"urlTemplate\":\"https:\\\/\\\/akunq.net\\\/tr\\\/?s={search_term_string}\"},\"query-input\":{\"@type\":\"PropertyValueSpecification\",\"valueRequired\":true,\"valueName\":\"search_term_string\"}}],\"inLanguage\":\"en-US\"},{\"@type\":\"Person\",\"@id\":\"https:\\\/\\\/akunq.net\\\/tr\\\/#\\\/schema\\\/person\\\/096f1d38a12cce57fb855b485ed24c9e\",\"name\":\"admin\",\"url\":\"https:\\\/\\\/akunq.net\\\/tr\\\/?author=7\"}]}<\/script>\n<!-- \/ Yoast SEO plugin. -->","yoast_head_json":{"title":"S\u00fcmela Manast\u0131r\u0131 Mart ay\u0131na kadar ziyaret\u00e7i kabul edilmeyecek: G\u00fc\u00e7lendirme \u00e7al\u0131\u015fmas\u0131 yap\u0131l\u0131yor - Bati Ermenistan Ve Bati Ermenileri Sorunlari Ara\u015ftirmalar Merkezi","robots":{"index":"index","follow":"follow","max-snippet":"max-snippet:-1","max-image-preview":"max-image-preview:large","max-video-preview":"max-video-preview:-1"},"canonical":"https:\/\/akunq.net\/tr\/?p=60876","og_locale":"en_US","og_type":"article","og_title":"S\u00fcmela Manast\u0131r\u0131 Mart ay\u0131na kadar ziyaret\u00e7i kabul edilmeyecek: G\u00fc\u00e7lendirme \u00e7al\u0131\u015fmas\u0131 yap\u0131l\u0131yor - Bati Ermenistan Ve Bati Ermenileri Sorunlari Ara\u015ftirmalar Merkezi","og_description":"D\u00fcnyaca \u00fcnl\u00fc S\u00fcmela Manast\u0131r\u0131\u2019n\u0131n ta\u015f d\u00fc\u015fmelerini \u00f6nleme \u00e7al\u0131\u015fmalar\u0131 kapsam\u0131nda ziyaret yasa\u011f\u0131n\u0131n Mart sonuna kadar s\u00fcrmesi bekleniyor. Ziyaret\u00e7i yasa\u011f\u0131n\u0131n uzamas\u0131, b\u00f6lgedeki olumsuz hava \u015fartlar\u0131 y\u00fcz\u00fcnden yava\u015f ilerleyen \u00e7al\u0131\u015fmalardan kaynakland\u0131\u011f\u0131 \u00f6\u011frenilirken, \u015fu an manast\u0131rda profesyonel da\u011fc\u0131lar taraf\u0131ndan kaya d\u00fc\u015f\u00fcrme ve g\u00fc\u00e7lendirme \u00e7al\u0131\u015fmas\u0131 yap\u0131l\u0131yor. T\u00fcrkiye\u2019nin d\u00fcnyaca \u00fcnl\u00fc turizm merkezlerinden olan ve 5 y\u0131l s\u00fcren restorasyon \u00e7al\u0131\u015fmalar\u0131n\u0131n ard\u0131ndan 29 [&hellip;]","og_url":"https:\/\/akunq.net\/tr\/?p=60876","og_site_name":"Bati Ermenistan Ve Bati Ermenileri Sorunlari Ara\u015ftirmalar Merkezi","article_published_time":"2021-01-12T06:33:59+00:00","og_image":[{"width":840,"height":469,"url":"https:\/\/akunq.net\/tr\/wp-content\/uploads\/sites\/6\/2021\/01\/S\u00fcmela-Manast\u0131r\u0131.jpg","type":"image\/jpeg"}],"author":"admin","twitter_card":"summary_large_image","twitter_misc":{"Written by":"admin","Est. reading time":"2 minutes"},"schema":{"@context":"https:\/\/schema.org","@graph":[{"@type":"Article","@id":"https:\/\/akunq.net\/tr\/?p=60876#article","isPartOf":{"@id":"https:\/\/akunq.net\/tr\/?p=60876"},"author":{"name":"admin","@id":"https:\/\/akunq.net\/tr\/#\/schema\/person\/096f1d38a12cce57fb855b485ed24c9e"},"headline":"S\u00fcmela Manast\u0131r\u0131 Mart ay\u0131na kadar ziyaret\u00e7i kabul edilmeyecek: G\u00fc\u00e7lendirme \u00e7al\u0131\u015fmas\u0131 yap\u0131l\u0131yor","datePublished":"2021-01-12T06:33:59+00:00","mainEntityOfPage":{"@id":"https:\/\/akunq.net\/tr\/?p=60876"},"wordCount":471,"commentCount":0,"image":{"@id":"https:\/\/akunq.net\/tr\/?p=60876#primaryimage"},"thumbnailUrl":"https:\/\/akunq.net\/tr\/wp-content\/uploads\/sites\/6\/2021\/01\/S\u00fcmela-Manast\u0131r\u0131.jpg","articleSection":["Haberler"],"inLanguage":"en-US","potentialAction":[{"@type":"CommentAction","name":"Comment","target":["https:\/\/akunq.net\/tr\/?p=60876#respond"]}]},{"@type":"WebPage","@id":"https:\/\/akunq.net\/tr\/?p=60876","url":"https:\/\/akunq.net\/tr\/?p=60876","name":"S\u00fcmela Manast\u0131r\u0131 Mart ay\u0131na kadar ziyaret\u00e7i kabul edilmeyecek: G\u00fc\u00e7lendirme \u00e7al\u0131\u015fmas\u0131 yap\u0131l\u0131yor - Bati Ermenistan Ve Bati Ermenileri Sorunlari Ara\u015ftirmalar Merkezi","isPartOf":{"@id":"https:\/\/akunq.net\/tr\/#website"},"primaryImageOfPage":{"@id":"https:\/\/akunq.net\/tr\/?p=60876#primaryimage"},"image":{"@id":"https:\/\/akunq.net\/tr\/?p=60876#primaryimage"},"thumbnailUrl":"https:\/\/akunq.net\/tr\/wp-content\/uploads\/sites\/6\/2021\/01\/S\u00fcmela-Manast\u0131r\u0131.jpg","datePublished":"2021-01-12T06:33:59+00:00","author":{"@id":"https:\/\/akunq.net\/tr\/#\/schema\/person\/096f1d38a12cce57fb855b485ed24c9e"},"breadcrumb":{"@id":"https:\/\/akunq.net\/tr\/?p=60876#breadcrumb"},"inLanguage":"en-US","potentialAction":[{"@type":"ReadAction","target":["https:\/\/akunq.net\/tr\/?p=60876"]}]},{"@type":"ImageObject","inLanguage":"en-US","@id":"https:\/\/akunq.net\/tr\/?p=60876#primaryimage","url":"https:\/\/akunq.net\/tr\/wp-content\/uploads\/sites\/6\/2021\/01\/S\u00fcmela-Manast\u0131r\u0131.jpg","contentUrl":"https:\/\/akunq.net\/tr\/wp-content\/uploads\/sites\/6\/2021\/01\/S\u00fcmela-Manast\u0131r\u0131.jpg","width":840,"height":469},{"@type":"BreadcrumbList","@id":"https:\/\/akunq.net\/tr\/?p=60876#breadcrumb","itemListElement":[{"@type":"ListItem","position":1,"name":"Home","item":"https:\/\/akunq.net\/tr"},{"@type":"ListItem","position":2,"name":"S\u00fcmela Manast\u0131r\u0131 Mart ay\u0131na kadar ziyaret\u00e7i kabul edilmeyecek: G\u00fc\u00e7lendirme \u00e7al\u0131\u015fmas\u0131 yap\u0131l\u0131yor"}]},{"@type":"WebSite","@id":"https:\/\/akunq.net\/tr\/#website","url":"https:\/\/akunq.net\/tr\/","name":"Bati Ermenistan Ve Bati Ermenileri Sorunlari Ara\u015ftirmalar Merkezi","description":"","potentialAction":[{"@type":"SearchAction","target":{"@type":"EntryPoint","urlTemplate":"https:\/\/akunq.net\/tr\/?s={search_term_string}"},"query-input":{"@type":"PropertyValueSpecification","valueRequired":true,"valueName":"search_term_string"}}],"inLanguage":"en-US"},{"@type":"Person","@id":"https:\/\/akunq.net\/tr\/#\/schema\/person\/096f1d38a12cce57fb855b485ed24c9e","name":"admin","url":"https:\/\/akunq.net\/tr\/?author=7"}]}},"_links":{"self":[{"href":"https:\/\/akunq.net\/tr\/index.php?rest_route=\/wp\/v2\/posts\/60876","targetHints":{"allow":["GET"]}}],"collection":[{"href":"https:\/\/akunq.net\/tr\/index.php?rest_route=\/wp\/v2\/posts"}],"about":[{"href":"https:\/\/akunq.net\/tr\/index.php?rest_route=\/wp\/v2\/types\/post"}],"author":[{"embeddable":true,"href":"https:\/\/akunq.net\/tr\/index.php?rest_route=\/wp\/v2\/users\/7"}],"replies":[{"embeddable":true,"href":"https:\/\/akunq.net\/tr\/index.php?rest_route=%2Fwp%2Fv2%2Fcomments&post=60876"}],"version-history":[{"count":1,"href":"https:\/\/akunq.net\/tr\/index.php?rest_route=\/wp\/v2\/posts\/60876\/revisions"}],"predecessor-version":[{"id":60878,"href":"https:\/\/akunq.net\/tr\/index.php?rest_route=\/wp\/v2\/posts\/60876\/revisions\/60878"}],"wp:featuredmedia":[{"embeddable":true,"href":"https:\/\/akunq.net\/tr\/index.php?rest_route=\/wp\/v2\/media\/60877"}],"wp:attachment":[{"href":"https:\/\/akunq.net\/tr\/index.php?rest_route=%2Fwp%2Fv2%2Fmedia&parent=60876"}],"wp:term":[{"taxonomy":"category","embeddable":true,"href":"https:\/\/akunq.net\/tr\/index.php?rest_route=%2Fwp%2Fv2%2Fcategories&post=60876"},{"taxonomy":"post_tag","embeddable":true,"href":"https:\/\/akunq.net\/tr\/index.php?rest_route=%2Fwp%2Fv2%2Ftags&post=60876"}],"curies":[{"name":"wp","href":"https:\/\/api.w.org\/{rel}","templated":true}]}}