{"id":60873,"date":"2021-01-12T01:25:23","date_gmt":"2021-01-12T06:25:23","guid":{"rendered":"https:\/\/akunq.net\/tr\/?p=60873"},"modified":"2021-01-12T01:25:23","modified_gmt":"2021-01-12T06:25:23","slug":"hrant-dink-davasinda-tutuksuz-saniklar-mutalaaya-karsi-savunma-yapti","status":"publish","type":"post","link":"https:\/\/akunq.net\/tr\/?p=60873","title":{"rendered":"Hrant Dink davas\u0131nda tutuksuz san\u0131klar m\u00fctalaaya kar\u015f\u0131 savunma yapt\u0131"},"content":{"rendered":"<p><img loading=\"lazy\" decoding=\"async\" class=\"aligncenter size-medium wp-image-60874\" src=\"https:\/\/akunq.net\/tr\/wp-content\/uploads\/2021\/01\/Hrant-Dink-1-360x240.jpg\" alt=\"\" width=\"360\" height=\"240\" srcset=\"https:\/\/akunq.net\/tr\/wp-content\/uploads\/sites\/6\/2021\/01\/Hrant-Dink-1-360x240.jpg 360w, https:\/\/akunq.net\/tr\/wp-content\/uploads\/sites\/6\/2021\/01\/Hrant-Dink-1-768x512.jpg 768w, https:\/\/akunq.net\/tr\/wp-content\/uploads\/sites\/6\/2021\/01\/Hrant-Dink-1-560x373.jpg 560w, https:\/\/akunq.net\/tr\/wp-content\/uploads\/sites\/6\/2021\/01\/Hrant-Dink-1-260x173.jpg 260w, https:\/\/akunq.net\/tr\/wp-content\/uploads\/sites\/6\/2021\/01\/Hrant-Dink-1-160x107.jpg 160w, https:\/\/akunq.net\/tr\/wp-content\/uploads\/sites\/6\/2021\/01\/Hrant-Dink-1.jpg 840w\" sizes=\"auto, (max-width: 360px) 100vw, 360px\" \/><\/p>\n<p><em><strong>Agos Gazetesi Genel Yay\u0131n Y\u00f6netmeni Hrant Dink\u2019in \u00f6ld\u00fcr\u00fclmesine ili\u015fkin kamu g\u00f6revlilerinin yarg\u0131land\u0131\u011f\u0131 davan\u0131n 121\u2019nci duru\u015fmas\u0131 baz\u0131 san\u0131klar\u0131n\u0131n ifadelerinin al\u0131nmas\u0131 sonras\u0131 15 Ocak\u2019a ertelendi.<\/strong><\/em><\/p>\n<p>AGOS Gazetesi Genel Yay\u0131n Y\u00f6netmeni Hrant Dink\u2019in \u00f6ld\u00fcr\u00fclmesine ili\u015fkin 4\u2019\u00fc tutuklu 76 san\u0131\u011f\u0131n yarg\u0131land\u0131\u011f\u0131 davan\u0131n 121\u2019nci duru\u015fmas\u0131nda, tutuksuz san\u0131klar esas hakk\u0131ndaki m\u00fctalaaya kar\u015f\u0131 savunmalar\u0131n\u0131 yapt\u0131.<\/p>\n<p>Agos Gazetesi Genel Yay\u0131n Y\u00f6netmeni Hrant Dink\u2019in \u00f6ld\u00fcr\u00fclmesine ili\u015fkin kamu g\u00f6revlilerinin yarg\u0131land\u0131\u011f\u0131 davan\u0131n 121\u2019inci duru\u015fmas\u0131, \u00c7a\u011flayan\u2019da bulunan \u0130stanbul 14\u2019nc\u00fc A\u011f\u0131r Ceza Mahkemesi\u2019nde g\u00f6r\u00fcld\u00fc. Duru\u015fmaya, Samsun Emniyet TEM \u015eube M\u00fcd\u00fcrl\u00fc\u011f\u00fc g\u00f6revlisi Metin Balta, Ses ve G\u00f6r\u00fcnt\u00fcl\u00fc Bili\u015fim Sistemi ile (SEGB\u0130S) ile kat\u0131l\u0131rken, di\u011fer san\u0131klar ise duru\u015fma salonunda haz\u0131r bulundu.<\/p>\n<p><strong>\u201cTELK\u0130NLERDE BULUNDUM\u201d<\/strong><\/p>\n<p>Kimlik tespitlerin ard\u0131ndan esasa ili\u015fkin mahkemeye sunulan m\u00fctalaaya kar\u015f\u0131 savunmas\u0131n\u0131 yapan d\u00f6nemin Trabzon \u0130stihbarat \u015eube M\u00fcd\u00fcr\u00fc g\u00f6revlilerinden Faruk Sar\u0131, Sar\u0131, \u201cTrabzon\u2019a gitme sebebim ilde bo\u015f kadro olmas\u0131yd\u0131. Daha \u00f6nce \u00e7al\u0131\u015ft\u0131\u011f\u0131m Re\u015fat Altay\u2019\u0131n teklifi ile gittim\u201d dedi. Dink\u2019in \u0130stanbul\u2019da \u00f6ld\u00fcr\u00fcld\u00fc\u011f\u00fcn\u00fc hat\u0131rlatan san\u0131k Sar\u0131, \u201cHrant Dink\u2019in uzak veya yak\u0131n tehlikede bulundu\u011funu bilen ki\u015fi \u0130stanbul kadrosudur. Ben Trabzon\u2019dayken bunu de\u011ferlendirme imkan\u0131m yoktur. Hrant Dink ile alakal\u0131 olarak hi\u00e7bir bilgi gelmemi\u015ftir, gelmi\u015f olsa zaten payla\u015f\u0131rd\u0131m. Ben Trabzon\u2019da 4 ayl\u0131kken, kendi kadromu bile daha tan\u0131mazken nas\u0131l bir \u00f6rg\u00fct organizasyon i\u00e7inde olabilirim ki\u201d dedi.<\/p>\n<p>\u0130stihbarat Daire Ba\u015fkan\u0131 Engin Din\u00e7 ile yakla\u015f\u0131k bir ay \u00e7al\u0131\u015ft\u0131\u011f\u0131n\u0131 s\u00f6yleyen Sar\u0131 \u201cDin\u00e7, Ramazan Aky\u00fcrek\u2019ten tayin isteyince Afyon\u2019a gitti\u201d dedi.<\/p>\n<p>Trabzon\u2019a yeni atanan emniyet m\u00fcd\u00fcr\u00fc Re\u015fat Altay\u2019a May\u0131s 2006\u2019da brifing verildi\u011fini fakat Yasin Hayal ve Erhan Tuncel ile ilgili bir bilgi sahibi olmad\u0131\u011f\u0131n\u0131 s\u00f6yleyen Sar\u0131, Tuncel\u2019in Haziran 2006\u2019da yard\u0131mc\u0131 istihbarat eleman\u0131 olarak \u00e7al\u0131\u015fmak istemedi\u011fini ve Tuncel\u2019in \u00e7al\u0131\u015fmas\u0131 i\u00e7in telkinlerde bulunuldu\u011funu s\u00f6yledi. Sar\u0131, ayn\u0131 \u015fubede \u00e7al\u0131\u015fan san\u0131k \u00d6zkan Mumcu\u2019ya devredildi\u011fini ancak Tuncel\u2019in davran\u0131\u015flar\u0131nda yine bir de\u011fi\u015fiklik olmad\u0131\u011f\u0131n\u0131 belirtti. Beraat\u0131n\u0131 talep eden Sar\u0131, avukat\u0131yla beraber savunma sonras\u0131 salondan ayr\u0131ld\u0131.<\/p>\n<p><strong>\u201cERGENEKONCU DED\u0130LER\u201d<\/strong><\/p>\n<p>D\u00f6nemin Trabzon \u0130stihbarat \u015eube M\u00fcd\u00fcrl\u00fc\u011f\u00fc \u00e7al\u0131\u015fanlar\u0131ndan san\u0131k Mehmet Ayhan ise \u201c2004 y\u0131l\u0131nda Erhan Tuncel yard\u0131mc\u0131 istihbarat personeli kadrosuna al\u0131nm\u0131\u015f. Erhan Tuncel eleman olmas\u0131 konusunda ben telkinde bulunmad\u0131m, \u00e7\u00fcnk\u00fc Trabzon\u2019a 2005 y\u0131l\u0131nda atand\u0131m\u201d dedi. Ayhan, \u201cErhan Tuncel cinayet sonras\u0131 ifadesinde Og\u00fcn Samast dahil t\u00fcm bilgileri bize verdi\u011fini iddia ediyor. Bu bilgi tamamen yanl\u0131\u015ft\u0131r. Og\u00fcn Samast ad\u0131 taraf\u0131m\u0131zdan cinayet sonras\u0131 \u00f6\u011frenilmi\u015ftir. \u00d6rg\u00fct ile hi\u00e7bir temas\u0131m olmad\u0131\u201d ifadelerini kulland\u0131. Ayhan kendisine y\u00f6neltilen FET\u00d6 su\u00e7lamas\u0131yla ilgili \u201cCezaevinden \u00e7\u0131kt\u0131ktan sonra konjonkt\u00fcre g\u00f6re olay\u0131n Ergenekon ile alakal\u0131 oldu\u011funu s\u00f6yleyip bize \u2018Ergenekoncu\u2019 diyor. Daha sonra bu mahkeme salonunda FET\u00d6\u2019c\u00fc denildi. De\u011fi\u015fen konjonkt\u00fcre g\u00f6re beyanda bulunuyor\u201c dedi.<\/p>\n<p><strong>\u201cOLAY G\u00dcN\u00dc OLAY MAHALL\u0130 OLAN AGOS GAZETES\u0130 VE \u00c7EVRES\u0130NE H\u0130\u00c7 G\u0130TMED\u0130M\u201d<\/strong><\/p>\n<p>Dink\u2019in \u00f6ld\u00fcr\u00fcld\u00fc\u011f\u00fc tarihte \u0130stanbul Jandarma \u0130stihbarat da g\u00f6rev yapan Hac\u0131 \u015eefik \u015eim\u015fek, \u201cTrabzon \u0130l Jandarma Komutanl\u0131\u011f\u0131\u2019nda \u00e7al\u0131\u015fan davan\u0131n san\u0131klar\u0131 ile hi\u00e7bir irtibat\u0131m, tan\u0131\u015f\u0131kl\u0131\u011f\u0131m yoktur. Olay g\u00fcn\u00fc PKK ile irtibatl\u0131 oldu\u011funu d\u00fc\u015f\u00fcnd\u00fc\u011f\u00fcm\u00fcz K\u00fcrt K\u00fclt\u00fcr Vakf\u0131\u2019n\u0131n foto\u011fraflanmas\u0131 \u00e7al\u0131\u015fmas\u0131 yapmak i\u00e7in Tarlaba\u015f\u0131\u2019nda bulunuyorduk. Sonra da Karak\u00f6y\u2019e gittim. \u0130ddia makam\u0131 cinayet mahallinde oldu\u011fumu nas\u0131l tespit etti. X3 olarak g\u00f6sterilen \u015fah\u0131s telefonla g\u00f6r\u00fc\u015f\u00fcyor, benim o anda telefonla g\u00f6r\u00fc\u015fmem yok. Olay g\u00fcn\u00fc olay mahalli olan Agos Gazetesi ve \u00e7evresine hi\u00e7 gitmedim. Bu davadan dolay\u0131 8 ay tutuklu kald\u0131m. Halen Edirne\u2019de muvazzaf uzman jandarma olarak g\u00f6revime devam ediyorum. Beraatimi talep ederim\u201d dedi.<\/p>\n<p><strong>\u201cD\u0130NK\u2019\u0130N \u00d6LD\u00dcR\u00dcLECE\u011e\u0130NE \u0130L\u0130\u015eK\u0130N RAPOR YAZAN \u0130ST\u0130HBARAT\u00c7I DA SAVUNMASINI YAPTI\u201d<\/strong><\/p>\n<p>Olaydan 6 ay \u00f6ncesine kadar Trabzon \u0130l Emniyet M\u00fcd\u00fcrl\u00fc\u011f\u00fc \u0130stihbarat \u015eube M\u00fcd\u00fcrl\u00fc\u011f\u00fc\u2019nde g\u00f6rev yapan tutuksuz san\u0131k eski polis Muhittin Zenit, esas hakk\u0131ndaki m\u00fctalaaya kar\u015f\u0131 yapt\u0131\u011f\u0131 savunmada, cinayet tasar\u0131s\u0131na ili\u015fkin bilgileri amirlerine aktard\u0131\u011f\u0131n\u0131 s\u00f6yledi. Erhan Tuncel\u2019in istihbarat eleman\u0131 olarak kullan\u0131lmaya ba\u015flanmas\u0131n\u0131n su\u00e7 de\u011fil ba\u015far\u0131 oldu\u011funu savunan Zenit, \u201cCinayetin olmamas\u0131 i\u00e7in elimden geleni yapm\u0131\u015f\u0131m. Yasin Halay ile ilgili \u00fc\u00e7 tane \u00e7al\u0131\u015fma yapm\u0131\u015f\u0131m. \u2018Ne olursa olsun \u00f6ld\u00fcr\u00fclecek\u2019 diye rapor yazm\u0131\u015f\u0131m. \u00d6ld\u00fcr\u00fclece\u011fine ili\u015fkin raporlar\u0131 yazan benim. \u2018Ben raporlar\u0131 yazm\u0131\u015f\u0131m, sonra niye gere\u011fini yapmam\u0131\u015fs\u0131n\u2019 diye sorgulamay\u0131n. Ben raporumu yazm\u0131\u015f\u0131m. \u2018Bu adam \u00f6ld\u00fcr\u00fcl\u00fcrse devlet zarar g\u00f6r\u00fcr diye yazm\u0131\u015f\u0131m. Daha ne yapabilirim\u201d dedi. Zenit, \u201cBen bu su\u00e7un ortaya \u00e7\u0131kmas\u0131na \u00e7al\u0131\u015fm\u0131\u015f\u0131m. Ben bu insan\u0131n hayat\u0131n\u0131 korumak i\u00e7in can\u0131m\u0131 ortaya koymu\u015fum. D\u0131\u015far\u0131da hedefim. L\u00fctfen bu g\u00fcnah ke\u00e7isinden \u00e7\u0131kar\u0131n\u201d dedi.<\/p>\n<p>Muhittin Zenit, savunmas\u0131nda kendisine y\u00f6neltilen \u201cter\u00f6r \u00f6rg\u00fct\u00fc\u201d su\u00e7lamas\u0131yla ilgili de \u015funlar\u0131 s\u00f6yledi: \u201cBir ter\u00f6r \u00f6rg\u00fct\u00fc \u00fcyesi nas\u0131l istihbarat daire ba\u015fkanl\u0131\u011f\u0131nda \u00e7al\u0131\u015fabilir? Tahliye olduktan sonra g\u00f6revime ba\u015flad\u0131m. \u0130stihbarat ba\u015fkan\u0131 ve di\u011fer yetkililer taraf\u0131ndan Dink davas\u0131ndaki \u00e7al\u0131\u015fmamdan dolay\u0131 e\u011fitimci olarak g\u00f6revlendirildim. Ben FET\u00d6 ile m\u00fccadele eden meslekta\u015flar\u0131ma ders veriyorum.\u201d<\/p>\n<p>Zenit savunmas\u0131n\u0131n devam\u0131nda, \u201cFET\u00d6 ile ili\u015fkim oldu\u011fum su\u00e7lamas\u0131 ile ilgili tek bir c\u00fcmle bile yoktur. 2017\u2019de tutukland\u0131\u011f\u0131mda g\u00f6revimin ba\u015f\u0131ndayd\u0131m. Sekiz ay tutuklu kald\u0131m, tahliyeden sonra hemen \u00fcniformam\u0131 giyerek i\u015fe ba\u015flad\u0131m. Olay g\u00fcn\u00fc kimseyi takip etmedim. Agos Gazetesi ve \u00e7evresine hi\u00e7 gitmedim\u201d diyerek beraat\u0131n\u0131 talep etti.<\/p>\n<p><strong>DURU\u015eMA ERTELEND\u0130<\/strong><\/p>\n<p>Savunmalar\u0131n ard\u0131ndan mahkeme heyeti daha \u00f6nceki oturumlarda kararla\u015ft\u0131r\u0131lan san\u0131klar\u0131n beyanlar\u0131n\u0131, duru\u015fmada dinlenmeleri kabul edilen ancak esas hakk\u0131ndaki beyanlar\u0131 al\u0131nmayan Mehmet U\u00e7ar, Mehmet Ali \u00d6zk\u0131l\u0131n\u00e7, Metin Y\u0131ld\u0131z ve Metin Balta\u2019n\u0131n m\u00fctalaaya kar\u015f\u0131 beyanlar\u0131n\u0131n 15 Ocak\u2019ta yap\u0131lacak olan duru\u015fmada al\u0131nmas\u0131na karar verdi.<\/p>\n<p>Mahkeme, m\u00fctalaaya kar\u015f\u0131 beyan ve ek savunmas\u0131 bug\u00fcn al\u0131nmas\u0131 karar verilen ancak mazeret bildiren san\u0131k Hamdi Egbatan\u2019\u0131n esasa ili\u015fkin son savunma ve ek savunmas\u0131n\u0131n ise 20 Ocak\u2019ta yap\u0131lacak olan duru\u015fmada al\u0131nmas\u0131na karar verdi.<\/p>\n<hr \/>\n<p><em><strong>https:\/\/www.evrensel.net\/haber\/423324\/hrant-dink-davasinda-tutuksuz-saniklar-mutalaaya-karsi-savunma-yapti\u00a0<\/strong><\/em><\/p>\n","protected":false},"excerpt":{"rendered":"<p>Agos Gazetesi Genel Yay\u0131n Y\u00f6netmeni Hrant Dink\u2019in \u00f6ld\u00fcr\u00fclmesine ili\u015fkin kamu g\u00f6revlilerinin yarg\u0131land\u0131\u011f\u0131 davan\u0131n 121\u2019nci duru\u015fmas\u0131 baz\u0131 san\u0131klar\u0131n\u0131n ifadelerinin al\u0131nmas\u0131 sonras\u0131 15 Ocak\u2019a ertelendi. AGOS Gazetesi Genel Yay\u0131n Y\u00f6netmeni Hrant Dink\u2019in \u00f6ld\u00fcr\u00fclmesine ili\u015fkin 4\u2019\u00fc tutuklu 76 san\u0131\u011f\u0131n yarg\u0131land\u0131\u011f\u0131 davan\u0131n 121\u2019nci duru\u015fmas\u0131nda, tutuksuz san\u0131klar esas hakk\u0131ndaki m\u00fctalaaya kar\u015f\u0131 savunmalar\u0131n\u0131 yapt\u0131. Agos Gazetesi Genel Yay\u0131n Y\u00f6netmeni Hrant Dink\u2019in [&hellip;]<\/p>\n","protected":false},"author":7,"featured_media":60874,"comment_status":"open","ping_status":"open","sticky":false,"template":"","format":"standard","meta":{"footnotes":""},"categories":[1],"tags":[],"class_list":["post-60873","post","type-post","status-publish","format-standard","has-post-thumbnail","hentry","category-haberler"],"yoast_head":"<!-- This site is optimized with the Yoast SEO plugin v27.4 - https:\/\/yoast.com\/product\/yoast-seo-wordpress\/ -->\n<title>Hrant Dink davas\u0131nda tutuksuz san\u0131klar m\u00fctalaaya kar\u015f\u0131 savunma yapt\u0131 - Bati Ermenistan Ve Bati Ermenileri Sorunlari Ara\u015ftirmalar Merkezi<\/title>\n<meta name=\"robots\" content=\"index, follow, max-snippet:-1, max-image-preview:large, max-video-preview:-1\" \/>\n<link rel=\"canonical\" href=\"https:\/\/akunq.net\/tr\/?p=60873\" \/>\n<meta property=\"og:locale\" content=\"en_US\" \/>\n<meta property=\"og:type\" content=\"article\" \/>\n<meta property=\"og:title\" content=\"Hrant Dink davas\u0131nda tutuksuz san\u0131klar m\u00fctalaaya kar\u015f\u0131 savunma yapt\u0131 - Bati Ermenistan Ve Bati Ermenileri Sorunlari Ara\u015ftirmalar Merkezi\" \/>\n<meta property=\"og:description\" content=\"Agos Gazetesi Genel Yay\u0131n Y\u00f6netmeni Hrant Dink\u2019in \u00f6ld\u00fcr\u00fclmesine ili\u015fkin kamu g\u00f6revlilerinin yarg\u0131land\u0131\u011f\u0131 davan\u0131n 121\u2019nci duru\u015fmas\u0131 baz\u0131 san\u0131klar\u0131n\u0131n ifadelerinin al\u0131nmas\u0131 sonras\u0131 15 Ocak\u2019a ertelendi. AGOS Gazetesi Genel Yay\u0131n Y\u00f6netmeni Hrant Dink\u2019in \u00f6ld\u00fcr\u00fclmesine ili\u015fkin 4\u2019\u00fc tutuklu 76 san\u0131\u011f\u0131n yarg\u0131land\u0131\u011f\u0131 davan\u0131n 121\u2019nci duru\u015fmas\u0131nda, tutuksuz san\u0131klar esas hakk\u0131ndaki m\u00fctalaaya kar\u015f\u0131 savunmalar\u0131n\u0131 yapt\u0131. Agos Gazetesi Genel Yay\u0131n Y\u00f6netmeni Hrant Dink\u2019in [&hellip;]\" \/>\n<meta property=\"og:url\" content=\"https:\/\/akunq.net\/tr\/?p=60873\" \/>\n<meta property=\"og:site_name\" content=\"Bati Ermenistan Ve Bati Ermenileri Sorunlari Ara\u015ftirmalar Merkezi\" \/>\n<meta property=\"article:published_time\" content=\"2021-01-12T06:25:23+00:00\" \/>\n<meta property=\"og:image\" content=\"https:\/\/akunq.net\/tr\/wp-content\/uploads\/sites\/6\/2021\/01\/Hrant-Dink-1.jpg\" \/>\n\t<meta property=\"og:image:width\" content=\"840\" \/>\n\t<meta property=\"og:image:height\" content=\"560\" \/>\n\t<meta property=\"og:image:type\" content=\"image\/jpeg\" \/>\n<meta name=\"author\" content=\"admin\" \/>\n<meta name=\"twitter:card\" content=\"summary_large_image\" \/>\n<meta name=\"twitter:label1\" content=\"Written by\" \/>\n\t<meta name=\"twitter:data1\" content=\"admin\" \/>\n\t<meta name=\"twitter:label2\" content=\"Est. reading time\" \/>\n\t<meta name=\"twitter:data2\" content=\"6 minutes\" \/>\n<script type=\"application\/ld+json\" class=\"yoast-schema-graph\">{\"@context\":\"https:\\\/\\\/schema.org\",\"@graph\":[{\"@type\":\"Article\",\"@id\":\"https:\\\/\\\/akunq.net\\\/tr\\\/?p=60873#article\",\"isPartOf\":{\"@id\":\"https:\\\/\\\/akunq.net\\\/tr\\\/?p=60873\"},\"author\":{\"name\":\"admin\",\"@id\":\"https:\\\/\\\/akunq.net\\\/tr\\\/#\\\/schema\\\/person\\\/096f1d38a12cce57fb855b485ed24c9e\"},\"headline\":\"Hrant Dink davas\u0131nda tutuksuz san\u0131klar m\u00fctalaaya kar\u015f\u0131 savunma yapt\u0131\",\"datePublished\":\"2021-01-12T06:25:23+00:00\",\"mainEntityOfPage\":{\"@id\":\"https:\\\/\\\/akunq.net\\\/tr\\\/?p=60873\"},\"wordCount\":1161,\"commentCount\":0,\"image\":{\"@id\":\"https:\\\/\\\/akunq.net\\\/tr\\\/?p=60873#primaryimage\"},\"thumbnailUrl\":\"https:\\\/\\\/akunq.net\\\/tr\\\/wp-content\\\/uploads\\\/sites\\\/6\\\/2021\\\/01\\\/Hrant-Dink-1.jpg\",\"articleSection\":[\"Haberler\"],\"inLanguage\":\"en-US\",\"potentialAction\":[{\"@type\":\"CommentAction\",\"name\":\"Comment\",\"target\":[\"https:\\\/\\\/akunq.net\\\/tr\\\/?p=60873#respond\"]}]},{\"@type\":\"WebPage\",\"@id\":\"https:\\\/\\\/akunq.net\\\/tr\\\/?p=60873\",\"url\":\"https:\\\/\\\/akunq.net\\\/tr\\\/?p=60873\",\"name\":\"Hrant Dink davas\u0131nda tutuksuz san\u0131klar m\u00fctalaaya kar\u015f\u0131 savunma yapt\u0131 - Bati Ermenistan Ve Bati Ermenileri Sorunlari Ara\u015ftirmalar Merkezi\",\"isPartOf\":{\"@id\":\"https:\\\/\\\/akunq.net\\\/tr\\\/#website\"},\"primaryImageOfPage\":{\"@id\":\"https:\\\/\\\/akunq.net\\\/tr\\\/?p=60873#primaryimage\"},\"image\":{\"@id\":\"https:\\\/\\\/akunq.net\\\/tr\\\/?p=60873#primaryimage\"},\"thumbnailUrl\":\"https:\\\/\\\/akunq.net\\\/tr\\\/wp-content\\\/uploads\\\/sites\\\/6\\\/2021\\\/01\\\/Hrant-Dink-1.jpg\",\"datePublished\":\"2021-01-12T06:25:23+00:00\",\"author\":{\"@id\":\"https:\\\/\\\/akunq.net\\\/tr\\\/#\\\/schema\\\/person\\\/096f1d38a12cce57fb855b485ed24c9e\"},\"breadcrumb\":{\"@id\":\"https:\\\/\\\/akunq.net\\\/tr\\\/?p=60873#breadcrumb\"},\"inLanguage\":\"en-US\",\"potentialAction\":[{\"@type\":\"ReadAction\",\"target\":[\"https:\\\/\\\/akunq.net\\\/tr\\\/?p=60873\"]}]},{\"@type\":\"ImageObject\",\"inLanguage\":\"en-US\",\"@id\":\"https:\\\/\\\/akunq.net\\\/tr\\\/?p=60873#primaryimage\",\"url\":\"https:\\\/\\\/akunq.net\\\/tr\\\/wp-content\\\/uploads\\\/sites\\\/6\\\/2021\\\/01\\\/Hrant-Dink-1.jpg\",\"contentUrl\":\"https:\\\/\\\/akunq.net\\\/tr\\\/wp-content\\\/uploads\\\/sites\\\/6\\\/2021\\\/01\\\/Hrant-Dink-1.jpg\",\"width\":840,\"height\":560},{\"@type\":\"BreadcrumbList\",\"@id\":\"https:\\\/\\\/akunq.net\\\/tr\\\/?p=60873#breadcrumb\",\"itemListElement\":[{\"@type\":\"ListItem\",\"position\":1,\"name\":\"Home\",\"item\":\"https:\\\/\\\/akunq.net\\\/tr\"},{\"@type\":\"ListItem\",\"position\":2,\"name\":\"Hrant Dink davas\u0131nda tutuksuz san\u0131klar m\u00fctalaaya kar\u015f\u0131 savunma yapt\u0131\"}]},{\"@type\":\"WebSite\",\"@id\":\"https:\\\/\\\/akunq.net\\\/tr\\\/#website\",\"url\":\"https:\\\/\\\/akunq.net\\\/tr\\\/\",\"name\":\"Bati Ermenistan Ve Bati Ermenileri Sorunlari Ara\u015ftirmalar Merkezi\",\"description\":\"\",\"potentialAction\":[{\"@type\":\"SearchAction\",\"target\":{\"@type\":\"EntryPoint\",\"urlTemplate\":\"https:\\\/\\\/akunq.net\\\/tr\\\/?s={search_term_string}\"},\"query-input\":{\"@type\":\"PropertyValueSpecification\",\"valueRequired\":true,\"valueName\":\"search_term_string\"}}],\"inLanguage\":\"en-US\"},{\"@type\":\"Person\",\"@id\":\"https:\\\/\\\/akunq.net\\\/tr\\\/#\\\/schema\\\/person\\\/096f1d38a12cce57fb855b485ed24c9e\",\"name\":\"admin\",\"url\":\"https:\\\/\\\/akunq.net\\\/tr\\\/?author=7\"}]}<\/script>\n<!-- \/ Yoast SEO plugin. -->","yoast_head_json":{"title":"Hrant Dink davas\u0131nda tutuksuz san\u0131klar m\u00fctalaaya kar\u015f\u0131 savunma yapt\u0131 - Bati Ermenistan Ve Bati Ermenileri Sorunlari Ara\u015ftirmalar Merkezi","robots":{"index":"index","follow":"follow","max-snippet":"max-snippet:-1","max-image-preview":"max-image-preview:large","max-video-preview":"max-video-preview:-1"},"canonical":"https:\/\/akunq.net\/tr\/?p=60873","og_locale":"en_US","og_type":"article","og_title":"Hrant Dink davas\u0131nda tutuksuz san\u0131klar m\u00fctalaaya kar\u015f\u0131 savunma yapt\u0131 - Bati Ermenistan Ve Bati Ermenileri Sorunlari Ara\u015ftirmalar Merkezi","og_description":"Agos Gazetesi Genel Yay\u0131n Y\u00f6netmeni Hrant Dink\u2019in \u00f6ld\u00fcr\u00fclmesine ili\u015fkin kamu g\u00f6revlilerinin yarg\u0131land\u0131\u011f\u0131 davan\u0131n 121\u2019nci duru\u015fmas\u0131 baz\u0131 san\u0131klar\u0131n\u0131n ifadelerinin al\u0131nmas\u0131 sonras\u0131 15 Ocak\u2019a ertelendi. AGOS Gazetesi Genel Yay\u0131n Y\u00f6netmeni Hrant Dink\u2019in \u00f6ld\u00fcr\u00fclmesine ili\u015fkin 4\u2019\u00fc tutuklu 76 san\u0131\u011f\u0131n yarg\u0131land\u0131\u011f\u0131 davan\u0131n 121\u2019nci duru\u015fmas\u0131nda, tutuksuz san\u0131klar esas hakk\u0131ndaki m\u00fctalaaya kar\u015f\u0131 savunmalar\u0131n\u0131 yapt\u0131. Agos Gazetesi Genel Yay\u0131n Y\u00f6netmeni Hrant Dink\u2019in [&hellip;]","og_url":"https:\/\/akunq.net\/tr\/?p=60873","og_site_name":"Bati Ermenistan Ve Bati Ermenileri Sorunlari Ara\u015ftirmalar Merkezi","article_published_time":"2021-01-12T06:25:23+00:00","og_image":[{"width":840,"height":560,"url":"https:\/\/akunq.net\/tr\/wp-content\/uploads\/sites\/6\/2021\/01\/Hrant-Dink-1.jpg","type":"image\/jpeg"}],"author":"admin","twitter_card":"summary_large_image","twitter_misc":{"Written by":"admin","Est. reading time":"6 minutes"},"schema":{"@context":"https:\/\/schema.org","@graph":[{"@type":"Article","@id":"https:\/\/akunq.net\/tr\/?p=60873#article","isPartOf":{"@id":"https:\/\/akunq.net\/tr\/?p=60873"},"author":{"name":"admin","@id":"https:\/\/akunq.net\/tr\/#\/schema\/person\/096f1d38a12cce57fb855b485ed24c9e"},"headline":"Hrant Dink davas\u0131nda tutuksuz san\u0131klar m\u00fctalaaya kar\u015f\u0131 savunma yapt\u0131","datePublished":"2021-01-12T06:25:23+00:00","mainEntityOfPage":{"@id":"https:\/\/akunq.net\/tr\/?p=60873"},"wordCount":1161,"commentCount":0,"image":{"@id":"https:\/\/akunq.net\/tr\/?p=60873#primaryimage"},"thumbnailUrl":"https:\/\/akunq.net\/tr\/wp-content\/uploads\/sites\/6\/2021\/01\/Hrant-Dink-1.jpg","articleSection":["Haberler"],"inLanguage":"en-US","potentialAction":[{"@type":"CommentAction","name":"Comment","target":["https:\/\/akunq.net\/tr\/?p=60873#respond"]}]},{"@type":"WebPage","@id":"https:\/\/akunq.net\/tr\/?p=60873","url":"https:\/\/akunq.net\/tr\/?p=60873","name":"Hrant Dink davas\u0131nda tutuksuz san\u0131klar m\u00fctalaaya kar\u015f\u0131 savunma yapt\u0131 - Bati Ermenistan Ve Bati Ermenileri Sorunlari Ara\u015ftirmalar Merkezi","isPartOf":{"@id":"https:\/\/akunq.net\/tr\/#website"},"primaryImageOfPage":{"@id":"https:\/\/akunq.net\/tr\/?p=60873#primaryimage"},"image":{"@id":"https:\/\/akunq.net\/tr\/?p=60873#primaryimage"},"thumbnailUrl":"https:\/\/akunq.net\/tr\/wp-content\/uploads\/sites\/6\/2021\/01\/Hrant-Dink-1.jpg","datePublished":"2021-01-12T06:25:23+00:00","author":{"@id":"https:\/\/akunq.net\/tr\/#\/schema\/person\/096f1d38a12cce57fb855b485ed24c9e"},"breadcrumb":{"@id":"https:\/\/akunq.net\/tr\/?p=60873#breadcrumb"},"inLanguage":"en-US","potentialAction":[{"@type":"ReadAction","target":["https:\/\/akunq.net\/tr\/?p=60873"]}]},{"@type":"ImageObject","inLanguage":"en-US","@id":"https:\/\/akunq.net\/tr\/?p=60873#primaryimage","url":"https:\/\/akunq.net\/tr\/wp-content\/uploads\/sites\/6\/2021\/01\/Hrant-Dink-1.jpg","contentUrl":"https:\/\/akunq.net\/tr\/wp-content\/uploads\/sites\/6\/2021\/01\/Hrant-Dink-1.jpg","width":840,"height":560},{"@type":"BreadcrumbList","@id":"https:\/\/akunq.net\/tr\/?p=60873#breadcrumb","itemListElement":[{"@type":"ListItem","position":1,"name":"Home","item":"https:\/\/akunq.net\/tr"},{"@type":"ListItem","position":2,"name":"Hrant Dink davas\u0131nda tutuksuz san\u0131klar m\u00fctalaaya kar\u015f\u0131 savunma yapt\u0131"}]},{"@type":"WebSite","@id":"https:\/\/akunq.net\/tr\/#website","url":"https:\/\/akunq.net\/tr\/","name":"Bati Ermenistan Ve Bati Ermenileri Sorunlari Ara\u015ftirmalar Merkezi","description":"","potentialAction":[{"@type":"SearchAction","target":{"@type":"EntryPoint","urlTemplate":"https:\/\/akunq.net\/tr\/?s={search_term_string}"},"query-input":{"@type":"PropertyValueSpecification","valueRequired":true,"valueName":"search_term_string"}}],"inLanguage":"en-US"},{"@type":"Person","@id":"https:\/\/akunq.net\/tr\/#\/schema\/person\/096f1d38a12cce57fb855b485ed24c9e","name":"admin","url":"https:\/\/akunq.net\/tr\/?author=7"}]}},"_links":{"self":[{"href":"https:\/\/akunq.net\/tr\/index.php?rest_route=\/wp\/v2\/posts\/60873","targetHints":{"allow":["GET"]}}],"collection":[{"href":"https:\/\/akunq.net\/tr\/index.php?rest_route=\/wp\/v2\/posts"}],"about":[{"href":"https:\/\/akunq.net\/tr\/index.php?rest_route=\/wp\/v2\/types\/post"}],"author":[{"embeddable":true,"href":"https:\/\/akunq.net\/tr\/index.php?rest_route=\/wp\/v2\/users\/7"}],"replies":[{"embeddable":true,"href":"https:\/\/akunq.net\/tr\/index.php?rest_route=%2Fwp%2Fv2%2Fcomments&post=60873"}],"version-history":[{"count":1,"href":"https:\/\/akunq.net\/tr\/index.php?rest_route=\/wp\/v2\/posts\/60873\/revisions"}],"predecessor-version":[{"id":60875,"href":"https:\/\/akunq.net\/tr\/index.php?rest_route=\/wp\/v2\/posts\/60873\/revisions\/60875"}],"wp:featuredmedia":[{"embeddable":true,"href":"https:\/\/akunq.net\/tr\/index.php?rest_route=\/wp\/v2\/media\/60874"}],"wp:attachment":[{"href":"https:\/\/akunq.net\/tr\/index.php?rest_route=%2Fwp%2Fv2%2Fmedia&parent=60873"}],"wp:term":[{"taxonomy":"category","embeddable":true,"href":"https:\/\/akunq.net\/tr\/index.php?rest_route=%2Fwp%2Fv2%2Fcategories&post=60873"},{"taxonomy":"post_tag","embeddable":true,"href":"https:\/\/akunq.net\/tr\/index.php?rest_route=%2Fwp%2Fv2%2Ftags&post=60873"}],"curies":[{"name":"wp","href":"https:\/\/api.w.org\/{rel}","templated":true}]}}