{"id":60870,"date":"2021-01-12T01:13:45","date_gmt":"2021-01-12T06:13:45","guid":{"rendered":"https:\/\/akunq.net\/tr\/?p=60870"},"modified":"2021-01-12T01:13:45","modified_gmt":"2021-01-12T06:13:45","slug":"osin-cilingiri-kaybettik","status":"publish","type":"post","link":"https:\/\/akunq.net\/tr\/?p=60870","title":{"rendered":"O\u015fin \u00c7ilingir&#8217;i kaybettik"},"content":{"rendered":"<h4><img loading=\"lazy\" decoding=\"async\" class=\"aligncenter size-medium wp-image-60871\" src=\"https:\/\/akunq.net\/tr\/wp-content\/uploads\/2021\/01\/O\u015fin-\u00c7ilingir-360x239.jpg\" alt=\"\" width=\"360\" height=\"239\" srcset=\"https:\/\/akunq.net\/tr\/wp-content\/uploads\/sites\/6\/2021\/01\/O\u015fin-\u00c7ilingir-360x239.jpg 360w, https:\/\/akunq.net\/tr\/wp-content\/uploads\/sites\/6\/2021\/01\/O\u015fin-\u00c7ilingir-768x509.jpg 768w, https:\/\/akunq.net\/tr\/wp-content\/uploads\/sites\/6\/2021\/01\/O\u015fin-\u00c7ilingir-1536x1018.jpg 1536w, https:\/\/akunq.net\/tr\/wp-content\/uploads\/sites\/6\/2021\/01\/O\u015fin-\u00c7ilingir-2048x1357.jpg 2048w, https:\/\/akunq.net\/tr\/wp-content\/uploads\/sites\/6\/2021\/01\/O\u015fin-\u00c7ilingir-560x371.jpg 560w, https:\/\/akunq.net\/tr\/wp-content\/uploads\/sites\/6\/2021\/01\/O\u015fin-\u00c7ilingir-260x172.jpg 260w, https:\/\/akunq.net\/tr\/wp-content\/uploads\/sites\/6\/2021\/01\/O\u015fin-\u00c7ilingir-160x106.jpg 160w\" sizes=\"auto, (max-width: 360px) 100vw, 360px\" \/><\/h4>\n<h4><em>Agos&#8217;un ilk yazarlar\u0131ndan, Hrant Dink&#8217;in yak\u0131n dostu, 1980 \u00f6ncesi Demokrat gazetesi yazarlar\u0131ndan O\u015fin \u00c7ilingir hayat\u0131n\u0131 kaybetti.O\u015fin \u00c7ilingir ge\u00e7irdi\u011fi rahats\u0131zl\u0131k sonucu bug\u00fcn (10 Ocak) evinde hayat\u0131n\u0131 kaybetti. \u00c7ilingir 76 ya\u015f\u0131ndayd\u0131.\u00a0<\/em><\/h4>\n<p>O\u015fin \u00c7ilingir Agos&#8217;un ilk k\u00f6\u015fe yazarlar\u0131ndand\u0131 ve Hrant Dink&#8217;in de yak\u0131n dostuydu. Meslek \u00f6rg\u00fctlerinde y\u00f6neticilik yapan, sol d\u00fc\u015f\u00fcnce ve m\u00fccadele i\u00e7inde de bulunan \u00c7ilingir, 1980 \u00f6ncesinde\u00a0<em>Demokrat\u00a0<\/em>gazetesinde Cihan Ate\u015f imzas\u0131yla yaz\u0131lar kaleme al\u0131yordu.\u00a0 \u00c7ilingir baz\u0131 yaz\u0131lar\u0131n\u0131 da\u00a0 Yal\u00e7\u0131n \u00c7ilingir imzas\u0131yla yay\u0131nl\u0131yordu.<\/p>\n<p>\u00c7ilingir&#8217;in Agos yaz\u0131lar\u0131ndan derlenen &#8220;\u0130\u00e7imizdeki Kara Delik&#8221; ba\u015fl\u0131kl\u0131 kitap 2002 y\u0131l\u0131nda Aras Yay\u0131nlar\u0131&#8217;ndan \u00e7\u0131km\u0131\u015ft\u0131.<\/p>\n<p>O\u015fin \u00c7ilingir 1945 y\u0131l\u0131nda Diyarbak\u0131r&#8217;da, Fatih Pa\u015fa Mahallesi&#8217;nde do\u011fdu. Han\u00e7epek&#8217;te b\u00fcy\u00fcd\u00fc, S\u00fcleyman Nazif \u0130lkokulu&#8217;nu bitirdi (1957).<\/p>\n<p>Ayn\u0131 y\u0131l ailesiyle birlikte \u0130stanbul&#8217;a g\u00f6\u00e7t\u00fc. Surp Ha\u00e7 T\u0131brevank Ermeni Lisesi (1963) ve \u0130T\u00dc Maden Fak\u00fcltesi&#8217;nden mezun oldu (1969). Maden m\u00fchendisli\u011fi, meslek \u00f6rg\u00fctlerinde y\u00f6neticilik ve bir s\u00fcre de gazetecilik yapt\u0131.<\/p>\n<p>Haftal\u0131k Agos Gazetesi&#8217;nde &#8220;Bir zamanlar d\u0131\u015flad\u0131\u011f\u0131m ruhumda yapt\u0131\u011f\u0131m gezintileri, ruhumla olan didi\u015fmelerimi dile getiriyor&#8221; dedi\u011fi &#8220;hi\u00e7bir tan\u0131ma girmeyen t\u00fcr&#8221;de yaz\u0131lar kaleme ald\u0131.<\/p>\n<p>\u00c7ilingir&#8217;in 75. do\u011fum g\u00fcn\u00fcnde arkada\u015flar\u0131 (Nazar B\u00fcy\u00fcm, Nadire Mater, Jaklin \u00c7elik, Karin Karaka\u015fl\u0131)\u00a0 onu yaz\u0131lar\u0131yla selamlam\u0131\u015ft\u0131:\u00a0\u00a0<a href=\"http:\/\/www.agos.com.tr\/tr\/yazi\/24034\/osin-uc-ceyreklik-oldu-ama-hala-benden-genc\">O\u015fin \u00fc\u00e7 \u00e7eyreklik oldu (ama hala benden gen\u00e7<\/a>;\u00a0<a href=\"http:\/\/www.agos.com.tr\/tr\/yazi\/24035\/yalcin-abdulrezzak-osin\">Yal\u00e7\u0131n&#8230; Abd\u00fclrezzak&#8230; O\u015fin&#8230;<\/a>;\u00a0\u00a0<a href=\"http:\/\/www.agos.com.tr\/tr\/yazi\/24037\/siiri-durur-yureginde-yureginin-tam-ortasinda\">\u015eiiri durur y\u00fcre\u011finde, y\u00fcre\u011finin tam ortas\u0131nda&#8230;<\/a>;\u00a0\u00a0<a href=\"http:\/\/www.agos.com.tr\/tr\/yazi\/24036\/seytan-tirnagi-ustasi\">\u015eeytan t\u0131rna\u011f\u0131 ustas\u0131<\/a><\/p>\n<p>O\u015fin \u00c7ilingir&#8217;in son kaleme ald\u0131\u011f\u0131 yaz\u0131lardan biri de\u00a0 &#8220;<a href=\"http:\/\/www.agos.com.tr\/tr\/yazi\/17551\/krikor-zohrabdan-hrant-dinke-yuzyillik-yalnizlik\">Krikor Zohrab\u2019dan Hrant Dink\u2019e y\u00fczy\u0131ll\u0131k yaln\u0131zl\u0131k<\/a>&#8221; ba\u015fl\u0131\u011f\u0131n\u0131 ta\u015f\u0131yordu.<\/p>\n<p><em><strong>http:\/\/www.agos.com.tr\/tr\/yazi\/25162\/osin-cilingir-i-kaybettik\u00a0<\/strong><\/em><\/p>\n","protected":false},"excerpt":{"rendered":"<p>Agos&#8217;un ilk yazarlar\u0131ndan, Hrant Dink&#8217;in yak\u0131n dostu, 1980 \u00f6ncesi Demokrat gazetesi yazarlar\u0131ndan O\u015fin \u00c7ilingir hayat\u0131n\u0131 kaybetti.O\u015fin \u00c7ilingir ge\u00e7irdi\u011fi rahats\u0131zl\u0131k sonucu bug\u00fcn (10 Ocak) evinde hayat\u0131n\u0131 kaybetti. \u00c7ilingir 76 ya\u015f\u0131ndayd\u0131.\u00a0 O\u015fin \u00c7ilingir Agos&#8217;un ilk k\u00f6\u015fe yazarlar\u0131ndand\u0131 ve Hrant Dink&#8217;in de yak\u0131n dostuydu. Meslek \u00f6rg\u00fctlerinde y\u00f6neticilik yapan, sol d\u00fc\u015f\u00fcnce ve m\u00fccadele i\u00e7inde de bulunan \u00c7ilingir, 1980 \u00f6ncesinde\u00a0Demokrat\u00a0gazetesinde [&hellip;]<\/p>\n","protected":false},"author":7,"featured_media":60871,"comment_status":"open","ping_status":"open","sticky":false,"template":"","format":"standard","meta":{"footnotes":""},"categories":[1],"tags":[],"class_list":["post-60870","post","type-post","status-publish","format-standard","has-post-thumbnail","hentry","category-haberler"],"yoast_head":"<!-- This site is optimized with the Yoast SEO plugin v27.4 - https:\/\/yoast.com\/product\/yoast-seo-wordpress\/ -->\n<title>O\u015fin \u00c7ilingir&#039;i kaybettik - Bati Ermenistan Ve Bati Ermenileri Sorunlari Ara\u015ftirmalar Merkezi<\/title>\n<meta name=\"robots\" content=\"index, follow, max-snippet:-1, max-image-preview:large, max-video-preview:-1\" \/>\n<link rel=\"canonical\" href=\"https:\/\/akunq.net\/tr\/?p=60870\" \/>\n<meta property=\"og:locale\" content=\"en_US\" \/>\n<meta property=\"og:type\" content=\"article\" \/>\n<meta property=\"og:title\" content=\"O\u015fin \u00c7ilingir&#039;i kaybettik - Bati Ermenistan Ve Bati Ermenileri Sorunlari Ara\u015ftirmalar Merkezi\" \/>\n<meta property=\"og:description\" content=\"Agos&#8217;un ilk yazarlar\u0131ndan, Hrant Dink&#8217;in yak\u0131n dostu, 1980 \u00f6ncesi Demokrat gazetesi yazarlar\u0131ndan O\u015fin \u00c7ilingir hayat\u0131n\u0131 kaybetti.O\u015fin \u00c7ilingir ge\u00e7irdi\u011fi rahats\u0131zl\u0131k sonucu bug\u00fcn (10 Ocak) evinde hayat\u0131n\u0131 kaybetti. \u00c7ilingir 76 ya\u015f\u0131ndayd\u0131.\u00a0 O\u015fin \u00c7ilingir Agos&#8217;un ilk k\u00f6\u015fe yazarlar\u0131ndand\u0131 ve Hrant Dink&#8217;in de yak\u0131n dostuydu. Meslek \u00f6rg\u00fctlerinde y\u00f6neticilik yapan, sol d\u00fc\u015f\u00fcnce ve m\u00fccadele i\u00e7inde de bulunan \u00c7ilingir, 1980 \u00f6ncesinde\u00a0Demokrat\u00a0gazetesinde [&hellip;]\" \/>\n<meta property=\"og:url\" content=\"https:\/\/akunq.net\/tr\/?p=60870\" \/>\n<meta property=\"og:site_name\" content=\"Bati Ermenistan Ve Bati Ermenileri Sorunlari Ara\u015ftirmalar Merkezi\" \/>\n<meta property=\"article:published_time\" content=\"2021-01-12T06:13:45+00:00\" \/>\n<meta property=\"og:image\" content=\"https:\/\/akunq.net\/tr\/wp-content\/uploads\/sites\/6\/2021\/01\/O\u015fin-\u00c7ilingir-360x239.jpg\" \/>\n\t<meta property=\"og:image:width\" content=\"360\" \/>\n\t<meta property=\"og:image:height\" content=\"239\" \/>\n\t<meta property=\"og:image:type\" content=\"image\/jpeg\" \/>\n<meta name=\"author\" content=\"admin\" \/>\n<meta name=\"twitter:card\" content=\"summary_large_image\" \/>\n<meta name=\"twitter:label1\" content=\"Written by\" \/>\n\t<meta name=\"twitter:data1\" content=\"admin\" \/>\n\t<meta name=\"twitter:label2\" content=\"Est. reading time\" \/>\n\t<meta name=\"twitter:data2\" content=\"2 minutes\" \/>\n<script type=\"application\/ld+json\" class=\"yoast-schema-graph\">{\"@context\":\"https:\\\/\\\/schema.org\",\"@graph\":[{\"@type\":\"Article\",\"@id\":\"https:\\\/\\\/akunq.net\\\/tr\\\/?p=60870#article\",\"isPartOf\":{\"@id\":\"https:\\\/\\\/akunq.net\\\/tr\\\/?p=60870\"},\"author\":{\"name\":\"admin\",\"@id\":\"https:\\\/\\\/akunq.net\\\/tr\\\/#\\\/schema\\\/person\\\/096f1d38a12cce57fb855b485ed24c9e\"},\"headline\":\"O\u015fin \u00c7ilingir&#8217;i kaybettik\",\"datePublished\":\"2021-01-12T06:13:45+00:00\",\"mainEntityOfPage\":{\"@id\":\"https:\\\/\\\/akunq.net\\\/tr\\\/?p=60870\"},\"wordCount\":309,\"commentCount\":0,\"image\":{\"@id\":\"https:\\\/\\\/akunq.net\\\/tr\\\/?p=60870#primaryimage\"},\"thumbnailUrl\":\"https:\\\/\\\/akunq.net\\\/tr\\\/wp-content\\\/uploads\\\/sites\\\/6\\\/2021\\\/01\\\/O\u015fin-\u00c7ilingir.jpg\",\"articleSection\":[\"Haberler\"],\"inLanguage\":\"en-US\",\"potentialAction\":[{\"@type\":\"CommentAction\",\"name\":\"Comment\",\"target\":[\"https:\\\/\\\/akunq.net\\\/tr\\\/?p=60870#respond\"]}]},{\"@type\":\"WebPage\",\"@id\":\"https:\\\/\\\/akunq.net\\\/tr\\\/?p=60870\",\"url\":\"https:\\\/\\\/akunq.net\\\/tr\\\/?p=60870\",\"name\":\"O\u015fin \u00c7ilingir'i kaybettik - Bati Ermenistan Ve Bati Ermenileri Sorunlari Ara\u015ftirmalar Merkezi\",\"isPartOf\":{\"@id\":\"https:\\\/\\\/akunq.net\\\/tr\\\/#website\"},\"primaryImageOfPage\":{\"@id\":\"https:\\\/\\\/akunq.net\\\/tr\\\/?p=60870#primaryimage\"},\"image\":{\"@id\":\"https:\\\/\\\/akunq.net\\\/tr\\\/?p=60870#primaryimage\"},\"thumbnailUrl\":\"https:\\\/\\\/akunq.net\\\/tr\\\/wp-content\\\/uploads\\\/sites\\\/6\\\/2021\\\/01\\\/O\u015fin-\u00c7ilingir.jpg\",\"datePublished\":\"2021-01-12T06:13:45+00:00\",\"author\":{\"@id\":\"https:\\\/\\\/akunq.net\\\/tr\\\/#\\\/schema\\\/person\\\/096f1d38a12cce57fb855b485ed24c9e\"},\"breadcrumb\":{\"@id\":\"https:\\\/\\\/akunq.net\\\/tr\\\/?p=60870#breadcrumb\"},\"inLanguage\":\"en-US\",\"potentialAction\":[{\"@type\":\"ReadAction\",\"target\":[\"https:\\\/\\\/akunq.net\\\/tr\\\/?p=60870\"]}]},{\"@type\":\"ImageObject\",\"inLanguage\":\"en-US\",\"@id\":\"https:\\\/\\\/akunq.net\\\/tr\\\/?p=60870#primaryimage\",\"url\":\"https:\\\/\\\/akunq.net\\\/tr\\\/wp-content\\\/uploads\\\/sites\\\/6\\\/2021\\\/01\\\/O\u015fin-\u00c7ilingir.jpg\",\"contentUrl\":\"https:\\\/\\\/akunq.net\\\/tr\\\/wp-content\\\/uploads\\\/sites\\\/6\\\/2021\\\/01\\\/O\u015fin-\u00c7ilingir.jpg\",\"width\":2372,\"height\":1572},{\"@type\":\"BreadcrumbList\",\"@id\":\"https:\\\/\\\/akunq.net\\\/tr\\\/?p=60870#breadcrumb\",\"itemListElement\":[{\"@type\":\"ListItem\",\"position\":1,\"name\":\"Home\",\"item\":\"https:\\\/\\\/akunq.net\\\/tr\"},{\"@type\":\"ListItem\",\"position\":2,\"name\":\"O\u015fin \u00c7ilingir&#8217;i kaybettik\"}]},{\"@type\":\"WebSite\",\"@id\":\"https:\\\/\\\/akunq.net\\\/tr\\\/#website\",\"url\":\"https:\\\/\\\/akunq.net\\\/tr\\\/\",\"name\":\"Bati Ermenistan Ve Bati Ermenileri Sorunlari Ara\u015ftirmalar Merkezi\",\"description\":\"\",\"potentialAction\":[{\"@type\":\"SearchAction\",\"target\":{\"@type\":\"EntryPoint\",\"urlTemplate\":\"https:\\\/\\\/akunq.net\\\/tr\\\/?s={search_term_string}\"},\"query-input\":{\"@type\":\"PropertyValueSpecification\",\"valueRequired\":true,\"valueName\":\"search_term_string\"}}],\"inLanguage\":\"en-US\"},{\"@type\":\"Person\",\"@id\":\"https:\\\/\\\/akunq.net\\\/tr\\\/#\\\/schema\\\/person\\\/096f1d38a12cce57fb855b485ed24c9e\",\"name\":\"admin\",\"url\":\"https:\\\/\\\/akunq.net\\\/tr\\\/?author=7\"}]}<\/script>\n<!-- \/ Yoast SEO plugin. -->","yoast_head_json":{"title":"O\u015fin \u00c7ilingir'i kaybettik - Bati Ermenistan Ve Bati Ermenileri Sorunlari Ara\u015ftirmalar Merkezi","robots":{"index":"index","follow":"follow","max-snippet":"max-snippet:-1","max-image-preview":"max-image-preview:large","max-video-preview":"max-video-preview:-1"},"canonical":"https:\/\/akunq.net\/tr\/?p=60870","og_locale":"en_US","og_type":"article","og_title":"O\u015fin \u00c7ilingir'i kaybettik - Bati Ermenistan Ve Bati Ermenileri Sorunlari Ara\u015ftirmalar Merkezi","og_description":"Agos&#8217;un ilk yazarlar\u0131ndan, Hrant Dink&#8217;in yak\u0131n dostu, 1980 \u00f6ncesi Demokrat gazetesi yazarlar\u0131ndan O\u015fin \u00c7ilingir hayat\u0131n\u0131 kaybetti.O\u015fin \u00c7ilingir ge\u00e7irdi\u011fi rahats\u0131zl\u0131k sonucu bug\u00fcn (10 Ocak) evinde hayat\u0131n\u0131 kaybetti. \u00c7ilingir 76 ya\u015f\u0131ndayd\u0131.\u00a0 O\u015fin \u00c7ilingir Agos&#8217;un ilk k\u00f6\u015fe yazarlar\u0131ndand\u0131 ve Hrant Dink&#8217;in de yak\u0131n dostuydu. Meslek \u00f6rg\u00fctlerinde y\u00f6neticilik yapan, sol d\u00fc\u015f\u00fcnce ve m\u00fccadele i\u00e7inde de bulunan \u00c7ilingir, 1980 \u00f6ncesinde\u00a0Demokrat\u00a0gazetesinde [&hellip;]","og_url":"https:\/\/akunq.net\/tr\/?p=60870","og_site_name":"Bati Ermenistan Ve Bati Ermenileri Sorunlari Ara\u015ftirmalar Merkezi","article_published_time":"2021-01-12T06:13:45+00:00","og_image":[{"width":360,"height":239,"url":"https:\/\/akunq.net\/tr\/wp-content\/uploads\/sites\/6\/2021\/01\/O\u015fin-\u00c7ilingir-360x239.jpg","type":"image\/jpeg"}],"author":"admin","twitter_card":"summary_large_image","twitter_misc":{"Written by":"admin","Est. reading time":"2 minutes"},"schema":{"@context":"https:\/\/schema.org","@graph":[{"@type":"Article","@id":"https:\/\/akunq.net\/tr\/?p=60870#article","isPartOf":{"@id":"https:\/\/akunq.net\/tr\/?p=60870"},"author":{"name":"admin","@id":"https:\/\/akunq.net\/tr\/#\/schema\/person\/096f1d38a12cce57fb855b485ed24c9e"},"headline":"O\u015fin \u00c7ilingir&#8217;i kaybettik","datePublished":"2021-01-12T06:13:45+00:00","mainEntityOfPage":{"@id":"https:\/\/akunq.net\/tr\/?p=60870"},"wordCount":309,"commentCount":0,"image":{"@id":"https:\/\/akunq.net\/tr\/?p=60870#primaryimage"},"thumbnailUrl":"https:\/\/akunq.net\/tr\/wp-content\/uploads\/sites\/6\/2021\/01\/O\u015fin-\u00c7ilingir.jpg","articleSection":["Haberler"],"inLanguage":"en-US","potentialAction":[{"@type":"CommentAction","name":"Comment","target":["https:\/\/akunq.net\/tr\/?p=60870#respond"]}]},{"@type":"WebPage","@id":"https:\/\/akunq.net\/tr\/?p=60870","url":"https:\/\/akunq.net\/tr\/?p=60870","name":"O\u015fin \u00c7ilingir'i kaybettik - Bati Ermenistan Ve Bati Ermenileri Sorunlari Ara\u015ftirmalar Merkezi","isPartOf":{"@id":"https:\/\/akunq.net\/tr\/#website"},"primaryImageOfPage":{"@id":"https:\/\/akunq.net\/tr\/?p=60870#primaryimage"},"image":{"@id":"https:\/\/akunq.net\/tr\/?p=60870#primaryimage"},"thumbnailUrl":"https:\/\/akunq.net\/tr\/wp-content\/uploads\/sites\/6\/2021\/01\/O\u015fin-\u00c7ilingir.jpg","datePublished":"2021-01-12T06:13:45+00:00","author":{"@id":"https:\/\/akunq.net\/tr\/#\/schema\/person\/096f1d38a12cce57fb855b485ed24c9e"},"breadcrumb":{"@id":"https:\/\/akunq.net\/tr\/?p=60870#breadcrumb"},"inLanguage":"en-US","potentialAction":[{"@type":"ReadAction","target":["https:\/\/akunq.net\/tr\/?p=60870"]}]},{"@type":"ImageObject","inLanguage":"en-US","@id":"https:\/\/akunq.net\/tr\/?p=60870#primaryimage","url":"https:\/\/akunq.net\/tr\/wp-content\/uploads\/sites\/6\/2021\/01\/O\u015fin-\u00c7ilingir.jpg","contentUrl":"https:\/\/akunq.net\/tr\/wp-content\/uploads\/sites\/6\/2021\/01\/O\u015fin-\u00c7ilingir.jpg","width":2372,"height":1572},{"@type":"BreadcrumbList","@id":"https:\/\/akunq.net\/tr\/?p=60870#breadcrumb","itemListElement":[{"@type":"ListItem","position":1,"name":"Home","item":"https:\/\/akunq.net\/tr"},{"@type":"ListItem","position":2,"name":"O\u015fin \u00c7ilingir&#8217;i kaybettik"}]},{"@type":"WebSite","@id":"https:\/\/akunq.net\/tr\/#website","url":"https:\/\/akunq.net\/tr\/","name":"Bati Ermenistan Ve Bati Ermenileri Sorunlari Ara\u015ftirmalar Merkezi","description":"","potentialAction":[{"@type":"SearchAction","target":{"@type":"EntryPoint","urlTemplate":"https:\/\/akunq.net\/tr\/?s={search_term_string}"},"query-input":{"@type":"PropertyValueSpecification","valueRequired":true,"valueName":"search_term_string"}}],"inLanguage":"en-US"},{"@type":"Person","@id":"https:\/\/akunq.net\/tr\/#\/schema\/person\/096f1d38a12cce57fb855b485ed24c9e","name":"admin","url":"https:\/\/akunq.net\/tr\/?author=7"}]}},"_links":{"self":[{"href":"https:\/\/akunq.net\/tr\/index.php?rest_route=\/wp\/v2\/posts\/60870","targetHints":{"allow":["GET"]}}],"collection":[{"href":"https:\/\/akunq.net\/tr\/index.php?rest_route=\/wp\/v2\/posts"}],"about":[{"href":"https:\/\/akunq.net\/tr\/index.php?rest_route=\/wp\/v2\/types\/post"}],"author":[{"embeddable":true,"href":"https:\/\/akunq.net\/tr\/index.php?rest_route=\/wp\/v2\/users\/7"}],"replies":[{"embeddable":true,"href":"https:\/\/akunq.net\/tr\/index.php?rest_route=%2Fwp%2Fv2%2Fcomments&post=60870"}],"version-history":[{"count":1,"href":"https:\/\/akunq.net\/tr\/index.php?rest_route=\/wp\/v2\/posts\/60870\/revisions"}],"predecessor-version":[{"id":60872,"href":"https:\/\/akunq.net\/tr\/index.php?rest_route=\/wp\/v2\/posts\/60870\/revisions\/60872"}],"wp:featuredmedia":[{"embeddable":true,"href":"https:\/\/akunq.net\/tr\/index.php?rest_route=\/wp\/v2\/media\/60871"}],"wp:attachment":[{"href":"https:\/\/akunq.net\/tr\/index.php?rest_route=%2Fwp%2Fv2%2Fmedia&parent=60870"}],"wp:term":[{"taxonomy":"category","embeddable":true,"href":"https:\/\/akunq.net\/tr\/index.php?rest_route=%2Fwp%2Fv2%2Fcategories&post=60870"},{"taxonomy":"post_tag","embeddable":true,"href":"https:\/\/akunq.net\/tr\/index.php?rest_route=%2Fwp%2Fv2%2Ftags&post=60870"}],"curies":[{"name":"wp","href":"https:\/\/api.w.org\/{rel}","templated":true}]}}