{"id":60867,"date":"2021-01-12T01:05:14","date_gmt":"2021-01-12T06:05:14","guid":{"rendered":"https:\/\/akunq.net\/tr\/?p=60867"},"modified":"2021-01-12T01:05:14","modified_gmt":"2021-01-12T06:05:14","slug":"ermenistanda-etnik-azinliklar-gununu-kutlama-onerisi-parlamentoya-sunuldu","status":"publish","type":"post","link":"https:\/\/akunq.net\/tr\/?p=60867","title":{"rendered":"Ermenistan&#8217;da etnik az\u0131nl\u0131klar g\u00fcn\u00fcn\u00fc kutlama \u00f6nerisi, Parlamento&#8217;ya sunuldu"},"content":{"rendered":"<p><img loading=\"lazy\" decoding=\"async\" class=\"aligncenter size-medium wp-image-60868\" src=\"https:\/\/akunq.net\/tr\/wp-content\/uploads\/2021\/01\/Rustam-Bakoyan-360x210.jpeg\" alt=\"\" width=\"360\" height=\"210\" srcset=\"https:\/\/akunq.net\/tr\/wp-content\/uploads\/sites\/6\/2021\/01\/Rustam-Bakoyan-360x210.jpeg 360w, https:\/\/akunq.net\/tr\/wp-content\/uploads\/sites\/6\/2021\/01\/Rustam-Bakoyan-768x448.jpeg 768w, https:\/\/akunq.net\/tr\/wp-content\/uploads\/sites\/6\/2021\/01\/Rustam-Bakoyan-560x326.jpeg 560w, https:\/\/akunq.net\/tr\/wp-content\/uploads\/sites\/6\/2021\/01\/Rustam-Bakoyan-260x152.jpeg 260w, https:\/\/akunq.net\/tr\/wp-content\/uploads\/sites\/6\/2021\/01\/Rustam-Bakoyan-160x93.jpeg 160w, https:\/\/akunq.net\/tr\/wp-content\/uploads\/sites\/6\/2021\/01\/Rustam-Bakoyan.jpeg 786w\" sizes=\"auto, (max-width: 360px) 100vw, 360px\" \/><\/p>\n<p><em><strong>Ermenistan Parlamentosu\u2019ndaki \u201c\u0130m Kayl\u0131\u201d (Benim Ad\u0131m\u0131m\u201d) \u0130ttifak\u0131&#8217;n\u0131n Yezidi milletvekili Rustam Bakoyan, Eyl\u00fcl ay\u0131n\u0131n son cumartesi g\u00fcn\u00fcn\u00fcn, Ermenistan\u2019da etnik az\u0131nl\u0131klar\u0131n g\u00fcn\u00fc olarak kutlanmas\u0131n\u0131 \u00f6neren bir tasar\u0131 haz\u0131rlad\u0131.<\/strong><\/em><\/p>\n<p>\u201cBayram ve anma g\u00fcnleri\u201d hakk\u0131ndaki yasada de\u011fi\u015fiklik yap\u0131lmas\u0131n\u0131 \u00f6ng\u00f6ren tasar\u0131, Ermenistan Milli Meclisi \u0130nsan Haklar\u0131 Daimi Komisyonunda g\u00f6r\u00fc\u015f\u00fcld\u00fc.<\/p>\n<p>Ermenistan\u2019da, \u00fclkenin hayat\u0131nda \u00f6nemli rol oynayan 11 az\u0131nl\u0131k grubunun ya\u015fad\u0131\u011f\u0131n\u0131 hat\u0131rlatan Bakoyan, \u201c\u00dclkemizde etnik az\u0131nl\u0131klar\u0131n \u00f6zel g\u00fcn\u00fcn\u00fcn kutlanmas\u0131 gerekti\u011fini d\u00fc\u015f\u00fcn\u00fcyorum. Bu ad\u0131mla biz, az\u0131nl\u0131klar\u0131n sorunlar\u0131na dikkat \u00e7ekerek bunlar\u0131n \u00e7\u00f6z\u00fclmesine yol a\u00e7arca\u011f\u0131z\u201d ifadelerini kulland\u0131.<\/p>\n<p>\u0130nsan Haklar\u0131 Komisyonu taraf\u0131ndan olumlu not alan tasar\u0131, Parlamentonun \u00f6n\u00fcm\u00fczdeki oturumunda g\u00f6r\u00fc\u015f\u00fclecek.<\/p>\n<p><em><strong>https:\/\/www.ermenihaber.am\/tr\/news\/2021\/01\/11\/Ermenistan-az%C4%B1nl%C4%B1klar\/200280\u00a0<\/strong><\/em><\/p>\n","protected":false},"excerpt":{"rendered":"<p>Ermenistan Parlamentosu\u2019ndaki \u201c\u0130m Kayl\u0131\u201d (Benim Ad\u0131m\u0131m\u201d) \u0130ttifak\u0131&#8217;n\u0131n Yezidi milletvekili Rustam Bakoyan, Eyl\u00fcl ay\u0131n\u0131n son cumartesi g\u00fcn\u00fcn\u00fcn, Ermenistan\u2019da etnik az\u0131nl\u0131klar\u0131n g\u00fcn\u00fc olarak kutlanmas\u0131n\u0131 \u00f6neren bir tasar\u0131 haz\u0131rlad\u0131. \u201cBayram ve anma g\u00fcnleri\u201d hakk\u0131ndaki yasada de\u011fi\u015fiklik yap\u0131lmas\u0131n\u0131 \u00f6ng\u00f6ren tasar\u0131, Ermenistan Milli Meclisi \u0130nsan Haklar\u0131 Daimi Komisyonunda g\u00f6r\u00fc\u015f\u00fcld\u00fc. Ermenistan\u2019da, \u00fclkenin hayat\u0131nda \u00f6nemli rol oynayan 11 az\u0131nl\u0131k grubunun ya\u015fad\u0131\u011f\u0131n\u0131 hat\u0131rlatan [&hellip;]<\/p>\n","protected":false},"author":7,"featured_media":60868,"comment_status":"open","ping_status":"open","sticky":false,"template":"","format":"standard","meta":{"footnotes":""},"categories":[1],"tags":[],"class_list":["post-60867","post","type-post","status-publish","format-standard","has-post-thumbnail","hentry","category-haberler"],"yoast_head":"<!-- This site is optimized with the Yoast SEO plugin v27.4 - https:\/\/yoast.com\/product\/yoast-seo-wordpress\/ -->\n<title>Ermenistan&#039;da etnik az\u0131nl\u0131klar g\u00fcn\u00fcn\u00fc kutlama \u00f6nerisi, Parlamento&#039;ya sunuldu - Bati Ermenistan Ve Bati Ermenileri Sorunlari Ara\u015ftirmalar Merkezi<\/title>\n<meta name=\"robots\" content=\"index, follow, max-snippet:-1, max-image-preview:large, max-video-preview:-1\" \/>\n<link rel=\"canonical\" href=\"https:\/\/akunq.net\/tr\/?p=60867\" \/>\n<meta property=\"og:locale\" content=\"en_US\" \/>\n<meta property=\"og:type\" content=\"article\" \/>\n<meta property=\"og:title\" content=\"Ermenistan&#039;da etnik az\u0131nl\u0131klar g\u00fcn\u00fcn\u00fc kutlama \u00f6nerisi, Parlamento&#039;ya sunuldu - Bati Ermenistan Ve Bati Ermenileri Sorunlari Ara\u015ftirmalar Merkezi\" \/>\n<meta property=\"og:description\" content=\"Ermenistan Parlamentosu\u2019ndaki \u201c\u0130m Kayl\u0131\u201d (Benim Ad\u0131m\u0131m\u201d) \u0130ttifak\u0131&#8217;n\u0131n Yezidi milletvekili Rustam Bakoyan, Eyl\u00fcl ay\u0131n\u0131n son cumartesi g\u00fcn\u00fcn\u00fcn, Ermenistan\u2019da etnik az\u0131nl\u0131klar\u0131n g\u00fcn\u00fc olarak kutlanmas\u0131n\u0131 \u00f6neren bir tasar\u0131 haz\u0131rlad\u0131. \u201cBayram ve anma g\u00fcnleri\u201d hakk\u0131ndaki yasada de\u011fi\u015fiklik yap\u0131lmas\u0131n\u0131 \u00f6ng\u00f6ren tasar\u0131, Ermenistan Milli Meclisi \u0130nsan Haklar\u0131 Daimi Komisyonunda g\u00f6r\u00fc\u015f\u00fcld\u00fc. Ermenistan\u2019da, \u00fclkenin hayat\u0131nda \u00f6nemli rol oynayan 11 az\u0131nl\u0131k grubunun ya\u015fad\u0131\u011f\u0131n\u0131 hat\u0131rlatan [&hellip;]\" \/>\n<meta property=\"og:url\" content=\"https:\/\/akunq.net\/tr\/?p=60867\" \/>\n<meta property=\"og:site_name\" content=\"Bati Ermenistan Ve Bati Ermenileri Sorunlari Ara\u015ftirmalar Merkezi\" \/>\n<meta property=\"article:published_time\" content=\"2021-01-12T06:05:14+00:00\" \/>\n<meta property=\"og:image\" content=\"https:\/\/akunq.net\/tr\/wp-content\/uploads\/sites\/6\/2021\/01\/Rustam-Bakoyan.jpeg\" \/>\n\t<meta property=\"og:image:width\" content=\"786\" \/>\n\t<meta property=\"og:image:height\" content=\"458\" \/>\n\t<meta property=\"og:image:type\" content=\"image\/jpeg\" \/>\n<meta name=\"author\" content=\"admin\" \/>\n<meta name=\"twitter:card\" content=\"summary_large_image\" \/>\n<meta name=\"twitter:label1\" content=\"Written by\" \/>\n\t<meta name=\"twitter:data1\" content=\"admin\" \/>\n\t<meta name=\"twitter:label2\" content=\"Est. reading time\" \/>\n\t<meta name=\"twitter:data2\" content=\"1 minute\" \/>\n<script type=\"application\/ld+json\" class=\"yoast-schema-graph\">{\"@context\":\"https:\\\/\\\/schema.org\",\"@graph\":[{\"@type\":\"Article\",\"@id\":\"https:\\\/\\\/akunq.net\\\/tr\\\/?p=60867#article\",\"isPartOf\":{\"@id\":\"https:\\\/\\\/akunq.net\\\/tr\\\/?p=60867\"},\"author\":{\"name\":\"admin\",\"@id\":\"https:\\\/\\\/akunq.net\\\/tr\\\/#\\\/schema\\\/person\\\/096f1d38a12cce57fb855b485ed24c9e\"},\"headline\":\"Ermenistan&#8217;da etnik az\u0131nl\u0131klar g\u00fcn\u00fcn\u00fc kutlama \u00f6nerisi, Parlamento&#8217;ya sunuldu\",\"datePublished\":\"2021-01-12T06:05:14+00:00\",\"mainEntityOfPage\":{\"@id\":\"https:\\\/\\\/akunq.net\\\/tr\\\/?p=60867\"},\"wordCount\":170,\"commentCount\":0,\"image\":{\"@id\":\"https:\\\/\\\/akunq.net\\\/tr\\\/?p=60867#primaryimage\"},\"thumbnailUrl\":\"https:\\\/\\\/akunq.net\\\/tr\\\/wp-content\\\/uploads\\\/sites\\\/6\\\/2021\\\/01\\\/Rustam-Bakoyan.jpeg\",\"articleSection\":[\"Haberler\"],\"inLanguage\":\"en-US\",\"potentialAction\":[{\"@type\":\"CommentAction\",\"name\":\"Comment\",\"target\":[\"https:\\\/\\\/akunq.net\\\/tr\\\/?p=60867#respond\"]}]},{\"@type\":\"WebPage\",\"@id\":\"https:\\\/\\\/akunq.net\\\/tr\\\/?p=60867\",\"url\":\"https:\\\/\\\/akunq.net\\\/tr\\\/?p=60867\",\"name\":\"Ermenistan'da etnik az\u0131nl\u0131klar g\u00fcn\u00fcn\u00fc kutlama \u00f6nerisi, Parlamento'ya sunuldu - Bati Ermenistan Ve Bati Ermenileri Sorunlari Ara\u015ftirmalar Merkezi\",\"isPartOf\":{\"@id\":\"https:\\\/\\\/akunq.net\\\/tr\\\/#website\"},\"primaryImageOfPage\":{\"@id\":\"https:\\\/\\\/akunq.net\\\/tr\\\/?p=60867#primaryimage\"},\"image\":{\"@id\":\"https:\\\/\\\/akunq.net\\\/tr\\\/?p=60867#primaryimage\"},\"thumbnailUrl\":\"https:\\\/\\\/akunq.net\\\/tr\\\/wp-content\\\/uploads\\\/sites\\\/6\\\/2021\\\/01\\\/Rustam-Bakoyan.jpeg\",\"datePublished\":\"2021-01-12T06:05:14+00:00\",\"author\":{\"@id\":\"https:\\\/\\\/akunq.net\\\/tr\\\/#\\\/schema\\\/person\\\/096f1d38a12cce57fb855b485ed24c9e\"},\"breadcrumb\":{\"@id\":\"https:\\\/\\\/akunq.net\\\/tr\\\/?p=60867#breadcrumb\"},\"inLanguage\":\"en-US\",\"potentialAction\":[{\"@type\":\"ReadAction\",\"target\":[\"https:\\\/\\\/akunq.net\\\/tr\\\/?p=60867\"]}]},{\"@type\":\"ImageObject\",\"inLanguage\":\"en-US\",\"@id\":\"https:\\\/\\\/akunq.net\\\/tr\\\/?p=60867#primaryimage\",\"url\":\"https:\\\/\\\/akunq.net\\\/tr\\\/wp-content\\\/uploads\\\/sites\\\/6\\\/2021\\\/01\\\/Rustam-Bakoyan.jpeg\",\"contentUrl\":\"https:\\\/\\\/akunq.net\\\/tr\\\/wp-content\\\/uploads\\\/sites\\\/6\\\/2021\\\/01\\\/Rustam-Bakoyan.jpeg\",\"width\":786,\"height\":458},{\"@type\":\"BreadcrumbList\",\"@id\":\"https:\\\/\\\/akunq.net\\\/tr\\\/?p=60867#breadcrumb\",\"itemListElement\":[{\"@type\":\"ListItem\",\"position\":1,\"name\":\"Home\",\"item\":\"https:\\\/\\\/akunq.net\\\/tr\"},{\"@type\":\"ListItem\",\"position\":2,\"name\":\"Ermenistan&#8217;da etnik az\u0131nl\u0131klar g\u00fcn\u00fcn\u00fc kutlama \u00f6nerisi, Parlamento&#8217;ya sunuldu\"}]},{\"@type\":\"WebSite\",\"@id\":\"https:\\\/\\\/akunq.net\\\/tr\\\/#website\",\"url\":\"https:\\\/\\\/akunq.net\\\/tr\\\/\",\"name\":\"Bati Ermenistan Ve Bati Ermenileri Sorunlari Ara\u015ftirmalar Merkezi\",\"description\":\"\",\"potentialAction\":[{\"@type\":\"SearchAction\",\"target\":{\"@type\":\"EntryPoint\",\"urlTemplate\":\"https:\\\/\\\/akunq.net\\\/tr\\\/?s={search_term_string}\"},\"query-input\":{\"@type\":\"PropertyValueSpecification\",\"valueRequired\":true,\"valueName\":\"search_term_string\"}}],\"inLanguage\":\"en-US\"},{\"@type\":\"Person\",\"@id\":\"https:\\\/\\\/akunq.net\\\/tr\\\/#\\\/schema\\\/person\\\/096f1d38a12cce57fb855b485ed24c9e\",\"name\":\"admin\",\"url\":\"https:\\\/\\\/akunq.net\\\/tr\\\/?author=7\"}]}<\/script>\n<!-- \/ Yoast SEO plugin. -->","yoast_head_json":{"title":"Ermenistan'da etnik az\u0131nl\u0131klar g\u00fcn\u00fcn\u00fc kutlama \u00f6nerisi, Parlamento'ya sunuldu - Bati Ermenistan Ve Bati Ermenileri Sorunlari Ara\u015ftirmalar Merkezi","robots":{"index":"index","follow":"follow","max-snippet":"max-snippet:-1","max-image-preview":"max-image-preview:large","max-video-preview":"max-video-preview:-1"},"canonical":"https:\/\/akunq.net\/tr\/?p=60867","og_locale":"en_US","og_type":"article","og_title":"Ermenistan'da etnik az\u0131nl\u0131klar g\u00fcn\u00fcn\u00fc kutlama \u00f6nerisi, Parlamento'ya sunuldu - Bati Ermenistan Ve Bati Ermenileri Sorunlari Ara\u015ftirmalar Merkezi","og_description":"Ermenistan Parlamentosu\u2019ndaki \u201c\u0130m Kayl\u0131\u201d (Benim Ad\u0131m\u0131m\u201d) \u0130ttifak\u0131&#8217;n\u0131n Yezidi milletvekili Rustam Bakoyan, Eyl\u00fcl ay\u0131n\u0131n son cumartesi g\u00fcn\u00fcn\u00fcn, Ermenistan\u2019da etnik az\u0131nl\u0131klar\u0131n g\u00fcn\u00fc olarak kutlanmas\u0131n\u0131 \u00f6neren bir tasar\u0131 haz\u0131rlad\u0131. \u201cBayram ve anma g\u00fcnleri\u201d hakk\u0131ndaki yasada de\u011fi\u015fiklik yap\u0131lmas\u0131n\u0131 \u00f6ng\u00f6ren tasar\u0131, Ermenistan Milli Meclisi \u0130nsan Haklar\u0131 Daimi Komisyonunda g\u00f6r\u00fc\u015f\u00fcld\u00fc. Ermenistan\u2019da, \u00fclkenin hayat\u0131nda \u00f6nemli rol oynayan 11 az\u0131nl\u0131k grubunun ya\u015fad\u0131\u011f\u0131n\u0131 hat\u0131rlatan [&hellip;]","og_url":"https:\/\/akunq.net\/tr\/?p=60867","og_site_name":"Bati Ermenistan Ve Bati Ermenileri Sorunlari Ara\u015ftirmalar Merkezi","article_published_time":"2021-01-12T06:05:14+00:00","og_image":[{"width":786,"height":458,"url":"https:\/\/akunq.net\/tr\/wp-content\/uploads\/sites\/6\/2021\/01\/Rustam-Bakoyan.jpeg","type":"image\/jpeg"}],"author":"admin","twitter_card":"summary_large_image","twitter_misc":{"Written by":"admin","Est. reading time":"1 minute"},"schema":{"@context":"https:\/\/schema.org","@graph":[{"@type":"Article","@id":"https:\/\/akunq.net\/tr\/?p=60867#article","isPartOf":{"@id":"https:\/\/akunq.net\/tr\/?p=60867"},"author":{"name":"admin","@id":"https:\/\/akunq.net\/tr\/#\/schema\/person\/096f1d38a12cce57fb855b485ed24c9e"},"headline":"Ermenistan&#8217;da etnik az\u0131nl\u0131klar g\u00fcn\u00fcn\u00fc kutlama \u00f6nerisi, Parlamento&#8217;ya sunuldu","datePublished":"2021-01-12T06:05:14+00:00","mainEntityOfPage":{"@id":"https:\/\/akunq.net\/tr\/?p=60867"},"wordCount":170,"commentCount":0,"image":{"@id":"https:\/\/akunq.net\/tr\/?p=60867#primaryimage"},"thumbnailUrl":"https:\/\/akunq.net\/tr\/wp-content\/uploads\/sites\/6\/2021\/01\/Rustam-Bakoyan.jpeg","articleSection":["Haberler"],"inLanguage":"en-US","potentialAction":[{"@type":"CommentAction","name":"Comment","target":["https:\/\/akunq.net\/tr\/?p=60867#respond"]}]},{"@type":"WebPage","@id":"https:\/\/akunq.net\/tr\/?p=60867","url":"https:\/\/akunq.net\/tr\/?p=60867","name":"Ermenistan'da etnik az\u0131nl\u0131klar g\u00fcn\u00fcn\u00fc kutlama \u00f6nerisi, Parlamento'ya sunuldu - Bati Ermenistan Ve Bati Ermenileri Sorunlari Ara\u015ftirmalar Merkezi","isPartOf":{"@id":"https:\/\/akunq.net\/tr\/#website"},"primaryImageOfPage":{"@id":"https:\/\/akunq.net\/tr\/?p=60867#primaryimage"},"image":{"@id":"https:\/\/akunq.net\/tr\/?p=60867#primaryimage"},"thumbnailUrl":"https:\/\/akunq.net\/tr\/wp-content\/uploads\/sites\/6\/2021\/01\/Rustam-Bakoyan.jpeg","datePublished":"2021-01-12T06:05:14+00:00","author":{"@id":"https:\/\/akunq.net\/tr\/#\/schema\/person\/096f1d38a12cce57fb855b485ed24c9e"},"breadcrumb":{"@id":"https:\/\/akunq.net\/tr\/?p=60867#breadcrumb"},"inLanguage":"en-US","potentialAction":[{"@type":"ReadAction","target":["https:\/\/akunq.net\/tr\/?p=60867"]}]},{"@type":"ImageObject","inLanguage":"en-US","@id":"https:\/\/akunq.net\/tr\/?p=60867#primaryimage","url":"https:\/\/akunq.net\/tr\/wp-content\/uploads\/sites\/6\/2021\/01\/Rustam-Bakoyan.jpeg","contentUrl":"https:\/\/akunq.net\/tr\/wp-content\/uploads\/sites\/6\/2021\/01\/Rustam-Bakoyan.jpeg","width":786,"height":458},{"@type":"BreadcrumbList","@id":"https:\/\/akunq.net\/tr\/?p=60867#breadcrumb","itemListElement":[{"@type":"ListItem","position":1,"name":"Home","item":"https:\/\/akunq.net\/tr"},{"@type":"ListItem","position":2,"name":"Ermenistan&#8217;da etnik az\u0131nl\u0131klar g\u00fcn\u00fcn\u00fc kutlama \u00f6nerisi, Parlamento&#8217;ya sunuldu"}]},{"@type":"WebSite","@id":"https:\/\/akunq.net\/tr\/#website","url":"https:\/\/akunq.net\/tr\/","name":"Bati Ermenistan Ve Bati Ermenileri Sorunlari Ara\u015ftirmalar Merkezi","description":"","potentialAction":[{"@type":"SearchAction","target":{"@type":"EntryPoint","urlTemplate":"https:\/\/akunq.net\/tr\/?s={search_term_string}"},"query-input":{"@type":"PropertyValueSpecification","valueRequired":true,"valueName":"search_term_string"}}],"inLanguage":"en-US"},{"@type":"Person","@id":"https:\/\/akunq.net\/tr\/#\/schema\/person\/096f1d38a12cce57fb855b485ed24c9e","name":"admin","url":"https:\/\/akunq.net\/tr\/?author=7"}]}},"_links":{"self":[{"href":"https:\/\/akunq.net\/tr\/index.php?rest_route=\/wp\/v2\/posts\/60867","targetHints":{"allow":["GET"]}}],"collection":[{"href":"https:\/\/akunq.net\/tr\/index.php?rest_route=\/wp\/v2\/posts"}],"about":[{"href":"https:\/\/akunq.net\/tr\/index.php?rest_route=\/wp\/v2\/types\/post"}],"author":[{"embeddable":true,"href":"https:\/\/akunq.net\/tr\/index.php?rest_route=\/wp\/v2\/users\/7"}],"replies":[{"embeddable":true,"href":"https:\/\/akunq.net\/tr\/index.php?rest_route=%2Fwp%2Fv2%2Fcomments&post=60867"}],"version-history":[{"count":1,"href":"https:\/\/akunq.net\/tr\/index.php?rest_route=\/wp\/v2\/posts\/60867\/revisions"}],"predecessor-version":[{"id":60869,"href":"https:\/\/akunq.net\/tr\/index.php?rest_route=\/wp\/v2\/posts\/60867\/revisions\/60869"}],"wp:featuredmedia":[{"embeddable":true,"href":"https:\/\/akunq.net\/tr\/index.php?rest_route=\/wp\/v2\/media\/60868"}],"wp:attachment":[{"href":"https:\/\/akunq.net\/tr\/index.php?rest_route=%2Fwp%2Fv2%2Fmedia&parent=60867"}],"wp:term":[{"taxonomy":"category","embeddable":true,"href":"https:\/\/akunq.net\/tr\/index.php?rest_route=%2Fwp%2Fv2%2Fcategories&post=60867"},{"taxonomy":"post_tag","embeddable":true,"href":"https:\/\/akunq.net\/tr\/index.php?rest_route=%2Fwp%2Fv2%2Ftags&post=60867"}],"curies":[{"name":"wp","href":"https:\/\/api.w.org\/{rel}","templated":true}]}}