{"id":60860,"date":"2021-01-11T03:30:25","date_gmt":"2021-01-11T08:30:25","guid":{"rendered":"https:\/\/akunq.net\/tr\/?p=60860"},"modified":"2021-01-11T03:30:25","modified_gmt":"2021-01-11T08:30:25","slug":"elza-niyego-cinayeti-1927den-bir-erkek-siddeti","status":"publish","type":"post","link":"https:\/\/akunq.net\/tr\/?p=60860","title":{"rendered":"Elza Niyego cinayeti: 1927\u2019den bir erkek \u015fiddeti"},"content":{"rendered":"<p><img loading=\"lazy\" decoding=\"async\" class=\"aligncenter size-medium wp-image-60861\" src=\"https:\/\/akunq.net\/tr\/wp-content\/uploads\/2021\/01\/Elza-Niyego-360x233.jpg\" alt=\"\" width=\"360\" height=\"233\" srcset=\"https:\/\/akunq.net\/tr\/wp-content\/uploads\/sites\/6\/2021\/01\/Elza-Niyego-360x233.jpg 360w, https:\/\/akunq.net\/tr\/wp-content\/uploads\/sites\/6\/2021\/01\/Elza-Niyego-768x497.jpg 768w, https:\/\/akunq.net\/tr\/wp-content\/uploads\/sites\/6\/2021\/01\/Elza-Niyego-560x362.jpg 560w, https:\/\/akunq.net\/tr\/wp-content\/uploads\/sites\/6\/2021\/01\/Elza-Niyego-260x168.jpg 260w, https:\/\/akunq.net\/tr\/wp-content\/uploads\/sites\/6\/2021\/01\/Elza-Niyego-160x104.jpg 160w, https:\/\/akunq.net\/tr\/wp-content\/uploads\/sites\/6\/2021\/01\/Elza-Niyego.jpg 1020w\" sizes=\"auto, (max-width: 360px) 100vw, 360px\" \/><\/p>\n<p><em><strong>Elza Niyego&#8217;nun cenazesinde \u201cadalet isteriz\u201d diye ba\u011f\u0131rd\u0131\u011f\u0131 i\u00e7in ta\u015fk\u0131nl\u0131k \u00e7\u0131kard\u0131\u011f\u0131 iddia edilen Musevilerin mahkemesi devam ederken, Yunus Nadi Cumhuriyet gazetesinde bu mesele \u00fczerine yaz\u0131lar kaleme al\u0131yordu.<\/strong><\/em><\/p>\n<p><strong><a href=\"https:\/\/bianet.org\/yazar\/evrim-kepenek?sec=bianet\">Evrim Kepenek<\/a><\/strong><\/p>\n<div class=\"post_container\">\n<div class=\"article\">\n<div><em>Bilgileri, Universus Sosyal Ara\u015ft\u0131rmalar Merkezi ara\u015ft\u0131rmac\u0131s\u0131 ve YT\u00dc Sosyoloji b\u00f6l\u00fcm\u00fc Y\u00fcksek Lisans Mezunu<\/em><\/div>\n<div><em>Ebrar Beg\u00fcm \u00dcst\u00fcn&#8217;\u00fcn \u201cErken Cumhuriyet D\u00f6nemi Kad\u0131n Cinayetlerinin \u0130stanbul Gazetelerine Yans\u0131ma Bi\u00e7imleri (1923-1945)\u201d ba\u015fl\u0131kl\u0131 ara\u015ft\u0131rmas\u0131ndan derledik.\u00a0<\/em><\/div>\n<p>Musevi<strong>\u00a0Elza Niyego,<\/strong>\u00a01920\u2019lerde \u0130stanbul\u2019da ya\u015f\u0131yor. 18\u2019nde gen\u00e7 bir kad\u0131n.\u00a0Beyo\u011flu\u2019nda sabahlar\u0131 y\u00fcr\u00fcy\u00fc\u015fe \u00e7\u0131k\u0131yor, kendi d\u00f6nemine g\u00f6re olduk\u00e7a sosyal bir hayat ya\u015f\u0131yor.<\/p>\n<p>Annesi ile birlikte kimi zaman e\u011flenceli kimi zaman m\u00fccadele i\u00e7inde ge\u00e7en hayat\u0131n\u0131n en \u00f6nemli ayr\u0131nt\u0131s\u0131, sigorta \u015firketinde \u00e7al\u0131\u015fan bir kad\u0131n olmas\u0131.\u00a0Her g\u00fcn Karak\u00f6y\u2019de oldu\u011fu tahmin edilen i\u015f yerine gidiyor, ak\u015famlar\u0131 evine d\u00f6n\u00fcyor.<\/p>\n<h2>Osman Elza&#8217;n\u0131n &#8220;pe\u015finde&#8221;<\/h2>\n<p>Elza\u2019y\u0131 i\u015fine giderken g\u00f6ren 50-60 ya\u015flar\u0131ndaki T\u00fcrk M\u00fcsl\u00fcman Rat\u0131b Pa\u015fazade Osman Bey ondan \u00e7ok \u201cetkileniyor&#8221;. Hatta d\u00f6nemin bas\u0131n\u0131n\u0131n aktard\u0131\u011f\u0131na g\u00f6re &#8220;o kadar \u00e2\u015f\u0131k oluyor ki Osman Bey&#8221;, o d\u00f6nem biri Amerika\u2019da di\u011feri \u0130stanbul\u2019da ya\u015fayan di\u011fer e\u015flerini de yok say\u0131yor. \u00c7ocuklar\u0131n\u0131 g\u00f6rmeyi b\u0131rak\u0131yor, onlara kar\u015f\u0131 sorumluluklar\u0131n\u0131 yerine getirmiyor.<\/p>\n<p>S\u00fcrekli olarak Elza\u2019n\u0131n pe\u015fine d\u00fc\u015f\u00fcyor. Elza\u2019ya defalarca evlenme teklif eden Osman Bey her defas\u0131nda \u201chay\u0131r\u201d yan\u0131t\u0131n\u0131 al\u0131yor.<img loading=\"lazy\" decoding=\"async\" src=\"https:\/\/bianet.org\/resim\/olcekle\/112384\/200\/300\" width=\"200\" height=\"300\" align=\"right\" \/><\/p>\n<p>Tarih, 17 A\u011fustos 1927\u2019yi g\u00f6sterdi\u011finde, \u015fimdilerde \u0130stanbul\u2019un tarihi sokaklar\u0131 aras\u0131nda olan Karak\u00f6y\u2019deki Bankalar Caddesi\u2019nde bir kad\u0131n \u00f6ld\u00fcr\u00fcl\u00fcyor.<\/p>\n<h2>Musevilerin terk etme s\u00fcreci ba\u015fl\u0131yor<\/h2>\n<p>Evet, yine d\u00f6nemin bas\u0131n\u0131nda yaz\u0131ld\u0131\u011f\u0131 gibi &#8220;Osman Bey a\u015fk\u0131na yan\u0131t vermeyen\u201d Elza\u2019n\u0131n y\u00fcz\u00fcn\u00fc b\u0131\u00e7akla par\u00e7al\u0131yor ve onu \u00f6ld\u00fcr\u00fcyor. T\u00fcrkiye\u2019nin kurulu\u015funa denk gelen bir tarihte erkek \u015fiddeti ile \u00f6ld\u00fcr\u00fclen bu cinayet, kad\u0131n\u0131n Musevi olmas\u0131yla ili\u015fkili olarak ba\u015fka olaylar\u0131 da beraberinde getiriyor.<\/p>\n<p>Maalesef Elza cinayeti ve ard\u0131ndan gelen birtak\u0131m olaylarla beraber Musevilerin T\u00fcrkiye\u2019yi terk etme s\u00fcreci ba\u015fl\u0131yor.<\/p>\n<p>Cinayetin haberlere verili\u015f tarz\u0131, Elza\u2019n\u0131n Musevi kimli\u011finin netle\u015fmesiyle birlikte olduk\u00e7a farkl\u0131la\u015f\u0131yor.<\/p>\n<p>\u00d6ncesinde \u201c\u00f6ld\u00fcr\u00fclen k\u0131zca\u011f\u0131za\u201d \u00fcz\u00fclen d\u00f6nemin bas\u0131n\u0131 sonras\u0131nda Elza\u2019n\u0131n cenazesi \u00fczerinden milliyet\u00e7ilik ve dini motifleri kullanarak k\u00fclt\u00fcrler ve halklar aras\u0131ndaki nefret s\u00f6yleminin yay\u0131lmas\u0131na yol a\u00e7\u0131yor.<\/p>\n<p>\u015eimdi d\u00f6nemin bas\u0131n\u0131na bakal\u0131m\u2026<\/p>\n<p>Haber, Cumhuriyet gazetesine \u201c\u015ei\u015fhane tramvay yolu \u00fczerinde Elza nam\u0131nda bir gen\u00e7 k\u0131z \u00f6ld\u00fcr\u00fcld\u00fc\u201d olarak yay\u0131mlan\u0131yor. \u00a0Haberde, \u201cCinayet elli ya\u015flar\u0131nda Rat\u0131b pa\u015fazade Osman Bey taraf\u0131ndan 17 A\u011fustos 1927 y\u0131l\u0131nda ak\u015fam\u00fczeri saat yedi bu\u00e7ukta Beyo\u011flu\u2019nda \u015ei\u015fhane yoku\u015funda meydana geldi\u201d bilgisi veriliyor.<\/p>\n<h2>Haberin detaylar\u0131<\/h2>\n<p>Haberin devam\u0131nda \u201cyak\u0131\u015f\u0131kl\u0131 bir adam\u201d olarak nitelendirilen Osman Bey, \u201cMadam Niyego\u2019nun 18 ya\u015flar\u0131ndaki gen\u00e7 k\u0131z\u0131 Elza ile bir m\u00fcddet evvel B\u00fcy\u00fckada\u2019da tan\u0131\u015fm\u0131\u015f, k\u0131z\u0131 seviyor\u201d \u015feklinde detaylar vererek s\u00f6z\u00fcmona cinayetin ard\u0131ndaki \u201cromantik\u201d gerek\u00e7eleri okuyucuya yans\u0131t\u0131yor.<\/p>\n<p>Haberde Elza, \u201ckaraka\u015fl\u0131, kara g\u00f6zl\u00fc, \u015firin, cazip ve g\u00fczel bir k\u0131z\u201d olarak betimleniyor.\u00a0Ayn\u0131 zamanda gen\u00e7 kad\u0131n\u0131n, bir \u201csigorta \u015firketinde, dolgun bir maa\u015fla kasadar\u201d olarak \u00e7al\u0131\u015ft\u0131\u011f\u0131 aktar\u0131l\u0131yor.<\/p>\n<p>Elza Niyego\u2019nun, 1920\u2019lerin \u00f6l\u00e7\u00fcs\u00fcne g\u00f6re okumu\u015f, k\u00fclt\u00fcrl\u00fc, sosyal hayatta aktif bir gen\u00e7 k\u0131z oldu\u011funu ve o d\u00f6nemde ge\u00e7erli \u201cideal kad\u0131n\u201d tan\u0131m\u0131na uygun oldu\u011fu vurgulan\u0131yor.<\/p>\n<p>Osman Rat\u0131b, gen\u00e7 kad\u0131nla \u201ctan\u0131\u015fmas\u0131ndan ald\u0131\u011f\u0131 cesaretle m\u00fctemadiyen apartmana gelip gitmi\u015f kad\u0131n\u0131 annesinden istemi\u015f, fakat madam Niyego bu izdivaca bir t\u00fcrl\u00fc raz\u0131 olmam\u0131\u015f ve b\u00fct\u00fcn teklifleri reddetmi\u015f.\u201d<\/p>\n<p>Elza\u2019n\u0131n annesi Madam Niyego, Osman Rat\u0131b\u2019\u0131n tekliflerini reddedince, katil \u201ctehditlere ba\u015flam\u0131\u015ft\u0131r, fakat yine muvaffakiyet ist\u00eehal edememiyor.\u201d<\/p>\n<p>Osman Rat\u0131b \u0131srarlar\u0131n\u0131 art\u0131rmas\u0131 sonucunda polise \u015fik\u00e2yet ediliyor, polis i\u015fi mahkemeye intikal ettiriyor, mahkeme neticesinde Osman Bey, hapse mahk\u00fbm oluyor ve birka\u00e7 ay hapis yat\u0131yor.<\/p>\n<p>Osman hapisten \u00e7\u0131kt\u0131ktan sonra, tekrar gen\u00e7 kad\u0131n\u0131 annesinden istiyor ancak, \u201cbu m\u00fcracaatlarda menfi netice elde edemiyor&#8221;.<\/p>\n<p>\u201cMesele bu safhada iken Osman, Elza\u2019ya hem\u015firesi ve birka\u00e7 arkada\u015f\u0131yla birlikte yolda giderken tesad\u00fcf ediyor.\u201d<\/p>\n<p>\u201cKatil\u201d, \u201cElza\u2019y\u0131 g\u00f6r\u00fcr g\u00f6rmez siyah sapl\u0131 b\u0131\u00e7a\u011f\u0131n\u0131 \u00e7\u0131kar\u0131yor ve derhal k\u0131z\u0131n \u00fczerine h\u00fccum ederek, bo\u011faz\u0131n\u0131 par\u00e7al\u0131yor, burnunu kesiyor.\u201d<\/p>\n<p>Bu taarruz neticesinde gen\u00e7 kad\u0131n derhal \u00f6l\u00fcyor, birka\u00e7 b\u0131\u00e7ak darbesi alan Elza\u2019n\u0131n k\u0131z karde\u015fi Rejin ise yaralan\u0131yor.\u00a0Cinayeti i\u015fleyen Osman Rat\u0131b, b\u0131\u00e7akla kendisini de \u00f6ld\u00fcrmek istiyor, ancak, buna vakit bulamadan yakalan\u0131yor.<\/p>\n<p>Galata polis merkezi vas\u0131tas\u0131yla m\u00fcddeiumumiyeye, Elza\u2019n\u0131n cesedi ise, otopsi i\u00e7in adli t\u0131bba g\u00f6nderiliyor. Elza Niyego\u2019nun cesedinin adl\u00ee t\u0131p yetkilisinin olay yerine gelmesine kadar ge\u00e7en s\u00fcre boyunca yerde kal\u0131yor ve Elza\u2019n\u0131n annesinin cesedin \u00fczerine bir \u00f6rt\u00fc \u00f6rtmesine izin verilmiyor.<\/p>\n<h2>Fail ne diyor?<\/h2>\n<p>Olaydan sonra Cumhuriyet gazetesi muhabiri katil ile g\u00f6r\u00fc\u015f\u00fcyor.\u00a0 Gazete \u201ckatilin\u201d g\u00f6r\u00fc\u015fmede s\u00f6ylediklerini \u015f\u00f6yle aktar\u0131yor:<\/p>\n<p>\u201cBen yapt\u0131\u011f\u0131m\u0131 bilmiyorum, ben de \u00f6lece\u011fim. Beni mezara g\u00f6m\u00fcn\u00fcz. Ben insan de\u011filim. Ben canavar oldum. Ben \u00f6lmek istiyorum. Babam\u0131n Allah belas\u0131n\u0131 versin! Beni lay\u0131k\u0131yla terbiye ve tahsilimi ikmal ettirmedi. Lanet ruhuna!\u2019 gibi sa\u00e7ma sapan lak\u0131rd\u0131lar s\u00f6ylemi\u015ftir.\u201d<\/p>\n<p>Cinayetin i\u015flendi\u011fi g\u00fcn\u00fcn ertesinde, yani 18 A\u011fustos 1927\u2019de, maktul Elza Niyego\u2019nun cenazesi ailesine teslim ediliyor, ayn\u0131 g\u00fcn defnediliyor.<\/p>\n<h2>Elza\u2019n\u0131n cenazesi<\/h2>\n<p>Cenazeye bir\u00e7ok ki\u015fi kat\u0131l\u0131yor. 19 A\u011fustos 1927&#8217;de Cumhuriyet gazetesinin birinci sayfas\u0131nda \u201cElza\u2019y\u0131 \u00f6ld\u00fcren katilin kar\u0131\u015f\u0131k hayat\u0131\u201d ba\u015fl\u0131kl\u0131 haber metniyle hayat\u0131 hakk\u0131nda bilgiler veriliyor. \u201cMatmazel Elza\u2019y\u0131 katleden Rat\u0131b pa\u015fazade Osman Bey\u2019in hakk\u0131nda tahkikata devam edildi\u011fi\u201d belirtiliyor.<\/p>\n<p>Haberin alt\u0131nda Elza Niyego\u2019nun cenaze merasiminin ve Osman Rat\u0131b\u2019\u0131n bir foto\u011fraf\u0131 bulunuyor.<\/p>\n<p>Zengin bir ailenin evlad\u0131 oldu\u011fu ve naz i\u00e7inde b\u00fcy\u00fct\u00fcld\u00fc\u011f\u00fc belirtilen Osman Rat\u0131b\u2019\u0131n e\u011fitimi i\u00e7in Fransa\u2019ya g\u00f6nderildi\u011fi yaz\u0131yor. Haberin devam\u0131nda Osman Rat\u0131b\u2019\u0131n ailesi i\u00e7ki ve kumar ba\u011f\u0131ml\u0131l\u0131\u011f\u0131ndan vazge\u00e7mesi i\u00e7in t\u00fcrl\u00fc te\u015febb\u00fcslerde bulunmu\u015f olsalar da ba\u015far\u0131l\u0131 olamad\u0131klar\u0131 belirtiliyor.<\/p>\n<p>Cenaze merasiminin yap\u0131ld\u0131\u011f\u0131 g\u00fcn\u00fcn ertesinde 20 A\u011fustos 1927\u2019de Cumhuriyet gazetesinde \u201cAdalet&#8230;!\u201d ba\u015fl\u0131kl\u0131 bir haber yay\u0131mlan\u0131yor.<\/p>\n<h2>&#8220;\u015eamata edip s\u00f6ylenip duruyorlar&#8221;<\/h2>\n<p>Bir erke\u011fin bir kad\u0131n\u0131 \u00f6ld\u00fcrd\u00fc\u011f\u00fc, \u201ckatilin\u201d derhal yakaland\u0131\u011f\u0131 belirtiliyor. Kim olduklar\u0131na dair bilgi yok. Haberin devam\u0131, \u201c\u0130stanbul zab\u0131tas\u0131 her g\u00fcn emsalini g\u00f6rd\u00fc\u011f\u00fcm\u00fcz vakalardan birini kaydetti\u201d \u015feklinde devam ediyor.<\/p>\n<p>Fakat, meselenin bu kadarla bitmedi\u011fi, garip bir netice halini ald\u0131\u011f\u0131 vurgulan\u0131yor.\u00a0Gen\u00e7 kad\u0131n\u0131n cenaze merasiminin bir \u201cisyan\u201d halini ald\u0131\u011f\u0131 yaz\u0131l\u0131yor.<\/p>\n<p>Musevi vatanda\u015flar\u0131n Beyo\u011flu sokaklar\u0131n\u0131 bir isyan alan\u0131na d\u00f6nd\u00fcrd\u00fc\u011f\u00fc, gelen giden otomobillerin durduruldu\u011fu, trafi\u011fin kesildi\u011fi, ba\u011f\u0131r\u0131p \u00e7a\u011f\u0131rd\u0131klar\u0131 ve caddelere d\u00f6k\u00fcld\u00fckleri yaz\u0131l\u0131yor.<\/p>\n<p>Haber metni, \u201cMusevi vatanda\u015flar\u0131m\u0131z T\u00fcrkiye Cumhuriyeti\u2019nin bir adaleti oldu\u011fundan haberdar m\u0131 de\u011fildir?\u201d diye soruyor.<\/p>\n<p>Haber metninin devam\u0131nda, \u0130stanbul\u2019un m\u00fctareke y\u0131llar\u0131ndaki co\u015fkunlu\u011fu ya\u015fayan bir yer olmad\u0131\u011f\u0131, T\u00fcrkiye\u2019nin hakla, kanunla i\u015f g\u00f6ren bir memleket oldu\u011fu belirtilirken Musevilerin bunu bilip tasdik etmelerine ra\u011fmen hala &#8220;\u015famata edip, s\u00f6ylenip durmalar\u0131&#8221; k\u0131nan\u0131yor.<\/p>\n<p>&#8220;T\u00fcrk kanunu&#8221;nun \u201ckatil\u201d Osman\u2019a ve di\u011fer b\u00fct\u00fcn c\u00fcr\u00fcm i\u015fleyenlere kar\u015f\u0131 e\u015fit mesafede oldu\u011fu, bu su\u00e7lar\u0131n cezas\u0131z kalmayaca\u011f\u0131 belirtiliyor.<\/p>\n<p>Haber, fuzuli \u015famataya, g\u00fcr\u00fclt\u00fcye, velveleye gerek olmad\u0131\u011f\u0131n\u0131 vurgularken, Musevi vatanda\u015flar\u0131 teyakkuza davet ediyor ve \u00f6nceki g\u00fcn cenaze merasiminde ta\u015fk\u0131nl\u0131k yapanlar hakk\u0131nda h\u00fck\u00fcmetin tahkikata ba\u015flayaca\u011f\u0131 uyar\u0131s\u0131 yap\u0131l\u0131yor.<\/p>\n<p>Cenaze s\u0131ras\u0131nda meydana gelen bu \u00f6fke patlamas\u0131 kar\u015f\u0131s\u0131nda \u00f6zellikle az\u0131nl\u0131k \u00e7evrelerinde okunan Cumhuriyet gazetesinin Frans\u0131zca bask\u0131s\u0131 olan La R\u00e9publique\u2019de de benzer bir yaz\u0131 yay\u0131mlan\u0131yor.<\/p>\n<p>Cenaze merasiminin ertesi g\u00fcn\u00fc gazete sayfalar\u0131n\u0131n b\u00fcy\u00fck bir b\u00f6l\u00fcm\u00fc Musevi halk\u0131na hakaret ve sald\u0131r\u0131lara ayr\u0131l\u0131yor.<\/p>\n<p>21 A\u011fustos 1927 y\u0131l\u0131nda Cumhuriyet gazetesi \u201cge\u00e7en g\u00fcn cenaze merasiminde ta\u015fk\u0131nl\u0131k yapan k\u00fcstah Musevilere ahk\u00e2m-\u0131 kanuniye en \u015fedid bir surette tatbik edilecektir\u201d ba\u015fl\u0131kl\u0131 haber yay\u0131ml\u0131yor.<\/p>\n<p>Cumhuriyet gazetesinin 22 A\u011fustos 1927 tarihli haberi birinci sayfada \u201cNank\u00f6r ve k\u00fcstah Musevilerin muhakemesine ba\u015fland\u0131\u201d man\u015fetiyle yay\u0131mlan\u0131yor.<\/p>\n<h2>Fail Osman\u2019\u0131n ak\u0131beti<\/h2>\n<p>Osman Rat\u0131b\u2019\u0131n s\u0131hhi denetim sonucunda akli dengesi yerinde bulunuyor ve i\u015fledi\u011fi su\u00e7tan sorumlu olarak yarg\u0131lan\u0131yor.<\/p>\n<p>25 A\u011fustos 1927&#8217;de Cumhuriyet gazetesi \u201cesasl\u0131 surette m\u00fc\u015fahede alt\u0131na al\u0131nd\u0131\u011f\u0131, k\u0131sa bir m\u00fcddet zarf\u0131nda h\u00e2letiruhiyesinde maznunun tamam\u0131yla mecnun oldu\u011funun hissedildi\u011fi, mamafih hen\u00fcz karar verilmedi\u011fini\u201d yaz\u0131yor.<\/p>\n<p>Cenaze merasiminde \u201cAdalet isteriz\u201d diye ba\u011f\u0131ran, ta\u015fk\u0131nl\u0131k \u00e7\u0131kard\u0131\u011f\u0131 iddia edilen Musevilerin mahkemesi devam ederken, Yunus Nadi Cumhuriyet gazetesinde bu mesele \u00fczerine yaz\u0131lar kaleme al\u0131yor.<\/p>\n<p>24 A\u011fustos 1927&#8217;de\u00a0 Cumhuriyet gazetesinde yay\u0131mlanan \u201cYa deve ya diyar\u201d ba\u015fl\u0131kl\u0131 k\u00f6\u015fe yaz\u0131s\u0131nda Musevi cemaate g\u00f6zda\u011f\u0131 veriyor.<\/p>\n<p>Elza Niyego cinayeti nedeniyle Musevilerin siyah kurdele tak\u0131p matem tuttuklar\u0131 haberlerinin yay\u0131mlanmas\u0131 \u00fczerine, 25 A\u011fustos 1927\u00a0 tarihli Cumhuriyet gazetesinde \u0130zmir Hahamba\u015f\u0131s\u0131 Mo\u015fe Efendi\u2019nin beyanat\u0131na ver veriliyor:<\/p>\n<p>\u201cBir kahpe i\u00e7in \u0130zmir Musevilerinin matem tuttuklar\u0131 hakk\u0131ndaki \u015f\u00e2yialar do\u011fru de\u011fildir. Havralar\u0131n dolup bo\u015fand\u0131\u011f\u0131 s\u00f6zleri hil\u00e2ft\u0131r. Havralar\u0131n kap\u0131lar\u0131 her g\u00fcn a\u00e7\u0131k ve denilebilir ki bombo\u015ftur. Elza\u2019n\u0131n siyah matem kurdelesini takan Musevileri kimse g\u00f6rmemi\u015ftir.\u201d<\/p>\n<p>26 A\u011fustos 1927 tarihli Cumhuriyet gazetesi k\u00f6\u015fe yaz\u0131s\u0131nda Yunus Nadi \u201cYine o mesele\u201d ba\u015fl\u0131kl\u0131 yaz\u0131s\u0131yla Elza Niyego cinayeti sonras\u0131nda ya\u015fananlara de\u011finiyor ve \u0130stanbul\u2019da i\u015flenen cinayetin yank\u0131lar\u0131n\u0131n \u0130zmir\u2019de g\u00f6r\u00fclmesini ele\u015ftiriyor.<\/p>\n<p>Ancak, \u0130zmir\u2019de Yahudi aleyhtar\u0131 \u00e7ok b\u00fcy\u00fck bir g\u00f6steri yap\u0131l\u0131yor ve g\u00f6steride h\u00fck\u00fcmetten, Yahudi cemaatine ait okullar\u0131n, gazetelerin ve Hahamba\u015f\u0131l\u0131\u011f\u0131n kapat\u0131lmas\u0131 talep edilmi\u015f, halktan, Yahudilere ait ticarethaneleri boykot etmeleri, h\u00fck\u00fcmetten de askerlik g\u00f6revini yapmam\u0131\u015f olan Yahudileri T\u00fcrkiye\u2019den kovmas\u0131 isteniyor.<\/p>\n<h2>T\u0131marhanede \u00f6ld\u00fcr\u00fcl\u00fcyor<\/h2>\n<p><img loading=\"lazy\" decoding=\"async\" src=\"https:\/\/bianet.org\/resim\/olcekle\/112383\/500\/317\" width=\"500\" height=\"317\" align=\"middle\" \/><\/p>\n<p>22 \u015eubat 1935 tarihli Cumhuriyet gazetesi \u201cElza Niyegoyu \u00f6ld\u00fcren Osman Rat\u0131b Bimarhaneden Ka\u00e7t\u0131 ve Tutuldu\u201d ba\u015fl\u0131kl\u0131 haberinde \u201ca\u015fk ve sevda muhterisi\u201d olarak betimlenen Osman Rat\u0131b\u2019\u0131n haberi yap\u0131l\u0131yor.<\/p>\n<p>\u201cA\u015f\u0131r\u0131 derece delili\u011fine h\u00fck\u00fcm olunan ve bu i\u015fledi\u011fi cinayetten mesul olamayaca\u011f\u0131na karar verilen ve Bak\u0131rk\u00f6y hastanesinde tedavi edilen ak\u0131l hastas\u0131 katil, son g\u00fcnlerde bir kolay\u0131n\u0131 bulmu\u015f ve hastaneden ka\u00e7m\u0131\u015ft\u0131r.\u201d Polise ve m\u00fcddeiumumili\u011fe m\u00fcracaat edilmi\u015f ve 24 saatlik bir ara\u015ft\u0131rmadan sonra yakalanarak tekrar hastaneye konulmu\u015ftur.\u201d<\/p>\n<p>Osman Rat\u0131b\u2019\u0131n cinayet i\u015fledi\u011fi g\u00fcn yap\u0131lan muayenesinde akli dengesinde bir sorun g\u00f6r\u00fclmemesine ra\u011fmen, Musevi halk\u0131n cenaze t\u00f6reninde \u201cadalet isteriz\u201d \u015feklinde tepki vermesinin ard\u0131ndan bas\u0131n\u0131n Musevileri \u201ck\u00fcstah\u201d, \u201cnank\u00f6r\u201d ve \u201cazg\u0131n\u201d gibi s\u0131fatlarla betimlemesi ve Osman Rat\u0131b\u2019\u0131n psikolojik sorunlar\u0131 oldu\u011fu gerek\u00e7esiyle \u00f6m\u00fcr boyu hastanede kalmas\u0131 karar\u0131, muhtemelen Musevi halk\u0131n T\u00fcrk \u201ckatilin\u201d hak etti\u011fi cezay\u0131 almayaca\u011f\u0131n\u0131 d\u00fc\u015f\u00fcnmesine sebep oluyor.<\/p>\n<p>Haberin devam\u0131nda Bak\u0131rk\u00f6y Hastanesi ba\u015fhekimi Mazhar Osman, Osman Rat\u0131b\u2019\u0131n \u201ciyile\u015fmek \u00fczere oldu\u011funu, zaten bir haftaya tamamen iyile\u015fip \u00e7\u0131kaca\u011f\u0131n\u0131 sand\u0131\u011f\u0131n\u0131\u201d belirtiyor. Ba\u015fka bir hasta Osman&#8217;\u0131 \u00f6ld\u00fcr\u00fcyor.<\/p>\n<h2>Musevilerin serbest dola\u015f\u0131m yasa\u011f\u0131 yeniden ba\u015fl\u0131yor<\/h2>\n<p>Musevilere kar\u015f\u0131 sayfalarca hakaret i\u00e7eren yaz\u0131lar yay\u0131mlan\u0131yor. Bu olay nedeniyle ge\u00e7mi\u015fte Musevi az\u0131nl\u0131\u011f\u0131 kapsayan ancak daha sonra sadece Rum ve Ermenilere uygulanan T\u00fcrkiye i\u00e7inde serbest dola\u015f\u0131m yasa\u011f\u0131, 29 A\u011fustos 1927\u2019den itibaren bir kez daha Musevilere de uygulanmaya ba\u015flan\u0131yor.<\/p>\n<p>Elza Niyego cinayetiyle beraber ya\u015fanan gerilimlerin ard\u0131ndan Musevilere y\u00f6nelik d\u00fc\u015fmanl\u0131k kampanyalar\u0131n\u0131n hafifleme ve yok olma s\u00fcreci ba\u015fl\u0131yor.<\/p>\n<h2>\u00d6ld\u00fcr\u00fclen Musevi kad\u0131n olunca durum de\u011fi\u015fiyor<\/h2>\n<p>Elza Niyego cinayeti, 1922\u2019den beri devam etmekte olan bask\u0131lar\u0131n sonucunda bir tepki olarak do\u011fuyor ve sonraki y\u0131llarda Yahudilerden, T\u00fcrk\u00e7e konu\u015fmalar\u0131, T\u00fcrk k\u00fclt\u00fcr\u00fcne ve T\u00fcrk toplumuna sayg\u0131 g\u00f6stermeleri isteniyor.<\/p>\n<p>Yani bir erke\u011fin \u00f6ld\u00fcrd\u00fc\u011f\u00fc Musevi kad\u0131n olan Elza Niyego \u00fczerinden hem Musevi halk\u0131na hem de M\u00fcsl\u00fcman-T\u00fcrk olmayan kad\u0131nlara mesaj veriliyor. \u201cBizden de\u011filseniz, katilinize sahip \u00e7\u0131kar\u0131z.\u201d<\/p>\n<h2>Peki, ben bu bilgileri nereden ald\u0131m?<\/h2>\n<p>Universus Sosyal Ara\u015ft\u0131rmalar Merkezi ara\u015ft\u0131rmac\u0131s\u0131 ve YT\u00dc Sosyoloji b\u00f6l\u00fcm\u00fc Y\u00fcksek Lisans Mezunu Ebrar Beg\u00fcm \u00dcst\u00fcn, \u201cErken Cumhuriyet D\u00f6nemi Kad\u0131n Cinayetlerinin \u0130stanbul Gazetelerine Yans\u0131ma Bi\u00e7imleri (1923-1945)\u201d ba\u015fl\u0131kl\u0131 ara\u015ft\u0131rmas\u0131ndan.<\/p>\n<p>Ara\u015ft\u0131rmas\u0131nda 1923-1945 aras\u0131ndaki d\u00f6nemde \u00fc\u00e7 gazetenin erkek \u015fiddeti haberlerine nas\u0131l yer verildi\u011fine dair bilgiler var.<\/p>\n<p>Ara\u015ft\u0131rmaya dair detayl\u0131 bir s\u00f6yle\u015fi \u00f6n\u00fcm\u00fczdeki g\u00fcnlerde\u00a0<strong>bianet<\/strong>\u2019te.<\/p>\n<p><em>\u015eiddetsiz yeni bir hafta dile\u011fi ile.\u00a0<\/em><\/p>\n<\/div>\n<\/div>\n<div class=\"author-bio\">\n<h3 class=\"hr\">Evrim Kepenek<\/h3>\n<div class=\"text\">\n<p><em>Bianet kad\u0131n ve LGBT\u0130 haberleri edit\u00f6r\u00fc. bianet stajerlerinden. Cumhuriyet, Birg\u00fcn, Taraf, D\u0130HA, Jinha ve Jin News i\u00e7in \u00e7al\u0131\u015ft\u0131. Sivil Sayfalar, Ye\u015fil Gazete, Journo ve sekt\u00f6r dergileri i\u00e7in yaz\u0131lar yazd\u0131. &#8220;Okulun Duzi&#8221; belgeselini y\u00f6netti. Hem\u015fin k\u00fclt\u00fcr dergisi GOR\u2019un kurucu yazarlar\u0131ndan. Ye\u015filden Maviye &amp; Karadeniz&#8217;den Kad\u0131n Portreleri, S\u0131rt\u0131nda Sepeti, Medya ve Yalanlar isimli kitaplara katk\u0131 sundu. 2011 Musa Anter Gazetecilik \u00f6d\u00fcl\u00fc sahibi. \u0130stanbul \u00dcniversitesi Avrupa Birli\u011fi b\u00f6l\u00fcm\u00fcnden mezun oldu, e\u011fitimine Bilgi \u00dcniversitesi Uluslararas\u0131 \u0130li\u015fkiler b\u00f6l\u00fcm\u00fcnde devam etti.<\/em><\/p>\n<p><em><strong>https:\/\/bianet.org\/bianet\/toplumsal-cinsiyet\/237322-elza-niyego-cinayeti-1927-den-bir-erkek-siddeti?bia_source=rss\u00a0<\/strong><\/em><\/p>\n<p>&nbsp;<\/p>\n<\/div>\n<\/div>\n","protected":false},"excerpt":{"rendered":"<p>Elza Niyego&#8217;nun cenazesinde \u201cadalet isteriz\u201d diye ba\u011f\u0131rd\u0131\u011f\u0131 i\u00e7in ta\u015fk\u0131nl\u0131k \u00e7\u0131kard\u0131\u011f\u0131 iddia edilen Musevilerin mahkemesi devam ederken, Yunus Nadi Cumhuriyet gazetesinde bu mesele \u00fczerine yaz\u0131lar kaleme al\u0131yordu. Evrim Kepenek Bilgileri, Universus Sosyal Ara\u015ft\u0131rmalar Merkezi ara\u015ft\u0131rmac\u0131s\u0131 ve YT\u00dc Sosyoloji b\u00f6l\u00fcm\u00fc Y\u00fcksek Lisans Mezunu Ebrar Beg\u00fcm \u00dcst\u00fcn&#8217;\u00fcn \u201cErken Cumhuriyet D\u00f6nemi Kad\u0131n Cinayetlerinin \u0130stanbul Gazetelerine Yans\u0131ma Bi\u00e7imleri (1923-1945)\u201d ba\u015fl\u0131kl\u0131 [&hellip;]<\/p>\n","protected":false},"author":7,"featured_media":60861,"comment_status":"open","ping_status":"open","sticky":false,"template":"","format":"standard","meta":{"footnotes":""},"categories":[1,70,20],"tags":[],"class_list":["post-60860","post","type-post","status-publish","format-standard","has-post-thumbnail","hentry","category-haberler","category-makaleler","category-tarih-sayfalari"],"yoast_head":"<!-- This site is optimized with the Yoast SEO plugin v27.4 - https:\/\/yoast.com\/product\/yoast-seo-wordpress\/ -->\n<title>Elza Niyego cinayeti: 1927\u2019den bir erkek \u015fiddeti - Bati Ermenistan Ve Bati Ermenileri Sorunlari Ara\u015ftirmalar Merkezi<\/title>\n<meta name=\"robots\" content=\"index, follow, max-snippet:-1, max-image-preview:large, max-video-preview:-1\" \/>\n<link rel=\"canonical\" href=\"https:\/\/akunq.net\/tr\/?p=60860\" \/>\n<meta property=\"og:locale\" content=\"en_US\" \/>\n<meta property=\"og:type\" content=\"article\" \/>\n<meta property=\"og:title\" content=\"Elza Niyego cinayeti: 1927\u2019den bir erkek \u015fiddeti - Bati Ermenistan Ve Bati Ermenileri Sorunlari Ara\u015ftirmalar Merkezi\" \/>\n<meta property=\"og:description\" content=\"Elza Niyego&#8217;nun cenazesinde \u201cadalet isteriz\u201d diye ba\u011f\u0131rd\u0131\u011f\u0131 i\u00e7in ta\u015fk\u0131nl\u0131k \u00e7\u0131kard\u0131\u011f\u0131 iddia edilen Musevilerin mahkemesi devam ederken, Yunus Nadi Cumhuriyet gazetesinde bu mesele \u00fczerine yaz\u0131lar kaleme al\u0131yordu. Evrim Kepenek Bilgileri, Universus Sosyal Ara\u015ft\u0131rmalar Merkezi ara\u015ft\u0131rmac\u0131s\u0131 ve YT\u00dc Sosyoloji b\u00f6l\u00fcm\u00fc Y\u00fcksek Lisans Mezunu Ebrar Beg\u00fcm \u00dcst\u00fcn&#8217;\u00fcn \u201cErken Cumhuriyet D\u00f6nemi Kad\u0131n Cinayetlerinin \u0130stanbul Gazetelerine Yans\u0131ma Bi\u00e7imleri (1923-1945)\u201d ba\u015fl\u0131kl\u0131 [&hellip;]\" \/>\n<meta property=\"og:url\" content=\"https:\/\/akunq.net\/tr\/?p=60860\" \/>\n<meta property=\"og:site_name\" content=\"Bati Ermenistan Ve Bati Ermenileri Sorunlari Ara\u015ftirmalar Merkezi\" \/>\n<meta property=\"article:published_time\" content=\"2021-01-11T08:30:25+00:00\" \/>\n<meta property=\"og:image\" content=\"https:\/\/akunq.net\/tr\/wp-content\/uploads\/sites\/6\/2021\/01\/Elza-Niyego.jpg\" \/>\n\t<meta property=\"og:image:width\" content=\"1020\" \/>\n\t<meta property=\"og:image:height\" content=\"660\" \/>\n\t<meta property=\"og:image:type\" content=\"image\/jpeg\" \/>\n<meta name=\"author\" content=\"admin\" \/>\n<meta name=\"twitter:card\" content=\"summary_large_image\" \/>\n<meta name=\"twitter:label1\" content=\"Written by\" \/>\n\t<meta name=\"twitter:data1\" content=\"admin\" \/>\n\t<meta name=\"twitter:label2\" content=\"Est. reading time\" \/>\n\t<meta name=\"twitter:data2\" content=\"12 minutes\" \/>\n<script type=\"application\/ld+json\" class=\"yoast-schema-graph\">{\"@context\":\"https:\\\/\\\/schema.org\",\"@graph\":[{\"@type\":\"Article\",\"@id\":\"https:\\\/\\\/akunq.net\\\/tr\\\/?p=60860#article\",\"isPartOf\":{\"@id\":\"https:\\\/\\\/akunq.net\\\/tr\\\/?p=60860\"},\"author\":{\"name\":\"admin\",\"@id\":\"https:\\\/\\\/akunq.net\\\/tr\\\/#\\\/schema\\\/person\\\/096f1d38a12cce57fb855b485ed24c9e\"},\"headline\":\"Elza Niyego cinayeti: 1927\u2019den bir erkek \u015fiddeti\",\"datePublished\":\"2021-01-11T08:30:25+00:00\",\"mainEntityOfPage\":{\"@id\":\"https:\\\/\\\/akunq.net\\\/tr\\\/?p=60860\"},\"wordCount\":2473,\"commentCount\":0,\"image\":{\"@id\":\"https:\\\/\\\/akunq.net\\\/tr\\\/?p=60860#primaryimage\"},\"thumbnailUrl\":\"https:\\\/\\\/akunq.net\\\/tr\\\/wp-content\\\/uploads\\\/sites\\\/6\\\/2021\\\/01\\\/Elza-Niyego.jpg\",\"articleSection\":[\"Haberler\",\"Makaleler\",\"Tarih Sayfalar\u0131\"],\"inLanguage\":\"en-US\",\"potentialAction\":[{\"@type\":\"CommentAction\",\"name\":\"Comment\",\"target\":[\"https:\\\/\\\/akunq.net\\\/tr\\\/?p=60860#respond\"]}]},{\"@type\":\"WebPage\",\"@id\":\"https:\\\/\\\/akunq.net\\\/tr\\\/?p=60860\",\"url\":\"https:\\\/\\\/akunq.net\\\/tr\\\/?p=60860\",\"name\":\"Elza Niyego cinayeti: 1927\u2019den bir erkek \u015fiddeti - Bati Ermenistan Ve Bati Ermenileri Sorunlari Ara\u015ftirmalar Merkezi\",\"isPartOf\":{\"@id\":\"https:\\\/\\\/akunq.net\\\/tr\\\/#website\"},\"primaryImageOfPage\":{\"@id\":\"https:\\\/\\\/akunq.net\\\/tr\\\/?p=60860#primaryimage\"},\"image\":{\"@id\":\"https:\\\/\\\/akunq.net\\\/tr\\\/?p=60860#primaryimage\"},\"thumbnailUrl\":\"https:\\\/\\\/akunq.net\\\/tr\\\/wp-content\\\/uploads\\\/sites\\\/6\\\/2021\\\/01\\\/Elza-Niyego.jpg\",\"datePublished\":\"2021-01-11T08:30:25+00:00\",\"author\":{\"@id\":\"https:\\\/\\\/akunq.net\\\/tr\\\/#\\\/schema\\\/person\\\/096f1d38a12cce57fb855b485ed24c9e\"},\"breadcrumb\":{\"@id\":\"https:\\\/\\\/akunq.net\\\/tr\\\/?p=60860#breadcrumb\"},\"inLanguage\":\"en-US\",\"potentialAction\":[{\"@type\":\"ReadAction\",\"target\":[\"https:\\\/\\\/akunq.net\\\/tr\\\/?p=60860\"]}]},{\"@type\":\"ImageObject\",\"inLanguage\":\"en-US\",\"@id\":\"https:\\\/\\\/akunq.net\\\/tr\\\/?p=60860#primaryimage\",\"url\":\"https:\\\/\\\/akunq.net\\\/tr\\\/wp-content\\\/uploads\\\/sites\\\/6\\\/2021\\\/01\\\/Elza-Niyego.jpg\",\"contentUrl\":\"https:\\\/\\\/akunq.net\\\/tr\\\/wp-content\\\/uploads\\\/sites\\\/6\\\/2021\\\/01\\\/Elza-Niyego.jpg\",\"width\":1020,\"height\":660},{\"@type\":\"BreadcrumbList\",\"@id\":\"https:\\\/\\\/akunq.net\\\/tr\\\/?p=60860#breadcrumb\",\"itemListElement\":[{\"@type\":\"ListItem\",\"position\":1,\"name\":\"Home\",\"item\":\"https:\\\/\\\/akunq.net\\\/tr\"},{\"@type\":\"ListItem\",\"position\":2,\"name\":\"Elza Niyego cinayeti: 1927\u2019den bir erkek \u015fiddeti\"}]},{\"@type\":\"WebSite\",\"@id\":\"https:\\\/\\\/akunq.net\\\/tr\\\/#website\",\"url\":\"https:\\\/\\\/akunq.net\\\/tr\\\/\",\"name\":\"Bati Ermenistan Ve Bati Ermenileri Sorunlari Ara\u015ftirmalar Merkezi\",\"description\":\"\",\"potentialAction\":[{\"@type\":\"SearchAction\",\"target\":{\"@type\":\"EntryPoint\",\"urlTemplate\":\"https:\\\/\\\/akunq.net\\\/tr\\\/?s={search_term_string}\"},\"query-input\":{\"@type\":\"PropertyValueSpecification\",\"valueRequired\":true,\"valueName\":\"search_term_string\"}}],\"inLanguage\":\"en-US\"},{\"@type\":\"Person\",\"@id\":\"https:\\\/\\\/akunq.net\\\/tr\\\/#\\\/schema\\\/person\\\/096f1d38a12cce57fb855b485ed24c9e\",\"name\":\"admin\",\"url\":\"https:\\\/\\\/akunq.net\\\/tr\\\/?author=7\"}]}<\/script>\n<!-- \/ Yoast SEO plugin. -->","yoast_head_json":{"title":"Elza Niyego cinayeti: 1927\u2019den bir erkek \u015fiddeti - Bati Ermenistan Ve Bati Ermenileri Sorunlari Ara\u015ftirmalar Merkezi","robots":{"index":"index","follow":"follow","max-snippet":"max-snippet:-1","max-image-preview":"max-image-preview:large","max-video-preview":"max-video-preview:-1"},"canonical":"https:\/\/akunq.net\/tr\/?p=60860","og_locale":"en_US","og_type":"article","og_title":"Elza Niyego cinayeti: 1927\u2019den bir erkek \u015fiddeti - Bati Ermenistan Ve Bati Ermenileri Sorunlari Ara\u015ftirmalar Merkezi","og_description":"Elza Niyego&#8217;nun cenazesinde \u201cadalet isteriz\u201d diye ba\u011f\u0131rd\u0131\u011f\u0131 i\u00e7in ta\u015fk\u0131nl\u0131k \u00e7\u0131kard\u0131\u011f\u0131 iddia edilen Musevilerin mahkemesi devam ederken, Yunus Nadi Cumhuriyet gazetesinde bu mesele \u00fczerine yaz\u0131lar kaleme al\u0131yordu. Evrim Kepenek Bilgileri, Universus Sosyal Ara\u015ft\u0131rmalar Merkezi ara\u015ft\u0131rmac\u0131s\u0131 ve YT\u00dc Sosyoloji b\u00f6l\u00fcm\u00fc Y\u00fcksek Lisans Mezunu Ebrar Beg\u00fcm \u00dcst\u00fcn&#8217;\u00fcn \u201cErken Cumhuriyet D\u00f6nemi Kad\u0131n Cinayetlerinin \u0130stanbul Gazetelerine Yans\u0131ma Bi\u00e7imleri (1923-1945)\u201d ba\u015fl\u0131kl\u0131 [&hellip;]","og_url":"https:\/\/akunq.net\/tr\/?p=60860","og_site_name":"Bati Ermenistan Ve Bati Ermenileri Sorunlari Ara\u015ftirmalar Merkezi","article_published_time":"2021-01-11T08:30:25+00:00","og_image":[{"width":1020,"height":660,"url":"https:\/\/akunq.net\/tr\/wp-content\/uploads\/sites\/6\/2021\/01\/Elza-Niyego.jpg","type":"image\/jpeg"}],"author":"admin","twitter_card":"summary_large_image","twitter_misc":{"Written by":"admin","Est. reading time":"12 minutes"},"schema":{"@context":"https:\/\/schema.org","@graph":[{"@type":"Article","@id":"https:\/\/akunq.net\/tr\/?p=60860#article","isPartOf":{"@id":"https:\/\/akunq.net\/tr\/?p=60860"},"author":{"name":"admin","@id":"https:\/\/akunq.net\/tr\/#\/schema\/person\/096f1d38a12cce57fb855b485ed24c9e"},"headline":"Elza Niyego cinayeti: 1927\u2019den bir erkek \u015fiddeti","datePublished":"2021-01-11T08:30:25+00:00","mainEntityOfPage":{"@id":"https:\/\/akunq.net\/tr\/?p=60860"},"wordCount":2473,"commentCount":0,"image":{"@id":"https:\/\/akunq.net\/tr\/?p=60860#primaryimage"},"thumbnailUrl":"https:\/\/akunq.net\/tr\/wp-content\/uploads\/sites\/6\/2021\/01\/Elza-Niyego.jpg","articleSection":["Haberler","Makaleler","Tarih Sayfalar\u0131"],"inLanguage":"en-US","potentialAction":[{"@type":"CommentAction","name":"Comment","target":["https:\/\/akunq.net\/tr\/?p=60860#respond"]}]},{"@type":"WebPage","@id":"https:\/\/akunq.net\/tr\/?p=60860","url":"https:\/\/akunq.net\/tr\/?p=60860","name":"Elza Niyego cinayeti: 1927\u2019den bir erkek \u015fiddeti - Bati Ermenistan Ve Bati Ermenileri Sorunlari Ara\u015ftirmalar Merkezi","isPartOf":{"@id":"https:\/\/akunq.net\/tr\/#website"},"primaryImageOfPage":{"@id":"https:\/\/akunq.net\/tr\/?p=60860#primaryimage"},"image":{"@id":"https:\/\/akunq.net\/tr\/?p=60860#primaryimage"},"thumbnailUrl":"https:\/\/akunq.net\/tr\/wp-content\/uploads\/sites\/6\/2021\/01\/Elza-Niyego.jpg","datePublished":"2021-01-11T08:30:25+00:00","author":{"@id":"https:\/\/akunq.net\/tr\/#\/schema\/person\/096f1d38a12cce57fb855b485ed24c9e"},"breadcrumb":{"@id":"https:\/\/akunq.net\/tr\/?p=60860#breadcrumb"},"inLanguage":"en-US","potentialAction":[{"@type":"ReadAction","target":["https:\/\/akunq.net\/tr\/?p=60860"]}]},{"@type":"ImageObject","inLanguage":"en-US","@id":"https:\/\/akunq.net\/tr\/?p=60860#primaryimage","url":"https:\/\/akunq.net\/tr\/wp-content\/uploads\/sites\/6\/2021\/01\/Elza-Niyego.jpg","contentUrl":"https:\/\/akunq.net\/tr\/wp-content\/uploads\/sites\/6\/2021\/01\/Elza-Niyego.jpg","width":1020,"height":660},{"@type":"BreadcrumbList","@id":"https:\/\/akunq.net\/tr\/?p=60860#breadcrumb","itemListElement":[{"@type":"ListItem","position":1,"name":"Home","item":"https:\/\/akunq.net\/tr"},{"@type":"ListItem","position":2,"name":"Elza Niyego cinayeti: 1927\u2019den bir erkek \u015fiddeti"}]},{"@type":"WebSite","@id":"https:\/\/akunq.net\/tr\/#website","url":"https:\/\/akunq.net\/tr\/","name":"Bati Ermenistan Ve Bati Ermenileri Sorunlari Ara\u015ftirmalar Merkezi","description":"","potentialAction":[{"@type":"SearchAction","target":{"@type":"EntryPoint","urlTemplate":"https:\/\/akunq.net\/tr\/?s={search_term_string}"},"query-input":{"@type":"PropertyValueSpecification","valueRequired":true,"valueName":"search_term_string"}}],"inLanguage":"en-US"},{"@type":"Person","@id":"https:\/\/akunq.net\/tr\/#\/schema\/person\/096f1d38a12cce57fb855b485ed24c9e","name":"admin","url":"https:\/\/akunq.net\/tr\/?author=7"}]}},"_links":{"self":[{"href":"https:\/\/akunq.net\/tr\/index.php?rest_route=\/wp\/v2\/posts\/60860","targetHints":{"allow":["GET"]}}],"collection":[{"href":"https:\/\/akunq.net\/tr\/index.php?rest_route=\/wp\/v2\/posts"}],"about":[{"href":"https:\/\/akunq.net\/tr\/index.php?rest_route=\/wp\/v2\/types\/post"}],"author":[{"embeddable":true,"href":"https:\/\/akunq.net\/tr\/index.php?rest_route=\/wp\/v2\/users\/7"}],"replies":[{"embeddable":true,"href":"https:\/\/akunq.net\/tr\/index.php?rest_route=%2Fwp%2Fv2%2Fcomments&post=60860"}],"version-history":[{"count":1,"href":"https:\/\/akunq.net\/tr\/index.php?rest_route=\/wp\/v2\/posts\/60860\/revisions"}],"predecessor-version":[{"id":60862,"href":"https:\/\/akunq.net\/tr\/index.php?rest_route=\/wp\/v2\/posts\/60860\/revisions\/60862"}],"wp:featuredmedia":[{"embeddable":true,"href":"https:\/\/akunq.net\/tr\/index.php?rest_route=\/wp\/v2\/media\/60861"}],"wp:attachment":[{"href":"https:\/\/akunq.net\/tr\/index.php?rest_route=%2Fwp%2Fv2%2Fmedia&parent=60860"}],"wp:term":[{"taxonomy":"category","embeddable":true,"href":"https:\/\/akunq.net\/tr\/index.php?rest_route=%2Fwp%2Fv2%2Fcategories&post=60860"},{"taxonomy":"post_tag","embeddable":true,"href":"https:\/\/akunq.net\/tr\/index.php?rest_route=%2Fwp%2Fv2%2Ftags&post=60860"}],"curies":[{"name":"wp","href":"https:\/\/api.w.org\/{rel}","templated":true}]}}