{"id":60847,"date":"2021-01-11T01:34:25","date_gmt":"2021-01-11T06:34:25","guid":{"rendered":"https:\/\/akunq.net\/tr\/?p=60847"},"modified":"2021-01-11T01:34:25","modified_gmt":"2021-01-11T06:34:25","slug":"yunanistan-disisleri-bakani-turkiye-2000-ya-da-2016daki-turkiye-degil","status":"publish","type":"post","link":"https:\/\/akunq.net\/tr\/?p=60847","title":{"rendered":"Yunanistan D\u0131\u015fi\u015fleri Bakan\u0131: T\u00fcrkiye, 2000 ya da 2016&#8217;daki T\u00fcrkiye de\u011fil"},"content":{"rendered":"<div class=\"b-article__lead\">\n<p><img loading=\"lazy\" decoding=\"async\" class=\"aligncenter size-medium wp-image-60848\" src=\"https:\/\/akunq.net\/tr\/wp-content\/uploads\/2021\/01\/\u0540\u0578\u0582\u0576\u0561\u057d\u057f\u0561\u0576\u056b-\u0531\u0533-\u0576\u0561\u056d\u0561\u0580\u0561\u0580-360x238.jpg\" alt=\"\" width=\"360\" height=\"238\" srcset=\"https:\/\/akunq.net\/tr\/wp-content\/uploads\/sites\/6\/2021\/01\/\u0540\u0578\u0582\u0576\u0561\u057d\u057f\u0561\u0576\u056b-\u0531\u0533-\u0576\u0561\u056d\u0561\u0580\u0561\u0580-360x238.jpg 360w, https:\/\/akunq.net\/tr\/wp-content\/uploads\/sites\/6\/2021\/01\/\u0540\u0578\u0582\u0576\u0561\u057d\u057f\u0561\u0576\u056b-\u0531\u0533-\u0576\u0561\u056d\u0561\u0580\u0561\u0580-768x508.jpg 768w, https:\/\/akunq.net\/tr\/wp-content\/uploads\/sites\/6\/2021\/01\/\u0540\u0578\u0582\u0576\u0561\u057d\u057f\u0561\u0576\u056b-\u0531\u0533-\u0576\u0561\u056d\u0561\u0580\u0561\u0580-560x370.jpg 560w, https:\/\/akunq.net\/tr\/wp-content\/uploads\/sites\/6\/2021\/01\/\u0540\u0578\u0582\u0576\u0561\u057d\u057f\u0561\u0576\u056b-\u0531\u0533-\u0576\u0561\u056d\u0561\u0580\u0561\u0580-260x172.jpg 260w, https:\/\/akunq.net\/tr\/wp-content\/uploads\/sites\/6\/2021\/01\/\u0540\u0578\u0582\u0576\u0561\u057d\u057f\u0561\u0576\u056b-\u0531\u0533-\u0576\u0561\u056d\u0561\u0580\u0561\u0580-160x106.jpg 160w, https:\/\/akunq.net\/tr\/wp-content\/uploads\/sites\/6\/2021\/01\/\u0540\u0578\u0582\u0576\u0561\u057d\u057f\u0561\u0576\u056b-\u0531\u0533-\u0576\u0561\u056d\u0561\u0580\u0561\u0580.jpg 770w\" sizes=\"auto, (max-width: 360px) 100vw, 360px\" \/><\/p>\n<p><em><strong>Ankara ile ba\u015flamas\u0131 beklenen istik\u015fafi g\u00f6r\u00fc\u015fmelerde Atina&#8217;n\u0131n yap\u0131c\u0131 yakla\u015f\u0131m sergileyece\u011fini s\u00f6yleyen Dendias, &#8216;2000&#8217;lerde AB \u00fcyeli\u011fi ad\u0131mlar\u0131 atan ve 2016&#8217;da son istik\u015fafi g\u00f6r\u00fc\u015fmeyi yapan \u00fclke olmaktan \u00e7\u0131kan T\u00fcrkiye&#8217;nin art\u0131k yay\u0131lmac\u0131, yeni Osmanl\u0131c\u0131 ve tehditkar bir siyaset izledi\u011fini&#8217; iddia etti.<\/strong><\/em><\/p>\n<\/div>\n<div class=\"b-article__text\">\n<p><strong>Yunanistan&#8217;da Kathimerini gazetesine<\/strong>\u00a0verdi\u011fi m\u00fclakatta\u00a0<strong>T\u00fcrkiye<\/strong>\u00a0ile ya\u015fanan\u00a0deniz odakl\u0131 ihtilaflarla ilgili de\u011ferlendirmelerde bulunan<strong>\u00a0D\u0131\u015fi\u015fleri Bakan\u0131 Nikos Dendias<\/strong>,\u00a0<strong>Ankara<\/strong>\u00a0ile ba\u015flamas\u0131 beklenen\u00a0<strong>istik\u015fafi (ke\u015fif ama\u00e7l\u0131) g\u00f6r\u00fc\u015fmelerde Atina&#8217;n\u0131n<\/strong>\u00a0yap\u0131c\u0131 yakla\u015f\u0131m sergileyece\u011fini s\u00f6yledi.<\/p>\n<p><em>&#8216;Ankara&#8217;n\u0131n g\u00f6r\u00fc\u015fmelerin g\u00fcndemini tek tarafl\u0131 de\u011fi\u015ftirmesinin baltalama giri\u015fimi anlam\u0131na gelece\u011fi, rotada yeni bir de\u011fi\u015fikli\u011fe gidilmesine bir taraf\u0131n kendi ba\u015f\u0131na karar veremeyece\u011finden&#8217;<\/em>\u00a0s\u00f6z eden\u00a0Yunan D\u0131\u015fi\u015fleri Bakan\u0131,\u00a0T\u00fcrkiye&#8217;nin ne Avrupa Birli\u011fi&#8217;ne (AB) \u00fcyelik ad\u0131mlar\u0131 atan 2000&#8217;lerin ba\u015f\u0131ndaki \u00fclke ne de istik\u015fafi g\u00f6r\u00fc\u015fmelerin kesintiye u\u011frad\u0131\u011f\u0131 2016&#8217;daki \u00fclke oldu\u011funu dile getirdi. Ankara&#8217;n\u0131n son y\u0131llarda\u00a0<em>&#8216;yay\u0131lmac\u0131, yeni Osmanl\u0131c\u0131 ve tehditkar&#8217;<\/em> bir siyaset izledi\u011fini iddia etti.<\/p>\n<h2>&#8216;Hasta adam&#8217; atf\u0131<\/h2>\n<p>Yunanistan&#8217;\u0131n Akdeniz&#8217;de enerji kaynaklar\u0131n\u0131n \u00e7\u0131kar\u0131lmas\u0131 konusunda\u00a0<strong>G\u00fcney K\u0131br\u0131s, \u0130srail, M\u0131s\u0131r, \u00dcrd\u00fcn, Suudi Arabistan ve Birle\u015fik Arap Emirlikleri (BAE)<\/strong>\u00a0ile kurdu\u011fu i\u015fbirli\u011fine T\u00fcrkiye&#8217;nin de kat\u0131lmas\u0131n\u0131 arzu etti\u011finden s\u00f6z eden Dendias,\u00a0<em>&#8220;Ancak T\u00fcrkiye bu davran\u0131\u015flar\u0131ndan vazge\u00e7meli ve her bir \u00fclkenin kabul etti\u011fi gibi anla\u015fmazl\u0131klar\u0131n bar\u0131\u015f\u00e7\u0131 yollarla \u00e7\u00f6z\u00fcm\u00fcn\u00fc \u00f6ng\u00f6ren uluslararas\u0131 hukuk kurallar\u0131na sayg\u0131l\u0131 olmal\u0131&#8221;<\/em>\u00a0diyerek ekledi:<\/p>\n<p><em>&#8220;100 y\u0131l \u00f6nce Bat\u0131&#8217;da hasta adam olarak tan\u0131mlanan T\u00fcrkiye&#8217;nin \u015fimdi b\u00f6lgenin b\u00fcy\u00fck de\u011fi\u015fimcisi olarak Osmanl\u0131 \u0130mparatorlu\u011fu rol\u00fcn\u00fc oynamaya \u00e7al\u0131\u015fmas\u0131, g\u00f6r\u00fc\u015ft\u00fc\u011f\u00fcm b\u00fct\u00fcn \u00fclkelerin g\u00fcndeminde yer al\u0131yor.&#8221;<\/em><\/p>\n<h3>&#8216;\u0130stik\u015fafi g\u00f6r\u00fc\u015fmelerin g\u00fcndemi bellidir ve de\u011fi\u015ftirilemez&#8217;<\/h3>\n<p>\u0130stanbul&#8217;da yap\u0131lmas\u0131 beklenen istik\u015fafi g\u00f6r\u00fc\u015fmelerin 61. turunun 2016&#8217;da kesildi\u011fi yerden devam\u0131ndan yana oldu\u011funu belirten Yunan D\u0131\u015fi\u015fleri Bakan\u0131, \u015funlar\u0131 s\u00f6yledi:<\/p>\n<p><em>&#8220;\u0130stik\u015fafi g\u00f6r\u00fc\u015fmelerin g\u00fcndemi bellidir ve de\u011fi\u015ftirilemez. G\u00f6r\u00fc\u015fmelerin tek tarafl\u0131 olarak geni\u015fletilmesine karar vermek, sabote etmek anlam\u0131na gelir. Ankara&#8217;n\u0131n ne kadar samimi oldu\u011funu g\u00f6rece\u011fiz. Biz, samimi ve yap\u0131c\u0131 niyetle masaya oturmaya haz\u0131r\u0131z.&#8221;<\/em><\/p>\n<h3>&#8216;Arnavutluk ile deniz yetki alanlar\u0131 i\u00e7in Uluslararas\u0131 Adalet Divan\u0131na gidilecek&#8217;<\/h3>\n<p>Ankara ile istik\u015fafi g\u00f6r\u00fc\u015fmelerde iki \u00fclke aras\u0131ndaki k\u0131ta sahanl\u0131klar\u0131n\u0131n belirlenmesinden ba\u015fka hi\u00e7bir konunun g\u00f6r\u00fc\u015f\u00fclmemesi y\u00f6n\u00fcnde\u00a0a\u00e7\u0131klamalar\u00a0yapan\u00a0Atina&#8217;n\u0131n,<strong>\u00a0\u0130talya ve M\u0131s\u0131r ile deniz yetki alanlar\u0131n\u0131n belirlenmesini \u00f6ng\u00f6ren anla\u015fmalara vard\u0131\u011f\u0131n\u0131<\/strong>\u00a0hat\u0131rlatan Dendias, Yunanistan&#8217;\u0131n<strong>\u00a0Arnavutluk<\/strong>\u00a0ile deniz yetki alanlar\u0131n\u0131n belirlenmesi i\u00e7in\u00a0<strong>Lahey\u00a0Uluslararas\u0131 Adalet Divan\u0131na<\/strong>\u00a0gidilmesinde anla\u015fma sa\u011flad\u0131\u011f\u0131n\u0131 belirtti.<\/p>\n<h3>&#8216;T\u00fcrkiye ile de ayn\u0131s\u0131n\u0131 yapal\u0131m&#8217;<\/h3>\n<p>Bu ama\u00e7la Arnavutluk&#8217;ta 25 Nisan&#8217;da d\u00fczenlenecek se\u00e7imlerin ard\u0131ndan ortak bir tahkimname haz\u0131rlamaya karar verdiklerini duyuran Yunan D\u0131\u015fi\u015fleri Bakan\u0131, benzeri anla\u015fmalar\u0131n T\u00fcrkiye ile de yap\u0131lmas\u0131n\u0131 \u00f6nerisini dile getirdi.<\/p>\n<h3>\u0130yon Denizi&#8217;nde kara sular\u0131n 12 mile \u00e7\u0131kmas\u0131:\u00a01947&#8217;den beri ilk geni\u015fleme<\/h3>\n<p>Bu\u00a0deniz yetki alanlar\u0131n\u0131n belirlenmesi anla\u015fmalar\u0131 \u00e7er\u00e7evesinde\u00a0<strong>Yunanistan&#8217;\u0131n Bat\u0131 yakas\u0131ndaki \u0130yon Denizi&#8217;nde kara sular\u0131n\u0131 6 milden 12 mile \u00e7\u0131karmas\u0131n\u0131<\/strong>\u00a0\u00f6ng\u00f6ren yasan\u0131n gelecek hafta parlamentoda onaylanaca\u011f\u0131n\u0131 a\u00e7\u0131klayan Dendias, \u015funlar\u0131 s\u00f6yledi:<\/p>\n<h3>&#8216;Bu hakk\u0131n\u0131 Ege&#8217;de gerek g\u00f6r\u00fcld\u00fc\u011f\u00fcnde uygular&#8217;<\/h3>\n<p><em>&#8220;Yunanistan, bu yasayla 1947&#8217;den beri ilk kez geni\u015flemi\u015ftir. Yunanistan, Uluslararas\u0131 Deniz Hukuku S\u00f6zle\u015fmesi&#8217;nden kaynaklanan kara sular\u0131n\u0131 12 mile uzatma hakk\u0131n\u0131, geri kalan deniz b\u00f6lgelerinde de uygulayabilir. Ancak bu hakk\u0131n\u0131 gerek oldu\u011funda\u00a0<\/em><em>ne zaman uygulayaca\u011f\u0131na siyasi iradeler karar verir.&#8221;<\/em><\/p>\n<p>Ankara, Yunanistan&#8217;\u0131n Ege Denizi&#8217;nde\u00a0kara sular\u0131n\u0131 12 mile \u00e7\u0131karmas\u0131n\u0131<em>\u00a0&#8216;sava\u015f sebebi&#8217;<\/em>\u00a0say\u0131yor.<\/p>\n<h3>K\u0131br\u0131s i\u00e7in 5&#8217;li konferansa ye\u015fil \u0131\u015f\u0131k<\/h3>\n<p>K\u0131br\u0131s sorunuyla ilgili\u00a0<em>&#8216;BM&#8217;nin K\u0131br\u0131s konusunda gayriresmi d\u00fczeyde 5&#8217;li konferans yap\u0131lmas\u0131n\u0131 \u00f6ng\u00f6ren olas\u0131 \u00f6nerisine s\u0131cak bakt\u0131klar\u0131&#8217;<\/em>\u00a0mesaj\u0131n\u0131 veren Yunan D\u0131\u015fi\u015fleri Bakan\u0131,\u00a0<em>&#8216;(G\u00fcney) K\u0131br\u0131s\u00a0ile koordineli \u015fekilde gayriresmi 5&#8217;li konferans teklifine kat\u0131lmaya haz\u0131r olduklar\u0131n\u0131&#8217;<\/em>\u00a0ifade etti.<\/p>\n<p>\u00d6ncesinde\u00a0<strong>BM Genel Sekreteri Antonio Guterres<\/strong>, BM himayesinde,\u00a0<strong>garant\u00f6r \u00fclkeler T\u00fcrkiye, Britanya, Yunanistan ile Ada&#8217;daki T\u00fcrk ve Rum y\u00f6netimlerinin<\/strong>\u00a0kat\u0131laca\u011f\u0131 gayriresmi bir konferans teklifinde bulunmu\u015ftu.<\/p>\n<h3>&#8216;Mara\u015f&#8217;\u0131n a\u00e7\u0131lmas\u0131 umut vermiyor&#8217;<\/h3>\n<p>Dendias, K\u0131br\u0131s&#8217;ta BM kararlar\u0131 ve AB de\u011ferlerine uygun federal bir \u00e7\u00f6z\u00fcmden yana olduklar\u0131n\u0131 tekrarlayarak \u015f\u00f6yle konu\u015ftu:<\/p>\n<p><em>&#8220;Ancak gerek T\u00fcrkiye&#8217;den gerek K\u0131br\u0131s T\u00fcrk lideri Ersin Tatar&#8217;dan gelen son a\u00e7\u0131klamalar ve Mara\u015f sahilinin yasad\u0131\u015f\u0131 a\u00e7\u0131lmas\u0131 gibi davran\u0131\u015flar, iyimserlik g\u00f6stermeye f\u0131rsat vermiyor.&#8221;<\/em><\/p>\n<h3>Fransa ve ABD&#8217;ye davetiye<\/h3>\n<p>Yunanistan&#8217;\u0131n daha fazla diplomatik a\u00e7\u0131l\u0131m yapma ve geleneksel ili\u015fkilerini g\u00fc\u00e7lendirme taahh\u00fcd\u00fcne ba\u011fl\u0131 oldu\u011funu kaydeden Dendias,\u00a0<strong>ABD&#8217;de 20 Ocak&#8217;ta ba\u015fkanl\u0131\u011f\u0131 devralacak Joe Biden&#8217;\u0131n D\u0131\u015fi\u015fleri Bakan\u0131 olacak\u00a0Antony Blinken<\/strong>\u00a0ile g\u00f6r\u00fc\u015fmeyi d\u00f6rt g\u00f6zle bekledi\u011fini ifade etti. Bu kapsamda\u00a0<strong>ABD ile Kar\u015f\u0131l\u0131kl\u0131 Savunma \u0130\u015fbirli\u011fi Anla\u015fmas\u0131<\/strong>\u00a0m\u00fczakerelerinin tamamlanmas\u0131n\u0131 istedi\u011fini vurgulayan Yunan bakan,\u00a0ABD&#8217;nin \u00f6zellikle Do\u011fu Akdeniz&#8217;deki varl\u0131\u011f\u0131n\u0131 art\u0131rmas\u0131n\u0131n \u00f6nemli oldu\u011funu dile getirdi.\u00a0<strong>Fransa<\/strong>\u00a0ile ili\u015fkileri derinle\u015ftirmekten s\u00f6z etti.<\/p>\n<p><em><strong>https:\/\/tr.sputniknews.com\/avrupa\/202101101043549229-yunanistan-disisleri-bakani-turkiye-2000-ya-da-2016daki-turkiye-degil\/\u00a0<\/strong><\/em><\/p>\n<\/div>\n","protected":false},"excerpt":{"rendered":"<p>Ankara ile ba\u015flamas\u0131 beklenen istik\u015fafi g\u00f6r\u00fc\u015fmelerde Atina&#8217;n\u0131n yap\u0131c\u0131 yakla\u015f\u0131m sergileyece\u011fini s\u00f6yleyen Dendias, &#8216;2000&#8217;lerde AB \u00fcyeli\u011fi ad\u0131mlar\u0131 atan ve 2016&#8217;da son istik\u015fafi g\u00f6r\u00fc\u015fmeyi yapan \u00fclke olmaktan \u00e7\u0131kan T\u00fcrkiye&#8217;nin art\u0131k yay\u0131lmac\u0131, yeni Osmanl\u0131c\u0131 ve tehditkar bir siyaset izledi\u011fini&#8217; iddia etti. Yunanistan&#8217;da Kathimerini gazetesine\u00a0verdi\u011fi m\u00fclakatta\u00a0T\u00fcrkiye\u00a0ile ya\u015fanan\u00a0deniz odakl\u0131 ihtilaflarla ilgili de\u011ferlendirmelerde bulunan\u00a0D\u0131\u015fi\u015fleri Bakan\u0131 Nikos Dendias,\u00a0Ankara\u00a0ile ba\u015flamas\u0131 beklenen\u00a0istik\u015fafi (ke\u015fif ama\u00e7l\u0131) [&hellip;]<\/p>\n","protected":false},"author":7,"featured_media":60848,"comment_status":"open","ping_status":"open","sticky":false,"template":"","format":"standard","meta":{"footnotes":""},"categories":[1],"tags":[],"class_list":["post-60847","post","type-post","status-publish","format-standard","has-post-thumbnail","hentry","category-haberler"],"yoast_head":"<!-- This site is optimized with the Yoast SEO plugin v27.4 - https:\/\/yoast.com\/product\/yoast-seo-wordpress\/ -->\n<title>Yunanistan D\u0131\u015fi\u015fleri Bakan\u0131: T\u00fcrkiye, 2000 ya da 2016&#039;daki T\u00fcrkiye de\u011fil - Bati Ermenistan Ve Bati Ermenileri Sorunlari Ara\u015ftirmalar Merkezi<\/title>\n<meta name=\"robots\" content=\"index, follow, max-snippet:-1, max-image-preview:large, max-video-preview:-1\" \/>\n<link rel=\"canonical\" href=\"https:\/\/akunq.net\/tr\/?p=60847\" \/>\n<meta property=\"og:locale\" content=\"en_US\" \/>\n<meta property=\"og:type\" content=\"article\" \/>\n<meta property=\"og:title\" content=\"Yunanistan D\u0131\u015fi\u015fleri Bakan\u0131: T\u00fcrkiye, 2000 ya da 2016&#039;daki T\u00fcrkiye de\u011fil - Bati Ermenistan Ve Bati Ermenileri Sorunlari Ara\u015ftirmalar Merkezi\" \/>\n<meta property=\"og:description\" content=\"Ankara ile ba\u015flamas\u0131 beklenen istik\u015fafi g\u00f6r\u00fc\u015fmelerde Atina&#8217;n\u0131n yap\u0131c\u0131 yakla\u015f\u0131m sergileyece\u011fini s\u00f6yleyen Dendias, &#8216;2000&#8217;lerde AB \u00fcyeli\u011fi ad\u0131mlar\u0131 atan ve 2016&#8217;da son istik\u015fafi g\u00f6r\u00fc\u015fmeyi yapan \u00fclke olmaktan \u00e7\u0131kan T\u00fcrkiye&#8217;nin art\u0131k yay\u0131lmac\u0131, yeni Osmanl\u0131c\u0131 ve tehditkar bir siyaset izledi\u011fini&#8217; iddia etti. Yunanistan&#8217;da Kathimerini gazetesine\u00a0verdi\u011fi m\u00fclakatta\u00a0T\u00fcrkiye\u00a0ile ya\u015fanan\u00a0deniz odakl\u0131 ihtilaflarla ilgili de\u011ferlendirmelerde bulunan\u00a0D\u0131\u015fi\u015fleri Bakan\u0131 Nikos Dendias,\u00a0Ankara\u00a0ile ba\u015flamas\u0131 beklenen\u00a0istik\u015fafi (ke\u015fif ama\u00e7l\u0131) [&hellip;]\" \/>\n<meta property=\"og:url\" content=\"https:\/\/akunq.net\/tr\/?p=60847\" \/>\n<meta property=\"og:site_name\" content=\"Bati Ermenistan Ve Bati Ermenileri Sorunlari Ara\u015ftirmalar Merkezi\" \/>\n<meta property=\"article:published_time\" content=\"2021-01-11T06:34:25+00:00\" \/>\n<meta property=\"og:image\" content=\"https:\/\/akunq.net\/tr\/wp-content\/uploads\/sites\/6\/2021\/01\/\u0540\u0578\u0582\u0576\u0561\u057d\u057f\u0561\u0576\u056b-\u0531\u0533-\u0576\u0561\u056d\u0561\u0580\u0561\u0580.jpg\" \/>\n\t<meta property=\"og:image:width\" content=\"770\" \/>\n\t<meta property=\"og:image:height\" content=\"509\" \/>\n\t<meta property=\"og:image:type\" content=\"image\/jpeg\" \/>\n<meta name=\"author\" content=\"admin\" \/>\n<meta name=\"twitter:card\" content=\"summary_large_image\" \/>\n<meta name=\"twitter:label1\" content=\"Written by\" \/>\n\t<meta name=\"twitter:data1\" content=\"admin\" \/>\n\t<meta name=\"twitter:label2\" content=\"Est. reading time\" \/>\n\t<meta name=\"twitter:data2\" content=\"5 minutes\" \/>\n<script type=\"application\/ld+json\" class=\"yoast-schema-graph\">{\"@context\":\"https:\\\/\\\/schema.org\",\"@graph\":[{\"@type\":\"Article\",\"@id\":\"https:\\\/\\\/akunq.net\\\/tr\\\/?p=60847#article\",\"isPartOf\":{\"@id\":\"https:\\\/\\\/akunq.net\\\/tr\\\/?p=60847\"},\"author\":{\"name\":\"admin\",\"@id\":\"https:\\\/\\\/akunq.net\\\/tr\\\/#\\\/schema\\\/person\\\/096f1d38a12cce57fb855b485ed24c9e\"},\"headline\":\"Yunanistan D\u0131\u015fi\u015fleri Bakan\u0131: T\u00fcrkiye, 2000 ya da 2016&#8217;daki T\u00fcrkiye de\u011fil\",\"datePublished\":\"2021-01-11T06:34:25+00:00\",\"mainEntityOfPage\":{\"@id\":\"https:\\\/\\\/akunq.net\\\/tr\\\/?p=60847\"},\"wordCount\":964,\"commentCount\":0,\"image\":{\"@id\":\"https:\\\/\\\/akunq.net\\\/tr\\\/?p=60847#primaryimage\"},\"thumbnailUrl\":\"https:\\\/\\\/akunq.net\\\/tr\\\/wp-content\\\/uploads\\\/sites\\\/6\\\/2021\\\/01\\\/\u0540\u0578\u0582\u0576\u0561\u057d\u057f\u0561\u0576\u056b-\u0531\u0533-\u0576\u0561\u056d\u0561\u0580\u0561\u0580.jpg\",\"articleSection\":[\"Haberler\"],\"inLanguage\":\"en-US\",\"potentialAction\":[{\"@type\":\"CommentAction\",\"name\":\"Comment\",\"target\":[\"https:\\\/\\\/akunq.net\\\/tr\\\/?p=60847#respond\"]}]},{\"@type\":\"WebPage\",\"@id\":\"https:\\\/\\\/akunq.net\\\/tr\\\/?p=60847\",\"url\":\"https:\\\/\\\/akunq.net\\\/tr\\\/?p=60847\",\"name\":\"Yunanistan D\u0131\u015fi\u015fleri Bakan\u0131: T\u00fcrkiye, 2000 ya da 2016'daki T\u00fcrkiye de\u011fil - Bati Ermenistan Ve Bati Ermenileri Sorunlari Ara\u015ftirmalar Merkezi\",\"isPartOf\":{\"@id\":\"https:\\\/\\\/akunq.net\\\/tr\\\/#website\"},\"primaryImageOfPage\":{\"@id\":\"https:\\\/\\\/akunq.net\\\/tr\\\/?p=60847#primaryimage\"},\"image\":{\"@id\":\"https:\\\/\\\/akunq.net\\\/tr\\\/?p=60847#primaryimage\"},\"thumbnailUrl\":\"https:\\\/\\\/akunq.net\\\/tr\\\/wp-content\\\/uploads\\\/sites\\\/6\\\/2021\\\/01\\\/\u0540\u0578\u0582\u0576\u0561\u057d\u057f\u0561\u0576\u056b-\u0531\u0533-\u0576\u0561\u056d\u0561\u0580\u0561\u0580.jpg\",\"datePublished\":\"2021-01-11T06:34:25+00:00\",\"author\":{\"@id\":\"https:\\\/\\\/akunq.net\\\/tr\\\/#\\\/schema\\\/person\\\/096f1d38a12cce57fb855b485ed24c9e\"},\"breadcrumb\":{\"@id\":\"https:\\\/\\\/akunq.net\\\/tr\\\/?p=60847#breadcrumb\"},\"inLanguage\":\"en-US\",\"potentialAction\":[{\"@type\":\"ReadAction\",\"target\":[\"https:\\\/\\\/akunq.net\\\/tr\\\/?p=60847\"]}]},{\"@type\":\"ImageObject\",\"inLanguage\":\"en-US\",\"@id\":\"https:\\\/\\\/akunq.net\\\/tr\\\/?p=60847#primaryimage\",\"url\":\"https:\\\/\\\/akunq.net\\\/tr\\\/wp-content\\\/uploads\\\/sites\\\/6\\\/2021\\\/01\\\/\u0540\u0578\u0582\u0576\u0561\u057d\u057f\u0561\u0576\u056b-\u0531\u0533-\u0576\u0561\u056d\u0561\u0580\u0561\u0580.jpg\",\"contentUrl\":\"https:\\\/\\\/akunq.net\\\/tr\\\/wp-content\\\/uploads\\\/sites\\\/6\\\/2021\\\/01\\\/\u0540\u0578\u0582\u0576\u0561\u057d\u057f\u0561\u0576\u056b-\u0531\u0533-\u0576\u0561\u056d\u0561\u0580\u0561\u0580.jpg\",\"width\":770,\"height\":509},{\"@type\":\"BreadcrumbList\",\"@id\":\"https:\\\/\\\/akunq.net\\\/tr\\\/?p=60847#breadcrumb\",\"itemListElement\":[{\"@type\":\"ListItem\",\"position\":1,\"name\":\"Home\",\"item\":\"https:\\\/\\\/akunq.net\\\/tr\"},{\"@type\":\"ListItem\",\"position\":2,\"name\":\"Yunanistan D\u0131\u015fi\u015fleri Bakan\u0131: T\u00fcrkiye, 2000 ya da 2016&#8217;daki T\u00fcrkiye de\u011fil\"}]},{\"@type\":\"WebSite\",\"@id\":\"https:\\\/\\\/akunq.net\\\/tr\\\/#website\",\"url\":\"https:\\\/\\\/akunq.net\\\/tr\\\/\",\"name\":\"Bati Ermenistan Ve Bati Ermenileri Sorunlari Ara\u015ftirmalar Merkezi\",\"description\":\"\",\"potentialAction\":[{\"@type\":\"SearchAction\",\"target\":{\"@type\":\"EntryPoint\",\"urlTemplate\":\"https:\\\/\\\/akunq.net\\\/tr\\\/?s={search_term_string}\"},\"query-input\":{\"@type\":\"PropertyValueSpecification\",\"valueRequired\":true,\"valueName\":\"search_term_string\"}}],\"inLanguage\":\"en-US\"},{\"@type\":\"Person\",\"@id\":\"https:\\\/\\\/akunq.net\\\/tr\\\/#\\\/schema\\\/person\\\/096f1d38a12cce57fb855b485ed24c9e\",\"name\":\"admin\",\"url\":\"https:\\\/\\\/akunq.net\\\/tr\\\/?author=7\"}]}<\/script>\n<!-- \/ Yoast SEO plugin. -->","yoast_head_json":{"title":"Yunanistan D\u0131\u015fi\u015fleri Bakan\u0131: T\u00fcrkiye, 2000 ya da 2016'daki T\u00fcrkiye de\u011fil - Bati Ermenistan Ve Bati Ermenileri Sorunlari Ara\u015ftirmalar Merkezi","robots":{"index":"index","follow":"follow","max-snippet":"max-snippet:-1","max-image-preview":"max-image-preview:large","max-video-preview":"max-video-preview:-1"},"canonical":"https:\/\/akunq.net\/tr\/?p=60847","og_locale":"en_US","og_type":"article","og_title":"Yunanistan D\u0131\u015fi\u015fleri Bakan\u0131: T\u00fcrkiye, 2000 ya da 2016'daki T\u00fcrkiye de\u011fil - Bati Ermenistan Ve Bati Ermenileri Sorunlari Ara\u015ftirmalar Merkezi","og_description":"Ankara ile ba\u015flamas\u0131 beklenen istik\u015fafi g\u00f6r\u00fc\u015fmelerde Atina&#8217;n\u0131n yap\u0131c\u0131 yakla\u015f\u0131m sergileyece\u011fini s\u00f6yleyen Dendias, &#8216;2000&#8217;lerde AB \u00fcyeli\u011fi ad\u0131mlar\u0131 atan ve 2016&#8217;da son istik\u015fafi g\u00f6r\u00fc\u015fmeyi yapan \u00fclke olmaktan \u00e7\u0131kan T\u00fcrkiye&#8217;nin art\u0131k yay\u0131lmac\u0131, yeni Osmanl\u0131c\u0131 ve tehditkar bir siyaset izledi\u011fini&#8217; iddia etti. Yunanistan&#8217;da Kathimerini gazetesine\u00a0verdi\u011fi m\u00fclakatta\u00a0T\u00fcrkiye\u00a0ile ya\u015fanan\u00a0deniz odakl\u0131 ihtilaflarla ilgili de\u011ferlendirmelerde bulunan\u00a0D\u0131\u015fi\u015fleri Bakan\u0131 Nikos Dendias,\u00a0Ankara\u00a0ile ba\u015flamas\u0131 beklenen\u00a0istik\u015fafi (ke\u015fif ama\u00e7l\u0131) [&hellip;]","og_url":"https:\/\/akunq.net\/tr\/?p=60847","og_site_name":"Bati Ermenistan Ve Bati Ermenileri Sorunlari Ara\u015ftirmalar Merkezi","article_published_time":"2021-01-11T06:34:25+00:00","og_image":[{"width":770,"height":509,"url":"https:\/\/akunq.net\/tr\/wp-content\/uploads\/sites\/6\/2021\/01\/\u0540\u0578\u0582\u0576\u0561\u057d\u057f\u0561\u0576\u056b-\u0531\u0533-\u0576\u0561\u056d\u0561\u0580\u0561\u0580.jpg","type":"image\/jpeg"}],"author":"admin","twitter_card":"summary_large_image","twitter_misc":{"Written by":"admin","Est. reading time":"5 minutes"},"schema":{"@context":"https:\/\/schema.org","@graph":[{"@type":"Article","@id":"https:\/\/akunq.net\/tr\/?p=60847#article","isPartOf":{"@id":"https:\/\/akunq.net\/tr\/?p=60847"},"author":{"name":"admin","@id":"https:\/\/akunq.net\/tr\/#\/schema\/person\/096f1d38a12cce57fb855b485ed24c9e"},"headline":"Yunanistan D\u0131\u015fi\u015fleri Bakan\u0131: T\u00fcrkiye, 2000 ya da 2016&#8217;daki T\u00fcrkiye de\u011fil","datePublished":"2021-01-11T06:34:25+00:00","mainEntityOfPage":{"@id":"https:\/\/akunq.net\/tr\/?p=60847"},"wordCount":964,"commentCount":0,"image":{"@id":"https:\/\/akunq.net\/tr\/?p=60847#primaryimage"},"thumbnailUrl":"https:\/\/akunq.net\/tr\/wp-content\/uploads\/sites\/6\/2021\/01\/\u0540\u0578\u0582\u0576\u0561\u057d\u057f\u0561\u0576\u056b-\u0531\u0533-\u0576\u0561\u056d\u0561\u0580\u0561\u0580.jpg","articleSection":["Haberler"],"inLanguage":"en-US","potentialAction":[{"@type":"CommentAction","name":"Comment","target":["https:\/\/akunq.net\/tr\/?p=60847#respond"]}]},{"@type":"WebPage","@id":"https:\/\/akunq.net\/tr\/?p=60847","url":"https:\/\/akunq.net\/tr\/?p=60847","name":"Yunanistan D\u0131\u015fi\u015fleri Bakan\u0131: T\u00fcrkiye, 2000 ya da 2016'daki T\u00fcrkiye de\u011fil - Bati Ermenistan Ve Bati Ermenileri Sorunlari Ara\u015ftirmalar Merkezi","isPartOf":{"@id":"https:\/\/akunq.net\/tr\/#website"},"primaryImageOfPage":{"@id":"https:\/\/akunq.net\/tr\/?p=60847#primaryimage"},"image":{"@id":"https:\/\/akunq.net\/tr\/?p=60847#primaryimage"},"thumbnailUrl":"https:\/\/akunq.net\/tr\/wp-content\/uploads\/sites\/6\/2021\/01\/\u0540\u0578\u0582\u0576\u0561\u057d\u057f\u0561\u0576\u056b-\u0531\u0533-\u0576\u0561\u056d\u0561\u0580\u0561\u0580.jpg","datePublished":"2021-01-11T06:34:25+00:00","author":{"@id":"https:\/\/akunq.net\/tr\/#\/schema\/person\/096f1d38a12cce57fb855b485ed24c9e"},"breadcrumb":{"@id":"https:\/\/akunq.net\/tr\/?p=60847#breadcrumb"},"inLanguage":"en-US","potentialAction":[{"@type":"ReadAction","target":["https:\/\/akunq.net\/tr\/?p=60847"]}]},{"@type":"ImageObject","inLanguage":"en-US","@id":"https:\/\/akunq.net\/tr\/?p=60847#primaryimage","url":"https:\/\/akunq.net\/tr\/wp-content\/uploads\/sites\/6\/2021\/01\/\u0540\u0578\u0582\u0576\u0561\u057d\u057f\u0561\u0576\u056b-\u0531\u0533-\u0576\u0561\u056d\u0561\u0580\u0561\u0580.jpg","contentUrl":"https:\/\/akunq.net\/tr\/wp-content\/uploads\/sites\/6\/2021\/01\/\u0540\u0578\u0582\u0576\u0561\u057d\u057f\u0561\u0576\u056b-\u0531\u0533-\u0576\u0561\u056d\u0561\u0580\u0561\u0580.jpg","width":770,"height":509},{"@type":"BreadcrumbList","@id":"https:\/\/akunq.net\/tr\/?p=60847#breadcrumb","itemListElement":[{"@type":"ListItem","position":1,"name":"Home","item":"https:\/\/akunq.net\/tr"},{"@type":"ListItem","position":2,"name":"Yunanistan D\u0131\u015fi\u015fleri Bakan\u0131: T\u00fcrkiye, 2000 ya da 2016&#8217;daki T\u00fcrkiye de\u011fil"}]},{"@type":"WebSite","@id":"https:\/\/akunq.net\/tr\/#website","url":"https:\/\/akunq.net\/tr\/","name":"Bati Ermenistan Ve Bati Ermenileri Sorunlari Ara\u015ftirmalar Merkezi","description":"","potentialAction":[{"@type":"SearchAction","target":{"@type":"EntryPoint","urlTemplate":"https:\/\/akunq.net\/tr\/?s={search_term_string}"},"query-input":{"@type":"PropertyValueSpecification","valueRequired":true,"valueName":"search_term_string"}}],"inLanguage":"en-US"},{"@type":"Person","@id":"https:\/\/akunq.net\/tr\/#\/schema\/person\/096f1d38a12cce57fb855b485ed24c9e","name":"admin","url":"https:\/\/akunq.net\/tr\/?author=7"}]}},"_links":{"self":[{"href":"https:\/\/akunq.net\/tr\/index.php?rest_route=\/wp\/v2\/posts\/60847","targetHints":{"allow":["GET"]}}],"collection":[{"href":"https:\/\/akunq.net\/tr\/index.php?rest_route=\/wp\/v2\/posts"}],"about":[{"href":"https:\/\/akunq.net\/tr\/index.php?rest_route=\/wp\/v2\/types\/post"}],"author":[{"embeddable":true,"href":"https:\/\/akunq.net\/tr\/index.php?rest_route=\/wp\/v2\/users\/7"}],"replies":[{"embeddable":true,"href":"https:\/\/akunq.net\/tr\/index.php?rest_route=%2Fwp%2Fv2%2Fcomments&post=60847"}],"version-history":[{"count":1,"href":"https:\/\/akunq.net\/tr\/index.php?rest_route=\/wp\/v2\/posts\/60847\/revisions"}],"predecessor-version":[{"id":60849,"href":"https:\/\/akunq.net\/tr\/index.php?rest_route=\/wp\/v2\/posts\/60847\/revisions\/60849"}],"wp:featuredmedia":[{"embeddable":true,"href":"https:\/\/akunq.net\/tr\/index.php?rest_route=\/wp\/v2\/media\/60848"}],"wp:attachment":[{"href":"https:\/\/akunq.net\/tr\/index.php?rest_route=%2Fwp%2Fv2%2Fmedia&parent=60847"}],"wp:term":[{"taxonomy":"category","embeddable":true,"href":"https:\/\/akunq.net\/tr\/index.php?rest_route=%2Fwp%2Fv2%2Fcategories&post=60847"},{"taxonomy":"post_tag","embeddable":true,"href":"https:\/\/akunq.net\/tr\/index.php?rest_route=%2Fwp%2Fv2%2Ftags&post=60847"}],"curies":[{"name":"wp","href":"https:\/\/api.w.org\/{rel}","templated":true}]}}