{"id":60841,"date":"2021-01-11T01:14:11","date_gmt":"2021-01-11T06:14:11","guid":{"rendered":"https:\/\/akunq.net\/tr\/?p=60841"},"modified":"2021-01-11T01:14:11","modified_gmt":"2021-01-11T06:14:11","slug":"turkiye-irakin-kuzeyinde-yeni-bir-us-kurdu","status":"publish","type":"post","link":"https:\/\/akunq.net\/tr\/?p=60841","title":{"rendered":"T\u00fcrkiye, Irak&#8217;\u0131n kuzeyinde yeni bir \u00fcs kurdu"},"content":{"rendered":"<div class=\"item-summary\">\n<p><img loading=\"lazy\" decoding=\"async\" class=\"aligncenter size-medium wp-image-60842\" src=\"https:\/\/akunq.net\/tr\/wp-content\/uploads\/2021\/01\/Irak-360x240.jpg\" alt=\"\" width=\"360\" height=\"240\" srcset=\"https:\/\/akunq.net\/tr\/wp-content\/uploads\/sites\/6\/2021\/01\/Irak-360x240.jpg 360w, https:\/\/akunq.net\/tr\/wp-content\/uploads\/sites\/6\/2021\/01\/Irak-560x373.jpg 560w, https:\/\/akunq.net\/tr\/wp-content\/uploads\/sites\/6\/2021\/01\/Irak-260x173.jpg 260w, https:\/\/akunq.net\/tr\/wp-content\/uploads\/sites\/6\/2021\/01\/Irak-160x107.jpg 160w, https:\/\/akunq.net\/tr\/wp-content\/uploads\/sites\/6\/2021\/01\/Irak.jpg 600w\" sizes=\"auto, (max-width: 360px) 100vw, 360px\" \/><\/p>\n<p class=\"summary introtext\"><em><strong>Arap medyas\u0131, T\u00fcrk Silahl\u0131 Kuvvetleri&#8217;nin Irak K\u00fcrt B\u00f6lgesel Y\u00f6netimi&#8217;ndeki (IKBY) Duhok ilinde yeni bir askeri \u00fcs in\u015fa etti\u011fi bildirildi.<\/strong><\/em><\/p>\n<\/div>\n<div class=\"item-body\">\n<div class=\"item-text\">\n<p>Almaalomah haber sitesinde yer alan bilgiye g\u00f6re Irakl\u0131 bir g\u00fcvenlik kayna\u011f\u0131, T\u00fcrk g\u00fc\u00e7lerinin Kuzey Irak&#8217;taki askeri faaliyetlerinin artt\u0131\u011f\u0131n\u0131 belirterek, TSK&#8217;n\u0131n\u00a0Duhok ilindeki Sahila caddesinin kenar\u0131nda yeni bir askeri \u00fcs in\u015fa etti\u011fini a\u00e7\u0131klad\u0131.<\/p>\n<p>Irakl\u0131 kaynak, T\u00fcrk g\u00fc\u00e7lerinin Suriye-Irak s\u0131n\u0131r\u0131na yak\u0131n \u015eengal (Sincar) b\u00f6lgesinde n\u00fcfuzunu geli\u015ftirmek i\u00e7in yeni bir \u00fcs kurdu\u011funu s\u00f6yledi.<\/p>\n<p>Ge\u00e7enlerde Irak Savunma Bakanl\u0131\u011f\u0131, Irak merkezi h\u00fck\u00fcmeti ile IKBY aras\u0131nda imzalanan Sincar Anla\u015fmas\u0131&#8217;n\u0131n uygulanmaya ba\u015flad\u0131\u011f\u0131n\u0131 a\u00e7\u0131klam\u0131\u015ft\u0131.<\/p>\n<p>Sincar Anla\u015fmas\u0131 Ba\u011fdat ile Erbil aras\u0131nda 9 Ekim&#8217;de imzalanm\u0131\u015ft\u0131.<\/p>\n<p><em><strong>https:\/\/tr.mehrnews.com\/news\/1891701\/T%C3%BCrkiye-Irak-%C4%B1n-kuzeyinde-yeni-bir-%C3%BCs-kurdu\u00a0<\/strong><\/em><\/p>\n<\/div>\n<\/div>\n","protected":false},"excerpt":{"rendered":"<p>Arap medyas\u0131, T\u00fcrk Silahl\u0131 Kuvvetleri&#8217;nin Irak K\u00fcrt B\u00f6lgesel Y\u00f6netimi&#8217;ndeki (IKBY) Duhok ilinde yeni bir askeri \u00fcs in\u015fa etti\u011fi bildirildi. Almaalomah haber sitesinde yer alan bilgiye g\u00f6re Irakl\u0131 bir g\u00fcvenlik kayna\u011f\u0131, T\u00fcrk g\u00fc\u00e7lerinin Kuzey Irak&#8217;taki askeri faaliyetlerinin artt\u0131\u011f\u0131n\u0131 belirterek, TSK&#8217;n\u0131n\u00a0Duhok ilindeki Sahila caddesinin kenar\u0131nda yeni bir askeri \u00fcs in\u015fa etti\u011fini a\u00e7\u0131klad\u0131. Irakl\u0131 kaynak, T\u00fcrk g\u00fc\u00e7lerinin Suriye-Irak [&hellip;]<\/p>\n","protected":false},"author":7,"featured_media":60842,"comment_status":"open","ping_status":"open","sticky":false,"template":"","format":"standard","meta":{"footnotes":""},"categories":[1],"tags":[],"class_list":["post-60841","post","type-post","status-publish","format-standard","has-post-thumbnail","hentry","category-haberler"],"yoast_head":"<!-- This site is optimized with the Yoast SEO plugin v27.4 - https:\/\/yoast.com\/product\/yoast-seo-wordpress\/ -->\n<title>T\u00fcrkiye, Irak&#039;\u0131n kuzeyinde yeni bir \u00fcs kurdu - Bati Ermenistan Ve Bati Ermenileri Sorunlari Ara\u015ftirmalar Merkezi<\/title>\n<meta name=\"robots\" content=\"index, follow, max-snippet:-1, max-image-preview:large, max-video-preview:-1\" \/>\n<link rel=\"canonical\" href=\"https:\/\/akunq.net\/tr\/?p=60841\" \/>\n<meta property=\"og:locale\" content=\"en_US\" \/>\n<meta property=\"og:type\" content=\"article\" \/>\n<meta property=\"og:title\" content=\"T\u00fcrkiye, Irak&#039;\u0131n kuzeyinde yeni bir \u00fcs kurdu - Bati Ermenistan Ve Bati Ermenileri Sorunlari Ara\u015ftirmalar Merkezi\" \/>\n<meta property=\"og:description\" content=\"Arap medyas\u0131, T\u00fcrk Silahl\u0131 Kuvvetleri&#8217;nin Irak K\u00fcrt B\u00f6lgesel Y\u00f6netimi&#8217;ndeki (IKBY) Duhok ilinde yeni bir askeri \u00fcs in\u015fa etti\u011fi bildirildi. Almaalomah haber sitesinde yer alan bilgiye g\u00f6re Irakl\u0131 bir g\u00fcvenlik kayna\u011f\u0131, T\u00fcrk g\u00fc\u00e7lerinin Kuzey Irak&#8217;taki askeri faaliyetlerinin artt\u0131\u011f\u0131n\u0131 belirterek, TSK&#8217;n\u0131n\u00a0Duhok ilindeki Sahila caddesinin kenar\u0131nda yeni bir askeri \u00fcs in\u015fa etti\u011fini a\u00e7\u0131klad\u0131. Irakl\u0131 kaynak, T\u00fcrk g\u00fc\u00e7lerinin Suriye-Irak [&hellip;]\" \/>\n<meta property=\"og:url\" content=\"https:\/\/akunq.net\/tr\/?p=60841\" \/>\n<meta property=\"og:site_name\" content=\"Bati Ermenistan Ve Bati Ermenileri Sorunlari Ara\u015ftirmalar Merkezi\" \/>\n<meta property=\"article:published_time\" content=\"2021-01-11T06:14:11+00:00\" \/>\n<meta property=\"og:image\" content=\"https:\/\/akunq.net\/tr\/wp-content\/uploads\/sites\/6\/2021\/01\/Irak.jpg\" \/>\n\t<meta property=\"og:image:width\" content=\"600\" \/>\n\t<meta property=\"og:image:height\" content=\"400\" \/>\n\t<meta property=\"og:image:type\" content=\"image\/jpeg\" \/>\n<meta name=\"author\" content=\"admin\" \/>\n<meta name=\"twitter:card\" content=\"summary_large_image\" \/>\n<meta name=\"twitter:label1\" content=\"Written by\" \/>\n\t<meta name=\"twitter:data1\" content=\"admin\" \/>\n\t<meta name=\"twitter:label2\" content=\"Est. reading time\" \/>\n\t<meta name=\"twitter:data2\" content=\"1 minute\" \/>\n<script type=\"application\/ld+json\" class=\"yoast-schema-graph\">{\"@context\":\"https:\\\/\\\/schema.org\",\"@graph\":[{\"@type\":\"Article\",\"@id\":\"https:\\\/\\\/akunq.net\\\/tr\\\/?p=60841#article\",\"isPartOf\":{\"@id\":\"https:\\\/\\\/akunq.net\\\/tr\\\/?p=60841\"},\"author\":{\"name\":\"admin\",\"@id\":\"https:\\\/\\\/akunq.net\\\/tr\\\/#\\\/schema\\\/person\\\/096f1d38a12cce57fb855b485ed24c9e\"},\"headline\":\"T\u00fcrkiye, Irak&#8217;\u0131n kuzeyinde yeni bir \u00fcs kurdu\",\"datePublished\":\"2021-01-11T06:14:11+00:00\",\"mainEntityOfPage\":{\"@id\":\"https:\\\/\\\/akunq.net\\\/tr\\\/?p=60841\"},\"wordCount\":158,\"commentCount\":0,\"image\":{\"@id\":\"https:\\\/\\\/akunq.net\\\/tr\\\/?p=60841#primaryimage\"},\"thumbnailUrl\":\"https:\\\/\\\/akunq.net\\\/tr\\\/wp-content\\\/uploads\\\/sites\\\/6\\\/2021\\\/01\\\/Irak.jpg\",\"articleSection\":[\"Haberler\"],\"inLanguage\":\"en-US\",\"potentialAction\":[{\"@type\":\"CommentAction\",\"name\":\"Comment\",\"target\":[\"https:\\\/\\\/akunq.net\\\/tr\\\/?p=60841#respond\"]}]},{\"@type\":\"WebPage\",\"@id\":\"https:\\\/\\\/akunq.net\\\/tr\\\/?p=60841\",\"url\":\"https:\\\/\\\/akunq.net\\\/tr\\\/?p=60841\",\"name\":\"T\u00fcrkiye, Irak'\u0131n kuzeyinde yeni bir \u00fcs kurdu - Bati Ermenistan Ve Bati Ermenileri Sorunlari Ara\u015ftirmalar Merkezi\",\"isPartOf\":{\"@id\":\"https:\\\/\\\/akunq.net\\\/tr\\\/#website\"},\"primaryImageOfPage\":{\"@id\":\"https:\\\/\\\/akunq.net\\\/tr\\\/?p=60841#primaryimage\"},\"image\":{\"@id\":\"https:\\\/\\\/akunq.net\\\/tr\\\/?p=60841#primaryimage\"},\"thumbnailUrl\":\"https:\\\/\\\/akunq.net\\\/tr\\\/wp-content\\\/uploads\\\/sites\\\/6\\\/2021\\\/01\\\/Irak.jpg\",\"datePublished\":\"2021-01-11T06:14:11+00:00\",\"author\":{\"@id\":\"https:\\\/\\\/akunq.net\\\/tr\\\/#\\\/schema\\\/person\\\/096f1d38a12cce57fb855b485ed24c9e\"},\"breadcrumb\":{\"@id\":\"https:\\\/\\\/akunq.net\\\/tr\\\/?p=60841#breadcrumb\"},\"inLanguage\":\"en-US\",\"potentialAction\":[{\"@type\":\"ReadAction\",\"target\":[\"https:\\\/\\\/akunq.net\\\/tr\\\/?p=60841\"]}]},{\"@type\":\"ImageObject\",\"inLanguage\":\"en-US\",\"@id\":\"https:\\\/\\\/akunq.net\\\/tr\\\/?p=60841#primaryimage\",\"url\":\"https:\\\/\\\/akunq.net\\\/tr\\\/wp-content\\\/uploads\\\/sites\\\/6\\\/2021\\\/01\\\/Irak.jpg\",\"contentUrl\":\"https:\\\/\\\/akunq.net\\\/tr\\\/wp-content\\\/uploads\\\/sites\\\/6\\\/2021\\\/01\\\/Irak.jpg\",\"width\":600,\"height\":400},{\"@type\":\"BreadcrumbList\",\"@id\":\"https:\\\/\\\/akunq.net\\\/tr\\\/?p=60841#breadcrumb\",\"itemListElement\":[{\"@type\":\"ListItem\",\"position\":1,\"name\":\"Home\",\"item\":\"https:\\\/\\\/akunq.net\\\/tr\"},{\"@type\":\"ListItem\",\"position\":2,\"name\":\"T\u00fcrkiye, Irak&#8217;\u0131n kuzeyinde yeni bir \u00fcs kurdu\"}]},{\"@type\":\"WebSite\",\"@id\":\"https:\\\/\\\/akunq.net\\\/tr\\\/#website\",\"url\":\"https:\\\/\\\/akunq.net\\\/tr\\\/\",\"name\":\"Bati Ermenistan Ve Bati Ermenileri Sorunlari Ara\u015ftirmalar Merkezi\",\"description\":\"\",\"potentialAction\":[{\"@type\":\"SearchAction\",\"target\":{\"@type\":\"EntryPoint\",\"urlTemplate\":\"https:\\\/\\\/akunq.net\\\/tr\\\/?s={search_term_string}\"},\"query-input\":{\"@type\":\"PropertyValueSpecification\",\"valueRequired\":true,\"valueName\":\"search_term_string\"}}],\"inLanguage\":\"en-US\"},{\"@type\":\"Person\",\"@id\":\"https:\\\/\\\/akunq.net\\\/tr\\\/#\\\/schema\\\/person\\\/096f1d38a12cce57fb855b485ed24c9e\",\"name\":\"admin\",\"url\":\"https:\\\/\\\/akunq.net\\\/tr\\\/?author=7\"}]}<\/script>\n<!-- \/ Yoast SEO plugin. -->","yoast_head_json":{"title":"T\u00fcrkiye, Irak'\u0131n kuzeyinde yeni bir \u00fcs kurdu - Bati Ermenistan Ve Bati Ermenileri Sorunlari Ara\u015ftirmalar Merkezi","robots":{"index":"index","follow":"follow","max-snippet":"max-snippet:-1","max-image-preview":"max-image-preview:large","max-video-preview":"max-video-preview:-1"},"canonical":"https:\/\/akunq.net\/tr\/?p=60841","og_locale":"en_US","og_type":"article","og_title":"T\u00fcrkiye, Irak'\u0131n kuzeyinde yeni bir \u00fcs kurdu - Bati Ermenistan Ve Bati Ermenileri Sorunlari Ara\u015ftirmalar Merkezi","og_description":"Arap medyas\u0131, T\u00fcrk Silahl\u0131 Kuvvetleri&#8217;nin Irak K\u00fcrt B\u00f6lgesel Y\u00f6netimi&#8217;ndeki (IKBY) Duhok ilinde yeni bir askeri \u00fcs in\u015fa etti\u011fi bildirildi. Almaalomah haber sitesinde yer alan bilgiye g\u00f6re Irakl\u0131 bir g\u00fcvenlik kayna\u011f\u0131, T\u00fcrk g\u00fc\u00e7lerinin Kuzey Irak&#8217;taki askeri faaliyetlerinin artt\u0131\u011f\u0131n\u0131 belirterek, TSK&#8217;n\u0131n\u00a0Duhok ilindeki Sahila caddesinin kenar\u0131nda yeni bir askeri \u00fcs in\u015fa etti\u011fini a\u00e7\u0131klad\u0131. Irakl\u0131 kaynak, T\u00fcrk g\u00fc\u00e7lerinin Suriye-Irak [&hellip;]","og_url":"https:\/\/akunq.net\/tr\/?p=60841","og_site_name":"Bati Ermenistan Ve Bati Ermenileri Sorunlari Ara\u015ftirmalar Merkezi","article_published_time":"2021-01-11T06:14:11+00:00","og_image":[{"width":600,"height":400,"url":"https:\/\/akunq.net\/tr\/wp-content\/uploads\/sites\/6\/2021\/01\/Irak.jpg","type":"image\/jpeg"}],"author":"admin","twitter_card":"summary_large_image","twitter_misc":{"Written by":"admin","Est. reading time":"1 minute"},"schema":{"@context":"https:\/\/schema.org","@graph":[{"@type":"Article","@id":"https:\/\/akunq.net\/tr\/?p=60841#article","isPartOf":{"@id":"https:\/\/akunq.net\/tr\/?p=60841"},"author":{"name":"admin","@id":"https:\/\/akunq.net\/tr\/#\/schema\/person\/096f1d38a12cce57fb855b485ed24c9e"},"headline":"T\u00fcrkiye, Irak&#8217;\u0131n kuzeyinde yeni bir \u00fcs kurdu","datePublished":"2021-01-11T06:14:11+00:00","mainEntityOfPage":{"@id":"https:\/\/akunq.net\/tr\/?p=60841"},"wordCount":158,"commentCount":0,"image":{"@id":"https:\/\/akunq.net\/tr\/?p=60841#primaryimage"},"thumbnailUrl":"https:\/\/akunq.net\/tr\/wp-content\/uploads\/sites\/6\/2021\/01\/Irak.jpg","articleSection":["Haberler"],"inLanguage":"en-US","potentialAction":[{"@type":"CommentAction","name":"Comment","target":["https:\/\/akunq.net\/tr\/?p=60841#respond"]}]},{"@type":"WebPage","@id":"https:\/\/akunq.net\/tr\/?p=60841","url":"https:\/\/akunq.net\/tr\/?p=60841","name":"T\u00fcrkiye, Irak'\u0131n kuzeyinde yeni bir \u00fcs kurdu - Bati Ermenistan Ve Bati Ermenileri Sorunlari Ara\u015ftirmalar Merkezi","isPartOf":{"@id":"https:\/\/akunq.net\/tr\/#website"},"primaryImageOfPage":{"@id":"https:\/\/akunq.net\/tr\/?p=60841#primaryimage"},"image":{"@id":"https:\/\/akunq.net\/tr\/?p=60841#primaryimage"},"thumbnailUrl":"https:\/\/akunq.net\/tr\/wp-content\/uploads\/sites\/6\/2021\/01\/Irak.jpg","datePublished":"2021-01-11T06:14:11+00:00","author":{"@id":"https:\/\/akunq.net\/tr\/#\/schema\/person\/096f1d38a12cce57fb855b485ed24c9e"},"breadcrumb":{"@id":"https:\/\/akunq.net\/tr\/?p=60841#breadcrumb"},"inLanguage":"en-US","potentialAction":[{"@type":"ReadAction","target":["https:\/\/akunq.net\/tr\/?p=60841"]}]},{"@type":"ImageObject","inLanguage":"en-US","@id":"https:\/\/akunq.net\/tr\/?p=60841#primaryimage","url":"https:\/\/akunq.net\/tr\/wp-content\/uploads\/sites\/6\/2021\/01\/Irak.jpg","contentUrl":"https:\/\/akunq.net\/tr\/wp-content\/uploads\/sites\/6\/2021\/01\/Irak.jpg","width":600,"height":400},{"@type":"BreadcrumbList","@id":"https:\/\/akunq.net\/tr\/?p=60841#breadcrumb","itemListElement":[{"@type":"ListItem","position":1,"name":"Home","item":"https:\/\/akunq.net\/tr"},{"@type":"ListItem","position":2,"name":"T\u00fcrkiye, Irak&#8217;\u0131n kuzeyinde yeni bir \u00fcs kurdu"}]},{"@type":"WebSite","@id":"https:\/\/akunq.net\/tr\/#website","url":"https:\/\/akunq.net\/tr\/","name":"Bati Ermenistan Ve Bati Ermenileri Sorunlari Ara\u015ftirmalar Merkezi","description":"","potentialAction":[{"@type":"SearchAction","target":{"@type":"EntryPoint","urlTemplate":"https:\/\/akunq.net\/tr\/?s={search_term_string}"},"query-input":{"@type":"PropertyValueSpecification","valueRequired":true,"valueName":"search_term_string"}}],"inLanguage":"en-US"},{"@type":"Person","@id":"https:\/\/akunq.net\/tr\/#\/schema\/person\/096f1d38a12cce57fb855b485ed24c9e","name":"admin","url":"https:\/\/akunq.net\/tr\/?author=7"}]}},"_links":{"self":[{"href":"https:\/\/akunq.net\/tr\/index.php?rest_route=\/wp\/v2\/posts\/60841","targetHints":{"allow":["GET"]}}],"collection":[{"href":"https:\/\/akunq.net\/tr\/index.php?rest_route=\/wp\/v2\/posts"}],"about":[{"href":"https:\/\/akunq.net\/tr\/index.php?rest_route=\/wp\/v2\/types\/post"}],"author":[{"embeddable":true,"href":"https:\/\/akunq.net\/tr\/index.php?rest_route=\/wp\/v2\/users\/7"}],"replies":[{"embeddable":true,"href":"https:\/\/akunq.net\/tr\/index.php?rest_route=%2Fwp%2Fv2%2Fcomments&post=60841"}],"version-history":[{"count":1,"href":"https:\/\/akunq.net\/tr\/index.php?rest_route=\/wp\/v2\/posts\/60841\/revisions"}],"predecessor-version":[{"id":60843,"href":"https:\/\/akunq.net\/tr\/index.php?rest_route=\/wp\/v2\/posts\/60841\/revisions\/60843"}],"wp:featuredmedia":[{"embeddable":true,"href":"https:\/\/akunq.net\/tr\/index.php?rest_route=\/wp\/v2\/media\/60842"}],"wp:attachment":[{"href":"https:\/\/akunq.net\/tr\/index.php?rest_route=%2Fwp%2Fv2%2Fmedia&parent=60841"}],"wp:term":[{"taxonomy":"category","embeddable":true,"href":"https:\/\/akunq.net\/tr\/index.php?rest_route=%2Fwp%2Fv2%2Fcategories&post=60841"},{"taxonomy":"post_tag","embeddable":true,"href":"https:\/\/akunq.net\/tr\/index.php?rest_route=%2Fwp%2Fv2%2Ftags&post=60841"}],"curies":[{"name":"wp","href":"https:\/\/api.w.org\/{rel}","templated":true}]}}