{"id":60828,"date":"2021-01-08T05:05:40","date_gmt":"2021-01-08T10:05:40","guid":{"rendered":"https:\/\/akunq.net\/tr\/?p=60828"},"modified":"2021-01-08T05:05:40","modified_gmt":"2021-01-08T10:05:40","slug":"restorasyon-yikimi-bitmiyor-van-kalesi-risk-altinda","status":"publish","type":"post","link":"https:\/\/akunq.net\/tr\/?p=60828","title":{"rendered":"\u2018Restorasyon\u2019 y\u0131k\u0131m\u0131 bitmiyor: Van Kalesi risk alt\u0131nda"},"content":{"rendered":"<p><img loading=\"lazy\" decoding=\"async\" class=\"aligncenter size-medium wp-image-60829\" src=\"https:\/\/akunq.net\/tr\/wp-content\/uploads\/2021\/01\/Van-Kalesi-360x203.jpg\" alt=\"\" width=\"360\" height=\"203\" srcset=\"https:\/\/akunq.net\/tr\/wp-content\/uploads\/sites\/6\/2021\/01\/Van-Kalesi-360x203.jpg 360w, https:\/\/akunq.net\/tr\/wp-content\/uploads\/sites\/6\/2021\/01\/Van-Kalesi-560x315.jpg 560w, https:\/\/akunq.net\/tr\/wp-content\/uploads\/sites\/6\/2021\/01\/Van-Kalesi-260x146.jpg 260w, https:\/\/akunq.net\/tr\/wp-content\/uploads\/sites\/6\/2021\/01\/Van-Kalesi-160x90.jpg 160w, https:\/\/akunq.net\/tr\/wp-content\/uploads\/sites\/6\/2021\/01\/Van-Kalesi.jpg 750w\" sizes=\"auto, (max-width: 360px) 100vw, 360px\" \/><\/p>\n<p><em><strong>Urartular d\u00f6nemine ait olan ve bir\u00e7ok medeniyete ev sahipli\u011fi yapan Van Kalesi, bir yadan restore ad\u0131 alt\u0131nda tarihi dokusu bozulurken di\u011fer yandan y\u0131k\u0131lma tehlikesi ile y\u00fcz y\u00fcze.<\/strong><\/em><\/p>\n<p>Tarihte bir\u00e7ok medeniyete ev sahipli\u011fi yapan Van Kalesi, her y\u0131l kente gelen binlerce ki\u015finin ilgisini \u00e7ekmeye devam ediyor. Birle\u015fmi\u015f Milletler E\u011fitim, Bilim ve K\u00fclt\u00fcr \u00d6rg\u00fct\u00fc\u2019n\u00fcn (UNESCO) \u201cGe\u00e7ici D\u00fcnya Miras Listesi\u2019nde yer almas\u0131na ra\u011fmen kalenin bir\u00e7ok yeri \u201crestore\u201d ad\u0131 alt\u0131nda eski dokusunu kaybederken, restore edilmeyen alanlar ise halen d\u00f6nemin k\u00fclt\u00fcr\u00fcne ve tarihine \u0131\u015f\u0131k tutuyor.<\/p>\n<p><strong>Urartular d\u00f6neminde yap\u0131ld\u0131<\/strong><\/p>\n<p>Tu\u015fba ad\u0131yla uzun s\u00fcre Urartu devletinin ba\u015fkentli\u011fini yapan Van Kalesi, Urartu kral\u0131 Lutipri\u2019nin o\u011flu Kral I. Sarduri taraf\u0131ndan M.\u00d6. 9\u2019uncu y\u00fczy\u0131lda yapt\u0131r\u0131l\u0131r. I. Sarduri, kendi d\u00f6neminde \u00e7evredeki beylikleri ve kabileleri bir araya getirerek \u015fimdiki Van olarak bilinen Tu\u015fba kentini kurup ba\u015fkent yapar. Urartular\u0131n in\u015fa etti\u011fi kalelerin en g\u00f6rkemlilerinden birisi olan Van Kalesi i\u00e7 ve d\u0131\u015f kale olmak \u00fczere iki k\u0131s\u0131mdan olu\u015fur. \u0130\u00e7 kaledeki Urartu d\u00f6neminden kalma en \u00f6nemli yap\u0131lar Sardur (Mad\u0131r) Burcu, sur duvarlar\u0131, Urartu krallar\u0131 Menua ve I. Argi\u015fti\u2019ye ait mezarlar, su sarn\u0131c\u0131na ula\u015fan Binbir Merdiven, A\u00e7\u0131khava Tap\u0131na\u011f\u0131 (Anal\u0131k\u0131z) olarak bilinen iki ayr\u0131 tap\u0131nakt\u0131r. \u00dc\u00e7 as\u0131r boyunca Van\u2019da h\u00fck\u00fcm s\u00fcren Urartular\u0131n en b\u00fcy\u00fck \u00f6zelli\u011fi Mad\u0131r Burcu yaz\u0131t\u0131ndan ba\u015flayarak, yapt\u0131klar\u0131 her \u015feyi gelecek nesillere aktaracak yaz\u0131l\u0131 kaynaklar b\u0131rakm\u0131\u015f olmalar\u0131d\u0131r. Urartulardan kalan 500\u2019e yak\u0131n yaz\u0131l\u0131 kayna\u011fa g\u00f6re, g\u00f6l ve da\u011flar onlar i\u00e7in son derece kutsald\u0131r. Urartularda 79 tanr\u0131 ve tanr\u0131\u00e7a bulunuyor.<\/p>\n<p><strong>Bir\u00e7ok medeniyete ev sahipli\u011fi yapm\u0131\u015f<\/strong><\/p>\n<p>Kalenin \u00f6nemli di\u011fer bir yap\u0131s\u0131 da, I. Argi\u015fti\u2019ye ait kaya mezar\u0131d\u0131r. Kaya \u00fczerinde Urartular\u2019dan g\u00fcn\u00fcm\u00fcze ula\u015fan en uzun yaz\u0131t\u0131 olan Horhor Yaz\u0131tlar\u0131 bulunur. Kalenin kuzeydo\u011fu taraf\u0131nda II. Sarduri d\u00f6neminde yap\u0131lm\u0131\u015f olan, iki an\u0131tsal ni\u015ften olu\u015fan ve bug\u00fcn halk aras\u0131nda Anal\u0131k\u0131z olarak adland\u0131r\u0131lan iki a\u00e7\u0131k hava tap\u0131na\u011f\u0131 yer al\u0131r. Kale, Urartular\u0131n M.\u00d6. 7\u2019nci y\u00fczy\u0131l\u0131n ba\u015flar\u0131nda yenilerek Toprakkale\u2019ye ta\u015f\u0131nmalar\u0131 \u00fczerine Asurlar\u0131n eline ge\u00e7er. 1915 y\u0131l\u0131na kadar s\u00fcrekli i\u015fgal edildi\u011fi bilinen kale, Orta \u00c7a\u011f\u2019da Sel\u00e7uklu ve Karakoyunlular taraf\u0131ndan tahkim edilmi\u015f, son \u015feklini ise Osmanl\u0131 d\u00f6neminde al\u0131r. Geni\u015fli\u011fi 20 ile 120 metre aras\u0131nda de\u011fi\u015fen kalenin uzunlu\u011fu bin 800 metre, y\u00fcksekli\u011fi ise 100 metredir.<\/p>\n<p>Kelenin baz\u0131 b\u00f6l\u00fcmleri restore ad\u0131 alt\u0131nda dokusu de\u011fi\u015ftirilirken restore edilmeyen b\u00f6l\u00fcmlerde y\u0131k\u0131lma tehlikesi ile y\u00fcz y\u00fcze kalm\u0131\u015f durumda<\/p>\n<p><strong>Bir garip d\u00fczenleme<\/strong><\/p>\n<p>Ancak restorasyon facialar\u0131 sadece Van Kalesi\u2019yle s\u0131n\u0131r de\u011fil. Bir\u00e7ok tarihi yap\u0131 bu \u015fekilde tarihsel ve eski dokusunu kaybediyor. 2000 y\u0131ll\u0131k tarihi bir ge\u00e7mi\u015fe sahip olan Ocakl\u0131 Ada Kalesi\u2019de onlardan biri. Cenevizlilerden kalma kalenin eski halinden eser yok \u015fimdilerde. B\u00f6lgedeki yurtta\u015flar\u0131nda tepkisini \u00e7eken bu \u201crestorasyon\u201d sonucu eylem bile d\u00fczenlenmi\u015fti.<\/p>\n<p><strong>Anamur Kalesi\u2026<\/strong><\/p>\n<p>Anamur Mamure Kalesi\u2019de restorasyondan nasibini alm\u0131\u015f tarihi yap\u0131lardan biri. Ge\u00e7mi\u015fi 3. y\u00fczy\u0131la dayanan 39 kuleli tarihi kale 2012 y\u0131l\u0131nda UNESCO D\u00fcnya Miras\u0131 ge\u00e7ici listesine girmeyi ba\u015far\u0131nca \u201crestore\u201d edilmeye ba\u015fland\u0131. Ancak orijinal dokusunu tamamen kaybetti.<\/p>\n<p>Roma mozaikleri<\/p>\n<p>Hatay\u2019daki d\u00fcnyan\u0131n ikinci b\u00fcy\u00fck mozaik sergileme alan\u0131na sahip m\u00fczede, ta\u015f\u0131nma s\u0131ras\u0131nda ya\u015fananlar ise bir skandal. M\u00fczedeki mozaiklerin b\u00fcy\u00fck bir \u00e7o\u011funlu\u011fu yanl\u0131\u015f restore edilince, eski hali ile yeni hali aras\u0131nda \u00e7ok ciddi farklar meydana geld<\/p>\n<hr \/>\n<p><em><strong><a href=\"https:\/\/yeniyasamgazetesi.com\/tarihi-van-kalesi-bakimsizliktan-yikilmak-uzere\/\" target=\"_blank\" rel=\"noopener noreferrer\">Yeni Ya\u015fam Gazetesi<\/a><\/strong><\/em><\/p>\n","protected":false},"excerpt":{"rendered":"<p>Urartular d\u00f6nemine ait olan ve bir\u00e7ok medeniyete ev sahipli\u011fi yapan Van Kalesi, bir yadan restore ad\u0131 alt\u0131nda tarihi dokusu bozulurken di\u011fer yandan y\u0131k\u0131lma tehlikesi ile y\u00fcz y\u00fcze. Tarihte bir\u00e7ok medeniyete ev sahipli\u011fi yapan Van Kalesi, her y\u0131l kente gelen binlerce ki\u015finin ilgisini \u00e7ekmeye devam ediyor. Birle\u015fmi\u015f Milletler E\u011fitim, Bilim ve K\u00fclt\u00fcr \u00d6rg\u00fct\u00fc\u2019n\u00fcn (UNESCO) \u201cGe\u00e7ici D\u00fcnya [&hellip;]<\/p>\n","protected":false},"author":7,"featured_media":60829,"comment_status":"open","ping_status":"open","sticky":false,"template":"","format":"standard","meta":{"footnotes":""},"categories":[22,1],"tags":[],"class_list":["post-60828","post","type-post","status-publish","format-standard","has-post-thumbnail","hentry","category-gunumuzde-bati-ermenistan","category-haberler"],"yoast_head":"<!-- This site is optimized with the Yoast SEO plugin v27.4 - https:\/\/yoast.com\/product\/yoast-seo-wordpress\/ -->\n<title>\u2018Restorasyon\u2019 y\u0131k\u0131m\u0131 bitmiyor: Van Kalesi risk alt\u0131nda - Bati Ermenistan Ve Bati Ermenileri Sorunlari Ara\u015ftirmalar Merkezi<\/title>\n<meta name=\"robots\" content=\"index, follow, max-snippet:-1, max-image-preview:large, max-video-preview:-1\" \/>\n<link rel=\"canonical\" href=\"https:\/\/akunq.net\/tr\/?p=60828\" \/>\n<meta property=\"og:locale\" content=\"en_US\" \/>\n<meta property=\"og:type\" content=\"article\" \/>\n<meta property=\"og:title\" content=\"\u2018Restorasyon\u2019 y\u0131k\u0131m\u0131 bitmiyor: Van Kalesi risk alt\u0131nda - Bati Ermenistan Ve Bati Ermenileri Sorunlari Ara\u015ftirmalar Merkezi\" \/>\n<meta property=\"og:description\" content=\"Urartular d\u00f6nemine ait olan ve bir\u00e7ok medeniyete ev sahipli\u011fi yapan Van Kalesi, bir yadan restore ad\u0131 alt\u0131nda tarihi dokusu bozulurken di\u011fer yandan y\u0131k\u0131lma tehlikesi ile y\u00fcz y\u00fcze. Tarihte bir\u00e7ok medeniyete ev sahipli\u011fi yapan Van Kalesi, her y\u0131l kente gelen binlerce ki\u015finin ilgisini \u00e7ekmeye devam ediyor. Birle\u015fmi\u015f Milletler E\u011fitim, Bilim ve K\u00fclt\u00fcr \u00d6rg\u00fct\u00fc\u2019n\u00fcn (UNESCO) \u201cGe\u00e7ici D\u00fcnya [&hellip;]\" \/>\n<meta property=\"og:url\" content=\"https:\/\/akunq.net\/tr\/?p=60828\" \/>\n<meta property=\"og:site_name\" content=\"Bati Ermenistan Ve Bati Ermenileri Sorunlari Ara\u015ftirmalar Merkezi\" \/>\n<meta property=\"article:published_time\" content=\"2021-01-08T10:05:40+00:00\" \/>\n<meta property=\"og:image\" content=\"https:\/\/akunq.net\/tr\/wp-content\/uploads\/sites\/6\/2021\/01\/Van-Kalesi.jpg\" \/>\n\t<meta property=\"og:image:width\" content=\"750\" \/>\n\t<meta property=\"og:image:height\" content=\"422\" \/>\n\t<meta property=\"og:image:type\" content=\"image\/jpeg\" \/>\n<meta name=\"author\" content=\"admin\" \/>\n<meta name=\"twitter:card\" content=\"summary_large_image\" \/>\n<meta name=\"twitter:label1\" content=\"Written by\" \/>\n\t<meta name=\"twitter:data1\" content=\"admin\" \/>\n\t<meta name=\"twitter:label2\" content=\"Est. reading time\" \/>\n\t<meta name=\"twitter:data2\" content=\"3 minutes\" \/>\n<script type=\"application\/ld+json\" class=\"yoast-schema-graph\">{\"@context\":\"https:\\\/\\\/schema.org\",\"@graph\":[{\"@type\":\"Article\",\"@id\":\"https:\\\/\\\/akunq.net\\\/tr\\\/?p=60828#article\",\"isPartOf\":{\"@id\":\"https:\\\/\\\/akunq.net\\\/tr\\\/?p=60828\"},\"author\":{\"name\":\"admin\",\"@id\":\"https:\\\/\\\/akunq.net\\\/tr\\\/#\\\/schema\\\/person\\\/096f1d38a12cce57fb855b485ed24c9e\"},\"headline\":\"\u2018Restorasyon\u2019 y\u0131k\u0131m\u0131 bitmiyor: Van Kalesi risk alt\u0131nda\",\"datePublished\":\"2021-01-08T10:05:40+00:00\",\"mainEntityOfPage\":{\"@id\":\"https:\\\/\\\/akunq.net\\\/tr\\\/?p=60828\"},\"wordCount\":683,\"commentCount\":0,\"image\":{\"@id\":\"https:\\\/\\\/akunq.net\\\/tr\\\/?p=60828#primaryimage\"},\"thumbnailUrl\":\"https:\\\/\\\/akunq.net\\\/tr\\\/wp-content\\\/uploads\\\/sites\\\/6\\\/2021\\\/01\\\/Van-Kalesi.jpg\",\"articleSection\":[\"G\u00fcn\u00fcm\u00fczde Bat\u0131 Ermenistan\",\"Haberler\"],\"inLanguage\":\"en-US\",\"potentialAction\":[{\"@type\":\"CommentAction\",\"name\":\"Comment\",\"target\":[\"https:\\\/\\\/akunq.net\\\/tr\\\/?p=60828#respond\"]}]},{\"@type\":\"WebPage\",\"@id\":\"https:\\\/\\\/akunq.net\\\/tr\\\/?p=60828\",\"url\":\"https:\\\/\\\/akunq.net\\\/tr\\\/?p=60828\",\"name\":\"\u2018Restorasyon\u2019 y\u0131k\u0131m\u0131 bitmiyor: Van Kalesi risk alt\u0131nda - Bati Ermenistan Ve Bati Ermenileri Sorunlari Ara\u015ftirmalar Merkezi\",\"isPartOf\":{\"@id\":\"https:\\\/\\\/akunq.net\\\/tr\\\/#website\"},\"primaryImageOfPage\":{\"@id\":\"https:\\\/\\\/akunq.net\\\/tr\\\/?p=60828#primaryimage\"},\"image\":{\"@id\":\"https:\\\/\\\/akunq.net\\\/tr\\\/?p=60828#primaryimage\"},\"thumbnailUrl\":\"https:\\\/\\\/akunq.net\\\/tr\\\/wp-content\\\/uploads\\\/sites\\\/6\\\/2021\\\/01\\\/Van-Kalesi.jpg\",\"datePublished\":\"2021-01-08T10:05:40+00:00\",\"author\":{\"@id\":\"https:\\\/\\\/akunq.net\\\/tr\\\/#\\\/schema\\\/person\\\/096f1d38a12cce57fb855b485ed24c9e\"},\"breadcrumb\":{\"@id\":\"https:\\\/\\\/akunq.net\\\/tr\\\/?p=60828#breadcrumb\"},\"inLanguage\":\"en-US\",\"potentialAction\":[{\"@type\":\"ReadAction\",\"target\":[\"https:\\\/\\\/akunq.net\\\/tr\\\/?p=60828\"]}]},{\"@type\":\"ImageObject\",\"inLanguage\":\"en-US\",\"@id\":\"https:\\\/\\\/akunq.net\\\/tr\\\/?p=60828#primaryimage\",\"url\":\"https:\\\/\\\/akunq.net\\\/tr\\\/wp-content\\\/uploads\\\/sites\\\/6\\\/2021\\\/01\\\/Van-Kalesi.jpg\",\"contentUrl\":\"https:\\\/\\\/akunq.net\\\/tr\\\/wp-content\\\/uploads\\\/sites\\\/6\\\/2021\\\/01\\\/Van-Kalesi.jpg\",\"width\":750,\"height\":422},{\"@type\":\"BreadcrumbList\",\"@id\":\"https:\\\/\\\/akunq.net\\\/tr\\\/?p=60828#breadcrumb\",\"itemListElement\":[{\"@type\":\"ListItem\",\"position\":1,\"name\":\"Home\",\"item\":\"https:\\\/\\\/akunq.net\\\/tr\"},{\"@type\":\"ListItem\",\"position\":2,\"name\":\"\u2018Restorasyon\u2019 y\u0131k\u0131m\u0131 bitmiyor: Van Kalesi risk alt\u0131nda\"}]},{\"@type\":\"WebSite\",\"@id\":\"https:\\\/\\\/akunq.net\\\/tr\\\/#website\",\"url\":\"https:\\\/\\\/akunq.net\\\/tr\\\/\",\"name\":\"Bati Ermenistan Ve Bati Ermenileri Sorunlari Ara\u015ftirmalar Merkezi\",\"description\":\"\",\"potentialAction\":[{\"@type\":\"SearchAction\",\"target\":{\"@type\":\"EntryPoint\",\"urlTemplate\":\"https:\\\/\\\/akunq.net\\\/tr\\\/?s={search_term_string}\"},\"query-input\":{\"@type\":\"PropertyValueSpecification\",\"valueRequired\":true,\"valueName\":\"search_term_string\"}}],\"inLanguage\":\"en-US\"},{\"@type\":\"Person\",\"@id\":\"https:\\\/\\\/akunq.net\\\/tr\\\/#\\\/schema\\\/person\\\/096f1d38a12cce57fb855b485ed24c9e\",\"name\":\"admin\",\"url\":\"https:\\\/\\\/akunq.net\\\/tr\\\/?author=7\"}]}<\/script>\n<!-- \/ Yoast SEO plugin. -->","yoast_head_json":{"title":"\u2018Restorasyon\u2019 y\u0131k\u0131m\u0131 bitmiyor: Van Kalesi risk alt\u0131nda - Bati Ermenistan Ve Bati Ermenileri Sorunlari Ara\u015ftirmalar Merkezi","robots":{"index":"index","follow":"follow","max-snippet":"max-snippet:-1","max-image-preview":"max-image-preview:large","max-video-preview":"max-video-preview:-1"},"canonical":"https:\/\/akunq.net\/tr\/?p=60828","og_locale":"en_US","og_type":"article","og_title":"\u2018Restorasyon\u2019 y\u0131k\u0131m\u0131 bitmiyor: Van Kalesi risk alt\u0131nda - Bati Ermenistan Ve Bati Ermenileri Sorunlari Ara\u015ftirmalar Merkezi","og_description":"Urartular d\u00f6nemine ait olan ve bir\u00e7ok medeniyete ev sahipli\u011fi yapan Van Kalesi, bir yadan restore ad\u0131 alt\u0131nda tarihi dokusu bozulurken di\u011fer yandan y\u0131k\u0131lma tehlikesi ile y\u00fcz y\u00fcze. Tarihte bir\u00e7ok medeniyete ev sahipli\u011fi yapan Van Kalesi, her y\u0131l kente gelen binlerce ki\u015finin ilgisini \u00e7ekmeye devam ediyor. Birle\u015fmi\u015f Milletler E\u011fitim, Bilim ve K\u00fclt\u00fcr \u00d6rg\u00fct\u00fc\u2019n\u00fcn (UNESCO) \u201cGe\u00e7ici D\u00fcnya [&hellip;]","og_url":"https:\/\/akunq.net\/tr\/?p=60828","og_site_name":"Bati Ermenistan Ve Bati Ermenileri Sorunlari Ara\u015ftirmalar Merkezi","article_published_time":"2021-01-08T10:05:40+00:00","og_image":[{"width":750,"height":422,"url":"https:\/\/akunq.net\/tr\/wp-content\/uploads\/sites\/6\/2021\/01\/Van-Kalesi.jpg","type":"image\/jpeg"}],"author":"admin","twitter_card":"summary_large_image","twitter_misc":{"Written by":"admin","Est. reading time":"3 minutes"},"schema":{"@context":"https:\/\/schema.org","@graph":[{"@type":"Article","@id":"https:\/\/akunq.net\/tr\/?p=60828#article","isPartOf":{"@id":"https:\/\/akunq.net\/tr\/?p=60828"},"author":{"name":"admin","@id":"https:\/\/akunq.net\/tr\/#\/schema\/person\/096f1d38a12cce57fb855b485ed24c9e"},"headline":"\u2018Restorasyon\u2019 y\u0131k\u0131m\u0131 bitmiyor: Van Kalesi risk alt\u0131nda","datePublished":"2021-01-08T10:05:40+00:00","mainEntityOfPage":{"@id":"https:\/\/akunq.net\/tr\/?p=60828"},"wordCount":683,"commentCount":0,"image":{"@id":"https:\/\/akunq.net\/tr\/?p=60828#primaryimage"},"thumbnailUrl":"https:\/\/akunq.net\/tr\/wp-content\/uploads\/sites\/6\/2021\/01\/Van-Kalesi.jpg","articleSection":["G\u00fcn\u00fcm\u00fczde Bat\u0131 Ermenistan","Haberler"],"inLanguage":"en-US","potentialAction":[{"@type":"CommentAction","name":"Comment","target":["https:\/\/akunq.net\/tr\/?p=60828#respond"]}]},{"@type":"WebPage","@id":"https:\/\/akunq.net\/tr\/?p=60828","url":"https:\/\/akunq.net\/tr\/?p=60828","name":"\u2018Restorasyon\u2019 y\u0131k\u0131m\u0131 bitmiyor: Van Kalesi risk alt\u0131nda - Bati Ermenistan Ve Bati Ermenileri Sorunlari Ara\u015ftirmalar Merkezi","isPartOf":{"@id":"https:\/\/akunq.net\/tr\/#website"},"primaryImageOfPage":{"@id":"https:\/\/akunq.net\/tr\/?p=60828#primaryimage"},"image":{"@id":"https:\/\/akunq.net\/tr\/?p=60828#primaryimage"},"thumbnailUrl":"https:\/\/akunq.net\/tr\/wp-content\/uploads\/sites\/6\/2021\/01\/Van-Kalesi.jpg","datePublished":"2021-01-08T10:05:40+00:00","author":{"@id":"https:\/\/akunq.net\/tr\/#\/schema\/person\/096f1d38a12cce57fb855b485ed24c9e"},"breadcrumb":{"@id":"https:\/\/akunq.net\/tr\/?p=60828#breadcrumb"},"inLanguage":"en-US","potentialAction":[{"@type":"ReadAction","target":["https:\/\/akunq.net\/tr\/?p=60828"]}]},{"@type":"ImageObject","inLanguage":"en-US","@id":"https:\/\/akunq.net\/tr\/?p=60828#primaryimage","url":"https:\/\/akunq.net\/tr\/wp-content\/uploads\/sites\/6\/2021\/01\/Van-Kalesi.jpg","contentUrl":"https:\/\/akunq.net\/tr\/wp-content\/uploads\/sites\/6\/2021\/01\/Van-Kalesi.jpg","width":750,"height":422},{"@type":"BreadcrumbList","@id":"https:\/\/akunq.net\/tr\/?p=60828#breadcrumb","itemListElement":[{"@type":"ListItem","position":1,"name":"Home","item":"https:\/\/akunq.net\/tr"},{"@type":"ListItem","position":2,"name":"\u2018Restorasyon\u2019 y\u0131k\u0131m\u0131 bitmiyor: Van Kalesi risk alt\u0131nda"}]},{"@type":"WebSite","@id":"https:\/\/akunq.net\/tr\/#website","url":"https:\/\/akunq.net\/tr\/","name":"Bati Ermenistan Ve Bati Ermenileri Sorunlari Ara\u015ftirmalar Merkezi","description":"","potentialAction":[{"@type":"SearchAction","target":{"@type":"EntryPoint","urlTemplate":"https:\/\/akunq.net\/tr\/?s={search_term_string}"},"query-input":{"@type":"PropertyValueSpecification","valueRequired":true,"valueName":"search_term_string"}}],"inLanguage":"en-US"},{"@type":"Person","@id":"https:\/\/akunq.net\/tr\/#\/schema\/person\/096f1d38a12cce57fb855b485ed24c9e","name":"admin","url":"https:\/\/akunq.net\/tr\/?author=7"}]}},"_links":{"self":[{"href":"https:\/\/akunq.net\/tr\/index.php?rest_route=\/wp\/v2\/posts\/60828","targetHints":{"allow":["GET"]}}],"collection":[{"href":"https:\/\/akunq.net\/tr\/index.php?rest_route=\/wp\/v2\/posts"}],"about":[{"href":"https:\/\/akunq.net\/tr\/index.php?rest_route=\/wp\/v2\/types\/post"}],"author":[{"embeddable":true,"href":"https:\/\/akunq.net\/tr\/index.php?rest_route=\/wp\/v2\/users\/7"}],"replies":[{"embeddable":true,"href":"https:\/\/akunq.net\/tr\/index.php?rest_route=%2Fwp%2Fv2%2Fcomments&post=60828"}],"version-history":[{"count":1,"href":"https:\/\/akunq.net\/tr\/index.php?rest_route=\/wp\/v2\/posts\/60828\/revisions"}],"predecessor-version":[{"id":60830,"href":"https:\/\/akunq.net\/tr\/index.php?rest_route=\/wp\/v2\/posts\/60828\/revisions\/60830"}],"wp:featuredmedia":[{"embeddable":true,"href":"https:\/\/akunq.net\/tr\/index.php?rest_route=\/wp\/v2\/media\/60829"}],"wp:attachment":[{"href":"https:\/\/akunq.net\/tr\/index.php?rest_route=%2Fwp%2Fv2%2Fmedia&parent=60828"}],"wp:term":[{"taxonomy":"category","embeddable":true,"href":"https:\/\/akunq.net\/tr\/index.php?rest_route=%2Fwp%2Fv2%2Fcategories&post=60828"},{"taxonomy":"post_tag","embeddable":true,"href":"https:\/\/akunq.net\/tr\/index.php?rest_route=%2Fwp%2Fv2%2Ftags&post=60828"}],"curies":[{"name":"wp","href":"https:\/\/api.w.org\/{rel}","templated":true}]}}