{"id":60815,"date":"2021-01-08T04:26:59","date_gmt":"2021-01-08T09:26:59","guid":{"rendered":"https:\/\/akunq.net\/tr\/?p=60815"},"modified":"2021-01-08T04:26:59","modified_gmt":"2021-01-08T09:26:59","slug":"sumela-manastiri-ve-altindere-vadisi-yeni-turizm-sezonuna-hazirlaniyor","status":"publish","type":"post","link":"https:\/\/akunq.net\/tr\/?p=60815","title":{"rendered":"S\u00fcmela Manast\u0131r\u0131 ve Alt\u0131ndere Vadisi yeni turizm sezonuna haz\u0131rlan\u0131yor"},"content":{"rendered":"<p><img loading=\"lazy\" decoding=\"async\" class=\"aligncenter size-medium wp-image-60816\" src=\"https:\/\/akunq.net\/tr\/wp-content\/uploads\/2021\/01\/Alt\u0131ndere-Vadisi-360x203.jpg\" alt=\"\" width=\"360\" height=\"203\" srcset=\"https:\/\/akunq.net\/tr\/wp-content\/uploads\/sites\/6\/2021\/01\/Alt\u0131ndere-Vadisi-360x203.jpg 360w, https:\/\/akunq.net\/tr\/wp-content\/uploads\/sites\/6\/2021\/01\/Alt\u0131ndere-Vadisi-768x432.jpg 768w, https:\/\/akunq.net\/tr\/wp-content\/uploads\/sites\/6\/2021\/01\/Alt\u0131ndere-Vadisi-560x315.jpg 560w, https:\/\/akunq.net\/tr\/wp-content\/uploads\/sites\/6\/2021\/01\/Alt\u0131ndere-Vadisi-260x146.jpg 260w, https:\/\/akunq.net\/tr\/wp-content\/uploads\/sites\/6\/2021\/01\/Alt\u0131ndere-Vadisi-160x90.jpg 160w, https:\/\/akunq.net\/tr\/wp-content\/uploads\/sites\/6\/2021\/01\/Alt\u0131ndere-Vadisi.jpg 864w\" sizes=\"auto, (max-width: 360px) 100vw, 360px\" \/><\/p>\n<p><em><strong>Trabzon B\u00fcy\u00fck\u015fehir Belediye Ba\u015fkan\u0131 Murat Zorluo\u011flu, yapt\u0131\u011f\u0131 yaz\u0131l\u0131 a\u00e7\u0131klamada, Trabzon ekonomisinin en \u00f6nemli sekt\u00f6rlerinden biri olmas\u0131 nedeniyle turizme ayr\u0131 \u00f6nem verdiklerini belirtti.<\/strong><\/em><\/p>\n<p><strong>Duygu Avunduk<\/strong><\/p>\n<p>Bu anlamda Alt\u0131ndere Vadisi ve S\u00fcmela Manast\u0131r\u0131\u2019n\u0131n b\u00fcy\u00fck \u00f6nem ta\u015f\u0131d\u0131\u011f\u0131na dikkati \u00e7eken Zorluo\u011flu, vadide b\u00fcy\u00fck bir trafik ve ula\u015f\u0131m ke\u015fmeke\u015fi oldu\u011funu, bunun b\u00fct\u00fcn\u00fcyle \u00f6n\u00fcne ge\u00e7ecek tedbirleri ald\u0131klar\u0131n\u0131, gerek otob\u00fcsler gerek normal ara\u00e7lar i\u00e7in iki b\u00fcy\u00fck otopark alan\u0131 olu\u015fturduklar\u0131n\u0131 bildirdi.<\/p>\n<p>Zorluo\u011flu, ziyaret\u00e7ilerin son derece modern \u015fartlarda haz\u0131rlad\u0131klar\u0131 otoparklarda ara\u00e7lar\u0131n\u0131 park edeceklerini vurgulayarak, \u015f\u00f6yle devam etti:<\/p>\n<p>\u201cZiyaret\u00e7ilerimizi minib\u00fcslerle \u00e7ok daha konforlu ve g\u00fcvenli \u015fekilde, ring bi\u00e7iminde bir ula\u015f\u0131m sistemiyle bu b\u00f6lgeye g\u00f6t\u00fcrece\u011fiz ve daha sonra da yine kendi ara\u00e7lar\u0131n\u0131n bulundu\u011fu otoparklara geri getirece\u011fiz. B\u00f6ylece buradaki trafik ke\u015fmeke\u015fi b\u00fcy\u00fck oranda ortadan kalkm\u0131\u015f olacak. Bunu yaparken transit olarak \u00c7ak\u0131rg\u00f6l ve yukar\u0131daki yaylalara, k\u00f6ylere gidecek vatanda\u015flar\u0131m\u0131z i\u00e7in de gerekli tedbiri d\u00fc\u015f\u00fcnd\u00fck. Sorun yaratmayacak yeni bir yolu olu\u015fturmu\u015f oluyoruz.\u201d<\/p>\n<p>Alt\u0131ndere Vadisi\u2019nde ziyaret\u00e7ilerin g\u00fczel vakit ge\u00e7irmesini sa\u011flamak amac\u0131yla \u00f6nemli bir projeyi hayata ge\u00e7ireceklerine i\u015faret eden Zorluo\u011flu, \u201cHayata ge\u00e7irmeye \u00e7al\u0131\u015ft\u0131\u011f\u0131m\u0131z bir ba\u015fka \u00f6nemli projemiz, k\u0131r kahvesi, k\u0131r lokantas\u0131 ve yine ziyaret\u00e7i merkezi \u015feklinde b\u00fcy\u00fck bir yat\u0131r\u0131m. Turizm sezonuyla birlikte oray\u0131 hizmete a\u00e7t\u0131\u011f\u0131m\u0131zda, yerli ve yabanc\u0131 ziyaret\u00e7ilerimiz i\u00e7in \u00e7ok g\u00fczel yeme i\u00e7me ve dinlenme mekanlar\u0131 olu\u015fturmu\u015f olaca\u011f\u0131z.\u201d ifadelerini kulland\u0131.<\/p>\n<p>Zorluo\u011flu, S\u00fcmela Manast\u0131r\u0131\u2019n\u0131n \u015fu anda UNESCO\u2019nun D\u00fcnya Miras\u0131 Ge\u00e7ici Listesi\u2019nde yer ald\u0131\u011f\u0131n\u0131 an\u0131msatarak, \u201cBa\u015flatt\u0131\u011f\u0131m\u0131z s\u00fcre\u00e7le \u00f6n\u00fcm\u00fczdeki y\u0131llarda S\u00fcmela Manast\u0131r\u0131\u2019n\u0131n D\u00fcnya Miras\u0131 Listesi\u2019ne al\u0131nmas\u0131yla ilgili \u00e7al\u0131\u015fmay\u0131 tamamlayaca\u011f\u0131z ve S\u00fcmela Manast\u0131r\u0131 art\u0131k d\u00fcnyada \u00e7ok daha bilinen, ziyaret\u00e7ilerin gelmeyi daha \u00e7ok arzu edecekleri bir destinasyon haline gelecek.\u201d de\u011ferlendirmesinde bulundu.<\/p>\n<p>Teleferik projesi<br \/>\nTeleferik projesine de de\u011finen Zorluo\u011flu, \u015funlar\u0131 kaydetti:<\/p>\n<p>\u201c\u0130ki durakl\u0131 olacak \u015fekilde haz\u0131rlanan teleferik projemiz tamamland\u0131. Birinci aya\u011f\u0131 otopark b\u00f6lgesinden, yani vadinin i\u00e7erisinden ba\u015fl\u0131yor ve S\u00fcmela\u2019ya uzak ancak y\u00fcksek\u00e7e bir noktaya ula\u015f\u0131yor. Projede o alanda seyir teraslar\u0131, yeme i\u00e7me mekanlar\u0131, y\u00fcr\u00fcme alanlar\u0131 var. Yani sizi orman\u0131n i\u00e7ine g\u00f6t\u00fcr\u00fcyor. \u0130kinci aya\u011f\u0131 ise S\u00fcmela\u2019ya yak\u0131n bir noktaya sizi ta\u015f\u0131yor. Birinci dura\u011f\u0131nda bamba\u015fka g\u00fczellikler sunan manzara, seyir teraslar\u0131, y\u00fcr\u00fcme yollar\u0131, restoranlar gibi \u00e7ok rahatl\u0131kla 3-4 saat vakit ge\u00e7irebilece\u011finiz bir alan olacak. Tekrar teleferi\u011fe binip oradan ikinci ayak dedi\u011fimiz S\u00fcmela Manast\u0131r\u0131\u2019na olduk\u00e7a yak\u0131n bir noktada sizi indiriyor ve oradan S\u00fcmela\u2019ya gidiliyor.\u201d<\/p>\n<p>Tamamlanan yakla\u015f\u0131k 100-150 milyon lira maliyetli proje i\u00e7in yat\u0131r\u0131mc\u0131 aray\u0131\u015f\u0131nda olduklar\u0131n\u0131 belirten Zorluo\u011flu, birka\u00e7 ciddi yat\u0131r\u0131mc\u0131 firmayla temas halinde bulunduklar\u0131n\u0131 bildirdi.<\/p>\n<p>Kovid-19 salg\u0131n\u0131 s\u00fcrecinden yat\u0131r\u0131mc\u0131lar\u0131n etkilendi\u011fini ve ihalenin gecikti\u011fini kaydeden Zorluo\u011flu, \u201cDolay\u0131s\u0131yla \u00fcmit ediyoruz, 2021 y\u0131l\u0131n\u0131n ilk 6 ay\u0131nda bu ihaleyi ger\u00e7ekle\u015ftiririz. Projeyi, yap-i\u015flet-devret modeliyle hayata ge\u00e7irece\u011fiz.\u201d ifadelerini kulland\u0131.<br \/>\nAnadolu Ajans\u0131 web sitesinde, AA Haber Ak\u0131\u015f Sistemi (HAS) \u00fczerinden abonelere sunulan haberler, \u00f6zetlenerek yay\u0131mlanmaktad\u0131r. Abonelik i\u00e7in l\u00fctfen ileti\u015fime ge\u00e7iniz.<\/p>\n<hr \/>\n<p><em><strong><a href=\"https:\/\/www.aa.com.tr\/tr\/turkiye\/sumela-manastiri-ve-altindere-vadisi-yeni-turizm-sezonuna-hazirlaniyor\/2101741\" target=\"_blank\" rel=\"noopener noreferrer\">AA<\/a><\/strong><\/em><\/p>\n","protected":false},"excerpt":{"rendered":"<p>Trabzon B\u00fcy\u00fck\u015fehir Belediye Ba\u015fkan\u0131 Murat Zorluo\u011flu, yapt\u0131\u011f\u0131 yaz\u0131l\u0131 a\u00e7\u0131klamada, Trabzon ekonomisinin en \u00f6nemli sekt\u00f6rlerinden biri olmas\u0131 nedeniyle turizme ayr\u0131 \u00f6nem verdiklerini belirtti. Duygu Avunduk Bu anlamda Alt\u0131ndere Vadisi ve S\u00fcmela Manast\u0131r\u0131\u2019n\u0131n b\u00fcy\u00fck \u00f6nem ta\u015f\u0131d\u0131\u011f\u0131na dikkati \u00e7eken Zorluo\u011flu, vadide b\u00fcy\u00fck bir trafik ve ula\u015f\u0131m ke\u015fmeke\u015fi oldu\u011funu, bunun b\u00fct\u00fcn\u00fcyle \u00f6n\u00fcne ge\u00e7ecek tedbirleri ald\u0131klar\u0131n\u0131, gerek otob\u00fcsler gerek normal [&hellip;]<\/p>\n","protected":false},"author":7,"featured_media":60816,"comment_status":"open","ping_status":"open","sticky":false,"template":"","format":"standard","meta":{"footnotes":""},"categories":[1],"tags":[],"class_list":["post-60815","post","type-post","status-publish","format-standard","has-post-thumbnail","hentry","category-haberler"],"yoast_head":"<!-- This site is optimized with the Yoast SEO plugin v27.4 - https:\/\/yoast.com\/product\/yoast-seo-wordpress\/ -->\n<title>S\u00fcmela Manast\u0131r\u0131 ve Alt\u0131ndere Vadisi yeni turizm sezonuna haz\u0131rlan\u0131yor - Bati Ermenistan Ve Bati Ermenileri Sorunlari Ara\u015ftirmalar Merkezi<\/title>\n<meta name=\"robots\" content=\"index, follow, max-snippet:-1, max-image-preview:large, max-video-preview:-1\" \/>\n<link rel=\"canonical\" href=\"https:\/\/akunq.net\/tr\/?p=60815\" \/>\n<meta property=\"og:locale\" content=\"en_US\" \/>\n<meta property=\"og:type\" content=\"article\" \/>\n<meta property=\"og:title\" content=\"S\u00fcmela Manast\u0131r\u0131 ve Alt\u0131ndere Vadisi yeni turizm sezonuna haz\u0131rlan\u0131yor - Bati Ermenistan Ve Bati Ermenileri Sorunlari Ara\u015ftirmalar Merkezi\" \/>\n<meta property=\"og:description\" content=\"Trabzon B\u00fcy\u00fck\u015fehir Belediye Ba\u015fkan\u0131 Murat Zorluo\u011flu, yapt\u0131\u011f\u0131 yaz\u0131l\u0131 a\u00e7\u0131klamada, Trabzon ekonomisinin en \u00f6nemli sekt\u00f6rlerinden biri olmas\u0131 nedeniyle turizme ayr\u0131 \u00f6nem verdiklerini belirtti. Duygu Avunduk Bu anlamda Alt\u0131ndere Vadisi ve S\u00fcmela Manast\u0131r\u0131\u2019n\u0131n b\u00fcy\u00fck \u00f6nem ta\u015f\u0131d\u0131\u011f\u0131na dikkati \u00e7eken Zorluo\u011flu, vadide b\u00fcy\u00fck bir trafik ve ula\u015f\u0131m ke\u015fmeke\u015fi oldu\u011funu, bunun b\u00fct\u00fcn\u00fcyle \u00f6n\u00fcne ge\u00e7ecek tedbirleri ald\u0131klar\u0131n\u0131, gerek otob\u00fcsler gerek normal [&hellip;]\" \/>\n<meta property=\"og:url\" content=\"https:\/\/akunq.net\/tr\/?p=60815\" \/>\n<meta property=\"og:site_name\" content=\"Bati Ermenistan Ve Bati Ermenileri Sorunlari Ara\u015ftirmalar Merkezi\" \/>\n<meta property=\"article:published_time\" content=\"2021-01-08T09:26:59+00:00\" \/>\n<meta property=\"og:image\" content=\"https:\/\/akunq.net\/tr\/wp-content\/uploads\/sites\/6\/2021\/01\/Alt\u0131ndere-Vadisi.jpg\" \/>\n\t<meta property=\"og:image:width\" content=\"864\" \/>\n\t<meta property=\"og:image:height\" content=\"486\" \/>\n\t<meta property=\"og:image:type\" content=\"image\/jpeg\" \/>\n<meta name=\"author\" content=\"admin\" \/>\n<meta name=\"twitter:card\" content=\"summary_large_image\" \/>\n<meta name=\"twitter:label1\" content=\"Written by\" \/>\n\t<meta name=\"twitter:data1\" content=\"admin\" \/>\n\t<meta name=\"twitter:label2\" content=\"Est. reading time\" \/>\n\t<meta name=\"twitter:data2\" content=\"3 minutes\" \/>\n<script type=\"application\/ld+json\" class=\"yoast-schema-graph\">{\"@context\":\"https:\\\/\\\/schema.org\",\"@graph\":[{\"@type\":\"Article\",\"@id\":\"https:\\\/\\\/akunq.net\\\/tr\\\/?p=60815#article\",\"isPartOf\":{\"@id\":\"https:\\\/\\\/akunq.net\\\/tr\\\/?p=60815\"},\"author\":{\"name\":\"admin\",\"@id\":\"https:\\\/\\\/akunq.net\\\/tr\\\/#\\\/schema\\\/person\\\/096f1d38a12cce57fb855b485ed24c9e\"},\"headline\":\"S\u00fcmela Manast\u0131r\u0131 ve Alt\u0131ndere Vadisi yeni turizm sezonuna haz\u0131rlan\u0131yor\",\"datePublished\":\"2021-01-08T09:26:59+00:00\",\"mainEntityOfPage\":{\"@id\":\"https:\\\/\\\/akunq.net\\\/tr\\\/?p=60815\"},\"wordCount\":637,\"commentCount\":0,\"image\":{\"@id\":\"https:\\\/\\\/akunq.net\\\/tr\\\/?p=60815#primaryimage\"},\"thumbnailUrl\":\"https:\\\/\\\/akunq.net\\\/tr\\\/wp-content\\\/uploads\\\/sites\\\/6\\\/2021\\\/01\\\/Alt\u0131ndere-Vadisi.jpg\",\"articleSection\":[\"Haberler\"],\"inLanguage\":\"en-US\",\"potentialAction\":[{\"@type\":\"CommentAction\",\"name\":\"Comment\",\"target\":[\"https:\\\/\\\/akunq.net\\\/tr\\\/?p=60815#respond\"]}]},{\"@type\":\"WebPage\",\"@id\":\"https:\\\/\\\/akunq.net\\\/tr\\\/?p=60815\",\"url\":\"https:\\\/\\\/akunq.net\\\/tr\\\/?p=60815\",\"name\":\"S\u00fcmela Manast\u0131r\u0131 ve Alt\u0131ndere Vadisi yeni turizm sezonuna haz\u0131rlan\u0131yor - Bati Ermenistan Ve Bati Ermenileri Sorunlari Ara\u015ftirmalar Merkezi\",\"isPartOf\":{\"@id\":\"https:\\\/\\\/akunq.net\\\/tr\\\/#website\"},\"primaryImageOfPage\":{\"@id\":\"https:\\\/\\\/akunq.net\\\/tr\\\/?p=60815#primaryimage\"},\"image\":{\"@id\":\"https:\\\/\\\/akunq.net\\\/tr\\\/?p=60815#primaryimage\"},\"thumbnailUrl\":\"https:\\\/\\\/akunq.net\\\/tr\\\/wp-content\\\/uploads\\\/sites\\\/6\\\/2021\\\/01\\\/Alt\u0131ndere-Vadisi.jpg\",\"datePublished\":\"2021-01-08T09:26:59+00:00\",\"author\":{\"@id\":\"https:\\\/\\\/akunq.net\\\/tr\\\/#\\\/schema\\\/person\\\/096f1d38a12cce57fb855b485ed24c9e\"},\"breadcrumb\":{\"@id\":\"https:\\\/\\\/akunq.net\\\/tr\\\/?p=60815#breadcrumb\"},\"inLanguage\":\"en-US\",\"potentialAction\":[{\"@type\":\"ReadAction\",\"target\":[\"https:\\\/\\\/akunq.net\\\/tr\\\/?p=60815\"]}]},{\"@type\":\"ImageObject\",\"inLanguage\":\"en-US\",\"@id\":\"https:\\\/\\\/akunq.net\\\/tr\\\/?p=60815#primaryimage\",\"url\":\"https:\\\/\\\/akunq.net\\\/tr\\\/wp-content\\\/uploads\\\/sites\\\/6\\\/2021\\\/01\\\/Alt\u0131ndere-Vadisi.jpg\",\"contentUrl\":\"https:\\\/\\\/akunq.net\\\/tr\\\/wp-content\\\/uploads\\\/sites\\\/6\\\/2021\\\/01\\\/Alt\u0131ndere-Vadisi.jpg\",\"width\":864,\"height\":486},{\"@type\":\"BreadcrumbList\",\"@id\":\"https:\\\/\\\/akunq.net\\\/tr\\\/?p=60815#breadcrumb\",\"itemListElement\":[{\"@type\":\"ListItem\",\"position\":1,\"name\":\"Home\",\"item\":\"https:\\\/\\\/akunq.net\\\/tr\"},{\"@type\":\"ListItem\",\"position\":2,\"name\":\"S\u00fcmela Manast\u0131r\u0131 ve Alt\u0131ndere Vadisi yeni turizm sezonuna haz\u0131rlan\u0131yor\"}]},{\"@type\":\"WebSite\",\"@id\":\"https:\\\/\\\/akunq.net\\\/tr\\\/#website\",\"url\":\"https:\\\/\\\/akunq.net\\\/tr\\\/\",\"name\":\"Bati Ermenistan Ve Bati Ermenileri Sorunlari Ara\u015ftirmalar Merkezi\",\"description\":\"\",\"potentialAction\":[{\"@type\":\"SearchAction\",\"target\":{\"@type\":\"EntryPoint\",\"urlTemplate\":\"https:\\\/\\\/akunq.net\\\/tr\\\/?s={search_term_string}\"},\"query-input\":{\"@type\":\"PropertyValueSpecification\",\"valueRequired\":true,\"valueName\":\"search_term_string\"}}],\"inLanguage\":\"en-US\"},{\"@type\":\"Person\",\"@id\":\"https:\\\/\\\/akunq.net\\\/tr\\\/#\\\/schema\\\/person\\\/096f1d38a12cce57fb855b485ed24c9e\",\"name\":\"admin\",\"url\":\"https:\\\/\\\/akunq.net\\\/tr\\\/?author=7\"}]}<\/script>\n<!-- \/ Yoast SEO plugin. -->","yoast_head_json":{"title":"S\u00fcmela Manast\u0131r\u0131 ve Alt\u0131ndere Vadisi yeni turizm sezonuna haz\u0131rlan\u0131yor - Bati Ermenistan Ve Bati Ermenileri Sorunlari Ara\u015ftirmalar Merkezi","robots":{"index":"index","follow":"follow","max-snippet":"max-snippet:-1","max-image-preview":"max-image-preview:large","max-video-preview":"max-video-preview:-1"},"canonical":"https:\/\/akunq.net\/tr\/?p=60815","og_locale":"en_US","og_type":"article","og_title":"S\u00fcmela Manast\u0131r\u0131 ve Alt\u0131ndere Vadisi yeni turizm sezonuna haz\u0131rlan\u0131yor - Bati Ermenistan Ve Bati Ermenileri Sorunlari Ara\u015ftirmalar Merkezi","og_description":"Trabzon B\u00fcy\u00fck\u015fehir Belediye Ba\u015fkan\u0131 Murat Zorluo\u011flu, yapt\u0131\u011f\u0131 yaz\u0131l\u0131 a\u00e7\u0131klamada, Trabzon ekonomisinin en \u00f6nemli sekt\u00f6rlerinden biri olmas\u0131 nedeniyle turizme ayr\u0131 \u00f6nem verdiklerini belirtti. Duygu Avunduk Bu anlamda Alt\u0131ndere Vadisi ve S\u00fcmela Manast\u0131r\u0131\u2019n\u0131n b\u00fcy\u00fck \u00f6nem ta\u015f\u0131d\u0131\u011f\u0131na dikkati \u00e7eken Zorluo\u011flu, vadide b\u00fcy\u00fck bir trafik ve ula\u015f\u0131m ke\u015fmeke\u015fi oldu\u011funu, bunun b\u00fct\u00fcn\u00fcyle \u00f6n\u00fcne ge\u00e7ecek tedbirleri ald\u0131klar\u0131n\u0131, gerek otob\u00fcsler gerek normal [&hellip;]","og_url":"https:\/\/akunq.net\/tr\/?p=60815","og_site_name":"Bati Ermenistan Ve Bati Ermenileri Sorunlari Ara\u015ftirmalar Merkezi","article_published_time":"2021-01-08T09:26:59+00:00","og_image":[{"width":864,"height":486,"url":"https:\/\/akunq.net\/tr\/wp-content\/uploads\/sites\/6\/2021\/01\/Alt\u0131ndere-Vadisi.jpg","type":"image\/jpeg"}],"author":"admin","twitter_card":"summary_large_image","twitter_misc":{"Written by":"admin","Est. reading time":"3 minutes"},"schema":{"@context":"https:\/\/schema.org","@graph":[{"@type":"Article","@id":"https:\/\/akunq.net\/tr\/?p=60815#article","isPartOf":{"@id":"https:\/\/akunq.net\/tr\/?p=60815"},"author":{"name":"admin","@id":"https:\/\/akunq.net\/tr\/#\/schema\/person\/096f1d38a12cce57fb855b485ed24c9e"},"headline":"S\u00fcmela Manast\u0131r\u0131 ve Alt\u0131ndere Vadisi yeni turizm sezonuna haz\u0131rlan\u0131yor","datePublished":"2021-01-08T09:26:59+00:00","mainEntityOfPage":{"@id":"https:\/\/akunq.net\/tr\/?p=60815"},"wordCount":637,"commentCount":0,"image":{"@id":"https:\/\/akunq.net\/tr\/?p=60815#primaryimage"},"thumbnailUrl":"https:\/\/akunq.net\/tr\/wp-content\/uploads\/sites\/6\/2021\/01\/Alt\u0131ndere-Vadisi.jpg","articleSection":["Haberler"],"inLanguage":"en-US","potentialAction":[{"@type":"CommentAction","name":"Comment","target":["https:\/\/akunq.net\/tr\/?p=60815#respond"]}]},{"@type":"WebPage","@id":"https:\/\/akunq.net\/tr\/?p=60815","url":"https:\/\/akunq.net\/tr\/?p=60815","name":"S\u00fcmela Manast\u0131r\u0131 ve Alt\u0131ndere Vadisi yeni turizm sezonuna haz\u0131rlan\u0131yor - Bati Ermenistan Ve Bati Ermenileri Sorunlari Ara\u015ftirmalar Merkezi","isPartOf":{"@id":"https:\/\/akunq.net\/tr\/#website"},"primaryImageOfPage":{"@id":"https:\/\/akunq.net\/tr\/?p=60815#primaryimage"},"image":{"@id":"https:\/\/akunq.net\/tr\/?p=60815#primaryimage"},"thumbnailUrl":"https:\/\/akunq.net\/tr\/wp-content\/uploads\/sites\/6\/2021\/01\/Alt\u0131ndere-Vadisi.jpg","datePublished":"2021-01-08T09:26:59+00:00","author":{"@id":"https:\/\/akunq.net\/tr\/#\/schema\/person\/096f1d38a12cce57fb855b485ed24c9e"},"breadcrumb":{"@id":"https:\/\/akunq.net\/tr\/?p=60815#breadcrumb"},"inLanguage":"en-US","potentialAction":[{"@type":"ReadAction","target":["https:\/\/akunq.net\/tr\/?p=60815"]}]},{"@type":"ImageObject","inLanguage":"en-US","@id":"https:\/\/akunq.net\/tr\/?p=60815#primaryimage","url":"https:\/\/akunq.net\/tr\/wp-content\/uploads\/sites\/6\/2021\/01\/Alt\u0131ndere-Vadisi.jpg","contentUrl":"https:\/\/akunq.net\/tr\/wp-content\/uploads\/sites\/6\/2021\/01\/Alt\u0131ndere-Vadisi.jpg","width":864,"height":486},{"@type":"BreadcrumbList","@id":"https:\/\/akunq.net\/tr\/?p=60815#breadcrumb","itemListElement":[{"@type":"ListItem","position":1,"name":"Home","item":"https:\/\/akunq.net\/tr"},{"@type":"ListItem","position":2,"name":"S\u00fcmela Manast\u0131r\u0131 ve Alt\u0131ndere Vadisi yeni turizm sezonuna haz\u0131rlan\u0131yor"}]},{"@type":"WebSite","@id":"https:\/\/akunq.net\/tr\/#website","url":"https:\/\/akunq.net\/tr\/","name":"Bati Ermenistan Ve Bati Ermenileri Sorunlari Ara\u015ftirmalar Merkezi","description":"","potentialAction":[{"@type":"SearchAction","target":{"@type":"EntryPoint","urlTemplate":"https:\/\/akunq.net\/tr\/?s={search_term_string}"},"query-input":{"@type":"PropertyValueSpecification","valueRequired":true,"valueName":"search_term_string"}}],"inLanguage":"en-US"},{"@type":"Person","@id":"https:\/\/akunq.net\/tr\/#\/schema\/person\/096f1d38a12cce57fb855b485ed24c9e","name":"admin","url":"https:\/\/akunq.net\/tr\/?author=7"}]}},"_links":{"self":[{"href":"https:\/\/akunq.net\/tr\/index.php?rest_route=\/wp\/v2\/posts\/60815","targetHints":{"allow":["GET"]}}],"collection":[{"href":"https:\/\/akunq.net\/tr\/index.php?rest_route=\/wp\/v2\/posts"}],"about":[{"href":"https:\/\/akunq.net\/tr\/index.php?rest_route=\/wp\/v2\/types\/post"}],"author":[{"embeddable":true,"href":"https:\/\/akunq.net\/tr\/index.php?rest_route=\/wp\/v2\/users\/7"}],"replies":[{"embeddable":true,"href":"https:\/\/akunq.net\/tr\/index.php?rest_route=%2Fwp%2Fv2%2Fcomments&post=60815"}],"version-history":[{"count":1,"href":"https:\/\/akunq.net\/tr\/index.php?rest_route=\/wp\/v2\/posts\/60815\/revisions"}],"predecessor-version":[{"id":60817,"href":"https:\/\/akunq.net\/tr\/index.php?rest_route=\/wp\/v2\/posts\/60815\/revisions\/60817"}],"wp:featuredmedia":[{"embeddable":true,"href":"https:\/\/akunq.net\/tr\/index.php?rest_route=\/wp\/v2\/media\/60816"}],"wp:attachment":[{"href":"https:\/\/akunq.net\/tr\/index.php?rest_route=%2Fwp%2Fv2%2Fmedia&parent=60815"}],"wp:term":[{"taxonomy":"category","embeddable":true,"href":"https:\/\/akunq.net\/tr\/index.php?rest_route=%2Fwp%2Fv2%2Fcategories&post=60815"},{"taxonomy":"post_tag","embeddable":true,"href":"https:\/\/akunq.net\/tr\/index.php?rest_route=%2Fwp%2Fv2%2Ftags&post=60815"}],"curies":[{"name":"wp","href":"https:\/\/api.w.org\/{rel}","templated":true}]}}