{"id":60799,"date":"2020-12-29T06:18:17","date_gmt":"2020-12-29T11:18:17","guid":{"rendered":"https:\/\/akunq.net\/tr\/?p=60799"},"modified":"2020-12-29T06:18:17","modified_gmt":"2020-12-29T11:18:17","slug":"turkiyenin-2020-hak-ihlalleri-karnesi","status":"publish","type":"post","link":"https:\/\/akunq.net\/tr\/?p=60799","title":{"rendered":"T\u00fcrkiye&#8217;nin 2020 hak ihlalleri karnesi"},"content":{"rendered":"<p class=\"intro\"><em><strong>T\u00fcrkiye adil olmayan yarg\u0131lamalar, uzun tutukluluklar, cezaevlerinde k\u00f6t\u00fc muamele ve i\u015fkence iddialar\u0131yla ge\u00e7en bir y\u0131l\u0131 daha geride b\u0131rak\u0131yor. \u00d6zellikle pandemide cezaevlerindeki \u00f6nlemlerin yetersizli\u011fi \u00e7ok tart\u0131\u015f\u0131ld\u0131.<\/strong><\/em><\/p>\n<div id=\"sharing-bar\" class=\"min\"><span dir=\"ltr\">\u00a0<\/span><span dir=\"ltr\">\u00a0<\/span><span dir=\"ltr\">\u00a0<\/span><span dir=\"ltr\">\u00a0<\/span><\/div>\n<div class=\"picBox full\"><a class=\"overlayLink init\" href=\"https:\/\/www.dw.com\/tr\/t%C3%BCrkiyenin-2020-hak-ihlalleri-karnesi\/a-56060963#\" rel=\"nofollow\"><img decoding=\"async\" title=\"Cezaevleri, T\u00fcrkiye'deki hak ihlallerinin d\u00f6k\u00fcm\u00fcnde, i\u015fkence ve pandemi \u00f6nlemlerinde ihmal iddialar\u0131, siyasi davalar kapsam\u0131nda uzun tutukluluklar, \u00e7\u0131plak arama vakalar\u0131 gibi ba\u015fl\u0131klarla \u00f6ne \u00e7\u0131k\u0131yor. \" src=\"https:\/\/static.dw.com\/image\/53788770_303.jpg\" alt=\"Cezaevleri, T\u00fcrkiye'deki hak ihlallerinin d\u00f6k\u00fcm\u00fcnde, i\u015fkence ve pandemi \u00f6nlemlerinde ihmal iddialar\u0131, siyasi davalar kapsam\u0131nda uzun tutukluluklar, \u00e7\u0131plak arama vakalar\u0131 gibi ba\u015fl\u0131klarla \u00f6ne \u00e7\u0131k\u0131yor. \" \/><\/a>Cezaevleri, T\u00fcrkiye&#8217;deki hak ihlallerinin d\u00f6k\u00fcm\u00fcnde, i\u015fkence ve pandemi \u00f6nlemlerinde ihmal iddialar\u0131, siyasi davalar kapsam\u0131nda uzun tutukluluklar, \u00e7\u0131plak arama vakalar\u0131 gibi ba\u015fl\u0131klarla \u00f6ne \u00e7\u0131k\u0131yor.<\/p>\n<\/div>\n<div class=\"group\">\n<div class=\"longText\">\n<p>Pandemi ko\u015fullar\u0131n\u0131n hakim oldu\u011fu 2020 y\u0131l\u0131 boyunca T\u00fcrkiye&#8217;de hak ihlallerinin h\u0131z\u0131 kesilmedi. \u0130fade \u00f6zg\u00fcrl\u00fc\u011f\u00fc \u00fczerindeki s\u0131n\u0131rlamalardan uzun tutuklulu\u011fa, i\u015fkenceden cezas\u0131zl\u0131\u011fa kadar y\u0131l\u0131n hak ihlallerine yol a\u00e7an \u00f6nemli geli\u015fmelerini derledik.<\/p>\n<p>15 Nisan&#8217;da y\u00fcr\u00fcrl\u00fc\u011fe giren\u00a0<a href=\"https:\/\/www.dw.com\/tr\/kabul-edilen-infaz-d%C3%BCzenlemesine-itirazlar-y%C3%BCkseliyor\/a-53114499\">ceza infaz d\u00fczenlemesi<\/a>\u00a0ile T\u00fcrkiye genelindeki 355 cezaevinde bulunan 300 bin tutuklu ve h\u00fck\u00fcml\u00fcden 90 bini tahliye edildi. AKP&#8217;nin\u00a0<a href=\"https:\/\/www.dw.com\/tr\/bah%C3%A7eli-%C3%A7ak%C4%B1c%C4%B1-dava-arkada%C5%9F%C4%B1md%C4%B1r\/a-55709727\">MHP ile birlikte haz\u0131rlad\u0131\u011f\u0131<\/a>\u00a0d\u00fczenleme kapsam\u0131nda organize su\u00e7 \u00f6rg\u00fct\u00fc lideri\u00a0<a href=\"https:\/\/www.dw.com\/tr\/derin-devlet-korumas%C4%B1ndan-cumhur-ittifak%C4%B1-kalkan%C4%B1-alt%C4%B1na\/a-55675617\">Alaattin \u00c7ak\u0131c\u0131<\/a>\u00a0da tahliye edilirken ter\u00f6r ba\u015fl\u0131\u011f\u0131 alt\u0131nda yarg\u0131lanan ancak d\u00fc\u015f\u00fcncelerinden dolay\u0131 hapiste tutulan gazeteciler, yazarlar, ayd\u0131nlar, hak savunucular\u0131 ve avukatlar, salg\u0131n riskine ra\u011fmen cezaevlerinde kalmay\u0131 s\u00fcrd\u00fcrd\u00fc. Tutuklu ve h\u00fck\u00fcml\u00fc yak\u0131nlar\u0131 cezaevlerindeki uygulamalar\u0131n salg\u0131n\u0131 yayd\u0131\u011f\u0131na dair ciddi iddialar \u00f6ne s\u00fcrd\u00fc.<\/p>\n<h2>Cezaevlerine ili\u015fkin iddialar<\/h2>\n<p>Salg\u0131nda en riskli gruplar\u0131n ba\u015f\u0131nda gelen hasta mahpuslar i\u00e7in de bir d\u00fczenleme yap\u0131lmad\u0131.\u00a0<a href=\"https:\/\/www.dw.com\/tr\/cezaevlerinde-sa%C4%9Fl%C4%B1k-hakk%C4%B1-ihlal-mi-ediliyor\/a-55415917\">A\u011f\u0131r hastalar d\u0131\u015f\u0131ndaki hasta mahpuslar\u0131n hastaneye sevkinin yap\u0131lmad\u0131\u011f\u0131 i\u00e7in tedavilerinin aksad\u0131\u011f\u0131<\/a>, tedavi imkan\u0131na kavu\u015fanlar\u0131n ise uzun s\u00fcre karantina h\u00fccrelerinde tecrit ko\u015fullar\u0131nda tutuldu\u011fu g\u00fcndeme geldi.<\/p>\n<div class=\"col3 right\">\n<div class=\"standaloneWrap\">\n<div class=\"imgTeaserL video\" data-media-id=\"55549129\">\n<div class=\"mediaItem\" data-media-id=\"55549129\">\n<div class=\"teaserContentWrap information\">\n<h2>Gergerlio\u011flu: Ya tabutla \u00e7\u0131k\u0131yorlar ya da \u00f6l\u00fcm d\u00f6\u015fe\u011finde<\/h2>\n<\/div>\n<\/div>\n<\/div>\n<\/div>\n<\/div>\n<p>14 Ekim&#8217;de KHK&#8217;l\u0131 eski polis memuru Mustafa Kabak\u00e7\u0131o\u011flu&#8217;nun G\u00fcm\u00fc\u015fhane Cezaevi&#8217;nde tek ki\u015filik bir h\u00fccrede\u00a0<a href=\"https:\/\/www.dw.com\/tr\/mustafa-kabak%C3%A7%C4%B1o%C4%9Flunun-%C3%B6l%C3%BCm%C3%BC-meclise-ta%C5%9F%C4%B1nd%C4%B1\/a-55292935\">plastik sandalye \u00fczerinde<\/a>\u00a0hayat\u0131n\u0131 kaybetti\u011finin ortaya \u00e7\u0131kmas\u0131, cezaevinde ihmal iddialar\u0131n\u0131 kuvvetlendirdi.<\/p>\n<p>HDP Milletvekili \u00d6mer Faruk Gergerlio\u011flu&#8217;nun g\u00fcndeme getirdi\u011fi \u00e7\u0131plak arama vakalar\u0131 tart\u0131\u015fmalara ve tepkilere neden oldu.\u00a0\u0130\u00e7i\u015fleri Bakan\u0131 S\u00fcleyman Soylu, \u00e7\u0131plak arama konusunu meclis g\u00fcndemine ta\u015f\u0131yan TBMM \u0130nsan Haklar\u0131 \u0130nceleme Komisyonu \u00dcyesi\u00a0<a href=\"https:\/\/www.dw.com\/tr\/soylu-gergerlio%C4%9Flu-fet%C3%B6c%C3%BC-ter%C3%B6rist\/a-56051392\">Gergerlio\u011flu i\u00e7in &#8220;FET\u00d6&#8217;c\u00fc ter\u00f6rist&#8221; ifadesini kulland\u0131<\/a>.\u00a0U\u015fak Emniyeti&#8217;nde g\u00f6revli polis memurlar\u0131 da dile getirdi\u011fi iddialar\u00a0nedeniyle, HDP&#8217;li milletvekili hakk\u0131nda su\u00e7 duyurusunda bulundu.<\/p>\n<div class=\"picBox full\">\n<div id=\"twtr-1339248305486913546\" class=\"group embeddedTweet\">\n<div class=\"twitter-tweet twitter-tweet-rendered\"><iframe id=\"twitter-widget-0\" class=\"\" title=\"Twitter Tweet\" src=\"https:\/\/platform.twitter.com\/embed\/index.html?dnt=false&amp;embedId=twitter-widget-0&amp;frame=false&amp;hideCard=false&amp;hideThread=false&amp;id=1339248305486913546&amp;lang=en&amp;origin=https%3A%2F%2Fwww.dw.com%2Ftr%2Ft%25C3%25BCrkiyenin-2020-hak-ihlalleri-karnesi%2Fa-56060963&amp;siteScreenName=dw_turkce&amp;theme=light&amp;widgetsVersion=ed20a2b%3A1601588405575&amp;width=550px\" frameborder=\"0\" scrolling=\"no\" allowfullscreen=\"allowfullscreen\" data-tweet-id=\"1339248305486913546\" data-mce-fragment=\"1\"><\/iframe><\/div>\n<\/div>\n<\/div>\n<p>\u0130nfaz indirimi d\u00fczenlemesiyle birlikte\u00a0<a href=\"https:\/\/www.dw.com\/tr\/tahliyeler-%C5%9Fiddet-ma%C4%9Fduru-kad%C4%B1nlara-bildirilmiyor\/a-53226031\">\u015fiddet failleri bir bir cezaevlerinden \u00e7\u0131karken bu durumun \u015fiddet ma\u011fduru kad\u0131nlara bildirilmedi\u011fi<\/a>\u00a0ortaya \u00e7\u0131kt\u0131. Kad\u0131n \u00f6rg\u00fctlerinin etkin uygulanmas\u0131 talebinde bulunduklar\u0131 6284 say\u0131l\u0131 kanun ise Hakimler Savc\u0131lar Genel Kurulu taraf\u0131ndan 30 Mart&#8217;ta &#8220;6284 Say\u0131l\u0131 Kanun kapsam\u0131nda verilen tedbir kararlar\u0131n\u0131n y\u00fck\u00fcml\u00fclerin korona vir\u00fcs kapsam\u0131nda sa\u011fl\u0131\u011f\u0131n\u0131 tehdit etmeyecek \u015fekilde de\u011ferlendirilmesi gerekti\u011fi\u2026&#8221;\u00a0karar\u0131 ile ask\u0131ya al\u0131nd\u0131. Bu karar, mahkemelerin evden uzakla\u015ft\u0131rma tedbirini uygulamamas\u0131na veya tedbirlerin ihlali durumunda zorlama hapsi verilmemesine, b\u00f6ylece tedbirlerin etkinli\u011finin azalt\u0131lmas\u0131na neden oldu.<\/p>\n<h2>Cezas\u0131zl\u0131k politikas\u0131<\/h2>\n<p>Su\u00e7 i\u015fleyen kamu g\u00f6revlilerine cezas\u0131zl\u0131k politikas\u0131 da devam etti.<\/p>\n<p>Diyarbak\u0131r Barosu Ba\u015fkan\u0131 Tahir El\u00e7i&#8217;nin \u00f6ld\u00fcr\u00fclmesinin \u00fczerinden be\u015f y\u0131l ge\u00e7mesine ra\u011fmen karanl\u0131kta kalan\u00a0<a href=\"https:\/\/www.dw.com\/tr\/tahir-el%C3%A7i-cinayetinde-cevaps%C4%B1z-sorular\/a-55757360\">pek \u00e7ok nokta h\u00e2l\u00e2\u00a0ayd\u0131nlat\u0131lamad\u0131<\/a>. Y\u0131llarca \u015f\u00fcphelisi olmayan soru\u015fturma dosyas\u0131, Diyarbak\u0131r Barosu&#8217;nun \u0130ngiltere&#8217;de haz\u0131rlatt\u0131\u011f\u0131 rapor ile raftan indirildi.\u00a010. A\u011f\u0131r Ceza Mahkemesi 3 Nisan 2020&#8217;de\u00a0<a href=\"https:\/\/www.dw.com\/tr\/tahir-el%C3%A7i-cinayetinin-iddianamesi-tamamland%C4%B1\/a-52923176\">iddianameyi kabul etti<\/a>. Raporda silah kulland\u0131\u011f\u0131 tespit edilen \u00fc\u00e7 polis ve El\u00e7i&#8217;nin bulundu\u011fu soka\u011fa giren bir PKK&#8217;l\u0131 hakk\u0131nda El\u00e7i cinayeti nedeniyle a\u00e7\u0131lan davan\u0131n ilk duru\u015fmas\u0131 21 Ekim&#8217;de yap\u0131ld\u0131. Duru\u015fma salonuna \u00e7evik kuvvet ekipleri girerken\u00a0<a href=\"https:\/\/www.dw.com\/tr\/tahir-el%C3%A7i-davas%C4%B1nda-reddi-hakim-talebi\/a-55349249\">El\u00e7i&#8217;nin avukatlar\u0131 reddi hakim talebinde bulundu<\/a>. Mahkeme bunun \u00fczerine duru\u015fmay\u0131 3 Mart 2021&#8217;e erteledi.<\/p>\n<div class=\"col3 right\">\n<div class=\"standaloneWrap\">\n<div class=\"imgTeaserL video\" data-media-id=\"55340181\">\n<div class=\"mediaItem\" data-media-id=\"55340181\">\n<div class=\"teaserContentWrap information\">\n<h2>Tahir El\u00e7i davas\u0131 ba\u015fl\u0131yor: San\u0131klar ifadelerini SEGB\u0130S ile verecek<\/h2>\n<\/div>\n<\/div>\n<\/div>\n<\/div>\n<\/div>\n<p>27 Nisan&#8217;da 18 ya\u015f\u0131ndaki\u00a0<a href=\"https:\/\/www.dw.com\/tr\/suriyeli-genci-kalbinden-vuran-polis-memuru-hakim-kar%C5%9F%C4%B1s%C4%B1nda\/a-54118233\">Suriyeli tekstil i\u015f\u00e7isi\u00a0Ali El Hemdan<\/a>, Adana&#8217;da polis taraf\u0131ndan &#8220;dur&#8221; ihtar\u0131na uymad\u0131\u011f\u0131 \u00f6ne s\u00fcr\u00fclerek g\u00f6\u011fs\u00fcnden vuruldu. Hemdan&#8217;\u0131 \u00f6ld\u00fcren polis memuru F.K. hakk\u0131nda dava a\u00e7\u0131ld\u0131. 13 Kas\u0131m&#8217;da Adana 9&#8217;uncu A\u011f\u0131r Ceza Mahkemesi&#8217;nde g\u00f6r\u00fclen davan\u0131n ikinci duru\u015fmas\u0131nda Hemdan&#8217;\u0131n ailesi avukats\u0131z kald\u0131, duru\u015fmaya aileden de kat\u0131lan olmad\u0131. Hemdan&#8217;\u0131n ailesinin bask\u0131 alt\u0131na al\u0131nd\u0131\u011f\u0131 iddia edilirken duru\u015fma, 18 \u015eubat 2021&#8217;e ertelendi.<\/p>\n<p>Gezi Direni\u015fi s\u0131ras\u0131nda \u0130stanbul Okmeydan\u0131&#8217;nda polisin att\u0131\u011f\u0131 gaz fi\u015fe\u011fi nedeniyle hayat\u0131n\u0131 kaybeden\u00a0<a href=\"https:\/\/www.dw.com\/tr\/aihm-berkin-elvan-dosyas%C4%B1n%C4%B1-a%C3%A7t%C4%B1\/a-53902512\">Berkin Elvan davas\u0131nda<\/a>\u00a0karar bu y\u0131l da \u00e7\u0131kmad\u0131. Davan\u0131n 16., 17. ve 18. duru\u015fmalar\u0131 2020 y\u0131l\u0131 i\u00e7erisinde ger\u00e7ekle\u015fti. 9 Aral\u0131k&#8217;ta g\u00f6r\u00fclmesi gereken son duru\u015fma, savc\u0131n\u0131n yeni tip koronavir\u00fcse yakalanmas\u0131 nedeniyle 29 Ocak 2021&#8217;e ertelendi.<\/p>\n<div class=\"picBox full\">\n<div id=\"twtr-1328384249578315782\" class=\"group embeddedTweet\">\n<div class=\"twitter-tweet twitter-tweet-rendered\"><iframe id=\"twitter-widget-1\" class=\"\" title=\"Twitter Tweet\" src=\"https:\/\/platform.twitter.com\/embed\/index.html?dnt=false&amp;embedId=twitter-widget-1&amp;frame=false&amp;hideCard=false&amp;hideThread=false&amp;id=1328384249578315782&amp;lang=en&amp;origin=https%3A%2F%2Fwww.dw.com%2Ftr%2Ft%25C3%25BCrkiyenin-2020-hak-ihlalleri-karnesi%2Fa-56060963&amp;siteScreenName=dw_turkce&amp;theme=light&amp;widgetsVersion=ed20a2b%3A1601588405575&amp;width=550px\" frameborder=\"0\" scrolling=\"no\" allowfullscreen=\"allowfullscreen\" data-tweet-id=\"1328384249578315782\" data-mce-fragment=\"1\"><\/iframe><\/div>\n<\/div>\n<\/div>\n<p>15 Ekim&#8217;de\u00a0\u0130stinaf Mahkemesi, 2006 y\u0131l\u0131nda Diyarbak\u0131r&#8217;da \u00e7\u0131kan toplumsal olaylarda, polisin s\u0131kt\u0131\u011f\u0131 gaz fi\u015fe\u011finin kafalar\u0131na isabet etmesi sonucu ya\u015fam\u0131n\u0131 yitiren\u00a0<a href=\"https:\/\/www.dw.com\/tr\/su%C3%A7-i%C5%9Fleyen-kamu-g%C3%B6revlilerine-cezas%C4%B1zl%C4%B1k-m%C4%B1-uygulan%C4%B1yor\/a-55521429\">8 ya\u015f\u0131ndaki Enes Ata ve 17 ya\u015f\u0131ndaki Mahsum M\u0131zrak&#8217;\u0131n dosyas\u0131nda<\/a>\u00a0san\u0131k polisler hakk\u0131nda verilen beraat karar\u0131n\u0131 onad\u0131.<\/p>\n<p>17 Kas\u0131m&#8217;da Diyarbak\u0131r&#8217;da 2017&#8217;deki\u00a0<a href=\"https:\/\/www.dw.com\/tr\/i%C5%9Fte-o-foto%C4%9Fraf%C4%B1n-%C3%B6yk%C3%BCs%C3%BC\/a-55654773\">Nevruz kutlamas\u0131na giderken<\/a>\u00a0polis kur\u015funuyla \u00f6ld\u00fcr\u00fclen\u00a0<a href=\"https:\/\/www.dw.com\/tr\/kemal-kurkut-davas%C4%B1n%C4%B1n-san%C4%B1%C4%9F%C4%B1-polis-memuruna-beraat\/a-55626829\">Kemal Kurkut<\/a> davas\u0131nda polis memuru Y.\u015e. beraat etti.<\/p>\n<div class=\"longText\">\n<div class=\"gallery col3\">\n<div class=\"imgTeaserL slideshow noDim\" data-id=\"37183882\" data-title=\"Hrant Dink davas\u0131nda neler ya\u015fand\u0131?\" data-date=\"20200118\" data-firstcategory=\"19990022\"><\/div>\n<\/div>\n<\/div>\n<p><a href=\"https:\/\/www.dw.com\/tr\/13-y%C4%B1ll%C4%B1k-dink-davas%C4%B1-son-a%C5%9Famada-ger%C3%A7ek-failler-h%C3%A2l%C3%A2-kay%C4%B1p\/a-52047198\">Agos Gazetesi Genel Yay\u0131n Y\u00f6netmeni Hrant Dink&#8217;in<\/a>\u00a0\u00f6ld\u00fcr\u00fclmesinde sorumlulu\u011fu bulundu\u011fu iddias\u0131yla kamu g\u00f6revlilerinin yarg\u0131land\u0131\u011f\u0131 dava ise yakla\u015f\u0131k 14 y\u0131ld\u0131r s\u00fcr\u00fcyor. Dink cinayetine ili\u015fkin ilk iddianame\u00a0cinayetten d\u00f6rt ay sonra, 20 Nisan 2007&#8217;de d\u00fczenlenmi\u015fti.<\/p>\n<h2>Siyasi davalar<\/h2>\n<p>18 Ekim 2017&#8217;de g\u00f6zalt\u0131na al\u0131nan i\u015f insan\u0131 ve aktivist Osman Kavala, herhangi bir su\u00e7tan h\u00fck\u00fcm giymeden\u00a0<a href=\"https:\/\/www.dw.com\/tr\/kavala-1000-g%C3%BCnd%C3%BCr-cezaevinde-s%C3%BCre%C3%A7-i%C5%9Fkence-kelimesiyle-tarif-edilebilir\/a-54326517\">bir y\u0131l\u0131 daha cezaevinde ge\u00e7irdi<\/a>. Kavala hakk\u0131nda y\u0131l i\u00e7inde bir kez beraat, bir kez tahliye karar\u0131 verildi.\u00a0<a href=\"https:\/\/www.dw.com\/tr\/aihmnin-kavala-karar%C4%B1-i%C3%A7in-denetim-s%C3%BCreci-ba%C5%9Flad%C4%B1\/a-54813219\">Ancak tutuklulu\u011fu devam etti<\/a>.<\/p>\n<div class=\"col3 right\">\n<div class=\"standaloneWrap\">\n<div class=\"imgTeaserL video\" data-media-id=\"55222573\">\n<div class=\"mediaItem\" data-media-id=\"55222573\">\n<div class=\"teaserContentWrap information\">\n<h2>Kavala hakk\u0131ndaki ikinci iddianameye tepkiler b\u00fcy\u00fcyor<\/h2>\n<\/div>\n<\/div>\n<\/div>\n<\/div>\n<\/div>\n<p>Gezi davas\u0131n\u0131n 18 \u015eubat&#8217;ta g\u00f6r\u00fclen\u00a0<a href=\"https:\/\/www.dw.com\/tr\/gezi-davas%C4%B1nda-beraat-ve-tahliye-%C5%9Fa%C5%9Fk%C4%B1n-ve-mutluyuz\/a-52420528\">karar duru\u015fmas\u0131nda beraat eden Kavala<\/a>, tahliye i\u015flemleri sona ermeden 15 Temmuz soru\u015fturmas\u0131 kapsam\u0131nda\u00a0<a href=\"https:\/\/www.dw.com\/tr\/kavala-hakk%C4%B1nda-g%C3%B6zalt%C4%B1-karar%C4%B1-%C3%A7%C4%B1kar%C4%B1ld%C4%B1\/a-52424122\">yeniden tutukland\u0131<\/a>. 20 Mart&#8217;ta ise Kavala hakk\u0131nda 15 Temmuz soru\u015fturmas\u0131 kapsam\u0131ndaki &#8220;darbe&#8221;\u00a0su\u00e7lamas\u0131ndan tahliye karar\u0131 verildi. Ancak Kavala bu karardan yakla\u015f\u0131k 10 g\u00fcn kadar \u00f6nce\u00a0<a href=\"https:\/\/www.dw.com\/tr\/osman-kavala-hakk%C4%B1nda-bir-tutuklama-karar%C4%B1-daha\/a-52698286\">&#8220;casusluk&#8221;\u00a0su\u00e7undan<\/a>\u00a0tutukland\u0131\u011f\u0131 i\u00e7in tahliye edilmedi. May\u0131s 2020&#8217;de\u00a0<a href=\"https:\/\/www.dw.com\/tr\/aihmden-osman-kavala-ile-ilgili-kritik-karar\/a-53417256\">Avrupa \u0130nsan Haklar\u0131 Mahkemesi&#8217;nin<\/a>\u00a0Kavala&#8217;n\u0131n tutuklulu\u011fun hak ihl\u00e2li oldu\u011fu ve derhal sal\u0131verilmesine ili\u015fkin karar\u0131 kesinle\u015fti. Karar uygulanmazken Kavala hakk\u0131nda\u00a0<a href=\"https:\/\/www.dw.com\/tr\/osman-kavala-i%C3%A7in-a%C4%9F%C4%B1rla%C5%9Ft%C4%B1r%C4%B1lm%C4%B1%C5%9F-m%C3%BCebbet-ve-20-y%C4%B1la-kadar-hapis-cezas%C4%B1-istendi\/a-55208515\">yeni dava a\u00e7\u0131ld\u0131<\/a>. &#8216;Siyasi ve askeri casusluk&#8217;\u00a0ve &#8216;anayasal d\u00fczeni ortadan kald\u0131rmak&#8217;\u00a0su\u00e7lamalar\u0131yla a\u00e7\u0131lan yeni davan\u0131n ilk duru\u015fmas\u0131 18 Aral\u0131k&#8217;ta yap\u0131ld\u0131. Mahkeme, Kavala&#8217;n\u0131n savunmas\u0131n\u0131n ve tan\u0131klar\u0131n dinlenmesinin ard\u0131ndan\u00a0<a href=\"https:\/\/www.dw.com\/tr\/osman-kavalan%C4%B1n-tutuklulu%C4%9Funa-devam-karar%C4%B1\/a-55987059\">tutuklulu\u011funun devam\u0131na karar verdi<\/a>. Dava, 5 \u015eubat 2021 tarihine ertelendi.<\/p>\n<div class=\"col3 right\">\n<div class=\"standaloneWrap\">\n<div class=\"imgTeaserL video\" data-media-id=\"53417892\">\n<div class=\"mediaItem\" data-media-id=\"53417892\">\n<div class=\"teaserImg\" title=\"\">\n<div id=\"videoContainer-534178923\" class=\"jwplayer jw-reset jw-state-idle jw-stretch-uniform jw-flag-aspect-mode jw-skin-dwskin hola_preview_over_player jw-flag-user-inactive jw-breakpoint-4\" tabindex=\"0\" role=\"application\" aria-label=\"Video oynat\u0131c\u0131\">\n<div class=\"jw-aspect jw-reset\"><\/div>\n<div class=\"jw-preview jw-reset\"><span style=\"color: #333333; font-family: 'Cantata One', serif; letter-spacing: 0.05em;\">Ba\u015fak Demirta\u015f DW T\u00fcrk\u00e7e&#8217;ye konu\u015ftu<\/span><\/div>\n<\/div>\n<\/div>\n<\/div>\n<\/div>\n<\/div>\n<\/div>\n<p><a href=\"https:\/\/www.dw.com\/tr\/demirta%C5%9F-erdo%C4%9Fan%C4%B1n-tek-%C3%A7%C4%B1k%C4%B1%C5%9F-yolu-erken-se%C3%A7im\/a-55841919\">D\u00f6rt y\u0131l\u0131 a\u015fk\u0131n s\u00fcredir cezaevinde bulunan<\/a>\u00a0HDP&#8217;nin eski E\u015f Genel Ba\u015fkan\u0131 Selahattin Demirta\u015f da A\u0130HM&#8217;in 20 Kas\u0131m 2018&#8217;de a\u00e7\u0131klad\u0131\u011f\u0131 ihlal karar\u0131na ra\u011fmen halen Edirne Cezaevi&#8217;nde tutuklu bulunuyor. Demirta\u015f hakk\u0131nda 24 Eyl\u00fcl&#8217;de Ankara Cumhuriyet Ba\u015fsavc\u0131s\u0131 Y\u00fcksel Kocaman&#8217;\u0131 &#8220;ter\u00f6r \u00f6rg\u00fct\u00fcne&#8221; hedef g\u00f6stermek su\u00e7lamas\u0131yla\u00a0<a href=\"https:\/\/www.dw.com\/tr\/selahattin-demirta%C5%9F-hakk%C4%B1nda-yeni-dava\/a-55035492\">yeni bir dava a\u00e7\u0131ld\u0131<\/a>. 22 Aral\u0131k&#8217;ta ise\u00a0<a href=\"https:\/\/www.dw.com\/tr\/aihm-demirta%C5%9F-karar%C4%B1n%C4%B1-sertle%C5%9Ftirdi\/a-56032175\">A\u0130HM Selahattin Demirta\u015f&#8217;\u0131n derhal serbest b\u0131rak\u0131lmas\u0131 y\u00f6n\u00fcnde<\/a>\u00a0nihai karar ald\u0131. Demirta\u015f&#8217;\u0131n\u00a0<a href=\"https:\/\/www.dw.com\/tr\/aihm-karar%C4%B1-sonras%C4%B1-t%C3%BCrkiyeyi-ne-bekliyor\/a-56047800\">tutukluluk halinin<\/a>\u00a0devam\u0131n\u0131n &#8220;hukuki de\u011fil, gizli\u00a0<a href=\"https:\/\/www.dw.com\/tr\/aihm-demirta%C5%9F-siyasi-tutuklu-dedi-erdo%C4%9Fan-ve-soylu-do%C4%9Frulad%C4%B1\/a-56054003\">siyasi ama\u00e7lardan kaynakland\u0131\u011f\u0131<\/a>&#8221; yeniden vurguland\u0131.<\/p>\n<h2>\u00d6l\u00fcm oru\u00e7lar\u0131<\/h2>\n<p>Somut delile dayanmadan yap\u0131lan tutuklamalar\u0131n tart\u0131\u015f\u0131ld\u0131\u011f\u0131 T\u00fcrkiye, 2020 y\u0131l\u0131nda adil yarg\u0131lanma talebiyle \u00f6l\u00fcm oru\u00e7lar\u0131na sahne oldu. M\u00fcebbet hapis cezas\u0131 alan ancak hakk\u0131ndaki su\u00e7lamalar\u0131 kabul etmeyerek\u00a0<a href=\"https:\/\/www.dw.com\/tr\/adaletin-k%C3%B6r-noktas%C4%B1-delil-yoksa-gizli-tan%C4%B1k-var\/a-52783892\">adil yarg\u0131lanma talep eden Mustafa Ko\u00e7ak<\/a>, \u00f6l\u00fcm orucunun\u00a0<a href=\"https:\/\/www.dw.com\/tr\/%C3%B6l%C3%BCm-orucundaki-mustafa-ko%C3%A7ak-ya%C5%9Fam%C4%B1n%C4%B1-yitirdi\/a-53230811\">297&#8217;inci g\u00fcn\u00fc<\/a>\u00a0olan 24 Nisan&#8217;da ya\u015fam\u0131n\u0131 yitirdi.<\/p>\n<p>Grup Yorum \u00fcyesi\u00a0<a href=\"https:\/\/www.dw.com\/tr\/%C3%B6l%C3%BCm-orucundaki-grup-yorum-%C3%BCyesi-hayat%C4%B1n%C4%B1-kaybetti\/a-53003746\">Helin B\u00f6lek<\/a>\u00a0\u00f6l\u00fcm orucu eyleminin 288&#8217;inci g\u00fcn\u00fc olan 3 Nisan&#8217;da, grubun gitaristi\u00a0<a href=\"https:\/\/www.dw.com\/tr\/ibrahim-g%C3%B6k%C3%A7ek-hayat%C4%B1n%C4%B1-kaybetti\/a-53360754\">\u0130brahim\u00a0G\u00f6k\u00e7ek<\/a>, 323 g\u00fcn s\u00fcren \u00f6l\u00fcm orucunun ard\u0131ndan\u00a0<a href=\"https:\/\/www.dw.com\/tr\/g%C3%B6k%C3%A7ekin-naa%C5%9F%C4%B1n%C4%B1n-bulundu%C4%9Fu-cemevine-polis-m%C3%BCdahalesi\/a-53372353\">7 May\u0131s&#8217;ta hayat\u0131n\u0131 kaybetti<\/a>.\u00a0B\u00f6lek ve G\u00f6k\u00e7ek&#8217;in temel talepleri,\u00a0<a href=\"https:\/\/www.dw.com\/tr\/%C3%B6l%C3%BCm-oru%C3%A7lar%C4%B1nda-devletin-ya%C5%9Fatma-sorumlulu%C4%9Fu\/a-54745490\">konser yasaklar\u0131n\u0131n sonland\u0131r\u0131lmas\u0131 ve tutuklu Grup Yorum \u00fcyelerinin serbest b\u0131rak\u0131lmas\u0131yd\u0131<\/a>.<\/p>\n<div class=\"col3 right\">\n<div class=\"standaloneWrap\">\n<div class=\"imgTeaserL video\" data-media-id=\"54733384\">\n<div class=\"mediaItem\" data-media-id=\"54733384\">\n<div class=\"teaserContentWrap information\">\n<h2>\u00d6l\u00fcm orucu: &#8220;12 Eyl\u00fcl sonras\u0131 bile diyalog kap\u0131s\u0131 vard\u0131&#8221;<\/h2>\n<\/div>\n<\/div>\n<\/div>\n<\/div>\n<\/div>\n<p>Gizli tan\u0131k beyan\u0131na dayand\u0131r\u0131lan iddianameyle &#8220;DHKP-C silahl\u0131 ter\u00f6r \u00f6rg\u00fct\u00fcne \u00fcye&#8221; oldu\u011fu iddias\u0131yla tutuklanan avukat\u00a0<a href=\"https:\/\/www.dw.com\/tr\/%C3%B6l%C3%BCm-orucundaki-avukat-ebru-timtik-hayat%C4%B1n%C4%B1-kaybetti\/a-54722000\">Ebru Timtik<\/a>\u00a0ise adil yarg\u0131lanma talebiyle ba\u015flatt\u0131\u011f\u0131 \u00f6l\u00fcm orucunun 238&#8217;inci g\u00fcn\u00fc olan 27 A\u011fustos&#8217;ta hayat\u0131n\u0131 kaybetti.\u00a0<a href=\"https:\/\/www.dw.com\/tr\/yorum-utan%C3%A7-insanl%C4%B1%C4%9F%C4%B1-kurtaracak-duygu\/a-54753938\">Timtik gibi adil yarg\u0131lanma talebiyle<\/a>\u00a0214 g\u00fcnd\u00fcr \u00f6l\u00fcm orucunda olan avukat\u00a0<a href=\"https:\/\/www.dw.com\/tr\/%C3%BCnsal-tutuldu%C4%9Fu-hastaneden-ayr%C4%B1ld%C4%B1\/a-54808516\">Ayta\u00e7 \u00dcnsal<\/a>, Yarg\u0131tay 16. Ceza Dairesi karar\u0131 ile Eyl\u00fcl ay\u0131nda tahliye edildi. \u00dcnsal, Aral\u0131k ay\u0131nda ise Edirne&#8217;de yurtd\u0131\u015f\u0131na ka\u00e7ma \u015f\u00fcphesiyle g\u00f6zalt\u0131na al\u0131nd\u0131.<\/p>\n<p>15 Eyl\u00fcl&#8217;de Ayta\u00e7 \u00dcnsal ile birlikte \u00c7HD&#8217;li 14 avukata &#8220;\u00f6rg\u00fct y\u00f6neticilig\u0306i&#8221;, &#8220;\u00f6rg\u00fct \u00fcyelig\u0306i&#8221;\u00a0ve &#8220;\u00f6rg\u00fcte bilerek yard\u0131m&#8221;\u00a0gibi isnatlar ile verilen uzun s\u00fcreli hapis cezalar\u0131 Yarg\u0131tay taraf\u0131ndan onand\u0131.<\/p>\n<h2>Tutuklamalar ve soru\u015fturmalar<\/h2>\n<p>I\u0307stanbul Kad\u0131k\u00f6y&#8217;de Aral\u0131k 2019&#8217;da yap\u0131lan Las Tesis eylemine, performe edilen s\u0327ark\u0131 s\u00f6zlerinin su\u00e7 tes\u0327kil etmesi gerek\u00e7e g\u00f6sterilerek kolluk kuvvetleri taraf\u0131ndan m\u00fcdahale edildi. G\u00f6zalt\u0131na al\u0131nan eylemciler hakk\u0131nda S\u0327ubat 2020&#8217;de dava a\u00e7\u0131ld\u0131. Temmuz-Ag\u0306ustos 2020 aras\u0131nda d\u00fczenlenen d\u00f6rt ayr\u0131\u00a0<a href=\"https:\/\/www.dw.com\/tr\/istanbul-s%C3%B6zle%C5%9Fmesi-uygulansayd%C4%B1-bir%C3%A7ok-karde%C5%9Fimiz-hayatta-olacakt%C4%B1\/a-54422211\">I\u0307stanbul S\u00f6zles\u0327mesi<\/a>\u00a0eyleminde\u00a0<a href=\"https:\/\/www.dw.com\/tr\/kad%C4%B1nlar-hayatlar%C4%B1ndan-vazge%C3%A7meyecek\/a-54503330\">onlarca kis\u0327i<\/a> g\u00f6zalt\u0131na al\u0131nd\u0131.<\/p>\n<div class=\"col3 right\">\n<div class=\"standaloneWrap\">\n<div class=\"imgTeaserL video\" data-media-id=\"54270144\">\n<div class=\"mediaItem\" data-media-id=\"54270144\">\n<div class=\"teaserContentWrap information\">\n<h2>Kad\u0131na \u015fiddete kar\u015f\u0131 eylem yapanlara polis \u015fiddeti<\/h2>\n<\/div>\n<\/div>\n<\/div>\n<\/div>\n<\/div>\n<p>Temmuz 2020&#8217;de Avukatl\u0131k Kanunu&#8217;nda deg\u0306is\u0327iklik yap\u0131larak\u00a0<a href=\"https:\/\/www.dw.com\/tr\/%C3%A7oklu-baro-d%C3%BCzenlemesi-tbmmde-kabul-edildi\/a-54136119\">&#8216;\u00e7oklu baro&#8217;\u00a0sistemi<\/a>\u00a0getirildi ve\u00a0<a href=\"https:\/\/www.dw.com\/tr\/%C3%A7oklu-baro-vatanda%C5%9Flar%C4%B1-nas%C4%B1l-etkileyecek\/a-54069209\">illerde birden fazla baro<\/a>\u00a0kurulmas\u0131n\u0131n \u00f6n\u00fc a\u00e7\u0131ld\u0131. B\u00fcy\u00fck barolar\u0131n T\u00fcrkiye Barolar Birlig\u0306i&#8217;ndeki temsiliyeti d\u00fcs\u0327\u00fcr\u00fcl\u00fcrken insan haklar\u0131 ihlallerine kars\u0327\u0131 sesleri gittik\u00e7e g\u00fcr \u00e7\u0131kan barolar\u0131n faaliyetlerinin zay\u0131flat\u0131lmas\u0131 i\u00e7in ad\u0131m at\u0131lm\u0131s\u0327 oldu. \u00c7oklu baro\u00a0<a href=\"https:\/\/www.dw.com\/tr\/baro-ba%C5%9Fkanlar%C4%B1na-polis-m%C3%BCdahalesi\/a-54044052\">protestolar\u0131na kat\u0131lan avukatlara<\/a>\u00a0ise soru\u015fturma a\u00e7\u0131ld\u0131.<\/p>\n<p>3 Temmuz&#8217;da kamuoyunda &#8216;B\u00fcy\u00fckada Davas\u0131&#8217; olarak bilinen 11 insan haklar\u0131 savunucusunun haklar\u0131nda\u00a0<a href=\"https:\/\/www.dw.com\/tr\/alman-h%C3%BCk%C3%BCmetinden-b%C3%BCy%C3%BCkada-davas%C4%B1-a%C3%A7%C4%B1klamas%C4%B1\/a-54067521\">somut hi\u00e7bir delil olmaks\u0131z\u0131n yarg\u0131land\u0131\u011f\u0131<\/a>\u00a0davada karar a\u00e7\u0131kland\u0131.\u00a0<a href=\"https:\/\/www.dw.com\/tr\/k%C4%B1l%C4%B1%C3%A7-hakl%C4%B1-ve-do%C4%9Fru-bir-yerde-durdu%C4%9Fumuzu-tarih-g%C3%B6sterecek\/a-54041782\">Uluslararas\u0131 Af \u00d6rg\u00fct\u00fc T\u00fcrkiye \u015eubesi Onursal Ba\u015fkan\u0131 Taner K\u0131l\u0131\u00e7&#8217;a<\/a>\u00a0&#8216;silahl\u0131 ter\u00f6r \u00f6rg\u00fct\u00fc \u00fcyeli\u011fi&#8217; su\u00e7lamas\u0131ndan 6 y\u0131l 3 ay, G\u00fcnal Ku\u015fun, \u0130dil Eser, \u00d6zlem Dalk\u0131ran&#8217;a &#8216;\u00f6rg\u00fcte yard\u0131m&#8217; su\u00e7lamalar\u0131ndan 1 y\u0131l 13 ay hapis cezas\u0131 verildi.<\/p>\n<div class=\"picBox full\">\n<div id=\"twtr-1329840324584337418\" class=\"group embeddedTweet\">\n<div class=\"twitter-tweet twitter-tweet-rendered\"><iframe id=\"twitter-widget-2\" class=\"\" title=\"Twitter Tweet\" src=\"https:\/\/platform.twitter.com\/embed\/index.html?dnt=false&amp;embedId=twitter-widget-2&amp;frame=false&amp;hideCard=false&amp;hideThread=false&amp;id=1329840324584337418&amp;lang=en&amp;origin=https%3A%2F%2Fwww.dw.com%2Ftr%2Ft%25C3%25BCrkiyenin-2020-hak-ihlalleri-karnesi%2Fa-56060963&amp;siteScreenName=dw_turkce&amp;theme=light&amp;widgetsVersion=ed20a2b%3A1601588405575&amp;width=550px\" frameborder=\"0\" scrolling=\"no\" allowfullscreen=\"allowfullscreen\" data-tweet-id=\"1329840324584337418\" data-mce-fragment=\"1\"><\/iframe><\/div>\n<\/div>\n<\/div>\n<p>20 Kas\u0131m&#8217;da Diyarbak\u0131r merkezli ger\u00e7ekles\u0327tirilen operasyonda aralar\u0131nda\u00a0<a href=\"https:\/\/www.dw.com\/tr\/74-ki%C5%9Finin-g%C3%B6zalt%C4%B1na-al%C4%B1nd%C4%B1%C4%9F%C4%B1-dtk-operasyonuna-tepki\/a-55676926\">onlarca avukat, sivil toplum temsilcisi ve siyaset\u00e7inin bulundug\u0306u 72 kis\u0327i<\/a>\u00a0g\u00f6zalt\u0131na al\u0131nd\u0131. Sonras\u0131nda tutuklanan d\u00f6rt kis\u0327i aras\u0131nda T\u00fcrk Tabipleri Birli\u011fi (TTB) Y\u00fcksek Onur Kurulu \u00fcyesi ve \u00f6nceki d\u00f6nem Merkez Konseyi \u00fcyesi Dr. S\u0327eyhmus G\u00f6kalp de yer ald\u0131.<\/p>\n<h2>Gazetecilere y\u00f6nelik bask\u0131lar<\/h2>\n<p>Mart ay\u0131nda Libya&#8217;da ya\u015fam\u0131n\u0131 yitiren M\u0130T mensuplar\u0131na ili\u015fkin yap\u0131lan haberler nedeniyle\u00a0<a href=\"https:\/\/www.dw.com\/tr\/pehlivan-bu-davada-herkesin-beraat-etti%C4%9Fini-t%C3%BCrkiye-g%C3%B6recek\/a-54901297\">Odatv Genel Yay\u0131n y\u00f6netmeni Bar\u0131\u015f Pehlivan<\/a>, Odatv muhabiri H\u00fclya K\u0131l\u0131n\u00e7, Yeni\u00e7a\u011f yazar\u0131 Murat A\u011f\u0131rel, Odatv Haber M\u00fcd\u00fcr\u00fc Bar\u0131\u015f Terko\u011flu ve Yeni Ya\u015fam gazetesi y\u00f6neticileri Ferhat \u00c7elik ve Ayd\u0131n Keser hakk\u0131nda M\u0130T mensubunu if\u015fa gerek\u00e7esiyle dava a\u00e7\u0131ld\u0131 ve gazeteciler tutukland\u0131.\u00a0<a href=\"https:\/\/www.dw.com\/tr\/mit-davas%C4%B1nda-%C3%BC%C3%A7-gazeteciye-tahliye\/a-54872214\">Gazetecilerin tamam\u0131 9 Eyl\u00fcl&#8217;de g\u00f6r\u00fclen duru\u015fmada tahliye edildi<\/a>.<\/p>\n<p>Eyl\u00fcl ay\u0131nda Van&#8217;\u0131n \u00c7atak il\u00e7esinde Servet Turgut ve Osman \u015eiban isimli iki vatanda\u015f\u0131n operasyona \u00e7\u0131kan askerler taraf\u0131ndan g\u00f6zalt\u0131na al\u0131nd\u0131ktan sonra\u00a0<a href=\"https:\/\/www.dw.com\/tr\/vandaki-k%C3%B6yl%C3%BClerin-lin%C3%A7-edildi%C4%9Fi-iddias%C4%B1\/a-55470145\">helikopterden at\u0131ld\u0131\u011f\u0131 iddia<\/a>\u00a0edildi. 20 g\u00fcn yo\u011fun bak\u0131mda tedavi g\u00f6ren\u00a0<a href=\"https:\/\/www.dw.com\/tr\/helikopterden-at%C4%B1ld%C4%B1%C4%9F%C4%B1-iddia-edilen-servet-turgut-hayat%C4%B1n%C4%B1-kaybetti\/a-55101254\">Servet Turgut 30 Eyl\u00fcl&#8217;de hayat\u0131n\u0131 kaybetti<\/a>. \u0130ddialar\u0131 haberle\u015ftiren Mezopotamya Ajans\u0131\u00a0muhabirleri Adnan Bilen ve Cemil U\u011fur ile\u00a0<a href=\"https:\/\/www.dw.com\/tr\/kad%C4%B1n-gazetecilere-cezaevinde-k%C3%B6t%C3%BC-muamele-iddias%C4%B1\/a-55337243\">Jinnews muhabiri \u015eehriban Abi ve gazeteci Nazan Sala<\/a> 9 Ekim&#8217;de tutukland\u0131.<\/p>\n<div class=\"col3 right\">\n<div class=\"standaloneWrap\">\n<div class=\"imgTeaserL video\" data-media-id=\"55478457\">\n<div class=\"mediaItem\" data-media-id=\"55478457\">\n<div class=\"teaserContentWrap information\">\n<h2>&#8220;Helikopterden at\u0131lmad\u0131lar, lin\u00e7 edildiler&#8221;<\/h2>\n<\/div>\n<\/div>\n<\/div>\n<\/div>\n<\/div>\n<p>23 Aral\u0131k&#8217;ta,\u00a0<a href=\"https:\/\/www.dw.com\/tr\/d%C3%BCndar%C4%B1n-avukatlar%C4%B1ndan-mit-t%C4%B1rlar%C4%B1-protestosu\/a-56032116\">M\u0130T TIR&#8217;lar\u0131n\u0131n durdurulmas\u0131na ili\u015fkin<\/a>\u00a0gizli kalmas\u0131 gereken bilgi ve foto\u011fraflara Cumhuriyet Gazetesi&#8217;nde Genel Yay\u0131n Y\u00f6netmeni oldu\u011fu d\u00f6nemde yer verdi\u011fi gerek\u00e7esiyle \u00e7arpt\u0131r\u0131ld\u0131\u011f\u0131 5 y\u0131l 10 ay hapis cezas\u0131 Yarg\u0131tay&#8217;ca bozulan\u00a0<a href=\"https:\/\/www.dw.com\/tr\/can-d%C3%BCndar%C4%B1n-iadesi-talebine-almanyadan-cevap\/a-56050652\">Can D\u00fcndar&#8217;\u0131n<\/a>\u00a0yarg\u0131land\u0131\u011f\u0131 davada karar \u00e7\u0131kt\u0131. Mahkeme, Can D\u00fcndar&#8217;\u0131\u00a0<a href=\"https:\/\/www.dw.com\/tr\/can-d%C3%BCndara-27-y%C4%B1l-6-ay-hapis\/a-56038681\">&#8220;gizli kalmas\u0131 gereken bilgileri casusluk maksad\u0131yla temin etmek&#8221; su\u00e7undan 18 y\u0131l 9 ay, &#8220;FET\u00d6&#8217;ye dahil olmamakla birlikte \u00f6rg\u00fcte yard\u0131m&#8221; su\u00e7lamas\u0131yla 8 y\u0131l 9 ay hapis cezas\u0131na<\/a>\u00a0\u00e7arpt\u0131rd\u0131.<\/p>\n<h2>&#8216;Hukuk ara\u00e7salla\u015ft\u0131r\u0131ld\u0131&#8217;<\/h2>\n<p>DW T\u00fcrk\u00e7e&#8217;ye konu\u015fan Uluslararas\u0131 Af \u00d6rg\u00fct\u00fc T\u00fcrkiye Direkt\u00f6r\u00fc Ece \u00dcnver,2020 y\u0131l\u0131 boyunca,hukukun muhalif sesleri ve ba\u011f\u0131ms\u0131z sivil toplumu bask\u0131lamak i\u00e7in ara\u00e7salla\u015ft\u0131r\u0131ld\u0131\u011f\u0131na i\u015faret ediyor.<\/p>\n<div class=\"picBox medium\n\"><a class=\"overlayLink init\" href=\"https:\/\/www.dw.com\/tr\/t%C3%BCrkiyenin-2020-hak-ihlalleri-karnesi\/a-56060963#\" rel=\"nofollow\"><img decoding=\"async\" title=\"Ece \u00dcnver\" src=\"https:\/\/static.dw.com\/image\/56049424_404.jpeg\" alt=\"Ece \u00dcnver\" \/><\/a>Ece \u00dcnver<\/p>\n<\/div>\n<p>Yerel mahkemelerin Anayasa Mahkemesi kararlar\u0131n\u0131 uygulamad\u0131\u011f\u0131n\u0131, A\u0130HM kararlar\u0131n\u0131n yerine getirilmesi y\u00fck\u00fcml\u00fcl\u00fc\u011f\u00fcn\u00fcn de hi\u00e7e say\u0131ld\u0131\u011f\u0131n\u0131 vurgulayan \u00dcnver, &#8220;Gazeteciler, siyaset\u00e7iler, aktivistler, insan haklar\u0131 savunucular\u0131 ya da sosyal medya kullan\u0131c\u0131lar\u0131 sadece Anayasa ve uluslararas\u0131 insan haklar\u0131 hukuku kapsam\u0131nda korunan haklar\u0131n\u0131 bar\u0131\u015f\u00e7\u0131l bi\u00e7imde kulland\u0131klar\u0131 i\u00e7in, son derece mu\u011flak ve geni\u015f \u00e7er\u00e7evede tan\u0131mlanm\u0131\u015f ter\u00f6rle m\u00fccadele yasalar\u0131 kapsam\u0131nda y\u00fcr\u00fct\u00fclen soru\u015fturmalara, keyfi g\u00f6zalt\u0131lara ve temelsiz yarg\u0131lamalara maruz kald\u0131lar&#8221;\u00a0diyor.<\/p>\n<p>\u00dcnver, h\u00fck\u00fcmetin &#8216;i\u015fkenceye s\u0131f\u0131r tolerans&#8217;\u00a0a\u00e7\u0131klamalar\u0131na ra\u011fmen, i\u015fkence ve di\u011fer t\u00fcrde k\u00f6t\u00fc muameleye ili\u015fkin g\u00fcvenilir rapor ve \u015fikayetlerin y\u0131l boyunca artarak devam etti\u011fini, bu \u015fikayetlere ili\u015fkin h\u0131zl\u0131, etkin ve ba\u011f\u0131ms\u0131z soru\u015fturma a\u00e7\u0131lmas\u0131 \u00e7a\u011fr\u0131lar\u0131n\u0131n ise cevaps\u0131z kald\u0131\u011f\u0131n\u0131 vurguluyor.<\/p>\n<p><em><strong>Pelin \u00dcnker<\/strong><\/em><\/p>\n<p><em><strong>\u00a9 Deutsche Welle T\u00fcrk\u00e7e<\/strong><\/em><\/p>\n<p><em><strong>https:\/\/www.dw.com\/tr\/t%C3%BCrkiyenin-2020-hak-ihlalleri-karnesi\/a-56060963\u00a0<\/strong><\/em><\/p>\n<\/div>\n<\/div>\n","protected":false},"excerpt":{"rendered":"<p>T\u00fcrkiye adil olmayan yarg\u0131lamalar, uzun tutukluluklar, cezaevlerinde k\u00f6t\u00fc muamele ve i\u015fkence iddialar\u0131yla ge\u00e7en bir y\u0131l\u0131 daha geride b\u0131rak\u0131yor. \u00d6zellikle pandemide cezaevlerindeki \u00f6nlemlerin yetersizli\u011fi \u00e7ok tart\u0131\u015f\u0131ld\u0131. \u00a0\u00a0\u00a0\u00a0 Cezaevleri, T\u00fcrkiye&#8217;deki hak ihlallerinin d\u00f6k\u00fcm\u00fcnde, i\u015fkence ve pandemi \u00f6nlemlerinde ihmal iddialar\u0131, siyasi davalar kapsam\u0131nda uzun tutukluluklar, \u00e7\u0131plak arama vakalar\u0131 gibi ba\u015fl\u0131klarla \u00f6ne \u00e7\u0131k\u0131yor. Pandemi ko\u015fullar\u0131n\u0131n hakim oldu\u011fu 2020 y\u0131l\u0131 [&hellip;]<\/p>\n","protected":false},"author":7,"featured_media":60800,"comment_status":"open","ping_status":"open","sticky":false,"template":"","format":"standard","meta":{"footnotes":""},"categories":[1],"tags":[],"class_list":["post-60799","post","type-post","status-publish","format-standard","has-post-thumbnail","hentry","category-haberler"],"yoast_head":"<!-- This site is optimized with the Yoast SEO plugin v27.4 - https:\/\/yoast.com\/product\/yoast-seo-wordpress\/ -->\n<title>T\u00fcrkiye&#039;nin 2020 hak ihlalleri karnesi - Bati Ermenistan Ve Bati Ermenileri Sorunlari Ara\u015ftirmalar Merkezi<\/title>\n<meta name=\"robots\" content=\"index, follow, max-snippet:-1, max-image-preview:large, max-video-preview:-1\" \/>\n<link rel=\"canonical\" href=\"https:\/\/akunq.net\/tr\/?p=60799\" \/>\n<meta property=\"og:locale\" content=\"en_US\" \/>\n<meta property=\"og:type\" content=\"article\" \/>\n<meta property=\"og:title\" content=\"T\u00fcrkiye&#039;nin 2020 hak ihlalleri karnesi - Bati Ermenistan Ve Bati Ermenileri Sorunlari Ara\u015ftirmalar Merkezi\" \/>\n<meta property=\"og:description\" content=\"T\u00fcrkiye adil olmayan yarg\u0131lamalar, uzun tutukluluklar, cezaevlerinde k\u00f6t\u00fc muamele ve i\u015fkence iddialar\u0131yla ge\u00e7en bir y\u0131l\u0131 daha geride b\u0131rak\u0131yor. \u00d6zellikle pandemide cezaevlerindeki \u00f6nlemlerin yetersizli\u011fi \u00e7ok tart\u0131\u015f\u0131ld\u0131. \u00a0\u00a0\u00a0\u00a0 Cezaevleri, T\u00fcrkiye&#8217;deki hak ihlallerinin d\u00f6k\u00fcm\u00fcnde, i\u015fkence ve pandemi \u00f6nlemlerinde ihmal iddialar\u0131, siyasi davalar kapsam\u0131nda uzun tutukluluklar, \u00e7\u0131plak arama vakalar\u0131 gibi ba\u015fl\u0131klarla \u00f6ne \u00e7\u0131k\u0131yor. Pandemi ko\u015fullar\u0131n\u0131n hakim oldu\u011fu 2020 y\u0131l\u0131 [&hellip;]\" \/>\n<meta property=\"og:url\" content=\"https:\/\/akunq.net\/tr\/?p=60799\" \/>\n<meta property=\"og:site_name\" content=\"Bati Ermenistan Ve Bati Ermenileri Sorunlari Ara\u015ftirmalar Merkezi\" \/>\n<meta property=\"article:published_time\" content=\"2020-12-29T11:18:17+00:00\" \/>\n<meta property=\"og:image\" content=\"https:\/\/akunq.net\/tr\/wp-content\/uploads\/sites\/6\/2020\/12\/T\u00fcrkiyenin-2020-hak-ihlalleri.jpg\" \/>\n\t<meta property=\"og:image:width\" content=\"700\" \/>\n\t<meta property=\"og:image:height\" content=\"394\" \/>\n\t<meta property=\"og:image:type\" content=\"image\/jpeg\" \/>\n<meta name=\"author\" content=\"admin\" \/>\n<meta name=\"twitter:card\" content=\"summary_large_image\" \/>\n<meta name=\"twitter:label1\" content=\"Written by\" \/>\n\t<meta name=\"twitter:data1\" content=\"admin\" \/>\n\t<meta name=\"twitter:label2\" content=\"Est. reading time\" \/>\n\t<meta name=\"twitter:data2\" content=\"11 minutes\" \/>\n<script type=\"application\/ld+json\" class=\"yoast-schema-graph\">{\"@context\":\"https:\\\/\\\/schema.org\",\"@graph\":[{\"@type\":\"Article\",\"@id\":\"https:\\\/\\\/akunq.net\\\/tr\\\/?p=60799#article\",\"isPartOf\":{\"@id\":\"https:\\\/\\\/akunq.net\\\/tr\\\/?p=60799\"},\"author\":{\"name\":\"admin\",\"@id\":\"https:\\\/\\\/akunq.net\\\/tr\\\/#\\\/schema\\\/person\\\/096f1d38a12cce57fb855b485ed24c9e\"},\"headline\":\"T\u00fcrkiye&#8217;nin 2020 hak ihlalleri karnesi\",\"datePublished\":\"2020-12-29T11:18:17+00:00\",\"mainEntityOfPage\":{\"@id\":\"https:\\\/\\\/akunq.net\\\/tr\\\/?p=60799\"},\"wordCount\":2276,\"commentCount\":0,\"image\":{\"@id\":\"https:\\\/\\\/akunq.net\\\/tr\\\/?p=60799#primaryimage\"},\"thumbnailUrl\":\"https:\\\/\\\/akunq.net\\\/tr\\\/wp-content\\\/uploads\\\/sites\\\/6\\\/2020\\\/12\\\/T\u00fcrkiyenin-2020-hak-ihlalleri.jpg\",\"articleSection\":[\"Haberler\"],\"inLanguage\":\"en-US\",\"potentialAction\":[{\"@type\":\"CommentAction\",\"name\":\"Comment\",\"target\":[\"https:\\\/\\\/akunq.net\\\/tr\\\/?p=60799#respond\"]}]},{\"@type\":\"WebPage\",\"@id\":\"https:\\\/\\\/akunq.net\\\/tr\\\/?p=60799\",\"url\":\"https:\\\/\\\/akunq.net\\\/tr\\\/?p=60799\",\"name\":\"T\u00fcrkiye'nin 2020 hak ihlalleri karnesi - Bati Ermenistan Ve Bati Ermenileri Sorunlari Ara\u015ftirmalar Merkezi\",\"isPartOf\":{\"@id\":\"https:\\\/\\\/akunq.net\\\/tr\\\/#website\"},\"primaryImageOfPage\":{\"@id\":\"https:\\\/\\\/akunq.net\\\/tr\\\/?p=60799#primaryimage\"},\"image\":{\"@id\":\"https:\\\/\\\/akunq.net\\\/tr\\\/?p=60799#primaryimage\"},\"thumbnailUrl\":\"https:\\\/\\\/akunq.net\\\/tr\\\/wp-content\\\/uploads\\\/sites\\\/6\\\/2020\\\/12\\\/T\u00fcrkiyenin-2020-hak-ihlalleri.jpg\",\"datePublished\":\"2020-12-29T11:18:17+00:00\",\"author\":{\"@id\":\"https:\\\/\\\/akunq.net\\\/tr\\\/#\\\/schema\\\/person\\\/096f1d38a12cce57fb855b485ed24c9e\"},\"breadcrumb\":{\"@id\":\"https:\\\/\\\/akunq.net\\\/tr\\\/?p=60799#breadcrumb\"},\"inLanguage\":\"en-US\",\"potentialAction\":[{\"@type\":\"ReadAction\",\"target\":[\"https:\\\/\\\/akunq.net\\\/tr\\\/?p=60799\"]}]},{\"@type\":\"ImageObject\",\"inLanguage\":\"en-US\",\"@id\":\"https:\\\/\\\/akunq.net\\\/tr\\\/?p=60799#primaryimage\",\"url\":\"https:\\\/\\\/akunq.net\\\/tr\\\/wp-content\\\/uploads\\\/sites\\\/6\\\/2020\\\/12\\\/T\u00fcrkiyenin-2020-hak-ihlalleri.jpg\",\"contentUrl\":\"https:\\\/\\\/akunq.net\\\/tr\\\/wp-content\\\/uploads\\\/sites\\\/6\\\/2020\\\/12\\\/T\u00fcrkiyenin-2020-hak-ihlalleri.jpg\",\"width\":700,\"height\":394},{\"@type\":\"BreadcrumbList\",\"@id\":\"https:\\\/\\\/akunq.net\\\/tr\\\/?p=60799#breadcrumb\",\"itemListElement\":[{\"@type\":\"ListItem\",\"position\":1,\"name\":\"Home\",\"item\":\"https:\\\/\\\/akunq.net\\\/tr\"},{\"@type\":\"ListItem\",\"position\":2,\"name\":\"T\u00fcrkiye&#8217;nin 2020 hak ihlalleri karnesi\"}]},{\"@type\":\"WebSite\",\"@id\":\"https:\\\/\\\/akunq.net\\\/tr\\\/#website\",\"url\":\"https:\\\/\\\/akunq.net\\\/tr\\\/\",\"name\":\"Bati Ermenistan Ve Bati Ermenileri Sorunlari Ara\u015ftirmalar Merkezi\",\"description\":\"\",\"potentialAction\":[{\"@type\":\"SearchAction\",\"target\":{\"@type\":\"EntryPoint\",\"urlTemplate\":\"https:\\\/\\\/akunq.net\\\/tr\\\/?s={search_term_string}\"},\"query-input\":{\"@type\":\"PropertyValueSpecification\",\"valueRequired\":true,\"valueName\":\"search_term_string\"}}],\"inLanguage\":\"en-US\"},{\"@type\":\"Person\",\"@id\":\"https:\\\/\\\/akunq.net\\\/tr\\\/#\\\/schema\\\/person\\\/096f1d38a12cce57fb855b485ed24c9e\",\"name\":\"admin\",\"url\":\"https:\\\/\\\/akunq.net\\\/tr\\\/?author=7\"}]}<\/script>\n<!-- \/ Yoast SEO plugin. -->","yoast_head_json":{"title":"T\u00fcrkiye'nin 2020 hak ihlalleri karnesi - Bati Ermenistan Ve Bati Ermenileri Sorunlari Ara\u015ftirmalar Merkezi","robots":{"index":"index","follow":"follow","max-snippet":"max-snippet:-1","max-image-preview":"max-image-preview:large","max-video-preview":"max-video-preview:-1"},"canonical":"https:\/\/akunq.net\/tr\/?p=60799","og_locale":"en_US","og_type":"article","og_title":"T\u00fcrkiye'nin 2020 hak ihlalleri karnesi - Bati Ermenistan Ve Bati Ermenileri Sorunlari Ara\u015ftirmalar Merkezi","og_description":"T\u00fcrkiye adil olmayan yarg\u0131lamalar, uzun tutukluluklar, cezaevlerinde k\u00f6t\u00fc muamele ve i\u015fkence iddialar\u0131yla ge\u00e7en bir y\u0131l\u0131 daha geride b\u0131rak\u0131yor. \u00d6zellikle pandemide cezaevlerindeki \u00f6nlemlerin yetersizli\u011fi \u00e7ok tart\u0131\u015f\u0131ld\u0131. \u00a0\u00a0\u00a0\u00a0 Cezaevleri, T\u00fcrkiye&#8217;deki hak ihlallerinin d\u00f6k\u00fcm\u00fcnde, i\u015fkence ve pandemi \u00f6nlemlerinde ihmal iddialar\u0131, siyasi davalar kapsam\u0131nda uzun tutukluluklar, \u00e7\u0131plak arama vakalar\u0131 gibi ba\u015fl\u0131klarla \u00f6ne \u00e7\u0131k\u0131yor. Pandemi ko\u015fullar\u0131n\u0131n hakim oldu\u011fu 2020 y\u0131l\u0131 [&hellip;]","og_url":"https:\/\/akunq.net\/tr\/?p=60799","og_site_name":"Bati Ermenistan Ve Bati Ermenileri Sorunlari Ara\u015ftirmalar Merkezi","article_published_time":"2020-12-29T11:18:17+00:00","og_image":[{"width":700,"height":394,"url":"https:\/\/akunq.net\/tr\/wp-content\/uploads\/sites\/6\/2020\/12\/T\u00fcrkiyenin-2020-hak-ihlalleri.jpg","type":"image\/jpeg"}],"author":"admin","twitter_card":"summary_large_image","twitter_misc":{"Written by":"admin","Est. reading time":"11 minutes"},"schema":{"@context":"https:\/\/schema.org","@graph":[{"@type":"Article","@id":"https:\/\/akunq.net\/tr\/?p=60799#article","isPartOf":{"@id":"https:\/\/akunq.net\/tr\/?p=60799"},"author":{"name":"admin","@id":"https:\/\/akunq.net\/tr\/#\/schema\/person\/096f1d38a12cce57fb855b485ed24c9e"},"headline":"T\u00fcrkiye&#8217;nin 2020 hak ihlalleri karnesi","datePublished":"2020-12-29T11:18:17+00:00","mainEntityOfPage":{"@id":"https:\/\/akunq.net\/tr\/?p=60799"},"wordCount":2276,"commentCount":0,"image":{"@id":"https:\/\/akunq.net\/tr\/?p=60799#primaryimage"},"thumbnailUrl":"https:\/\/akunq.net\/tr\/wp-content\/uploads\/sites\/6\/2020\/12\/T\u00fcrkiyenin-2020-hak-ihlalleri.jpg","articleSection":["Haberler"],"inLanguage":"en-US","potentialAction":[{"@type":"CommentAction","name":"Comment","target":["https:\/\/akunq.net\/tr\/?p=60799#respond"]}]},{"@type":"WebPage","@id":"https:\/\/akunq.net\/tr\/?p=60799","url":"https:\/\/akunq.net\/tr\/?p=60799","name":"T\u00fcrkiye'nin 2020 hak ihlalleri karnesi - Bati Ermenistan Ve Bati Ermenileri Sorunlari Ara\u015ftirmalar Merkezi","isPartOf":{"@id":"https:\/\/akunq.net\/tr\/#website"},"primaryImageOfPage":{"@id":"https:\/\/akunq.net\/tr\/?p=60799#primaryimage"},"image":{"@id":"https:\/\/akunq.net\/tr\/?p=60799#primaryimage"},"thumbnailUrl":"https:\/\/akunq.net\/tr\/wp-content\/uploads\/sites\/6\/2020\/12\/T\u00fcrkiyenin-2020-hak-ihlalleri.jpg","datePublished":"2020-12-29T11:18:17+00:00","author":{"@id":"https:\/\/akunq.net\/tr\/#\/schema\/person\/096f1d38a12cce57fb855b485ed24c9e"},"breadcrumb":{"@id":"https:\/\/akunq.net\/tr\/?p=60799#breadcrumb"},"inLanguage":"en-US","potentialAction":[{"@type":"ReadAction","target":["https:\/\/akunq.net\/tr\/?p=60799"]}]},{"@type":"ImageObject","inLanguage":"en-US","@id":"https:\/\/akunq.net\/tr\/?p=60799#primaryimage","url":"https:\/\/akunq.net\/tr\/wp-content\/uploads\/sites\/6\/2020\/12\/T\u00fcrkiyenin-2020-hak-ihlalleri.jpg","contentUrl":"https:\/\/akunq.net\/tr\/wp-content\/uploads\/sites\/6\/2020\/12\/T\u00fcrkiyenin-2020-hak-ihlalleri.jpg","width":700,"height":394},{"@type":"BreadcrumbList","@id":"https:\/\/akunq.net\/tr\/?p=60799#breadcrumb","itemListElement":[{"@type":"ListItem","position":1,"name":"Home","item":"https:\/\/akunq.net\/tr"},{"@type":"ListItem","position":2,"name":"T\u00fcrkiye&#8217;nin 2020 hak ihlalleri karnesi"}]},{"@type":"WebSite","@id":"https:\/\/akunq.net\/tr\/#website","url":"https:\/\/akunq.net\/tr\/","name":"Bati Ermenistan Ve Bati Ermenileri Sorunlari Ara\u015ftirmalar Merkezi","description":"","potentialAction":[{"@type":"SearchAction","target":{"@type":"EntryPoint","urlTemplate":"https:\/\/akunq.net\/tr\/?s={search_term_string}"},"query-input":{"@type":"PropertyValueSpecification","valueRequired":true,"valueName":"search_term_string"}}],"inLanguage":"en-US"},{"@type":"Person","@id":"https:\/\/akunq.net\/tr\/#\/schema\/person\/096f1d38a12cce57fb855b485ed24c9e","name":"admin","url":"https:\/\/akunq.net\/tr\/?author=7"}]}},"_links":{"self":[{"href":"https:\/\/akunq.net\/tr\/index.php?rest_route=\/wp\/v2\/posts\/60799","targetHints":{"allow":["GET"]}}],"collection":[{"href":"https:\/\/akunq.net\/tr\/index.php?rest_route=\/wp\/v2\/posts"}],"about":[{"href":"https:\/\/akunq.net\/tr\/index.php?rest_route=\/wp\/v2\/types\/post"}],"author":[{"embeddable":true,"href":"https:\/\/akunq.net\/tr\/index.php?rest_route=\/wp\/v2\/users\/7"}],"replies":[{"embeddable":true,"href":"https:\/\/akunq.net\/tr\/index.php?rest_route=%2Fwp%2Fv2%2Fcomments&post=60799"}],"version-history":[{"count":1,"href":"https:\/\/akunq.net\/tr\/index.php?rest_route=\/wp\/v2\/posts\/60799\/revisions"}],"predecessor-version":[{"id":60801,"href":"https:\/\/akunq.net\/tr\/index.php?rest_route=\/wp\/v2\/posts\/60799\/revisions\/60801"}],"wp:featuredmedia":[{"embeddable":true,"href":"https:\/\/akunq.net\/tr\/index.php?rest_route=\/wp\/v2\/media\/60800"}],"wp:attachment":[{"href":"https:\/\/akunq.net\/tr\/index.php?rest_route=%2Fwp%2Fv2%2Fmedia&parent=60799"}],"wp:term":[{"taxonomy":"category","embeddable":true,"href":"https:\/\/akunq.net\/tr\/index.php?rest_route=%2Fwp%2Fv2%2Fcategories&post=60799"},{"taxonomy":"post_tag","embeddable":true,"href":"https:\/\/akunq.net\/tr\/index.php?rest_route=%2Fwp%2Fv2%2Ftags&post=60799"}],"curies":[{"name":"wp","href":"https:\/\/api.w.org\/{rel}","templated":true}]}}