{"id":60792,"date":"2020-12-29T04:58:23","date_gmt":"2020-12-29T09:58:23","guid":{"rendered":"https:\/\/akunq.net\/tr\/?p=60792"},"modified":"2020-12-29T04:58:23","modified_gmt":"2020-12-29T09:58:23","slug":"camide-altin-var-soylentileri-7-kez-yasal-kazi-yapildi","status":"publish","type":"post","link":"https:\/\/akunq.net\/tr\/?p=60792","title":{"rendered":"Camide &#8216;Alt\u0131n var&#8217; s\u00f6ylentileri: 7 kez yasal kaz\u0131 yap\u0131ld\u0131"},"content":{"rendered":"<div class=\"b-article__lead\">\n<p><img loading=\"lazy\" decoding=\"async\" class=\"aligncenter size-medium wp-image-60793\" src=\"https:\/\/akunq.net\/tr\/wp-content\/uploads\/2020\/12\/Samsunun-Tekkek\u00f6y-il\u00e7esindeki-1928-y\u0131l\u0131nda-kilise-360x203.jpg\" alt=\"\" width=\"360\" height=\"203\" srcset=\"https:\/\/akunq.net\/tr\/wp-content\/uploads\/sites\/6\/2020\/12\/Samsunun-Tekkek\u00f6y-il\u00e7esindeki-1928-y\u0131l\u0131nda-kilise-360x203.jpg 360w, https:\/\/akunq.net\/tr\/wp-content\/uploads\/sites\/6\/2020\/12\/Samsunun-Tekkek\u00f6y-il\u00e7esindeki-1928-y\u0131l\u0131nda-kilise-560x315.jpg 560w, https:\/\/akunq.net\/tr\/wp-content\/uploads\/sites\/6\/2020\/12\/Samsunun-Tekkek\u00f6y-il\u00e7esindeki-1928-y\u0131l\u0131nda-kilise-260x146.jpg 260w, https:\/\/akunq.net\/tr\/wp-content\/uploads\/sites\/6\/2020\/12\/Samsunun-Tekkek\u00f6y-il\u00e7esindeki-1928-y\u0131l\u0131nda-kilise-160x90.jpg 160w, https:\/\/akunq.net\/tr\/wp-content\/uploads\/sites\/6\/2020\/12\/Samsunun-Tekkek\u00f6y-il\u00e7esindeki-1928-y\u0131l\u0131nda-kilise.jpg 640w\" sizes=\"auto, (max-width: 360px) 100vw, 360px\" \/><\/p>\n<p><em><strong>Samsun&#8217;un Tekkek\u00f6y il\u00e7esindeki 1928 y\u0131l\u0131nda kiliseden camiye \u00e7evrilen as\u0131rl\u0131k yap\u0131n\u0131n alt\u0131nda &#8216;alt\u0131n oldu\u011fu&#8217; s\u00f6ylentileri nedeniyle 7 kez yasal kaz\u0131 yap\u0131ld\u0131. Kaz\u0131larda alt\u0131n bulunamazken herhangi bir kal\u0131nt\u0131ya da rastlanmad\u0131.<\/strong><\/em><\/p>\n<\/div>\n<div class=\"b-article__text\">\n<p><strong>Tekkek\u00f6y<\/strong>\u00a0il\u00e7esine ba\u011fl\u0131 Karaper\u00e7in mahallesinde bulunan,\u00a0<strong>Bizans d\u00f6nemine tarihlenen<\/strong>\u00a0ve 1928 y\u0131l\u0131nda camiye \u00e7evrilen yap\u0131n\u0131n alt\u0131nda<strong>\u00a0&#8216;Alt\u0131n var&#8217;<\/strong>\u00a0s\u00f6ylentileri \u00e7\u0131k\u0131nca 2015 y\u0131l\u0131nda\u00a0<a href=\"https:\/\/tr.sputniknews.com\/turkiye\/202008271042738365-hakkaride-define-heyecani-buyuk-bir-kup-bulundu-calisma-durduruldu\/\" target=\"_blank\" rel=\"noopener noreferrer\">yasal izinle kaz<\/a>\u0131 \u00e7al\u0131\u015fmas\u0131 yap\u0131ld\u0131.<\/p>\n<p>Kaz\u0131larda alt\u0131n bulunamazken herhangi bir kal\u0131nt\u0131ya da rastlanmad\u0131. Cemaat<a href=\"https:\/\/tr.sputniknews.com\/turkiye\/202012141043396647-dipsiz-gol-ile-gundeme-gelen-sehirde-define-avi-devam-ediyor-30-40-bin-liraya-dedektor-satin-alan\/\" target=\"_blank\" rel=\"noopener noreferrer\">, alt\u0131n s\u00f6ylentilerinin sona\u00a0ermesiyle tarihi mekan\u0131<\/a>\u00a0ba\u015ftan a\u015fa\u011f\u0131 yeniledi.<\/p>\n<p>Ge\u00e7mi\u015f d\u00f6nemde caminin taban\u0131nda<strong>\u00a07 kez yasal kaz\u0131 yap\u0131ld\u0131\u011f\u0131n\u0131<\/strong>\u00a0ancak bir sonu\u00e7 al\u0131namad\u0131\u011f\u0131n\u0131 belirten Karaper\u00e7in mahallesi muhtar\u0131<strong>\u00a0Cevdet Karaduman<\/strong>, \u015funlar\u0131 s\u00f6yledi:<\/p>\n<p>&#8220;1980&#8217;li y\u0131llarda yap\u0131n\u0131n \u00e7at\u0131s\u0131nda eski oluklu kiremitler vard\u0131. Zamanla o kiremitler y\u0131prand\u0131 ve camiye su akmaya ba\u015flad\u0131. Daha sonra b\u00fcy\u00fcklerimiz camiyi onard\u0131.\u00a0<a href=\"https:\/\/tr.sputniknews.com\/turkiye\/202007101042432025-define-bulmak-icin-700-yillik-cinari-talan-edip-yaktilar\/\" target=\"_blank\" rel=\"noopener noreferrer\">Biz bu mahalleye 1920&#8217;lerden sonra gelmi\u015fiz, bizden \u00f6nce burada ya\u015fayan insanlar bu yap\u0131y\u0131 kilise olarak kullanm\u0131\u015f.<\/a>\u00a0\u0130\u00e7ine \u00e7ini yap\u0131ld\u0131, camimizin eksiklerini gidermeye \u00e7al\u0131\u015f\u0131yoruz. Mahallelimizden f\u0131nd\u0131k topluyoruz, maddi destek al\u0131yoruz ve hay\u0131rsever insanlar\u0131n destekleriyle camimizi onar\u0131yoruz. \u015eu an camimizin hem i\u00e7i hem d\u0131\u015f\u0131 \u00e7ok g\u00fczel, minaresini de 2 ay \u00f6nce boyatt\u0131k. \u0130mece usul\u00fc toplad\u0131\u011f\u0131m\u0131z paralarla ustan\u0131n paras\u0131n\u0131 verdik. Kurban zaman\u0131nda derileri\u00a0satar\u0131z ve camimizin eksikliklerini gideririz. B\u00f6yle tarihi bir yerde ibadet etmek \u00e7ok g\u00fczel bir duygu.&#8221;<\/p>\n<p><em><strong>https:\/\/tr.sputniknews.com\/turkiye\/202012291043478478-camide-altin-var-soylentileri-7-kez-yasal-kazi-yapildi\/\u00a0<\/strong><\/em><\/p>\n<\/div>\n","protected":false},"excerpt":{"rendered":"<p>Samsun&#8217;un Tekkek\u00f6y il\u00e7esindeki 1928 y\u0131l\u0131nda kiliseden camiye \u00e7evrilen as\u0131rl\u0131k yap\u0131n\u0131n alt\u0131nda &#8216;alt\u0131n oldu\u011fu&#8217; s\u00f6ylentileri nedeniyle 7 kez yasal kaz\u0131 yap\u0131ld\u0131. Kaz\u0131larda alt\u0131n bulunamazken herhangi bir kal\u0131nt\u0131ya da rastlanmad\u0131. Tekkek\u00f6y\u00a0il\u00e7esine ba\u011fl\u0131 Karaper\u00e7in mahallesinde bulunan,\u00a0Bizans d\u00f6nemine tarihlenen\u00a0ve 1928 y\u0131l\u0131nda camiye \u00e7evrilen yap\u0131n\u0131n alt\u0131nda\u00a0&#8216;Alt\u0131n var&#8217;\u00a0s\u00f6ylentileri \u00e7\u0131k\u0131nca 2015 y\u0131l\u0131nda\u00a0yasal izinle kaz\u0131 \u00e7al\u0131\u015fmas\u0131 yap\u0131ld\u0131. Kaz\u0131larda alt\u0131n bulunamazken herhangi bir kal\u0131nt\u0131ya [&hellip;]<\/p>\n","protected":false},"author":7,"featured_media":60793,"comment_status":"open","ping_status":"open","sticky":false,"template":"","format":"standard","meta":{"footnotes":""},"categories":[1],"tags":[],"class_list":["post-60792","post","type-post","status-publish","format-standard","has-post-thumbnail","hentry","category-haberler"],"yoast_head":"<!-- This site is optimized with the Yoast SEO plugin v27.4 - https:\/\/yoast.com\/product\/yoast-seo-wordpress\/ -->\n<title>Camide &#039;Alt\u0131n var&#039; s\u00f6ylentileri: 7 kez yasal kaz\u0131 yap\u0131ld\u0131 - Bati Ermenistan Ve Bati Ermenileri Sorunlari Ara\u015ftirmalar Merkezi<\/title>\n<meta name=\"robots\" content=\"index, follow, max-snippet:-1, max-image-preview:large, max-video-preview:-1\" \/>\n<link rel=\"canonical\" href=\"https:\/\/akunq.net\/tr\/?p=60792\" \/>\n<meta property=\"og:locale\" content=\"en_US\" \/>\n<meta property=\"og:type\" content=\"article\" \/>\n<meta property=\"og:title\" content=\"Camide &#039;Alt\u0131n var&#039; s\u00f6ylentileri: 7 kez yasal kaz\u0131 yap\u0131ld\u0131 - Bati Ermenistan Ve Bati Ermenileri Sorunlari Ara\u015ftirmalar Merkezi\" \/>\n<meta property=\"og:description\" content=\"Samsun&#8217;un Tekkek\u00f6y il\u00e7esindeki 1928 y\u0131l\u0131nda kiliseden camiye \u00e7evrilen as\u0131rl\u0131k yap\u0131n\u0131n alt\u0131nda &#8216;alt\u0131n oldu\u011fu&#8217; s\u00f6ylentileri nedeniyle 7 kez yasal kaz\u0131 yap\u0131ld\u0131. Kaz\u0131larda alt\u0131n bulunamazken herhangi bir kal\u0131nt\u0131ya da rastlanmad\u0131. Tekkek\u00f6y\u00a0il\u00e7esine ba\u011fl\u0131 Karaper\u00e7in mahallesinde bulunan,\u00a0Bizans d\u00f6nemine tarihlenen\u00a0ve 1928 y\u0131l\u0131nda camiye \u00e7evrilen yap\u0131n\u0131n alt\u0131nda\u00a0&#8216;Alt\u0131n var&#8217;\u00a0s\u00f6ylentileri \u00e7\u0131k\u0131nca 2015 y\u0131l\u0131nda\u00a0yasal izinle kaz\u0131 \u00e7al\u0131\u015fmas\u0131 yap\u0131ld\u0131. Kaz\u0131larda alt\u0131n bulunamazken herhangi bir kal\u0131nt\u0131ya [&hellip;]\" \/>\n<meta property=\"og:url\" content=\"https:\/\/akunq.net\/tr\/?p=60792\" \/>\n<meta property=\"og:site_name\" content=\"Bati Ermenistan Ve Bati Ermenileri Sorunlari Ara\u015ftirmalar Merkezi\" \/>\n<meta property=\"article:published_time\" content=\"2020-12-29T09:58:23+00:00\" \/>\n<meta property=\"og:image\" content=\"https:\/\/akunq.net\/tr\/wp-content\/uploads\/sites\/6\/2020\/12\/Samsunun-Tekkek\u00f6y-il\u00e7esindeki-1928-y\u0131l\u0131nda-kilise.jpg\" \/>\n\t<meta property=\"og:image:width\" content=\"640\" \/>\n\t<meta property=\"og:image:height\" content=\"360\" \/>\n\t<meta property=\"og:image:type\" content=\"image\/jpeg\" \/>\n<meta name=\"author\" content=\"admin\" \/>\n<meta name=\"twitter:card\" content=\"summary_large_image\" \/>\n<meta name=\"twitter:label1\" content=\"Written by\" \/>\n\t<meta name=\"twitter:data1\" content=\"admin\" \/>\n\t<meta name=\"twitter:label2\" content=\"Est. reading time\" \/>\n\t<meta name=\"twitter:data2\" content=\"1 minute\" \/>\n<script type=\"application\/ld+json\" class=\"yoast-schema-graph\">{\"@context\":\"https:\\\/\\\/schema.org\",\"@graph\":[{\"@type\":\"Article\",\"@id\":\"https:\\\/\\\/akunq.net\\\/tr\\\/?p=60792#article\",\"isPartOf\":{\"@id\":\"https:\\\/\\\/akunq.net\\\/tr\\\/?p=60792\"},\"author\":{\"name\":\"admin\",\"@id\":\"https:\\\/\\\/akunq.net\\\/tr\\\/#\\\/schema\\\/person\\\/096f1d38a12cce57fb855b485ed24c9e\"},\"headline\":\"Camide &#8216;Alt\u0131n var&#8217; s\u00f6ylentileri: 7 kez yasal kaz\u0131 yap\u0131ld\u0131\",\"datePublished\":\"2020-12-29T09:58:23+00:00\",\"mainEntityOfPage\":{\"@id\":\"https:\\\/\\\/akunq.net\\\/tr\\\/?p=60792\"},\"wordCount\":285,\"commentCount\":0,\"image\":{\"@id\":\"https:\\\/\\\/akunq.net\\\/tr\\\/?p=60792#primaryimage\"},\"thumbnailUrl\":\"https:\\\/\\\/akunq.net\\\/tr\\\/wp-content\\\/uploads\\\/sites\\\/6\\\/2020\\\/12\\\/Samsunun-Tekkek\u00f6y-il\u00e7esindeki-1928-y\u0131l\u0131nda-kilise.jpg\",\"articleSection\":[\"Haberler\"],\"inLanguage\":\"en-US\",\"potentialAction\":[{\"@type\":\"CommentAction\",\"name\":\"Comment\",\"target\":[\"https:\\\/\\\/akunq.net\\\/tr\\\/?p=60792#respond\"]}]},{\"@type\":\"WebPage\",\"@id\":\"https:\\\/\\\/akunq.net\\\/tr\\\/?p=60792\",\"url\":\"https:\\\/\\\/akunq.net\\\/tr\\\/?p=60792\",\"name\":\"Camide 'Alt\u0131n var' s\u00f6ylentileri: 7 kez yasal kaz\u0131 yap\u0131ld\u0131 - Bati Ermenistan Ve Bati Ermenileri Sorunlari Ara\u015ftirmalar Merkezi\",\"isPartOf\":{\"@id\":\"https:\\\/\\\/akunq.net\\\/tr\\\/#website\"},\"primaryImageOfPage\":{\"@id\":\"https:\\\/\\\/akunq.net\\\/tr\\\/?p=60792#primaryimage\"},\"image\":{\"@id\":\"https:\\\/\\\/akunq.net\\\/tr\\\/?p=60792#primaryimage\"},\"thumbnailUrl\":\"https:\\\/\\\/akunq.net\\\/tr\\\/wp-content\\\/uploads\\\/sites\\\/6\\\/2020\\\/12\\\/Samsunun-Tekkek\u00f6y-il\u00e7esindeki-1928-y\u0131l\u0131nda-kilise.jpg\",\"datePublished\":\"2020-12-29T09:58:23+00:00\",\"author\":{\"@id\":\"https:\\\/\\\/akunq.net\\\/tr\\\/#\\\/schema\\\/person\\\/096f1d38a12cce57fb855b485ed24c9e\"},\"breadcrumb\":{\"@id\":\"https:\\\/\\\/akunq.net\\\/tr\\\/?p=60792#breadcrumb\"},\"inLanguage\":\"en-US\",\"potentialAction\":[{\"@type\":\"ReadAction\",\"target\":[\"https:\\\/\\\/akunq.net\\\/tr\\\/?p=60792\"]}]},{\"@type\":\"ImageObject\",\"inLanguage\":\"en-US\",\"@id\":\"https:\\\/\\\/akunq.net\\\/tr\\\/?p=60792#primaryimage\",\"url\":\"https:\\\/\\\/akunq.net\\\/tr\\\/wp-content\\\/uploads\\\/sites\\\/6\\\/2020\\\/12\\\/Samsunun-Tekkek\u00f6y-il\u00e7esindeki-1928-y\u0131l\u0131nda-kilise.jpg\",\"contentUrl\":\"https:\\\/\\\/akunq.net\\\/tr\\\/wp-content\\\/uploads\\\/sites\\\/6\\\/2020\\\/12\\\/Samsunun-Tekkek\u00f6y-il\u00e7esindeki-1928-y\u0131l\u0131nda-kilise.jpg\",\"width\":640,\"height\":360},{\"@type\":\"BreadcrumbList\",\"@id\":\"https:\\\/\\\/akunq.net\\\/tr\\\/?p=60792#breadcrumb\",\"itemListElement\":[{\"@type\":\"ListItem\",\"position\":1,\"name\":\"Home\",\"item\":\"https:\\\/\\\/akunq.net\\\/tr\"},{\"@type\":\"ListItem\",\"position\":2,\"name\":\"Camide &#8216;Alt\u0131n var&#8217; s\u00f6ylentileri: 7 kez yasal kaz\u0131 yap\u0131ld\u0131\"}]},{\"@type\":\"WebSite\",\"@id\":\"https:\\\/\\\/akunq.net\\\/tr\\\/#website\",\"url\":\"https:\\\/\\\/akunq.net\\\/tr\\\/\",\"name\":\"Bati Ermenistan Ve Bati Ermenileri Sorunlari Ara\u015ftirmalar Merkezi\",\"description\":\"\",\"potentialAction\":[{\"@type\":\"SearchAction\",\"target\":{\"@type\":\"EntryPoint\",\"urlTemplate\":\"https:\\\/\\\/akunq.net\\\/tr\\\/?s={search_term_string}\"},\"query-input\":{\"@type\":\"PropertyValueSpecification\",\"valueRequired\":true,\"valueName\":\"search_term_string\"}}],\"inLanguage\":\"en-US\"},{\"@type\":\"Person\",\"@id\":\"https:\\\/\\\/akunq.net\\\/tr\\\/#\\\/schema\\\/person\\\/096f1d38a12cce57fb855b485ed24c9e\",\"name\":\"admin\",\"url\":\"https:\\\/\\\/akunq.net\\\/tr\\\/?author=7\"}]}<\/script>\n<!-- \/ Yoast SEO plugin. -->","yoast_head_json":{"title":"Camide 'Alt\u0131n var' s\u00f6ylentileri: 7 kez yasal kaz\u0131 yap\u0131ld\u0131 - Bati Ermenistan Ve Bati Ermenileri Sorunlari Ara\u015ftirmalar Merkezi","robots":{"index":"index","follow":"follow","max-snippet":"max-snippet:-1","max-image-preview":"max-image-preview:large","max-video-preview":"max-video-preview:-1"},"canonical":"https:\/\/akunq.net\/tr\/?p=60792","og_locale":"en_US","og_type":"article","og_title":"Camide 'Alt\u0131n var' s\u00f6ylentileri: 7 kez yasal kaz\u0131 yap\u0131ld\u0131 - Bati Ermenistan Ve Bati Ermenileri Sorunlari Ara\u015ftirmalar Merkezi","og_description":"Samsun&#8217;un Tekkek\u00f6y il\u00e7esindeki 1928 y\u0131l\u0131nda kiliseden camiye \u00e7evrilen as\u0131rl\u0131k yap\u0131n\u0131n alt\u0131nda &#8216;alt\u0131n oldu\u011fu&#8217; s\u00f6ylentileri nedeniyle 7 kez yasal kaz\u0131 yap\u0131ld\u0131. Kaz\u0131larda alt\u0131n bulunamazken herhangi bir kal\u0131nt\u0131ya da rastlanmad\u0131. Tekkek\u00f6y\u00a0il\u00e7esine ba\u011fl\u0131 Karaper\u00e7in mahallesinde bulunan,\u00a0Bizans d\u00f6nemine tarihlenen\u00a0ve 1928 y\u0131l\u0131nda camiye \u00e7evrilen yap\u0131n\u0131n alt\u0131nda\u00a0&#8216;Alt\u0131n var&#8217;\u00a0s\u00f6ylentileri \u00e7\u0131k\u0131nca 2015 y\u0131l\u0131nda\u00a0yasal izinle kaz\u0131 \u00e7al\u0131\u015fmas\u0131 yap\u0131ld\u0131. Kaz\u0131larda alt\u0131n bulunamazken herhangi bir kal\u0131nt\u0131ya [&hellip;]","og_url":"https:\/\/akunq.net\/tr\/?p=60792","og_site_name":"Bati Ermenistan Ve Bati Ermenileri Sorunlari Ara\u015ftirmalar Merkezi","article_published_time":"2020-12-29T09:58:23+00:00","og_image":[{"width":640,"height":360,"url":"https:\/\/akunq.net\/tr\/wp-content\/uploads\/sites\/6\/2020\/12\/Samsunun-Tekkek\u00f6y-il\u00e7esindeki-1928-y\u0131l\u0131nda-kilise.jpg","type":"image\/jpeg"}],"author":"admin","twitter_card":"summary_large_image","twitter_misc":{"Written by":"admin","Est. reading time":"1 minute"},"schema":{"@context":"https:\/\/schema.org","@graph":[{"@type":"Article","@id":"https:\/\/akunq.net\/tr\/?p=60792#article","isPartOf":{"@id":"https:\/\/akunq.net\/tr\/?p=60792"},"author":{"name":"admin","@id":"https:\/\/akunq.net\/tr\/#\/schema\/person\/096f1d38a12cce57fb855b485ed24c9e"},"headline":"Camide &#8216;Alt\u0131n var&#8217; s\u00f6ylentileri: 7 kez yasal kaz\u0131 yap\u0131ld\u0131","datePublished":"2020-12-29T09:58:23+00:00","mainEntityOfPage":{"@id":"https:\/\/akunq.net\/tr\/?p=60792"},"wordCount":285,"commentCount":0,"image":{"@id":"https:\/\/akunq.net\/tr\/?p=60792#primaryimage"},"thumbnailUrl":"https:\/\/akunq.net\/tr\/wp-content\/uploads\/sites\/6\/2020\/12\/Samsunun-Tekkek\u00f6y-il\u00e7esindeki-1928-y\u0131l\u0131nda-kilise.jpg","articleSection":["Haberler"],"inLanguage":"en-US","potentialAction":[{"@type":"CommentAction","name":"Comment","target":["https:\/\/akunq.net\/tr\/?p=60792#respond"]}]},{"@type":"WebPage","@id":"https:\/\/akunq.net\/tr\/?p=60792","url":"https:\/\/akunq.net\/tr\/?p=60792","name":"Camide 'Alt\u0131n var' s\u00f6ylentileri: 7 kez yasal kaz\u0131 yap\u0131ld\u0131 - Bati Ermenistan Ve Bati Ermenileri Sorunlari Ara\u015ftirmalar Merkezi","isPartOf":{"@id":"https:\/\/akunq.net\/tr\/#website"},"primaryImageOfPage":{"@id":"https:\/\/akunq.net\/tr\/?p=60792#primaryimage"},"image":{"@id":"https:\/\/akunq.net\/tr\/?p=60792#primaryimage"},"thumbnailUrl":"https:\/\/akunq.net\/tr\/wp-content\/uploads\/sites\/6\/2020\/12\/Samsunun-Tekkek\u00f6y-il\u00e7esindeki-1928-y\u0131l\u0131nda-kilise.jpg","datePublished":"2020-12-29T09:58:23+00:00","author":{"@id":"https:\/\/akunq.net\/tr\/#\/schema\/person\/096f1d38a12cce57fb855b485ed24c9e"},"breadcrumb":{"@id":"https:\/\/akunq.net\/tr\/?p=60792#breadcrumb"},"inLanguage":"en-US","potentialAction":[{"@type":"ReadAction","target":["https:\/\/akunq.net\/tr\/?p=60792"]}]},{"@type":"ImageObject","inLanguage":"en-US","@id":"https:\/\/akunq.net\/tr\/?p=60792#primaryimage","url":"https:\/\/akunq.net\/tr\/wp-content\/uploads\/sites\/6\/2020\/12\/Samsunun-Tekkek\u00f6y-il\u00e7esindeki-1928-y\u0131l\u0131nda-kilise.jpg","contentUrl":"https:\/\/akunq.net\/tr\/wp-content\/uploads\/sites\/6\/2020\/12\/Samsunun-Tekkek\u00f6y-il\u00e7esindeki-1928-y\u0131l\u0131nda-kilise.jpg","width":640,"height":360},{"@type":"BreadcrumbList","@id":"https:\/\/akunq.net\/tr\/?p=60792#breadcrumb","itemListElement":[{"@type":"ListItem","position":1,"name":"Home","item":"https:\/\/akunq.net\/tr"},{"@type":"ListItem","position":2,"name":"Camide &#8216;Alt\u0131n var&#8217; s\u00f6ylentileri: 7 kez yasal kaz\u0131 yap\u0131ld\u0131"}]},{"@type":"WebSite","@id":"https:\/\/akunq.net\/tr\/#website","url":"https:\/\/akunq.net\/tr\/","name":"Bati Ermenistan Ve Bati Ermenileri Sorunlari Ara\u015ftirmalar Merkezi","description":"","potentialAction":[{"@type":"SearchAction","target":{"@type":"EntryPoint","urlTemplate":"https:\/\/akunq.net\/tr\/?s={search_term_string}"},"query-input":{"@type":"PropertyValueSpecification","valueRequired":true,"valueName":"search_term_string"}}],"inLanguage":"en-US"},{"@type":"Person","@id":"https:\/\/akunq.net\/tr\/#\/schema\/person\/096f1d38a12cce57fb855b485ed24c9e","name":"admin","url":"https:\/\/akunq.net\/tr\/?author=7"}]}},"_links":{"self":[{"href":"https:\/\/akunq.net\/tr\/index.php?rest_route=\/wp\/v2\/posts\/60792","targetHints":{"allow":["GET"]}}],"collection":[{"href":"https:\/\/akunq.net\/tr\/index.php?rest_route=\/wp\/v2\/posts"}],"about":[{"href":"https:\/\/akunq.net\/tr\/index.php?rest_route=\/wp\/v2\/types\/post"}],"author":[{"embeddable":true,"href":"https:\/\/akunq.net\/tr\/index.php?rest_route=\/wp\/v2\/users\/7"}],"replies":[{"embeddable":true,"href":"https:\/\/akunq.net\/tr\/index.php?rest_route=%2Fwp%2Fv2%2Fcomments&post=60792"}],"version-history":[{"count":1,"href":"https:\/\/akunq.net\/tr\/index.php?rest_route=\/wp\/v2\/posts\/60792\/revisions"}],"predecessor-version":[{"id":60794,"href":"https:\/\/akunq.net\/tr\/index.php?rest_route=\/wp\/v2\/posts\/60792\/revisions\/60794"}],"wp:featuredmedia":[{"embeddable":true,"href":"https:\/\/akunq.net\/tr\/index.php?rest_route=\/wp\/v2\/media\/60793"}],"wp:attachment":[{"href":"https:\/\/akunq.net\/tr\/index.php?rest_route=%2Fwp%2Fv2%2Fmedia&parent=60792"}],"wp:term":[{"taxonomy":"category","embeddable":true,"href":"https:\/\/akunq.net\/tr\/index.php?rest_route=%2Fwp%2Fv2%2Fcategories&post=60792"},{"taxonomy":"post_tag","embeddable":true,"href":"https:\/\/akunq.net\/tr\/index.php?rest_route=%2Fwp%2Fv2%2Ftags&post=60792"}],"curies":[{"name":"wp","href":"https:\/\/api.w.org\/{rel}","templated":true}]}}