{"id":60779,"date":"2020-12-29T04:21:43","date_gmt":"2020-12-29T09:21:43","guid":{"rendered":"https:\/\/akunq.net\/tr\/?p=60779"},"modified":"2020-12-29T04:21:43","modified_gmt":"2020-12-29T09:21:43","slug":"istanbul-ermeni-toplumunun-taninmis-simalarindan-berc-kac-hayatini-kaybetti","status":"publish","type":"post","link":"https:\/\/akunq.net\/tr\/?p=60779","title":{"rendered":"\u0130stanbul Ermeni toplumunun tan\u0131nm\u0131\u015f simalar\u0131ndan Ber\u00e7 Ka\u00e7 hayat\u0131n\u0131 kaybetti"},"content":{"rendered":"<p><img loading=\"lazy\" decoding=\"async\" class=\"aligncenter size-medium wp-image-60780\" src=\"https:\/\/akunq.net\/tr\/wp-content\/uploads\/2020\/12\/Ber\u00e7-Ka\u00e7-360x263.jpg\" alt=\"\" width=\"360\" height=\"263\" srcset=\"https:\/\/akunq.net\/tr\/wp-content\/uploads\/sites\/6\/2020\/12\/Ber\u00e7-Ka\u00e7-360x263.jpg 360w, https:\/\/akunq.net\/tr\/wp-content\/uploads\/sites\/6\/2020\/12\/Ber\u00e7-Ka\u00e7-260x190.jpg 260w, https:\/\/akunq.net\/tr\/wp-content\/uploads\/sites\/6\/2020\/12\/Ber\u00e7-Ka\u00e7-160x117.jpg 160w, https:\/\/akunq.net\/tr\/wp-content\/uploads\/sites\/6\/2020\/12\/Ber\u00e7-Ka\u00e7.jpg 512w\" sizes=\"auto, (max-width: 360px) 100vw, 360px\" \/><\/p>\n<p><strong><em>\u0130stanbul Ermeni toplumunun tan\u0131nm\u0131\u015f d\u00fc\u011f\u00fcn, vaftiz ve cenaze organizat\u00f6rlerinden Ber\u00e7 Ka\u00e7 hayat\u0131n\u0131 kaybetti.<\/em><\/strong><\/p>\n<p>Haberi Ber\u00e7 Ka\u00e7&#8217;\u0131n k\u0131z\u0131 Tamar Ka\u00e7 Erdavityan sosyal medyadan duyurdu ve &#8220;Babam Ber\u00e7 Ka\u00e7, tam bir \u0130stanbul beyefendisi idi&#8230; D\u00fcn gece, uykusunda vefat etti. Tanr\u0131 onun ruhunu, cennetinin solmaz \u0131\u015f\u0131\u011f\u0131nda ayd\u0131nlats\u0131n. Cenaze merasimi 30 Aral\u0131k \u00c7ar\u015famba g\u00fcn\u00fc, kilise hayat\u0131n\u0131n ba\u015flad\u0131\u011f\u0131 Kumkap\u0131 Meryem Ana Patriklik Kilisesi&#8217;nde icra olunup, Bal\u0131kl\u0131 Aile Mezarl\u0131\u011f\u0131na defnedilecektir. T\u00fcm sevenlerinin duas\u0131 bizimle olsun.&#8221; ifadelerine yer verdi.<\/p>\n<p>1943 y\u0131l\u0131nda \u0130stanbul&#8217;da do\u011fan Ber\u00e7 Ka\u00e7 1960 y\u0131l\u0131ndan bu yana d\u00fc\u011f\u00fcn, vaftiz ve cenaze organizat\u00f6rl\u00fc\u011f\u00fc yap\u0131yordu. \u0130stanbul Ermeni toplumunun tan\u0131nm\u0131\u015f simalar\u0131ndan olan Ber\u00e7 Ka\u00e7 ayn\u0131 zamanda diyakon (sargavak)\u00a0 olarak kiliselerde ruhani g\u00f6rev de y\u00fcr\u00fctmekteydi.\u00a0 Ber\u00e7 Ka\u00e7 i\u00e7in\u00a0 30 Aral\u0131k \u00c7ar\u015famba g\u00fcn\u00fc saat 11.30&#8217;da Kumkap\u0131 Meryem Ana Kilisesi&#8217;nde cenaze t\u00f6reni d\u00fczenlenecek.<\/p>\n<p><em><strong>https:\/\/www.ermenihaber.am\/tr\/news\/2020\/12\/28\/T%C3%BCrkiye-Ermeni-Ber%C3%A7\/200025\u00a0<\/strong><\/em><\/p>\n","protected":false},"excerpt":{"rendered":"<p>\u0130stanbul Ermeni toplumunun tan\u0131nm\u0131\u015f d\u00fc\u011f\u00fcn, vaftiz ve cenaze organizat\u00f6rlerinden Ber\u00e7 Ka\u00e7 hayat\u0131n\u0131 kaybetti. Haberi Ber\u00e7 Ka\u00e7&#8217;\u0131n k\u0131z\u0131 Tamar Ka\u00e7 Erdavityan sosyal medyadan duyurdu ve &#8220;Babam Ber\u00e7 Ka\u00e7, tam bir \u0130stanbul beyefendisi idi&#8230; D\u00fcn gece, uykusunda vefat etti. Tanr\u0131 onun ruhunu, cennetinin solmaz \u0131\u015f\u0131\u011f\u0131nda ayd\u0131nlats\u0131n. Cenaze merasimi 30 Aral\u0131k \u00c7ar\u015famba g\u00fcn\u00fc, kilise hayat\u0131n\u0131n ba\u015flad\u0131\u011f\u0131 Kumkap\u0131 Meryem [&hellip;]<\/p>\n","protected":false},"author":7,"featured_media":60780,"comment_status":"open","ping_status":"open","sticky":false,"template":"","format":"standard","meta":{"footnotes":""},"categories":[1],"tags":[],"class_list":["post-60779","post","type-post","status-publish","format-standard","has-post-thumbnail","hentry","category-haberler"],"yoast_head":"<!-- This site is optimized with the Yoast SEO plugin v27.4 - https:\/\/yoast.com\/product\/yoast-seo-wordpress\/ -->\n<title>\u0130stanbul Ermeni toplumunun tan\u0131nm\u0131\u015f simalar\u0131ndan Ber\u00e7 Ka\u00e7 hayat\u0131n\u0131 kaybetti - Bati Ermenistan Ve Bati Ermenileri Sorunlari Ara\u015ftirmalar Merkezi<\/title>\n<meta name=\"robots\" content=\"index, follow, max-snippet:-1, max-image-preview:large, max-video-preview:-1\" \/>\n<link rel=\"canonical\" href=\"https:\/\/akunq.net\/tr\/?p=60779\" \/>\n<meta property=\"og:locale\" content=\"en_US\" \/>\n<meta property=\"og:type\" content=\"article\" \/>\n<meta property=\"og:title\" content=\"\u0130stanbul Ermeni toplumunun tan\u0131nm\u0131\u015f simalar\u0131ndan Ber\u00e7 Ka\u00e7 hayat\u0131n\u0131 kaybetti - Bati Ermenistan Ve Bati Ermenileri Sorunlari Ara\u015ftirmalar Merkezi\" \/>\n<meta property=\"og:description\" content=\"\u0130stanbul Ermeni toplumunun tan\u0131nm\u0131\u015f d\u00fc\u011f\u00fcn, vaftiz ve cenaze organizat\u00f6rlerinden Ber\u00e7 Ka\u00e7 hayat\u0131n\u0131 kaybetti. Haberi Ber\u00e7 Ka\u00e7&#8217;\u0131n k\u0131z\u0131 Tamar Ka\u00e7 Erdavityan sosyal medyadan duyurdu ve &#8220;Babam Ber\u00e7 Ka\u00e7, tam bir \u0130stanbul beyefendisi idi&#8230; D\u00fcn gece, uykusunda vefat etti. Tanr\u0131 onun ruhunu, cennetinin solmaz \u0131\u015f\u0131\u011f\u0131nda ayd\u0131nlats\u0131n. Cenaze merasimi 30 Aral\u0131k \u00c7ar\u015famba g\u00fcn\u00fc, kilise hayat\u0131n\u0131n ba\u015flad\u0131\u011f\u0131 Kumkap\u0131 Meryem [&hellip;]\" \/>\n<meta property=\"og:url\" content=\"https:\/\/akunq.net\/tr\/?p=60779\" \/>\n<meta property=\"og:site_name\" content=\"Bati Ermenistan Ve Bati Ermenileri Sorunlari Ara\u015ftirmalar Merkezi\" \/>\n<meta property=\"article:published_time\" content=\"2020-12-29T09:21:43+00:00\" \/>\n<meta property=\"og:image\" content=\"https:\/\/akunq.net\/tr\/wp-content\/uploads\/sites\/6\/2020\/12\/Ber\u00e7-Ka\u00e7.jpg\" \/>\n\t<meta property=\"og:image:width\" content=\"512\" \/>\n\t<meta property=\"og:image:height\" content=\"374\" \/>\n\t<meta property=\"og:image:type\" content=\"image\/jpeg\" \/>\n<meta name=\"author\" content=\"admin\" \/>\n<meta name=\"twitter:card\" content=\"summary_large_image\" \/>\n<meta name=\"twitter:label1\" content=\"Written by\" \/>\n\t<meta name=\"twitter:data1\" content=\"admin\" \/>\n\t<meta name=\"twitter:label2\" content=\"Est. reading time\" \/>\n\t<meta name=\"twitter:data2\" content=\"1 minute\" \/>\n<script type=\"application\/ld+json\" class=\"yoast-schema-graph\">{\"@context\":\"https:\\\/\\\/schema.org\",\"@graph\":[{\"@type\":\"Article\",\"@id\":\"https:\\\/\\\/akunq.net\\\/tr\\\/?p=60779#article\",\"isPartOf\":{\"@id\":\"https:\\\/\\\/akunq.net\\\/tr\\\/?p=60779\"},\"author\":{\"name\":\"admin\",\"@id\":\"https:\\\/\\\/akunq.net\\\/tr\\\/#\\\/schema\\\/person\\\/096f1d38a12cce57fb855b485ed24c9e\"},\"headline\":\"\u0130stanbul Ermeni toplumunun tan\u0131nm\u0131\u015f simalar\u0131ndan Ber\u00e7 Ka\u00e7 hayat\u0131n\u0131 kaybetti\",\"datePublished\":\"2020-12-29T09:21:43+00:00\",\"mainEntityOfPage\":{\"@id\":\"https:\\\/\\\/akunq.net\\\/tr\\\/?p=60779\"},\"wordCount\":179,\"commentCount\":0,\"image\":{\"@id\":\"https:\\\/\\\/akunq.net\\\/tr\\\/?p=60779#primaryimage\"},\"thumbnailUrl\":\"https:\\\/\\\/akunq.net\\\/tr\\\/wp-content\\\/uploads\\\/sites\\\/6\\\/2020\\\/12\\\/Ber\u00e7-Ka\u00e7.jpg\",\"articleSection\":[\"Haberler\"],\"inLanguage\":\"en-US\",\"potentialAction\":[{\"@type\":\"CommentAction\",\"name\":\"Comment\",\"target\":[\"https:\\\/\\\/akunq.net\\\/tr\\\/?p=60779#respond\"]}]},{\"@type\":\"WebPage\",\"@id\":\"https:\\\/\\\/akunq.net\\\/tr\\\/?p=60779\",\"url\":\"https:\\\/\\\/akunq.net\\\/tr\\\/?p=60779\",\"name\":\"\u0130stanbul Ermeni toplumunun tan\u0131nm\u0131\u015f simalar\u0131ndan Ber\u00e7 Ka\u00e7 hayat\u0131n\u0131 kaybetti - Bati Ermenistan Ve Bati Ermenileri Sorunlari Ara\u015ftirmalar Merkezi\",\"isPartOf\":{\"@id\":\"https:\\\/\\\/akunq.net\\\/tr\\\/#website\"},\"primaryImageOfPage\":{\"@id\":\"https:\\\/\\\/akunq.net\\\/tr\\\/?p=60779#primaryimage\"},\"image\":{\"@id\":\"https:\\\/\\\/akunq.net\\\/tr\\\/?p=60779#primaryimage\"},\"thumbnailUrl\":\"https:\\\/\\\/akunq.net\\\/tr\\\/wp-content\\\/uploads\\\/sites\\\/6\\\/2020\\\/12\\\/Ber\u00e7-Ka\u00e7.jpg\",\"datePublished\":\"2020-12-29T09:21:43+00:00\",\"author\":{\"@id\":\"https:\\\/\\\/akunq.net\\\/tr\\\/#\\\/schema\\\/person\\\/096f1d38a12cce57fb855b485ed24c9e\"},\"breadcrumb\":{\"@id\":\"https:\\\/\\\/akunq.net\\\/tr\\\/?p=60779#breadcrumb\"},\"inLanguage\":\"en-US\",\"potentialAction\":[{\"@type\":\"ReadAction\",\"target\":[\"https:\\\/\\\/akunq.net\\\/tr\\\/?p=60779\"]}]},{\"@type\":\"ImageObject\",\"inLanguage\":\"en-US\",\"@id\":\"https:\\\/\\\/akunq.net\\\/tr\\\/?p=60779#primaryimage\",\"url\":\"https:\\\/\\\/akunq.net\\\/tr\\\/wp-content\\\/uploads\\\/sites\\\/6\\\/2020\\\/12\\\/Ber\u00e7-Ka\u00e7.jpg\",\"contentUrl\":\"https:\\\/\\\/akunq.net\\\/tr\\\/wp-content\\\/uploads\\\/sites\\\/6\\\/2020\\\/12\\\/Ber\u00e7-Ka\u00e7.jpg\",\"width\":512,\"height\":374},{\"@type\":\"BreadcrumbList\",\"@id\":\"https:\\\/\\\/akunq.net\\\/tr\\\/?p=60779#breadcrumb\",\"itemListElement\":[{\"@type\":\"ListItem\",\"position\":1,\"name\":\"Home\",\"item\":\"https:\\\/\\\/akunq.net\\\/tr\"},{\"@type\":\"ListItem\",\"position\":2,\"name\":\"\u0130stanbul Ermeni toplumunun tan\u0131nm\u0131\u015f simalar\u0131ndan Ber\u00e7 Ka\u00e7 hayat\u0131n\u0131 kaybetti\"}]},{\"@type\":\"WebSite\",\"@id\":\"https:\\\/\\\/akunq.net\\\/tr\\\/#website\",\"url\":\"https:\\\/\\\/akunq.net\\\/tr\\\/\",\"name\":\"Bati Ermenistan Ve Bati Ermenileri Sorunlari Ara\u015ftirmalar Merkezi\",\"description\":\"\",\"potentialAction\":[{\"@type\":\"SearchAction\",\"target\":{\"@type\":\"EntryPoint\",\"urlTemplate\":\"https:\\\/\\\/akunq.net\\\/tr\\\/?s={search_term_string}\"},\"query-input\":{\"@type\":\"PropertyValueSpecification\",\"valueRequired\":true,\"valueName\":\"search_term_string\"}}],\"inLanguage\":\"en-US\"},{\"@type\":\"Person\",\"@id\":\"https:\\\/\\\/akunq.net\\\/tr\\\/#\\\/schema\\\/person\\\/096f1d38a12cce57fb855b485ed24c9e\",\"name\":\"admin\",\"url\":\"https:\\\/\\\/akunq.net\\\/tr\\\/?author=7\"}]}<\/script>\n<!-- \/ Yoast SEO plugin. -->","yoast_head_json":{"title":"\u0130stanbul Ermeni toplumunun tan\u0131nm\u0131\u015f simalar\u0131ndan Ber\u00e7 Ka\u00e7 hayat\u0131n\u0131 kaybetti - Bati Ermenistan Ve Bati Ermenileri Sorunlari Ara\u015ftirmalar Merkezi","robots":{"index":"index","follow":"follow","max-snippet":"max-snippet:-1","max-image-preview":"max-image-preview:large","max-video-preview":"max-video-preview:-1"},"canonical":"https:\/\/akunq.net\/tr\/?p=60779","og_locale":"en_US","og_type":"article","og_title":"\u0130stanbul Ermeni toplumunun tan\u0131nm\u0131\u015f simalar\u0131ndan Ber\u00e7 Ka\u00e7 hayat\u0131n\u0131 kaybetti - Bati Ermenistan Ve Bati Ermenileri Sorunlari Ara\u015ftirmalar Merkezi","og_description":"\u0130stanbul Ermeni toplumunun tan\u0131nm\u0131\u015f d\u00fc\u011f\u00fcn, vaftiz ve cenaze organizat\u00f6rlerinden Ber\u00e7 Ka\u00e7 hayat\u0131n\u0131 kaybetti. Haberi Ber\u00e7 Ka\u00e7&#8217;\u0131n k\u0131z\u0131 Tamar Ka\u00e7 Erdavityan sosyal medyadan duyurdu ve &#8220;Babam Ber\u00e7 Ka\u00e7, tam bir \u0130stanbul beyefendisi idi&#8230; D\u00fcn gece, uykusunda vefat etti. Tanr\u0131 onun ruhunu, cennetinin solmaz \u0131\u015f\u0131\u011f\u0131nda ayd\u0131nlats\u0131n. Cenaze merasimi 30 Aral\u0131k \u00c7ar\u015famba g\u00fcn\u00fc, kilise hayat\u0131n\u0131n ba\u015flad\u0131\u011f\u0131 Kumkap\u0131 Meryem [&hellip;]","og_url":"https:\/\/akunq.net\/tr\/?p=60779","og_site_name":"Bati Ermenistan Ve Bati Ermenileri Sorunlari Ara\u015ftirmalar Merkezi","article_published_time":"2020-12-29T09:21:43+00:00","og_image":[{"width":512,"height":374,"url":"https:\/\/akunq.net\/tr\/wp-content\/uploads\/sites\/6\/2020\/12\/Ber\u00e7-Ka\u00e7.jpg","type":"image\/jpeg"}],"author":"admin","twitter_card":"summary_large_image","twitter_misc":{"Written by":"admin","Est. reading time":"1 minute"},"schema":{"@context":"https:\/\/schema.org","@graph":[{"@type":"Article","@id":"https:\/\/akunq.net\/tr\/?p=60779#article","isPartOf":{"@id":"https:\/\/akunq.net\/tr\/?p=60779"},"author":{"name":"admin","@id":"https:\/\/akunq.net\/tr\/#\/schema\/person\/096f1d38a12cce57fb855b485ed24c9e"},"headline":"\u0130stanbul Ermeni toplumunun tan\u0131nm\u0131\u015f simalar\u0131ndan Ber\u00e7 Ka\u00e7 hayat\u0131n\u0131 kaybetti","datePublished":"2020-12-29T09:21:43+00:00","mainEntityOfPage":{"@id":"https:\/\/akunq.net\/tr\/?p=60779"},"wordCount":179,"commentCount":0,"image":{"@id":"https:\/\/akunq.net\/tr\/?p=60779#primaryimage"},"thumbnailUrl":"https:\/\/akunq.net\/tr\/wp-content\/uploads\/sites\/6\/2020\/12\/Ber\u00e7-Ka\u00e7.jpg","articleSection":["Haberler"],"inLanguage":"en-US","potentialAction":[{"@type":"CommentAction","name":"Comment","target":["https:\/\/akunq.net\/tr\/?p=60779#respond"]}]},{"@type":"WebPage","@id":"https:\/\/akunq.net\/tr\/?p=60779","url":"https:\/\/akunq.net\/tr\/?p=60779","name":"\u0130stanbul Ermeni toplumunun tan\u0131nm\u0131\u015f simalar\u0131ndan Ber\u00e7 Ka\u00e7 hayat\u0131n\u0131 kaybetti - Bati Ermenistan Ve Bati Ermenileri Sorunlari Ara\u015ftirmalar Merkezi","isPartOf":{"@id":"https:\/\/akunq.net\/tr\/#website"},"primaryImageOfPage":{"@id":"https:\/\/akunq.net\/tr\/?p=60779#primaryimage"},"image":{"@id":"https:\/\/akunq.net\/tr\/?p=60779#primaryimage"},"thumbnailUrl":"https:\/\/akunq.net\/tr\/wp-content\/uploads\/sites\/6\/2020\/12\/Ber\u00e7-Ka\u00e7.jpg","datePublished":"2020-12-29T09:21:43+00:00","author":{"@id":"https:\/\/akunq.net\/tr\/#\/schema\/person\/096f1d38a12cce57fb855b485ed24c9e"},"breadcrumb":{"@id":"https:\/\/akunq.net\/tr\/?p=60779#breadcrumb"},"inLanguage":"en-US","potentialAction":[{"@type":"ReadAction","target":["https:\/\/akunq.net\/tr\/?p=60779"]}]},{"@type":"ImageObject","inLanguage":"en-US","@id":"https:\/\/akunq.net\/tr\/?p=60779#primaryimage","url":"https:\/\/akunq.net\/tr\/wp-content\/uploads\/sites\/6\/2020\/12\/Ber\u00e7-Ka\u00e7.jpg","contentUrl":"https:\/\/akunq.net\/tr\/wp-content\/uploads\/sites\/6\/2020\/12\/Ber\u00e7-Ka\u00e7.jpg","width":512,"height":374},{"@type":"BreadcrumbList","@id":"https:\/\/akunq.net\/tr\/?p=60779#breadcrumb","itemListElement":[{"@type":"ListItem","position":1,"name":"Home","item":"https:\/\/akunq.net\/tr"},{"@type":"ListItem","position":2,"name":"\u0130stanbul Ermeni toplumunun tan\u0131nm\u0131\u015f simalar\u0131ndan Ber\u00e7 Ka\u00e7 hayat\u0131n\u0131 kaybetti"}]},{"@type":"WebSite","@id":"https:\/\/akunq.net\/tr\/#website","url":"https:\/\/akunq.net\/tr\/","name":"Bati Ermenistan Ve Bati Ermenileri Sorunlari Ara\u015ftirmalar Merkezi","description":"","potentialAction":[{"@type":"SearchAction","target":{"@type":"EntryPoint","urlTemplate":"https:\/\/akunq.net\/tr\/?s={search_term_string}"},"query-input":{"@type":"PropertyValueSpecification","valueRequired":true,"valueName":"search_term_string"}}],"inLanguage":"en-US"},{"@type":"Person","@id":"https:\/\/akunq.net\/tr\/#\/schema\/person\/096f1d38a12cce57fb855b485ed24c9e","name":"admin","url":"https:\/\/akunq.net\/tr\/?author=7"}]}},"_links":{"self":[{"href":"https:\/\/akunq.net\/tr\/index.php?rest_route=\/wp\/v2\/posts\/60779","targetHints":{"allow":["GET"]}}],"collection":[{"href":"https:\/\/akunq.net\/tr\/index.php?rest_route=\/wp\/v2\/posts"}],"about":[{"href":"https:\/\/akunq.net\/tr\/index.php?rest_route=\/wp\/v2\/types\/post"}],"author":[{"embeddable":true,"href":"https:\/\/akunq.net\/tr\/index.php?rest_route=\/wp\/v2\/users\/7"}],"replies":[{"embeddable":true,"href":"https:\/\/akunq.net\/tr\/index.php?rest_route=%2Fwp%2Fv2%2Fcomments&post=60779"}],"version-history":[{"count":1,"href":"https:\/\/akunq.net\/tr\/index.php?rest_route=\/wp\/v2\/posts\/60779\/revisions"}],"predecessor-version":[{"id":60781,"href":"https:\/\/akunq.net\/tr\/index.php?rest_route=\/wp\/v2\/posts\/60779\/revisions\/60781"}],"wp:featuredmedia":[{"embeddable":true,"href":"https:\/\/akunq.net\/tr\/index.php?rest_route=\/wp\/v2\/media\/60780"}],"wp:attachment":[{"href":"https:\/\/akunq.net\/tr\/index.php?rest_route=%2Fwp%2Fv2%2Fmedia&parent=60779"}],"wp:term":[{"taxonomy":"category","embeddable":true,"href":"https:\/\/akunq.net\/tr\/index.php?rest_route=%2Fwp%2Fv2%2Fcategories&post=60779"},{"taxonomy":"post_tag","embeddable":true,"href":"https:\/\/akunq.net\/tr\/index.php?rest_route=%2Fwp%2Fv2%2Ftags&post=60779"}],"curies":[{"name":"wp","href":"https:\/\/api.w.org\/{rel}","templated":true}]}}