{"id":60770,"date":"2020-12-28T04:20:20","date_gmt":"2020-12-28T09:20:20","guid":{"rendered":"https:\/\/akunq.net\/tr\/?p=60770"},"modified":"2020-12-28T04:20:20","modified_gmt":"2020-12-28T09:20:20","slug":"mardinde-noel-ayini-yapildi","status":"publish","type":"post","link":"https:\/\/akunq.net\/tr\/?p=60770","title":{"rendered":"Mardin\u2019de Noel ayini yap\u0131ld\u0131"},"content":{"rendered":"<p><img loading=\"lazy\" decoding=\"async\" class=\"aligncenter size-medium wp-image-60771\" src=\"https:\/\/akunq.net\/tr\/wp-content\/uploads\/2020\/12\/Mardin\u2019de-Noel-360x200.jpg\" alt=\"\" width=\"360\" height=\"200\" srcset=\"https:\/\/akunq.net\/tr\/wp-content\/uploads\/sites\/6\/2020\/12\/Mardin\u2019de-Noel-360x200.jpg 360w, https:\/\/akunq.net\/tr\/wp-content\/uploads\/sites\/6\/2020\/12\/Mardin\u2019de-Noel-560x311.jpg 560w, https:\/\/akunq.net\/tr\/wp-content\/uploads\/sites\/6\/2020\/12\/Mardin\u2019de-Noel-260x144.jpg 260w, https:\/\/akunq.net\/tr\/wp-content\/uploads\/sites\/6\/2020\/12\/Mardin\u2019de-Noel-160x89.jpg 160w, https:\/\/akunq.net\/tr\/wp-content\/uploads\/sites\/6\/2020\/12\/Mardin\u2019de-Noel.jpg 720w\" sizes=\"auto, (max-width: 360px) 100vw, 360px\" \/><\/p>\n<p><em><strong>Mardin\u2019deki tarihi K\u0131rklar Kilisesi\u2019nde, yeni tip koronavir\u00fcs \u00f6nlemleri kapsam\u0131nda sosyal mesafe kurallar\u0131na uyularak Noel ayini d\u00fczenledi.<\/strong><\/em><\/p>\n<p>Mardin\u2019de, S\u00fcryani din g\u00f6revlilerinin ald\u0131\u011f\u0131 karar neticesinde Noel i\u00e7in ayin yap\u0131ld\u0131. Merkez Artuklu il\u00e7esindeki K\u0131rklar Kilisesi\u2019nde Covid-19 tedbirleri alt\u0131nda ger\u00e7ekle\u015ftirilen ayine, sosyal mesafe kural\u0131 do\u011frultusunda s\u0131n\u0131rl\u0131 say\u0131da ki\u015fi kat\u0131ld\u0131.<\/p>\n<p>AA\u2019n\u0131n haberine g\u00f6re K\u0131rklar Kilisesi Ba\u015fpapaz\u0131 Gabriel Aky\u00fcz\u2019\u00fcn y\u00f6netti\u011fi ayinde, mumlar yak\u0131larak dilekler tutuldu, d\u00fcnyan\u0131n huzura kavu\u015fmas\u0131 ve koronavir\u00fcsten kurtulmas\u0131 i\u00e7in S\u00fcryanice ve T\u00fcrk\u00e7e ilahiler, dualar okundu.<\/p>\n<p>Ba\u015fpapaz Aky\u00fcz, Covid-19\u2019a yakaland\u0131\u011f\u0131 i\u00e7in ayine kat\u0131lamayan Mardin ve Diyarbak\u0131r Metropoliti Saliba \u00d6zmen\u2019in mesaj\u0131n\u0131 okudu.<\/p>\n<p>Ayinin ard\u0131ndan g\u00f6revliler, sosyal mesafe kurallar\u0131na uygun olarak bayramla\u015ft\u0131, mum yak\u0131p dua etti.<\/p>\n<p>Aky\u00fcz, S\u00fcryaniler i\u00e7in \u00e7ok \u00f6nemli bir bayrama girdiklerini, bu kapsamda tedbirlere uyarak ayin d\u00fczenlediklerini s\u00f6yledi.<\/p>\n<p>Her y\u0131l kilisede cemaatin dolup ta\u015ft\u0131\u011f\u0131n\u0131 ancak bu y\u0131l \u00e7ok az ki\u015finin kat\u0131l\u0131m\u0131yla ayin yap\u0131ld\u0131\u011f\u0131n\u0131 belirten Aky\u00fcz, \u201cBir y\u0131ldan beridir devam eden bu bula\u015f\u0131c\u0131 hastal\u0131k, insanlar\u0131 evlerine hapsetti. Bir\u00e7ok ki\u015fi vefat etmi\u015ftir. Bir\u00e7ok ki\u015fi hastanelerde yatmaktad\u0131r. Bu k\u00f6t\u00fc hastal\u0131\u011f\u0131n d\u00fcnyadan, \u00fclkemizden, b\u00f6lgemizden kalkmas\u0131 i\u00e7in dualar ettik.\u201d diye konu\u015ftu.<\/p>\n<hr \/>\n<p><em><strong><a href=\"https:\/\/www.birgun.net\/haber\/mardin-de-noel-ayini-yapildi-328002\" target=\"_blank\" rel=\"noopener noreferrer\">BirG\u00fcn Gazetesi<\/a><\/strong><\/em><\/p>\n","protected":false},"excerpt":{"rendered":"<p>Mardin\u2019deki tarihi K\u0131rklar Kilisesi\u2019nde, yeni tip koronavir\u00fcs \u00f6nlemleri kapsam\u0131nda sosyal mesafe kurallar\u0131na uyularak Noel ayini d\u00fczenledi. Mardin\u2019de, S\u00fcryani din g\u00f6revlilerinin ald\u0131\u011f\u0131 karar neticesinde Noel i\u00e7in ayin yap\u0131ld\u0131. Merkez Artuklu il\u00e7esindeki K\u0131rklar Kilisesi\u2019nde Covid-19 tedbirleri alt\u0131nda ger\u00e7ekle\u015ftirilen ayine, sosyal mesafe kural\u0131 do\u011frultusunda s\u0131n\u0131rl\u0131 say\u0131da ki\u015fi kat\u0131ld\u0131. AA\u2019n\u0131n haberine g\u00f6re K\u0131rklar Kilisesi Ba\u015fpapaz\u0131 Gabriel Aky\u00fcz\u2019\u00fcn y\u00f6netti\u011fi ayinde, [&hellip;]<\/p>\n","protected":false},"author":7,"featured_media":60771,"comment_status":"open","ping_status":"open","sticky":false,"template":"","format":"standard","meta":{"footnotes":""},"categories":[1],"tags":[],"class_list":["post-60770","post","type-post","status-publish","format-standard","has-post-thumbnail","hentry","category-haberler"],"yoast_head":"<!-- This site is optimized with the Yoast SEO plugin v27.4 - https:\/\/yoast.com\/product\/yoast-seo-wordpress\/ -->\n<title>Mardin\u2019de Noel ayini yap\u0131ld\u0131 - Bati Ermenistan Ve Bati Ermenileri Sorunlari Ara\u015ftirmalar Merkezi<\/title>\n<meta name=\"robots\" content=\"index, follow, max-snippet:-1, max-image-preview:large, max-video-preview:-1\" \/>\n<link rel=\"canonical\" href=\"https:\/\/akunq.net\/tr\/?p=60770\" \/>\n<meta property=\"og:locale\" content=\"en_US\" \/>\n<meta property=\"og:type\" content=\"article\" \/>\n<meta property=\"og:title\" content=\"Mardin\u2019de Noel ayini yap\u0131ld\u0131 - Bati Ermenistan Ve Bati Ermenileri Sorunlari Ara\u015ftirmalar Merkezi\" \/>\n<meta property=\"og:description\" content=\"Mardin\u2019deki tarihi K\u0131rklar Kilisesi\u2019nde, yeni tip koronavir\u00fcs \u00f6nlemleri kapsam\u0131nda sosyal mesafe kurallar\u0131na uyularak Noel ayini d\u00fczenledi. Mardin\u2019de, S\u00fcryani din g\u00f6revlilerinin ald\u0131\u011f\u0131 karar neticesinde Noel i\u00e7in ayin yap\u0131ld\u0131. Merkez Artuklu il\u00e7esindeki K\u0131rklar Kilisesi\u2019nde Covid-19 tedbirleri alt\u0131nda ger\u00e7ekle\u015ftirilen ayine, sosyal mesafe kural\u0131 do\u011frultusunda s\u0131n\u0131rl\u0131 say\u0131da ki\u015fi kat\u0131ld\u0131. AA\u2019n\u0131n haberine g\u00f6re K\u0131rklar Kilisesi Ba\u015fpapaz\u0131 Gabriel Aky\u00fcz\u2019\u00fcn y\u00f6netti\u011fi ayinde, [&hellip;]\" \/>\n<meta property=\"og:url\" content=\"https:\/\/akunq.net\/tr\/?p=60770\" \/>\n<meta property=\"og:site_name\" content=\"Bati Ermenistan Ve Bati Ermenileri Sorunlari Ara\u015ftirmalar Merkezi\" \/>\n<meta property=\"article:published_time\" content=\"2020-12-28T09:20:20+00:00\" \/>\n<meta property=\"og:image\" content=\"https:\/\/akunq.net\/tr\/wp-content\/uploads\/sites\/6\/2020\/12\/Mardin\u2019de-Noel.jpg\" \/>\n\t<meta property=\"og:image:width\" content=\"720\" \/>\n\t<meta property=\"og:image:height\" content=\"400\" \/>\n\t<meta property=\"og:image:type\" content=\"image\/jpeg\" \/>\n<meta name=\"author\" content=\"admin\" \/>\n<meta name=\"twitter:card\" content=\"summary_large_image\" \/>\n<meta name=\"twitter:label1\" content=\"Written by\" \/>\n\t<meta name=\"twitter:data1\" content=\"admin\" \/>\n\t<meta name=\"twitter:label2\" content=\"Est. reading time\" \/>\n\t<meta name=\"twitter:data2\" content=\"1 minute\" \/>\n<script type=\"application\/ld+json\" class=\"yoast-schema-graph\">{\"@context\":\"https:\\\/\\\/schema.org\",\"@graph\":[{\"@type\":\"Article\",\"@id\":\"https:\\\/\\\/akunq.net\\\/tr\\\/?p=60770#article\",\"isPartOf\":{\"@id\":\"https:\\\/\\\/akunq.net\\\/tr\\\/?p=60770\"},\"author\":{\"name\":\"admin\",\"@id\":\"https:\\\/\\\/akunq.net\\\/tr\\\/#\\\/schema\\\/person\\\/096f1d38a12cce57fb855b485ed24c9e\"},\"headline\":\"Mardin\u2019de Noel ayini yap\u0131ld\u0131\",\"datePublished\":\"2020-12-28T09:20:20+00:00\",\"mainEntityOfPage\":{\"@id\":\"https:\\\/\\\/akunq.net\\\/tr\\\/?p=60770\"},\"wordCount\":258,\"commentCount\":0,\"image\":{\"@id\":\"https:\\\/\\\/akunq.net\\\/tr\\\/?p=60770#primaryimage\"},\"thumbnailUrl\":\"https:\\\/\\\/akunq.net\\\/tr\\\/wp-content\\\/uploads\\\/sites\\\/6\\\/2020\\\/12\\\/Mardin\u2019de-Noel.jpg\",\"articleSection\":[\"Haberler\"],\"inLanguage\":\"en-US\",\"potentialAction\":[{\"@type\":\"CommentAction\",\"name\":\"Comment\",\"target\":[\"https:\\\/\\\/akunq.net\\\/tr\\\/?p=60770#respond\"]}]},{\"@type\":\"WebPage\",\"@id\":\"https:\\\/\\\/akunq.net\\\/tr\\\/?p=60770\",\"url\":\"https:\\\/\\\/akunq.net\\\/tr\\\/?p=60770\",\"name\":\"Mardin\u2019de Noel ayini yap\u0131ld\u0131 - Bati Ermenistan Ve Bati Ermenileri Sorunlari Ara\u015ftirmalar Merkezi\",\"isPartOf\":{\"@id\":\"https:\\\/\\\/akunq.net\\\/tr\\\/#website\"},\"primaryImageOfPage\":{\"@id\":\"https:\\\/\\\/akunq.net\\\/tr\\\/?p=60770#primaryimage\"},\"image\":{\"@id\":\"https:\\\/\\\/akunq.net\\\/tr\\\/?p=60770#primaryimage\"},\"thumbnailUrl\":\"https:\\\/\\\/akunq.net\\\/tr\\\/wp-content\\\/uploads\\\/sites\\\/6\\\/2020\\\/12\\\/Mardin\u2019de-Noel.jpg\",\"datePublished\":\"2020-12-28T09:20:20+00:00\",\"author\":{\"@id\":\"https:\\\/\\\/akunq.net\\\/tr\\\/#\\\/schema\\\/person\\\/096f1d38a12cce57fb855b485ed24c9e\"},\"breadcrumb\":{\"@id\":\"https:\\\/\\\/akunq.net\\\/tr\\\/?p=60770#breadcrumb\"},\"inLanguage\":\"en-US\",\"potentialAction\":[{\"@type\":\"ReadAction\",\"target\":[\"https:\\\/\\\/akunq.net\\\/tr\\\/?p=60770\"]}]},{\"@type\":\"ImageObject\",\"inLanguage\":\"en-US\",\"@id\":\"https:\\\/\\\/akunq.net\\\/tr\\\/?p=60770#primaryimage\",\"url\":\"https:\\\/\\\/akunq.net\\\/tr\\\/wp-content\\\/uploads\\\/sites\\\/6\\\/2020\\\/12\\\/Mardin\u2019de-Noel.jpg\",\"contentUrl\":\"https:\\\/\\\/akunq.net\\\/tr\\\/wp-content\\\/uploads\\\/sites\\\/6\\\/2020\\\/12\\\/Mardin\u2019de-Noel.jpg\",\"width\":720,\"height\":400},{\"@type\":\"BreadcrumbList\",\"@id\":\"https:\\\/\\\/akunq.net\\\/tr\\\/?p=60770#breadcrumb\",\"itemListElement\":[{\"@type\":\"ListItem\",\"position\":1,\"name\":\"Home\",\"item\":\"https:\\\/\\\/akunq.net\\\/tr\"},{\"@type\":\"ListItem\",\"position\":2,\"name\":\"Mardin\u2019de Noel ayini yap\u0131ld\u0131\"}]},{\"@type\":\"WebSite\",\"@id\":\"https:\\\/\\\/akunq.net\\\/tr\\\/#website\",\"url\":\"https:\\\/\\\/akunq.net\\\/tr\\\/\",\"name\":\"Bati Ermenistan Ve Bati Ermenileri Sorunlari Ara\u015ftirmalar Merkezi\",\"description\":\"\",\"potentialAction\":[{\"@type\":\"SearchAction\",\"target\":{\"@type\":\"EntryPoint\",\"urlTemplate\":\"https:\\\/\\\/akunq.net\\\/tr\\\/?s={search_term_string}\"},\"query-input\":{\"@type\":\"PropertyValueSpecification\",\"valueRequired\":true,\"valueName\":\"search_term_string\"}}],\"inLanguage\":\"en-US\"},{\"@type\":\"Person\",\"@id\":\"https:\\\/\\\/akunq.net\\\/tr\\\/#\\\/schema\\\/person\\\/096f1d38a12cce57fb855b485ed24c9e\",\"name\":\"admin\",\"url\":\"https:\\\/\\\/akunq.net\\\/tr\\\/?author=7\"}]}<\/script>\n<!-- \/ Yoast SEO plugin. -->","yoast_head_json":{"title":"Mardin\u2019de Noel ayini yap\u0131ld\u0131 - Bati Ermenistan Ve Bati Ermenileri Sorunlari Ara\u015ftirmalar Merkezi","robots":{"index":"index","follow":"follow","max-snippet":"max-snippet:-1","max-image-preview":"max-image-preview:large","max-video-preview":"max-video-preview:-1"},"canonical":"https:\/\/akunq.net\/tr\/?p=60770","og_locale":"en_US","og_type":"article","og_title":"Mardin\u2019de Noel ayini yap\u0131ld\u0131 - Bati Ermenistan Ve Bati Ermenileri Sorunlari Ara\u015ftirmalar Merkezi","og_description":"Mardin\u2019deki tarihi K\u0131rklar Kilisesi\u2019nde, yeni tip koronavir\u00fcs \u00f6nlemleri kapsam\u0131nda sosyal mesafe kurallar\u0131na uyularak Noel ayini d\u00fczenledi. Mardin\u2019de, S\u00fcryani din g\u00f6revlilerinin ald\u0131\u011f\u0131 karar neticesinde Noel i\u00e7in ayin yap\u0131ld\u0131. Merkez Artuklu il\u00e7esindeki K\u0131rklar Kilisesi\u2019nde Covid-19 tedbirleri alt\u0131nda ger\u00e7ekle\u015ftirilen ayine, sosyal mesafe kural\u0131 do\u011frultusunda s\u0131n\u0131rl\u0131 say\u0131da ki\u015fi kat\u0131ld\u0131. AA\u2019n\u0131n haberine g\u00f6re K\u0131rklar Kilisesi Ba\u015fpapaz\u0131 Gabriel Aky\u00fcz\u2019\u00fcn y\u00f6netti\u011fi ayinde, [&hellip;]","og_url":"https:\/\/akunq.net\/tr\/?p=60770","og_site_name":"Bati Ermenistan Ve Bati Ermenileri Sorunlari Ara\u015ftirmalar Merkezi","article_published_time":"2020-12-28T09:20:20+00:00","og_image":[{"width":720,"height":400,"url":"https:\/\/akunq.net\/tr\/wp-content\/uploads\/sites\/6\/2020\/12\/Mardin\u2019de-Noel.jpg","type":"image\/jpeg"}],"author":"admin","twitter_card":"summary_large_image","twitter_misc":{"Written by":"admin","Est. reading time":"1 minute"},"schema":{"@context":"https:\/\/schema.org","@graph":[{"@type":"Article","@id":"https:\/\/akunq.net\/tr\/?p=60770#article","isPartOf":{"@id":"https:\/\/akunq.net\/tr\/?p=60770"},"author":{"name":"admin","@id":"https:\/\/akunq.net\/tr\/#\/schema\/person\/096f1d38a12cce57fb855b485ed24c9e"},"headline":"Mardin\u2019de Noel ayini yap\u0131ld\u0131","datePublished":"2020-12-28T09:20:20+00:00","mainEntityOfPage":{"@id":"https:\/\/akunq.net\/tr\/?p=60770"},"wordCount":258,"commentCount":0,"image":{"@id":"https:\/\/akunq.net\/tr\/?p=60770#primaryimage"},"thumbnailUrl":"https:\/\/akunq.net\/tr\/wp-content\/uploads\/sites\/6\/2020\/12\/Mardin\u2019de-Noel.jpg","articleSection":["Haberler"],"inLanguage":"en-US","potentialAction":[{"@type":"CommentAction","name":"Comment","target":["https:\/\/akunq.net\/tr\/?p=60770#respond"]}]},{"@type":"WebPage","@id":"https:\/\/akunq.net\/tr\/?p=60770","url":"https:\/\/akunq.net\/tr\/?p=60770","name":"Mardin\u2019de Noel ayini yap\u0131ld\u0131 - Bati Ermenistan Ve Bati Ermenileri Sorunlari Ara\u015ftirmalar Merkezi","isPartOf":{"@id":"https:\/\/akunq.net\/tr\/#website"},"primaryImageOfPage":{"@id":"https:\/\/akunq.net\/tr\/?p=60770#primaryimage"},"image":{"@id":"https:\/\/akunq.net\/tr\/?p=60770#primaryimage"},"thumbnailUrl":"https:\/\/akunq.net\/tr\/wp-content\/uploads\/sites\/6\/2020\/12\/Mardin\u2019de-Noel.jpg","datePublished":"2020-12-28T09:20:20+00:00","author":{"@id":"https:\/\/akunq.net\/tr\/#\/schema\/person\/096f1d38a12cce57fb855b485ed24c9e"},"breadcrumb":{"@id":"https:\/\/akunq.net\/tr\/?p=60770#breadcrumb"},"inLanguage":"en-US","potentialAction":[{"@type":"ReadAction","target":["https:\/\/akunq.net\/tr\/?p=60770"]}]},{"@type":"ImageObject","inLanguage":"en-US","@id":"https:\/\/akunq.net\/tr\/?p=60770#primaryimage","url":"https:\/\/akunq.net\/tr\/wp-content\/uploads\/sites\/6\/2020\/12\/Mardin\u2019de-Noel.jpg","contentUrl":"https:\/\/akunq.net\/tr\/wp-content\/uploads\/sites\/6\/2020\/12\/Mardin\u2019de-Noel.jpg","width":720,"height":400},{"@type":"BreadcrumbList","@id":"https:\/\/akunq.net\/tr\/?p=60770#breadcrumb","itemListElement":[{"@type":"ListItem","position":1,"name":"Home","item":"https:\/\/akunq.net\/tr"},{"@type":"ListItem","position":2,"name":"Mardin\u2019de Noel ayini yap\u0131ld\u0131"}]},{"@type":"WebSite","@id":"https:\/\/akunq.net\/tr\/#website","url":"https:\/\/akunq.net\/tr\/","name":"Bati Ermenistan Ve Bati Ermenileri Sorunlari Ara\u015ftirmalar Merkezi","description":"","potentialAction":[{"@type":"SearchAction","target":{"@type":"EntryPoint","urlTemplate":"https:\/\/akunq.net\/tr\/?s={search_term_string}"},"query-input":{"@type":"PropertyValueSpecification","valueRequired":true,"valueName":"search_term_string"}}],"inLanguage":"en-US"},{"@type":"Person","@id":"https:\/\/akunq.net\/tr\/#\/schema\/person\/096f1d38a12cce57fb855b485ed24c9e","name":"admin","url":"https:\/\/akunq.net\/tr\/?author=7"}]}},"_links":{"self":[{"href":"https:\/\/akunq.net\/tr\/index.php?rest_route=\/wp\/v2\/posts\/60770","targetHints":{"allow":["GET"]}}],"collection":[{"href":"https:\/\/akunq.net\/tr\/index.php?rest_route=\/wp\/v2\/posts"}],"about":[{"href":"https:\/\/akunq.net\/tr\/index.php?rest_route=\/wp\/v2\/types\/post"}],"author":[{"embeddable":true,"href":"https:\/\/akunq.net\/tr\/index.php?rest_route=\/wp\/v2\/users\/7"}],"replies":[{"embeddable":true,"href":"https:\/\/akunq.net\/tr\/index.php?rest_route=%2Fwp%2Fv2%2Fcomments&post=60770"}],"version-history":[{"count":1,"href":"https:\/\/akunq.net\/tr\/index.php?rest_route=\/wp\/v2\/posts\/60770\/revisions"}],"predecessor-version":[{"id":60772,"href":"https:\/\/akunq.net\/tr\/index.php?rest_route=\/wp\/v2\/posts\/60770\/revisions\/60772"}],"wp:featuredmedia":[{"embeddable":true,"href":"https:\/\/akunq.net\/tr\/index.php?rest_route=\/wp\/v2\/media\/60771"}],"wp:attachment":[{"href":"https:\/\/akunq.net\/tr\/index.php?rest_route=%2Fwp%2Fv2%2Fmedia&parent=60770"}],"wp:term":[{"taxonomy":"category","embeddable":true,"href":"https:\/\/akunq.net\/tr\/index.php?rest_route=%2Fwp%2Fv2%2Fcategories&post=60770"},{"taxonomy":"post_tag","embeddable":true,"href":"https:\/\/akunq.net\/tr\/index.php?rest_route=%2Fwp%2Fv2%2Ftags&post=60770"}],"curies":[{"name":"wp","href":"https:\/\/api.w.org\/{rel}","templated":true}]}}