{"id":60767,"date":"2020-12-28T04:12:34","date_gmt":"2020-12-28T09:12:34","guid":{"rendered":"https:\/\/akunq.net\/tr\/?p=60767"},"modified":"2020-12-28T04:12:34","modified_gmt":"2020-12-28T09:12:34","slug":"tarihi-meryem-ana-kilisesi-restore-ediliyor","status":"publish","type":"post","link":"https:\/\/akunq.net\/tr\/?p=60767","title":{"rendered":"Tarihi Meryem Ana Kilisesi restore ediliyor"},"content":{"rendered":"<p><img loading=\"lazy\" decoding=\"async\" class=\"aligncenter size-medium wp-image-60768\" src=\"https:\/\/akunq.net\/tr\/wp-content\/uploads\/2020\/12\/Meryem-Ana-Kilisesi-360x191.jpg\" alt=\"\" width=\"360\" height=\"191\" srcset=\"https:\/\/akunq.net\/tr\/wp-content\/uploads\/sites\/6\/2020\/12\/Meryem-Ana-Kilisesi-360x191.jpg 360w, https:\/\/akunq.net\/tr\/wp-content\/uploads\/sites\/6\/2020\/12\/Meryem-Ana-Kilisesi-560x296.jpg 560w, https:\/\/akunq.net\/tr\/wp-content\/uploads\/sites\/6\/2020\/12\/Meryem-Ana-Kilisesi-260x138.jpg 260w, https:\/\/akunq.net\/tr\/wp-content\/uploads\/sites\/6\/2020\/12\/Meryem-Ana-Kilisesi-160x85.jpg 160w, https:\/\/akunq.net\/tr\/wp-content\/uploads\/sites\/6\/2020\/12\/Meryem-Ana-Kilisesi.jpg 650w\" sizes=\"auto, (max-width: 360px) 100vw, 360px\" \/><\/p>\n<p><strong>ALP K\u00d6R\u00dcKC\u00dc<\/strong><\/p>\n<p><em><strong>Nev\u015fehir\u2019de Kahveci Da\u011f\u0131 eteklerinde bulunan ve 1924 y\u0131l\u0131ndaki m\u00fcbadelenin ard\u0131ndan 1950 y\u0131l\u0131ndan sonra cezaevi olarak kullan\u0131lan 171 y\u0131ll\u0131k tarihi Meryem Ana Kilisesi\u2019nde restorasyon \u00e7al\u0131\u015fmalar\u0131na ba\u015fland\u0131.<\/strong><\/em><\/p>\n<p>T\u00fcrkiye\u2019nin en \u00f6nemli turizm merkezlerinden Kapadokya b\u00f6lgesinin ana idari merkezi konumundaki Nev\u015fehir\u2019in en eski an\u0131tsal tarihi yap\u0131lar\u0131ndan Meryem Ana Kilisesi turizme kazand\u0131r\u0131l\u0131yor.<\/p>\n<p>Tarihi yap\u0131 i\u00e7in ge\u00e7ti\u011fimiz g\u00fcnlerde ger\u00e7ekle\u015ftirilen ihalenin ard\u0131ndan y\u00fcklenici firma \u00e7al\u0131\u015fmalar\u0131na ba\u015flad\u0131.<\/p>\n<p>Ger\u00e7ekle\u015ftirilecek olan \u00e7al\u0131\u015fmalar ile birlikte ilk olarak tarihi kilisenin d\u0131\u015f cephesi raspa yap\u0131larak temizlenecek ve \u00e7at\u0131 onar\u0131m\u0131 yap\u0131lacak.<\/p>\n<p>\u0130\u00e7 mekanlar\u0131nda sonradan eklenen b\u00f6l\u00fcmlerin y\u0131k\u0131larak asl\u0131na uygun bir \u015fekilde restore edilecek olan kilisenin duvarlar\u0131ndaki fresklerde onar\u0131larak yeniden g\u00fcn y\u00fcz\u00fcne \u00e7\u0131kar\u0131lacak.<\/p>\n<p>Yakla\u015f\u0131k 1 y\u0131l s\u00fcrmesi beklenen \u00e7al\u0131\u015fmalar\u0131n ard\u0131ndan kilise yerli ve yabanc\u0131 turistlerin ziyaretine a\u00e7\u0131lacak.<\/p>\n<p>Birinci Abdulhamit d\u00f6neminde yapt\u0131r\u0131lan ve 1849 y\u0131l\u0131nda Kayseri Metropoliti Paisios taraf\u0131ndan ibadete a\u00e7\u0131ld\u0131ktan sonra 1924 y\u0131l\u0131 m\u00fcbadelesine kadar faaliyetini s\u00fcrd\u00fcren kilise, bu tarihten itibaren kullan\u0131lmam\u0131\u015f.<\/p>\n<p>Meryem Ana Kilisesi, 1950 y\u0131l\u0131nda \u201cNev\u015fehir Cezaevi\u201dne d\u00f6n\u00fc\u015ft\u00fcr\u00fclm\u00fc\u015f.<\/p>\n<p>1983 y\u0131l\u0131nda cezaevinin yeni yerine ta\u015f\u0131nmas\u0131yla bo\u015falan bina, o tarihten g\u00fcn\u00fcm\u00fcze adeta kaderine terk edilmi\u015fti.<\/p>\n<p>Belediye Ba\u015fkan\u0131 Rasim Ar\u0131, restorasyon \u00e7al\u0131\u015fmalar\u0131n\u0131n tamamlanmas\u0131 ile birlikte kiliseyi turizme kazand\u0131racaklar\u0131n\u0131 ifade etti.<\/p>\n<p>G\u00f6re yolu \u00fczerinde yapt\u0131r\u0131lan ve m\u00fclkiyeti Nev\u015fehir Belediyesine ait olan belediye binas\u0131n\u0131n ge\u00e7ti\u011fimiz aylarda Alan Ba\u015fkanl\u0131\u011f\u0131 olarak kullan\u0131lmak \u00fczere K\u00fclt\u00fcr ve Turizm Bakanl\u0131\u011f\u0131\u2019na devredilmesi s\u0131ras\u0131nda ger\u00e7ekle\u015ftirilen takas ile birlikte yap\u0131lan protokol gere\u011fi kilisenin restorasyonunun bakanl\u0131k\u00e7a \u00fcstlenildi\u011fini hat\u0131rlatan Ar\u0131, \u201cRestorasyon i\u00e7in yap\u0131lacak olan t\u00fcm harcamalar K\u00fclt\u00fcr ve Turizm Bakanl\u0131\u011f\u0131m\u0131z taraf\u0131ndan kar\u015f\u0131lanacak. Yakla\u015f\u0131k 1 y\u0131l s\u00fcrmesi planlanan bu \u00e7al\u0131\u015fma ile birlikte hem \u015fehrimiz hem de b\u00f6lge ve \u00fclke turizmi i\u00e7in \u00e7ok \u00f6nemli bir yap\u0131y\u0131 yeniden aya\u011fa kald\u0131raca\u011f\u0131z\u201d dedi.<\/p>\n<p>Nev\u015fehir il merkezine daha fazla yerli ve yabanc\u0131 turist \u00e7ekebilmek i\u00e7in turizm yat\u0131r\u0131mlar\u0131na b\u00fcy\u00fck \u00f6nem verdiklerini kaydeden Belediye Ba\u015fkan\u0131 Rasim Ar\u0131 \u015f\u00f6yle konu\u015ftu: \u201cNev\u015fehir\u2019in turizmden ald\u0131\u011f\u0131 pay\u0131 artt\u0131rmak ve bu sayede \u015fehir ekonomisine ve istihdam\u0131na katk\u0131 sunabilmek i\u00e7in Nev\u015fehir Kalesi etraf\u0131ndaki d\u00fcnyan\u0131n en b\u00fcy\u00fck yama\u00e7 yerle\u015fim merkezi olarak kabul edilen Kaya\u015fehir\u2019in ilk etab\u0131n\u0131 ve Nev\u015fehir Kalesi\u2019ni turizme a\u00e7t\u0131k. K\u0131sa s\u00fcrede pandemi d\u00f6nemine ra\u011fmen \u00e7ok say\u0131da yerli ve yabanc\u0131 turist taraf\u0131ndan ziyaret edilen Kaya\u015fehir ve Nev\u015fehir Kalesi\u2019nin ard\u0131ndan Meryem Ana Kilisesi\u2019ni de turizme kazand\u0131r\u0131yoruz. Kaya\u015fehir\u2019in 2. etab\u0131 tamamland\u0131\u011f\u0131nda ve Meryem Ana Kilisesi etraf\u0131ndaki projeler ger\u00e7ekle\u015ftirildi\u011finde buras\u0131 hem b\u00f6lge hem de \u00fclke turizmine \u00f6nemli katk\u0131lar sa\u011flayacak.\u201d<\/p>\n<hr \/>\n<p><em><strong><a href=\"https:\/\/www.sabah.com.tr\/kultur-sanat\/2020\/12\/26\/tarihi-meryem-ana-kilisesi-restore-ediliyor\" target=\"_blank\" rel=\"noopener noreferrer\">Sabah Gazetesi<\/a><\/strong><\/em><\/p>\n","protected":false},"excerpt":{"rendered":"<p>ALP K\u00d6R\u00dcKC\u00dc Nev\u015fehir\u2019de Kahveci Da\u011f\u0131 eteklerinde bulunan ve 1924 y\u0131l\u0131ndaki m\u00fcbadelenin ard\u0131ndan 1950 y\u0131l\u0131ndan sonra cezaevi olarak kullan\u0131lan 171 y\u0131ll\u0131k tarihi Meryem Ana Kilisesi\u2019nde restorasyon \u00e7al\u0131\u015fmalar\u0131na ba\u015fland\u0131. T\u00fcrkiye\u2019nin en \u00f6nemli turizm merkezlerinden Kapadokya b\u00f6lgesinin ana idari merkezi konumundaki Nev\u015fehir\u2019in en eski an\u0131tsal tarihi yap\u0131lar\u0131ndan Meryem Ana Kilisesi turizme kazand\u0131r\u0131l\u0131yor. Tarihi yap\u0131 i\u00e7in ge\u00e7ti\u011fimiz g\u00fcnlerde ger\u00e7ekle\u015ftirilen [&hellip;]<\/p>\n","protected":false},"author":7,"featured_media":60768,"comment_status":"open","ping_status":"open","sticky":false,"template":"","format":"standard","meta":{"footnotes":""},"categories":[1],"tags":[],"class_list":["post-60767","post","type-post","status-publish","format-standard","has-post-thumbnail","hentry","category-haberler"],"yoast_head":"<!-- This site is optimized with the Yoast SEO plugin v27.4 - https:\/\/yoast.com\/product\/yoast-seo-wordpress\/ -->\n<title>Tarihi Meryem Ana Kilisesi restore ediliyor - Bati Ermenistan Ve Bati Ermenileri Sorunlari Ara\u015ftirmalar Merkezi<\/title>\n<meta name=\"robots\" content=\"index, follow, max-snippet:-1, max-image-preview:large, max-video-preview:-1\" \/>\n<link rel=\"canonical\" href=\"https:\/\/akunq.net\/tr\/?p=60767\" \/>\n<meta property=\"og:locale\" content=\"en_US\" \/>\n<meta property=\"og:type\" content=\"article\" \/>\n<meta property=\"og:title\" content=\"Tarihi Meryem Ana Kilisesi restore ediliyor - Bati Ermenistan Ve Bati Ermenileri Sorunlari Ara\u015ftirmalar Merkezi\" \/>\n<meta property=\"og:description\" content=\"ALP K\u00d6R\u00dcKC\u00dc Nev\u015fehir\u2019de Kahveci Da\u011f\u0131 eteklerinde bulunan ve 1924 y\u0131l\u0131ndaki m\u00fcbadelenin ard\u0131ndan 1950 y\u0131l\u0131ndan sonra cezaevi olarak kullan\u0131lan 171 y\u0131ll\u0131k tarihi Meryem Ana Kilisesi\u2019nde restorasyon \u00e7al\u0131\u015fmalar\u0131na ba\u015fland\u0131. T\u00fcrkiye\u2019nin en \u00f6nemli turizm merkezlerinden Kapadokya b\u00f6lgesinin ana idari merkezi konumundaki Nev\u015fehir\u2019in en eski an\u0131tsal tarihi yap\u0131lar\u0131ndan Meryem Ana Kilisesi turizme kazand\u0131r\u0131l\u0131yor. Tarihi yap\u0131 i\u00e7in ge\u00e7ti\u011fimiz g\u00fcnlerde ger\u00e7ekle\u015ftirilen [&hellip;]\" \/>\n<meta property=\"og:url\" content=\"https:\/\/akunq.net\/tr\/?p=60767\" \/>\n<meta property=\"og:site_name\" content=\"Bati Ermenistan Ve Bati Ermenileri Sorunlari Ara\u015ftirmalar Merkezi\" \/>\n<meta property=\"article:published_time\" content=\"2020-12-28T09:12:34+00:00\" \/>\n<meta property=\"og:image\" content=\"https:\/\/akunq.net\/tr\/wp-content\/uploads\/sites\/6\/2020\/12\/Meryem-Ana-Kilisesi.jpg\" \/>\n\t<meta property=\"og:image:width\" content=\"650\" \/>\n\t<meta property=\"og:image:height\" content=\"344\" \/>\n\t<meta property=\"og:image:type\" content=\"image\/jpeg\" \/>\n<meta name=\"author\" content=\"admin\" \/>\n<meta name=\"twitter:card\" content=\"summary_large_image\" \/>\n<meta name=\"twitter:label1\" content=\"Written by\" \/>\n\t<meta name=\"twitter:data1\" content=\"admin\" \/>\n\t<meta name=\"twitter:label2\" content=\"Est. reading time\" \/>\n\t<meta name=\"twitter:data2\" content=\"3 minutes\" \/>\n<script type=\"application\/ld+json\" class=\"yoast-schema-graph\">{\"@context\":\"https:\\\/\\\/schema.org\",\"@graph\":[{\"@type\":\"Article\",\"@id\":\"https:\\\/\\\/akunq.net\\\/tr\\\/?p=60767#article\",\"isPartOf\":{\"@id\":\"https:\\\/\\\/akunq.net\\\/tr\\\/?p=60767\"},\"author\":{\"name\":\"admin\",\"@id\":\"https:\\\/\\\/akunq.net\\\/tr\\\/#\\\/schema\\\/person\\\/096f1d38a12cce57fb855b485ed24c9e\"},\"headline\":\"Tarihi Meryem Ana Kilisesi restore ediliyor\",\"datePublished\":\"2020-12-28T09:12:34+00:00\",\"mainEntityOfPage\":{\"@id\":\"https:\\\/\\\/akunq.net\\\/tr\\\/?p=60767\"},\"wordCount\":547,\"commentCount\":0,\"image\":{\"@id\":\"https:\\\/\\\/akunq.net\\\/tr\\\/?p=60767#primaryimage\"},\"thumbnailUrl\":\"https:\\\/\\\/akunq.net\\\/tr\\\/wp-content\\\/uploads\\\/sites\\\/6\\\/2020\\\/12\\\/Meryem-Ana-Kilisesi.jpg\",\"articleSection\":[\"Haberler\"],\"inLanguage\":\"en-US\",\"potentialAction\":[{\"@type\":\"CommentAction\",\"name\":\"Comment\",\"target\":[\"https:\\\/\\\/akunq.net\\\/tr\\\/?p=60767#respond\"]}]},{\"@type\":\"WebPage\",\"@id\":\"https:\\\/\\\/akunq.net\\\/tr\\\/?p=60767\",\"url\":\"https:\\\/\\\/akunq.net\\\/tr\\\/?p=60767\",\"name\":\"Tarihi Meryem Ana Kilisesi restore ediliyor - Bati Ermenistan Ve Bati Ermenileri Sorunlari Ara\u015ftirmalar Merkezi\",\"isPartOf\":{\"@id\":\"https:\\\/\\\/akunq.net\\\/tr\\\/#website\"},\"primaryImageOfPage\":{\"@id\":\"https:\\\/\\\/akunq.net\\\/tr\\\/?p=60767#primaryimage\"},\"image\":{\"@id\":\"https:\\\/\\\/akunq.net\\\/tr\\\/?p=60767#primaryimage\"},\"thumbnailUrl\":\"https:\\\/\\\/akunq.net\\\/tr\\\/wp-content\\\/uploads\\\/sites\\\/6\\\/2020\\\/12\\\/Meryem-Ana-Kilisesi.jpg\",\"datePublished\":\"2020-12-28T09:12:34+00:00\",\"author\":{\"@id\":\"https:\\\/\\\/akunq.net\\\/tr\\\/#\\\/schema\\\/person\\\/096f1d38a12cce57fb855b485ed24c9e\"},\"breadcrumb\":{\"@id\":\"https:\\\/\\\/akunq.net\\\/tr\\\/?p=60767#breadcrumb\"},\"inLanguage\":\"en-US\",\"potentialAction\":[{\"@type\":\"ReadAction\",\"target\":[\"https:\\\/\\\/akunq.net\\\/tr\\\/?p=60767\"]}]},{\"@type\":\"ImageObject\",\"inLanguage\":\"en-US\",\"@id\":\"https:\\\/\\\/akunq.net\\\/tr\\\/?p=60767#primaryimage\",\"url\":\"https:\\\/\\\/akunq.net\\\/tr\\\/wp-content\\\/uploads\\\/sites\\\/6\\\/2020\\\/12\\\/Meryem-Ana-Kilisesi.jpg\",\"contentUrl\":\"https:\\\/\\\/akunq.net\\\/tr\\\/wp-content\\\/uploads\\\/sites\\\/6\\\/2020\\\/12\\\/Meryem-Ana-Kilisesi.jpg\",\"width\":650,\"height\":344},{\"@type\":\"BreadcrumbList\",\"@id\":\"https:\\\/\\\/akunq.net\\\/tr\\\/?p=60767#breadcrumb\",\"itemListElement\":[{\"@type\":\"ListItem\",\"position\":1,\"name\":\"Home\",\"item\":\"https:\\\/\\\/akunq.net\\\/tr\"},{\"@type\":\"ListItem\",\"position\":2,\"name\":\"Tarihi Meryem Ana Kilisesi restore ediliyor\"}]},{\"@type\":\"WebSite\",\"@id\":\"https:\\\/\\\/akunq.net\\\/tr\\\/#website\",\"url\":\"https:\\\/\\\/akunq.net\\\/tr\\\/\",\"name\":\"Bati Ermenistan Ve Bati Ermenileri Sorunlari Ara\u015ftirmalar Merkezi\",\"description\":\"\",\"potentialAction\":[{\"@type\":\"SearchAction\",\"target\":{\"@type\":\"EntryPoint\",\"urlTemplate\":\"https:\\\/\\\/akunq.net\\\/tr\\\/?s={search_term_string}\"},\"query-input\":{\"@type\":\"PropertyValueSpecification\",\"valueRequired\":true,\"valueName\":\"search_term_string\"}}],\"inLanguage\":\"en-US\"},{\"@type\":\"Person\",\"@id\":\"https:\\\/\\\/akunq.net\\\/tr\\\/#\\\/schema\\\/person\\\/096f1d38a12cce57fb855b485ed24c9e\",\"name\":\"admin\",\"url\":\"https:\\\/\\\/akunq.net\\\/tr\\\/?author=7\"}]}<\/script>\n<!-- \/ Yoast SEO plugin. -->","yoast_head_json":{"title":"Tarihi Meryem Ana Kilisesi restore ediliyor - Bati Ermenistan Ve Bati Ermenileri Sorunlari Ara\u015ftirmalar Merkezi","robots":{"index":"index","follow":"follow","max-snippet":"max-snippet:-1","max-image-preview":"max-image-preview:large","max-video-preview":"max-video-preview:-1"},"canonical":"https:\/\/akunq.net\/tr\/?p=60767","og_locale":"en_US","og_type":"article","og_title":"Tarihi Meryem Ana Kilisesi restore ediliyor - Bati Ermenistan Ve Bati Ermenileri Sorunlari Ara\u015ftirmalar Merkezi","og_description":"ALP K\u00d6R\u00dcKC\u00dc Nev\u015fehir\u2019de Kahveci Da\u011f\u0131 eteklerinde bulunan ve 1924 y\u0131l\u0131ndaki m\u00fcbadelenin ard\u0131ndan 1950 y\u0131l\u0131ndan sonra cezaevi olarak kullan\u0131lan 171 y\u0131ll\u0131k tarihi Meryem Ana Kilisesi\u2019nde restorasyon \u00e7al\u0131\u015fmalar\u0131na ba\u015fland\u0131. T\u00fcrkiye\u2019nin en \u00f6nemli turizm merkezlerinden Kapadokya b\u00f6lgesinin ana idari merkezi konumundaki Nev\u015fehir\u2019in en eski an\u0131tsal tarihi yap\u0131lar\u0131ndan Meryem Ana Kilisesi turizme kazand\u0131r\u0131l\u0131yor. Tarihi yap\u0131 i\u00e7in ge\u00e7ti\u011fimiz g\u00fcnlerde ger\u00e7ekle\u015ftirilen [&hellip;]","og_url":"https:\/\/akunq.net\/tr\/?p=60767","og_site_name":"Bati Ermenistan Ve Bati Ermenileri Sorunlari Ara\u015ftirmalar Merkezi","article_published_time":"2020-12-28T09:12:34+00:00","og_image":[{"width":650,"height":344,"url":"https:\/\/akunq.net\/tr\/wp-content\/uploads\/sites\/6\/2020\/12\/Meryem-Ana-Kilisesi.jpg","type":"image\/jpeg"}],"author":"admin","twitter_card":"summary_large_image","twitter_misc":{"Written by":"admin","Est. reading time":"3 minutes"},"schema":{"@context":"https:\/\/schema.org","@graph":[{"@type":"Article","@id":"https:\/\/akunq.net\/tr\/?p=60767#article","isPartOf":{"@id":"https:\/\/akunq.net\/tr\/?p=60767"},"author":{"name":"admin","@id":"https:\/\/akunq.net\/tr\/#\/schema\/person\/096f1d38a12cce57fb855b485ed24c9e"},"headline":"Tarihi Meryem Ana Kilisesi restore ediliyor","datePublished":"2020-12-28T09:12:34+00:00","mainEntityOfPage":{"@id":"https:\/\/akunq.net\/tr\/?p=60767"},"wordCount":547,"commentCount":0,"image":{"@id":"https:\/\/akunq.net\/tr\/?p=60767#primaryimage"},"thumbnailUrl":"https:\/\/akunq.net\/tr\/wp-content\/uploads\/sites\/6\/2020\/12\/Meryem-Ana-Kilisesi.jpg","articleSection":["Haberler"],"inLanguage":"en-US","potentialAction":[{"@type":"CommentAction","name":"Comment","target":["https:\/\/akunq.net\/tr\/?p=60767#respond"]}]},{"@type":"WebPage","@id":"https:\/\/akunq.net\/tr\/?p=60767","url":"https:\/\/akunq.net\/tr\/?p=60767","name":"Tarihi Meryem Ana Kilisesi restore ediliyor - Bati Ermenistan Ve Bati Ermenileri Sorunlari Ara\u015ftirmalar Merkezi","isPartOf":{"@id":"https:\/\/akunq.net\/tr\/#website"},"primaryImageOfPage":{"@id":"https:\/\/akunq.net\/tr\/?p=60767#primaryimage"},"image":{"@id":"https:\/\/akunq.net\/tr\/?p=60767#primaryimage"},"thumbnailUrl":"https:\/\/akunq.net\/tr\/wp-content\/uploads\/sites\/6\/2020\/12\/Meryem-Ana-Kilisesi.jpg","datePublished":"2020-12-28T09:12:34+00:00","author":{"@id":"https:\/\/akunq.net\/tr\/#\/schema\/person\/096f1d38a12cce57fb855b485ed24c9e"},"breadcrumb":{"@id":"https:\/\/akunq.net\/tr\/?p=60767#breadcrumb"},"inLanguage":"en-US","potentialAction":[{"@type":"ReadAction","target":["https:\/\/akunq.net\/tr\/?p=60767"]}]},{"@type":"ImageObject","inLanguage":"en-US","@id":"https:\/\/akunq.net\/tr\/?p=60767#primaryimage","url":"https:\/\/akunq.net\/tr\/wp-content\/uploads\/sites\/6\/2020\/12\/Meryem-Ana-Kilisesi.jpg","contentUrl":"https:\/\/akunq.net\/tr\/wp-content\/uploads\/sites\/6\/2020\/12\/Meryem-Ana-Kilisesi.jpg","width":650,"height":344},{"@type":"BreadcrumbList","@id":"https:\/\/akunq.net\/tr\/?p=60767#breadcrumb","itemListElement":[{"@type":"ListItem","position":1,"name":"Home","item":"https:\/\/akunq.net\/tr"},{"@type":"ListItem","position":2,"name":"Tarihi Meryem Ana Kilisesi restore ediliyor"}]},{"@type":"WebSite","@id":"https:\/\/akunq.net\/tr\/#website","url":"https:\/\/akunq.net\/tr\/","name":"Bati Ermenistan Ve Bati Ermenileri Sorunlari Ara\u015ftirmalar Merkezi","description":"","potentialAction":[{"@type":"SearchAction","target":{"@type":"EntryPoint","urlTemplate":"https:\/\/akunq.net\/tr\/?s={search_term_string}"},"query-input":{"@type":"PropertyValueSpecification","valueRequired":true,"valueName":"search_term_string"}}],"inLanguage":"en-US"},{"@type":"Person","@id":"https:\/\/akunq.net\/tr\/#\/schema\/person\/096f1d38a12cce57fb855b485ed24c9e","name":"admin","url":"https:\/\/akunq.net\/tr\/?author=7"}]}},"_links":{"self":[{"href":"https:\/\/akunq.net\/tr\/index.php?rest_route=\/wp\/v2\/posts\/60767","targetHints":{"allow":["GET"]}}],"collection":[{"href":"https:\/\/akunq.net\/tr\/index.php?rest_route=\/wp\/v2\/posts"}],"about":[{"href":"https:\/\/akunq.net\/tr\/index.php?rest_route=\/wp\/v2\/types\/post"}],"author":[{"embeddable":true,"href":"https:\/\/akunq.net\/tr\/index.php?rest_route=\/wp\/v2\/users\/7"}],"replies":[{"embeddable":true,"href":"https:\/\/akunq.net\/tr\/index.php?rest_route=%2Fwp%2Fv2%2Fcomments&post=60767"}],"version-history":[{"count":1,"href":"https:\/\/akunq.net\/tr\/index.php?rest_route=\/wp\/v2\/posts\/60767\/revisions"}],"predecessor-version":[{"id":60769,"href":"https:\/\/akunq.net\/tr\/index.php?rest_route=\/wp\/v2\/posts\/60767\/revisions\/60769"}],"wp:featuredmedia":[{"embeddable":true,"href":"https:\/\/akunq.net\/tr\/index.php?rest_route=\/wp\/v2\/media\/60768"}],"wp:attachment":[{"href":"https:\/\/akunq.net\/tr\/index.php?rest_route=%2Fwp%2Fv2%2Fmedia&parent=60767"}],"wp:term":[{"taxonomy":"category","embeddable":true,"href":"https:\/\/akunq.net\/tr\/index.php?rest_route=%2Fwp%2Fv2%2Fcategories&post=60767"},{"taxonomy":"post_tag","embeddable":true,"href":"https:\/\/akunq.net\/tr\/index.php?rest_route=%2Fwp%2Fv2%2Ftags&post=60767"}],"curies":[{"name":"wp","href":"https:\/\/api.w.org\/{rel}","templated":true}]}}