{"id":60764,"date":"2020-12-28T04:07:14","date_gmt":"2020-12-28T09:07:14","guid":{"rendered":"https:\/\/akunq.net\/tr\/?p=60764"},"modified":"2020-12-28T04:07:14","modified_gmt":"2020-12-28T09:07:14","slug":"peskov-putin-ile-erdogan-arasindaki-kisisel-iliski-ihtilafli-konularin-uyumlu-sekilde-cozulmesini-mumkun-kiliyor","status":"publish","type":"post","link":"https:\/\/akunq.net\/tr\/?p=60764","title":{"rendered":"Peskov: Putin ile Erdo\u011fan aras\u0131ndaki ki\u015fisel ili\u015fki, ihtilafl\u0131 konular\u0131n uyumlu \u015fekilde \u00e7\u00f6z\u00fclmesini m\u00fcmk\u00fcn k\u0131l\u0131yor"},"content":{"rendered":"<div class=\"b-article__lead\">\n<p><img loading=\"lazy\" decoding=\"async\" class=\"aligncenter size-medium wp-image-60765\" src=\"https:\/\/akunq.net\/tr\/wp-content\/uploads\/2020\/12\/Putin-Erdogan-360x203.jpeg\" alt=\"\" width=\"360\" height=\"203\" srcset=\"https:\/\/akunq.net\/tr\/wp-content\/uploads\/sites\/6\/2020\/12\/Putin-Erdogan-360x203.jpeg 360w, https:\/\/akunq.net\/tr\/wp-content\/uploads\/sites\/6\/2020\/12\/Putin-Erdogan-560x316.jpeg 560w, https:\/\/akunq.net\/tr\/wp-content\/uploads\/sites\/6\/2020\/12\/Putin-Erdogan-260x147.jpeg 260w, https:\/\/akunq.net\/tr\/wp-content\/uploads\/sites\/6\/2020\/12\/Putin-Erdogan-160x90.jpeg 160w, https:\/\/akunq.net\/tr\/wp-content\/uploads\/sites\/6\/2020\/12\/Putin-Erdogan.jpeg 600w\" sizes=\"auto, (max-width: 360px) 100vw, 360px\" \/><\/p>\n<p><em><strong>Rus devlet televizyonu Rossiya 1\u2019e konu\u015fan Kremlin S\u00f6zc\u00fcs\u00fc, Rusya ile T\u00fcrkiye&#8217;nin devlet ba\u015fkanlar\u0131 ki\u015fisel ili\u015fki, ihtilafl\u0131 konular\u0131n uyumlu \u015fekilde \u00e7\u00f6z\u00fclmesini m\u00fcmk\u00fcn k\u0131ld\u0131\u011f\u0131n\u0131 dile getirdi. Peskov, iki \u00fclkenin b\u00f6lgede istikrar ve g\u00fcvenli\u011fe katk\u0131da bulunabilecek en b\u00fcy\u00fck jeopolitik akt\u00f6r oldu\u011funa dikkat \u00e7ekti.<\/strong><\/em><\/p>\n<\/div>\n<div class=\"b-article__text\">\n<p><strong>Kremlin S\u00f6zc\u00fcs\u00fc Dmitriy Peskov, Rusya Devlet Ba\u015fkan\u0131 Vladimir Putin ile T\u00fcrkiye Cumhurba\u015fkan\u0131 Recep Tayyip Erdo\u011fan<\/strong>\u00a0<a href=\"https:\/\/sptnkne.ws\/EFkb\" target=\"_blank\" rel=\"noopener noreferrer\">aras\u0131ndaki ki\u015fisel ili\u015fkinin<\/a>, ihtilafl\u0131 konular\u0131n uyumlu \u015fekilde \u00e7\u00f6z\u00fclmesini m\u00fcmk\u00fcn k\u0131ld\u0131\u011f\u0131n\u0131 belirtti.<\/p>\n<h2>&#8216;Birbirini s\u00f6z sahibi ve eylem adam\u0131 olarak g\u00f6ren liderler&#8217;<\/h2>\n<p><strong>Rossiya 1\u2019e<\/strong>\u00a0konu\u015fan Peskov, \u015funlar\u0131 s\u00f6yledi:<\/p>\n<p><em>\u201cRusya ile T\u00fcrkiye aras\u0131nda elbette ki \u00e7ok \u00e7e\u015fitli ikili ili\u015fkiler var. Ve bu ba\u011flamda iki devlet, birbirine bu \u015fekilde davranan, birbirini s\u00f6z sahibi ve eylem adam\u0131 olarak g\u00f6ren liderler taraf\u0131ndan y\u00f6netildi\u011fi taktirde, bu, arada anla\u015fmazl\u0131klar \u00e7\u0131ksa ve \u00e7\u0131kar \u00e7at\u0131\u015fmas\u0131 olsa bile, liderlerin bu yap\u0131c\u0131 tutumunun durumdan uyumlu \u015fekilde \u00e7\u0131kaca\u011f\u0131n\u0131n teminat\u0131d\u0131r.\u201d\u00a0<\/em><\/p>\n<h3>\u2018Rusya ve T\u00fcrkiye b\u00f6lgesel istikrar-g\u00fcvenli\u011fe katk\u0131da bulunmal\u0131\u2019<\/h3>\n<p>Kremlin S\u00f6zc\u00fcs\u00fc, Rusya ile T\u00fcrkiye\u2019nin b\u00f6lgede istikrar ve g\u00fcvenli\u011fe katk\u0131da bulunabilecek\u00a0<a href=\"https:\/\/sptnkne.ws\/EKQf\" target=\"_blank\" rel=\"noopener noreferrer\">en b\u00fcy\u00fck jeopolitik akt\u00f6rler<\/a>\u00a0oldu\u011funa dikkat \u00e7ekti:<\/p>\n<p><em>\u201cRusya ve T\u00fcrkiye, b\u00f6lgemizdeki g\u00fcvenlik ve istikrara \u00f6nemli katk\u0131 sa\u011flayabilecek ve sa\u011flamas\u0131 gereken en b\u00fcy\u00fck \u00fclkelerdir. En az\u0131ndan sava\u015f\u0131n olmamas\u0131 i\u00e7in gerekeni yapmal\u0131lar.\u201d\u00a0<\/em><\/p>\n<h3>\u2018Putin\u2019in hem Bak\u00fc hem de Erivan ile iyi ili\u015fkisi, Karaba\u011f&#8217;da \u00e7\u00f6z\u00fcme katk\u0131 sa\u011flad\u0131\u2019<\/h3>\n<p>Peskov, Rusya liderinin\u00a0<strong>Bak\u00fc ve Erivan<\/strong>\u00a0ile<a href=\"https:\/\/sptnkne.ws\/EK2w\" target=\"_blank\" rel=\"noopener noreferrer\">\u00a0dostane ili\u015fkiler<\/a>\u00a0tesis etmesinin\u00a0<strong>Da\u011fl\u0131k Karaba\u011f\u2019da<\/strong>\u00a0anla\u015fmaya var\u0131lmas\u0131na katk\u0131 sa\u011flad\u0131\u011f\u0131n\u0131 vurgulad\u0131:<\/p>\n<p><em>\u201cPutin\u2019in hem Bak\u00fc, hem de Erivan ile kar\u015f\u0131l\u0131kl\u0131 sayg\u0131ya dayal\u0131 iyi ve yap\u0131c\u0131 ili\u015fkileri s\u00fcrd\u00fcrmesi, (Da\u011fl\u0131k Karaba\u011f\u2019daki) \u00e7\u00f6z\u00fcm s\u00fcrecinde arabuluculuk yapmas\u0131n\u0131 m\u00fcmk\u00fcn k\u0131ld\u0131.\u201d<\/em><\/p>\n<h3>\u2018Putin\u2019in sald\u0131r\u0131lara kar\u015f\u0131 ba\u011f\u0131\u015f\u0131kl\u0131\u011f\u0131 var, yalanlara tepki vermiyor\u2019<\/h3>\n<p>Kremlin S\u00f6zc\u00fcs\u00fc, Putin&#8217;in 20 y\u0131ld\u0131r kendisini hedef alan enformasyon sald\u0131r\u0131lar\u0131na kar\u015f\u0131 ba\u011f\u0131\u015f\u0131kl\u0131k kazand\u0131\u011f\u0131n\u0131 dile getirdi:<\/p>\n<p><em>\u201cPutin&#8217;e y\u00f6nelik sald\u0131r\u0131lar son yirmi y\u0131ld\u0131r hem Bat\u0131&#8217;dan, hem de i\u00e7eriden geliyor, elbette bu s\u00fcre zarf\u0131nda Ba\u015fkan belirli bir ba\u011f\u0131\u015f\u0131kl\u0131k geli\u015ftirmi\u015f bulunuyor.\u201d<\/em><\/p>\n<p>Putin\u2019in\u00a0<em>&#8220;Sald\u0131r\u0131lar bir yana, en \u00f6nemlisi insan\u0131n nas\u0131l \u00e7al\u0131\u015ft\u0131\u011f\u0131d\u0131r&#8221;<\/em>\u00a0s\u00f6zlerini hat\u0131rlatan Peskov,\u00a0<em>\u201cO her hap\u015f\u0131rmaya, her imaya ya da yalana asla tepki vermedi ve eminim ki, bunu ileride de yapmayacak\u201d<\/em>\u00a0dedi.<\/p>\n<h3>\u2018Rusya, di\u011fer \u00fclkelerin dostane olmayan her t\u00fcrl\u00fc tezah\u00fcr\u00fcne haz\u0131r olacak\u2019<\/h3>\n<p>Kremlin S\u00f6zc\u00fcs\u00fc, Rusya\u2019n\u0131n gelecek y\u0131l da devam\u0131n\u0131 bekledi\u011fi\u00a0<a href=\"https:\/\/sptnkne.ws\/EMTr\" target=\"_blank\" rel=\"noopener noreferrer\">di\u011fer \u00fclkelerin dostane olmayan her t\u00fcrl\u00fc eylemine<\/a>\u00a0kar\u015f\u0131l\u0131k vermeye haz\u0131r olaca\u011f\u0131n\u0131 vurgulad\u0131.<\/p>\n<p><em>\u201cRusya, uluslararas\u0131 toplumun \u00e7ok \u00f6nemli bir \u00fcyesidir. Di\u011fer \u00fclkelerle olabilecek t\u00fcm anla\u015fmazl\u0131klara ra\u011fmen biz elbette ki, net bi\u00e7imde kendi k\u0131rm\u0131z\u0131 \u00e7izgilerimize odaklanaca\u011f\u0131z, bu k\u0131rm\u0131z\u0131 \u00e7izgiler asla kaybolmayacak\u201d<\/em>\u00a0diyen Peskov, s\u00f6zlerini \u015f\u00f6yle s\u00fcrd\u00fcrd\u00fc:<\/p>\n<p><em>\u201cRusya tabii ki gelecek y\u0131l maalesef devam edecek dostane olmayan her t\u00fcrl\u00fc tezah\u00fcre haz\u0131r olacak.\u201d<\/em><\/p>\n<h3>\u2018\u00c7ok yak\u0131nda Kovid-19 a\u015f\u0131s\u0131 vuruldu\u011funu a\u00e7\u0131klayabilir\u2019<\/h3>\n<p><em>\u2018Rusya Sa\u011fl\u0131k Bakanl\u0131\u011f\u0131&#8217;n\u0131n 60 ya\u015f\u0131n \u00fczerindekiler i\u00e7in Sputnik V a\u015f\u0131s\u0131n\u0131n kullan\u0131m\u0131na izin vermesinin ard\u0131ndan, Devlet Ba\u015fkan\u0131&#8217;n\u0131n a\u015f\u0131lanma planlar\u0131 nedir\u2019<\/em>\u00a0<a href=\"https:\/\/sptnkne.ws\/EMwy\" target=\"_blank\" rel=\"noopener noreferrer\">sorusuna\u00a0<\/a>Peskov, \u015fu kar\u015f\u0131l\u0131\u011f\u0131 verdi:<\/p>\n<p><em>\u201c\u00c7ok yak\u0131nda Ba\u015fkan&#8217;\u0131n ald\u0131\u011f\u0131 karar\u0131 kendisinin a\u00e7\u0131klamas\u0131n\u0131 bekleyebiliriz&#8230; A\u015f\u0131 olaca\u011f\u0131n\u0131, b\u00f6yle bir karar ald\u0131\u011f\u0131n\u0131 daha \u00f6nce s\u00f6ylemi\u015fti ve formalitelerin tamamlanmas\u0131n\u0131 bekliyordu.\u201d<\/em><\/p>\n<p><em><strong>https:\/\/tr.sputniknews.com\/rusya\/202012271043471122-peskov-putin-ile-erdogan-arasindaki-kisisel-iliski-ihtilafli-konularin-uyumlu-sekilde-cozulmesini\/\u00a0<\/strong><\/em><\/p>\n<\/div>\n","protected":false},"excerpt":{"rendered":"<p>Rus devlet televizyonu Rossiya 1\u2019e konu\u015fan Kremlin S\u00f6zc\u00fcs\u00fc, Rusya ile T\u00fcrkiye&#8217;nin devlet ba\u015fkanlar\u0131 ki\u015fisel ili\u015fki, ihtilafl\u0131 konular\u0131n uyumlu \u015fekilde \u00e7\u00f6z\u00fclmesini m\u00fcmk\u00fcn k\u0131ld\u0131\u011f\u0131n\u0131 dile getirdi. Peskov, iki \u00fclkenin b\u00f6lgede istikrar ve g\u00fcvenli\u011fe katk\u0131da bulunabilecek en b\u00fcy\u00fck jeopolitik akt\u00f6r oldu\u011funa dikkat \u00e7ekti. Kremlin S\u00f6zc\u00fcs\u00fc Dmitriy Peskov, Rusya Devlet Ba\u015fkan\u0131 Vladimir Putin ile T\u00fcrkiye Cumhurba\u015fkan\u0131 Recep Tayyip Erdo\u011fan\u00a0aras\u0131ndaki [&hellip;]<\/p>\n","protected":false},"author":7,"featured_media":60765,"comment_status":"open","ping_status":"open","sticky":false,"template":"","format":"standard","meta":{"footnotes":""},"categories":[1],"tags":[],"class_list":["post-60764","post","type-post","status-publish","format-standard","has-post-thumbnail","hentry","category-haberler"],"yoast_head":"<!-- This site is optimized with the Yoast SEO plugin v27.4 - https:\/\/yoast.com\/product\/yoast-seo-wordpress\/ -->\n<title>Peskov: Putin ile Erdo\u011fan aras\u0131ndaki ki\u015fisel ili\u015fki, ihtilafl\u0131 konular\u0131n uyumlu \u015fekilde \u00e7\u00f6z\u00fclmesini m\u00fcmk\u00fcn k\u0131l\u0131yor - Bati Ermenistan Ve Bati Ermenileri Sorunlari Ara\u015ftirmalar Merkezi<\/title>\n<meta name=\"robots\" content=\"index, follow, max-snippet:-1, max-image-preview:large, max-video-preview:-1\" \/>\n<link rel=\"canonical\" href=\"https:\/\/akunq.net\/tr\/?p=60764\" \/>\n<meta property=\"og:locale\" content=\"en_US\" \/>\n<meta property=\"og:type\" content=\"article\" \/>\n<meta property=\"og:title\" content=\"Peskov: Putin ile Erdo\u011fan aras\u0131ndaki ki\u015fisel ili\u015fki, ihtilafl\u0131 konular\u0131n uyumlu \u015fekilde \u00e7\u00f6z\u00fclmesini m\u00fcmk\u00fcn k\u0131l\u0131yor - Bati Ermenistan Ve Bati Ermenileri Sorunlari Ara\u015ftirmalar Merkezi\" \/>\n<meta property=\"og:description\" content=\"Rus devlet televizyonu Rossiya 1\u2019e konu\u015fan Kremlin S\u00f6zc\u00fcs\u00fc, Rusya ile T\u00fcrkiye&#8217;nin devlet ba\u015fkanlar\u0131 ki\u015fisel ili\u015fki, ihtilafl\u0131 konular\u0131n uyumlu \u015fekilde \u00e7\u00f6z\u00fclmesini m\u00fcmk\u00fcn k\u0131ld\u0131\u011f\u0131n\u0131 dile getirdi. Peskov, iki \u00fclkenin b\u00f6lgede istikrar ve g\u00fcvenli\u011fe katk\u0131da bulunabilecek en b\u00fcy\u00fck jeopolitik akt\u00f6r oldu\u011funa dikkat \u00e7ekti. Kremlin S\u00f6zc\u00fcs\u00fc Dmitriy Peskov, Rusya Devlet Ba\u015fkan\u0131 Vladimir Putin ile T\u00fcrkiye Cumhurba\u015fkan\u0131 Recep Tayyip Erdo\u011fan\u00a0aras\u0131ndaki [&hellip;]\" \/>\n<meta property=\"og:url\" content=\"https:\/\/akunq.net\/tr\/?p=60764\" \/>\n<meta property=\"og:site_name\" content=\"Bati Ermenistan Ve Bati Ermenileri Sorunlari Ara\u015ftirmalar Merkezi\" \/>\n<meta property=\"article:published_time\" content=\"2020-12-28T09:07:14+00:00\" \/>\n<meta property=\"og:image\" content=\"https:\/\/akunq.net\/tr\/wp-content\/uploads\/sites\/6\/2020\/12\/Putin-Erdogan.jpeg\" \/>\n\t<meta property=\"og:image:width\" content=\"600\" \/>\n\t<meta property=\"og:image:height\" content=\"339\" \/>\n\t<meta property=\"og:image:type\" content=\"image\/jpeg\" \/>\n<meta name=\"author\" content=\"admin\" \/>\n<meta name=\"twitter:card\" content=\"summary_large_image\" \/>\n<meta name=\"twitter:label1\" content=\"Written by\" \/>\n\t<meta name=\"twitter:data1\" content=\"admin\" \/>\n\t<meta name=\"twitter:label2\" content=\"Est. reading time\" \/>\n\t<meta name=\"twitter:data2\" content=\"3 minutes\" \/>\n<script type=\"application\/ld+json\" class=\"yoast-schema-graph\">{\"@context\":\"https:\\\/\\\/schema.org\",\"@graph\":[{\"@type\":\"Article\",\"@id\":\"https:\\\/\\\/akunq.net\\\/tr\\\/?p=60764#article\",\"isPartOf\":{\"@id\":\"https:\\\/\\\/akunq.net\\\/tr\\\/?p=60764\"},\"author\":{\"name\":\"admin\",\"@id\":\"https:\\\/\\\/akunq.net\\\/tr\\\/#\\\/schema\\\/person\\\/096f1d38a12cce57fb855b485ed24c9e\"},\"headline\":\"Peskov: Putin ile Erdo\u011fan aras\u0131ndaki ki\u015fisel ili\u015fki, ihtilafl\u0131 konular\u0131n uyumlu \u015fekilde \u00e7\u00f6z\u00fclmesini m\u00fcmk\u00fcn k\u0131l\u0131yor\",\"datePublished\":\"2020-12-28T09:07:14+00:00\",\"mainEntityOfPage\":{\"@id\":\"https:\\\/\\\/akunq.net\\\/tr\\\/?p=60764\"},\"wordCount\":688,\"commentCount\":0,\"image\":{\"@id\":\"https:\\\/\\\/akunq.net\\\/tr\\\/?p=60764#primaryimage\"},\"thumbnailUrl\":\"https:\\\/\\\/akunq.net\\\/tr\\\/wp-content\\\/uploads\\\/sites\\\/6\\\/2020\\\/12\\\/Putin-Erdogan.jpeg\",\"articleSection\":[\"Haberler\"],\"inLanguage\":\"en-US\",\"potentialAction\":[{\"@type\":\"CommentAction\",\"name\":\"Comment\",\"target\":[\"https:\\\/\\\/akunq.net\\\/tr\\\/?p=60764#respond\"]}]},{\"@type\":\"WebPage\",\"@id\":\"https:\\\/\\\/akunq.net\\\/tr\\\/?p=60764\",\"url\":\"https:\\\/\\\/akunq.net\\\/tr\\\/?p=60764\",\"name\":\"Peskov: Putin ile Erdo\u011fan aras\u0131ndaki ki\u015fisel ili\u015fki, ihtilafl\u0131 konular\u0131n uyumlu \u015fekilde \u00e7\u00f6z\u00fclmesini m\u00fcmk\u00fcn k\u0131l\u0131yor - Bati Ermenistan Ve Bati Ermenileri Sorunlari Ara\u015ftirmalar Merkezi\",\"isPartOf\":{\"@id\":\"https:\\\/\\\/akunq.net\\\/tr\\\/#website\"},\"primaryImageOfPage\":{\"@id\":\"https:\\\/\\\/akunq.net\\\/tr\\\/?p=60764#primaryimage\"},\"image\":{\"@id\":\"https:\\\/\\\/akunq.net\\\/tr\\\/?p=60764#primaryimage\"},\"thumbnailUrl\":\"https:\\\/\\\/akunq.net\\\/tr\\\/wp-content\\\/uploads\\\/sites\\\/6\\\/2020\\\/12\\\/Putin-Erdogan.jpeg\",\"datePublished\":\"2020-12-28T09:07:14+00:00\",\"author\":{\"@id\":\"https:\\\/\\\/akunq.net\\\/tr\\\/#\\\/schema\\\/person\\\/096f1d38a12cce57fb855b485ed24c9e\"},\"breadcrumb\":{\"@id\":\"https:\\\/\\\/akunq.net\\\/tr\\\/?p=60764#breadcrumb\"},\"inLanguage\":\"en-US\",\"potentialAction\":[{\"@type\":\"ReadAction\",\"target\":[\"https:\\\/\\\/akunq.net\\\/tr\\\/?p=60764\"]}]},{\"@type\":\"ImageObject\",\"inLanguage\":\"en-US\",\"@id\":\"https:\\\/\\\/akunq.net\\\/tr\\\/?p=60764#primaryimage\",\"url\":\"https:\\\/\\\/akunq.net\\\/tr\\\/wp-content\\\/uploads\\\/sites\\\/6\\\/2020\\\/12\\\/Putin-Erdogan.jpeg\",\"contentUrl\":\"https:\\\/\\\/akunq.net\\\/tr\\\/wp-content\\\/uploads\\\/sites\\\/6\\\/2020\\\/12\\\/Putin-Erdogan.jpeg\",\"width\":600,\"height\":339},{\"@type\":\"BreadcrumbList\",\"@id\":\"https:\\\/\\\/akunq.net\\\/tr\\\/?p=60764#breadcrumb\",\"itemListElement\":[{\"@type\":\"ListItem\",\"position\":1,\"name\":\"Home\",\"item\":\"https:\\\/\\\/akunq.net\\\/tr\"},{\"@type\":\"ListItem\",\"position\":2,\"name\":\"Peskov: Putin ile Erdo\u011fan aras\u0131ndaki ki\u015fisel ili\u015fki, ihtilafl\u0131 konular\u0131n uyumlu \u015fekilde \u00e7\u00f6z\u00fclmesini m\u00fcmk\u00fcn k\u0131l\u0131yor\"}]},{\"@type\":\"WebSite\",\"@id\":\"https:\\\/\\\/akunq.net\\\/tr\\\/#website\",\"url\":\"https:\\\/\\\/akunq.net\\\/tr\\\/\",\"name\":\"Bati Ermenistan Ve Bati Ermenileri Sorunlari Ara\u015ftirmalar Merkezi\",\"description\":\"\",\"potentialAction\":[{\"@type\":\"SearchAction\",\"target\":{\"@type\":\"EntryPoint\",\"urlTemplate\":\"https:\\\/\\\/akunq.net\\\/tr\\\/?s={search_term_string}\"},\"query-input\":{\"@type\":\"PropertyValueSpecification\",\"valueRequired\":true,\"valueName\":\"search_term_string\"}}],\"inLanguage\":\"en-US\"},{\"@type\":\"Person\",\"@id\":\"https:\\\/\\\/akunq.net\\\/tr\\\/#\\\/schema\\\/person\\\/096f1d38a12cce57fb855b485ed24c9e\",\"name\":\"admin\",\"url\":\"https:\\\/\\\/akunq.net\\\/tr\\\/?author=7\"}]}<\/script>\n<!-- \/ Yoast SEO plugin. -->","yoast_head_json":{"title":"Peskov: Putin ile Erdo\u011fan aras\u0131ndaki ki\u015fisel ili\u015fki, ihtilafl\u0131 konular\u0131n uyumlu \u015fekilde \u00e7\u00f6z\u00fclmesini m\u00fcmk\u00fcn k\u0131l\u0131yor - Bati Ermenistan Ve Bati Ermenileri Sorunlari Ara\u015ftirmalar Merkezi","robots":{"index":"index","follow":"follow","max-snippet":"max-snippet:-1","max-image-preview":"max-image-preview:large","max-video-preview":"max-video-preview:-1"},"canonical":"https:\/\/akunq.net\/tr\/?p=60764","og_locale":"en_US","og_type":"article","og_title":"Peskov: Putin ile Erdo\u011fan aras\u0131ndaki ki\u015fisel ili\u015fki, ihtilafl\u0131 konular\u0131n uyumlu \u015fekilde \u00e7\u00f6z\u00fclmesini m\u00fcmk\u00fcn k\u0131l\u0131yor - Bati Ermenistan Ve Bati Ermenileri Sorunlari Ara\u015ftirmalar Merkezi","og_description":"Rus devlet televizyonu Rossiya 1\u2019e konu\u015fan Kremlin S\u00f6zc\u00fcs\u00fc, Rusya ile T\u00fcrkiye&#8217;nin devlet ba\u015fkanlar\u0131 ki\u015fisel ili\u015fki, ihtilafl\u0131 konular\u0131n uyumlu \u015fekilde \u00e7\u00f6z\u00fclmesini m\u00fcmk\u00fcn k\u0131ld\u0131\u011f\u0131n\u0131 dile getirdi. Peskov, iki \u00fclkenin b\u00f6lgede istikrar ve g\u00fcvenli\u011fe katk\u0131da bulunabilecek en b\u00fcy\u00fck jeopolitik akt\u00f6r oldu\u011funa dikkat \u00e7ekti. Kremlin S\u00f6zc\u00fcs\u00fc Dmitriy Peskov, Rusya Devlet Ba\u015fkan\u0131 Vladimir Putin ile T\u00fcrkiye Cumhurba\u015fkan\u0131 Recep Tayyip Erdo\u011fan\u00a0aras\u0131ndaki [&hellip;]","og_url":"https:\/\/akunq.net\/tr\/?p=60764","og_site_name":"Bati Ermenistan Ve Bati Ermenileri Sorunlari Ara\u015ftirmalar Merkezi","article_published_time":"2020-12-28T09:07:14+00:00","og_image":[{"width":600,"height":339,"url":"https:\/\/akunq.net\/tr\/wp-content\/uploads\/sites\/6\/2020\/12\/Putin-Erdogan.jpeg","type":"image\/jpeg"}],"author":"admin","twitter_card":"summary_large_image","twitter_misc":{"Written by":"admin","Est. reading time":"3 minutes"},"schema":{"@context":"https:\/\/schema.org","@graph":[{"@type":"Article","@id":"https:\/\/akunq.net\/tr\/?p=60764#article","isPartOf":{"@id":"https:\/\/akunq.net\/tr\/?p=60764"},"author":{"name":"admin","@id":"https:\/\/akunq.net\/tr\/#\/schema\/person\/096f1d38a12cce57fb855b485ed24c9e"},"headline":"Peskov: Putin ile Erdo\u011fan aras\u0131ndaki ki\u015fisel ili\u015fki, ihtilafl\u0131 konular\u0131n uyumlu \u015fekilde \u00e7\u00f6z\u00fclmesini m\u00fcmk\u00fcn k\u0131l\u0131yor","datePublished":"2020-12-28T09:07:14+00:00","mainEntityOfPage":{"@id":"https:\/\/akunq.net\/tr\/?p=60764"},"wordCount":688,"commentCount":0,"image":{"@id":"https:\/\/akunq.net\/tr\/?p=60764#primaryimage"},"thumbnailUrl":"https:\/\/akunq.net\/tr\/wp-content\/uploads\/sites\/6\/2020\/12\/Putin-Erdogan.jpeg","articleSection":["Haberler"],"inLanguage":"en-US","potentialAction":[{"@type":"CommentAction","name":"Comment","target":["https:\/\/akunq.net\/tr\/?p=60764#respond"]}]},{"@type":"WebPage","@id":"https:\/\/akunq.net\/tr\/?p=60764","url":"https:\/\/akunq.net\/tr\/?p=60764","name":"Peskov: Putin ile Erdo\u011fan aras\u0131ndaki ki\u015fisel ili\u015fki, ihtilafl\u0131 konular\u0131n uyumlu \u015fekilde \u00e7\u00f6z\u00fclmesini m\u00fcmk\u00fcn k\u0131l\u0131yor - Bati Ermenistan Ve Bati Ermenileri Sorunlari Ara\u015ftirmalar Merkezi","isPartOf":{"@id":"https:\/\/akunq.net\/tr\/#website"},"primaryImageOfPage":{"@id":"https:\/\/akunq.net\/tr\/?p=60764#primaryimage"},"image":{"@id":"https:\/\/akunq.net\/tr\/?p=60764#primaryimage"},"thumbnailUrl":"https:\/\/akunq.net\/tr\/wp-content\/uploads\/sites\/6\/2020\/12\/Putin-Erdogan.jpeg","datePublished":"2020-12-28T09:07:14+00:00","author":{"@id":"https:\/\/akunq.net\/tr\/#\/schema\/person\/096f1d38a12cce57fb855b485ed24c9e"},"breadcrumb":{"@id":"https:\/\/akunq.net\/tr\/?p=60764#breadcrumb"},"inLanguage":"en-US","potentialAction":[{"@type":"ReadAction","target":["https:\/\/akunq.net\/tr\/?p=60764"]}]},{"@type":"ImageObject","inLanguage":"en-US","@id":"https:\/\/akunq.net\/tr\/?p=60764#primaryimage","url":"https:\/\/akunq.net\/tr\/wp-content\/uploads\/sites\/6\/2020\/12\/Putin-Erdogan.jpeg","contentUrl":"https:\/\/akunq.net\/tr\/wp-content\/uploads\/sites\/6\/2020\/12\/Putin-Erdogan.jpeg","width":600,"height":339},{"@type":"BreadcrumbList","@id":"https:\/\/akunq.net\/tr\/?p=60764#breadcrumb","itemListElement":[{"@type":"ListItem","position":1,"name":"Home","item":"https:\/\/akunq.net\/tr"},{"@type":"ListItem","position":2,"name":"Peskov: Putin ile Erdo\u011fan aras\u0131ndaki ki\u015fisel ili\u015fki, ihtilafl\u0131 konular\u0131n uyumlu \u015fekilde \u00e7\u00f6z\u00fclmesini m\u00fcmk\u00fcn k\u0131l\u0131yor"}]},{"@type":"WebSite","@id":"https:\/\/akunq.net\/tr\/#website","url":"https:\/\/akunq.net\/tr\/","name":"Bati Ermenistan Ve Bati Ermenileri Sorunlari Ara\u015ftirmalar Merkezi","description":"","potentialAction":[{"@type":"SearchAction","target":{"@type":"EntryPoint","urlTemplate":"https:\/\/akunq.net\/tr\/?s={search_term_string}"},"query-input":{"@type":"PropertyValueSpecification","valueRequired":true,"valueName":"search_term_string"}}],"inLanguage":"en-US"},{"@type":"Person","@id":"https:\/\/akunq.net\/tr\/#\/schema\/person\/096f1d38a12cce57fb855b485ed24c9e","name":"admin","url":"https:\/\/akunq.net\/tr\/?author=7"}]}},"_links":{"self":[{"href":"https:\/\/akunq.net\/tr\/index.php?rest_route=\/wp\/v2\/posts\/60764","targetHints":{"allow":["GET"]}}],"collection":[{"href":"https:\/\/akunq.net\/tr\/index.php?rest_route=\/wp\/v2\/posts"}],"about":[{"href":"https:\/\/akunq.net\/tr\/index.php?rest_route=\/wp\/v2\/types\/post"}],"author":[{"embeddable":true,"href":"https:\/\/akunq.net\/tr\/index.php?rest_route=\/wp\/v2\/users\/7"}],"replies":[{"embeddable":true,"href":"https:\/\/akunq.net\/tr\/index.php?rest_route=%2Fwp%2Fv2%2Fcomments&post=60764"}],"version-history":[{"count":1,"href":"https:\/\/akunq.net\/tr\/index.php?rest_route=\/wp\/v2\/posts\/60764\/revisions"}],"predecessor-version":[{"id":60766,"href":"https:\/\/akunq.net\/tr\/index.php?rest_route=\/wp\/v2\/posts\/60764\/revisions\/60766"}],"wp:featuredmedia":[{"embeddable":true,"href":"https:\/\/akunq.net\/tr\/index.php?rest_route=\/wp\/v2\/media\/60765"}],"wp:attachment":[{"href":"https:\/\/akunq.net\/tr\/index.php?rest_route=%2Fwp%2Fv2%2Fmedia&parent=60764"}],"wp:term":[{"taxonomy":"category","embeddable":true,"href":"https:\/\/akunq.net\/tr\/index.php?rest_route=%2Fwp%2Fv2%2Fcategories&post=60764"},{"taxonomy":"post_tag","embeddable":true,"href":"https:\/\/akunq.net\/tr\/index.php?rest_route=%2Fwp%2Fv2%2Ftags&post=60764"}],"curies":[{"name":"wp","href":"https:\/\/api.w.org\/{rel}","templated":true}]}}