{"id":60751,"date":"2020-12-25T05:23:50","date_gmt":"2020-12-25T10:23:50","guid":{"rendered":"https:\/\/akunq.net\/tr\/?p=60751"},"modified":"2020-12-25T05:23:50","modified_gmt":"2020-12-25T10:23:50","slug":"dink-cinayeti-ahmet-ilhan-guler-ve-engin-dinc-savunma-yapti","status":"publish","type":"post","link":"https:\/\/akunq.net\/tr\/?p=60751","title":{"rendered":"Dink Cinayeti: Ahmet \u0130lhan G\u00fcler ve Engin Din\u00e7 savunma yapt\u0131"},"content":{"rendered":"<p><img loading=\"lazy\" decoding=\"async\" class=\"aligncenter size-medium wp-image-60752\" src=\"https:\/\/akunq.net\/tr\/wp-content\/uploads\/2020\/12\/Hrant-Dink-1-360x239.jpg\" alt=\"\" width=\"360\" height=\"239\" srcset=\"https:\/\/akunq.net\/tr\/wp-content\/uploads\/sites\/6\/2020\/12\/Hrant-Dink-1-360x239.jpg 360w, https:\/\/akunq.net\/tr\/wp-content\/uploads\/sites\/6\/2020\/12\/Hrant-Dink-1-560x373.jpg 560w, https:\/\/akunq.net\/tr\/wp-content\/uploads\/sites\/6\/2020\/12\/Hrant-Dink-1-260x173.jpg 260w, https:\/\/akunq.net\/tr\/wp-content\/uploads\/sites\/6\/2020\/12\/Hrant-Dink-1-160x106.jpg 160w, https:\/\/akunq.net\/tr\/wp-content\/uploads\/sites\/6\/2020\/12\/Hrant-Dink-1.jpg 702w\" sizes=\"auto, (max-width: 360px) 100vw, 360px\" \/><\/p>\n<p><em><strong>Kamu g\u00f6revlilerinin yarg\u0131land\u0131\u011f\u0131 Hrant Dink Cinayeti Davas\u0131\u2019nda san\u0131klar son savunmalar\u0131n\u0131 yap\u0131yor. Bu haftaki celsede eski \u0130stanbul \u0130stihbarat \u015eubesi M\u00fcd\u00fcr\u00fc Ahmet \u0130lhan G\u00fcler ve eski \u0130stihbarat Dairen Ba\u015fkan\u0131 Engin Din\u00e7 savunma yapt\u0131.<\/strong><\/em><\/p>\n<p>Kamu g\u00f6revlilerinin yarg\u0131land\u0131\u011f\u0131 76 san\u0131kl\u0131 Hrant Dink Cinayeti Davas\u0131\u2019na bakan \u0130stanbul 14. A\u011f\u0131r Ceza Mahkemesi\u2019nde dosya, esas hakk\u0131ndaki m\u00fctalaas\u0131n\u0131 vermesi i\u00e7in savc\u0131l\u0131\u011fa g\u00f6nderilmi\u015f, savc\u0131l\u0131k m\u00fctalaas\u0131n\u0131 sunduktan sonra, mahkeme m\u00fcdahil avukatlara esas hakk\u0131ndaki g\u00f6r\u00fc\u015flerini sunmalar\u0131 i\u00e7in iki g\u00fcn s\u00fcre vermi\u015fti.<\/p>\n<p>M\u00fcdahil taraf olan Dink Ailesi avukatlar\u0131ndan Hakan Bak\u0131rc\u0131o\u011flu 17 Aral\u0131k\u2019taki celsede, m\u00fcdahil tarafa verilen iki g\u00fcnl\u00fck s\u00fcrenin yetersiz oldu\u011funu vurgulayarak g\u00f6r\u00fc\u015f sunmayacaklar\u0131n\u0131 s\u00f6yledi.<\/p>\n<p>Mahkeme bu geli\u015fmenin ard\u0131ndan san\u0131klar\u0131n son savunmalar\u0131n\u0131 almaya ba\u015flad\u0131.<\/p>\n<p>24 Aral\u0131k\u2019ta yap\u0131lan celsede eski \u0130stihbarat Daire Ba\u015fkan\u0131 Engin Din\u00e7 savunma yapt\u0131. Savc\u0131l\u0131\u011f\u0131n m\u00fctalaas\u0131nda g\u00f6revi k\u00f6t\u00fcye kullanmakla su\u00e7lanan Din\u00e7, 26 A\u011fustos 2004 tarihinden 19 Eyl\u00fcl 2006 tarihine kadar Trabzon \u0130stihbarat \u015eube M\u00fcd\u00fcr\u00fc olarak g\u00f6rev yapt\u0131b Cinayetten 11 ay \u00f6nce \u015eubat 2006\u2019da Trabzon Emniyeti , Yasin Hayal\u2019in Dink\u2019e y\u00f6nelik ses getirecek bir eylemde bulunaca\u011f\u0131 istihbarat\u0131n\u0131 elde etmi\u015f, bu bilgiyi \u0130stanbul Emniyeti \u0130stihbarat \u015eubesi\u2019ne g\u00f6ndermi\u015fti.<\/p>\n<p>Engin Din\u00e7 savunmas\u0131nda \u201cResmi dile ve usule uygun \u015fekilde Yasin Hayal\u2019le ilgili gelen bilgileri raporlara ge\u00e7tik ve ilgili yerlere ilettik. \u2018Ses getirecek eylem\u2019 istihbarat alan\u0131nda kullan\u0131lan bir tabirdir. Olay\u0131 hafifletecek bir ifade de\u011fildir. Su\u00e7lamalar\u0131 reddediyorum\u201d dedi.<br \/>\nEngin Din\u00e7\u2019in avukat\u0131 da savunma yapt\u0131 ve \u015funlar\u0131 s\u00f6yledi: \u201c\u00d6ld\u00fcrme tabiri yerine ses getirecek eylem ifadesi kullan\u0131lmas\u0131 g\u00f6revi ihmal su\u00e7unu te\u015fkil etmez. M\u00fcvekkilim herhangi bir y\u00fck\u00fcml\u00fcl\u00fc\u011f\u00fc olmamas\u0131na ra\u011fmen edinilen istihbarat bilgisini \u0130stanbul Emniyet M\u00fcd\u00fcrl\u00fc\u011f\u00fc\u2019ne bildirmi\u015ftir.\u0130stihbarat icrac\u0131 bir birim de\u011fil. Emniyet M\u00fcd\u00fcrl\u00fc\u011f\u00fc konudan haberdar edilmi\u015ftir. M\u00fcvekkilim \u00fcst\u00fcne d\u00fc\u015fen g\u00f6revi yerine getirmi\u015ftir. Yasin Hayal\u2019in Hrant Dink\u2019e y\u00f6nelik eylem ger\u00e7ekle\u015ftirece\u011fi bilgisi gerekli birimlere verilmi\u015ftir. M\u00fcvekkilin yaz\u0131\u015fmada kulland\u0131\u011f\u0131 \u2018Ses getirecek eylem\u2019 tabiri resmi yaz\u0131\u015fma diline dairdir ve \u00f6ld\u00fcr\u00fclme eylemine i\u015faret etti\u011fi a\u00e7\u0131kt\u0131r. Hrant Dink\u2019in \u00f6ld\u00fcr\u00fclmesi plan\u0131 Trabzon Emniyeti taraf\u0131ndan \u0130stanbul Emniyeti\u2019ne bildirilmi\u015f; \u0130stanbul Emniyeti \u00fcst\u00fcne d\u00fc\u015feni yapmam\u0131\u015ft\u0131r. Bunu biz s\u00f6ylemiyoruz A\u0130HM s\u00f6yl\u00fcyor. M\u00fcvekkilim Yasin Hayal\u2019in istihbarata konu eylemi ger\u00e7ekle\u015ftirebilecek vas\u0131fta birisi oldu\u011funu da raporlara eklemi\u015ftir. Engin Din\u00e7 yarg\u0131lanmas\u0131 gereken de\u011fil takdir edilmesi gereken ki\u015fidir.\u201d<\/p>\n<p>Din\u00e7 ve avukat\u0131, dosyan\u0131n zaman a\u015f\u0131m\u0131 a\u00e7\u0131s\u0131ndan de\u011ferlendirilmesi gerekti\u011fini belirtip beraat talep ettiler.<\/p>\n<p>23 Aral\u0131k\u2019ta ise cinayet d\u00f6neminde \u0130stanbul Emniyeti \u0130stihbarat \u015eube M\u00fcd\u00fcr\u00fc olan Ahmet \u0130lhan G\u00fcler savunma yapt\u0131. G\u00f6revi ihmal ile su\u00e7lanan G\u00fcler sorumlulu\u011fun Trabzon Emniyeti\u2019nde oldu\u011funu s\u00f6yleyerek \u201cAleyhimdeki bilirki\u015fi raporunu yazanlar FET\u00d6c\u00fc\u2019d\u00fcr\u201d dedi.<\/p>\n<p>G\u00fcler cinayet \u00f6ncesinde Trabzon Emniyeti taraf\u0131ndan elde edilen Hrant Dink\u2019e y\u00f6nelik eylem yap\u0131laca\u011f\u0131 y\u00f6n\u00fcndeki istihbarat\u0131 kastederek \u201cBir ki\u015finin tehdit alt\u0131nda oldu\u011fu Trabzon \u0130stihbarat taraf\u0131ndan tespit edildiyse, ne yap\u0131lmas\u0131 gerekti\u011fi y\u00f6netmeliklerde, mevzuatta a\u00e7\u0131k\u00e7a bellidir. Koruma talebi \u0130stanbul ile de\u011fil EGM ile koordineli yap\u0131lmal\u0131yd\u0131\u201d dedi.<\/p>\n<p>G\u00fcler \u201cO d\u00f6nemde \u0130stanbul Emniyeti, \u0130stihbarat\u0131, \u00f6rg\u00fct taraf\u0131ndan hedefe konmu\u015ftur. Ortada bu tespit varken \u00f6rg\u00fct ile ba\u011flant\u0131s\u0131 olmayan benim g\u00f6revi ihmal ile k\u00f6t\u00fcye kullanmam s\u00f6z konusu de\u011fildir. E\u011fer bu h\u00e2l\u00e2 s\u00f6ylenirse, \u00f6rg\u00fct\u00fcn daha \u00f6nceki ama\u00e7lar\u0131yla \u00f6rt\u00fc\u015f\u00fcr\u201d dedi.<\/p>\n<p>\u0130ddianamede d\u00f6nemin \u0130stihbarat Daire Ba\u015fkan\u0131 Engin\u00e7 Din\u00e7 ile d\u00f6nemin \u0130stanbul \u0130l Emniyet \u0130stihbarat \u015eube M\u00fcd\u00fcr\u00fc Ahmet \u0130lhan G\u00fcler\u2019in \u201c\u0130hmali Davran\u0131\u015fla Kasten Adam \u00d6ld\u00fcrme\u201d, \u201cG\u00f6revi K\u00f6t\u00fcye Kullanmak\u201d su\u00e7lar\u0131ndan 20 y\u0131ldan 26 y\u0131la kadar hapisle cezaland\u0131r\u0131lmas\u0131 talep edilmi\u015f, savc\u0131l\u0131k m\u00fctalaas\u0131nda ise Din\u00e7 ve G\u00fcler g\u00f6revi k\u00f6t\u00fcye kullanmakla su\u00e7lanm\u0131\u015ft\u0131.<\/p>\n<p>(Ayr\u0131ca bkz: Hrant Dink cinayeti soru\u015fturmas\u0131nda kim kimdir?)<\/p>\n<p>19 Ocak 2007\u2019de Samsun Emniyeti\u2019nde komiser olan Ahmet \u00c7etiner: \u201cG\u00f6reve yeni gelmi\u015fken bu olayla kar\u015f\u0131la\u015ft\u0131m. Doktor raporu i\u00e7in Og\u00fcn Samast\u2019\u0131 almak \u00fczere bulundu\u011fu \u00e7ay oca\u011f\u0131na gittim. Koluna girip g\u00f6t\u00fcrmek \u00fczereyken \u2018doktor hen\u00fcz haz\u0131r de\u011fil\u2019 bilgisi geldi. Orada bulunan bir polis memuru dosya i\u00e7in Og\u00fcn Samast\u2019\u0131n foto\u011fraf\u0131n\u0131n \u00e7ekilmesi gerekti\u011fini s\u00f6yledi. Yelekli bir polis daha laz\u0131m dedi. O foto\u011fraf bu \u015fekilde \u00e7ekildi. Samsun Emniyeti\u2019ndeki foto\u011fraflar\u0131n emri ba\u015fkas\u0131 taraf\u0131ndan verilmi\u015ftir. Ar\u015fiv ama\u00e7l\u0131 \u00e7ekilmesi gerekti\u011fi s\u00f6ylenmi\u015ftir. Su\u00e7u ve su\u00e7luyu \u00f6vmek gibi bir ama\u00e7 ta\u015f\u0131mamaktad\u0131r. Beraatimi talep ediyorum. Aksi halde de su\u00e7 zamana\u015f\u0131m\u0131 kapsam\u0131ndad\u0131r\u201d dedi.<\/p>\n<p>Og\u00fcn Samast\u2019\u0131n yakaland\u0131\u011f\u0131 d\u00f6nemde Samsun \u2018da Jandarma y\u00fczba\u015f\u0131 olarak g\u00f6rev yapan Murat Bayrak ise savunmas\u0131nda \u201cDevletimiz ve Cumhurba\u015fkan\u0131m\u0131za y\u00f6nelik 15 Temmuz darbesine kar\u015f\u0131 direnmi\u015f \u015ferefli bir albay\u0131m. FET\u00d6 \u00f6rg\u00fct\u00fcne \u00f6\u011frencili\u011fim ve mesleki ya\u015fam\u0131mda hi\u00e7 yak\u0131n olmad\u0131m kar\u015f\u0131 durdum\u2026\u201d dedi.<\/p>\n<p>Murat Bayrak, \u201cOg\u00fcn Samast\u2019\u0131n \u2018vatan topra\u011f\u0131 kutsald\u0131r kaderine terk edilemez\u2019 posteri \u00f6n\u00fcnde \u00e7ekilen foto\u011fraf ve video kay\u0131tlar\u0131na ili\u015fkin hi\u00e7 bir \u015fekilde emir vermedim. Benim g\u00f6r\u00fcnt\u00fcm de yoktur. S\u00f6z konusu g\u00f6r\u00fcnt\u00fcleri s\u0131zd\u0131ran da ben de\u011filim\u201d diye konu\u015ftu. Avukat\u0131 da \u201cM\u00fcvekkilimin Og\u00fcn Samast\u2019la tek bir karesi bile yoktur. Kald\u0131 ki olsa bile b\u00f6yle bir g\u00f6r\u00fcnt\u00fc su\u00e7 te\u015fkil etmez. Beraatini talep etmekteyiz. Kabul etmemekle beraber su\u00e7un zamana\u015f\u0131m\u0131 kapsam\u0131nda oldu\u011funu belirtiriz\u201d dedi.<\/p>\n<p>24 Aral\u0131k\u2019taki oturum ile bu haftaki duru\u015fma sona erdi. Tutuklu san\u0131klar Ali Fuat Yilmazer, Ercan G\u00fcn, Muharrem Demirkale, Ramazan Aky\u00fcrek savunmalar\u0131n\u0131 22 Ocak 2021 tarihinde yap\u0131lacak Davaya ise 6 ve 8 Ocak 2021 tarihlerinde devam edilecek. 11 Ocak\u2019ta Hamdi Egbatan, Hamza Celepo\u011flu, Mehmet Ayhan, Mehmet U\u00e7ar, M.Ali \u00d6zk\u0131l\u0131n\u00e7, Metin Balta, Metin Y\u0131ld\u0131z, Muhittin Zenit savunma yapacak.<\/p>\n<p>Mahkeme heyeti 23 Aral\u0131k\u2019taki duru\u015fma sonuna do\u011fru Dink Ailesi avukatlar\u0131na y\u00f6nelik olarak \u201cTutuklu san\u0131klar\u0131n beyan\u0131 da bittikten sonra size s\u00f6z verece\u011fiz\u201d dedi.<\/p>\n<hr \/>\n<p><em><strong><a href=\"http:\/\/www.agos.com.tr\/tr\/yazi\/25101\/dink-cinayeti-ahmet-ilhan-guler-ve-engin-dinc-savunma-yapti\" target=\"_blank\" rel=\"noopener noreferrer\">Agos<\/a><\/strong><\/em><\/p>\n","protected":false},"excerpt":{"rendered":"<p>Kamu g\u00f6revlilerinin yarg\u0131land\u0131\u011f\u0131 Hrant Dink Cinayeti Davas\u0131\u2019nda san\u0131klar son savunmalar\u0131n\u0131 yap\u0131yor. Bu haftaki celsede eski \u0130stanbul \u0130stihbarat \u015eubesi M\u00fcd\u00fcr\u00fc Ahmet \u0130lhan G\u00fcler ve eski \u0130stihbarat Dairen Ba\u015fkan\u0131 Engin Din\u00e7 savunma yapt\u0131. Kamu g\u00f6revlilerinin yarg\u0131land\u0131\u011f\u0131 76 san\u0131kl\u0131 Hrant Dink Cinayeti Davas\u0131\u2019na bakan \u0130stanbul 14. A\u011f\u0131r Ceza Mahkemesi\u2019nde dosya, esas hakk\u0131ndaki m\u00fctalaas\u0131n\u0131 vermesi i\u00e7in savc\u0131l\u0131\u011fa g\u00f6nderilmi\u015f, savc\u0131l\u0131k [&hellip;]<\/p>\n","protected":false},"author":7,"featured_media":60752,"comment_status":"open","ping_status":"open","sticky":false,"template":"","format":"standard","meta":{"footnotes":""},"categories":[1],"tags":[],"class_list":["post-60751","post","type-post","status-publish","format-standard","has-post-thumbnail","hentry","category-haberler"],"yoast_head":"<!-- This site is optimized with the Yoast SEO plugin v27.4 - https:\/\/yoast.com\/product\/yoast-seo-wordpress\/ -->\n<title>Dink Cinayeti: Ahmet \u0130lhan G\u00fcler ve Engin Din\u00e7 savunma yapt\u0131 - Bati Ermenistan Ve Bati Ermenileri Sorunlari Ara\u015ftirmalar Merkezi<\/title>\n<meta name=\"robots\" content=\"index, follow, max-snippet:-1, max-image-preview:large, max-video-preview:-1\" \/>\n<link rel=\"canonical\" href=\"https:\/\/akunq.net\/tr\/?p=60751\" \/>\n<meta property=\"og:locale\" content=\"en_US\" \/>\n<meta property=\"og:type\" content=\"article\" \/>\n<meta property=\"og:title\" content=\"Dink Cinayeti: Ahmet \u0130lhan G\u00fcler ve Engin Din\u00e7 savunma yapt\u0131 - Bati Ermenistan Ve Bati Ermenileri Sorunlari Ara\u015ftirmalar Merkezi\" \/>\n<meta property=\"og:description\" content=\"Kamu g\u00f6revlilerinin yarg\u0131land\u0131\u011f\u0131 Hrant Dink Cinayeti Davas\u0131\u2019nda san\u0131klar son savunmalar\u0131n\u0131 yap\u0131yor. Bu haftaki celsede eski \u0130stanbul \u0130stihbarat \u015eubesi M\u00fcd\u00fcr\u00fc Ahmet \u0130lhan G\u00fcler ve eski \u0130stihbarat Dairen Ba\u015fkan\u0131 Engin Din\u00e7 savunma yapt\u0131. Kamu g\u00f6revlilerinin yarg\u0131land\u0131\u011f\u0131 76 san\u0131kl\u0131 Hrant Dink Cinayeti Davas\u0131\u2019na bakan \u0130stanbul 14. A\u011f\u0131r Ceza Mahkemesi\u2019nde dosya, esas hakk\u0131ndaki m\u00fctalaas\u0131n\u0131 vermesi i\u00e7in savc\u0131l\u0131\u011fa g\u00f6nderilmi\u015f, savc\u0131l\u0131k [&hellip;]\" \/>\n<meta property=\"og:url\" content=\"https:\/\/akunq.net\/tr\/?p=60751\" \/>\n<meta property=\"og:site_name\" content=\"Bati Ermenistan Ve Bati Ermenileri Sorunlari Ara\u015ftirmalar Merkezi\" \/>\n<meta property=\"article:published_time\" content=\"2020-12-25T10:23:50+00:00\" \/>\n<meta property=\"og:image\" content=\"https:\/\/akunq.net\/tr\/wp-content\/uploads\/sites\/6\/2020\/12\/Hrant-Dink-1.jpg\" \/>\n\t<meta property=\"og:image:width\" content=\"702\" \/>\n\t<meta property=\"og:image:height\" content=\"467\" \/>\n\t<meta property=\"og:image:type\" content=\"image\/jpeg\" \/>\n<meta name=\"author\" content=\"admin\" \/>\n<meta name=\"twitter:card\" content=\"summary_large_image\" \/>\n<meta name=\"twitter:label1\" content=\"Written by\" \/>\n\t<meta name=\"twitter:data1\" content=\"admin\" \/>\n\t<meta name=\"twitter:label2\" content=\"Est. reading time\" \/>\n\t<meta name=\"twitter:data2\" content=\"6 minutes\" \/>\n<script type=\"application\/ld+json\" class=\"yoast-schema-graph\">{\"@context\":\"https:\\\/\\\/schema.org\",\"@graph\":[{\"@type\":\"Article\",\"@id\":\"https:\\\/\\\/akunq.net\\\/tr\\\/?p=60751#article\",\"isPartOf\":{\"@id\":\"https:\\\/\\\/akunq.net\\\/tr\\\/?p=60751\"},\"author\":{\"name\":\"admin\",\"@id\":\"https:\\\/\\\/akunq.net\\\/tr\\\/#\\\/schema\\\/person\\\/096f1d38a12cce57fb855b485ed24c9e\"},\"headline\":\"Dink Cinayeti: Ahmet \u0130lhan G\u00fcler ve Engin Din\u00e7 savunma yapt\u0131\",\"datePublished\":\"2020-12-25T10:23:50+00:00\",\"mainEntityOfPage\":{\"@id\":\"https:\\\/\\\/akunq.net\\\/tr\\\/?p=60751\"},\"wordCount\":1129,\"commentCount\":0,\"image\":{\"@id\":\"https:\\\/\\\/akunq.net\\\/tr\\\/?p=60751#primaryimage\"},\"thumbnailUrl\":\"https:\\\/\\\/akunq.net\\\/tr\\\/wp-content\\\/uploads\\\/sites\\\/6\\\/2020\\\/12\\\/Hrant-Dink-1.jpg\",\"articleSection\":[\"Haberler\"],\"inLanguage\":\"en-US\",\"potentialAction\":[{\"@type\":\"CommentAction\",\"name\":\"Comment\",\"target\":[\"https:\\\/\\\/akunq.net\\\/tr\\\/?p=60751#respond\"]}]},{\"@type\":\"WebPage\",\"@id\":\"https:\\\/\\\/akunq.net\\\/tr\\\/?p=60751\",\"url\":\"https:\\\/\\\/akunq.net\\\/tr\\\/?p=60751\",\"name\":\"Dink Cinayeti: Ahmet \u0130lhan G\u00fcler ve Engin Din\u00e7 savunma yapt\u0131 - Bati Ermenistan Ve Bati Ermenileri Sorunlari Ara\u015ftirmalar Merkezi\",\"isPartOf\":{\"@id\":\"https:\\\/\\\/akunq.net\\\/tr\\\/#website\"},\"primaryImageOfPage\":{\"@id\":\"https:\\\/\\\/akunq.net\\\/tr\\\/?p=60751#primaryimage\"},\"image\":{\"@id\":\"https:\\\/\\\/akunq.net\\\/tr\\\/?p=60751#primaryimage\"},\"thumbnailUrl\":\"https:\\\/\\\/akunq.net\\\/tr\\\/wp-content\\\/uploads\\\/sites\\\/6\\\/2020\\\/12\\\/Hrant-Dink-1.jpg\",\"datePublished\":\"2020-12-25T10:23:50+00:00\",\"author\":{\"@id\":\"https:\\\/\\\/akunq.net\\\/tr\\\/#\\\/schema\\\/person\\\/096f1d38a12cce57fb855b485ed24c9e\"},\"breadcrumb\":{\"@id\":\"https:\\\/\\\/akunq.net\\\/tr\\\/?p=60751#breadcrumb\"},\"inLanguage\":\"en-US\",\"potentialAction\":[{\"@type\":\"ReadAction\",\"target\":[\"https:\\\/\\\/akunq.net\\\/tr\\\/?p=60751\"]}]},{\"@type\":\"ImageObject\",\"inLanguage\":\"en-US\",\"@id\":\"https:\\\/\\\/akunq.net\\\/tr\\\/?p=60751#primaryimage\",\"url\":\"https:\\\/\\\/akunq.net\\\/tr\\\/wp-content\\\/uploads\\\/sites\\\/6\\\/2020\\\/12\\\/Hrant-Dink-1.jpg\",\"contentUrl\":\"https:\\\/\\\/akunq.net\\\/tr\\\/wp-content\\\/uploads\\\/sites\\\/6\\\/2020\\\/12\\\/Hrant-Dink-1.jpg\",\"width\":702,\"height\":467},{\"@type\":\"BreadcrumbList\",\"@id\":\"https:\\\/\\\/akunq.net\\\/tr\\\/?p=60751#breadcrumb\",\"itemListElement\":[{\"@type\":\"ListItem\",\"position\":1,\"name\":\"Home\",\"item\":\"https:\\\/\\\/akunq.net\\\/tr\"},{\"@type\":\"ListItem\",\"position\":2,\"name\":\"Dink Cinayeti: Ahmet \u0130lhan G\u00fcler ve Engin Din\u00e7 savunma yapt\u0131\"}]},{\"@type\":\"WebSite\",\"@id\":\"https:\\\/\\\/akunq.net\\\/tr\\\/#website\",\"url\":\"https:\\\/\\\/akunq.net\\\/tr\\\/\",\"name\":\"Bati Ermenistan Ve Bati Ermenileri Sorunlari Ara\u015ftirmalar Merkezi\",\"description\":\"\",\"potentialAction\":[{\"@type\":\"SearchAction\",\"target\":{\"@type\":\"EntryPoint\",\"urlTemplate\":\"https:\\\/\\\/akunq.net\\\/tr\\\/?s={search_term_string}\"},\"query-input\":{\"@type\":\"PropertyValueSpecification\",\"valueRequired\":true,\"valueName\":\"search_term_string\"}}],\"inLanguage\":\"en-US\"},{\"@type\":\"Person\",\"@id\":\"https:\\\/\\\/akunq.net\\\/tr\\\/#\\\/schema\\\/person\\\/096f1d38a12cce57fb855b485ed24c9e\",\"name\":\"admin\",\"url\":\"https:\\\/\\\/akunq.net\\\/tr\\\/?author=7\"}]}<\/script>\n<!-- \/ Yoast SEO plugin. -->","yoast_head_json":{"title":"Dink Cinayeti: Ahmet \u0130lhan G\u00fcler ve Engin Din\u00e7 savunma yapt\u0131 - Bati Ermenistan Ve Bati Ermenileri Sorunlari Ara\u015ftirmalar Merkezi","robots":{"index":"index","follow":"follow","max-snippet":"max-snippet:-1","max-image-preview":"max-image-preview:large","max-video-preview":"max-video-preview:-1"},"canonical":"https:\/\/akunq.net\/tr\/?p=60751","og_locale":"en_US","og_type":"article","og_title":"Dink Cinayeti: Ahmet \u0130lhan G\u00fcler ve Engin Din\u00e7 savunma yapt\u0131 - Bati Ermenistan Ve Bati Ermenileri Sorunlari Ara\u015ftirmalar Merkezi","og_description":"Kamu g\u00f6revlilerinin yarg\u0131land\u0131\u011f\u0131 Hrant Dink Cinayeti Davas\u0131\u2019nda san\u0131klar son savunmalar\u0131n\u0131 yap\u0131yor. Bu haftaki celsede eski \u0130stanbul \u0130stihbarat \u015eubesi M\u00fcd\u00fcr\u00fc Ahmet \u0130lhan G\u00fcler ve eski \u0130stihbarat Dairen Ba\u015fkan\u0131 Engin Din\u00e7 savunma yapt\u0131. Kamu g\u00f6revlilerinin yarg\u0131land\u0131\u011f\u0131 76 san\u0131kl\u0131 Hrant Dink Cinayeti Davas\u0131\u2019na bakan \u0130stanbul 14. A\u011f\u0131r Ceza Mahkemesi\u2019nde dosya, esas hakk\u0131ndaki m\u00fctalaas\u0131n\u0131 vermesi i\u00e7in savc\u0131l\u0131\u011fa g\u00f6nderilmi\u015f, savc\u0131l\u0131k [&hellip;]","og_url":"https:\/\/akunq.net\/tr\/?p=60751","og_site_name":"Bati Ermenistan Ve Bati Ermenileri Sorunlari Ara\u015ftirmalar Merkezi","article_published_time":"2020-12-25T10:23:50+00:00","og_image":[{"width":702,"height":467,"url":"https:\/\/akunq.net\/tr\/wp-content\/uploads\/sites\/6\/2020\/12\/Hrant-Dink-1.jpg","type":"image\/jpeg"}],"author":"admin","twitter_card":"summary_large_image","twitter_misc":{"Written by":"admin","Est. reading time":"6 minutes"},"schema":{"@context":"https:\/\/schema.org","@graph":[{"@type":"Article","@id":"https:\/\/akunq.net\/tr\/?p=60751#article","isPartOf":{"@id":"https:\/\/akunq.net\/tr\/?p=60751"},"author":{"name":"admin","@id":"https:\/\/akunq.net\/tr\/#\/schema\/person\/096f1d38a12cce57fb855b485ed24c9e"},"headline":"Dink Cinayeti: Ahmet \u0130lhan G\u00fcler ve Engin Din\u00e7 savunma yapt\u0131","datePublished":"2020-12-25T10:23:50+00:00","mainEntityOfPage":{"@id":"https:\/\/akunq.net\/tr\/?p=60751"},"wordCount":1129,"commentCount":0,"image":{"@id":"https:\/\/akunq.net\/tr\/?p=60751#primaryimage"},"thumbnailUrl":"https:\/\/akunq.net\/tr\/wp-content\/uploads\/sites\/6\/2020\/12\/Hrant-Dink-1.jpg","articleSection":["Haberler"],"inLanguage":"en-US","potentialAction":[{"@type":"CommentAction","name":"Comment","target":["https:\/\/akunq.net\/tr\/?p=60751#respond"]}]},{"@type":"WebPage","@id":"https:\/\/akunq.net\/tr\/?p=60751","url":"https:\/\/akunq.net\/tr\/?p=60751","name":"Dink Cinayeti: Ahmet \u0130lhan G\u00fcler ve Engin Din\u00e7 savunma yapt\u0131 - Bati Ermenistan Ve Bati Ermenileri Sorunlari Ara\u015ftirmalar Merkezi","isPartOf":{"@id":"https:\/\/akunq.net\/tr\/#website"},"primaryImageOfPage":{"@id":"https:\/\/akunq.net\/tr\/?p=60751#primaryimage"},"image":{"@id":"https:\/\/akunq.net\/tr\/?p=60751#primaryimage"},"thumbnailUrl":"https:\/\/akunq.net\/tr\/wp-content\/uploads\/sites\/6\/2020\/12\/Hrant-Dink-1.jpg","datePublished":"2020-12-25T10:23:50+00:00","author":{"@id":"https:\/\/akunq.net\/tr\/#\/schema\/person\/096f1d38a12cce57fb855b485ed24c9e"},"breadcrumb":{"@id":"https:\/\/akunq.net\/tr\/?p=60751#breadcrumb"},"inLanguage":"en-US","potentialAction":[{"@type":"ReadAction","target":["https:\/\/akunq.net\/tr\/?p=60751"]}]},{"@type":"ImageObject","inLanguage":"en-US","@id":"https:\/\/akunq.net\/tr\/?p=60751#primaryimage","url":"https:\/\/akunq.net\/tr\/wp-content\/uploads\/sites\/6\/2020\/12\/Hrant-Dink-1.jpg","contentUrl":"https:\/\/akunq.net\/tr\/wp-content\/uploads\/sites\/6\/2020\/12\/Hrant-Dink-1.jpg","width":702,"height":467},{"@type":"BreadcrumbList","@id":"https:\/\/akunq.net\/tr\/?p=60751#breadcrumb","itemListElement":[{"@type":"ListItem","position":1,"name":"Home","item":"https:\/\/akunq.net\/tr"},{"@type":"ListItem","position":2,"name":"Dink Cinayeti: Ahmet \u0130lhan G\u00fcler ve Engin Din\u00e7 savunma yapt\u0131"}]},{"@type":"WebSite","@id":"https:\/\/akunq.net\/tr\/#website","url":"https:\/\/akunq.net\/tr\/","name":"Bati Ermenistan Ve Bati Ermenileri Sorunlari Ara\u015ftirmalar Merkezi","description":"","potentialAction":[{"@type":"SearchAction","target":{"@type":"EntryPoint","urlTemplate":"https:\/\/akunq.net\/tr\/?s={search_term_string}"},"query-input":{"@type":"PropertyValueSpecification","valueRequired":true,"valueName":"search_term_string"}}],"inLanguage":"en-US"},{"@type":"Person","@id":"https:\/\/akunq.net\/tr\/#\/schema\/person\/096f1d38a12cce57fb855b485ed24c9e","name":"admin","url":"https:\/\/akunq.net\/tr\/?author=7"}]}},"_links":{"self":[{"href":"https:\/\/akunq.net\/tr\/index.php?rest_route=\/wp\/v2\/posts\/60751","targetHints":{"allow":["GET"]}}],"collection":[{"href":"https:\/\/akunq.net\/tr\/index.php?rest_route=\/wp\/v2\/posts"}],"about":[{"href":"https:\/\/akunq.net\/tr\/index.php?rest_route=\/wp\/v2\/types\/post"}],"author":[{"embeddable":true,"href":"https:\/\/akunq.net\/tr\/index.php?rest_route=\/wp\/v2\/users\/7"}],"replies":[{"embeddable":true,"href":"https:\/\/akunq.net\/tr\/index.php?rest_route=%2Fwp%2Fv2%2Fcomments&post=60751"}],"version-history":[{"count":1,"href":"https:\/\/akunq.net\/tr\/index.php?rest_route=\/wp\/v2\/posts\/60751\/revisions"}],"predecessor-version":[{"id":60753,"href":"https:\/\/akunq.net\/tr\/index.php?rest_route=\/wp\/v2\/posts\/60751\/revisions\/60753"}],"wp:featuredmedia":[{"embeddable":true,"href":"https:\/\/akunq.net\/tr\/index.php?rest_route=\/wp\/v2\/media\/60752"}],"wp:attachment":[{"href":"https:\/\/akunq.net\/tr\/index.php?rest_route=%2Fwp%2Fv2%2Fmedia&parent=60751"}],"wp:term":[{"taxonomy":"category","embeddable":true,"href":"https:\/\/akunq.net\/tr\/index.php?rest_route=%2Fwp%2Fv2%2Fcategories&post=60751"},{"taxonomy":"post_tag","embeddable":true,"href":"https:\/\/akunq.net\/tr\/index.php?rest_route=%2Fwp%2Fv2%2Ftags&post=60751"}],"curies":[{"name":"wp","href":"https:\/\/api.w.org\/{rel}","templated":true}]}}