{"id":60748,"date":"2020-12-25T05:01:18","date_gmt":"2020-12-25T10:01:18","guid":{"rendered":"https:\/\/akunq.net\/tr\/?p=60748"},"modified":"2020-12-25T05:01:18","modified_gmt":"2020-12-25T10:01:18","slug":"can-dundarin-iadesi-talebine-almanyadan-cevap","status":"publish","type":"post","link":"https:\/\/akunq.net\/tr\/?p=60748","title":{"rendered":"Can D\u00fcndar&#8217;\u0131n iadesi talebine Almanya&#8217;dan cevap"},"content":{"rendered":"<p><img loading=\"lazy\" decoding=\"async\" class=\"aligncenter size-medium wp-image-60749\" src=\"https:\/\/akunq.net\/tr\/wp-content\/uploads\/2020\/12\/\u054b\u0561\u0576-\u0534\u0575\u0578\u0582\u0576\u0564\u0561\u0580-360x195.jpg\" alt=\"\" width=\"360\" height=\"195\" srcset=\"https:\/\/akunq.net\/tr\/wp-content\/uploads\/sites\/6\/2020\/12\/\u054b\u0561\u0576-\u0534\u0575\u0578\u0582\u0576\u0564\u0561\u0580-360x195.jpg 360w, https:\/\/akunq.net\/tr\/wp-content\/uploads\/sites\/6\/2020\/12\/\u054b\u0561\u0576-\u0534\u0575\u0578\u0582\u0576\u0564\u0561\u0580-768x415.jpg 768w, https:\/\/akunq.net\/tr\/wp-content\/uploads\/sites\/6\/2020\/12\/\u054b\u0561\u0576-\u0534\u0575\u0578\u0582\u0576\u0564\u0561\u0580-560x303.jpg 560w, https:\/\/akunq.net\/tr\/wp-content\/uploads\/sites\/6\/2020\/12\/\u054b\u0561\u0576-\u0534\u0575\u0578\u0582\u0576\u0564\u0561\u0580-260x141.jpg 260w, https:\/\/akunq.net\/tr\/wp-content\/uploads\/sites\/6\/2020\/12\/\u054b\u0561\u0576-\u0534\u0575\u0578\u0582\u0576\u0564\u0561\u0580-160x87.jpg 160w, https:\/\/akunq.net\/tr\/wp-content\/uploads\/sites\/6\/2020\/12\/\u054b\u0561\u0576-\u0534\u0575\u0578\u0582\u0576\u0564\u0561\u0580.jpg 1000w\" sizes=\"auto, (max-width: 360px) 100vw, 360px\" \/><\/p>\n<p class=\"intro\"><em><strong>Can D\u00fcndar&#8217;\u0131n d\u00fcn verilen 27 y\u0131l 6 ay hapis cezas\u0131 sonras\u0131nda T\u00fcrkiye&#8217;ye iade edilmesi taleplerine Almanya D\u0131\u015fi\u015fleri Bakanl\u0131\u011f\u0131&#8217;ndan cevap geldi: Almanya, prensip olarak siyasi mahkumiyet kararlar\u0131nda iade yapm\u0131yor.<\/strong><\/em><\/p>\n<div id=\"sharing-bar\" class=\"min\"><span dir=\"ltr\">\u00a0<\/span><span style=\"letter-spacing: 0.05em;\">Gazeteci Can D\u00fcndar&#8217;\u0131n T\u00fcrkiye&#8217;de 27 y\u0131l 6 ay hapis cezas\u0131na \u00e7arpt\u0131r\u0131lmas\u0131ndan sonra Cumhurba\u015fkanl\u0131\u011f\u0131 \u0130leti\u015fim Ba\u015fkan\u0131 Fahrettin Altun taraf\u0131ndan yap\u0131lan, D\u00fcndar&#8217;\u0131n T\u00fcrkiye&#8217;ye iadesi talebine Almanya D\u0131\u015fi\u015fleri Bakanl\u0131\u011f\u0131&#8217;ndan cevap geldi. Bakanl\u0131k, Almanya&#8217;n\u0131n siyasi mahkumiyet kararlar\u0131nda prensip olarak iade yapmad\u0131\u011f\u0131n\u0131 a\u00e7\u0131klad\u0131.<\/span><\/div>\n<div class=\"group\">\n<div class=\"longText\">\n<p>DW T\u00fcrk\u00e7e&#8217;ye verilen deme\u00e7te, &#8220;Prensip olarak ge\u00e7erli olan Almanya&#8217;n\u0131n siyasi gerek\u00e7eli mahkumiyet kararlar\u0131nda iade yapmamas\u0131d\u0131r. Alman h\u00fck\u00fcmeti, d\u00fcnya genelinde ba\u011f\u0131ms\u0131z medya ve ba\u011f\u0131ms\u0131z habercilik i\u00e7in \u00e7aba harcamaktad\u0131r. Hem iyi ve kal\u0131c\u0131 ikili ili\u015fkiler hem de iyi ve kal\u0131c\u0131 T\u00fcrkiye-Avrupa Birli\u011fi ili\u015fkileri i\u00e7in, demokrasi, insan haklar\u0131\u00a0ve hukuk devleti gibi konularda uluslararas\u0131 standartlara uyulmas\u0131 temel \u015fartt\u0131r&#8221; denildi.<\/p>\n<p>Cumhurba\u015fkanl\u0131\u011f\u0131 \u0130leti\u015fim Ba\u015fkan\u0131 Fahrettin Altun, Can D\u00fcndar karar\u0131 sonras\u0131nda Twitter hesab\u0131ndan yapt\u0131\u011f\u0131 Almanca payla\u015f\u0131mlarda, D\u00fcndar&#8217;\u0131n &#8220;casusluk ve silahl\u0131 bir ter\u00f6r \u00f6rg\u00fct\u00fcn\u00fc desteklemekten h\u00fck\u00fcm giydi\u011fini&#8221; ve &#8220;eylemlerinin bas\u0131n \u00f6zg\u00fcrl\u00fc\u011f\u00fc kapsam\u0131nda olmad\u0131\u011f\u0131n\u0131&#8221; iddia etmi\u015f, ilaveten mahkeme karar\u0131n\u0131n d\u00fc\u015f\u00fcnce \u00f6zg\u00fcrl\u00fc\u011f\u00fcn\u00fcn ihlali olarak de\u011ferlendirilmesinin gazetecilere hakaret oldu\u011funu ileri s\u00fcrm\u00fc\u015ft\u00fc. Altun, &#8220;Muhataplar\u0131m\u0131zdan, ba\u011f\u0131ms\u0131z T\u00fcrk yarg\u0131s\u0131n\u0131n karar\u0131n\u0131 kabul etmelerini ve Can D\u00fcndar&#8217;\u0131 T\u00fcrkiye&#8217;ye iade etmelerini bekliyoruz&#8221; diye belirtmi\u015fti.<\/p>\n<div class=\"col1\">\n<div class=\"group accordion ui-accordion ui-widget ui-helper-reset\" role=\"tablist\"><\/div>\n<\/div>\n<p>Can D\u00fcndar karar\u0131na Almanya D\u0131\u015fi\u015fleri Bakan\u0131 Maas d\u00fcn sert tepki g\u00f6stermi\u015f, gazetecili\u011fin topluma verilen vazge\u00e7ilmez bir hizmet oldu\u011funu belirterek, bu hizmetin \u00f6zellikle de y\u00f6netenlere ele\u015ftirel yakla\u015f\u0131ld\u0131\u011f\u0131 durumlarda \u00f6zel \u00f6nem artetti\u011fini vurgulam\u0131\u015ft\u0131. Maas, &#8220;Gazetecilik su\u00e7 de\u011fildir, aksine toplum i\u00e7in vazge\u00e7ilmez bir hizmettir, \u00f6zellikle de ele\u015ftirel ve ara\u015ft\u0131rmac\u0131 \u015fekilde h\u00fck\u00fcmet edenlerin yapt\u0131klar\u0131n\u0131 b\u00fcy\u00fcte\u00e7 alt\u0131na al\u0131yorsa&#8221; diye belirtmi\u015fti.<\/p>\n<p>Can D\u00fcndar hakk\u0131nda verilen karar\u0131 &#8220;T\u00fcrkiye&#8217;de ba\u011f\u0131ms\u0131z gazetecili\u011fe vurulan sert bir darbe&#8221; olarak nitelendiren Maas, &#8220;Bas\u0131n \u00f6zg\u00fcrl\u00fc\u011f\u00fc temel bir hakt\u0131r ve gazetecilik mesle\u011finin sadece y\u00fcksek ki\u015fisel riskler al\u0131nd\u0131\u011f\u0131nda m\u00fcmk\u00fcn olmas\u0131 kabul edilemez. Bu, T\u00fcrkiye&#8217;nin Avrupa \u0130nsan Haklar\u0131 S\u00f6zle\u015fmesi ile y\u00fck\u00fcml\u00fc bulundu\u011fu bas\u0131n \u00f6zg\u00fcrl\u00fc\u011f\u00fc fikri ile ba\u011fda\u015fm\u0131yor\u201d ifadelerine yer vermi\u015fti.<\/p>\n<p>\u0130stanbul 14. A\u011f\u0131r Ceza Mahkemesi, d\u00fcn Can D\u00fcndar&#8217;\u0131 &#8220;gizli kalmas\u0131 gereken bilgileri casusluk maksad\u0131yla temin etmek&#8221; su\u00e7undan 18 y\u0131l 9 ay, &#8220;FET\u00d6&#8217;ye dahil olmamakla birlikte \u00f6rg\u00fcte yard\u0131m&#8221; su\u00e7lamas\u0131yla 8 y\u0131l 9 ay hapis cezas\u0131na \u00e7arpt\u0131rm\u0131\u015ft\u0131.<\/p>\n<p><em><strong>DW\/ETO,EC<\/strong><\/em><\/p>\n<p><em><strong>\u00a9Deutsche Welle T\u00fcrk\u00e7e<\/strong><\/em><\/p>\n<p><em><strong>https:\/\/www.dw.com\/tr\/can-d%C3%BCndar%C4%B1n-iadesi-talebine-almanyadan-cevap\/a-56050652\u00a0<\/strong><\/em><\/p>\n<\/div>\n<\/div>\n","protected":false},"excerpt":{"rendered":"<p>Can D\u00fcndar&#8217;\u0131n d\u00fcn verilen 27 y\u0131l 6 ay hapis cezas\u0131 sonras\u0131nda T\u00fcrkiye&#8217;ye iade edilmesi taleplerine Almanya D\u0131\u015fi\u015fleri Bakanl\u0131\u011f\u0131&#8217;ndan cevap geldi: Almanya, prensip olarak siyasi mahkumiyet kararlar\u0131nda iade yapm\u0131yor. \u00a0Gazeteci Can D\u00fcndar&#8217;\u0131n T\u00fcrkiye&#8217;de 27 y\u0131l 6 ay hapis cezas\u0131na \u00e7arpt\u0131r\u0131lmas\u0131ndan sonra Cumhurba\u015fkanl\u0131\u011f\u0131 \u0130leti\u015fim Ba\u015fkan\u0131 Fahrettin Altun taraf\u0131ndan yap\u0131lan, D\u00fcndar&#8217;\u0131n T\u00fcrkiye&#8217;ye iadesi talebine Almanya D\u0131\u015fi\u015fleri Bakanl\u0131\u011f\u0131&#8217;ndan cevap [&hellip;]<\/p>\n","protected":false},"author":7,"featured_media":60749,"comment_status":"open","ping_status":"open","sticky":false,"template":"","format":"standard","meta":{"footnotes":""},"categories":[1],"tags":[],"class_list":["post-60748","post","type-post","status-publish","format-standard","has-post-thumbnail","hentry","category-haberler"],"yoast_head":"<!-- This site is optimized with the Yoast SEO plugin v27.4 - https:\/\/yoast.com\/product\/yoast-seo-wordpress\/ -->\n<title>Can D\u00fcndar&#039;\u0131n iadesi talebine Almanya&#039;dan cevap - Bati Ermenistan Ve Bati Ermenileri Sorunlari Ara\u015ftirmalar Merkezi<\/title>\n<meta name=\"robots\" content=\"index, follow, max-snippet:-1, max-image-preview:large, max-video-preview:-1\" \/>\n<link rel=\"canonical\" href=\"https:\/\/akunq.net\/tr\/?p=60748\" \/>\n<meta property=\"og:locale\" content=\"en_US\" \/>\n<meta property=\"og:type\" content=\"article\" \/>\n<meta property=\"og:title\" content=\"Can D\u00fcndar&#039;\u0131n iadesi talebine Almanya&#039;dan cevap - Bati Ermenistan Ve Bati Ermenileri Sorunlari Ara\u015ftirmalar Merkezi\" \/>\n<meta property=\"og:description\" content=\"Can D\u00fcndar&#8217;\u0131n d\u00fcn verilen 27 y\u0131l 6 ay hapis cezas\u0131 sonras\u0131nda T\u00fcrkiye&#8217;ye iade edilmesi taleplerine Almanya D\u0131\u015fi\u015fleri Bakanl\u0131\u011f\u0131&#8217;ndan cevap geldi: Almanya, prensip olarak siyasi mahkumiyet kararlar\u0131nda iade yapm\u0131yor. \u00a0Gazeteci Can D\u00fcndar&#8217;\u0131n T\u00fcrkiye&#8217;de 27 y\u0131l 6 ay hapis cezas\u0131na \u00e7arpt\u0131r\u0131lmas\u0131ndan sonra Cumhurba\u015fkanl\u0131\u011f\u0131 \u0130leti\u015fim Ba\u015fkan\u0131 Fahrettin Altun taraf\u0131ndan yap\u0131lan, D\u00fcndar&#8217;\u0131n T\u00fcrkiye&#8217;ye iadesi talebine Almanya D\u0131\u015fi\u015fleri Bakanl\u0131\u011f\u0131&#8217;ndan cevap [&hellip;]\" \/>\n<meta property=\"og:url\" content=\"https:\/\/akunq.net\/tr\/?p=60748\" \/>\n<meta property=\"og:site_name\" content=\"Bati Ermenistan Ve Bati Ermenileri Sorunlari Ara\u015ftirmalar Merkezi\" \/>\n<meta property=\"article:published_time\" content=\"2020-12-25T10:01:18+00:00\" \/>\n<meta property=\"og:image\" content=\"https:\/\/akunq.net\/tr\/wp-content\/uploads\/sites\/6\/2020\/12\/\u054b\u0561\u0576-\u0534\u0575\u0578\u0582\u0576\u0564\u0561\u0580.jpg\" \/>\n\t<meta property=\"og:image:width\" content=\"1000\" \/>\n\t<meta property=\"og:image:height\" content=\"541\" \/>\n\t<meta property=\"og:image:type\" content=\"image\/jpeg\" \/>\n<meta name=\"author\" content=\"admin\" \/>\n<meta name=\"twitter:card\" content=\"summary_large_image\" \/>\n<meta name=\"twitter:label1\" content=\"Written by\" \/>\n\t<meta name=\"twitter:data1\" content=\"admin\" \/>\n\t<meta name=\"twitter:label2\" content=\"Est. reading time\" \/>\n\t<meta name=\"twitter:data2\" content=\"3 minutes\" \/>\n<script type=\"application\/ld+json\" class=\"yoast-schema-graph\">{\"@context\":\"https:\\\/\\\/schema.org\",\"@graph\":[{\"@type\":\"Article\",\"@id\":\"https:\\\/\\\/akunq.net\\\/tr\\\/?p=60748#article\",\"isPartOf\":{\"@id\":\"https:\\\/\\\/akunq.net\\\/tr\\\/?p=60748\"},\"author\":{\"name\":\"admin\",\"@id\":\"https:\\\/\\\/akunq.net\\\/tr\\\/#\\\/schema\\\/person\\\/096f1d38a12cce57fb855b485ed24c9e\"},\"headline\":\"Can D\u00fcndar&#8217;\u0131n iadesi talebine Almanya&#8217;dan cevap\",\"datePublished\":\"2020-12-25T10:01:18+00:00\",\"mainEntityOfPage\":{\"@id\":\"https:\\\/\\\/akunq.net\\\/tr\\\/?p=60748\"},\"wordCount\":516,\"commentCount\":0,\"image\":{\"@id\":\"https:\\\/\\\/akunq.net\\\/tr\\\/?p=60748#primaryimage\"},\"thumbnailUrl\":\"https:\\\/\\\/akunq.net\\\/tr\\\/wp-content\\\/uploads\\\/sites\\\/6\\\/2020\\\/12\\\/\u054b\u0561\u0576-\u0534\u0575\u0578\u0582\u0576\u0564\u0561\u0580.jpg\",\"articleSection\":[\"Haberler\"],\"inLanguage\":\"en-US\",\"potentialAction\":[{\"@type\":\"CommentAction\",\"name\":\"Comment\",\"target\":[\"https:\\\/\\\/akunq.net\\\/tr\\\/?p=60748#respond\"]}]},{\"@type\":\"WebPage\",\"@id\":\"https:\\\/\\\/akunq.net\\\/tr\\\/?p=60748\",\"url\":\"https:\\\/\\\/akunq.net\\\/tr\\\/?p=60748\",\"name\":\"Can D\u00fcndar'\u0131n iadesi talebine Almanya'dan cevap - Bati Ermenistan Ve Bati Ermenileri Sorunlari Ara\u015ftirmalar Merkezi\",\"isPartOf\":{\"@id\":\"https:\\\/\\\/akunq.net\\\/tr\\\/#website\"},\"primaryImageOfPage\":{\"@id\":\"https:\\\/\\\/akunq.net\\\/tr\\\/?p=60748#primaryimage\"},\"image\":{\"@id\":\"https:\\\/\\\/akunq.net\\\/tr\\\/?p=60748#primaryimage\"},\"thumbnailUrl\":\"https:\\\/\\\/akunq.net\\\/tr\\\/wp-content\\\/uploads\\\/sites\\\/6\\\/2020\\\/12\\\/\u054b\u0561\u0576-\u0534\u0575\u0578\u0582\u0576\u0564\u0561\u0580.jpg\",\"datePublished\":\"2020-12-25T10:01:18+00:00\",\"author\":{\"@id\":\"https:\\\/\\\/akunq.net\\\/tr\\\/#\\\/schema\\\/person\\\/096f1d38a12cce57fb855b485ed24c9e\"},\"breadcrumb\":{\"@id\":\"https:\\\/\\\/akunq.net\\\/tr\\\/?p=60748#breadcrumb\"},\"inLanguage\":\"en-US\",\"potentialAction\":[{\"@type\":\"ReadAction\",\"target\":[\"https:\\\/\\\/akunq.net\\\/tr\\\/?p=60748\"]}]},{\"@type\":\"ImageObject\",\"inLanguage\":\"en-US\",\"@id\":\"https:\\\/\\\/akunq.net\\\/tr\\\/?p=60748#primaryimage\",\"url\":\"https:\\\/\\\/akunq.net\\\/tr\\\/wp-content\\\/uploads\\\/sites\\\/6\\\/2020\\\/12\\\/\u054b\u0561\u0576-\u0534\u0575\u0578\u0582\u0576\u0564\u0561\u0580.jpg\",\"contentUrl\":\"https:\\\/\\\/akunq.net\\\/tr\\\/wp-content\\\/uploads\\\/sites\\\/6\\\/2020\\\/12\\\/\u054b\u0561\u0576-\u0534\u0575\u0578\u0582\u0576\u0564\u0561\u0580.jpg\",\"width\":1000,\"height\":541},{\"@type\":\"BreadcrumbList\",\"@id\":\"https:\\\/\\\/akunq.net\\\/tr\\\/?p=60748#breadcrumb\",\"itemListElement\":[{\"@type\":\"ListItem\",\"position\":1,\"name\":\"Home\",\"item\":\"https:\\\/\\\/akunq.net\\\/tr\"},{\"@type\":\"ListItem\",\"position\":2,\"name\":\"Can D\u00fcndar&#8217;\u0131n iadesi talebine Almanya&#8217;dan cevap\"}]},{\"@type\":\"WebSite\",\"@id\":\"https:\\\/\\\/akunq.net\\\/tr\\\/#website\",\"url\":\"https:\\\/\\\/akunq.net\\\/tr\\\/\",\"name\":\"Bati Ermenistan Ve Bati Ermenileri Sorunlari Ara\u015ftirmalar Merkezi\",\"description\":\"\",\"potentialAction\":[{\"@type\":\"SearchAction\",\"target\":{\"@type\":\"EntryPoint\",\"urlTemplate\":\"https:\\\/\\\/akunq.net\\\/tr\\\/?s={search_term_string}\"},\"query-input\":{\"@type\":\"PropertyValueSpecification\",\"valueRequired\":true,\"valueName\":\"search_term_string\"}}],\"inLanguage\":\"en-US\"},{\"@type\":\"Person\",\"@id\":\"https:\\\/\\\/akunq.net\\\/tr\\\/#\\\/schema\\\/person\\\/096f1d38a12cce57fb855b485ed24c9e\",\"name\":\"admin\",\"url\":\"https:\\\/\\\/akunq.net\\\/tr\\\/?author=7\"}]}<\/script>\n<!-- \/ Yoast SEO plugin. -->","yoast_head_json":{"title":"Can D\u00fcndar'\u0131n iadesi talebine Almanya'dan cevap - Bati Ermenistan Ve Bati Ermenileri Sorunlari Ara\u015ftirmalar Merkezi","robots":{"index":"index","follow":"follow","max-snippet":"max-snippet:-1","max-image-preview":"max-image-preview:large","max-video-preview":"max-video-preview:-1"},"canonical":"https:\/\/akunq.net\/tr\/?p=60748","og_locale":"en_US","og_type":"article","og_title":"Can D\u00fcndar'\u0131n iadesi talebine Almanya'dan cevap - Bati Ermenistan Ve Bati Ermenileri Sorunlari Ara\u015ftirmalar Merkezi","og_description":"Can D\u00fcndar&#8217;\u0131n d\u00fcn verilen 27 y\u0131l 6 ay hapis cezas\u0131 sonras\u0131nda T\u00fcrkiye&#8217;ye iade edilmesi taleplerine Almanya D\u0131\u015fi\u015fleri Bakanl\u0131\u011f\u0131&#8217;ndan cevap geldi: Almanya, prensip olarak siyasi mahkumiyet kararlar\u0131nda iade yapm\u0131yor. \u00a0Gazeteci Can D\u00fcndar&#8217;\u0131n T\u00fcrkiye&#8217;de 27 y\u0131l 6 ay hapis cezas\u0131na \u00e7arpt\u0131r\u0131lmas\u0131ndan sonra Cumhurba\u015fkanl\u0131\u011f\u0131 \u0130leti\u015fim Ba\u015fkan\u0131 Fahrettin Altun taraf\u0131ndan yap\u0131lan, D\u00fcndar&#8217;\u0131n T\u00fcrkiye&#8217;ye iadesi talebine Almanya D\u0131\u015fi\u015fleri Bakanl\u0131\u011f\u0131&#8217;ndan cevap [&hellip;]","og_url":"https:\/\/akunq.net\/tr\/?p=60748","og_site_name":"Bati Ermenistan Ve Bati Ermenileri Sorunlari Ara\u015ftirmalar Merkezi","article_published_time":"2020-12-25T10:01:18+00:00","og_image":[{"width":1000,"height":541,"url":"https:\/\/akunq.net\/tr\/wp-content\/uploads\/sites\/6\/2020\/12\/\u054b\u0561\u0576-\u0534\u0575\u0578\u0582\u0576\u0564\u0561\u0580.jpg","type":"image\/jpeg"}],"author":"admin","twitter_card":"summary_large_image","twitter_misc":{"Written by":"admin","Est. reading time":"3 minutes"},"schema":{"@context":"https:\/\/schema.org","@graph":[{"@type":"Article","@id":"https:\/\/akunq.net\/tr\/?p=60748#article","isPartOf":{"@id":"https:\/\/akunq.net\/tr\/?p=60748"},"author":{"name":"admin","@id":"https:\/\/akunq.net\/tr\/#\/schema\/person\/096f1d38a12cce57fb855b485ed24c9e"},"headline":"Can D\u00fcndar&#8217;\u0131n iadesi talebine Almanya&#8217;dan cevap","datePublished":"2020-12-25T10:01:18+00:00","mainEntityOfPage":{"@id":"https:\/\/akunq.net\/tr\/?p=60748"},"wordCount":516,"commentCount":0,"image":{"@id":"https:\/\/akunq.net\/tr\/?p=60748#primaryimage"},"thumbnailUrl":"https:\/\/akunq.net\/tr\/wp-content\/uploads\/sites\/6\/2020\/12\/\u054b\u0561\u0576-\u0534\u0575\u0578\u0582\u0576\u0564\u0561\u0580.jpg","articleSection":["Haberler"],"inLanguage":"en-US","potentialAction":[{"@type":"CommentAction","name":"Comment","target":["https:\/\/akunq.net\/tr\/?p=60748#respond"]}]},{"@type":"WebPage","@id":"https:\/\/akunq.net\/tr\/?p=60748","url":"https:\/\/akunq.net\/tr\/?p=60748","name":"Can D\u00fcndar'\u0131n iadesi talebine Almanya'dan cevap - Bati Ermenistan Ve Bati Ermenileri Sorunlari Ara\u015ftirmalar Merkezi","isPartOf":{"@id":"https:\/\/akunq.net\/tr\/#website"},"primaryImageOfPage":{"@id":"https:\/\/akunq.net\/tr\/?p=60748#primaryimage"},"image":{"@id":"https:\/\/akunq.net\/tr\/?p=60748#primaryimage"},"thumbnailUrl":"https:\/\/akunq.net\/tr\/wp-content\/uploads\/sites\/6\/2020\/12\/\u054b\u0561\u0576-\u0534\u0575\u0578\u0582\u0576\u0564\u0561\u0580.jpg","datePublished":"2020-12-25T10:01:18+00:00","author":{"@id":"https:\/\/akunq.net\/tr\/#\/schema\/person\/096f1d38a12cce57fb855b485ed24c9e"},"breadcrumb":{"@id":"https:\/\/akunq.net\/tr\/?p=60748#breadcrumb"},"inLanguage":"en-US","potentialAction":[{"@type":"ReadAction","target":["https:\/\/akunq.net\/tr\/?p=60748"]}]},{"@type":"ImageObject","inLanguage":"en-US","@id":"https:\/\/akunq.net\/tr\/?p=60748#primaryimage","url":"https:\/\/akunq.net\/tr\/wp-content\/uploads\/sites\/6\/2020\/12\/\u054b\u0561\u0576-\u0534\u0575\u0578\u0582\u0576\u0564\u0561\u0580.jpg","contentUrl":"https:\/\/akunq.net\/tr\/wp-content\/uploads\/sites\/6\/2020\/12\/\u054b\u0561\u0576-\u0534\u0575\u0578\u0582\u0576\u0564\u0561\u0580.jpg","width":1000,"height":541},{"@type":"BreadcrumbList","@id":"https:\/\/akunq.net\/tr\/?p=60748#breadcrumb","itemListElement":[{"@type":"ListItem","position":1,"name":"Home","item":"https:\/\/akunq.net\/tr"},{"@type":"ListItem","position":2,"name":"Can D\u00fcndar&#8217;\u0131n iadesi talebine Almanya&#8217;dan cevap"}]},{"@type":"WebSite","@id":"https:\/\/akunq.net\/tr\/#website","url":"https:\/\/akunq.net\/tr\/","name":"Bati Ermenistan Ve Bati Ermenileri Sorunlari Ara\u015ftirmalar Merkezi","description":"","potentialAction":[{"@type":"SearchAction","target":{"@type":"EntryPoint","urlTemplate":"https:\/\/akunq.net\/tr\/?s={search_term_string}"},"query-input":{"@type":"PropertyValueSpecification","valueRequired":true,"valueName":"search_term_string"}}],"inLanguage":"en-US"},{"@type":"Person","@id":"https:\/\/akunq.net\/tr\/#\/schema\/person\/096f1d38a12cce57fb855b485ed24c9e","name":"admin","url":"https:\/\/akunq.net\/tr\/?author=7"}]}},"_links":{"self":[{"href":"https:\/\/akunq.net\/tr\/index.php?rest_route=\/wp\/v2\/posts\/60748","targetHints":{"allow":["GET"]}}],"collection":[{"href":"https:\/\/akunq.net\/tr\/index.php?rest_route=\/wp\/v2\/posts"}],"about":[{"href":"https:\/\/akunq.net\/tr\/index.php?rest_route=\/wp\/v2\/types\/post"}],"author":[{"embeddable":true,"href":"https:\/\/akunq.net\/tr\/index.php?rest_route=\/wp\/v2\/users\/7"}],"replies":[{"embeddable":true,"href":"https:\/\/akunq.net\/tr\/index.php?rest_route=%2Fwp%2Fv2%2Fcomments&post=60748"}],"version-history":[{"count":1,"href":"https:\/\/akunq.net\/tr\/index.php?rest_route=\/wp\/v2\/posts\/60748\/revisions"}],"predecessor-version":[{"id":60750,"href":"https:\/\/akunq.net\/tr\/index.php?rest_route=\/wp\/v2\/posts\/60748\/revisions\/60750"}],"wp:featuredmedia":[{"embeddable":true,"href":"https:\/\/akunq.net\/tr\/index.php?rest_route=\/wp\/v2\/media\/60749"}],"wp:attachment":[{"href":"https:\/\/akunq.net\/tr\/index.php?rest_route=%2Fwp%2Fv2%2Fmedia&parent=60748"}],"wp:term":[{"taxonomy":"category","embeddable":true,"href":"https:\/\/akunq.net\/tr\/index.php?rest_route=%2Fwp%2Fv2%2Fcategories&post=60748"},{"taxonomy":"post_tag","embeddable":true,"href":"https:\/\/akunq.net\/tr\/index.php?rest_route=%2Fwp%2Fv2%2Ftags&post=60748"}],"curies":[{"name":"wp","href":"https:\/\/api.w.org\/{rel}","templated":true}]}}