{"id":60741,"date":"2020-12-25T04:22:21","date_gmt":"2020-12-25T09:22:21","guid":{"rendered":"https:\/\/akunq.net\/tr\/?p=60741"},"modified":"2020-12-25T04:22:21","modified_gmt":"2020-12-25T09:22:21","slug":"putin-ile-macron-karabag-ve-donbasstaki-durumu-gorustu","status":"publish","type":"post","link":"https:\/\/akunq.net\/tr\/?p=60741","title":{"rendered":"Putin ile Macron, Karaba\u011f ve Donbass&#8217;taki durumu g\u00f6r\u00fc\u015ft\u00fc"},"content":{"rendered":"<div class=\"b-article__lead\">\n<p><img loading=\"lazy\" decoding=\"async\" class=\"aligncenter size-medium wp-image-60742\" src=\"https:\/\/akunq.net\/tr\/wp-content\/uploads\/2020\/12\/Putin-360x203.jpg\" alt=\"\" width=\"360\" height=\"203\" srcset=\"https:\/\/akunq.net\/tr\/wp-content\/uploads\/sites\/6\/2020\/12\/Putin-360x203.jpg 360w, https:\/\/akunq.net\/tr\/wp-content\/uploads\/sites\/6\/2020\/12\/Putin-768x432.jpg 768w, https:\/\/akunq.net\/tr\/wp-content\/uploads\/sites\/6\/2020\/12\/Putin-560x315.jpg 560w, https:\/\/akunq.net\/tr\/wp-content\/uploads\/sites\/6\/2020\/12\/Putin-260x146.jpg 260w, https:\/\/akunq.net\/tr\/wp-content\/uploads\/sites\/6\/2020\/12\/Putin-160x90.jpg 160w, https:\/\/akunq.net\/tr\/wp-content\/uploads\/sites\/6\/2020\/12\/Putin.jpg 800w\" sizes=\"auto, (max-width: 360px) 100vw, 360px\" \/><\/p>\n<p><em><strong>Kremlin\u2019den yap\u0131lan a\u00e7\u0131klamada, Rusya lideri Vladimir Putin ve Fransa Cumhurba\u015fkan\u0131 Emmanuel Macron\u2019un yapt\u0131klar\u0131 telefon g\u00f6r\u00fc\u015fmesinde Da\u011fl\u0131k Karaba\u011f (Artsakh Cumhuriyeti-&#8216;Akunq&#8217; web sitesi) ve Donbass&#8217;taki durumu ele ald\u0131klar\u0131 belirtildi.<\/strong><\/em><\/p>\n<\/div>\n<div class=\"b-article__text\">\n<p>Kremlin Bas\u0131n Servisi&#8217;nden yap\u0131lan a\u00e7\u0131klamaya g\u00f6re,\u00a0<strong>Rusya Devlet Ba\u015fkan\u0131 Vladimir Putin<\/strong>\u00a0ve Fransa Cumhurba\u015fkan\u0131 Emmanuel Macron, Karaba\u011f ve Donbass&#8217;taki durumu ayr\u0131nt\u0131l\u0131 bir \u015fekilde g\u00f6r\u00fc\u015ft\u00fc.<\/p>\n<p>Da\u011fl\u0131k Karaba\u011f sorununun \u00e7\u00f6z\u00fcm\u00fcne, \u00f6zellikle AG\u0130T Minsk Grubu \u00e7er\u00e7evesinde koordinasyonun devam\u0131na y\u00f6nelik kar\u015f\u0131l\u0131kl\u0131 haz\u0131rl\u0131klar\u0131n teyit edildi\u011fi belirtilen a\u00e7\u0131klamada \u015fu ifadeler kullan\u0131ld\u0131:<\/p>\n<p>\u201cDa\u011fl\u0131k Karaba\u011f\u2019daki durum ayr\u0131nt\u0131lar\u0131yla ele al\u0131nd\u0131. Rusya Devlet Ba\u015fkan\u0131, b\u00f6lgedeki durumun istikrara kavu\u015ftu\u011funu ve Rusya, Azerbaycan ve Ermenistan liderlerinin 9 Kas\u0131m&#8217;da imzalad\u0131klar\u0131 ate\u015fkes anla\u015fmas\u0131n\u0131n genel olarak uyguland\u0131\u011f\u0131n\u0131 vurgulad\u0131. Bak\u00fc ve Erivan&#8217;\u0131n talebi \u00fczerine ate\u015fkes ve sivil halk\u0131n g\u00fcvenli\u011fini sa\u011flayan Rus bar\u0131\u015f g\u00fcc\u00fcn\u00fcn ba\u015far\u0131l\u0131 \u00e7al\u0131\u015fmalar\u0131na dikkat \u00e7ekildi.\u201d<\/p>\n<p><strong>Donbass&#8217;taki durum da ele al\u0131nd\u0131<\/strong><\/p>\n<p>Putin ve Macron\u2019un Donbass\u2019taki mevcut durumu da ele ald\u0131klar\u0131 kaydedilen a\u00e7\u0131klamada, \u201cRus taraf\u0131, Ukrayna&#8217;n\u0131n Donbass&#8217;\u0131n \u00f6zel stat\u00fcs\u00fcn\u00fcn yasal olarak tan\u0131nmas\u0131 ve \u2018Steinmeier form\u00fcl\u00fcn\u00fcn yasalarla peki\u015ftirilmesi\u2019 de dahil olmak \u00fczere, anla\u015fman\u0131n siyasi y\u00f6nlerine ili\u015fkin y\u00fck\u00fcml\u00fcl\u00fcklerini yerine getirmesi gerekti\u011fini bir kez daha vurgulad\u0131\u201d ifadelerine yer verildi.<\/p>\n<p><em><strong>https:\/\/tr.sputniknews.com\/rusya\/202012231043448331-putin-ile-macron-karabag-ve-donbasstaki-durumu-gorustu\/\u00a0<\/strong><\/em><\/p>\n<\/div>\n","protected":false},"excerpt":{"rendered":"<p>Kremlin\u2019den yap\u0131lan a\u00e7\u0131klamada, Rusya lideri Vladimir Putin ve Fransa Cumhurba\u015fkan\u0131 Emmanuel Macron\u2019un yapt\u0131klar\u0131 telefon g\u00f6r\u00fc\u015fmesinde Da\u011fl\u0131k Karaba\u011f (Artsakh Cumhuriyeti-&#8216;Akunq&#8217; web sitesi) ve Donbass&#8217;taki durumu ele ald\u0131klar\u0131 belirtildi. Kremlin Bas\u0131n Servisi&#8217;nden yap\u0131lan a\u00e7\u0131klamaya g\u00f6re,\u00a0Rusya Devlet Ba\u015fkan\u0131 Vladimir Putin\u00a0ve Fransa Cumhurba\u015fkan\u0131 Emmanuel Macron, Karaba\u011f ve Donbass&#8217;taki durumu ayr\u0131nt\u0131l\u0131 bir \u015fekilde g\u00f6r\u00fc\u015ft\u00fc. Da\u011fl\u0131k Karaba\u011f sorununun \u00e7\u00f6z\u00fcm\u00fcne, \u00f6zellikle AG\u0130T [&hellip;]<\/p>\n","protected":false},"author":7,"featured_media":60742,"comment_status":"open","ping_status":"open","sticky":false,"template":"","format":"standard","meta":{"footnotes":""},"categories":[1],"tags":[],"class_list":["post-60741","post","type-post","status-publish","format-standard","has-post-thumbnail","hentry","category-haberler"],"yoast_head":"<!-- This site is optimized with the Yoast SEO plugin v27.4 - https:\/\/yoast.com\/product\/yoast-seo-wordpress\/ -->\n<title>Putin ile Macron, Karaba\u011f ve Donbass&#039;taki durumu g\u00f6r\u00fc\u015ft\u00fc - Bati Ermenistan Ve Bati Ermenileri Sorunlari Ara\u015ftirmalar Merkezi<\/title>\n<meta name=\"robots\" content=\"index, follow, max-snippet:-1, max-image-preview:large, max-video-preview:-1\" \/>\n<link rel=\"canonical\" href=\"https:\/\/akunq.net\/tr\/?p=60741\" \/>\n<meta property=\"og:locale\" content=\"en_US\" \/>\n<meta property=\"og:type\" content=\"article\" \/>\n<meta property=\"og:title\" content=\"Putin ile Macron, Karaba\u011f ve Donbass&#039;taki durumu g\u00f6r\u00fc\u015ft\u00fc - Bati Ermenistan Ve Bati Ermenileri Sorunlari Ara\u015ftirmalar Merkezi\" \/>\n<meta property=\"og:description\" content=\"Kremlin\u2019den yap\u0131lan a\u00e7\u0131klamada, Rusya lideri Vladimir Putin ve Fransa Cumhurba\u015fkan\u0131 Emmanuel Macron\u2019un yapt\u0131klar\u0131 telefon g\u00f6r\u00fc\u015fmesinde Da\u011fl\u0131k Karaba\u011f (Artsakh Cumhuriyeti-&#8216;Akunq&#8217; web sitesi) ve Donbass&#8217;taki durumu ele ald\u0131klar\u0131 belirtildi. Kremlin Bas\u0131n Servisi&#8217;nden yap\u0131lan a\u00e7\u0131klamaya g\u00f6re,\u00a0Rusya Devlet Ba\u015fkan\u0131 Vladimir Putin\u00a0ve Fransa Cumhurba\u015fkan\u0131 Emmanuel Macron, Karaba\u011f ve Donbass&#8217;taki durumu ayr\u0131nt\u0131l\u0131 bir \u015fekilde g\u00f6r\u00fc\u015ft\u00fc. Da\u011fl\u0131k Karaba\u011f sorununun \u00e7\u00f6z\u00fcm\u00fcne, \u00f6zellikle AG\u0130T [&hellip;]\" \/>\n<meta property=\"og:url\" content=\"https:\/\/akunq.net\/tr\/?p=60741\" \/>\n<meta property=\"og:site_name\" content=\"Bati Ermenistan Ve Bati Ermenileri Sorunlari Ara\u015ftirmalar Merkezi\" \/>\n<meta property=\"article:published_time\" content=\"2020-12-25T09:22:21+00:00\" \/>\n<meta property=\"og:image\" content=\"https:\/\/akunq.net\/tr\/wp-content\/uploads\/sites\/6\/2020\/12\/Putin.jpg\" \/>\n\t<meta property=\"og:image:width\" content=\"800\" \/>\n\t<meta property=\"og:image:height\" content=\"450\" \/>\n\t<meta property=\"og:image:type\" content=\"image\/jpeg\" \/>\n<meta name=\"author\" content=\"admin\" \/>\n<meta name=\"twitter:card\" content=\"summary_large_image\" \/>\n<meta name=\"twitter:label1\" content=\"Written by\" \/>\n\t<meta name=\"twitter:data1\" content=\"admin\" \/>\n\t<meta name=\"twitter:label2\" content=\"Est. reading time\" \/>\n\t<meta name=\"twitter:data2\" content=\"1 minute\" \/>\n<script type=\"application\/ld+json\" class=\"yoast-schema-graph\">{\"@context\":\"https:\\\/\\\/schema.org\",\"@graph\":[{\"@type\":\"Article\",\"@id\":\"https:\\\/\\\/akunq.net\\\/tr\\\/?p=60741#article\",\"isPartOf\":{\"@id\":\"https:\\\/\\\/akunq.net\\\/tr\\\/?p=60741\"},\"author\":{\"name\":\"admin\",\"@id\":\"https:\\\/\\\/akunq.net\\\/tr\\\/#\\\/schema\\\/person\\\/096f1d38a12cce57fb855b485ed24c9e\"},\"headline\":\"Putin ile Macron, Karaba\u011f ve Donbass&#8217;taki durumu g\u00f6r\u00fc\u015ft\u00fc\",\"datePublished\":\"2020-12-25T09:22:21+00:00\",\"mainEntityOfPage\":{\"@id\":\"https:\\\/\\\/akunq.net\\\/tr\\\/?p=60741\"},\"wordCount\":274,\"commentCount\":0,\"image\":{\"@id\":\"https:\\\/\\\/akunq.net\\\/tr\\\/?p=60741#primaryimage\"},\"thumbnailUrl\":\"https:\\\/\\\/akunq.net\\\/tr\\\/wp-content\\\/uploads\\\/sites\\\/6\\\/2020\\\/12\\\/Putin.jpg\",\"articleSection\":[\"Haberler\"],\"inLanguage\":\"en-US\",\"potentialAction\":[{\"@type\":\"CommentAction\",\"name\":\"Comment\",\"target\":[\"https:\\\/\\\/akunq.net\\\/tr\\\/?p=60741#respond\"]}]},{\"@type\":\"WebPage\",\"@id\":\"https:\\\/\\\/akunq.net\\\/tr\\\/?p=60741\",\"url\":\"https:\\\/\\\/akunq.net\\\/tr\\\/?p=60741\",\"name\":\"Putin ile Macron, Karaba\u011f ve Donbass'taki durumu g\u00f6r\u00fc\u015ft\u00fc - Bati Ermenistan Ve Bati Ermenileri Sorunlari Ara\u015ftirmalar Merkezi\",\"isPartOf\":{\"@id\":\"https:\\\/\\\/akunq.net\\\/tr\\\/#website\"},\"primaryImageOfPage\":{\"@id\":\"https:\\\/\\\/akunq.net\\\/tr\\\/?p=60741#primaryimage\"},\"image\":{\"@id\":\"https:\\\/\\\/akunq.net\\\/tr\\\/?p=60741#primaryimage\"},\"thumbnailUrl\":\"https:\\\/\\\/akunq.net\\\/tr\\\/wp-content\\\/uploads\\\/sites\\\/6\\\/2020\\\/12\\\/Putin.jpg\",\"datePublished\":\"2020-12-25T09:22:21+00:00\",\"author\":{\"@id\":\"https:\\\/\\\/akunq.net\\\/tr\\\/#\\\/schema\\\/person\\\/096f1d38a12cce57fb855b485ed24c9e\"},\"breadcrumb\":{\"@id\":\"https:\\\/\\\/akunq.net\\\/tr\\\/?p=60741#breadcrumb\"},\"inLanguage\":\"en-US\",\"potentialAction\":[{\"@type\":\"ReadAction\",\"target\":[\"https:\\\/\\\/akunq.net\\\/tr\\\/?p=60741\"]}]},{\"@type\":\"ImageObject\",\"inLanguage\":\"en-US\",\"@id\":\"https:\\\/\\\/akunq.net\\\/tr\\\/?p=60741#primaryimage\",\"url\":\"https:\\\/\\\/akunq.net\\\/tr\\\/wp-content\\\/uploads\\\/sites\\\/6\\\/2020\\\/12\\\/Putin.jpg\",\"contentUrl\":\"https:\\\/\\\/akunq.net\\\/tr\\\/wp-content\\\/uploads\\\/sites\\\/6\\\/2020\\\/12\\\/Putin.jpg\",\"width\":800,\"height\":450},{\"@type\":\"BreadcrumbList\",\"@id\":\"https:\\\/\\\/akunq.net\\\/tr\\\/?p=60741#breadcrumb\",\"itemListElement\":[{\"@type\":\"ListItem\",\"position\":1,\"name\":\"Home\",\"item\":\"https:\\\/\\\/akunq.net\\\/tr\"},{\"@type\":\"ListItem\",\"position\":2,\"name\":\"Putin ile Macron, Karaba\u011f ve Donbass&#8217;taki durumu g\u00f6r\u00fc\u015ft\u00fc\"}]},{\"@type\":\"WebSite\",\"@id\":\"https:\\\/\\\/akunq.net\\\/tr\\\/#website\",\"url\":\"https:\\\/\\\/akunq.net\\\/tr\\\/\",\"name\":\"Bati Ermenistan Ve Bati Ermenileri Sorunlari Ara\u015ftirmalar Merkezi\",\"description\":\"\",\"potentialAction\":[{\"@type\":\"SearchAction\",\"target\":{\"@type\":\"EntryPoint\",\"urlTemplate\":\"https:\\\/\\\/akunq.net\\\/tr\\\/?s={search_term_string}\"},\"query-input\":{\"@type\":\"PropertyValueSpecification\",\"valueRequired\":true,\"valueName\":\"search_term_string\"}}],\"inLanguage\":\"en-US\"},{\"@type\":\"Person\",\"@id\":\"https:\\\/\\\/akunq.net\\\/tr\\\/#\\\/schema\\\/person\\\/096f1d38a12cce57fb855b485ed24c9e\",\"name\":\"admin\",\"url\":\"https:\\\/\\\/akunq.net\\\/tr\\\/?author=7\"}]}<\/script>\n<!-- \/ Yoast SEO plugin. -->","yoast_head_json":{"title":"Putin ile Macron, Karaba\u011f ve Donbass'taki durumu g\u00f6r\u00fc\u015ft\u00fc - Bati Ermenistan Ve Bati Ermenileri Sorunlari Ara\u015ftirmalar Merkezi","robots":{"index":"index","follow":"follow","max-snippet":"max-snippet:-1","max-image-preview":"max-image-preview:large","max-video-preview":"max-video-preview:-1"},"canonical":"https:\/\/akunq.net\/tr\/?p=60741","og_locale":"en_US","og_type":"article","og_title":"Putin ile Macron, Karaba\u011f ve Donbass'taki durumu g\u00f6r\u00fc\u015ft\u00fc - Bati Ermenistan Ve Bati Ermenileri Sorunlari Ara\u015ftirmalar Merkezi","og_description":"Kremlin\u2019den yap\u0131lan a\u00e7\u0131klamada, Rusya lideri Vladimir Putin ve Fransa Cumhurba\u015fkan\u0131 Emmanuel Macron\u2019un yapt\u0131klar\u0131 telefon g\u00f6r\u00fc\u015fmesinde Da\u011fl\u0131k Karaba\u011f (Artsakh Cumhuriyeti-&#8216;Akunq&#8217; web sitesi) ve Donbass&#8217;taki durumu ele ald\u0131klar\u0131 belirtildi. Kremlin Bas\u0131n Servisi&#8217;nden yap\u0131lan a\u00e7\u0131klamaya g\u00f6re,\u00a0Rusya Devlet Ba\u015fkan\u0131 Vladimir Putin\u00a0ve Fransa Cumhurba\u015fkan\u0131 Emmanuel Macron, Karaba\u011f ve Donbass&#8217;taki durumu ayr\u0131nt\u0131l\u0131 bir \u015fekilde g\u00f6r\u00fc\u015ft\u00fc. Da\u011fl\u0131k Karaba\u011f sorununun \u00e7\u00f6z\u00fcm\u00fcne, \u00f6zellikle AG\u0130T [&hellip;]","og_url":"https:\/\/akunq.net\/tr\/?p=60741","og_site_name":"Bati Ermenistan Ve Bati Ermenileri Sorunlari Ara\u015ftirmalar Merkezi","article_published_time":"2020-12-25T09:22:21+00:00","og_image":[{"width":800,"height":450,"url":"https:\/\/akunq.net\/tr\/wp-content\/uploads\/sites\/6\/2020\/12\/Putin.jpg","type":"image\/jpeg"}],"author":"admin","twitter_card":"summary_large_image","twitter_misc":{"Written by":"admin","Est. reading time":"1 minute"},"schema":{"@context":"https:\/\/schema.org","@graph":[{"@type":"Article","@id":"https:\/\/akunq.net\/tr\/?p=60741#article","isPartOf":{"@id":"https:\/\/akunq.net\/tr\/?p=60741"},"author":{"name":"admin","@id":"https:\/\/akunq.net\/tr\/#\/schema\/person\/096f1d38a12cce57fb855b485ed24c9e"},"headline":"Putin ile Macron, Karaba\u011f ve Donbass&#8217;taki durumu g\u00f6r\u00fc\u015ft\u00fc","datePublished":"2020-12-25T09:22:21+00:00","mainEntityOfPage":{"@id":"https:\/\/akunq.net\/tr\/?p=60741"},"wordCount":274,"commentCount":0,"image":{"@id":"https:\/\/akunq.net\/tr\/?p=60741#primaryimage"},"thumbnailUrl":"https:\/\/akunq.net\/tr\/wp-content\/uploads\/sites\/6\/2020\/12\/Putin.jpg","articleSection":["Haberler"],"inLanguage":"en-US","potentialAction":[{"@type":"CommentAction","name":"Comment","target":["https:\/\/akunq.net\/tr\/?p=60741#respond"]}]},{"@type":"WebPage","@id":"https:\/\/akunq.net\/tr\/?p=60741","url":"https:\/\/akunq.net\/tr\/?p=60741","name":"Putin ile Macron, Karaba\u011f ve Donbass'taki durumu g\u00f6r\u00fc\u015ft\u00fc - Bati Ermenistan Ve Bati Ermenileri Sorunlari Ara\u015ftirmalar Merkezi","isPartOf":{"@id":"https:\/\/akunq.net\/tr\/#website"},"primaryImageOfPage":{"@id":"https:\/\/akunq.net\/tr\/?p=60741#primaryimage"},"image":{"@id":"https:\/\/akunq.net\/tr\/?p=60741#primaryimage"},"thumbnailUrl":"https:\/\/akunq.net\/tr\/wp-content\/uploads\/sites\/6\/2020\/12\/Putin.jpg","datePublished":"2020-12-25T09:22:21+00:00","author":{"@id":"https:\/\/akunq.net\/tr\/#\/schema\/person\/096f1d38a12cce57fb855b485ed24c9e"},"breadcrumb":{"@id":"https:\/\/akunq.net\/tr\/?p=60741#breadcrumb"},"inLanguage":"en-US","potentialAction":[{"@type":"ReadAction","target":["https:\/\/akunq.net\/tr\/?p=60741"]}]},{"@type":"ImageObject","inLanguage":"en-US","@id":"https:\/\/akunq.net\/tr\/?p=60741#primaryimage","url":"https:\/\/akunq.net\/tr\/wp-content\/uploads\/sites\/6\/2020\/12\/Putin.jpg","contentUrl":"https:\/\/akunq.net\/tr\/wp-content\/uploads\/sites\/6\/2020\/12\/Putin.jpg","width":800,"height":450},{"@type":"BreadcrumbList","@id":"https:\/\/akunq.net\/tr\/?p=60741#breadcrumb","itemListElement":[{"@type":"ListItem","position":1,"name":"Home","item":"https:\/\/akunq.net\/tr"},{"@type":"ListItem","position":2,"name":"Putin ile Macron, Karaba\u011f ve Donbass&#8217;taki durumu g\u00f6r\u00fc\u015ft\u00fc"}]},{"@type":"WebSite","@id":"https:\/\/akunq.net\/tr\/#website","url":"https:\/\/akunq.net\/tr\/","name":"Bati Ermenistan Ve Bati Ermenileri Sorunlari Ara\u015ftirmalar Merkezi","description":"","potentialAction":[{"@type":"SearchAction","target":{"@type":"EntryPoint","urlTemplate":"https:\/\/akunq.net\/tr\/?s={search_term_string}"},"query-input":{"@type":"PropertyValueSpecification","valueRequired":true,"valueName":"search_term_string"}}],"inLanguage":"en-US"},{"@type":"Person","@id":"https:\/\/akunq.net\/tr\/#\/schema\/person\/096f1d38a12cce57fb855b485ed24c9e","name":"admin","url":"https:\/\/akunq.net\/tr\/?author=7"}]}},"_links":{"self":[{"href":"https:\/\/akunq.net\/tr\/index.php?rest_route=\/wp\/v2\/posts\/60741","targetHints":{"allow":["GET"]}}],"collection":[{"href":"https:\/\/akunq.net\/tr\/index.php?rest_route=\/wp\/v2\/posts"}],"about":[{"href":"https:\/\/akunq.net\/tr\/index.php?rest_route=\/wp\/v2\/types\/post"}],"author":[{"embeddable":true,"href":"https:\/\/akunq.net\/tr\/index.php?rest_route=\/wp\/v2\/users\/7"}],"replies":[{"embeddable":true,"href":"https:\/\/akunq.net\/tr\/index.php?rest_route=%2Fwp%2Fv2%2Fcomments&post=60741"}],"version-history":[{"count":1,"href":"https:\/\/akunq.net\/tr\/index.php?rest_route=\/wp\/v2\/posts\/60741\/revisions"}],"predecessor-version":[{"id":60743,"href":"https:\/\/akunq.net\/tr\/index.php?rest_route=\/wp\/v2\/posts\/60741\/revisions\/60743"}],"wp:featuredmedia":[{"embeddable":true,"href":"https:\/\/akunq.net\/tr\/index.php?rest_route=\/wp\/v2\/media\/60742"}],"wp:attachment":[{"href":"https:\/\/akunq.net\/tr\/index.php?rest_route=%2Fwp%2Fv2%2Fmedia&parent=60741"}],"wp:term":[{"taxonomy":"category","embeddable":true,"href":"https:\/\/akunq.net\/tr\/index.php?rest_route=%2Fwp%2Fv2%2Fcategories&post=60741"},{"taxonomy":"post_tag","embeddable":true,"href":"https:\/\/akunq.net\/tr\/index.php?rest_route=%2Fwp%2Fv2%2Ftags&post=60741"}],"curies":[{"name":"wp","href":"https:\/\/api.w.org\/{rel}","templated":true}]}}