{"id":60724,"date":"2020-12-24T04:36:10","date_gmt":"2020-12-24T09:36:10","guid":{"rendered":"https:\/\/akunq.net\/tr\/?p=60724"},"modified":"2020-12-24T04:36:10","modified_gmt":"2020-12-24T09:36:10","slug":"aihm-buyuk-dairesi-selahattin-demirtasin-serbest-birakilmasina-hukmederek-turkiyeyi-haksiz-buldu","status":"publish","type":"post","link":"https:\/\/akunq.net\/tr\/?p=60724","title":{"rendered":"A\u0130HM B\u00fcy\u00fck Dairesi, Selahattin Demirta\u015f&#8217;\u0131n serbest b\u0131rak\u0131lmas\u0131na h\u00fckmederek T\u00fcrkiye&#8217;yi haks\u0131z buldu"},"content":{"rendered":"<div class=\"column u-show-for-medium medium-2 xlarge-1 u-overflow-visible c-aside__social\">\n<div class=\"u-margin-bottom-medium-3 u-position-sticky-80 u-zindex--10\">\n<div class=\"row collapse c-social-share t-social-share--blue js-social-share\">\n<p><img loading=\"lazy\" decoding=\"async\" class=\"aligncenter size-medium wp-image-60725\" src=\"https:\/\/akunq.net\/tr\/wp-content\/uploads\/2020\/12\/\u054d\u0565\u056c\u0561\u0570\u0561\u0569\u0569\u056b\u0576-\u0534\u0565\u0574\u056b\u0580\u0569\u0561\u0577-360x242.jpg\" alt=\"\" width=\"360\" height=\"242\" srcset=\"https:\/\/akunq.net\/tr\/wp-content\/uploads\/sites\/6\/2020\/12\/\u054d\u0565\u056c\u0561\u0570\u0561\u0569\u0569\u056b\u0576-\u0534\u0565\u0574\u056b\u0580\u0569\u0561\u0577-360x242.jpg 360w, https:\/\/akunq.net\/tr\/wp-content\/uploads\/sites\/6\/2020\/12\/\u054d\u0565\u056c\u0561\u0570\u0561\u0569\u0569\u056b\u0576-\u0534\u0565\u0574\u056b\u0580\u0569\u0561\u0577-560x376.jpg 560w, https:\/\/akunq.net\/tr\/wp-content\/uploads\/sites\/6\/2020\/12\/\u054d\u0565\u056c\u0561\u0570\u0561\u0569\u0569\u056b\u0576-\u0534\u0565\u0574\u056b\u0580\u0569\u0561\u0577-260x175.jpg 260w, https:\/\/akunq.net\/tr\/wp-content\/uploads\/sites\/6\/2020\/12\/\u054d\u0565\u056c\u0561\u0570\u0561\u0569\u0569\u056b\u0576-\u0534\u0565\u0574\u056b\u0580\u0569\u0561\u0577-160x107.jpg 160w, https:\/\/akunq.net\/tr\/wp-content\/uploads\/sites\/6\/2020\/12\/\u054d\u0565\u056c\u0561\u0570\u0561\u0569\u0569\u056b\u0576-\u0534\u0565\u0574\u056b\u0580\u0569\u0561\u0577.jpg 670w\" sizes=\"auto, (max-width: 360px) 100vw, 360px\" \/><\/p>\n<p class=\"column small-12 c-social-share__title\"><em><strong><span style=\"letter-spacing: 0.05em;\">Avrupa \u0130nsan Haklar\u0131 Mahkemesi (A\u0130HM) B\u00fcy\u00fck Dairesi, Ankara taraf\u0131ndan temyize g\u00f6t\u00fcr\u00fclen Selahattin Demirta\u015f karar\u0131n\u0131 onaylad\u0131. A\u0130HM, Selahattin Demirta\u015f&#8217;\u0131n serbest b\u0131rak\u0131lmas\u0131na karar vererek T\u00fcrkiye&#8217;yi haks\u0131z buldu.<\/span><\/strong><\/em><\/p>\n<\/div>\n<\/div>\n<\/div>\n<div class=\"column small-12 medium-10 xlarge-11 js-responsive-iframes-container\">\n<div class=\"c-article-content  js-article-content article__content\">\n<h2>2&#8217;ye kar\u015f\u0131 15 yarg\u0131c\u0131n oyuyla: Derhal serbest kalmal\u0131<\/h2>\n<p>A\u0130HM B\u00fcy\u00fck Dairesi, T\u00fcrkiye&#8217;de cezaevinde bulunan Halklar\u0131n Demokrasi Partisi (HDP) eski E\u015f-Ba\u015fkan\u0131 Selahattin Demirta\u015f ile ilgili 2018 y\u0131l\u0131nda verilen &#8216;Serbest b\u0131rak\u0131lmal\u0131&#8217; karar\u0131na ili\u015fkin yap\u0131lan temyiz ba\u015fvurusunu Sal\u0131 g\u00fcn\u00fc karara ba\u011flad\u0131.<\/p>\n<p>17 yarg\u0131\u00e7tan olu\u015fan b\u00fcy\u00fck daire mahkemesi 2&#8217;ye kar\u015f\u0131 15 oyla Demirta\u015f&#8217;\u0131n derhal serbest b\u0131rak\u0131lmas\u0131 gerekti\u011fine karar verdi.<\/p>\n<p>Kararda konulan \u015ferhlerin \u00e7o\u011fu Polonyal\u0131 Krzysztof Wojtyczek ve T\u00fcrk hakim Saadet Y\u00fcksel&#8217;e ait oldu.<\/p>\n<h2>60 bin euro tazminat<\/h2>\n<p>Bunun yan\u0131 s\u0131ra Demirta\u015f&#8217;a \u00fc\u00e7 ay i\u00e7erisinde toplam 60 bin 400 euro tazminat \u00f6denmesine h\u00fckmedildi.<\/p>\n<p>A\u0130HM T\u00fcrkiye h\u00fck\u00fcmetinin t\u00fcm itirazlar\u0131n\u0131 reddederken; bir\u00e7ok itiraz oy birli\u011fi ile baz\u0131lar\u0131 da \u00e7o\u011funluk karar\u0131 ile reddedildi.<\/p>\n<div id=\"adzone-sharethrough_1\" class=\"advertising advertising--no-label advertising--sharethrough js-adzone advertising--called advertising--rendered\" data-ad-key=\"strnativekey\" data-ad-key-value=\"1G96EdRgcHV6pyWWMGCR7SB7\" data-google-query-id=\"CJeNu7Ko5u0CFVG8dwodOFwCTg\">\n<div id=\"google_ads_iframe_\/6458\/euronews_new\/programs-news\/world_3__container__\">\n<div id=\"\" data-str-native-key=\"1G96EdRgcHV6pyWWMGCR7SB7\" data-str-visited-flag=\"true\" data-str-arid=\"d-ef802f59-8cb5-4ce9-9963-36f61249ade8\" data-str-rendered=\"1608802512541\" data-tracking-key=\"_746vzbj8w\">\n<div>\n<div>\n<div class=\"str-adunit str-card-exp str-adunit-img-left str-clickout\">\n<div class=\"thumbnail-wrapper\"><em><strong>https:\/\/tr.euronews.com\/2020\/12\/22\/aihm-buyuk-dairesi-selahattin-demirtas-n-serbest-b-rak-lmas-na-hukmederek-turkiye-yi-haks-\u00a0<\/strong><\/em><\/div>\n<\/div>\n<\/div>\n<\/div>\n<\/div>\n<\/div>\n<\/div>\n<\/div>\n<\/div>\n","protected":false},"excerpt":{"rendered":"<p>Avrupa \u0130nsan Haklar\u0131 Mahkemesi (A\u0130HM) B\u00fcy\u00fck Dairesi, Ankara taraf\u0131ndan temyize g\u00f6t\u00fcr\u00fclen Selahattin Demirta\u015f karar\u0131n\u0131 onaylad\u0131. A\u0130HM, Selahattin Demirta\u015f&#8217;\u0131n serbest b\u0131rak\u0131lmas\u0131na karar vererek T\u00fcrkiye&#8217;yi haks\u0131z buldu. 2&#8217;ye kar\u015f\u0131 15 yarg\u0131c\u0131n oyuyla: Derhal serbest kalmal\u0131 A\u0130HM B\u00fcy\u00fck Dairesi, T\u00fcrkiye&#8217;de cezaevinde bulunan Halklar\u0131n Demokrasi Partisi (HDP) eski E\u015f-Ba\u015fkan\u0131 Selahattin Demirta\u015f ile ilgili 2018 y\u0131l\u0131nda verilen &#8216;Serbest b\u0131rak\u0131lmal\u0131&#8217; karar\u0131na [&hellip;]<\/p>\n","protected":false},"author":7,"featured_media":60725,"comment_status":"open","ping_status":"open","sticky":false,"template":"","format":"standard","meta":{"footnotes":""},"categories":[1],"tags":[],"class_list":["post-60724","post","type-post","status-publish","format-standard","has-post-thumbnail","hentry","category-haberler"],"yoast_head":"<!-- This site is optimized with the Yoast SEO plugin v27.4 - https:\/\/yoast.com\/product\/yoast-seo-wordpress\/ -->\n<title>A\u0130HM B\u00fcy\u00fck Dairesi, Selahattin Demirta\u015f&#039;\u0131n serbest b\u0131rak\u0131lmas\u0131na h\u00fckmederek T\u00fcrkiye&#039;yi haks\u0131z buldu - Bati Ermenistan Ve Bati Ermenileri Sorunlari Ara\u015ftirmalar Merkezi<\/title>\n<meta name=\"robots\" content=\"index, follow, max-snippet:-1, max-image-preview:large, max-video-preview:-1\" \/>\n<link rel=\"canonical\" href=\"https:\/\/akunq.net\/tr\/?p=60724\" \/>\n<meta property=\"og:locale\" content=\"en_US\" \/>\n<meta property=\"og:type\" content=\"article\" \/>\n<meta property=\"og:title\" content=\"A\u0130HM B\u00fcy\u00fck Dairesi, Selahattin Demirta\u015f&#039;\u0131n serbest b\u0131rak\u0131lmas\u0131na h\u00fckmederek T\u00fcrkiye&#039;yi haks\u0131z buldu - Bati Ermenistan Ve Bati Ermenileri Sorunlari Ara\u015ftirmalar Merkezi\" \/>\n<meta property=\"og:description\" content=\"Avrupa \u0130nsan Haklar\u0131 Mahkemesi (A\u0130HM) B\u00fcy\u00fck Dairesi, Ankara taraf\u0131ndan temyize g\u00f6t\u00fcr\u00fclen Selahattin Demirta\u015f karar\u0131n\u0131 onaylad\u0131. A\u0130HM, Selahattin Demirta\u015f&#8217;\u0131n serbest b\u0131rak\u0131lmas\u0131na karar vererek T\u00fcrkiye&#8217;yi haks\u0131z buldu. 2&#8217;ye kar\u015f\u0131 15 yarg\u0131c\u0131n oyuyla: Derhal serbest kalmal\u0131 A\u0130HM B\u00fcy\u00fck Dairesi, T\u00fcrkiye&#8217;de cezaevinde bulunan Halklar\u0131n Demokrasi Partisi (HDP) eski E\u015f-Ba\u015fkan\u0131 Selahattin Demirta\u015f ile ilgili 2018 y\u0131l\u0131nda verilen &#8216;Serbest b\u0131rak\u0131lmal\u0131&#8217; karar\u0131na [&hellip;]\" \/>\n<meta property=\"og:url\" content=\"https:\/\/akunq.net\/tr\/?p=60724\" \/>\n<meta property=\"og:site_name\" content=\"Bati Ermenistan Ve Bati Ermenileri Sorunlari Ara\u015ftirmalar Merkezi\" \/>\n<meta property=\"article:published_time\" content=\"2020-12-24T09:36:10+00:00\" \/>\n<meta property=\"og:image\" content=\"https:\/\/akunq.net\/tr\/wp-content\/uploads\/sites\/6\/2020\/12\/\u054d\u0565\u056c\u0561\u0570\u0561\u0569\u0569\u056b\u0576-\u0534\u0565\u0574\u056b\u0580\u0569\u0561\u0577.jpg\" \/>\n\t<meta property=\"og:image:width\" content=\"670\" \/>\n\t<meta property=\"og:image:height\" content=\"450\" \/>\n\t<meta property=\"og:image:type\" content=\"image\/jpeg\" \/>\n<meta name=\"author\" content=\"admin\" \/>\n<meta name=\"twitter:card\" content=\"summary_large_image\" \/>\n<meta name=\"twitter:label1\" content=\"Written by\" \/>\n\t<meta name=\"twitter:data1\" content=\"admin\" \/>\n\t<meta name=\"twitter:label2\" content=\"Est. reading time\" \/>\n\t<meta name=\"twitter:data2\" content=\"1 minute\" \/>\n<script type=\"application\/ld+json\" class=\"yoast-schema-graph\">{\"@context\":\"https:\\\/\\\/schema.org\",\"@graph\":[{\"@type\":\"Article\",\"@id\":\"https:\\\/\\\/akunq.net\\\/tr\\\/?p=60724#article\",\"isPartOf\":{\"@id\":\"https:\\\/\\\/akunq.net\\\/tr\\\/?p=60724\"},\"author\":{\"name\":\"admin\",\"@id\":\"https:\\\/\\\/akunq.net\\\/tr\\\/#\\\/schema\\\/person\\\/096f1d38a12cce57fb855b485ed24c9e\"},\"headline\":\"A\u0130HM B\u00fcy\u00fck Dairesi, Selahattin Demirta\u015f&#8217;\u0131n serbest b\u0131rak\u0131lmas\u0131na h\u00fckmederek T\u00fcrkiye&#8217;yi haks\u0131z buldu\",\"datePublished\":\"2020-12-24T09:36:10+00:00\",\"mainEntityOfPage\":{\"@id\":\"https:\\\/\\\/akunq.net\\\/tr\\\/?p=60724\"},\"wordCount\":211,\"commentCount\":0,\"image\":{\"@id\":\"https:\\\/\\\/akunq.net\\\/tr\\\/?p=60724#primaryimage\"},\"thumbnailUrl\":\"https:\\\/\\\/akunq.net\\\/tr\\\/wp-content\\\/uploads\\\/sites\\\/6\\\/2020\\\/12\\\/\u054d\u0565\u056c\u0561\u0570\u0561\u0569\u0569\u056b\u0576-\u0534\u0565\u0574\u056b\u0580\u0569\u0561\u0577.jpg\",\"articleSection\":[\"Haberler\"],\"inLanguage\":\"en-US\",\"potentialAction\":[{\"@type\":\"CommentAction\",\"name\":\"Comment\",\"target\":[\"https:\\\/\\\/akunq.net\\\/tr\\\/?p=60724#respond\"]}]},{\"@type\":\"WebPage\",\"@id\":\"https:\\\/\\\/akunq.net\\\/tr\\\/?p=60724\",\"url\":\"https:\\\/\\\/akunq.net\\\/tr\\\/?p=60724\",\"name\":\"A\u0130HM B\u00fcy\u00fck Dairesi, Selahattin Demirta\u015f'\u0131n serbest b\u0131rak\u0131lmas\u0131na h\u00fckmederek T\u00fcrkiye'yi haks\u0131z buldu - Bati Ermenistan Ve Bati Ermenileri Sorunlari Ara\u015ftirmalar Merkezi\",\"isPartOf\":{\"@id\":\"https:\\\/\\\/akunq.net\\\/tr\\\/#website\"},\"primaryImageOfPage\":{\"@id\":\"https:\\\/\\\/akunq.net\\\/tr\\\/?p=60724#primaryimage\"},\"image\":{\"@id\":\"https:\\\/\\\/akunq.net\\\/tr\\\/?p=60724#primaryimage\"},\"thumbnailUrl\":\"https:\\\/\\\/akunq.net\\\/tr\\\/wp-content\\\/uploads\\\/sites\\\/6\\\/2020\\\/12\\\/\u054d\u0565\u056c\u0561\u0570\u0561\u0569\u0569\u056b\u0576-\u0534\u0565\u0574\u056b\u0580\u0569\u0561\u0577.jpg\",\"datePublished\":\"2020-12-24T09:36:10+00:00\",\"author\":{\"@id\":\"https:\\\/\\\/akunq.net\\\/tr\\\/#\\\/schema\\\/person\\\/096f1d38a12cce57fb855b485ed24c9e\"},\"breadcrumb\":{\"@id\":\"https:\\\/\\\/akunq.net\\\/tr\\\/?p=60724#breadcrumb\"},\"inLanguage\":\"en-US\",\"potentialAction\":[{\"@type\":\"ReadAction\",\"target\":[\"https:\\\/\\\/akunq.net\\\/tr\\\/?p=60724\"]}]},{\"@type\":\"ImageObject\",\"inLanguage\":\"en-US\",\"@id\":\"https:\\\/\\\/akunq.net\\\/tr\\\/?p=60724#primaryimage\",\"url\":\"https:\\\/\\\/akunq.net\\\/tr\\\/wp-content\\\/uploads\\\/sites\\\/6\\\/2020\\\/12\\\/\u054d\u0565\u056c\u0561\u0570\u0561\u0569\u0569\u056b\u0576-\u0534\u0565\u0574\u056b\u0580\u0569\u0561\u0577.jpg\",\"contentUrl\":\"https:\\\/\\\/akunq.net\\\/tr\\\/wp-content\\\/uploads\\\/sites\\\/6\\\/2020\\\/12\\\/\u054d\u0565\u056c\u0561\u0570\u0561\u0569\u0569\u056b\u0576-\u0534\u0565\u0574\u056b\u0580\u0569\u0561\u0577.jpg\",\"width\":670,\"height\":450},{\"@type\":\"BreadcrumbList\",\"@id\":\"https:\\\/\\\/akunq.net\\\/tr\\\/?p=60724#breadcrumb\",\"itemListElement\":[{\"@type\":\"ListItem\",\"position\":1,\"name\":\"Home\",\"item\":\"https:\\\/\\\/akunq.net\\\/tr\"},{\"@type\":\"ListItem\",\"position\":2,\"name\":\"A\u0130HM B\u00fcy\u00fck Dairesi, Selahattin Demirta\u015f&#8217;\u0131n serbest b\u0131rak\u0131lmas\u0131na h\u00fckmederek T\u00fcrkiye&#8217;yi haks\u0131z buldu\"}]},{\"@type\":\"WebSite\",\"@id\":\"https:\\\/\\\/akunq.net\\\/tr\\\/#website\",\"url\":\"https:\\\/\\\/akunq.net\\\/tr\\\/\",\"name\":\"Bati Ermenistan Ve Bati Ermenileri Sorunlari Ara\u015ftirmalar Merkezi\",\"description\":\"\",\"potentialAction\":[{\"@type\":\"SearchAction\",\"target\":{\"@type\":\"EntryPoint\",\"urlTemplate\":\"https:\\\/\\\/akunq.net\\\/tr\\\/?s={search_term_string}\"},\"query-input\":{\"@type\":\"PropertyValueSpecification\",\"valueRequired\":true,\"valueName\":\"search_term_string\"}}],\"inLanguage\":\"en-US\"},{\"@type\":\"Person\",\"@id\":\"https:\\\/\\\/akunq.net\\\/tr\\\/#\\\/schema\\\/person\\\/096f1d38a12cce57fb855b485ed24c9e\",\"name\":\"admin\",\"url\":\"https:\\\/\\\/akunq.net\\\/tr\\\/?author=7\"}]}<\/script>\n<!-- \/ Yoast SEO plugin. -->","yoast_head_json":{"title":"A\u0130HM B\u00fcy\u00fck Dairesi, Selahattin Demirta\u015f'\u0131n serbest b\u0131rak\u0131lmas\u0131na h\u00fckmederek T\u00fcrkiye'yi haks\u0131z buldu - Bati Ermenistan Ve Bati Ermenileri Sorunlari Ara\u015ftirmalar Merkezi","robots":{"index":"index","follow":"follow","max-snippet":"max-snippet:-1","max-image-preview":"max-image-preview:large","max-video-preview":"max-video-preview:-1"},"canonical":"https:\/\/akunq.net\/tr\/?p=60724","og_locale":"en_US","og_type":"article","og_title":"A\u0130HM B\u00fcy\u00fck Dairesi, Selahattin Demirta\u015f'\u0131n serbest b\u0131rak\u0131lmas\u0131na h\u00fckmederek T\u00fcrkiye'yi haks\u0131z buldu - Bati Ermenistan Ve Bati Ermenileri Sorunlari Ara\u015ftirmalar Merkezi","og_description":"Avrupa \u0130nsan Haklar\u0131 Mahkemesi (A\u0130HM) B\u00fcy\u00fck Dairesi, Ankara taraf\u0131ndan temyize g\u00f6t\u00fcr\u00fclen Selahattin Demirta\u015f karar\u0131n\u0131 onaylad\u0131. A\u0130HM, Selahattin Demirta\u015f&#8217;\u0131n serbest b\u0131rak\u0131lmas\u0131na karar vererek T\u00fcrkiye&#8217;yi haks\u0131z buldu. 2&#8217;ye kar\u015f\u0131 15 yarg\u0131c\u0131n oyuyla: Derhal serbest kalmal\u0131 A\u0130HM B\u00fcy\u00fck Dairesi, T\u00fcrkiye&#8217;de cezaevinde bulunan Halklar\u0131n Demokrasi Partisi (HDP) eski E\u015f-Ba\u015fkan\u0131 Selahattin Demirta\u015f ile ilgili 2018 y\u0131l\u0131nda verilen &#8216;Serbest b\u0131rak\u0131lmal\u0131&#8217; karar\u0131na [&hellip;]","og_url":"https:\/\/akunq.net\/tr\/?p=60724","og_site_name":"Bati Ermenistan Ve Bati Ermenileri Sorunlari Ara\u015ftirmalar Merkezi","article_published_time":"2020-12-24T09:36:10+00:00","og_image":[{"width":670,"height":450,"url":"https:\/\/akunq.net\/tr\/wp-content\/uploads\/sites\/6\/2020\/12\/\u054d\u0565\u056c\u0561\u0570\u0561\u0569\u0569\u056b\u0576-\u0534\u0565\u0574\u056b\u0580\u0569\u0561\u0577.jpg","type":"image\/jpeg"}],"author":"admin","twitter_card":"summary_large_image","twitter_misc":{"Written by":"admin","Est. reading time":"1 minute"},"schema":{"@context":"https:\/\/schema.org","@graph":[{"@type":"Article","@id":"https:\/\/akunq.net\/tr\/?p=60724#article","isPartOf":{"@id":"https:\/\/akunq.net\/tr\/?p=60724"},"author":{"name":"admin","@id":"https:\/\/akunq.net\/tr\/#\/schema\/person\/096f1d38a12cce57fb855b485ed24c9e"},"headline":"A\u0130HM B\u00fcy\u00fck Dairesi, Selahattin Demirta\u015f&#8217;\u0131n serbest b\u0131rak\u0131lmas\u0131na h\u00fckmederek T\u00fcrkiye&#8217;yi haks\u0131z buldu","datePublished":"2020-12-24T09:36:10+00:00","mainEntityOfPage":{"@id":"https:\/\/akunq.net\/tr\/?p=60724"},"wordCount":211,"commentCount":0,"image":{"@id":"https:\/\/akunq.net\/tr\/?p=60724#primaryimage"},"thumbnailUrl":"https:\/\/akunq.net\/tr\/wp-content\/uploads\/sites\/6\/2020\/12\/\u054d\u0565\u056c\u0561\u0570\u0561\u0569\u0569\u056b\u0576-\u0534\u0565\u0574\u056b\u0580\u0569\u0561\u0577.jpg","articleSection":["Haberler"],"inLanguage":"en-US","potentialAction":[{"@type":"CommentAction","name":"Comment","target":["https:\/\/akunq.net\/tr\/?p=60724#respond"]}]},{"@type":"WebPage","@id":"https:\/\/akunq.net\/tr\/?p=60724","url":"https:\/\/akunq.net\/tr\/?p=60724","name":"A\u0130HM B\u00fcy\u00fck Dairesi, Selahattin Demirta\u015f'\u0131n serbest b\u0131rak\u0131lmas\u0131na h\u00fckmederek T\u00fcrkiye'yi haks\u0131z buldu - Bati Ermenistan Ve Bati Ermenileri Sorunlari Ara\u015ftirmalar Merkezi","isPartOf":{"@id":"https:\/\/akunq.net\/tr\/#website"},"primaryImageOfPage":{"@id":"https:\/\/akunq.net\/tr\/?p=60724#primaryimage"},"image":{"@id":"https:\/\/akunq.net\/tr\/?p=60724#primaryimage"},"thumbnailUrl":"https:\/\/akunq.net\/tr\/wp-content\/uploads\/sites\/6\/2020\/12\/\u054d\u0565\u056c\u0561\u0570\u0561\u0569\u0569\u056b\u0576-\u0534\u0565\u0574\u056b\u0580\u0569\u0561\u0577.jpg","datePublished":"2020-12-24T09:36:10+00:00","author":{"@id":"https:\/\/akunq.net\/tr\/#\/schema\/person\/096f1d38a12cce57fb855b485ed24c9e"},"breadcrumb":{"@id":"https:\/\/akunq.net\/tr\/?p=60724#breadcrumb"},"inLanguage":"en-US","potentialAction":[{"@type":"ReadAction","target":["https:\/\/akunq.net\/tr\/?p=60724"]}]},{"@type":"ImageObject","inLanguage":"en-US","@id":"https:\/\/akunq.net\/tr\/?p=60724#primaryimage","url":"https:\/\/akunq.net\/tr\/wp-content\/uploads\/sites\/6\/2020\/12\/\u054d\u0565\u056c\u0561\u0570\u0561\u0569\u0569\u056b\u0576-\u0534\u0565\u0574\u056b\u0580\u0569\u0561\u0577.jpg","contentUrl":"https:\/\/akunq.net\/tr\/wp-content\/uploads\/sites\/6\/2020\/12\/\u054d\u0565\u056c\u0561\u0570\u0561\u0569\u0569\u056b\u0576-\u0534\u0565\u0574\u056b\u0580\u0569\u0561\u0577.jpg","width":670,"height":450},{"@type":"BreadcrumbList","@id":"https:\/\/akunq.net\/tr\/?p=60724#breadcrumb","itemListElement":[{"@type":"ListItem","position":1,"name":"Home","item":"https:\/\/akunq.net\/tr"},{"@type":"ListItem","position":2,"name":"A\u0130HM B\u00fcy\u00fck Dairesi, Selahattin Demirta\u015f&#8217;\u0131n serbest b\u0131rak\u0131lmas\u0131na h\u00fckmederek T\u00fcrkiye&#8217;yi haks\u0131z buldu"}]},{"@type":"WebSite","@id":"https:\/\/akunq.net\/tr\/#website","url":"https:\/\/akunq.net\/tr\/","name":"Bati Ermenistan Ve Bati Ermenileri Sorunlari Ara\u015ftirmalar Merkezi","description":"","potentialAction":[{"@type":"SearchAction","target":{"@type":"EntryPoint","urlTemplate":"https:\/\/akunq.net\/tr\/?s={search_term_string}"},"query-input":{"@type":"PropertyValueSpecification","valueRequired":true,"valueName":"search_term_string"}}],"inLanguage":"en-US"},{"@type":"Person","@id":"https:\/\/akunq.net\/tr\/#\/schema\/person\/096f1d38a12cce57fb855b485ed24c9e","name":"admin","url":"https:\/\/akunq.net\/tr\/?author=7"}]}},"_links":{"self":[{"href":"https:\/\/akunq.net\/tr\/index.php?rest_route=\/wp\/v2\/posts\/60724","targetHints":{"allow":["GET"]}}],"collection":[{"href":"https:\/\/akunq.net\/tr\/index.php?rest_route=\/wp\/v2\/posts"}],"about":[{"href":"https:\/\/akunq.net\/tr\/index.php?rest_route=\/wp\/v2\/types\/post"}],"author":[{"embeddable":true,"href":"https:\/\/akunq.net\/tr\/index.php?rest_route=\/wp\/v2\/users\/7"}],"replies":[{"embeddable":true,"href":"https:\/\/akunq.net\/tr\/index.php?rest_route=%2Fwp%2Fv2%2Fcomments&post=60724"}],"version-history":[{"count":1,"href":"https:\/\/akunq.net\/tr\/index.php?rest_route=\/wp\/v2\/posts\/60724\/revisions"}],"predecessor-version":[{"id":60726,"href":"https:\/\/akunq.net\/tr\/index.php?rest_route=\/wp\/v2\/posts\/60724\/revisions\/60726"}],"wp:featuredmedia":[{"embeddable":true,"href":"https:\/\/akunq.net\/tr\/index.php?rest_route=\/wp\/v2\/media\/60725"}],"wp:attachment":[{"href":"https:\/\/akunq.net\/tr\/index.php?rest_route=%2Fwp%2Fv2%2Fmedia&parent=60724"}],"wp:term":[{"taxonomy":"category","embeddable":true,"href":"https:\/\/akunq.net\/tr\/index.php?rest_route=%2Fwp%2Fv2%2Fcategories&post=60724"},{"taxonomy":"post_tag","embeddable":true,"href":"https:\/\/akunq.net\/tr\/index.php?rest_route=%2Fwp%2Fv2%2Ftags&post=60724"}],"curies":[{"name":"wp","href":"https:\/\/api.w.org\/{rel}","templated":true}]}}