{"id":60691,"date":"2020-12-22T02:38:18","date_gmt":"2020-12-22T07:38:18","guid":{"rendered":"https:\/\/akunq.net\/tr\/?p=60691"},"modified":"2020-12-22T02:38:18","modified_gmt":"2020-12-22T07:38:18","slug":"ciplak-aramaya-maruz-kalanlar-euronewse-konustu-her-goruste-kizimin-bezine-kadar-arandik","status":"publish","type":"post","link":"https:\/\/akunq.net\/tr\/?p=60691","title":{"rendered":"\u00c7\u0131plak aramaya maruz kalanlar euronews&#8217;e konu\u015ftu: &#8216;Her g\u00f6r\u00fc\u015fte k\u0131z\u0131m\u0131n bezine kadar arand\u0131k&#8217;"},"content":{"rendered":"<p><img loading=\"lazy\" decoding=\"async\" class=\"aligncenter size-full wp-image-60692\" src=\"https:\/\/akunq.net\/tr\/wp-content\/uploads\/2020\/12\/\u00c7\u0131plak-aramaya-maruz-kalanlar.jpg\" alt=\"\" width=\"318\" height=\"159\" srcset=\"https:\/\/akunq.net\/tr\/wp-content\/uploads\/sites\/6\/2020\/12\/\u00c7\u0131plak-aramaya-maruz-kalanlar.jpg 318w, https:\/\/akunq.net\/tr\/wp-content\/uploads\/sites\/6\/2020\/12\/\u00c7\u0131plak-aramaya-maruz-kalanlar-260x130.jpg 260w, https:\/\/akunq.net\/tr\/wp-content\/uploads\/sites\/6\/2020\/12\/\u00c7\u0131plak-aramaya-maruz-kalanlar-160x80.jpg 160w\" sizes=\"auto, (max-width: 318px) 100vw, 318px\" \/><\/p>\n<p><em><strong>HDP Kocaeli Milletvekili ve \u0130nsan Haklar\u0131n\u0131 \u0130nceleme Komisyonu \u00dcyesi \u00d6mer Faruk Gergerlio\u011flu\u2019nun g\u00fcndeme getirdi\u011fi \u00e7\u0131plak arama iddialar\u0131 tart\u0131\u015f\u0131l\u0131yor.<\/strong><\/em><\/p>\n<p>Ak Parti Grup Ba\u015fkanvekili \u00d6zlem Zengin\u2019in\u00a0<a href=\"https:\/\/tr.euronews.com\/2020\/12\/17\/euronews-ozel-ak-partili-zengin-c-plak-arama-reformlar-ve-hdp-kapat-ls-n-c-k-s-n-degerlend\">euronews\u2019e verdi\u011fi bir s\u00f6yle\u015fide<\/a> \u00e7\u0131plak arama iddialar\u0131n\u0131 kabul etmeyince, bu muameleye maruz kald\u0131\u011f\u0131n\u0131 iddia eden kad\u0131nlar\u0131n tepkileri daha da b\u00fcy\u00fcd\u00fc.<\/p>\n<p>Ma\u011fdur olduklar\u0131n\u0131 s\u00f6yleyen kad\u0131nlar euronews\u2019e g\u00f6nderdikleri videolarda ya\u015fad\u0131klar\u0131n\u0131 anlatt\u0131.<\/p>\n<div class=\"widget widget--type-quotation\n    widget--size-fullwidth\n    widget--align-center\"><\/p>\n<div class=\"widget__wrapper\">\n<div class=\"widget__content\">\n<blockquote class=\"widget__quote\"><p><span class=\"widget__quoteText\">62 ya\u015f\u0131nda bir meslek insan\u0131 olarak Gezi Park\u0131\u2019n\u0131 savunurken g\u00f6zalt\u0131na al\u0131nd\u0131m. Ne yaz\u0131k ki \u00e7ok a\u015fa\u011f\u0131lay\u0131c\u0131 ve hat\u0131rlamak istemedi\u011fim bir bi\u00e7imde \u00e7\u0131plak aramaya maruz tutuldum.<\/span><\/p><\/blockquote>\n<div class=\"widget__authorText\">M\u00fccella Yap\u0131c\u0131<\/div>\n<div class=\"widget__author_descriptionText\">Mimar<\/div>\n<\/div>\n<\/div>\n<\/div>\n<p>Euronews\u2019e konu\u015fan isimlerden biri Gezi olaylar\u0131nda kamuoyunun yak\u0131ndan tan\u0131d\u0131\u011f\u0131 mimar M\u00fccella Yap\u0131c\u0131: &#8220;62 ya\u015f\u0131nda bir meslek insan\u0131 olarak Gezi Park\u0131\u2019n\u0131 savunurken g\u00f6zalt\u0131na al\u0131nd\u0131m. G\u00f6zalt\u0131nda bir s\u00fcr\u00fc aramadan ge\u00e7irildim, ama ne yaz\u0131k ki \u00e7ok a\u015fa\u011f\u0131lay\u0131c\u0131 bir \u015fekilde hat\u0131rlamak istemedi\u011fim bir bi\u00e7imde \u00e7\u0131plak aramaya maruz tutuldum. Y\u00f6ntemini de \u015fimdi size anlatmayaca\u011f\u0131m. Son derece intim ve a\u015fa\u011f\u0131lay\u0131c\u0131 bir \u015fekilde. Ve bunu \u015fikayet ettim. \u00c7ok d\u00fc\u015f\u00fcnd\u00fcm. \u00c7\u00fcnk\u00fc \u015fahit oldum ve benimle birlikte bir s\u00fcr\u00fc gen\u00e7 kad\u0131na bu yap\u0131ld\u0131. Ve \u00f6\u011frendim ki bu sistematik bir haldi. Sanki ola\u011fan bir i\u015flem gibi yap\u0131l\u0131yormu\u015f ve gencecik kad\u0131nlar utand\u0131klar\u0131 i\u00e7in bunu if\u015fa etmemi\u015fler. Ben b\u00f6yle bir sorumluluk ve her \u015feyi g\u00f6ze alarak bunu mahkemede a\u011flaya a\u011flaya if\u015fa ettim. Sonra ba\u015f\u0131ma gelmeyen \u015fey de kalmad\u0131. Gazetelerin man\u015fetlerine \u00e7\u0131kt\u0131m. Bunu di\u011fer arkada\u015flar\u0131mla birlikte te\u015fhis ettim ve \u015fikayet ettim. 7.5 senedir hala davam a\u00e7\u0131lamad\u0131. L\u00fctfen gidin o dosyalara bak\u0131n. T\u00fcrkiye\u2019de sistematik bir \u015fekilde \u00e7\u0131plak arama var. Bu bir i\u015fkence ve tacizdir.&#8221;<\/p>\n<div class=\"widget widget--type-quotation\n    widget--size-fullwidth\n    widget--align-center\"><\/p>\n<div class=\"widget__wrapper\">\n<div class=\"widget__content\">\n<blockquote class=\"widget__quote\"><p><span class=\"widget__quoteText\">2017&#8217;de 12 g\u00fcn nezaret sonras\u0131 mahkum teslim yerinde paravan arkas\u0131na al\u0131nd\u0131m. Regl oldu\u011fumu s\u00f6ylememe ra\u011fmen k\u0131yafetlerimiz tamamen \u00e7\u0131kar\u0131l\u0131p \u2018\u00e7\u00f6k kalk\u2019 muamelesine tabi tutulduk.<\/span><\/p><\/blockquote>\n<\/div>\n<\/div>\n<\/div>\n<p>Kimli\u011fini ve y\u00fcz\u00fcn\u00fc sakl\u0131 tutmak isteyen S.E ise 2017 y\u0131l\u0131nda \u00c7ank\u0131r\u0131 E tipi cezaevinde \u2018otur kalk\u2019 yap\u0131larak \u00e7\u0131plak aramaya maruz kald\u0131\u011f\u0131n\u0131 anlat\u0131yor:<\/p>\n<p>&#8220;Ben 2017 Ekim ay\u0131nda 12 g\u00fcn nezaret sonras\u0131 tutukland\u0131\u011f\u0131mda mahkum tesliminde teslim yerinde paravan arkas\u0131na al\u0131nd\u0131m. K\u0131yafetlerimiz tamamen \u00e7\u0131kar\u0131l\u0131p \u2018\u00e7\u00f6k kalk\u2019 muamelesine tabi tutulduk. Ben o zaman regli d\u00f6nemindeydim. Ve m\u00fcsait de\u011filim diye \u00e7\u0131\u011fl\u0131k atmama ra\u011fmen, \u2018oturup yapacaks\u0131n, kalkacaks\u0131n\u2019 muamelesine tabi tutulduk. Ki bu \u00e7ok korkun\u00e7 vaziyetti. Ben kirli \u00e7ama\u015f\u0131rlar\u0131m\u0131n g\u00f6r\u00fcnmesinden haya ederken, daha farkl\u0131 bir muameleye tabi tutulduk. Kar\u015f\u0131 tarafa biz iyi niyetle bu kirli g\u00f6r\u00fcnt\u00fcy\u00fc sunmamak i\u00e7in haya ediyoruz. \u00c7ama\u015f\u0131rlar\u0131m\u0131z tek tek erkeklerin \u00f6n\u00fcnden ge\u00e7irilerek X-ray cihaz\u0131na konuldu. Ve ben a\u011flayarak yapmay\u0131n dememe ra\u011fmen bu oldu. Ger\u00e7ekten bu korkun\u00e7 muameleyi atlatm\u0131\u015f de\u011filim. Hala doktor muayenelerine gidemiyorum. Ve her defas\u0131nda ben hastaneye \u00e7\u0131k\u0131\u015flar\u0131mda bile rutin bir arama denilerek s\u00fcrekli aramalara tabi tutulduk. Art\u0131 e\u015flerimiz ile g\u00f6r\u00fc\u015flere gitti\u011fimizde yine ayn\u0131 \u015fekilde ped kontrol\u00fc, ne varsa b\u00fct\u00fcn kontrollerden ge\u00e7mi\u015f bulunuyorduk. Iki tane x-rayden ge\u00e7mi\u015f olmam\u0131za ra\u011fmen, bu kontrollere her zaman tabi tutulduk. Ve kesinlikle bu aramalar \u00e7ok rencide edici ve s\u0131k\u0131nt\u0131 verici bir s\u00fcre\u00e7ti. \u00c7ocuklar\u0131m g\u00f6r\u00fc\u015f zamanlar\u0131nda in\u015fallah hasta olmay\u0131z, m\u00fcsait bir durumda oluruz da bu utanca sebebiyet vermeyiz diyordu. Biz bu s\u00fcre\u00e7lerden ge\u00e7tik. Ama bizden sonrakilerin ve d\u00fc\u015fman\u0131m\u0131n ba\u015f\u0131na gelmesini istemedi\u011fim bir s\u00fcre\u00e7tir bu.&#8221;<\/p>\n<div id=\"adzone-sharethrough_1\" class=\"advertising advertising--no-label advertising--sharethrough js-adzone advertising--called advertising--rendered\" data-ad-key=\"strnativekey\" data-ad-key-value=\"1G96EdRgcHV6pyWWMGCR7SB7\" data-google-query-id=\"CI6cxqmJ4e0CFYyDgwcdeL8CVQ\">\n<div id=\"google_ads_iframe_\/6458\/euronews_new\/programs-news\/world_3__container__\">\n<div>\n<div data-str-native-key=\"ZhqhDxqhoPB14wHiGCSVtGeW\" data-str-visited-flag=\"true\" data-str-arid=\"d-723cc230-da98-47af-8503-f94d0fd7d7eb\" data-str-rendered=\"1608622377045\" data-tracking-key=\"_i32ysy8c8\">\n<div>\n<div>\n<div class=\"str-adunit str-card-exp str-adunit-img-left str-clickout\">\n<div><\/div>\n<\/div>\n<\/div>\n<\/div>\n<\/div>\n<\/div>\n<\/div>\n<\/div>\n<div class=\"widget widget--type-quotation\n    widget--size-fullwidth\n    widget--align-center\"><\/p>\n<div class=\"widget__wrapper\">\n<div class=\"widget__content\">\n<blockquote class=\"widget__quote\"><p><span class=\"widget__quoteText\">2017 y\u0131l\u0131n\u0131n Aral\u0131k ay\u0131nda haber takibi yapmak i\u00e7in gitti\u011fim Mu\u015f ilinde d\u00f6rt g\u00fcnl\u00fck bir g\u00f6zalt\u0131 s\u00fcreci ya\u015fad\u0131m. Ve bu d\u00f6rt g\u00fcnl\u00fck g\u00f6zalt\u0131 s\u00fcresinde toplam iki kez \u00e7\u0131plak aramaya maruz b\u0131rak\u0131ld\u0131m<\/span><\/p><\/blockquote>\n<div class=\"widget__authorText\">Seda Ta\u015fk\u0131n<\/div>\n<div class=\"widget__author_descriptionText\">Gazeteci<\/div>\n<\/div>\n<\/div>\n<\/div>\n<p>\u00c7\u0131plak aramaya maruz kald\u0131\u011f\u0131n\u0131 iddia eden isimlerden biri de Gazeteci Seda Ta\u015fk\u0131n:<\/p>\n<p>&#8220;2017 y\u0131l\u0131n\u0131n Aral\u0131k ay\u0131nda haber takibi yapmak i\u00e7in gitti\u011fim Mu\u015f ilinde d\u00f6rt g\u00fcnl\u00fck bir g\u00f6zalt\u0131 s\u00fcreci ya\u015fad\u0131m. Ve bu 4 g\u00fcnl\u00fck g\u00f6zalt\u0131 s\u00fcrecinde toplam iki kez \u00e7\u0131plak aramaya maruz b\u0131rak\u0131ld\u0131m. \u0130lk seferinde kabul etmeyece\u011fimi s\u00f6yledi\u011fimde bulundu\u011fum odaya erkek polisler girerek beni soyacaklar\u0131n\u0131 s\u00f6yleyerek tehditlerde bulundular. Ve beni \u00e7\u0131plak arama zorlayarak kad\u0131n polisler taraf\u0131ndan bu yap\u0131ld\u0131. Birinci \u00e7\u0131plak araman\u0131n ard\u0131ndan bir g\u00fcn ge\u00e7tikten sonra avukat\u0131m ile \u00e7ok k\u0131sa bir g\u00f6r\u00fc\u015fme yapt\u0131m. Ve bunun ard\u0131ndan yeniden \u00e7\u0131plak aramaya maruz b\u0131rak\u0131ld\u0131m. Yani tart\u0131\u015f\u0131lan T\u00fcrkiye\u2019de \u00e7\u0131plak arama mevzusu tamamen yaland\u0131r. En az\u0131ndan biz bunu ya\u015fayanlar olarak bunun ne kadar onur k\u0131r\u0131c\u0131 bir durum oldu\u011funu dile getiriyoruz. Ve bu sadece bug\u00fcn tart\u0131\u015f\u0131lan bir konu da de\u011fil. Y\u0131llard\u0131r, gerek siyaset\u00e7iler gerek sivil toplum \u00f6rg\u00fctleri bunun m\u00fccadelesini veriyor. O y\u00fczden en az\u0131ndan biz ya\u015fayanlar \u015funu \u00e7ok iyi biliyoruz ; bu durum insan haklar\u0131na ayk\u0131r\u0131 ve tamamen bir su\u00e7 te\u015fkil ediyor. Ve acilen bunun kald\u0131r\u0131lmas\u0131 gerekti\u011fini s\u00f6yl\u00fcyoruz.&#8221;<\/p>\n<div class=\"widget widget--type-quotation\n    widget--size-fullwidth\n    widget--align-center\"><\/p>\n<div class=\"widget__wrapper\">\n<div class=\"widget__content\">\n<blockquote class=\"widget__quote\"><p><span class=\"widget__quoteText\">\u0130ki kad\u0131n gardiyan benim \u00fczerimdeki k\u0131yafetleri \u00e7\u0131karmam\u0131 s\u00f6yledi. Ben \u00fczerimde tek atlet ve alt i\u00e7 \u00e7ama\u015f\u0131r\u0131 kalacak \u015fekilde hepsini \u00e7\u0131kard\u0131m. Alt\u0131mdaki i\u00e7 \u00e7ama\u015f\u0131r\u0131n\u0131 \u00e7\u0131kart\u0131p \u00fc\u00e7 kere \u00e7\u00f6k kalk yapt\u0131m<\/span><\/p><\/blockquote>\n<div class=\"widget__authorText\">Bet\u00fcl Alpay<\/div>\n<div class=\"widget__author_descriptionText\">Avukat<\/div>\n<\/div>\n<\/div>\n<\/div>\n<p>Avukat Bet\u00fcl Alpay\u2019da euronews ile payla\u015ft\u0131\u011f\u0131 videoda di\u011fer kad\u0131nlarla ya\u015fad\u0131\u011f\u0131 benzer s\u00fcreci \u015fu s\u00f6zlerle anlat\u0131yor:<\/p>\n<p>&#8220;1 Kas\u0131m 2017 tarihinde babam ve benim hakk\u0131mda \u00e7\u0131kar\u0131lm\u0131\u015f bir g\u00f6zalt\u0131 karar\u0131 oldu\u011funu \u00f6\u011frendim. 2 Kas\u0131m 2017\u2019de Mu\u011fla emniyetine teslim oldum. Sulh ceza hakimli\u011finden benim tutuklama babam\u0131n da serbest b\u0131rak\u0131lma karar\u0131 \u00e7\u0131kt\u0131. Tutukland\u0131ktan sonra Mu\u011fla E Tipi Kapal\u0131 Ceza \u0130nfaz Kurumu\u2019na g\u00f6nderildim. \u0130lk ba\u015fta beni iki kad\u0131n ve d\u00f6rt be\u015f tane erkek gardiyan kar\u015f\u0131lad\u0131. \u00d6ncelikle i\u00e7erideki kapal\u0131 bir odaya al\u0131nd\u0131m. Burada iki kad\u0131n gardiyan benim \u00fczerimdeki k\u0131yafetleri \u00e7\u0131karmam\u0131 s\u00f6yledi. Ben \u00fczerimde tek atlet ve alt i\u00e7 \u00e7ama\u015f\u0131r\u0131 kalacak \u015fekilde hepsini \u00e7\u0131kard\u0131m. En son alt i\u00e7 \u00e7ama\u015f\u0131r\u0131m\u0131 da \u00e7\u0131karmam gerekti\u011fini s\u00f6ylediler. Bu o g\u00fcn benim duydu\u011fum en k\u00f6t\u00fc c\u00fcmleydi san\u0131r\u0131m. Tutukland\u0131\u011f\u0131mda yaln\u0131z ailem \u00fcz\u00fcld\u00fc\u011f\u00fc i\u00e7in \u00fcz\u00fclm\u00fc\u015ft\u00fcm ama bunu s\u00f6ylediklerinde o g\u00fcn ilk defa g\u00f6zlerim doldu. Mecburen onlar\u0131n dediklerini yapmak zorunda kald\u0131m. Alt\u0131mdaki i\u00e7 \u00e7ama\u015f\u0131r\u0131n\u0131 \u00e7\u0131kart\u0131p \u00fc\u00e7 kere \u00e7\u00f6k kalk yapt\u0131m. Daha sonras\u0131nda bayan gardiyanlardan biri yine alt\u0131mda hi\u00e7 bir\u015fey yokken, gelip atletimin i\u00e7erisine elini sokarak v\u00fccudumu muayene etti. Daha sonras\u0131nda ben ba\u015f\u00f6rt\u00fcm\u00fc ba\u011flad\u0131m ve \u00fczerime bir tane hastane \u00f6nl\u00fc\u011f\u00fc giydirdiler. I\u00e7imde bir atlet ve bir i\u00e7 \u00e7ama\u015f\u0131r\u0131 ve \u00fczerimde bir hastane \u00f6nl\u00fc\u011f\u00fc ile tekrardan x-raylerin oldu\u011fu b\u00f6l\u00fcme getirildim. Burada yine yine d\u00f6rt be\u015f erkek gardiyan\u0131n i\u00e7erisinde tekrardan x-rayden ge\u00e7irildim. O k\u0131s\u0131mda benim i\u00e7in olduk\u00e7a \u00fcz\u00fcc\u00fcyd\u00fc. \u00c7\u0131plak arama yoktur diyen \u00d6zlem Zengin\u2019e sesleniyorum; \u00e7\u0131plak aramaya maruz kalan binlerce kad\u0131ndan biriyim. E\u011fer 2 Kas\u0131m 2017\u2019de Mu\u011fla E Tipi Kapal\u0131 Ceza \u0130nfaz Kurumu\u2019nun kamera kay\u0131tlar\u0131n\u0131 incelerseniz benim orada d\u00f6rt be\u015f tane erkek gardiyan\u0131n i\u00e7erisinde bacaklar\u0131 \u00e7\u0131plak \u015fekilde ge\u00e7ti\u011fimi g\u00f6rebilirsiniz.&#8221;<\/p>\n<div class=\"widget widget--type-quotation\n    widget--size-fullwidth\n    widget--align-center\"><\/p>\n<div class=\"widget__wrapper\">\n<div class=\"widget__content\">\n<blockquote class=\"widget__quote\"><p><span class=\"widget__quoteText\">Elbistan E Tipi Kapal\u0131 Cezaevi&#8217;nde her g\u00f6r\u00fc\u015fe gitti\u011fimde X-ray cihazlar\u0131ndan ge\u00e7memize ra\u011fmen, \u00fcst\u00fcm\u00fcz ba\u015f\u0131m\u0131z her \u015fekilde arand\u0131. Her seferinde \u00e7ocu\u011fumun bezi a\u00e7\u0131l\u0131p bi\u015fey var m\u0131 yok mu diye arand\u0131. Sa\u00e7 diplerine kadar arand\u0131k.<\/span><\/p><\/blockquote>\n<\/div>\n<\/div>\n<\/div>\n<p>Yine ismini ve kimli\u011fini vermek istemeyen L.I. da tutuklu olan e\u015fi ile g\u00f6r\u00fc\u015fmek i\u00e7in Elbistan E Tipi Kapal\u0131 Cezaevi&#8217;ne gitti\u011finde bu uygulamalara maruz kald\u0131\u011f\u0131n\u0131 ifade ediyor:<\/p>\n<p>&#8220;4 y\u0131ld\u0131r \u00e7ocu\u011fumla birlikte e\u015fimi g\u00f6rmeye gitti\u011fimde her defas\u0131nda insan haklar\u0131 ihlalleri ya\u015fad\u0131k. Pandemi nedeniyle mart ay\u0131ndan beri ne ben ne \u00e7ocu\u011fum e\u015fimi g\u00f6remiyoruz. Sadece hastal\u0131k telefon g\u00f6r\u00fc\u015flerinde hasretimizi giderebiliyoruz. Bu s\u00fcre\u00e7 \u00f6ncesinde e\u015fim ilk tutukland\u0131\u011f\u0131nda ve onu g\u00f6rmeye giti\u011fimizde o zamanlar k\u0131z\u0131m bezliydi. Ve her seferinde a\u00e7\u0131k g\u00f6r\u00fc\u015flerde o salona \u00e7ok b\u00fcy\u00fck travmalarla girebildik. \u00c7\u00fcnk\u00fc k\u00fc\u00e7\u00fcc\u00fck k\u0131z\u0131m\u0131n bezinin aranmas\u0131 ile kar\u015f\u0131 kar\u015f\u0131ya kald\u0131k. Her gidi\u015fimde babam da vard\u0131 ama erkeklere y\u00f6nelik b\u00f6yle \u00e7ok s\u0131k\u0131 aramalar\u0131n olmad\u0131\u011f\u0131n\u0131, bayanlara ve \u00e7ocuklara y\u00f6nelik bu aramalar\u0131n b\u00fcy\u00fck bir bask\u0131 ve nefretle yap\u0131ld\u0131\u011f\u0131n\u0131 g\u00f6rd\u00fck. Iliklerimize kadar ya\u015fad\u0131k ger\u00e7ekten. X-ray cihazlar\u0131ndan ge\u00e7memize ra\u011fmen, \u00fcst\u00fcm\u00fcz ba\u015f\u0131m\u0131z her \u015fekilde arand\u0131. O zaman \u00e7ocu\u011fum bir ya\u015f\u0131ndayd\u0131, her seferinde bezi a\u00e7\u0131l\u0131p bi\u015fey var m\u0131 yok mu diye arand\u0131. Sa\u00e7 diplerine kadar arand\u0131k, kapal\u0131 olmama\u011f ra\u011fmen. I\u00e7 \u00e7ama\u015f\u0131rlar\u0131m\u0131z\u0131n i\u00e7indeki tellere kadar tak\u0131ld\u0131lar. I\u00e7 \u00e7ama\u015f\u0131r\u0131m\u0131z\u0131 \u00e7\u0131kartt\u0131lar, herhangi bir yere koyduk ve \u00f6yle g\u00f6r\u00fc\u015f alan\u0131na gidebildik. Yani bir bayan i\u00e7in \u00e7ok tarifsiz bir hadise. \u00d6nlerimizi saklayarak gidebildik. \u00c7ama\u015f\u0131r\u0131m\u0131z telli olmasa bile a\u00e7t\u0131r\u0131ld\u0131, alt \u00e7ama\u015f\u0131rlar\u0131m\u0131z\u0131n i\u00e7inde bi\u015fey var m\u0131 yok mu diye dokunarak bakt\u0131lar. Bu aramalara hala devam ediliyor. Ses \u00e7\u0131kar\u0131lmad\u0131\u011f\u0131 s\u00fcrece de devam edece\u011fini biliyorum. Utanmamak laz\u0131m \u00e7\u00fcnk\u00fc bu meseleye siz maruz kal\u0131yorsunuz.&#8221;<\/p>\n<div class=\"widget widget--type-quotation\n    widget--size-fullwidth\n    widget--align-center\"><\/p>\n<div class=\"widget__wrapper\">\n<div class=\"widget__content\">\n<blockquote class=\"widget__quote\"><p><span class=\"widget__quoteText\">Bu iddialar veya ba\u015fka iddialar ile igili olarak bas\u0131na a\u00e7\u0131klama yap\u0131lacaksa, mercilerimiz bellidir. Gerek gorulurse Adalet bakanimiz veya bakanl\u0131k s\u00f6zc\u00fcm\u00fcz gerekli gerekli a\u00e7\u0131klamay\u0131 yapar<\/span><\/p><\/blockquote>\n<div class=\"widget__authorText\">Adalet Bakanl\u0131\u011f\u0131 Ceza ve Tevkifevleri Genel M\u00fcd\u00fcrl\u00fc\u011f\u00fc<\/div>\n<\/div>\n<\/div>\n<\/div>\n<h2>Adalet Bakanl\u0131\u011f\u0131 iddialara ne diyor?<\/h2>\n<p>euronews&#8217;in iddialar ile ilgili ula\u015ft\u0131\u011f\u0131 Adalet Bakanl\u0131\u011f\u0131 Ceza ve Tevkifevleri Genel M\u00fcd\u00fcrl\u00fc\u011f\u00fc ise \u015fu a\u00e7\u0131klamay\u0131 yapt\u0131:<\/p>\n<p>&#8221;\u00c7ok \u00e7e\u015fitli mecralarda bu durum dillendiriliyor. Sizin bize cevap hakk\u0131 tan\u0131man\u0131z da g\u00fczel bir uygulama. Biz bunlar\u0131n hepsine tek tek yan\u0131t yeti\u015ftiremeyiz. Bu iddialar veya ba\u015fka iddialar ile igili olarak bas\u0131na a\u00e7\u0131klama yap\u0131lacaksa, mercilerimiz bellidir. Gerek g\u00f6r\u00fcl\u00fcrse Adalet Bakan\u0131m\u0131z veya bakanl\u0131k s\u00f6zc\u00fcm\u00fcz gerekli a\u00e7\u0131klamay\u0131 yapar.&#8221;<\/p>\n<p><em><strong>https:\/\/tr.euronews.com\/2020\/12\/21\/c-plak-aramaya-maruz-kalanlar-euronews-e-konustu-her-goruste-k-z-m-n-bezine-kadar-arand-k<\/strong><\/em><\/p>\n","protected":false},"excerpt":{"rendered":"<p>HDP Kocaeli Milletvekili ve \u0130nsan Haklar\u0131n\u0131 \u0130nceleme Komisyonu \u00dcyesi \u00d6mer Faruk Gergerlio\u011flu\u2019nun g\u00fcndeme getirdi\u011fi \u00e7\u0131plak arama iddialar\u0131 tart\u0131\u015f\u0131l\u0131yor. Ak Parti Grup Ba\u015fkanvekili \u00d6zlem Zengin\u2019in\u00a0euronews\u2019e verdi\u011fi bir s\u00f6yle\u015fide \u00e7\u0131plak arama iddialar\u0131n\u0131 kabul etmeyince, bu muameleye maruz kald\u0131\u011f\u0131n\u0131 iddia eden kad\u0131nlar\u0131n tepkileri daha da b\u00fcy\u00fcd\u00fc. Ma\u011fdur olduklar\u0131n\u0131 s\u00f6yleyen kad\u0131nlar euronews\u2019e g\u00f6nderdikleri videolarda ya\u015fad\u0131klar\u0131n\u0131 anlatt\u0131. 62 ya\u015f\u0131nda bir [&hellip;]<\/p>\n","protected":false},"author":7,"featured_media":60692,"comment_status":"open","ping_status":"open","sticky":false,"template":"","format":"standard","meta":{"footnotes":""},"categories":[1],"tags":[],"class_list":["post-60691","post","type-post","status-publish","format-standard","has-post-thumbnail","hentry","category-haberler"],"yoast_head":"<!-- This site is optimized with the Yoast SEO plugin v27.4 - https:\/\/yoast.com\/product\/yoast-seo-wordpress\/ -->\n<title>\u00c7\u0131plak aramaya maruz kalanlar euronews&#039;e konu\u015ftu: &#039;Her g\u00f6r\u00fc\u015fte k\u0131z\u0131m\u0131n bezine kadar arand\u0131k&#039; - Bati Ermenistan Ve Bati Ermenileri Sorunlari Ara\u015ftirmalar Merkezi<\/title>\n<meta name=\"robots\" content=\"index, follow, max-snippet:-1, max-image-preview:large, max-video-preview:-1\" \/>\n<link rel=\"canonical\" href=\"https:\/\/akunq.net\/tr\/?p=60691\" \/>\n<meta property=\"og:locale\" content=\"en_US\" \/>\n<meta property=\"og:type\" content=\"article\" \/>\n<meta property=\"og:title\" content=\"\u00c7\u0131plak aramaya maruz kalanlar euronews&#039;e konu\u015ftu: &#039;Her g\u00f6r\u00fc\u015fte k\u0131z\u0131m\u0131n bezine kadar arand\u0131k&#039; - Bati Ermenistan Ve Bati Ermenileri Sorunlari Ara\u015ftirmalar Merkezi\" \/>\n<meta property=\"og:description\" content=\"HDP Kocaeli Milletvekili ve \u0130nsan Haklar\u0131n\u0131 \u0130nceleme Komisyonu \u00dcyesi \u00d6mer Faruk Gergerlio\u011flu\u2019nun g\u00fcndeme getirdi\u011fi \u00e7\u0131plak arama iddialar\u0131 tart\u0131\u015f\u0131l\u0131yor. Ak Parti Grup Ba\u015fkanvekili \u00d6zlem Zengin\u2019in\u00a0euronews\u2019e verdi\u011fi bir s\u00f6yle\u015fide \u00e7\u0131plak arama iddialar\u0131n\u0131 kabul etmeyince, bu muameleye maruz kald\u0131\u011f\u0131n\u0131 iddia eden kad\u0131nlar\u0131n tepkileri daha da b\u00fcy\u00fcd\u00fc. Ma\u011fdur olduklar\u0131n\u0131 s\u00f6yleyen kad\u0131nlar euronews\u2019e g\u00f6nderdikleri videolarda ya\u015fad\u0131klar\u0131n\u0131 anlatt\u0131. 62 ya\u015f\u0131nda bir [&hellip;]\" \/>\n<meta property=\"og:url\" content=\"https:\/\/akunq.net\/tr\/?p=60691\" \/>\n<meta property=\"og:site_name\" content=\"Bati Ermenistan Ve Bati Ermenileri Sorunlari Ara\u015ftirmalar Merkezi\" \/>\n<meta property=\"article:published_time\" content=\"2020-12-22T07:38:18+00:00\" \/>\n<meta property=\"og:image\" content=\"https:\/\/akunq.net\/tr\/wp-content\/uploads\/sites\/6\/2020\/12\/\u00c7\u0131plak-aramaya-maruz-kalanlar.jpg\" \/>\n\t<meta property=\"og:image:width\" content=\"318\" \/>\n\t<meta property=\"og:image:height\" content=\"159\" \/>\n\t<meta property=\"og:image:type\" content=\"image\/jpeg\" \/>\n<meta name=\"author\" content=\"admin\" \/>\n<meta name=\"twitter:card\" content=\"summary_large_image\" \/>\n<meta name=\"twitter:label1\" content=\"Written by\" \/>\n\t<meta name=\"twitter:data1\" content=\"admin\" \/>\n\t<meta name=\"twitter:label2\" content=\"Est. reading time\" \/>\n\t<meta name=\"twitter:data2\" content=\"9 minutes\" \/>\n<script type=\"application\/ld+json\" class=\"yoast-schema-graph\">{\"@context\":\"https:\\\/\\\/schema.org\",\"@graph\":[{\"@type\":\"Article\",\"@id\":\"https:\\\/\\\/akunq.net\\\/tr\\\/?p=60691#article\",\"isPartOf\":{\"@id\":\"https:\\\/\\\/akunq.net\\\/tr\\\/?p=60691\"},\"author\":{\"name\":\"admin\",\"@id\":\"https:\\\/\\\/akunq.net\\\/tr\\\/#\\\/schema\\\/person\\\/096f1d38a12cce57fb855b485ed24c9e\"},\"headline\":\"\u00c7\u0131plak aramaya maruz kalanlar euronews&#8217;e konu\u015ftu: &#8216;Her g\u00f6r\u00fc\u015fte k\u0131z\u0131m\u0131n bezine kadar arand\u0131k&#8217;\",\"datePublished\":\"2020-12-22T07:38:18+00:00\",\"mainEntityOfPage\":{\"@id\":\"https:\\\/\\\/akunq.net\\\/tr\\\/?p=60691\"},\"wordCount\":1854,\"commentCount\":0,\"image\":{\"@id\":\"https:\\\/\\\/akunq.net\\\/tr\\\/?p=60691#primaryimage\"},\"thumbnailUrl\":\"https:\\\/\\\/akunq.net\\\/tr\\\/wp-content\\\/uploads\\\/sites\\\/6\\\/2020\\\/12\\\/\u00c7\u0131plak-aramaya-maruz-kalanlar.jpg\",\"articleSection\":[\"Haberler\"],\"inLanguage\":\"en-US\",\"potentialAction\":[{\"@type\":\"CommentAction\",\"name\":\"Comment\",\"target\":[\"https:\\\/\\\/akunq.net\\\/tr\\\/?p=60691#respond\"]}]},{\"@type\":\"WebPage\",\"@id\":\"https:\\\/\\\/akunq.net\\\/tr\\\/?p=60691\",\"url\":\"https:\\\/\\\/akunq.net\\\/tr\\\/?p=60691\",\"name\":\"\u00c7\u0131plak aramaya maruz kalanlar euronews'e konu\u015ftu: 'Her g\u00f6r\u00fc\u015fte k\u0131z\u0131m\u0131n bezine kadar arand\u0131k' - Bati Ermenistan Ve Bati Ermenileri Sorunlari Ara\u015ftirmalar Merkezi\",\"isPartOf\":{\"@id\":\"https:\\\/\\\/akunq.net\\\/tr\\\/#website\"},\"primaryImageOfPage\":{\"@id\":\"https:\\\/\\\/akunq.net\\\/tr\\\/?p=60691#primaryimage\"},\"image\":{\"@id\":\"https:\\\/\\\/akunq.net\\\/tr\\\/?p=60691#primaryimage\"},\"thumbnailUrl\":\"https:\\\/\\\/akunq.net\\\/tr\\\/wp-content\\\/uploads\\\/sites\\\/6\\\/2020\\\/12\\\/\u00c7\u0131plak-aramaya-maruz-kalanlar.jpg\",\"datePublished\":\"2020-12-22T07:38:18+00:00\",\"author\":{\"@id\":\"https:\\\/\\\/akunq.net\\\/tr\\\/#\\\/schema\\\/person\\\/096f1d38a12cce57fb855b485ed24c9e\"},\"breadcrumb\":{\"@id\":\"https:\\\/\\\/akunq.net\\\/tr\\\/?p=60691#breadcrumb\"},\"inLanguage\":\"en-US\",\"potentialAction\":[{\"@type\":\"ReadAction\",\"target\":[\"https:\\\/\\\/akunq.net\\\/tr\\\/?p=60691\"]}]},{\"@type\":\"ImageObject\",\"inLanguage\":\"en-US\",\"@id\":\"https:\\\/\\\/akunq.net\\\/tr\\\/?p=60691#primaryimage\",\"url\":\"https:\\\/\\\/akunq.net\\\/tr\\\/wp-content\\\/uploads\\\/sites\\\/6\\\/2020\\\/12\\\/\u00c7\u0131plak-aramaya-maruz-kalanlar.jpg\",\"contentUrl\":\"https:\\\/\\\/akunq.net\\\/tr\\\/wp-content\\\/uploads\\\/sites\\\/6\\\/2020\\\/12\\\/\u00c7\u0131plak-aramaya-maruz-kalanlar.jpg\",\"width\":318,\"height\":159},{\"@type\":\"BreadcrumbList\",\"@id\":\"https:\\\/\\\/akunq.net\\\/tr\\\/?p=60691#breadcrumb\",\"itemListElement\":[{\"@type\":\"ListItem\",\"position\":1,\"name\":\"Home\",\"item\":\"https:\\\/\\\/akunq.net\\\/tr\"},{\"@type\":\"ListItem\",\"position\":2,\"name\":\"\u00c7\u0131plak aramaya maruz kalanlar euronews&#8217;e konu\u015ftu: &#8216;Her g\u00f6r\u00fc\u015fte k\u0131z\u0131m\u0131n bezine kadar arand\u0131k&#8217;\"}]},{\"@type\":\"WebSite\",\"@id\":\"https:\\\/\\\/akunq.net\\\/tr\\\/#website\",\"url\":\"https:\\\/\\\/akunq.net\\\/tr\\\/\",\"name\":\"Bati Ermenistan Ve Bati Ermenileri Sorunlari Ara\u015ftirmalar Merkezi\",\"description\":\"\",\"potentialAction\":[{\"@type\":\"SearchAction\",\"target\":{\"@type\":\"EntryPoint\",\"urlTemplate\":\"https:\\\/\\\/akunq.net\\\/tr\\\/?s={search_term_string}\"},\"query-input\":{\"@type\":\"PropertyValueSpecification\",\"valueRequired\":true,\"valueName\":\"search_term_string\"}}],\"inLanguage\":\"en-US\"},{\"@type\":\"Person\",\"@id\":\"https:\\\/\\\/akunq.net\\\/tr\\\/#\\\/schema\\\/person\\\/096f1d38a12cce57fb855b485ed24c9e\",\"name\":\"admin\",\"url\":\"https:\\\/\\\/akunq.net\\\/tr\\\/?author=7\"}]}<\/script>\n<!-- \/ Yoast SEO plugin. -->","yoast_head_json":{"title":"\u00c7\u0131plak aramaya maruz kalanlar euronews'e konu\u015ftu: 'Her g\u00f6r\u00fc\u015fte k\u0131z\u0131m\u0131n bezine kadar arand\u0131k' - Bati Ermenistan Ve Bati Ermenileri Sorunlari Ara\u015ftirmalar Merkezi","robots":{"index":"index","follow":"follow","max-snippet":"max-snippet:-1","max-image-preview":"max-image-preview:large","max-video-preview":"max-video-preview:-1"},"canonical":"https:\/\/akunq.net\/tr\/?p=60691","og_locale":"en_US","og_type":"article","og_title":"\u00c7\u0131plak aramaya maruz kalanlar euronews'e konu\u015ftu: 'Her g\u00f6r\u00fc\u015fte k\u0131z\u0131m\u0131n bezine kadar arand\u0131k' - Bati Ermenistan Ve Bati Ermenileri Sorunlari Ara\u015ftirmalar Merkezi","og_description":"HDP Kocaeli Milletvekili ve \u0130nsan Haklar\u0131n\u0131 \u0130nceleme Komisyonu \u00dcyesi \u00d6mer Faruk Gergerlio\u011flu\u2019nun g\u00fcndeme getirdi\u011fi \u00e7\u0131plak arama iddialar\u0131 tart\u0131\u015f\u0131l\u0131yor. Ak Parti Grup Ba\u015fkanvekili \u00d6zlem Zengin\u2019in\u00a0euronews\u2019e verdi\u011fi bir s\u00f6yle\u015fide \u00e7\u0131plak arama iddialar\u0131n\u0131 kabul etmeyince, bu muameleye maruz kald\u0131\u011f\u0131n\u0131 iddia eden kad\u0131nlar\u0131n tepkileri daha da b\u00fcy\u00fcd\u00fc. Ma\u011fdur olduklar\u0131n\u0131 s\u00f6yleyen kad\u0131nlar euronews\u2019e g\u00f6nderdikleri videolarda ya\u015fad\u0131klar\u0131n\u0131 anlatt\u0131. 62 ya\u015f\u0131nda bir [&hellip;]","og_url":"https:\/\/akunq.net\/tr\/?p=60691","og_site_name":"Bati Ermenistan Ve Bati Ermenileri Sorunlari Ara\u015ftirmalar Merkezi","article_published_time":"2020-12-22T07:38:18+00:00","og_image":[{"width":318,"height":159,"url":"https:\/\/akunq.net\/tr\/wp-content\/uploads\/sites\/6\/2020\/12\/\u00c7\u0131plak-aramaya-maruz-kalanlar.jpg","type":"image\/jpeg"}],"author":"admin","twitter_card":"summary_large_image","twitter_misc":{"Written by":"admin","Est. reading time":"9 minutes"},"schema":{"@context":"https:\/\/schema.org","@graph":[{"@type":"Article","@id":"https:\/\/akunq.net\/tr\/?p=60691#article","isPartOf":{"@id":"https:\/\/akunq.net\/tr\/?p=60691"},"author":{"name":"admin","@id":"https:\/\/akunq.net\/tr\/#\/schema\/person\/096f1d38a12cce57fb855b485ed24c9e"},"headline":"\u00c7\u0131plak aramaya maruz kalanlar euronews&#8217;e konu\u015ftu: &#8216;Her g\u00f6r\u00fc\u015fte k\u0131z\u0131m\u0131n bezine kadar arand\u0131k&#8217;","datePublished":"2020-12-22T07:38:18+00:00","mainEntityOfPage":{"@id":"https:\/\/akunq.net\/tr\/?p=60691"},"wordCount":1854,"commentCount":0,"image":{"@id":"https:\/\/akunq.net\/tr\/?p=60691#primaryimage"},"thumbnailUrl":"https:\/\/akunq.net\/tr\/wp-content\/uploads\/sites\/6\/2020\/12\/\u00c7\u0131plak-aramaya-maruz-kalanlar.jpg","articleSection":["Haberler"],"inLanguage":"en-US","potentialAction":[{"@type":"CommentAction","name":"Comment","target":["https:\/\/akunq.net\/tr\/?p=60691#respond"]}]},{"@type":"WebPage","@id":"https:\/\/akunq.net\/tr\/?p=60691","url":"https:\/\/akunq.net\/tr\/?p=60691","name":"\u00c7\u0131plak aramaya maruz kalanlar euronews'e konu\u015ftu: 'Her g\u00f6r\u00fc\u015fte k\u0131z\u0131m\u0131n bezine kadar arand\u0131k' - Bati Ermenistan Ve Bati Ermenileri Sorunlari Ara\u015ftirmalar Merkezi","isPartOf":{"@id":"https:\/\/akunq.net\/tr\/#website"},"primaryImageOfPage":{"@id":"https:\/\/akunq.net\/tr\/?p=60691#primaryimage"},"image":{"@id":"https:\/\/akunq.net\/tr\/?p=60691#primaryimage"},"thumbnailUrl":"https:\/\/akunq.net\/tr\/wp-content\/uploads\/sites\/6\/2020\/12\/\u00c7\u0131plak-aramaya-maruz-kalanlar.jpg","datePublished":"2020-12-22T07:38:18+00:00","author":{"@id":"https:\/\/akunq.net\/tr\/#\/schema\/person\/096f1d38a12cce57fb855b485ed24c9e"},"breadcrumb":{"@id":"https:\/\/akunq.net\/tr\/?p=60691#breadcrumb"},"inLanguage":"en-US","potentialAction":[{"@type":"ReadAction","target":["https:\/\/akunq.net\/tr\/?p=60691"]}]},{"@type":"ImageObject","inLanguage":"en-US","@id":"https:\/\/akunq.net\/tr\/?p=60691#primaryimage","url":"https:\/\/akunq.net\/tr\/wp-content\/uploads\/sites\/6\/2020\/12\/\u00c7\u0131plak-aramaya-maruz-kalanlar.jpg","contentUrl":"https:\/\/akunq.net\/tr\/wp-content\/uploads\/sites\/6\/2020\/12\/\u00c7\u0131plak-aramaya-maruz-kalanlar.jpg","width":318,"height":159},{"@type":"BreadcrumbList","@id":"https:\/\/akunq.net\/tr\/?p=60691#breadcrumb","itemListElement":[{"@type":"ListItem","position":1,"name":"Home","item":"https:\/\/akunq.net\/tr"},{"@type":"ListItem","position":2,"name":"\u00c7\u0131plak aramaya maruz kalanlar euronews&#8217;e konu\u015ftu: &#8216;Her g\u00f6r\u00fc\u015fte k\u0131z\u0131m\u0131n bezine kadar arand\u0131k&#8217;"}]},{"@type":"WebSite","@id":"https:\/\/akunq.net\/tr\/#website","url":"https:\/\/akunq.net\/tr\/","name":"Bati Ermenistan Ve Bati Ermenileri Sorunlari Ara\u015ftirmalar Merkezi","description":"","potentialAction":[{"@type":"SearchAction","target":{"@type":"EntryPoint","urlTemplate":"https:\/\/akunq.net\/tr\/?s={search_term_string}"},"query-input":{"@type":"PropertyValueSpecification","valueRequired":true,"valueName":"search_term_string"}}],"inLanguage":"en-US"},{"@type":"Person","@id":"https:\/\/akunq.net\/tr\/#\/schema\/person\/096f1d38a12cce57fb855b485ed24c9e","name":"admin","url":"https:\/\/akunq.net\/tr\/?author=7"}]}},"_links":{"self":[{"href":"https:\/\/akunq.net\/tr\/index.php?rest_route=\/wp\/v2\/posts\/60691","targetHints":{"allow":["GET"]}}],"collection":[{"href":"https:\/\/akunq.net\/tr\/index.php?rest_route=\/wp\/v2\/posts"}],"about":[{"href":"https:\/\/akunq.net\/tr\/index.php?rest_route=\/wp\/v2\/types\/post"}],"author":[{"embeddable":true,"href":"https:\/\/akunq.net\/tr\/index.php?rest_route=\/wp\/v2\/users\/7"}],"replies":[{"embeddable":true,"href":"https:\/\/akunq.net\/tr\/index.php?rest_route=%2Fwp%2Fv2%2Fcomments&post=60691"}],"version-history":[{"count":1,"href":"https:\/\/akunq.net\/tr\/index.php?rest_route=\/wp\/v2\/posts\/60691\/revisions"}],"predecessor-version":[{"id":60693,"href":"https:\/\/akunq.net\/tr\/index.php?rest_route=\/wp\/v2\/posts\/60691\/revisions\/60693"}],"wp:featuredmedia":[{"embeddable":true,"href":"https:\/\/akunq.net\/tr\/index.php?rest_route=\/wp\/v2\/media\/60692"}],"wp:attachment":[{"href":"https:\/\/akunq.net\/tr\/index.php?rest_route=%2Fwp%2Fv2%2Fmedia&parent=60691"}],"wp:term":[{"taxonomy":"category","embeddable":true,"href":"https:\/\/akunq.net\/tr\/index.php?rest_route=%2Fwp%2Fv2%2Fcategories&post=60691"},{"taxonomy":"post_tag","embeddable":true,"href":"https:\/\/akunq.net\/tr\/index.php?rest_route=%2Fwp%2Fv2%2Ftags&post=60691"}],"curies":[{"name":"wp","href":"https:\/\/api.w.org\/{rel}","templated":true}]}}