{"id":60659,"date":"2020-12-18T05:57:10","date_gmt":"2020-12-18T10:57:10","guid":{"rendered":"https:\/\/akunq.net\/tr\/?p=60659"},"modified":"2020-12-18T05:57:10","modified_gmt":"2020-12-18T10:57:10","slug":"fransanin-montpellier-sehir-konseyi-karabag-ermenilerine-destek-tasarisi-kabul-etti","status":"publish","type":"post","link":"https:\/\/akunq.net\/tr\/?p=60659","title":{"rendered":"Fransa\u2019n\u0131n Montpellier \u015eehir konseyi Karaba\u011f Ermenilerine destek tasar\u0131s\u0131 kabul etti"},"content":{"rendered":"<p><img loading=\"lazy\" decoding=\"async\" class=\"aligncenter size-medium wp-image-60660\" src=\"https:\/\/akunq.net\/tr\/wp-content\/uploads\/2020\/12\/Montpellier-360x238.jpg\" alt=\"\" width=\"360\" height=\"238\" srcset=\"https:\/\/akunq.net\/tr\/wp-content\/uploads\/sites\/6\/2020\/12\/Montpellier-360x238.jpg 360w, https:\/\/akunq.net\/tr\/wp-content\/uploads\/sites\/6\/2020\/12\/Montpellier-260x172.jpg 260w, https:\/\/akunq.net\/tr\/wp-content\/uploads\/sites\/6\/2020\/12\/Montpellier-160x106.jpg 160w, https:\/\/akunq.net\/tr\/wp-content\/uploads\/sites\/6\/2020\/12\/Montpellier.jpg 550w\" sizes=\"auto, (max-width: 360px) 100vw, 360px\" \/><\/p>\n<p><em><strong>Ermenistan D\u0131\u015fi\u015fleri Bakanl\u0131\u011f\u0131\u2019ndan aktar\u0131lan bilgilere g\u00f6re Fransa\u2019n\u0131n Montpellier \u015fehir konseyi Artsakh (Karaba\u011f) Ermenilerine dayan\u0131\u015fma ve destek ifadesi olarak bir tasar\u0131 onaylad\u0131.<\/strong><\/em><\/p>\n<p>Bu tasar\u0131yla Montpellier \u015fehri kendi evlerini terk etme zorunda kalan ve b\u00fcy\u00fck ac\u0131 ya\u015fayan Karaba\u011f Ermenilerine dostlu\u011funu ve deste\u011fini ifade ediyor.<\/p>\n<p>Tasar\u0131 ayn\u0131 zamanda Fransa H\u00fck\u00fcmetine bu insanlar\u0131n \u00e7ektikleri eziyetler daha da artmas\u0131n diye diplomatik ve h\u00fcmaniter ad\u0131mlar atmaya davet ediyor.<\/p>\n<p>Son olarak Fransa H\u00fck\u00fcmeti\u2019nden Artsakh Cumhuriyeti\u2019nin (Karaba\u011f) ba\u011f\u0131ms\u0131zl\u0131\u011f\u0131n\u0131n tan\u0131nmas\u0131 talep ediliyor ve bu vesileyle Avrupa Bakan\u0131na, D\u0131\u015fi\u015fleri Bakan\u0131na mektup g\u00f6nderilmesi i\u00e7in Belediye Ba\u015fkan\u0131ndan izin isteniyor.<\/p>\n<p><em><strong>https:\/\/www.ermenihaber.am\/tr\/news\/2020\/12\/17\/Fransa-Karaba%C4%9F-Ermeni\/199579\u00a0<\/strong><\/em><\/p>\n","protected":false},"excerpt":{"rendered":"<p>Ermenistan D\u0131\u015fi\u015fleri Bakanl\u0131\u011f\u0131\u2019ndan aktar\u0131lan bilgilere g\u00f6re Fransa\u2019n\u0131n Montpellier \u015fehir konseyi Artsakh (Karaba\u011f) Ermenilerine dayan\u0131\u015fma ve destek ifadesi olarak bir tasar\u0131 onaylad\u0131. Bu tasar\u0131yla Montpellier \u015fehri kendi evlerini terk etme zorunda kalan ve b\u00fcy\u00fck ac\u0131 ya\u015fayan Karaba\u011f Ermenilerine dostlu\u011funu ve deste\u011fini ifade ediyor. Tasar\u0131 ayn\u0131 zamanda Fransa H\u00fck\u00fcmetine bu insanlar\u0131n \u00e7ektikleri eziyetler daha da artmas\u0131n diye [&hellip;]<\/p>\n","protected":false},"author":7,"featured_media":60660,"comment_status":"open","ping_status":"open","sticky":false,"template":"","format":"standard","meta":{"footnotes":""},"categories":[1],"tags":[],"class_list":["post-60659","post","type-post","status-publish","format-standard","has-post-thumbnail","hentry","category-haberler"],"yoast_head":"<!-- This site is optimized with the Yoast SEO plugin v27.4 - https:\/\/yoast.com\/product\/yoast-seo-wordpress\/ -->\n<title>Fransa\u2019n\u0131n Montpellier \u015eehir konseyi Karaba\u011f Ermenilerine destek tasar\u0131s\u0131 kabul etti - Bati Ermenistan Ve Bati Ermenileri Sorunlari Ara\u015ftirmalar Merkezi<\/title>\n<meta name=\"robots\" content=\"index, follow, max-snippet:-1, max-image-preview:large, max-video-preview:-1\" \/>\n<link rel=\"canonical\" href=\"https:\/\/akunq.net\/tr\/?p=60659\" \/>\n<meta property=\"og:locale\" content=\"en_US\" \/>\n<meta property=\"og:type\" content=\"article\" \/>\n<meta property=\"og:title\" content=\"Fransa\u2019n\u0131n Montpellier \u015eehir konseyi Karaba\u011f Ermenilerine destek tasar\u0131s\u0131 kabul etti - Bati Ermenistan Ve Bati Ermenileri Sorunlari Ara\u015ftirmalar Merkezi\" \/>\n<meta property=\"og:description\" content=\"Ermenistan D\u0131\u015fi\u015fleri Bakanl\u0131\u011f\u0131\u2019ndan aktar\u0131lan bilgilere g\u00f6re Fransa\u2019n\u0131n Montpellier \u015fehir konseyi Artsakh (Karaba\u011f) Ermenilerine dayan\u0131\u015fma ve destek ifadesi olarak bir tasar\u0131 onaylad\u0131. Bu tasar\u0131yla Montpellier \u015fehri kendi evlerini terk etme zorunda kalan ve b\u00fcy\u00fck ac\u0131 ya\u015fayan Karaba\u011f Ermenilerine dostlu\u011funu ve deste\u011fini ifade ediyor. Tasar\u0131 ayn\u0131 zamanda Fransa H\u00fck\u00fcmetine bu insanlar\u0131n \u00e7ektikleri eziyetler daha da artmas\u0131n diye [&hellip;]\" \/>\n<meta property=\"og:url\" content=\"https:\/\/akunq.net\/tr\/?p=60659\" \/>\n<meta property=\"og:site_name\" content=\"Bati Ermenistan Ve Bati Ermenileri Sorunlari Ara\u015ftirmalar Merkezi\" \/>\n<meta property=\"article:published_time\" content=\"2020-12-18T10:57:10+00:00\" \/>\n<meta property=\"og:image\" content=\"https:\/\/akunq.net\/tr\/wp-content\/uploads\/sites\/6\/2020\/12\/Montpellier.jpg\" \/>\n\t<meta property=\"og:image:width\" content=\"550\" \/>\n\t<meta property=\"og:image:height\" content=\"364\" \/>\n\t<meta property=\"og:image:type\" content=\"image\/jpeg\" \/>\n<meta name=\"author\" content=\"admin\" \/>\n<meta name=\"twitter:card\" content=\"summary_large_image\" \/>\n<meta name=\"twitter:label1\" content=\"Written by\" \/>\n\t<meta name=\"twitter:data1\" content=\"admin\" \/>\n\t<meta name=\"twitter:label2\" content=\"Est. reading time\" \/>\n\t<meta name=\"twitter:data2\" content=\"1 minute\" \/>\n<script type=\"application\/ld+json\" class=\"yoast-schema-graph\">{\"@context\":\"https:\\\/\\\/schema.org\",\"@graph\":[{\"@type\":\"Article\",\"@id\":\"https:\\\/\\\/akunq.net\\\/tr\\\/?p=60659#article\",\"isPartOf\":{\"@id\":\"https:\\\/\\\/akunq.net\\\/tr\\\/?p=60659\"},\"author\":{\"name\":\"admin\",\"@id\":\"https:\\\/\\\/akunq.net\\\/tr\\\/#\\\/schema\\\/person\\\/096f1d38a12cce57fb855b485ed24c9e\"},\"headline\":\"Fransa\u2019n\u0131n Montpellier \u015eehir konseyi Karaba\u011f Ermenilerine destek tasar\u0131s\u0131 kabul etti\",\"datePublished\":\"2020-12-18T10:57:10+00:00\",\"mainEntityOfPage\":{\"@id\":\"https:\\\/\\\/akunq.net\\\/tr\\\/?p=60659\"},\"wordCount\":146,\"commentCount\":0,\"image\":{\"@id\":\"https:\\\/\\\/akunq.net\\\/tr\\\/?p=60659#primaryimage\"},\"thumbnailUrl\":\"https:\\\/\\\/akunq.net\\\/tr\\\/wp-content\\\/uploads\\\/sites\\\/6\\\/2020\\\/12\\\/Montpellier.jpg\",\"articleSection\":[\"Haberler\"],\"inLanguage\":\"en-US\",\"potentialAction\":[{\"@type\":\"CommentAction\",\"name\":\"Comment\",\"target\":[\"https:\\\/\\\/akunq.net\\\/tr\\\/?p=60659#respond\"]}]},{\"@type\":\"WebPage\",\"@id\":\"https:\\\/\\\/akunq.net\\\/tr\\\/?p=60659\",\"url\":\"https:\\\/\\\/akunq.net\\\/tr\\\/?p=60659\",\"name\":\"Fransa\u2019n\u0131n Montpellier \u015eehir konseyi Karaba\u011f Ermenilerine destek tasar\u0131s\u0131 kabul etti - Bati Ermenistan Ve Bati Ermenileri Sorunlari Ara\u015ftirmalar Merkezi\",\"isPartOf\":{\"@id\":\"https:\\\/\\\/akunq.net\\\/tr\\\/#website\"},\"primaryImageOfPage\":{\"@id\":\"https:\\\/\\\/akunq.net\\\/tr\\\/?p=60659#primaryimage\"},\"image\":{\"@id\":\"https:\\\/\\\/akunq.net\\\/tr\\\/?p=60659#primaryimage\"},\"thumbnailUrl\":\"https:\\\/\\\/akunq.net\\\/tr\\\/wp-content\\\/uploads\\\/sites\\\/6\\\/2020\\\/12\\\/Montpellier.jpg\",\"datePublished\":\"2020-12-18T10:57:10+00:00\",\"author\":{\"@id\":\"https:\\\/\\\/akunq.net\\\/tr\\\/#\\\/schema\\\/person\\\/096f1d38a12cce57fb855b485ed24c9e\"},\"breadcrumb\":{\"@id\":\"https:\\\/\\\/akunq.net\\\/tr\\\/?p=60659#breadcrumb\"},\"inLanguage\":\"en-US\",\"potentialAction\":[{\"@type\":\"ReadAction\",\"target\":[\"https:\\\/\\\/akunq.net\\\/tr\\\/?p=60659\"]}]},{\"@type\":\"ImageObject\",\"inLanguage\":\"en-US\",\"@id\":\"https:\\\/\\\/akunq.net\\\/tr\\\/?p=60659#primaryimage\",\"url\":\"https:\\\/\\\/akunq.net\\\/tr\\\/wp-content\\\/uploads\\\/sites\\\/6\\\/2020\\\/12\\\/Montpellier.jpg\",\"contentUrl\":\"https:\\\/\\\/akunq.net\\\/tr\\\/wp-content\\\/uploads\\\/sites\\\/6\\\/2020\\\/12\\\/Montpellier.jpg\",\"width\":550,\"height\":364},{\"@type\":\"BreadcrumbList\",\"@id\":\"https:\\\/\\\/akunq.net\\\/tr\\\/?p=60659#breadcrumb\",\"itemListElement\":[{\"@type\":\"ListItem\",\"position\":1,\"name\":\"Home\",\"item\":\"https:\\\/\\\/akunq.net\\\/tr\"},{\"@type\":\"ListItem\",\"position\":2,\"name\":\"Fransa\u2019n\u0131n Montpellier \u015eehir konseyi Karaba\u011f Ermenilerine destek tasar\u0131s\u0131 kabul etti\"}]},{\"@type\":\"WebSite\",\"@id\":\"https:\\\/\\\/akunq.net\\\/tr\\\/#website\",\"url\":\"https:\\\/\\\/akunq.net\\\/tr\\\/\",\"name\":\"Bati Ermenistan Ve Bati Ermenileri Sorunlari Ara\u015ftirmalar Merkezi\",\"description\":\"\",\"potentialAction\":[{\"@type\":\"SearchAction\",\"target\":{\"@type\":\"EntryPoint\",\"urlTemplate\":\"https:\\\/\\\/akunq.net\\\/tr\\\/?s={search_term_string}\"},\"query-input\":{\"@type\":\"PropertyValueSpecification\",\"valueRequired\":true,\"valueName\":\"search_term_string\"}}],\"inLanguage\":\"en-US\"},{\"@type\":\"Person\",\"@id\":\"https:\\\/\\\/akunq.net\\\/tr\\\/#\\\/schema\\\/person\\\/096f1d38a12cce57fb855b485ed24c9e\",\"name\":\"admin\",\"url\":\"https:\\\/\\\/akunq.net\\\/tr\\\/?author=7\"}]}<\/script>\n<!-- \/ Yoast SEO plugin. -->","yoast_head_json":{"title":"Fransa\u2019n\u0131n Montpellier \u015eehir konseyi Karaba\u011f Ermenilerine destek tasar\u0131s\u0131 kabul etti - Bati Ermenistan Ve Bati Ermenileri Sorunlari Ara\u015ftirmalar Merkezi","robots":{"index":"index","follow":"follow","max-snippet":"max-snippet:-1","max-image-preview":"max-image-preview:large","max-video-preview":"max-video-preview:-1"},"canonical":"https:\/\/akunq.net\/tr\/?p=60659","og_locale":"en_US","og_type":"article","og_title":"Fransa\u2019n\u0131n Montpellier \u015eehir konseyi Karaba\u011f Ermenilerine destek tasar\u0131s\u0131 kabul etti - Bati Ermenistan Ve Bati Ermenileri Sorunlari Ara\u015ftirmalar Merkezi","og_description":"Ermenistan D\u0131\u015fi\u015fleri Bakanl\u0131\u011f\u0131\u2019ndan aktar\u0131lan bilgilere g\u00f6re Fransa\u2019n\u0131n Montpellier \u015fehir konseyi Artsakh (Karaba\u011f) Ermenilerine dayan\u0131\u015fma ve destek ifadesi olarak bir tasar\u0131 onaylad\u0131. Bu tasar\u0131yla Montpellier \u015fehri kendi evlerini terk etme zorunda kalan ve b\u00fcy\u00fck ac\u0131 ya\u015fayan Karaba\u011f Ermenilerine dostlu\u011funu ve deste\u011fini ifade ediyor. Tasar\u0131 ayn\u0131 zamanda Fransa H\u00fck\u00fcmetine bu insanlar\u0131n \u00e7ektikleri eziyetler daha da artmas\u0131n diye [&hellip;]","og_url":"https:\/\/akunq.net\/tr\/?p=60659","og_site_name":"Bati Ermenistan Ve Bati Ermenileri Sorunlari Ara\u015ftirmalar Merkezi","article_published_time":"2020-12-18T10:57:10+00:00","og_image":[{"width":550,"height":364,"url":"https:\/\/akunq.net\/tr\/wp-content\/uploads\/sites\/6\/2020\/12\/Montpellier.jpg","type":"image\/jpeg"}],"author":"admin","twitter_card":"summary_large_image","twitter_misc":{"Written by":"admin","Est. reading time":"1 minute"},"schema":{"@context":"https:\/\/schema.org","@graph":[{"@type":"Article","@id":"https:\/\/akunq.net\/tr\/?p=60659#article","isPartOf":{"@id":"https:\/\/akunq.net\/tr\/?p=60659"},"author":{"name":"admin","@id":"https:\/\/akunq.net\/tr\/#\/schema\/person\/096f1d38a12cce57fb855b485ed24c9e"},"headline":"Fransa\u2019n\u0131n Montpellier \u015eehir konseyi Karaba\u011f Ermenilerine destek tasar\u0131s\u0131 kabul etti","datePublished":"2020-12-18T10:57:10+00:00","mainEntityOfPage":{"@id":"https:\/\/akunq.net\/tr\/?p=60659"},"wordCount":146,"commentCount":0,"image":{"@id":"https:\/\/akunq.net\/tr\/?p=60659#primaryimage"},"thumbnailUrl":"https:\/\/akunq.net\/tr\/wp-content\/uploads\/sites\/6\/2020\/12\/Montpellier.jpg","articleSection":["Haberler"],"inLanguage":"en-US","potentialAction":[{"@type":"CommentAction","name":"Comment","target":["https:\/\/akunq.net\/tr\/?p=60659#respond"]}]},{"@type":"WebPage","@id":"https:\/\/akunq.net\/tr\/?p=60659","url":"https:\/\/akunq.net\/tr\/?p=60659","name":"Fransa\u2019n\u0131n Montpellier \u015eehir konseyi Karaba\u011f Ermenilerine destek tasar\u0131s\u0131 kabul etti - Bati Ermenistan Ve Bati Ermenileri Sorunlari Ara\u015ftirmalar Merkezi","isPartOf":{"@id":"https:\/\/akunq.net\/tr\/#website"},"primaryImageOfPage":{"@id":"https:\/\/akunq.net\/tr\/?p=60659#primaryimage"},"image":{"@id":"https:\/\/akunq.net\/tr\/?p=60659#primaryimage"},"thumbnailUrl":"https:\/\/akunq.net\/tr\/wp-content\/uploads\/sites\/6\/2020\/12\/Montpellier.jpg","datePublished":"2020-12-18T10:57:10+00:00","author":{"@id":"https:\/\/akunq.net\/tr\/#\/schema\/person\/096f1d38a12cce57fb855b485ed24c9e"},"breadcrumb":{"@id":"https:\/\/akunq.net\/tr\/?p=60659#breadcrumb"},"inLanguage":"en-US","potentialAction":[{"@type":"ReadAction","target":["https:\/\/akunq.net\/tr\/?p=60659"]}]},{"@type":"ImageObject","inLanguage":"en-US","@id":"https:\/\/akunq.net\/tr\/?p=60659#primaryimage","url":"https:\/\/akunq.net\/tr\/wp-content\/uploads\/sites\/6\/2020\/12\/Montpellier.jpg","contentUrl":"https:\/\/akunq.net\/tr\/wp-content\/uploads\/sites\/6\/2020\/12\/Montpellier.jpg","width":550,"height":364},{"@type":"BreadcrumbList","@id":"https:\/\/akunq.net\/tr\/?p=60659#breadcrumb","itemListElement":[{"@type":"ListItem","position":1,"name":"Home","item":"https:\/\/akunq.net\/tr"},{"@type":"ListItem","position":2,"name":"Fransa\u2019n\u0131n Montpellier \u015eehir konseyi Karaba\u011f Ermenilerine destek tasar\u0131s\u0131 kabul etti"}]},{"@type":"WebSite","@id":"https:\/\/akunq.net\/tr\/#website","url":"https:\/\/akunq.net\/tr\/","name":"Bati Ermenistan Ve Bati Ermenileri Sorunlari Ara\u015ftirmalar Merkezi","description":"","potentialAction":[{"@type":"SearchAction","target":{"@type":"EntryPoint","urlTemplate":"https:\/\/akunq.net\/tr\/?s={search_term_string}"},"query-input":{"@type":"PropertyValueSpecification","valueRequired":true,"valueName":"search_term_string"}}],"inLanguage":"en-US"},{"@type":"Person","@id":"https:\/\/akunq.net\/tr\/#\/schema\/person\/096f1d38a12cce57fb855b485ed24c9e","name":"admin","url":"https:\/\/akunq.net\/tr\/?author=7"}]}},"_links":{"self":[{"href":"https:\/\/akunq.net\/tr\/index.php?rest_route=\/wp\/v2\/posts\/60659","targetHints":{"allow":["GET"]}}],"collection":[{"href":"https:\/\/akunq.net\/tr\/index.php?rest_route=\/wp\/v2\/posts"}],"about":[{"href":"https:\/\/akunq.net\/tr\/index.php?rest_route=\/wp\/v2\/types\/post"}],"author":[{"embeddable":true,"href":"https:\/\/akunq.net\/tr\/index.php?rest_route=\/wp\/v2\/users\/7"}],"replies":[{"embeddable":true,"href":"https:\/\/akunq.net\/tr\/index.php?rest_route=%2Fwp%2Fv2%2Fcomments&post=60659"}],"version-history":[{"count":1,"href":"https:\/\/akunq.net\/tr\/index.php?rest_route=\/wp\/v2\/posts\/60659\/revisions"}],"predecessor-version":[{"id":60661,"href":"https:\/\/akunq.net\/tr\/index.php?rest_route=\/wp\/v2\/posts\/60659\/revisions\/60661"}],"wp:featuredmedia":[{"embeddable":true,"href":"https:\/\/akunq.net\/tr\/index.php?rest_route=\/wp\/v2\/media\/60660"}],"wp:attachment":[{"href":"https:\/\/akunq.net\/tr\/index.php?rest_route=%2Fwp%2Fv2%2Fmedia&parent=60659"}],"wp:term":[{"taxonomy":"category","embeddable":true,"href":"https:\/\/akunq.net\/tr\/index.php?rest_route=%2Fwp%2Fv2%2Fcategories&post=60659"},{"taxonomy":"post_tag","embeddable":true,"href":"https:\/\/akunq.net\/tr\/index.php?rest_route=%2Fwp%2Fv2%2Ftags&post=60659"}],"curies":[{"name":"wp","href":"https:\/\/api.w.org\/{rel}","templated":true}]}}