{"id":60656,"date":"2020-12-18T05:39:53","date_gmt":"2020-12-18T10:39:53","guid":{"rendered":"https:\/\/akunq.net\/tr\/?p=60656"},"modified":"2020-12-18T05:39:53","modified_gmt":"2020-12-18T10:39:53","slug":"2-bin-yillik-herkulu-delik-desik-ettiler-asasini-caldilar","status":"publish","type":"post","link":"https:\/\/akunq.net\/tr\/?p=60656","title":{"rendered":"2 bin y\u0131ll\u0131k Herk\u00fcl\u2019\u00fc delik de\u015fik ettiler, asas\u0131n\u0131 \u00e7ald\u0131lar"},"content":{"rendered":"<p><img loading=\"lazy\" decoding=\"async\" class=\"aligncenter size-medium wp-image-60657\" src=\"https:\/\/akunq.net\/tr\/wp-content\/uploads\/2020\/12\/2-bin-y\u0131ll\u0131k-Herk\u00fcl-360x213.jpg\" alt=\"\" width=\"360\" height=\"213\" srcset=\"https:\/\/akunq.net\/tr\/wp-content\/uploads\/sites\/6\/2020\/12\/2-bin-y\u0131ll\u0131k-Herk\u00fcl-360x213.jpg 360w, https:\/\/akunq.net\/tr\/wp-content\/uploads\/sites\/6\/2020\/12\/2-bin-y\u0131ll\u0131k-Herk\u00fcl-560x332.jpg 560w, https:\/\/akunq.net\/tr\/wp-content\/uploads\/sites\/6\/2020\/12\/2-bin-y\u0131ll\u0131k-Herk\u00fcl-260x154.jpg 260w, https:\/\/akunq.net\/tr\/wp-content\/uploads\/sites\/6\/2020\/12\/2-bin-y\u0131ll\u0131k-Herk\u00fcl-160x95.jpg 160w, https:\/\/akunq.net\/tr\/wp-content\/uploads\/sites\/6\/2020\/12\/2-bin-y\u0131ll\u0131k-Herk\u00fcl.jpg 760w\" sizes=\"auto, (max-width: 360px) 100vw, 360px\" \/><\/p>\n<p><em><strong>\u0130znik\u2019in Hisardere k\u00f6y\u00fc yolu \u00fczerindeki Delikta\u015f Mevkisi\u2019nde 1800 y\u0131l \u00f6nce ta\u015f oca\u011f\u0131nda \u00e7al\u0131\u015fan i\u015f\u00e7ilerin hem korunmas\u0131 hem de dini ibadetlerini yapabilmesi i\u00e7in kaya \u00fczerine i\u015flenen Herk\u00fcl kabartmas\u0131, kimli\u011fi belirsiz ki\u015filerce tahrip edilmi\u015f, kaya \u00fczerine kabartma olarak i\u015flenen heykelin sa\u011f elindeki g\u00fcc\u00fcn\u00fc temsil etti\u011fine inan\u0131lan asa yok olmu\u015ftu.<\/strong><\/em><\/p>\n<p>G\u00fcnden g\u00fcne yok olma a\u015famas\u0131na gelen Herk\u00fcl kabartmas\u0131 yine definecilerin hedefi haline geldi. Y\u00fcz k\u0131sm\u0131n\u0131n yar\u0131s\u0131 yok edildi ve \u00fczerine delik a\u00e7\u0131ld\u0131. Ayr\u0131ca, Herk\u00fcl kabartmas\u0131n\u0131n oldu\u011fu eski ta\u015f oca\u011f\u0131 alan\u0131 daha \u00f6nce d\u00f6k\u00fclen zeytin \u00e7ora\u011f\u0131 ile batakl\u0131\u011fa d\u00f6n\u00fc\u015ft\u00fc.<\/p>\n<p><strong>SORU\u015eTURMA S\u00dcR\u00dcYOR<\/strong><\/p>\n<p>\u0130znik \u0130l\u00e7e jandarma Komutanl\u0131\u011f\u0131na ba\u011fl\u0131 ekipler bug\u00fcn Herk\u00fcl\u2019\u00fcn bulundu\u011fu alana giderek incelemede bulundular. Olayla ilgili soru\u015fturma devam ediyor.<\/p>\n<hr \/>\n<p><em><strong><a href=\"https:\/\/www.cumhuriyet.com.tr\/haber\/2-bin-yillik-herkulu-delik-desik-ettiler-asasini-caldilar-1799607\" target=\"_blank\" rel=\"noopener noreferrer\">Cumhuriyet Gazetesi<\/a><\/strong><\/em><\/p>\n","protected":false},"excerpt":{"rendered":"<p>\u0130znik\u2019in Hisardere k\u00f6y\u00fc yolu \u00fczerindeki Delikta\u015f Mevkisi\u2019nde 1800 y\u0131l \u00f6nce ta\u015f oca\u011f\u0131nda \u00e7al\u0131\u015fan i\u015f\u00e7ilerin hem korunmas\u0131 hem de dini ibadetlerini yapabilmesi i\u00e7in kaya \u00fczerine i\u015flenen Herk\u00fcl kabartmas\u0131, kimli\u011fi belirsiz ki\u015filerce tahrip edilmi\u015f, kaya \u00fczerine kabartma olarak i\u015flenen heykelin sa\u011f elindeki g\u00fcc\u00fcn\u00fc temsil etti\u011fine inan\u0131lan asa yok olmu\u015ftu. G\u00fcnden g\u00fcne yok olma a\u015famas\u0131na gelen Herk\u00fcl kabartmas\u0131 [&hellip;]<\/p>\n","protected":false},"author":7,"featured_media":60657,"comment_status":"open","ping_status":"open","sticky":false,"template":"","format":"standard","meta":{"footnotes":""},"categories":[1],"tags":[],"class_list":["post-60656","post","type-post","status-publish","format-standard","has-post-thumbnail","hentry","category-haberler"],"yoast_head":"<!-- This site is optimized with the Yoast SEO plugin v27.4 - https:\/\/yoast.com\/product\/yoast-seo-wordpress\/ -->\n<title>2 bin y\u0131ll\u0131k Herk\u00fcl\u2019\u00fc delik de\u015fik ettiler, asas\u0131n\u0131 \u00e7ald\u0131lar - Bati Ermenistan Ve Bati Ermenileri Sorunlari Ara\u015ftirmalar Merkezi<\/title>\n<meta name=\"robots\" content=\"index, follow, max-snippet:-1, max-image-preview:large, max-video-preview:-1\" \/>\n<link rel=\"canonical\" href=\"https:\/\/akunq.net\/tr\/?p=60656\" \/>\n<meta property=\"og:locale\" content=\"en_US\" \/>\n<meta property=\"og:type\" content=\"article\" \/>\n<meta property=\"og:title\" content=\"2 bin y\u0131ll\u0131k Herk\u00fcl\u2019\u00fc delik de\u015fik ettiler, asas\u0131n\u0131 \u00e7ald\u0131lar - Bati Ermenistan Ve Bati Ermenileri Sorunlari Ara\u015ftirmalar Merkezi\" \/>\n<meta property=\"og:description\" content=\"\u0130znik\u2019in Hisardere k\u00f6y\u00fc yolu \u00fczerindeki Delikta\u015f Mevkisi\u2019nde 1800 y\u0131l \u00f6nce ta\u015f oca\u011f\u0131nda \u00e7al\u0131\u015fan i\u015f\u00e7ilerin hem korunmas\u0131 hem de dini ibadetlerini yapabilmesi i\u00e7in kaya \u00fczerine i\u015flenen Herk\u00fcl kabartmas\u0131, kimli\u011fi belirsiz ki\u015filerce tahrip edilmi\u015f, kaya \u00fczerine kabartma olarak i\u015flenen heykelin sa\u011f elindeki g\u00fcc\u00fcn\u00fc temsil etti\u011fine inan\u0131lan asa yok olmu\u015ftu. G\u00fcnden g\u00fcne yok olma a\u015famas\u0131na gelen Herk\u00fcl kabartmas\u0131 [&hellip;]\" \/>\n<meta property=\"og:url\" content=\"https:\/\/akunq.net\/tr\/?p=60656\" \/>\n<meta property=\"og:site_name\" content=\"Bati Ermenistan Ve Bati Ermenileri Sorunlari Ara\u015ftirmalar Merkezi\" \/>\n<meta property=\"article:published_time\" content=\"2020-12-18T10:39:53+00:00\" \/>\n<meta property=\"og:image\" content=\"https:\/\/akunq.net\/tr\/wp-content\/uploads\/sites\/6\/2020\/12\/2-bin-y\u0131ll\u0131k-Herk\u00fcl.jpg\" \/>\n\t<meta property=\"og:image:width\" content=\"760\" \/>\n\t<meta property=\"og:image:height\" content=\"450\" \/>\n\t<meta property=\"og:image:type\" content=\"image\/jpeg\" \/>\n<meta name=\"author\" content=\"admin\" \/>\n<meta name=\"twitter:card\" content=\"summary_large_image\" \/>\n<meta name=\"twitter:label1\" content=\"Written by\" \/>\n\t<meta name=\"twitter:data1\" content=\"admin\" \/>\n\t<meta name=\"twitter:label2\" content=\"Est. reading time\" \/>\n\t<meta name=\"twitter:data2\" content=\"1 minute\" \/>\n<script type=\"application\/ld+json\" class=\"yoast-schema-graph\">{\"@context\":\"https:\\\/\\\/schema.org\",\"@graph\":[{\"@type\":\"Article\",\"@id\":\"https:\\\/\\\/akunq.net\\\/tr\\\/?p=60656#article\",\"isPartOf\":{\"@id\":\"https:\\\/\\\/akunq.net\\\/tr\\\/?p=60656\"},\"author\":{\"name\":\"admin\",\"@id\":\"https:\\\/\\\/akunq.net\\\/tr\\\/#\\\/schema\\\/person\\\/096f1d38a12cce57fb855b485ed24c9e\"},\"headline\":\"2 bin y\u0131ll\u0131k Herk\u00fcl\u2019\u00fc delik de\u015fik ettiler, asas\u0131n\u0131 \u00e7ald\u0131lar\",\"datePublished\":\"2020-12-18T10:39:53+00:00\",\"mainEntityOfPage\":{\"@id\":\"https:\\\/\\\/akunq.net\\\/tr\\\/?p=60656\"},\"wordCount\":170,\"commentCount\":0,\"image\":{\"@id\":\"https:\\\/\\\/akunq.net\\\/tr\\\/?p=60656#primaryimage\"},\"thumbnailUrl\":\"https:\\\/\\\/akunq.net\\\/tr\\\/wp-content\\\/uploads\\\/sites\\\/6\\\/2020\\\/12\\\/2-bin-y\u0131ll\u0131k-Herk\u00fcl.jpg\",\"articleSection\":[\"Haberler\"],\"inLanguage\":\"en-US\",\"potentialAction\":[{\"@type\":\"CommentAction\",\"name\":\"Comment\",\"target\":[\"https:\\\/\\\/akunq.net\\\/tr\\\/?p=60656#respond\"]}]},{\"@type\":\"WebPage\",\"@id\":\"https:\\\/\\\/akunq.net\\\/tr\\\/?p=60656\",\"url\":\"https:\\\/\\\/akunq.net\\\/tr\\\/?p=60656\",\"name\":\"2 bin y\u0131ll\u0131k Herk\u00fcl\u2019\u00fc delik de\u015fik ettiler, asas\u0131n\u0131 \u00e7ald\u0131lar - Bati Ermenistan Ve Bati Ermenileri Sorunlari Ara\u015ftirmalar Merkezi\",\"isPartOf\":{\"@id\":\"https:\\\/\\\/akunq.net\\\/tr\\\/#website\"},\"primaryImageOfPage\":{\"@id\":\"https:\\\/\\\/akunq.net\\\/tr\\\/?p=60656#primaryimage\"},\"image\":{\"@id\":\"https:\\\/\\\/akunq.net\\\/tr\\\/?p=60656#primaryimage\"},\"thumbnailUrl\":\"https:\\\/\\\/akunq.net\\\/tr\\\/wp-content\\\/uploads\\\/sites\\\/6\\\/2020\\\/12\\\/2-bin-y\u0131ll\u0131k-Herk\u00fcl.jpg\",\"datePublished\":\"2020-12-18T10:39:53+00:00\",\"author\":{\"@id\":\"https:\\\/\\\/akunq.net\\\/tr\\\/#\\\/schema\\\/person\\\/096f1d38a12cce57fb855b485ed24c9e\"},\"breadcrumb\":{\"@id\":\"https:\\\/\\\/akunq.net\\\/tr\\\/?p=60656#breadcrumb\"},\"inLanguage\":\"en-US\",\"potentialAction\":[{\"@type\":\"ReadAction\",\"target\":[\"https:\\\/\\\/akunq.net\\\/tr\\\/?p=60656\"]}]},{\"@type\":\"ImageObject\",\"inLanguage\":\"en-US\",\"@id\":\"https:\\\/\\\/akunq.net\\\/tr\\\/?p=60656#primaryimage\",\"url\":\"https:\\\/\\\/akunq.net\\\/tr\\\/wp-content\\\/uploads\\\/sites\\\/6\\\/2020\\\/12\\\/2-bin-y\u0131ll\u0131k-Herk\u00fcl.jpg\",\"contentUrl\":\"https:\\\/\\\/akunq.net\\\/tr\\\/wp-content\\\/uploads\\\/sites\\\/6\\\/2020\\\/12\\\/2-bin-y\u0131ll\u0131k-Herk\u00fcl.jpg\",\"width\":760,\"height\":450},{\"@type\":\"BreadcrumbList\",\"@id\":\"https:\\\/\\\/akunq.net\\\/tr\\\/?p=60656#breadcrumb\",\"itemListElement\":[{\"@type\":\"ListItem\",\"position\":1,\"name\":\"Home\",\"item\":\"https:\\\/\\\/akunq.net\\\/tr\"},{\"@type\":\"ListItem\",\"position\":2,\"name\":\"2 bin y\u0131ll\u0131k Herk\u00fcl\u2019\u00fc delik de\u015fik ettiler, asas\u0131n\u0131 \u00e7ald\u0131lar\"}]},{\"@type\":\"WebSite\",\"@id\":\"https:\\\/\\\/akunq.net\\\/tr\\\/#website\",\"url\":\"https:\\\/\\\/akunq.net\\\/tr\\\/\",\"name\":\"Bati Ermenistan Ve Bati Ermenileri Sorunlari Ara\u015ftirmalar Merkezi\",\"description\":\"\",\"potentialAction\":[{\"@type\":\"SearchAction\",\"target\":{\"@type\":\"EntryPoint\",\"urlTemplate\":\"https:\\\/\\\/akunq.net\\\/tr\\\/?s={search_term_string}\"},\"query-input\":{\"@type\":\"PropertyValueSpecification\",\"valueRequired\":true,\"valueName\":\"search_term_string\"}}],\"inLanguage\":\"en-US\"},{\"@type\":\"Person\",\"@id\":\"https:\\\/\\\/akunq.net\\\/tr\\\/#\\\/schema\\\/person\\\/096f1d38a12cce57fb855b485ed24c9e\",\"name\":\"admin\",\"url\":\"https:\\\/\\\/akunq.net\\\/tr\\\/?author=7\"}]}<\/script>\n<!-- \/ Yoast SEO plugin. -->","yoast_head_json":{"title":"2 bin y\u0131ll\u0131k Herk\u00fcl\u2019\u00fc delik de\u015fik ettiler, asas\u0131n\u0131 \u00e7ald\u0131lar - Bati Ermenistan Ve Bati Ermenileri Sorunlari Ara\u015ftirmalar Merkezi","robots":{"index":"index","follow":"follow","max-snippet":"max-snippet:-1","max-image-preview":"max-image-preview:large","max-video-preview":"max-video-preview:-1"},"canonical":"https:\/\/akunq.net\/tr\/?p=60656","og_locale":"en_US","og_type":"article","og_title":"2 bin y\u0131ll\u0131k Herk\u00fcl\u2019\u00fc delik de\u015fik ettiler, asas\u0131n\u0131 \u00e7ald\u0131lar - Bati Ermenistan Ve Bati Ermenileri Sorunlari Ara\u015ftirmalar Merkezi","og_description":"\u0130znik\u2019in Hisardere k\u00f6y\u00fc yolu \u00fczerindeki Delikta\u015f Mevkisi\u2019nde 1800 y\u0131l \u00f6nce ta\u015f oca\u011f\u0131nda \u00e7al\u0131\u015fan i\u015f\u00e7ilerin hem korunmas\u0131 hem de dini ibadetlerini yapabilmesi i\u00e7in kaya \u00fczerine i\u015flenen Herk\u00fcl kabartmas\u0131, kimli\u011fi belirsiz ki\u015filerce tahrip edilmi\u015f, kaya \u00fczerine kabartma olarak i\u015flenen heykelin sa\u011f elindeki g\u00fcc\u00fcn\u00fc temsil etti\u011fine inan\u0131lan asa yok olmu\u015ftu. G\u00fcnden g\u00fcne yok olma a\u015famas\u0131na gelen Herk\u00fcl kabartmas\u0131 [&hellip;]","og_url":"https:\/\/akunq.net\/tr\/?p=60656","og_site_name":"Bati Ermenistan Ve Bati Ermenileri Sorunlari Ara\u015ftirmalar Merkezi","article_published_time":"2020-12-18T10:39:53+00:00","og_image":[{"width":760,"height":450,"url":"https:\/\/akunq.net\/tr\/wp-content\/uploads\/sites\/6\/2020\/12\/2-bin-y\u0131ll\u0131k-Herk\u00fcl.jpg","type":"image\/jpeg"}],"author":"admin","twitter_card":"summary_large_image","twitter_misc":{"Written by":"admin","Est. reading time":"1 minute"},"schema":{"@context":"https:\/\/schema.org","@graph":[{"@type":"Article","@id":"https:\/\/akunq.net\/tr\/?p=60656#article","isPartOf":{"@id":"https:\/\/akunq.net\/tr\/?p=60656"},"author":{"name":"admin","@id":"https:\/\/akunq.net\/tr\/#\/schema\/person\/096f1d38a12cce57fb855b485ed24c9e"},"headline":"2 bin y\u0131ll\u0131k Herk\u00fcl\u2019\u00fc delik de\u015fik ettiler, asas\u0131n\u0131 \u00e7ald\u0131lar","datePublished":"2020-12-18T10:39:53+00:00","mainEntityOfPage":{"@id":"https:\/\/akunq.net\/tr\/?p=60656"},"wordCount":170,"commentCount":0,"image":{"@id":"https:\/\/akunq.net\/tr\/?p=60656#primaryimage"},"thumbnailUrl":"https:\/\/akunq.net\/tr\/wp-content\/uploads\/sites\/6\/2020\/12\/2-bin-y\u0131ll\u0131k-Herk\u00fcl.jpg","articleSection":["Haberler"],"inLanguage":"en-US","potentialAction":[{"@type":"CommentAction","name":"Comment","target":["https:\/\/akunq.net\/tr\/?p=60656#respond"]}]},{"@type":"WebPage","@id":"https:\/\/akunq.net\/tr\/?p=60656","url":"https:\/\/akunq.net\/tr\/?p=60656","name":"2 bin y\u0131ll\u0131k Herk\u00fcl\u2019\u00fc delik de\u015fik ettiler, asas\u0131n\u0131 \u00e7ald\u0131lar - Bati Ermenistan Ve Bati Ermenileri Sorunlari Ara\u015ftirmalar Merkezi","isPartOf":{"@id":"https:\/\/akunq.net\/tr\/#website"},"primaryImageOfPage":{"@id":"https:\/\/akunq.net\/tr\/?p=60656#primaryimage"},"image":{"@id":"https:\/\/akunq.net\/tr\/?p=60656#primaryimage"},"thumbnailUrl":"https:\/\/akunq.net\/tr\/wp-content\/uploads\/sites\/6\/2020\/12\/2-bin-y\u0131ll\u0131k-Herk\u00fcl.jpg","datePublished":"2020-12-18T10:39:53+00:00","author":{"@id":"https:\/\/akunq.net\/tr\/#\/schema\/person\/096f1d38a12cce57fb855b485ed24c9e"},"breadcrumb":{"@id":"https:\/\/akunq.net\/tr\/?p=60656#breadcrumb"},"inLanguage":"en-US","potentialAction":[{"@type":"ReadAction","target":["https:\/\/akunq.net\/tr\/?p=60656"]}]},{"@type":"ImageObject","inLanguage":"en-US","@id":"https:\/\/akunq.net\/tr\/?p=60656#primaryimage","url":"https:\/\/akunq.net\/tr\/wp-content\/uploads\/sites\/6\/2020\/12\/2-bin-y\u0131ll\u0131k-Herk\u00fcl.jpg","contentUrl":"https:\/\/akunq.net\/tr\/wp-content\/uploads\/sites\/6\/2020\/12\/2-bin-y\u0131ll\u0131k-Herk\u00fcl.jpg","width":760,"height":450},{"@type":"BreadcrumbList","@id":"https:\/\/akunq.net\/tr\/?p=60656#breadcrumb","itemListElement":[{"@type":"ListItem","position":1,"name":"Home","item":"https:\/\/akunq.net\/tr"},{"@type":"ListItem","position":2,"name":"2 bin y\u0131ll\u0131k Herk\u00fcl\u2019\u00fc delik de\u015fik ettiler, asas\u0131n\u0131 \u00e7ald\u0131lar"}]},{"@type":"WebSite","@id":"https:\/\/akunq.net\/tr\/#website","url":"https:\/\/akunq.net\/tr\/","name":"Bati Ermenistan Ve Bati Ermenileri Sorunlari Ara\u015ftirmalar Merkezi","description":"","potentialAction":[{"@type":"SearchAction","target":{"@type":"EntryPoint","urlTemplate":"https:\/\/akunq.net\/tr\/?s={search_term_string}"},"query-input":{"@type":"PropertyValueSpecification","valueRequired":true,"valueName":"search_term_string"}}],"inLanguage":"en-US"},{"@type":"Person","@id":"https:\/\/akunq.net\/tr\/#\/schema\/person\/096f1d38a12cce57fb855b485ed24c9e","name":"admin","url":"https:\/\/akunq.net\/tr\/?author=7"}]}},"_links":{"self":[{"href":"https:\/\/akunq.net\/tr\/index.php?rest_route=\/wp\/v2\/posts\/60656","targetHints":{"allow":["GET"]}}],"collection":[{"href":"https:\/\/akunq.net\/tr\/index.php?rest_route=\/wp\/v2\/posts"}],"about":[{"href":"https:\/\/akunq.net\/tr\/index.php?rest_route=\/wp\/v2\/types\/post"}],"author":[{"embeddable":true,"href":"https:\/\/akunq.net\/tr\/index.php?rest_route=\/wp\/v2\/users\/7"}],"replies":[{"embeddable":true,"href":"https:\/\/akunq.net\/tr\/index.php?rest_route=%2Fwp%2Fv2%2Fcomments&post=60656"}],"version-history":[{"count":1,"href":"https:\/\/akunq.net\/tr\/index.php?rest_route=\/wp\/v2\/posts\/60656\/revisions"}],"predecessor-version":[{"id":60658,"href":"https:\/\/akunq.net\/tr\/index.php?rest_route=\/wp\/v2\/posts\/60656\/revisions\/60658"}],"wp:featuredmedia":[{"embeddable":true,"href":"https:\/\/akunq.net\/tr\/index.php?rest_route=\/wp\/v2\/media\/60657"}],"wp:attachment":[{"href":"https:\/\/akunq.net\/tr\/index.php?rest_route=%2Fwp%2Fv2%2Fmedia&parent=60656"}],"wp:term":[{"taxonomy":"category","embeddable":true,"href":"https:\/\/akunq.net\/tr\/index.php?rest_route=%2Fwp%2Fv2%2Fcategories&post=60656"},{"taxonomy":"post_tag","embeddable":true,"href":"https:\/\/akunq.net\/tr\/index.php?rest_route=%2Fwp%2Fv2%2Ftags&post=60656"}],"curies":[{"name":"wp","href":"https:\/\/api.w.org\/{rel}","templated":true}]}}