{"id":60644,"date":"2020-12-18T04:18:35","date_gmt":"2020-12-18T09:18:35","guid":{"rendered":"https:\/\/akunq.net\/tr\/?p=60644"},"modified":"2020-12-18T04:18:35","modified_gmt":"2020-12-18T09:18:35","slug":"hizlanan-davalar-yavaslayan-davalar","status":"publish","type":"post","link":"https:\/\/akunq.net\/tr\/?p=60644","title":{"rendered":"H\u0131zlanan davalar, yava\u015flayan davalar"},"content":{"rendered":"<p><img loading=\"lazy\" decoding=\"async\" class=\"aligncenter size-medium wp-image-60645\" src=\"https:\/\/akunq.net\/tr\/wp-content\/uploads\/2020\/12\/Yetvart-Danzikyan-1-360x180.jpg\" alt=\"\" width=\"360\" height=\"180\" srcset=\"https:\/\/akunq.net\/tr\/wp-content\/uploads\/sites\/6\/2020\/12\/Yetvart-Danzikyan-1-360x180.jpg 360w, https:\/\/akunq.net\/tr\/wp-content\/uploads\/sites\/6\/2020\/12\/Yetvart-Danzikyan-1-768x384.jpg 768w, https:\/\/akunq.net\/tr\/wp-content\/uploads\/sites\/6\/2020\/12\/Yetvart-Danzikyan-1-560x280.jpg 560w, https:\/\/akunq.net\/tr\/wp-content\/uploads\/sites\/6\/2020\/12\/Yetvart-Danzikyan-1-260x130.jpg 260w, https:\/\/akunq.net\/tr\/wp-content\/uploads\/sites\/6\/2020\/12\/Yetvart-Danzikyan-1-160x80.jpg 160w, https:\/\/akunq.net\/tr\/wp-content\/uploads\/sites\/6\/2020\/12\/Yetvart-Danzikyan-1.jpg 1024w\" sizes=\"auto, (max-width: 360px) 100vw, 360px\" \/><\/p>\n<p><strong>Yetvart Danzikyan<\/strong><\/p>\n<p><em><strong>Hrant Dink Cinayeti Davas\u0131 birdenbire soru i\u015faretleri yaratacak bi\u00e7imde h\u0131zlan\u0131rken; h\u0131zlanmas\u0131, daha do\u011frusu hi\u00e7 olmamas\u0131 gereken Osman Kavala davas\u0131, olabildi\u011fince yava\u015fl\u0131yor.<\/strong><\/em><\/p>\n<p>Haftalard\u0131r Agos\u2019ta yer veriyoruz, dikkatinizi \u00e7ekmi\u015f olmal\u0131. Kamu g\u00f6revlilerinin yarg\u0131land\u0131\u011f\u0131 Hrant Dink Cinayeti Davas\u0131 birdenbire h\u0131zland\u0131. Bu ilk bak\u0131\u015fta adaletin sa\u011flanmas\u0131 a\u00e7\u0131s\u0131ndan olumlu bir geli\u015fme gibi g\u00f6r\u00fclebilir ama \u00f6yle de\u011fil. Tam tersine, Dink ailesinin avukatlar\u0131n\u0131n soru\u015fturman\u0131n geni\u015flemesi y\u00f6n\u00fcndeki taleplerinin mahkeme heyeti taraf\u0131ndan kabul edilmemesi sonras\u0131nda ya\u015fan\u0131yor bu geli\u015fme. Hat\u0131rlayal\u0131m, ailenin avukatlar\u0131 cinayet \u00f6ncesinde Hrant Dink\u2019i hedef h\u00e2line getiren kesim ve isimlerin de soru\u015fturmaya d\u00e2hil edilmesini talep ediyorlar, Dink\u2019le 2004 y\u0131l\u0131nda \u0130stanbul Valili\u011fi\u2019nde yap\u0131lan me\u015fhur g\u00f6r\u00fc\u015fmedeki M\u0130T g\u00f6revlilerinin de sorgulanmas\u0131n\u0131, en az\u0131ndan tan\u0131k olarak ifade vermelerini gerekli g\u00f6r\u00fcyorlard\u0131.<\/p>\n<p>Bu y\u00f6ndeki taleplerin \u00e7ok b\u00fcy\u00fck k\u0131sm\u0131 mahkeme heyeti taraf\u0131ndan reddedildi. Ve dosya savc\u0131l\u0131\u011fa, esas hakk\u0131ndaki m\u00fctalaas\u0131n\u0131 yazmas\u0131 i\u00e7in sevk edildi. Bu, davan\u0131n art\u0131k kapanmaya yakla\u015ft\u0131\u011f\u0131 \u015feklinde yorumlanmal\u0131. \u00c7\u00fcnk\u00fc bu a\u015famadan sonra art\u0131k dava kapsam\u0131nda yeni bir soru\u015fturma yap\u0131lmayaca\u011f\u0131 anlam\u0131 \u00e7\u0131k\u0131yor bu geli\u015fmeden.<\/p>\n<p>Bu haftaki (15 Aral\u0131k) duru\u015fmada savc\u0131l\u0131k esas hakk\u0131ndaki m\u00fctalaas\u0131n\u0131 sundu. B\u00fcy\u00fck oranda iddianame \u00e7er\u00e7evesinde yaz\u0131lm\u0131\u015f bir m\u00fctalaa bu. Bundan sonraki a\u015fama, m\u00fcdahil avukatlar\u0131n da esas hakk\u0131ndaki g\u00f6r\u00fc\u015flerini sunmalar\u0131. Bunun i\u00e7in team\u00fcl olarak avukatlara bir s\u00fcre verilir. Ancak 15 Aral\u0131k\u2019ta yap\u0131lan celsede mahkeme heyeti m\u00fcdahil avukatlara, yani Dink ailesinin avukatlar\u0131na esas hakk\u0131ndaki g\u00f6r\u00fc\u015flerini sunmalar\u0131 i\u00e7in iki g\u00fcn s\u00fcre verdi. \u00dcstelik, avukatlardan Hakan Bak\u0131rc\u0131o\u011flu duru\u015fmada iki ya da iki bu\u00e7uk ay gibi bir s\u00fcreye ihtiya\u00e7lar\u0131 oldu\u011funu beyan etmi\u015fken.<\/p>\n<p>Avukatlar\u0131n soru\u015fturman\u0131n geni\u015flemesi y\u00f6n\u00fcndeki taleplerinin de kabul edilmedi\u011fi hat\u0131rland\u0131\u011f\u0131nda, a\u00e7\u0131k\u00e7a, dosyay\u0131 derdest etme y\u00f6n\u00fcnde bir tutum oldu\u011fu g\u00f6r\u00fcl\u00fcyor. Yani, b\u0131rak\u0131n iki \u2013 iki bu\u00e7uk ay gibi bir s\u00fcreyi, iki g\u00fcn s\u00fcre vermek, m\u00fcdahil avukatlara \u201cSizin diyecekleriniz mahkeme i\u00e7in bir \u00f6nem ta\u015f\u0131m\u0131yor\u201d demektir. Bu dava zaten ba\u015ftan beri baz\u0131 kamu g\u00f6revlileri ve di\u011fer sivil kesimler s\u00fcrece d\u00e2hil edilmedi\u011fi i\u00e7in eksik y\u00fcr\u00fcyen bir davayd\u0131. Bu geli\u015fmeyle s\u00fcre\u00e7 daha da s\u0131k\u0131nt\u0131l\u0131 bir h\u00e2l alm\u0131\u015f oluyor.<\/p>\n<p>Davayla ilgili bir ba\u015fka b\u00fcy\u00fck soru i\u015fareti de, mahkeme heyetinin s\u00fcrekli olarak de\u011fi\u015fmesi. Kamu g\u00f6revlilerinin yarg\u0131land\u0131\u011f\u0131 bu davada mahkeme heyeti tam d\u00f6rt kez de\u011fi\u015fti. Her gelen heyet dosyaya ne kadar v\u00e2k\u0131f oldu bilemiyoruz ama makul bir s\u00fcre i\u00e7in bile g\u00f6revde kalamadan ba\u015fka g\u00f6revlere atand\u0131lar. Bu durum da davan\u0131n seyrine dair soru i\u015fareti yarat\u0131yor.<\/p>\n<p>Dink ailesinin avukatlar\u0131, 17 Aral\u0131k\u2019taki duru\u015fmada mahkemenin iki g\u00fcn s\u00fcre vermesini ele\u015ftirerek, bu kadar k\u0131sa s\u00fcrede g\u00f6r\u00fc\u015f haz\u0131rlanamayaca\u011f\u0131n\u0131 belirterek esas hakk\u0131ndaki g\u00f6r\u00fc\u015flerini sunmad\u0131lar. Mahkemeye verdikleri beyanda 14 y\u0131ll\u0131k davan\u0131n kapsam\u0131na dikkat \u00e7ektiler ve savc\u0131l\u0131\u011fa esas hakk\u0131ndaki m\u00fctalaas\u0131n\u0131 sunmas\u0131 i\u00e7in yakla\u015f\u0131k iki ay s\u00fcre verildi\u011fini hat\u0131rlatt\u0131lar.<\/p>\n<p>Buna kar\u015f\u0131l\u0131k, h\u0131zlanmas\u0131 gereken bir dava zamana yay\u0131l\u0131yor. Osman Kavala davas\u0131ndan bahsediyorum. T\u00fcrl\u00fc dayanaks\u0131z su\u00e7lamalarla ve karalamalarla hapse at\u0131lan Kavala, bu hapisli\u011fe gerek\u00e7e olarak g\u00f6sterilen Gezi Davas\u0131\u2019ndan beraat etmi\u015fti. Ailesi ve dostlar\u0131 onu cezaevi \u00e7\u0131k\u0131\u015f\u0131nda kar\u015f\u0131lamaya gitti\u011finde, tahliye edildi\u011fi ba\u015fka bir dosya gerek\u00e7e g\u00f6sterilerek, olabilecek en hukuk d\u0131\u015f\u0131 y\u00f6ntemle yeniden tutukland\u0131. Hem Kavala, hem de yak\u0131nlar\u0131 i\u00e7in ger\u00e7ek bir i\u015fkencedir bu. Kavala, daha sonra hakk\u0131nda yarat\u0131lan \u2018casusluk\u2019 iddias\u0131yla, yine hi\u00e7bir dayana\u011f\u0131 olmayan su\u00e7lamalarla hapiste kalmaya devam ediyor.<\/p>\n<p>Avrupa \u0130nsan Haklar\u0131 Mahkemesi daha Gezi Davas\u0131 s\u00fcrerken Kavala\u2019n\u0131n haks\u0131z bi\u00e7imde tutuklu oldu\u011funu h\u00fckme ba\u011flam\u0131\u015f, derhal tahliye edilmesi gerekti\u011fini bildirmi\u015fti. H\u00fck\u00fcmet bu karar\u0131 tan\u0131mayaca\u011f\u0131n\u0131 a\u00e7\u0131klad\u0131. Aradan aylar ge\u00e7ince, bu kez Avrupa Konseyi T\u00fcrkiye\u2019yi ve Anayasa Mahkemesi\u2019ni uyard\u0131 ve A\u0130HM kararlar\u0131n\u0131n dikkate al\u0131nmas\u0131n\u0131 istedi. Bu ciddi bir uyar\u0131yd\u0131.<\/p>\n<p>Anayasa Mahkemesi bu hafta ba\u015f\u0131nda toplanarak dosyay\u0131 ele ald\u0131. Ama asl\u0131nda ele almad\u0131. \u00c7\u00fcnk\u00fc dosya bu sefer de Anayasa Mahkemesi Genel Kurulu\u2019na sevk edildi. Bakal\u0131m Genel Kurul bu konuda nas\u0131l bir tutum izleyecek\u2026 Burada da g\u00f6rd\u00fc\u011f\u00fcn\u00fcz gibi, h\u0131zlanmas\u0131 gereken, daha do\u011frusu hi\u00e7 olmamas\u0131 gereken bir dava olabildi\u011fince zamana yay\u0131l\u0131yor, yava\u015flat\u0131l\u0131yor. Memleketimizden hukuk manzaralar\u0131 bu hafta itibariyle bu h\u00e2lde. Ki sadece iki vakay\u0131 buraya ta\u015f\u0131yabildik.<\/p>\n<hr \/>\n<p><em><strong><a href=\"http:\/\/www.agos.com.tr\/tr\/yazi\/25069\/hizlanan-davalar-yavaslayan-davalar\" target=\"_blank\" rel=\"noopener noreferrer\">Agos<\/a><\/strong><\/em><\/p>\n","protected":false},"excerpt":{"rendered":"<p>Yetvart Danzikyan Hrant Dink Cinayeti Davas\u0131 birdenbire soru i\u015faretleri yaratacak bi\u00e7imde h\u0131zlan\u0131rken; h\u0131zlanmas\u0131, daha do\u011frusu hi\u00e7 olmamas\u0131 gereken Osman Kavala davas\u0131, olabildi\u011fince yava\u015fl\u0131yor. Haftalard\u0131r Agos\u2019ta yer veriyoruz, dikkatinizi \u00e7ekmi\u015f olmal\u0131. Kamu g\u00f6revlilerinin yarg\u0131land\u0131\u011f\u0131 Hrant Dink Cinayeti Davas\u0131 birdenbire h\u0131zland\u0131. Bu ilk bak\u0131\u015fta adaletin sa\u011flanmas\u0131 a\u00e7\u0131s\u0131ndan olumlu bir geli\u015fme gibi g\u00f6r\u00fclebilir ama \u00f6yle de\u011fil. Tam tersine, [&hellip;]<\/p>\n","protected":false},"author":7,"featured_media":60645,"comment_status":"open","ping_status":"open","sticky":false,"template":"","format":"standard","meta":{"footnotes":""},"categories":[1,70],"tags":[],"class_list":["post-60644","post","type-post","status-publish","format-standard","has-post-thumbnail","hentry","category-haberler","category-makaleler"],"yoast_head":"<!-- This site is optimized with the Yoast SEO plugin v27.4 - https:\/\/yoast.com\/product\/yoast-seo-wordpress\/ -->\n<title>H\u0131zlanan davalar, yava\u015flayan davalar - Bati Ermenistan Ve Bati Ermenileri Sorunlari Ara\u015ftirmalar Merkezi<\/title>\n<meta name=\"robots\" content=\"index, follow, max-snippet:-1, max-image-preview:large, max-video-preview:-1\" \/>\n<link rel=\"canonical\" href=\"https:\/\/akunq.net\/tr\/?p=60644\" \/>\n<meta property=\"og:locale\" content=\"en_US\" \/>\n<meta property=\"og:type\" content=\"article\" \/>\n<meta property=\"og:title\" content=\"H\u0131zlanan davalar, yava\u015flayan davalar - Bati Ermenistan Ve Bati Ermenileri Sorunlari Ara\u015ftirmalar Merkezi\" \/>\n<meta property=\"og:description\" content=\"Yetvart Danzikyan Hrant Dink Cinayeti Davas\u0131 birdenbire soru i\u015faretleri yaratacak bi\u00e7imde h\u0131zlan\u0131rken; h\u0131zlanmas\u0131, daha do\u011frusu hi\u00e7 olmamas\u0131 gereken Osman Kavala davas\u0131, olabildi\u011fince yava\u015fl\u0131yor. Haftalard\u0131r Agos\u2019ta yer veriyoruz, dikkatinizi \u00e7ekmi\u015f olmal\u0131. Kamu g\u00f6revlilerinin yarg\u0131land\u0131\u011f\u0131 Hrant Dink Cinayeti Davas\u0131 birdenbire h\u0131zland\u0131. Bu ilk bak\u0131\u015fta adaletin sa\u011flanmas\u0131 a\u00e7\u0131s\u0131ndan olumlu bir geli\u015fme gibi g\u00f6r\u00fclebilir ama \u00f6yle de\u011fil. Tam tersine, [&hellip;]\" \/>\n<meta property=\"og:url\" content=\"https:\/\/akunq.net\/tr\/?p=60644\" \/>\n<meta property=\"og:site_name\" content=\"Bati Ermenistan Ve Bati Ermenileri Sorunlari Ara\u015ftirmalar Merkezi\" \/>\n<meta property=\"article:published_time\" content=\"2020-12-18T09:18:35+00:00\" \/>\n<meta property=\"og:image\" content=\"https:\/\/akunq.net\/tr\/wp-content\/uploads\/sites\/6\/2020\/12\/Yetvart-Danzikyan-1.jpg\" \/>\n\t<meta property=\"og:image:width\" content=\"1024\" \/>\n\t<meta property=\"og:image:height\" content=\"512\" \/>\n\t<meta property=\"og:image:type\" content=\"image\/jpeg\" \/>\n<meta name=\"author\" content=\"admin\" \/>\n<meta name=\"twitter:card\" content=\"summary_large_image\" \/>\n<meta name=\"twitter:label1\" content=\"Written by\" \/>\n\t<meta name=\"twitter:data1\" content=\"admin\" \/>\n\t<meta name=\"twitter:label2\" content=\"Est. reading time\" \/>\n\t<meta name=\"twitter:data2\" content=\"4 minutes\" \/>\n<script type=\"application\/ld+json\" class=\"yoast-schema-graph\">{\"@context\":\"https:\\\/\\\/schema.org\",\"@graph\":[{\"@type\":\"Article\",\"@id\":\"https:\\\/\\\/akunq.net\\\/tr\\\/?p=60644#article\",\"isPartOf\":{\"@id\":\"https:\\\/\\\/akunq.net\\\/tr\\\/?p=60644\"},\"author\":{\"name\":\"admin\",\"@id\":\"https:\\\/\\\/akunq.net\\\/tr\\\/#\\\/schema\\\/person\\\/096f1d38a12cce57fb855b485ed24c9e\"},\"headline\":\"H\u0131zlanan davalar, yava\u015flayan davalar\",\"datePublished\":\"2020-12-18T09:18:35+00:00\",\"mainEntityOfPage\":{\"@id\":\"https:\\\/\\\/akunq.net\\\/tr\\\/?p=60644\"},\"wordCount\":875,\"commentCount\":0,\"image\":{\"@id\":\"https:\\\/\\\/akunq.net\\\/tr\\\/?p=60644#primaryimage\"},\"thumbnailUrl\":\"https:\\\/\\\/akunq.net\\\/tr\\\/wp-content\\\/uploads\\\/sites\\\/6\\\/2020\\\/12\\\/Yetvart-Danzikyan-1.jpg\",\"articleSection\":[\"Haberler\",\"Makaleler\"],\"inLanguage\":\"en-US\",\"potentialAction\":[{\"@type\":\"CommentAction\",\"name\":\"Comment\",\"target\":[\"https:\\\/\\\/akunq.net\\\/tr\\\/?p=60644#respond\"]}]},{\"@type\":\"WebPage\",\"@id\":\"https:\\\/\\\/akunq.net\\\/tr\\\/?p=60644\",\"url\":\"https:\\\/\\\/akunq.net\\\/tr\\\/?p=60644\",\"name\":\"H\u0131zlanan davalar, yava\u015flayan davalar - Bati Ermenistan Ve Bati Ermenileri Sorunlari Ara\u015ftirmalar Merkezi\",\"isPartOf\":{\"@id\":\"https:\\\/\\\/akunq.net\\\/tr\\\/#website\"},\"primaryImageOfPage\":{\"@id\":\"https:\\\/\\\/akunq.net\\\/tr\\\/?p=60644#primaryimage\"},\"image\":{\"@id\":\"https:\\\/\\\/akunq.net\\\/tr\\\/?p=60644#primaryimage\"},\"thumbnailUrl\":\"https:\\\/\\\/akunq.net\\\/tr\\\/wp-content\\\/uploads\\\/sites\\\/6\\\/2020\\\/12\\\/Yetvart-Danzikyan-1.jpg\",\"datePublished\":\"2020-12-18T09:18:35+00:00\",\"author\":{\"@id\":\"https:\\\/\\\/akunq.net\\\/tr\\\/#\\\/schema\\\/person\\\/096f1d38a12cce57fb855b485ed24c9e\"},\"breadcrumb\":{\"@id\":\"https:\\\/\\\/akunq.net\\\/tr\\\/?p=60644#breadcrumb\"},\"inLanguage\":\"en-US\",\"potentialAction\":[{\"@type\":\"ReadAction\",\"target\":[\"https:\\\/\\\/akunq.net\\\/tr\\\/?p=60644\"]}]},{\"@type\":\"ImageObject\",\"inLanguage\":\"en-US\",\"@id\":\"https:\\\/\\\/akunq.net\\\/tr\\\/?p=60644#primaryimage\",\"url\":\"https:\\\/\\\/akunq.net\\\/tr\\\/wp-content\\\/uploads\\\/sites\\\/6\\\/2020\\\/12\\\/Yetvart-Danzikyan-1.jpg\",\"contentUrl\":\"https:\\\/\\\/akunq.net\\\/tr\\\/wp-content\\\/uploads\\\/sites\\\/6\\\/2020\\\/12\\\/Yetvart-Danzikyan-1.jpg\",\"width\":1024,\"height\":512},{\"@type\":\"BreadcrumbList\",\"@id\":\"https:\\\/\\\/akunq.net\\\/tr\\\/?p=60644#breadcrumb\",\"itemListElement\":[{\"@type\":\"ListItem\",\"position\":1,\"name\":\"Home\",\"item\":\"https:\\\/\\\/akunq.net\\\/tr\"},{\"@type\":\"ListItem\",\"position\":2,\"name\":\"H\u0131zlanan davalar, yava\u015flayan davalar\"}]},{\"@type\":\"WebSite\",\"@id\":\"https:\\\/\\\/akunq.net\\\/tr\\\/#website\",\"url\":\"https:\\\/\\\/akunq.net\\\/tr\\\/\",\"name\":\"Bati Ermenistan Ve Bati Ermenileri Sorunlari Ara\u015ftirmalar Merkezi\",\"description\":\"\",\"potentialAction\":[{\"@type\":\"SearchAction\",\"target\":{\"@type\":\"EntryPoint\",\"urlTemplate\":\"https:\\\/\\\/akunq.net\\\/tr\\\/?s={search_term_string}\"},\"query-input\":{\"@type\":\"PropertyValueSpecification\",\"valueRequired\":true,\"valueName\":\"search_term_string\"}}],\"inLanguage\":\"en-US\"},{\"@type\":\"Person\",\"@id\":\"https:\\\/\\\/akunq.net\\\/tr\\\/#\\\/schema\\\/person\\\/096f1d38a12cce57fb855b485ed24c9e\",\"name\":\"admin\",\"url\":\"https:\\\/\\\/akunq.net\\\/tr\\\/?author=7\"}]}<\/script>\n<!-- \/ Yoast SEO plugin. -->","yoast_head_json":{"title":"H\u0131zlanan davalar, yava\u015flayan davalar - Bati Ermenistan Ve Bati Ermenileri Sorunlari Ara\u015ftirmalar Merkezi","robots":{"index":"index","follow":"follow","max-snippet":"max-snippet:-1","max-image-preview":"max-image-preview:large","max-video-preview":"max-video-preview:-1"},"canonical":"https:\/\/akunq.net\/tr\/?p=60644","og_locale":"en_US","og_type":"article","og_title":"H\u0131zlanan davalar, yava\u015flayan davalar - Bati Ermenistan Ve Bati Ermenileri Sorunlari Ara\u015ftirmalar Merkezi","og_description":"Yetvart Danzikyan Hrant Dink Cinayeti Davas\u0131 birdenbire soru i\u015faretleri yaratacak bi\u00e7imde h\u0131zlan\u0131rken; h\u0131zlanmas\u0131, daha do\u011frusu hi\u00e7 olmamas\u0131 gereken Osman Kavala davas\u0131, olabildi\u011fince yava\u015fl\u0131yor. Haftalard\u0131r Agos\u2019ta yer veriyoruz, dikkatinizi \u00e7ekmi\u015f olmal\u0131. Kamu g\u00f6revlilerinin yarg\u0131land\u0131\u011f\u0131 Hrant Dink Cinayeti Davas\u0131 birdenbire h\u0131zland\u0131. Bu ilk bak\u0131\u015fta adaletin sa\u011flanmas\u0131 a\u00e7\u0131s\u0131ndan olumlu bir geli\u015fme gibi g\u00f6r\u00fclebilir ama \u00f6yle de\u011fil. Tam tersine, [&hellip;]","og_url":"https:\/\/akunq.net\/tr\/?p=60644","og_site_name":"Bati Ermenistan Ve Bati Ermenileri Sorunlari Ara\u015ftirmalar Merkezi","article_published_time":"2020-12-18T09:18:35+00:00","og_image":[{"width":1024,"height":512,"url":"https:\/\/akunq.net\/tr\/wp-content\/uploads\/sites\/6\/2020\/12\/Yetvart-Danzikyan-1.jpg","type":"image\/jpeg"}],"author":"admin","twitter_card":"summary_large_image","twitter_misc":{"Written by":"admin","Est. reading time":"4 minutes"},"schema":{"@context":"https:\/\/schema.org","@graph":[{"@type":"Article","@id":"https:\/\/akunq.net\/tr\/?p=60644#article","isPartOf":{"@id":"https:\/\/akunq.net\/tr\/?p=60644"},"author":{"name":"admin","@id":"https:\/\/akunq.net\/tr\/#\/schema\/person\/096f1d38a12cce57fb855b485ed24c9e"},"headline":"H\u0131zlanan davalar, yava\u015flayan davalar","datePublished":"2020-12-18T09:18:35+00:00","mainEntityOfPage":{"@id":"https:\/\/akunq.net\/tr\/?p=60644"},"wordCount":875,"commentCount":0,"image":{"@id":"https:\/\/akunq.net\/tr\/?p=60644#primaryimage"},"thumbnailUrl":"https:\/\/akunq.net\/tr\/wp-content\/uploads\/sites\/6\/2020\/12\/Yetvart-Danzikyan-1.jpg","articleSection":["Haberler","Makaleler"],"inLanguage":"en-US","potentialAction":[{"@type":"CommentAction","name":"Comment","target":["https:\/\/akunq.net\/tr\/?p=60644#respond"]}]},{"@type":"WebPage","@id":"https:\/\/akunq.net\/tr\/?p=60644","url":"https:\/\/akunq.net\/tr\/?p=60644","name":"H\u0131zlanan davalar, yava\u015flayan davalar - Bati Ermenistan Ve Bati Ermenileri Sorunlari Ara\u015ftirmalar Merkezi","isPartOf":{"@id":"https:\/\/akunq.net\/tr\/#website"},"primaryImageOfPage":{"@id":"https:\/\/akunq.net\/tr\/?p=60644#primaryimage"},"image":{"@id":"https:\/\/akunq.net\/tr\/?p=60644#primaryimage"},"thumbnailUrl":"https:\/\/akunq.net\/tr\/wp-content\/uploads\/sites\/6\/2020\/12\/Yetvart-Danzikyan-1.jpg","datePublished":"2020-12-18T09:18:35+00:00","author":{"@id":"https:\/\/akunq.net\/tr\/#\/schema\/person\/096f1d38a12cce57fb855b485ed24c9e"},"breadcrumb":{"@id":"https:\/\/akunq.net\/tr\/?p=60644#breadcrumb"},"inLanguage":"en-US","potentialAction":[{"@type":"ReadAction","target":["https:\/\/akunq.net\/tr\/?p=60644"]}]},{"@type":"ImageObject","inLanguage":"en-US","@id":"https:\/\/akunq.net\/tr\/?p=60644#primaryimage","url":"https:\/\/akunq.net\/tr\/wp-content\/uploads\/sites\/6\/2020\/12\/Yetvart-Danzikyan-1.jpg","contentUrl":"https:\/\/akunq.net\/tr\/wp-content\/uploads\/sites\/6\/2020\/12\/Yetvart-Danzikyan-1.jpg","width":1024,"height":512},{"@type":"BreadcrumbList","@id":"https:\/\/akunq.net\/tr\/?p=60644#breadcrumb","itemListElement":[{"@type":"ListItem","position":1,"name":"Home","item":"https:\/\/akunq.net\/tr"},{"@type":"ListItem","position":2,"name":"H\u0131zlanan davalar, yava\u015flayan davalar"}]},{"@type":"WebSite","@id":"https:\/\/akunq.net\/tr\/#website","url":"https:\/\/akunq.net\/tr\/","name":"Bati Ermenistan Ve Bati Ermenileri Sorunlari Ara\u015ftirmalar Merkezi","description":"","potentialAction":[{"@type":"SearchAction","target":{"@type":"EntryPoint","urlTemplate":"https:\/\/akunq.net\/tr\/?s={search_term_string}"},"query-input":{"@type":"PropertyValueSpecification","valueRequired":true,"valueName":"search_term_string"}}],"inLanguage":"en-US"},{"@type":"Person","@id":"https:\/\/akunq.net\/tr\/#\/schema\/person\/096f1d38a12cce57fb855b485ed24c9e","name":"admin","url":"https:\/\/akunq.net\/tr\/?author=7"}]}},"_links":{"self":[{"href":"https:\/\/akunq.net\/tr\/index.php?rest_route=\/wp\/v2\/posts\/60644","targetHints":{"allow":["GET"]}}],"collection":[{"href":"https:\/\/akunq.net\/tr\/index.php?rest_route=\/wp\/v2\/posts"}],"about":[{"href":"https:\/\/akunq.net\/tr\/index.php?rest_route=\/wp\/v2\/types\/post"}],"author":[{"embeddable":true,"href":"https:\/\/akunq.net\/tr\/index.php?rest_route=\/wp\/v2\/users\/7"}],"replies":[{"embeddable":true,"href":"https:\/\/akunq.net\/tr\/index.php?rest_route=%2Fwp%2Fv2%2Fcomments&post=60644"}],"version-history":[{"count":1,"href":"https:\/\/akunq.net\/tr\/index.php?rest_route=\/wp\/v2\/posts\/60644\/revisions"}],"predecessor-version":[{"id":60646,"href":"https:\/\/akunq.net\/tr\/index.php?rest_route=\/wp\/v2\/posts\/60644\/revisions\/60646"}],"wp:featuredmedia":[{"embeddable":true,"href":"https:\/\/akunq.net\/tr\/index.php?rest_route=\/wp\/v2\/media\/60645"}],"wp:attachment":[{"href":"https:\/\/akunq.net\/tr\/index.php?rest_route=%2Fwp%2Fv2%2Fmedia&parent=60644"}],"wp:term":[{"taxonomy":"category","embeddable":true,"href":"https:\/\/akunq.net\/tr\/index.php?rest_route=%2Fwp%2Fv2%2Fcategories&post=60644"},{"taxonomy":"post_tag","embeddable":true,"href":"https:\/\/akunq.net\/tr\/index.php?rest_route=%2Fwp%2Fv2%2Ftags&post=60644"}],"curies":[{"name":"wp","href":"https:\/\/api.w.org\/{rel}","templated":true}]}}