{"id":60635,"date":"2020-12-18T03:51:03","date_gmt":"2020-12-18T08:51:03","guid":{"rendered":"https:\/\/akunq.net\/tr\/?p=60635"},"modified":"2020-12-18T03:51:03","modified_gmt":"2020-12-18T08:51:03","slug":"fransanin-clamart-sehir-konseyi-karabagin-bagimsizligini-taniyan-tasariyi-kabul-etti","status":"publish","type":"post","link":"https:\/\/akunq.net\/tr\/?p=60635","title":{"rendered":"Fransa\u2019n\u0131n Clamart \u015eehir Konseyi Karaba\u011f\u2019\u0131n ba\u011f\u0131ms\u0131zl\u0131\u011f\u0131n\u0131 tan\u0131yan tasar\u0131y\u0131 kabul etti"},"content":{"rendered":"<p><img loading=\"lazy\" decoding=\"async\" class=\"aligncenter size-medium wp-image-60636\" src=\"https:\/\/akunq.net\/tr\/wp-content\/uploads\/2020\/12\/Karaba\u011f-2-360x242.jpg\" alt=\"\" width=\"360\" height=\"242\" srcset=\"https:\/\/akunq.net\/tr\/wp-content\/uploads\/sites\/6\/2020\/12\/Karaba\u011f-2-360x242.jpg 360w, https:\/\/akunq.net\/tr\/wp-content\/uploads\/sites\/6\/2020\/12\/Karaba\u011f-2-560x376.jpg 560w, https:\/\/akunq.net\/tr\/wp-content\/uploads\/sites\/6\/2020\/12\/Karaba\u011f-2-260x175.jpg 260w, https:\/\/akunq.net\/tr\/wp-content\/uploads\/sites\/6\/2020\/12\/Karaba\u011f-2-160x107.jpg 160w, https:\/\/akunq.net\/tr\/wp-content\/uploads\/sites\/6\/2020\/12\/Karaba\u011f-2.jpg 670w\" sizes=\"auto, (max-width: 360px) 100vw, 360px\" \/><\/p>\n<p><em><strong>Artsakh Cumhuriyeti (Karaba\u011f) D\u0131\u015fi\u015fleri Bakanl\u0131\u011f\u0131n\u0131n aktard\u0131\u011f\u0131 bilgilere g\u00f6re Fransa\u2019n\u0131n Clamart \u015eehir Konseyi Azerbaycan-Karaba\u011f anla\u015fmazl\u0131\u011f\u0131n nihai \u00e7\u00f6z\u00fcm\u00fc ve Artsakh Cumhuriyeti\u2019nin ba\u011f\u0131ms\u0131zl\u0131\u011f\u0131n\u0131n tan\u0131mas\u0131na ili\u015fkin tasar\u0131 kabul etti.<\/strong><\/em><\/p>\n<p>Tasar\u0131da yer alan ifadelere g\u00f6re Fransa, Ermenistan ile tarihsel dostluk ili\u015fkilerinden dolay\u0131 meselenin kal\u0131c\u0131 ve bar\u0131\u015f\u00e7\u0131l \u00e7\u00f6z\u00fcm\u00fcne katk\u0131da bulunmal\u0131.<\/p>\n<p>Ayr\u0131ca, Fransa \u0130nsan haklar\u0131n\u0131 savunan bir \u00fclke olarak halklar\u0131n kendi kaderini tayin etme hakk\u0131 u\u011fruna Artsakh Cumhuriyetinin ba\u011f\u0131ms\u0131zl\u0131\u011f\u0131n\u0131 resmen tan\u0131mas\u0131 gerekti\u011fini vurguland\u0131.<\/p>\n<p>\u015eehir konseyi Artsakh Cumhuriyeti\u2019nin ba\u011f\u0131ms\u0131zl\u0131\u011f\u0131n\u0131n tan\u0131mas\u0131 s\u0131n\u0131rlar\u0131n b\u00fct\u00fcnl\u00fc\u011f\u00fcn\u00fc korumak ve halk\u0131n bar\u0131\u015f i\u00e7inde ya\u015fayabilmek a\u00e7\u0131s\u0131ndan \u00f6nemsedi.<\/p>\n<p><em><strong>https:\/\/www.ermenihaber.am\/tr\/news\/2020\/12\/17\/Fransa-Clamart-%C5%9Eehir-Konseyi-Karaba%C4%9F-ba%C4%9F%C4%B1ms%C4%B1zl%C4%B1%C4%9F%C4%B1\/199627\u00a0<\/strong><\/em><\/p>\n","protected":false},"excerpt":{"rendered":"<p>Artsakh Cumhuriyeti (Karaba\u011f) D\u0131\u015fi\u015fleri Bakanl\u0131\u011f\u0131n\u0131n aktard\u0131\u011f\u0131 bilgilere g\u00f6re Fransa\u2019n\u0131n Clamart \u015eehir Konseyi Azerbaycan-Karaba\u011f anla\u015fmazl\u0131\u011f\u0131n nihai \u00e7\u00f6z\u00fcm\u00fc ve Artsakh Cumhuriyeti\u2019nin ba\u011f\u0131ms\u0131zl\u0131\u011f\u0131n\u0131n tan\u0131mas\u0131na ili\u015fkin tasar\u0131 kabul etti. Tasar\u0131da yer alan ifadelere g\u00f6re Fransa, Ermenistan ile tarihsel dostluk ili\u015fkilerinden dolay\u0131 meselenin kal\u0131c\u0131 ve bar\u0131\u015f\u00e7\u0131l \u00e7\u00f6z\u00fcm\u00fcne katk\u0131da bulunmal\u0131. Ayr\u0131ca, Fransa \u0130nsan haklar\u0131n\u0131 savunan bir \u00fclke olarak halklar\u0131n kendi kaderini [&hellip;]<\/p>\n","protected":false},"author":7,"featured_media":60636,"comment_status":"open","ping_status":"open","sticky":false,"template":"","format":"standard","meta":{"footnotes":""},"categories":[1],"tags":[],"class_list":["post-60635","post","type-post","status-publish","format-standard","has-post-thumbnail","hentry","category-haberler"],"yoast_head":"<!-- This site is optimized with the Yoast SEO plugin v27.4 - https:\/\/yoast.com\/product\/yoast-seo-wordpress\/ -->\n<title>Fransa\u2019n\u0131n Clamart \u015eehir Konseyi Karaba\u011f\u2019\u0131n ba\u011f\u0131ms\u0131zl\u0131\u011f\u0131n\u0131 tan\u0131yan tasar\u0131y\u0131 kabul etti - Bati Ermenistan Ve Bati Ermenileri Sorunlari Ara\u015ftirmalar Merkezi<\/title>\n<meta name=\"robots\" content=\"index, follow, max-snippet:-1, max-image-preview:large, max-video-preview:-1\" \/>\n<link rel=\"canonical\" href=\"https:\/\/akunq.net\/tr\/?p=60635\" \/>\n<meta property=\"og:locale\" content=\"en_US\" \/>\n<meta property=\"og:type\" content=\"article\" \/>\n<meta property=\"og:title\" content=\"Fransa\u2019n\u0131n Clamart \u015eehir Konseyi Karaba\u011f\u2019\u0131n ba\u011f\u0131ms\u0131zl\u0131\u011f\u0131n\u0131 tan\u0131yan tasar\u0131y\u0131 kabul etti - Bati Ermenistan Ve Bati Ermenileri Sorunlari Ara\u015ftirmalar Merkezi\" \/>\n<meta property=\"og:description\" content=\"Artsakh Cumhuriyeti (Karaba\u011f) D\u0131\u015fi\u015fleri Bakanl\u0131\u011f\u0131n\u0131n aktard\u0131\u011f\u0131 bilgilere g\u00f6re Fransa\u2019n\u0131n Clamart \u015eehir Konseyi Azerbaycan-Karaba\u011f anla\u015fmazl\u0131\u011f\u0131n nihai \u00e7\u00f6z\u00fcm\u00fc ve Artsakh Cumhuriyeti\u2019nin ba\u011f\u0131ms\u0131zl\u0131\u011f\u0131n\u0131n tan\u0131mas\u0131na ili\u015fkin tasar\u0131 kabul etti. Tasar\u0131da yer alan ifadelere g\u00f6re Fransa, Ermenistan ile tarihsel dostluk ili\u015fkilerinden dolay\u0131 meselenin kal\u0131c\u0131 ve bar\u0131\u015f\u00e7\u0131l \u00e7\u00f6z\u00fcm\u00fcne katk\u0131da bulunmal\u0131. Ayr\u0131ca, Fransa \u0130nsan haklar\u0131n\u0131 savunan bir \u00fclke olarak halklar\u0131n kendi kaderini [&hellip;]\" \/>\n<meta property=\"og:url\" content=\"https:\/\/akunq.net\/tr\/?p=60635\" \/>\n<meta property=\"og:site_name\" content=\"Bati Ermenistan Ve Bati Ermenileri Sorunlari Ara\u015ftirmalar Merkezi\" \/>\n<meta property=\"article:published_time\" content=\"2020-12-18T08:51:03+00:00\" \/>\n<meta property=\"og:image\" content=\"https:\/\/akunq.net\/tr\/wp-content\/uploads\/sites\/6\/2020\/12\/Karaba\u011f-2.jpg\" \/>\n\t<meta property=\"og:image:width\" content=\"670\" \/>\n\t<meta property=\"og:image:height\" content=\"450\" \/>\n\t<meta property=\"og:image:type\" content=\"image\/jpeg\" \/>\n<meta name=\"author\" content=\"admin\" \/>\n<meta name=\"twitter:card\" content=\"summary_large_image\" \/>\n<meta name=\"twitter:label1\" content=\"Written by\" \/>\n\t<meta name=\"twitter:data1\" content=\"admin\" \/>\n\t<meta name=\"twitter:label2\" content=\"Est. reading time\" \/>\n\t<meta name=\"twitter:data2\" content=\"1 minute\" \/>\n<script type=\"application\/ld+json\" class=\"yoast-schema-graph\">{\"@context\":\"https:\\\/\\\/schema.org\",\"@graph\":[{\"@type\":\"Article\",\"@id\":\"https:\\\/\\\/akunq.net\\\/tr\\\/?p=60635#article\",\"isPartOf\":{\"@id\":\"https:\\\/\\\/akunq.net\\\/tr\\\/?p=60635\"},\"author\":{\"name\":\"admin\",\"@id\":\"https:\\\/\\\/akunq.net\\\/tr\\\/#\\\/schema\\\/person\\\/096f1d38a12cce57fb855b485ed24c9e\"},\"headline\":\"Fransa\u2019n\u0131n Clamart \u015eehir Konseyi Karaba\u011f\u2019\u0131n ba\u011f\u0131ms\u0131zl\u0131\u011f\u0131n\u0131 tan\u0131yan tasar\u0131y\u0131 kabul etti\",\"datePublished\":\"2020-12-18T08:51:03+00:00\",\"mainEntityOfPage\":{\"@id\":\"https:\\\/\\\/akunq.net\\\/tr\\\/?p=60635\"},\"wordCount\":177,\"commentCount\":0,\"image\":{\"@id\":\"https:\\\/\\\/akunq.net\\\/tr\\\/?p=60635#primaryimage\"},\"thumbnailUrl\":\"https:\\\/\\\/akunq.net\\\/tr\\\/wp-content\\\/uploads\\\/sites\\\/6\\\/2020\\\/12\\\/Karaba\u011f-2.jpg\",\"articleSection\":[\"Haberler\"],\"inLanguage\":\"en-US\",\"potentialAction\":[{\"@type\":\"CommentAction\",\"name\":\"Comment\",\"target\":[\"https:\\\/\\\/akunq.net\\\/tr\\\/?p=60635#respond\"]}]},{\"@type\":\"WebPage\",\"@id\":\"https:\\\/\\\/akunq.net\\\/tr\\\/?p=60635\",\"url\":\"https:\\\/\\\/akunq.net\\\/tr\\\/?p=60635\",\"name\":\"Fransa\u2019n\u0131n Clamart \u015eehir Konseyi Karaba\u011f\u2019\u0131n ba\u011f\u0131ms\u0131zl\u0131\u011f\u0131n\u0131 tan\u0131yan tasar\u0131y\u0131 kabul etti - Bati Ermenistan Ve Bati Ermenileri Sorunlari Ara\u015ftirmalar Merkezi\",\"isPartOf\":{\"@id\":\"https:\\\/\\\/akunq.net\\\/tr\\\/#website\"},\"primaryImageOfPage\":{\"@id\":\"https:\\\/\\\/akunq.net\\\/tr\\\/?p=60635#primaryimage\"},\"image\":{\"@id\":\"https:\\\/\\\/akunq.net\\\/tr\\\/?p=60635#primaryimage\"},\"thumbnailUrl\":\"https:\\\/\\\/akunq.net\\\/tr\\\/wp-content\\\/uploads\\\/sites\\\/6\\\/2020\\\/12\\\/Karaba\u011f-2.jpg\",\"datePublished\":\"2020-12-18T08:51:03+00:00\",\"author\":{\"@id\":\"https:\\\/\\\/akunq.net\\\/tr\\\/#\\\/schema\\\/person\\\/096f1d38a12cce57fb855b485ed24c9e\"},\"breadcrumb\":{\"@id\":\"https:\\\/\\\/akunq.net\\\/tr\\\/?p=60635#breadcrumb\"},\"inLanguage\":\"en-US\",\"potentialAction\":[{\"@type\":\"ReadAction\",\"target\":[\"https:\\\/\\\/akunq.net\\\/tr\\\/?p=60635\"]}]},{\"@type\":\"ImageObject\",\"inLanguage\":\"en-US\",\"@id\":\"https:\\\/\\\/akunq.net\\\/tr\\\/?p=60635#primaryimage\",\"url\":\"https:\\\/\\\/akunq.net\\\/tr\\\/wp-content\\\/uploads\\\/sites\\\/6\\\/2020\\\/12\\\/Karaba\u011f-2.jpg\",\"contentUrl\":\"https:\\\/\\\/akunq.net\\\/tr\\\/wp-content\\\/uploads\\\/sites\\\/6\\\/2020\\\/12\\\/Karaba\u011f-2.jpg\",\"width\":670,\"height\":450},{\"@type\":\"BreadcrumbList\",\"@id\":\"https:\\\/\\\/akunq.net\\\/tr\\\/?p=60635#breadcrumb\",\"itemListElement\":[{\"@type\":\"ListItem\",\"position\":1,\"name\":\"Home\",\"item\":\"https:\\\/\\\/akunq.net\\\/tr\"},{\"@type\":\"ListItem\",\"position\":2,\"name\":\"Fransa\u2019n\u0131n Clamart \u015eehir Konseyi Karaba\u011f\u2019\u0131n ba\u011f\u0131ms\u0131zl\u0131\u011f\u0131n\u0131 tan\u0131yan tasar\u0131y\u0131 kabul etti\"}]},{\"@type\":\"WebSite\",\"@id\":\"https:\\\/\\\/akunq.net\\\/tr\\\/#website\",\"url\":\"https:\\\/\\\/akunq.net\\\/tr\\\/\",\"name\":\"Bati Ermenistan Ve Bati Ermenileri Sorunlari Ara\u015ftirmalar Merkezi\",\"description\":\"\",\"potentialAction\":[{\"@type\":\"SearchAction\",\"target\":{\"@type\":\"EntryPoint\",\"urlTemplate\":\"https:\\\/\\\/akunq.net\\\/tr\\\/?s={search_term_string}\"},\"query-input\":{\"@type\":\"PropertyValueSpecification\",\"valueRequired\":true,\"valueName\":\"search_term_string\"}}],\"inLanguage\":\"en-US\"},{\"@type\":\"Person\",\"@id\":\"https:\\\/\\\/akunq.net\\\/tr\\\/#\\\/schema\\\/person\\\/096f1d38a12cce57fb855b485ed24c9e\",\"name\":\"admin\",\"url\":\"https:\\\/\\\/akunq.net\\\/tr\\\/?author=7\"}]}<\/script>\n<!-- \/ Yoast SEO plugin. -->","yoast_head_json":{"title":"Fransa\u2019n\u0131n Clamart \u015eehir Konseyi Karaba\u011f\u2019\u0131n ba\u011f\u0131ms\u0131zl\u0131\u011f\u0131n\u0131 tan\u0131yan tasar\u0131y\u0131 kabul etti - Bati Ermenistan Ve Bati Ermenileri Sorunlari Ara\u015ftirmalar Merkezi","robots":{"index":"index","follow":"follow","max-snippet":"max-snippet:-1","max-image-preview":"max-image-preview:large","max-video-preview":"max-video-preview:-1"},"canonical":"https:\/\/akunq.net\/tr\/?p=60635","og_locale":"en_US","og_type":"article","og_title":"Fransa\u2019n\u0131n Clamart \u015eehir Konseyi Karaba\u011f\u2019\u0131n ba\u011f\u0131ms\u0131zl\u0131\u011f\u0131n\u0131 tan\u0131yan tasar\u0131y\u0131 kabul etti - Bati Ermenistan Ve Bati Ermenileri Sorunlari Ara\u015ftirmalar Merkezi","og_description":"Artsakh Cumhuriyeti (Karaba\u011f) D\u0131\u015fi\u015fleri Bakanl\u0131\u011f\u0131n\u0131n aktard\u0131\u011f\u0131 bilgilere g\u00f6re Fransa\u2019n\u0131n Clamart \u015eehir Konseyi Azerbaycan-Karaba\u011f anla\u015fmazl\u0131\u011f\u0131n nihai \u00e7\u00f6z\u00fcm\u00fc ve Artsakh Cumhuriyeti\u2019nin ba\u011f\u0131ms\u0131zl\u0131\u011f\u0131n\u0131n tan\u0131mas\u0131na ili\u015fkin tasar\u0131 kabul etti. Tasar\u0131da yer alan ifadelere g\u00f6re Fransa, Ermenistan ile tarihsel dostluk ili\u015fkilerinden dolay\u0131 meselenin kal\u0131c\u0131 ve bar\u0131\u015f\u00e7\u0131l \u00e7\u00f6z\u00fcm\u00fcne katk\u0131da bulunmal\u0131. Ayr\u0131ca, Fransa \u0130nsan haklar\u0131n\u0131 savunan bir \u00fclke olarak halklar\u0131n kendi kaderini [&hellip;]","og_url":"https:\/\/akunq.net\/tr\/?p=60635","og_site_name":"Bati Ermenistan Ve Bati Ermenileri Sorunlari Ara\u015ftirmalar Merkezi","article_published_time":"2020-12-18T08:51:03+00:00","og_image":[{"width":670,"height":450,"url":"https:\/\/akunq.net\/tr\/wp-content\/uploads\/sites\/6\/2020\/12\/Karaba\u011f-2.jpg","type":"image\/jpeg"}],"author":"admin","twitter_card":"summary_large_image","twitter_misc":{"Written by":"admin","Est. reading time":"1 minute"},"schema":{"@context":"https:\/\/schema.org","@graph":[{"@type":"Article","@id":"https:\/\/akunq.net\/tr\/?p=60635#article","isPartOf":{"@id":"https:\/\/akunq.net\/tr\/?p=60635"},"author":{"name":"admin","@id":"https:\/\/akunq.net\/tr\/#\/schema\/person\/096f1d38a12cce57fb855b485ed24c9e"},"headline":"Fransa\u2019n\u0131n Clamart \u015eehir Konseyi Karaba\u011f\u2019\u0131n ba\u011f\u0131ms\u0131zl\u0131\u011f\u0131n\u0131 tan\u0131yan tasar\u0131y\u0131 kabul etti","datePublished":"2020-12-18T08:51:03+00:00","mainEntityOfPage":{"@id":"https:\/\/akunq.net\/tr\/?p=60635"},"wordCount":177,"commentCount":0,"image":{"@id":"https:\/\/akunq.net\/tr\/?p=60635#primaryimage"},"thumbnailUrl":"https:\/\/akunq.net\/tr\/wp-content\/uploads\/sites\/6\/2020\/12\/Karaba\u011f-2.jpg","articleSection":["Haberler"],"inLanguage":"en-US","potentialAction":[{"@type":"CommentAction","name":"Comment","target":["https:\/\/akunq.net\/tr\/?p=60635#respond"]}]},{"@type":"WebPage","@id":"https:\/\/akunq.net\/tr\/?p=60635","url":"https:\/\/akunq.net\/tr\/?p=60635","name":"Fransa\u2019n\u0131n Clamart \u015eehir Konseyi Karaba\u011f\u2019\u0131n ba\u011f\u0131ms\u0131zl\u0131\u011f\u0131n\u0131 tan\u0131yan tasar\u0131y\u0131 kabul etti - Bati Ermenistan Ve Bati Ermenileri Sorunlari Ara\u015ftirmalar Merkezi","isPartOf":{"@id":"https:\/\/akunq.net\/tr\/#website"},"primaryImageOfPage":{"@id":"https:\/\/akunq.net\/tr\/?p=60635#primaryimage"},"image":{"@id":"https:\/\/akunq.net\/tr\/?p=60635#primaryimage"},"thumbnailUrl":"https:\/\/akunq.net\/tr\/wp-content\/uploads\/sites\/6\/2020\/12\/Karaba\u011f-2.jpg","datePublished":"2020-12-18T08:51:03+00:00","author":{"@id":"https:\/\/akunq.net\/tr\/#\/schema\/person\/096f1d38a12cce57fb855b485ed24c9e"},"breadcrumb":{"@id":"https:\/\/akunq.net\/tr\/?p=60635#breadcrumb"},"inLanguage":"en-US","potentialAction":[{"@type":"ReadAction","target":["https:\/\/akunq.net\/tr\/?p=60635"]}]},{"@type":"ImageObject","inLanguage":"en-US","@id":"https:\/\/akunq.net\/tr\/?p=60635#primaryimage","url":"https:\/\/akunq.net\/tr\/wp-content\/uploads\/sites\/6\/2020\/12\/Karaba\u011f-2.jpg","contentUrl":"https:\/\/akunq.net\/tr\/wp-content\/uploads\/sites\/6\/2020\/12\/Karaba\u011f-2.jpg","width":670,"height":450},{"@type":"BreadcrumbList","@id":"https:\/\/akunq.net\/tr\/?p=60635#breadcrumb","itemListElement":[{"@type":"ListItem","position":1,"name":"Home","item":"https:\/\/akunq.net\/tr"},{"@type":"ListItem","position":2,"name":"Fransa\u2019n\u0131n Clamart \u015eehir Konseyi Karaba\u011f\u2019\u0131n ba\u011f\u0131ms\u0131zl\u0131\u011f\u0131n\u0131 tan\u0131yan tasar\u0131y\u0131 kabul etti"}]},{"@type":"WebSite","@id":"https:\/\/akunq.net\/tr\/#website","url":"https:\/\/akunq.net\/tr\/","name":"Bati Ermenistan Ve Bati Ermenileri Sorunlari Ara\u015ftirmalar Merkezi","description":"","potentialAction":[{"@type":"SearchAction","target":{"@type":"EntryPoint","urlTemplate":"https:\/\/akunq.net\/tr\/?s={search_term_string}"},"query-input":{"@type":"PropertyValueSpecification","valueRequired":true,"valueName":"search_term_string"}}],"inLanguage":"en-US"},{"@type":"Person","@id":"https:\/\/akunq.net\/tr\/#\/schema\/person\/096f1d38a12cce57fb855b485ed24c9e","name":"admin","url":"https:\/\/akunq.net\/tr\/?author=7"}]}},"_links":{"self":[{"href":"https:\/\/akunq.net\/tr\/index.php?rest_route=\/wp\/v2\/posts\/60635","targetHints":{"allow":["GET"]}}],"collection":[{"href":"https:\/\/akunq.net\/tr\/index.php?rest_route=\/wp\/v2\/posts"}],"about":[{"href":"https:\/\/akunq.net\/tr\/index.php?rest_route=\/wp\/v2\/types\/post"}],"author":[{"embeddable":true,"href":"https:\/\/akunq.net\/tr\/index.php?rest_route=\/wp\/v2\/users\/7"}],"replies":[{"embeddable":true,"href":"https:\/\/akunq.net\/tr\/index.php?rest_route=%2Fwp%2Fv2%2Fcomments&post=60635"}],"version-history":[{"count":1,"href":"https:\/\/akunq.net\/tr\/index.php?rest_route=\/wp\/v2\/posts\/60635\/revisions"}],"predecessor-version":[{"id":60637,"href":"https:\/\/akunq.net\/tr\/index.php?rest_route=\/wp\/v2\/posts\/60635\/revisions\/60637"}],"wp:featuredmedia":[{"embeddable":true,"href":"https:\/\/akunq.net\/tr\/index.php?rest_route=\/wp\/v2\/media\/60636"}],"wp:attachment":[{"href":"https:\/\/akunq.net\/tr\/index.php?rest_route=%2Fwp%2Fv2%2Fmedia&parent=60635"}],"wp:term":[{"taxonomy":"category","embeddable":true,"href":"https:\/\/akunq.net\/tr\/index.php?rest_route=%2Fwp%2Fv2%2Fcategories&post=60635"},{"taxonomy":"post_tag","embeddable":true,"href":"https:\/\/akunq.net\/tr\/index.php?rest_route=%2Fwp%2Fv2%2Ftags&post=60635"}],"curies":[{"name":"wp","href":"https:\/\/api.w.org\/{rel}","templated":true}]}}