{"id":60613,"date":"2020-12-17T04:00:16","date_gmt":"2020-12-17T09:00:16","guid":{"rendered":"https:\/\/akunq.net\/tr\/?p=60613"},"modified":"2020-12-17T04:00:16","modified_gmt":"2020-12-17T09:00:16","slug":"ermenistandan-azerbaycan-onlarca-askerimizi-esir-aldi-iddiasi","status":"publish","type":"post","link":"https:\/\/akunq.net\/tr\/?p=60613","title":{"rendered":"Ermenistan&#8217;dan &#8216;Azerbaycan onlarca askerimizi esir ald\u0131&#8217; iddias\u0131"},"content":{"rendered":"<p><img loading=\"lazy\" decoding=\"async\" class=\"aligncenter size-medium wp-image-60614\" src=\"https:\/\/akunq.net\/tr\/wp-content\/uploads\/2020\/12\/Artsakh-360x210.jpeg\" alt=\"\" width=\"360\" height=\"210\" srcset=\"https:\/\/akunq.net\/tr\/wp-content\/uploads\/sites\/6\/2020\/12\/Artsakh-360x210.jpeg 360w, https:\/\/akunq.net\/tr\/wp-content\/uploads\/sites\/6\/2020\/12\/Artsakh-768x448.jpeg 768w, https:\/\/akunq.net\/tr\/wp-content\/uploads\/sites\/6\/2020\/12\/Artsakh-560x326.jpeg 560w, https:\/\/akunq.net\/tr\/wp-content\/uploads\/sites\/6\/2020\/12\/Artsakh-260x152.jpeg 260w, https:\/\/akunq.net\/tr\/wp-content\/uploads\/sites\/6\/2020\/12\/Artsakh-160x93.jpeg 160w, https:\/\/akunq.net\/tr\/wp-content\/uploads\/sites\/6\/2020\/12\/Artsakh.jpeg 786w\" sizes=\"auto, (max-width: 360px) 100vw, 360px\" \/><\/p>\n<p><em><strong>Da\u011fl\u0131k Karaba\u011f\u2019daki Ermeni toplumunun lideri (Artsakh Cumhuriyeti Devlet Ba\u015fkan\u0131-&#8216;Akunq&#8217; web sitesi) Araik Arutyunyan, Azeri g\u00fc\u00e7lerini birka\u00e7 d\u00fczine Ermeni askeri esir alarak ge\u00e7en ay imzalanan ate\u015fkes anla\u015fmas\u0131n\u0131 ihlal etmekle su\u00e7lad\u0131.<\/strong><\/em><\/p>\n<p>Bu a\u00e7\u0131klamadan k\u0131sa s\u00fcre \u00f6nce Da\u011fl\u0131k Karaba\u011f&#8217;daki Ermeni toplumunun savunma bakanl\u0131\u011f\u0131 sal\u0131 g\u00fcn\u00fc ge\u00e7 saatlerde, \u00e7ok say\u0131da askeri mevki ile temas\u0131 kaybetti\u011fini a\u00e7\u0131klam\u0131\u015ft\u0131. Arutyunyan ise Facebook hesab\u0131ndan yapt\u0131\u011f\u0131 payla\u015f\u0131mda s\u00f6z konusu askerlerin Azerbaycan taraf\u0131ndan esir al\u0131nd\u0131\u011f\u0131n\u0131 s\u00f6yleyerek Bak\u00fc y\u00f6netimini &#8220;provokasyonla&#8221; su\u00e7lad\u0131.<\/p>\n<p>Savunma Bakanl\u0131\u011f\u0131&#8217;n\u0131n olay\u0131n detaylar\u0131n\u0131 ara\u015ft\u0131rd\u0131\u011f\u0131n\u0131 belirten politikac\u0131, &#8220;Maalesef Khtsaberd yak\u0131nlar\u0131nda onlarca askerimiz esir d\u00fc\u015ft\u00fc&#8221; dedi.<\/p>\n<p>10 Kas\u0131m&#8217;da Azerbaycan ile Ermenistan aras\u0131nda Yukar\u0131 Karaba\u011f&#8217;da ya\u015fanan kanl\u0131 \u00e7at\u0131\u015fmalar Rusya&#8217;n\u0131n arabuluculu\u011funda imzalanan ate\u015fkes anla\u015fmas\u0131 ile sonlanm\u0131\u015ft\u0131. Rus askeri g\u00fc\u00e7leri ate\u015fkesin kontrol\u00fc i\u00e7in b\u00f6lgeye yerle\u015ftirilmi\u015fti.<\/p>\n<p>Ge\u00e7en cumartesi Yerevan ve Bak\u00fc y\u00f6netimleri birbirlerini ate\u015fkesi <a href=\"https:\/\/tr.euronews.com\/2020\/12\/12\/ermenistan-dan-iddia-azerbaycan-ordusu-dagl-k-karabag-da-sald-r-duzenleyerek-anlasmay-ihla\">ihlal etmekle su\u00e7lam\u0131\u015ft\u0131.<\/a>\u00a0Azerbaycan d\u00f6rt, Ermenistan ise alt\u0131 askerinin \u00e7at\u0131\u015fmalarda hayat\u0131n\u0131 kaybetti\u011fini d<a href=\"https:\/\/tr.euronews.com\/2020\/12\/13\/dagl-k-karabag-da-cat-smalar-yeniden-mi-basl-yor-azerbaycan-4-askeri-kay-p-verdik\">uyurmu\u015ftu.<\/a><\/p>\n<p>Sal\u0131 g\u00fcn\u00fc ise iki taraf esir de\u011fi\u015fimi yapm\u0131\u015f Ermenistan&#8217;a 44, Azerbaycan&#8217;a ise 12 asker\u00a0<a href=\"https:\/\/tr.euronews.com\/2020\/12\/15\/dagl-k-karabag-da-esir-degisimi-ermenistan-a-44-ve-azerbaycan-a-12-esir-iade-edildi\">iade edilmi\u015fti<\/a>.<\/p>\n<p><em><strong>https:\/\/tr.euronews.com\/2020\/12\/16\/ermenistan-dan-azerbaycan-onlarca-askerimizi-esir-ald-iddias\u00a0<\/strong><\/em><\/p>\n","protected":false},"excerpt":{"rendered":"<p>Da\u011fl\u0131k Karaba\u011f\u2019daki Ermeni toplumunun lideri (Artsakh Cumhuriyeti Devlet Ba\u015fkan\u0131-&#8216;Akunq&#8217; web sitesi) Araik Arutyunyan, Azeri g\u00fc\u00e7lerini birka\u00e7 d\u00fczine Ermeni askeri esir alarak ge\u00e7en ay imzalanan ate\u015fkes anla\u015fmas\u0131n\u0131 ihlal etmekle su\u00e7lad\u0131. Bu a\u00e7\u0131klamadan k\u0131sa s\u00fcre \u00f6nce Da\u011fl\u0131k Karaba\u011f&#8217;daki Ermeni toplumunun savunma bakanl\u0131\u011f\u0131 sal\u0131 g\u00fcn\u00fc ge\u00e7 saatlerde, \u00e7ok say\u0131da askeri mevki ile temas\u0131 kaybetti\u011fini a\u00e7\u0131klam\u0131\u015ft\u0131. Arutyunyan ise Facebook [&hellip;]<\/p>\n","protected":false},"author":7,"featured_media":60614,"comment_status":"open","ping_status":"open","sticky":false,"template":"","format":"standard","meta":{"footnotes":""},"categories":[1],"tags":[],"class_list":["post-60613","post","type-post","status-publish","format-standard","has-post-thumbnail","hentry","category-haberler"],"yoast_head":"<!-- This site is optimized with the Yoast SEO plugin v27.4 - https:\/\/yoast.com\/product\/yoast-seo-wordpress\/ -->\n<title>Ermenistan&#039;dan &#039;Azerbaycan onlarca askerimizi esir ald\u0131&#039; iddias\u0131 - Bati Ermenistan Ve Bati Ermenileri Sorunlari Ara\u015ftirmalar Merkezi<\/title>\n<meta name=\"robots\" content=\"index, follow, max-snippet:-1, max-image-preview:large, max-video-preview:-1\" \/>\n<link rel=\"canonical\" href=\"https:\/\/akunq.net\/tr\/?p=60613\" \/>\n<meta property=\"og:locale\" content=\"en_US\" \/>\n<meta property=\"og:type\" content=\"article\" \/>\n<meta property=\"og:title\" content=\"Ermenistan&#039;dan &#039;Azerbaycan onlarca askerimizi esir ald\u0131&#039; iddias\u0131 - Bati Ermenistan Ve Bati Ermenileri Sorunlari Ara\u015ftirmalar Merkezi\" \/>\n<meta property=\"og:description\" content=\"Da\u011fl\u0131k Karaba\u011f\u2019daki Ermeni toplumunun lideri (Artsakh Cumhuriyeti Devlet Ba\u015fkan\u0131-&#8216;Akunq&#8217; web sitesi) Araik Arutyunyan, Azeri g\u00fc\u00e7lerini birka\u00e7 d\u00fczine Ermeni askeri esir alarak ge\u00e7en ay imzalanan ate\u015fkes anla\u015fmas\u0131n\u0131 ihlal etmekle su\u00e7lad\u0131. Bu a\u00e7\u0131klamadan k\u0131sa s\u00fcre \u00f6nce Da\u011fl\u0131k Karaba\u011f&#8217;daki Ermeni toplumunun savunma bakanl\u0131\u011f\u0131 sal\u0131 g\u00fcn\u00fc ge\u00e7 saatlerde, \u00e7ok say\u0131da askeri mevki ile temas\u0131 kaybetti\u011fini a\u00e7\u0131klam\u0131\u015ft\u0131. Arutyunyan ise Facebook [&hellip;]\" \/>\n<meta property=\"og:url\" content=\"https:\/\/akunq.net\/tr\/?p=60613\" \/>\n<meta property=\"og:site_name\" content=\"Bati Ermenistan Ve Bati Ermenileri Sorunlari Ara\u015ftirmalar Merkezi\" \/>\n<meta property=\"article:published_time\" content=\"2020-12-17T09:00:16+00:00\" \/>\n<meta property=\"og:image\" content=\"https:\/\/akunq.net\/tr\/wp-content\/uploads\/sites\/6\/2020\/12\/Artsakh.jpeg\" \/>\n\t<meta property=\"og:image:width\" content=\"786\" \/>\n\t<meta property=\"og:image:height\" content=\"458\" \/>\n\t<meta property=\"og:image:type\" content=\"image\/jpeg\" \/>\n<meta name=\"author\" content=\"admin\" \/>\n<meta name=\"twitter:card\" content=\"summary_large_image\" \/>\n<meta name=\"twitter:label1\" content=\"Written by\" \/>\n\t<meta name=\"twitter:data1\" content=\"admin\" \/>\n\t<meta name=\"twitter:label2\" content=\"Est. reading time\" \/>\n\t<meta name=\"twitter:data2\" content=\"1 minute\" \/>\n<script type=\"application\/ld+json\" class=\"yoast-schema-graph\">{\"@context\":\"https:\\\/\\\/schema.org\",\"@graph\":[{\"@type\":\"Article\",\"@id\":\"https:\\\/\\\/akunq.net\\\/tr\\\/?p=60613#article\",\"isPartOf\":{\"@id\":\"https:\\\/\\\/akunq.net\\\/tr\\\/?p=60613\"},\"author\":{\"name\":\"admin\",\"@id\":\"https:\\\/\\\/akunq.net\\\/tr\\\/#\\\/schema\\\/person\\\/096f1d38a12cce57fb855b485ed24c9e\"},\"headline\":\"Ermenistan&#8217;dan &#8216;Azerbaycan onlarca askerimizi esir ald\u0131&#8217; iddias\u0131\",\"datePublished\":\"2020-12-17T09:00:16+00:00\",\"mainEntityOfPage\":{\"@id\":\"https:\\\/\\\/akunq.net\\\/tr\\\/?p=60613\"},\"wordCount\":230,\"commentCount\":0,\"image\":{\"@id\":\"https:\\\/\\\/akunq.net\\\/tr\\\/?p=60613#primaryimage\"},\"thumbnailUrl\":\"https:\\\/\\\/akunq.net\\\/tr\\\/wp-content\\\/uploads\\\/sites\\\/6\\\/2020\\\/12\\\/Artsakh.jpeg\",\"articleSection\":[\"Haberler\"],\"inLanguage\":\"en-US\",\"potentialAction\":[{\"@type\":\"CommentAction\",\"name\":\"Comment\",\"target\":[\"https:\\\/\\\/akunq.net\\\/tr\\\/?p=60613#respond\"]}]},{\"@type\":\"WebPage\",\"@id\":\"https:\\\/\\\/akunq.net\\\/tr\\\/?p=60613\",\"url\":\"https:\\\/\\\/akunq.net\\\/tr\\\/?p=60613\",\"name\":\"Ermenistan'dan 'Azerbaycan onlarca askerimizi esir ald\u0131' iddias\u0131 - Bati Ermenistan Ve Bati Ermenileri Sorunlari Ara\u015ftirmalar Merkezi\",\"isPartOf\":{\"@id\":\"https:\\\/\\\/akunq.net\\\/tr\\\/#website\"},\"primaryImageOfPage\":{\"@id\":\"https:\\\/\\\/akunq.net\\\/tr\\\/?p=60613#primaryimage\"},\"image\":{\"@id\":\"https:\\\/\\\/akunq.net\\\/tr\\\/?p=60613#primaryimage\"},\"thumbnailUrl\":\"https:\\\/\\\/akunq.net\\\/tr\\\/wp-content\\\/uploads\\\/sites\\\/6\\\/2020\\\/12\\\/Artsakh.jpeg\",\"datePublished\":\"2020-12-17T09:00:16+00:00\",\"author\":{\"@id\":\"https:\\\/\\\/akunq.net\\\/tr\\\/#\\\/schema\\\/person\\\/096f1d38a12cce57fb855b485ed24c9e\"},\"breadcrumb\":{\"@id\":\"https:\\\/\\\/akunq.net\\\/tr\\\/?p=60613#breadcrumb\"},\"inLanguage\":\"en-US\",\"potentialAction\":[{\"@type\":\"ReadAction\",\"target\":[\"https:\\\/\\\/akunq.net\\\/tr\\\/?p=60613\"]}]},{\"@type\":\"ImageObject\",\"inLanguage\":\"en-US\",\"@id\":\"https:\\\/\\\/akunq.net\\\/tr\\\/?p=60613#primaryimage\",\"url\":\"https:\\\/\\\/akunq.net\\\/tr\\\/wp-content\\\/uploads\\\/sites\\\/6\\\/2020\\\/12\\\/Artsakh.jpeg\",\"contentUrl\":\"https:\\\/\\\/akunq.net\\\/tr\\\/wp-content\\\/uploads\\\/sites\\\/6\\\/2020\\\/12\\\/Artsakh.jpeg\",\"width\":786,\"height\":458},{\"@type\":\"BreadcrumbList\",\"@id\":\"https:\\\/\\\/akunq.net\\\/tr\\\/?p=60613#breadcrumb\",\"itemListElement\":[{\"@type\":\"ListItem\",\"position\":1,\"name\":\"Home\",\"item\":\"https:\\\/\\\/akunq.net\\\/tr\"},{\"@type\":\"ListItem\",\"position\":2,\"name\":\"Ermenistan&#8217;dan &#8216;Azerbaycan onlarca askerimizi esir ald\u0131&#8217; iddias\u0131\"}]},{\"@type\":\"WebSite\",\"@id\":\"https:\\\/\\\/akunq.net\\\/tr\\\/#website\",\"url\":\"https:\\\/\\\/akunq.net\\\/tr\\\/\",\"name\":\"Bati Ermenistan Ve Bati Ermenileri Sorunlari Ara\u015ftirmalar Merkezi\",\"description\":\"\",\"potentialAction\":[{\"@type\":\"SearchAction\",\"target\":{\"@type\":\"EntryPoint\",\"urlTemplate\":\"https:\\\/\\\/akunq.net\\\/tr\\\/?s={search_term_string}\"},\"query-input\":{\"@type\":\"PropertyValueSpecification\",\"valueRequired\":true,\"valueName\":\"search_term_string\"}}],\"inLanguage\":\"en-US\"},{\"@type\":\"Person\",\"@id\":\"https:\\\/\\\/akunq.net\\\/tr\\\/#\\\/schema\\\/person\\\/096f1d38a12cce57fb855b485ed24c9e\",\"name\":\"admin\",\"url\":\"https:\\\/\\\/akunq.net\\\/tr\\\/?author=7\"}]}<\/script>\n<!-- \/ Yoast SEO plugin. -->","yoast_head_json":{"title":"Ermenistan'dan 'Azerbaycan onlarca askerimizi esir ald\u0131' iddias\u0131 - Bati Ermenistan Ve Bati Ermenileri Sorunlari Ara\u015ftirmalar Merkezi","robots":{"index":"index","follow":"follow","max-snippet":"max-snippet:-1","max-image-preview":"max-image-preview:large","max-video-preview":"max-video-preview:-1"},"canonical":"https:\/\/akunq.net\/tr\/?p=60613","og_locale":"en_US","og_type":"article","og_title":"Ermenistan'dan 'Azerbaycan onlarca askerimizi esir ald\u0131' iddias\u0131 - Bati Ermenistan Ve Bati Ermenileri Sorunlari Ara\u015ftirmalar Merkezi","og_description":"Da\u011fl\u0131k Karaba\u011f\u2019daki Ermeni toplumunun lideri (Artsakh Cumhuriyeti Devlet Ba\u015fkan\u0131-&#8216;Akunq&#8217; web sitesi) Araik Arutyunyan, Azeri g\u00fc\u00e7lerini birka\u00e7 d\u00fczine Ermeni askeri esir alarak ge\u00e7en ay imzalanan ate\u015fkes anla\u015fmas\u0131n\u0131 ihlal etmekle su\u00e7lad\u0131. Bu a\u00e7\u0131klamadan k\u0131sa s\u00fcre \u00f6nce Da\u011fl\u0131k Karaba\u011f&#8217;daki Ermeni toplumunun savunma bakanl\u0131\u011f\u0131 sal\u0131 g\u00fcn\u00fc ge\u00e7 saatlerde, \u00e7ok say\u0131da askeri mevki ile temas\u0131 kaybetti\u011fini a\u00e7\u0131klam\u0131\u015ft\u0131. Arutyunyan ise Facebook [&hellip;]","og_url":"https:\/\/akunq.net\/tr\/?p=60613","og_site_name":"Bati Ermenistan Ve Bati Ermenileri Sorunlari Ara\u015ftirmalar Merkezi","article_published_time":"2020-12-17T09:00:16+00:00","og_image":[{"width":786,"height":458,"url":"https:\/\/akunq.net\/tr\/wp-content\/uploads\/sites\/6\/2020\/12\/Artsakh.jpeg","type":"image\/jpeg"}],"author":"admin","twitter_card":"summary_large_image","twitter_misc":{"Written by":"admin","Est. reading time":"1 minute"},"schema":{"@context":"https:\/\/schema.org","@graph":[{"@type":"Article","@id":"https:\/\/akunq.net\/tr\/?p=60613#article","isPartOf":{"@id":"https:\/\/akunq.net\/tr\/?p=60613"},"author":{"name":"admin","@id":"https:\/\/akunq.net\/tr\/#\/schema\/person\/096f1d38a12cce57fb855b485ed24c9e"},"headline":"Ermenistan&#8217;dan &#8216;Azerbaycan onlarca askerimizi esir ald\u0131&#8217; iddias\u0131","datePublished":"2020-12-17T09:00:16+00:00","mainEntityOfPage":{"@id":"https:\/\/akunq.net\/tr\/?p=60613"},"wordCount":230,"commentCount":0,"image":{"@id":"https:\/\/akunq.net\/tr\/?p=60613#primaryimage"},"thumbnailUrl":"https:\/\/akunq.net\/tr\/wp-content\/uploads\/sites\/6\/2020\/12\/Artsakh.jpeg","articleSection":["Haberler"],"inLanguage":"en-US","potentialAction":[{"@type":"CommentAction","name":"Comment","target":["https:\/\/akunq.net\/tr\/?p=60613#respond"]}]},{"@type":"WebPage","@id":"https:\/\/akunq.net\/tr\/?p=60613","url":"https:\/\/akunq.net\/tr\/?p=60613","name":"Ermenistan'dan 'Azerbaycan onlarca askerimizi esir ald\u0131' iddias\u0131 - Bati Ermenistan Ve Bati Ermenileri Sorunlari Ara\u015ftirmalar Merkezi","isPartOf":{"@id":"https:\/\/akunq.net\/tr\/#website"},"primaryImageOfPage":{"@id":"https:\/\/akunq.net\/tr\/?p=60613#primaryimage"},"image":{"@id":"https:\/\/akunq.net\/tr\/?p=60613#primaryimage"},"thumbnailUrl":"https:\/\/akunq.net\/tr\/wp-content\/uploads\/sites\/6\/2020\/12\/Artsakh.jpeg","datePublished":"2020-12-17T09:00:16+00:00","author":{"@id":"https:\/\/akunq.net\/tr\/#\/schema\/person\/096f1d38a12cce57fb855b485ed24c9e"},"breadcrumb":{"@id":"https:\/\/akunq.net\/tr\/?p=60613#breadcrumb"},"inLanguage":"en-US","potentialAction":[{"@type":"ReadAction","target":["https:\/\/akunq.net\/tr\/?p=60613"]}]},{"@type":"ImageObject","inLanguage":"en-US","@id":"https:\/\/akunq.net\/tr\/?p=60613#primaryimage","url":"https:\/\/akunq.net\/tr\/wp-content\/uploads\/sites\/6\/2020\/12\/Artsakh.jpeg","contentUrl":"https:\/\/akunq.net\/tr\/wp-content\/uploads\/sites\/6\/2020\/12\/Artsakh.jpeg","width":786,"height":458},{"@type":"BreadcrumbList","@id":"https:\/\/akunq.net\/tr\/?p=60613#breadcrumb","itemListElement":[{"@type":"ListItem","position":1,"name":"Home","item":"https:\/\/akunq.net\/tr"},{"@type":"ListItem","position":2,"name":"Ermenistan&#8217;dan &#8216;Azerbaycan onlarca askerimizi esir ald\u0131&#8217; iddias\u0131"}]},{"@type":"WebSite","@id":"https:\/\/akunq.net\/tr\/#website","url":"https:\/\/akunq.net\/tr\/","name":"Bati Ermenistan Ve Bati Ermenileri Sorunlari Ara\u015ftirmalar Merkezi","description":"","potentialAction":[{"@type":"SearchAction","target":{"@type":"EntryPoint","urlTemplate":"https:\/\/akunq.net\/tr\/?s={search_term_string}"},"query-input":{"@type":"PropertyValueSpecification","valueRequired":true,"valueName":"search_term_string"}}],"inLanguage":"en-US"},{"@type":"Person","@id":"https:\/\/akunq.net\/tr\/#\/schema\/person\/096f1d38a12cce57fb855b485ed24c9e","name":"admin","url":"https:\/\/akunq.net\/tr\/?author=7"}]}},"_links":{"self":[{"href":"https:\/\/akunq.net\/tr\/index.php?rest_route=\/wp\/v2\/posts\/60613","targetHints":{"allow":["GET"]}}],"collection":[{"href":"https:\/\/akunq.net\/tr\/index.php?rest_route=\/wp\/v2\/posts"}],"about":[{"href":"https:\/\/akunq.net\/tr\/index.php?rest_route=\/wp\/v2\/types\/post"}],"author":[{"embeddable":true,"href":"https:\/\/akunq.net\/tr\/index.php?rest_route=\/wp\/v2\/users\/7"}],"replies":[{"embeddable":true,"href":"https:\/\/akunq.net\/tr\/index.php?rest_route=%2Fwp%2Fv2%2Fcomments&post=60613"}],"version-history":[{"count":1,"href":"https:\/\/akunq.net\/tr\/index.php?rest_route=\/wp\/v2\/posts\/60613\/revisions"}],"predecessor-version":[{"id":60615,"href":"https:\/\/akunq.net\/tr\/index.php?rest_route=\/wp\/v2\/posts\/60613\/revisions\/60615"}],"wp:featuredmedia":[{"embeddable":true,"href":"https:\/\/akunq.net\/tr\/index.php?rest_route=\/wp\/v2\/media\/60614"}],"wp:attachment":[{"href":"https:\/\/akunq.net\/tr\/index.php?rest_route=%2Fwp%2Fv2%2Fmedia&parent=60613"}],"wp:term":[{"taxonomy":"category","embeddable":true,"href":"https:\/\/akunq.net\/tr\/index.php?rest_route=%2Fwp%2Fv2%2Fcategories&post=60613"},{"taxonomy":"post_tag","embeddable":true,"href":"https:\/\/akunq.net\/tr\/index.php?rest_route=%2Fwp%2Fv2%2Ftags&post=60613"}],"curies":[{"name":"wp","href":"https:\/\/api.w.org\/{rel}","templated":true}]}}