{"id":60609,"date":"2020-12-17T03:37:20","date_gmt":"2020-12-17T08:37:20","guid":{"rendered":"https:\/\/akunq.net\/tr\/?p=60609"},"modified":"2020-12-17T03:37:20","modified_gmt":"2020-12-17T08:37:20","slug":"avrupa-parlamentosunda-daglik-karabag-ile-dostluk-ve-dayanisma-grubu-olusturuldu","status":"publish","type":"post","link":"https:\/\/akunq.net\/tr\/?p=60609","title":{"rendered":"Avrupa Parlamentosu\u2019nda Da\u011fl\u0131k Karaba\u011f ile dostluk ve dayan\u0131\u015fma grubu olu\u015fturuldu"},"content":{"rendered":"<p><img loading=\"lazy\" decoding=\"async\" class=\"aligncenter size-medium wp-image-60610\" src=\"https:\/\/akunq.net\/tr\/wp-content\/uploads\/2020\/12\/Avrupa-Parlamentosu-360x225.jpg\" alt=\"\" width=\"360\" height=\"225\" srcset=\"https:\/\/akunq.net\/tr\/wp-content\/uploads\/sites\/6\/2020\/12\/Avrupa-Parlamentosu-360x225.jpg 360w, https:\/\/akunq.net\/tr\/wp-content\/uploads\/sites\/6\/2020\/12\/Avrupa-Parlamentosu-560x350.jpg 560w, https:\/\/akunq.net\/tr\/wp-content\/uploads\/sites\/6\/2020\/12\/Avrupa-Parlamentosu-260x162.jpg 260w, https:\/\/akunq.net\/tr\/wp-content\/uploads\/sites\/6\/2020\/12\/Avrupa-Parlamentosu-160x100.jpg 160w, https:\/\/akunq.net\/tr\/wp-content\/uploads\/sites\/6\/2020\/12\/Avrupa-Parlamentosu.jpg 700w\" sizes=\"auto, (max-width: 360px) 100vw, 360px\" \/><\/p>\n<p><em><strong>Avrupa Parlamentosu\u2019nda Artsakh Cumhuriyeti (Da\u011fl\u0131k Karaba\u011f) ile dostluk ve dayan\u0131\u015fma grubu olu\u015fturuldu. Partiler aras\u0131nda b\u00f6yle bir grubun olu\u015fturmas\u0131na Avrupa Parlamentosu \u00fcyeleri Fran\u00e7ois Alphonse (Fransa), Sylvie Guillaume (Fransa) ve Peter van Dale (Hollanda) katk\u0131da bulundular ve bu proje, onlar\u0131n giri\u015fimiyle ger\u00e7ekle\u015ftirildi.<\/strong><\/em><\/p>\n<p>Bu \u00fc\u00e7 milletvekili, Avrupa Parlamentosu\u2019nun \u00fcyelerine mektup g\u00f6nderip Karaba\u011f Ermenilerinin g\u00fcvenli\u011fi\u00a0 ve fiziksel varl\u0131\u011f\u0131 i\u00e7in endi\u015feli olan t\u00fcm insanlara grubun \u00e7al\u0131\u015fmalar\u0131na kat\u0131lma \u00e7a\u011fr\u0131s\u0131nda bulundular.<\/p>\n<p>Dostluk grubunun amac\u0131 kendi vatan\u0131n\u0131n kaybeden ve bask\u0131lara maruz kalan Artsakh Ermenilerini destek olmakt\u0131r.<\/p>\n<p>A\u00e7\u0131klamada Karaba\u011f Ermenilerinin etnik temizlik tehlikesiyle kar\u015f\u0131 kar\u015f\u0131ya olduklar\u0131n\u0131 ve bunu \u00f6nlemek i\u00e7in Avrupa Birli\u011fi\u2019nin gereken ad\u0131mlar\u0131 atmas\u0131 gerekti\u011fini ifade edildi. Bu ba\u011flamda Avrupa Parlamentosu \u00fcyelerine g\u00f6re uluslararas\u0131 kamuoyu Artsakh iktidar\u0131n\u0131 resmen tan\u0131mal\u0131.<\/p>\n<p><em><strong>https:\/\/www.ermenihaber.am\/tr\/news\/2020\/12\/16\/Avrupa-Parlamentosu-Da%C4%9Fl%C4%B1k-Karaba%C4%9F-dostluk-grubu\/199547\u00a0<\/strong><\/em><\/p>\n","protected":false},"excerpt":{"rendered":"<p>Avrupa Parlamentosu\u2019nda Artsakh Cumhuriyeti (Da\u011fl\u0131k Karaba\u011f) ile dostluk ve dayan\u0131\u015fma grubu olu\u015fturuldu. Partiler aras\u0131nda b\u00f6yle bir grubun olu\u015fturmas\u0131na Avrupa Parlamentosu \u00fcyeleri Fran\u00e7ois Alphonse (Fransa), Sylvie Guillaume (Fransa) ve Peter van Dale (Hollanda) katk\u0131da bulundular ve bu proje, onlar\u0131n giri\u015fimiyle ger\u00e7ekle\u015ftirildi. Bu \u00fc\u00e7 milletvekili, Avrupa Parlamentosu\u2019nun \u00fcyelerine mektup g\u00f6nderip Karaba\u011f Ermenilerinin g\u00fcvenli\u011fi\u00a0 ve fiziksel varl\u0131\u011f\u0131 i\u00e7in [&hellip;]<\/p>\n","protected":false},"author":7,"featured_media":60610,"comment_status":"open","ping_status":"open","sticky":false,"template":"","format":"standard","meta":{"footnotes":""},"categories":[1],"tags":[],"class_list":["post-60609","post","type-post","status-publish","format-standard","has-post-thumbnail","hentry","category-haberler"],"yoast_head":"<!-- This site is optimized with the Yoast SEO plugin v27.4 - https:\/\/yoast.com\/product\/yoast-seo-wordpress\/ -->\n<title>Avrupa Parlamentosu\u2019nda Da\u011fl\u0131k Karaba\u011f ile dostluk ve dayan\u0131\u015fma grubu olu\u015fturuldu - Bati Ermenistan Ve Bati Ermenileri Sorunlari Ara\u015ftirmalar Merkezi<\/title>\n<meta name=\"robots\" content=\"index, follow, max-snippet:-1, max-image-preview:large, max-video-preview:-1\" \/>\n<link rel=\"canonical\" href=\"https:\/\/akunq.net\/tr\/?p=60609\" \/>\n<meta property=\"og:locale\" content=\"en_US\" \/>\n<meta property=\"og:type\" content=\"article\" \/>\n<meta property=\"og:title\" content=\"Avrupa Parlamentosu\u2019nda Da\u011fl\u0131k Karaba\u011f ile dostluk ve dayan\u0131\u015fma grubu olu\u015fturuldu - Bati Ermenistan Ve Bati Ermenileri Sorunlari Ara\u015ftirmalar Merkezi\" \/>\n<meta property=\"og:description\" content=\"Avrupa Parlamentosu\u2019nda Artsakh Cumhuriyeti (Da\u011fl\u0131k Karaba\u011f) ile dostluk ve dayan\u0131\u015fma grubu olu\u015fturuldu. Partiler aras\u0131nda b\u00f6yle bir grubun olu\u015fturmas\u0131na Avrupa Parlamentosu \u00fcyeleri Fran\u00e7ois Alphonse (Fransa), Sylvie Guillaume (Fransa) ve Peter van Dale (Hollanda) katk\u0131da bulundular ve bu proje, onlar\u0131n giri\u015fimiyle ger\u00e7ekle\u015ftirildi. Bu \u00fc\u00e7 milletvekili, Avrupa Parlamentosu\u2019nun \u00fcyelerine mektup g\u00f6nderip Karaba\u011f Ermenilerinin g\u00fcvenli\u011fi\u00a0 ve fiziksel varl\u0131\u011f\u0131 i\u00e7in [&hellip;]\" \/>\n<meta property=\"og:url\" content=\"https:\/\/akunq.net\/tr\/?p=60609\" \/>\n<meta property=\"og:site_name\" content=\"Bati Ermenistan Ve Bati Ermenileri Sorunlari Ara\u015ftirmalar Merkezi\" \/>\n<meta property=\"article:published_time\" content=\"2020-12-17T08:37:20+00:00\" \/>\n<meta property=\"og:image\" content=\"https:\/\/akunq.net\/tr\/wp-content\/uploads\/sites\/6\/2020\/12\/Avrupa-Parlamentosu.jpg\" \/>\n\t<meta property=\"og:image:width\" content=\"700\" \/>\n\t<meta property=\"og:image:height\" content=\"437\" \/>\n\t<meta property=\"og:image:type\" content=\"image\/jpeg\" \/>\n<meta name=\"author\" content=\"admin\" \/>\n<meta name=\"twitter:card\" content=\"summary_large_image\" \/>\n<meta name=\"twitter:label1\" content=\"Written by\" \/>\n\t<meta name=\"twitter:data1\" content=\"admin\" \/>\n\t<meta name=\"twitter:label2\" content=\"Est. reading time\" \/>\n\t<meta name=\"twitter:data2\" content=\"1 minute\" \/>\n<script type=\"application\/ld+json\" class=\"yoast-schema-graph\">{\"@context\":\"https:\\\/\\\/schema.org\",\"@graph\":[{\"@type\":\"Article\",\"@id\":\"https:\\\/\\\/akunq.net\\\/tr\\\/?p=60609#article\",\"isPartOf\":{\"@id\":\"https:\\\/\\\/akunq.net\\\/tr\\\/?p=60609\"},\"author\":{\"name\":\"admin\",\"@id\":\"https:\\\/\\\/akunq.net\\\/tr\\\/#\\\/schema\\\/person\\\/096f1d38a12cce57fb855b485ed24c9e\"},\"headline\":\"Avrupa Parlamentosu\u2019nda Da\u011fl\u0131k Karaba\u011f ile dostluk ve dayan\u0131\u015fma grubu olu\u015fturuldu\",\"datePublished\":\"2020-12-17T08:37:20+00:00\",\"mainEntityOfPage\":{\"@id\":\"https:\\\/\\\/akunq.net\\\/tr\\\/?p=60609\"},\"wordCount\":183,\"commentCount\":0,\"image\":{\"@id\":\"https:\\\/\\\/akunq.net\\\/tr\\\/?p=60609#primaryimage\"},\"thumbnailUrl\":\"https:\\\/\\\/akunq.net\\\/tr\\\/wp-content\\\/uploads\\\/sites\\\/6\\\/2020\\\/12\\\/Avrupa-Parlamentosu.jpg\",\"articleSection\":[\"Haberler\"],\"inLanguage\":\"en-US\",\"potentialAction\":[{\"@type\":\"CommentAction\",\"name\":\"Comment\",\"target\":[\"https:\\\/\\\/akunq.net\\\/tr\\\/?p=60609#respond\"]}]},{\"@type\":\"WebPage\",\"@id\":\"https:\\\/\\\/akunq.net\\\/tr\\\/?p=60609\",\"url\":\"https:\\\/\\\/akunq.net\\\/tr\\\/?p=60609\",\"name\":\"Avrupa Parlamentosu\u2019nda Da\u011fl\u0131k Karaba\u011f ile dostluk ve dayan\u0131\u015fma grubu olu\u015fturuldu - Bati Ermenistan Ve Bati Ermenileri Sorunlari Ara\u015ftirmalar Merkezi\",\"isPartOf\":{\"@id\":\"https:\\\/\\\/akunq.net\\\/tr\\\/#website\"},\"primaryImageOfPage\":{\"@id\":\"https:\\\/\\\/akunq.net\\\/tr\\\/?p=60609#primaryimage\"},\"image\":{\"@id\":\"https:\\\/\\\/akunq.net\\\/tr\\\/?p=60609#primaryimage\"},\"thumbnailUrl\":\"https:\\\/\\\/akunq.net\\\/tr\\\/wp-content\\\/uploads\\\/sites\\\/6\\\/2020\\\/12\\\/Avrupa-Parlamentosu.jpg\",\"datePublished\":\"2020-12-17T08:37:20+00:00\",\"author\":{\"@id\":\"https:\\\/\\\/akunq.net\\\/tr\\\/#\\\/schema\\\/person\\\/096f1d38a12cce57fb855b485ed24c9e\"},\"breadcrumb\":{\"@id\":\"https:\\\/\\\/akunq.net\\\/tr\\\/?p=60609#breadcrumb\"},\"inLanguage\":\"en-US\",\"potentialAction\":[{\"@type\":\"ReadAction\",\"target\":[\"https:\\\/\\\/akunq.net\\\/tr\\\/?p=60609\"]}]},{\"@type\":\"ImageObject\",\"inLanguage\":\"en-US\",\"@id\":\"https:\\\/\\\/akunq.net\\\/tr\\\/?p=60609#primaryimage\",\"url\":\"https:\\\/\\\/akunq.net\\\/tr\\\/wp-content\\\/uploads\\\/sites\\\/6\\\/2020\\\/12\\\/Avrupa-Parlamentosu.jpg\",\"contentUrl\":\"https:\\\/\\\/akunq.net\\\/tr\\\/wp-content\\\/uploads\\\/sites\\\/6\\\/2020\\\/12\\\/Avrupa-Parlamentosu.jpg\",\"width\":700,\"height\":437},{\"@type\":\"BreadcrumbList\",\"@id\":\"https:\\\/\\\/akunq.net\\\/tr\\\/?p=60609#breadcrumb\",\"itemListElement\":[{\"@type\":\"ListItem\",\"position\":1,\"name\":\"Home\",\"item\":\"https:\\\/\\\/akunq.net\\\/tr\"},{\"@type\":\"ListItem\",\"position\":2,\"name\":\"Avrupa Parlamentosu\u2019nda Da\u011fl\u0131k Karaba\u011f ile dostluk ve dayan\u0131\u015fma grubu olu\u015fturuldu\"}]},{\"@type\":\"WebSite\",\"@id\":\"https:\\\/\\\/akunq.net\\\/tr\\\/#website\",\"url\":\"https:\\\/\\\/akunq.net\\\/tr\\\/\",\"name\":\"Bati Ermenistan Ve Bati Ermenileri Sorunlari Ara\u015ftirmalar Merkezi\",\"description\":\"\",\"potentialAction\":[{\"@type\":\"SearchAction\",\"target\":{\"@type\":\"EntryPoint\",\"urlTemplate\":\"https:\\\/\\\/akunq.net\\\/tr\\\/?s={search_term_string}\"},\"query-input\":{\"@type\":\"PropertyValueSpecification\",\"valueRequired\":true,\"valueName\":\"search_term_string\"}}],\"inLanguage\":\"en-US\"},{\"@type\":\"Person\",\"@id\":\"https:\\\/\\\/akunq.net\\\/tr\\\/#\\\/schema\\\/person\\\/096f1d38a12cce57fb855b485ed24c9e\",\"name\":\"admin\",\"url\":\"https:\\\/\\\/akunq.net\\\/tr\\\/?author=7\"}]}<\/script>\n<!-- \/ Yoast SEO plugin. -->","yoast_head_json":{"title":"Avrupa Parlamentosu\u2019nda Da\u011fl\u0131k Karaba\u011f ile dostluk ve dayan\u0131\u015fma grubu olu\u015fturuldu - Bati Ermenistan Ve Bati Ermenileri Sorunlari Ara\u015ftirmalar Merkezi","robots":{"index":"index","follow":"follow","max-snippet":"max-snippet:-1","max-image-preview":"max-image-preview:large","max-video-preview":"max-video-preview:-1"},"canonical":"https:\/\/akunq.net\/tr\/?p=60609","og_locale":"en_US","og_type":"article","og_title":"Avrupa Parlamentosu\u2019nda Da\u011fl\u0131k Karaba\u011f ile dostluk ve dayan\u0131\u015fma grubu olu\u015fturuldu - Bati Ermenistan Ve Bati Ermenileri Sorunlari Ara\u015ftirmalar Merkezi","og_description":"Avrupa Parlamentosu\u2019nda Artsakh Cumhuriyeti (Da\u011fl\u0131k Karaba\u011f) ile dostluk ve dayan\u0131\u015fma grubu olu\u015fturuldu. Partiler aras\u0131nda b\u00f6yle bir grubun olu\u015fturmas\u0131na Avrupa Parlamentosu \u00fcyeleri Fran\u00e7ois Alphonse (Fransa), Sylvie Guillaume (Fransa) ve Peter van Dale (Hollanda) katk\u0131da bulundular ve bu proje, onlar\u0131n giri\u015fimiyle ger\u00e7ekle\u015ftirildi. Bu \u00fc\u00e7 milletvekili, Avrupa Parlamentosu\u2019nun \u00fcyelerine mektup g\u00f6nderip Karaba\u011f Ermenilerinin g\u00fcvenli\u011fi\u00a0 ve fiziksel varl\u0131\u011f\u0131 i\u00e7in [&hellip;]","og_url":"https:\/\/akunq.net\/tr\/?p=60609","og_site_name":"Bati Ermenistan Ve Bati Ermenileri Sorunlari Ara\u015ftirmalar Merkezi","article_published_time":"2020-12-17T08:37:20+00:00","og_image":[{"width":700,"height":437,"url":"https:\/\/akunq.net\/tr\/wp-content\/uploads\/sites\/6\/2020\/12\/Avrupa-Parlamentosu.jpg","type":"image\/jpeg"}],"author":"admin","twitter_card":"summary_large_image","twitter_misc":{"Written by":"admin","Est. reading time":"1 minute"},"schema":{"@context":"https:\/\/schema.org","@graph":[{"@type":"Article","@id":"https:\/\/akunq.net\/tr\/?p=60609#article","isPartOf":{"@id":"https:\/\/akunq.net\/tr\/?p=60609"},"author":{"name":"admin","@id":"https:\/\/akunq.net\/tr\/#\/schema\/person\/096f1d38a12cce57fb855b485ed24c9e"},"headline":"Avrupa Parlamentosu\u2019nda Da\u011fl\u0131k Karaba\u011f ile dostluk ve dayan\u0131\u015fma grubu olu\u015fturuldu","datePublished":"2020-12-17T08:37:20+00:00","mainEntityOfPage":{"@id":"https:\/\/akunq.net\/tr\/?p=60609"},"wordCount":183,"commentCount":0,"image":{"@id":"https:\/\/akunq.net\/tr\/?p=60609#primaryimage"},"thumbnailUrl":"https:\/\/akunq.net\/tr\/wp-content\/uploads\/sites\/6\/2020\/12\/Avrupa-Parlamentosu.jpg","articleSection":["Haberler"],"inLanguage":"en-US","potentialAction":[{"@type":"CommentAction","name":"Comment","target":["https:\/\/akunq.net\/tr\/?p=60609#respond"]}]},{"@type":"WebPage","@id":"https:\/\/akunq.net\/tr\/?p=60609","url":"https:\/\/akunq.net\/tr\/?p=60609","name":"Avrupa Parlamentosu\u2019nda Da\u011fl\u0131k Karaba\u011f ile dostluk ve dayan\u0131\u015fma grubu olu\u015fturuldu - Bati Ermenistan Ve Bati Ermenileri Sorunlari Ara\u015ftirmalar Merkezi","isPartOf":{"@id":"https:\/\/akunq.net\/tr\/#website"},"primaryImageOfPage":{"@id":"https:\/\/akunq.net\/tr\/?p=60609#primaryimage"},"image":{"@id":"https:\/\/akunq.net\/tr\/?p=60609#primaryimage"},"thumbnailUrl":"https:\/\/akunq.net\/tr\/wp-content\/uploads\/sites\/6\/2020\/12\/Avrupa-Parlamentosu.jpg","datePublished":"2020-12-17T08:37:20+00:00","author":{"@id":"https:\/\/akunq.net\/tr\/#\/schema\/person\/096f1d38a12cce57fb855b485ed24c9e"},"breadcrumb":{"@id":"https:\/\/akunq.net\/tr\/?p=60609#breadcrumb"},"inLanguage":"en-US","potentialAction":[{"@type":"ReadAction","target":["https:\/\/akunq.net\/tr\/?p=60609"]}]},{"@type":"ImageObject","inLanguage":"en-US","@id":"https:\/\/akunq.net\/tr\/?p=60609#primaryimage","url":"https:\/\/akunq.net\/tr\/wp-content\/uploads\/sites\/6\/2020\/12\/Avrupa-Parlamentosu.jpg","contentUrl":"https:\/\/akunq.net\/tr\/wp-content\/uploads\/sites\/6\/2020\/12\/Avrupa-Parlamentosu.jpg","width":700,"height":437},{"@type":"BreadcrumbList","@id":"https:\/\/akunq.net\/tr\/?p=60609#breadcrumb","itemListElement":[{"@type":"ListItem","position":1,"name":"Home","item":"https:\/\/akunq.net\/tr"},{"@type":"ListItem","position":2,"name":"Avrupa Parlamentosu\u2019nda Da\u011fl\u0131k Karaba\u011f ile dostluk ve dayan\u0131\u015fma grubu olu\u015fturuldu"}]},{"@type":"WebSite","@id":"https:\/\/akunq.net\/tr\/#website","url":"https:\/\/akunq.net\/tr\/","name":"Bati Ermenistan Ve Bati Ermenileri Sorunlari Ara\u015ftirmalar Merkezi","description":"","potentialAction":[{"@type":"SearchAction","target":{"@type":"EntryPoint","urlTemplate":"https:\/\/akunq.net\/tr\/?s={search_term_string}"},"query-input":{"@type":"PropertyValueSpecification","valueRequired":true,"valueName":"search_term_string"}}],"inLanguage":"en-US"},{"@type":"Person","@id":"https:\/\/akunq.net\/tr\/#\/schema\/person\/096f1d38a12cce57fb855b485ed24c9e","name":"admin","url":"https:\/\/akunq.net\/tr\/?author=7"}]}},"_links":{"self":[{"href":"https:\/\/akunq.net\/tr\/index.php?rest_route=\/wp\/v2\/posts\/60609","targetHints":{"allow":["GET"]}}],"collection":[{"href":"https:\/\/akunq.net\/tr\/index.php?rest_route=\/wp\/v2\/posts"}],"about":[{"href":"https:\/\/akunq.net\/tr\/index.php?rest_route=\/wp\/v2\/types\/post"}],"author":[{"embeddable":true,"href":"https:\/\/akunq.net\/tr\/index.php?rest_route=\/wp\/v2\/users\/7"}],"replies":[{"embeddable":true,"href":"https:\/\/akunq.net\/tr\/index.php?rest_route=%2Fwp%2Fv2%2Fcomments&post=60609"}],"version-history":[{"count":1,"href":"https:\/\/akunq.net\/tr\/index.php?rest_route=\/wp\/v2\/posts\/60609\/revisions"}],"predecessor-version":[{"id":60611,"href":"https:\/\/akunq.net\/tr\/index.php?rest_route=\/wp\/v2\/posts\/60609\/revisions\/60611"}],"wp:featuredmedia":[{"embeddable":true,"href":"https:\/\/akunq.net\/tr\/index.php?rest_route=\/wp\/v2\/media\/60610"}],"wp:attachment":[{"href":"https:\/\/akunq.net\/tr\/index.php?rest_route=%2Fwp%2Fv2%2Fmedia&parent=60609"}],"wp:term":[{"taxonomy":"category","embeddable":true,"href":"https:\/\/akunq.net\/tr\/index.php?rest_route=%2Fwp%2Fv2%2Fcategories&post=60609"},{"taxonomy":"post_tag","embeddable":true,"href":"https:\/\/akunq.net\/tr\/index.php?rest_route=%2Fwp%2Fv2%2Ftags&post=60609"}],"curies":[{"name":"wp","href":"https:\/\/api.w.org\/{rel}","templated":true}]}}