{"id":60598,"date":"2020-12-16T04:38:05","date_gmt":"2020-12-16T09:38:05","guid":{"rendered":"https:\/\/akunq.net\/tr\/?p=60598"},"modified":"2020-12-16T04:38:05","modified_gmt":"2020-12-16T09:38:05","slug":"guardian-karabagda-basi-kesilerek-oldurulen-iki-sivilin-kimligini-belirledi","status":"publish","type":"post","link":"https:\/\/akunq.net\/tr\/?p=60598","title":{"rendered":"Guardian Karaba\u011f\u2019da ba\u015f\u0131 kesilerek \u00f6ld\u00fcr\u00fclen iki sivilin kimli\u011fini belirledi"},"content":{"rendered":"<p><img loading=\"lazy\" decoding=\"async\" class=\"aligncenter size-medium wp-image-60599\" src=\"https:\/\/akunq.net\/tr\/wp-content\/uploads\/2020\/12\/Karaba\u011f-360x240.jpg\" alt=\"\" width=\"360\" height=\"240\" srcset=\"https:\/\/akunq.net\/tr\/wp-content\/uploads\/sites\/6\/2020\/12\/Karaba\u011f-360x240.jpg 360w, https:\/\/akunq.net\/tr\/wp-content\/uploads\/sites\/6\/2020\/12\/Karaba\u011f-260x173.jpg 260w, https:\/\/akunq.net\/tr\/wp-content\/uploads\/sites\/6\/2020\/12\/Karaba\u011f-160x107.jpg 160w, https:\/\/akunq.net\/tr\/wp-content\/uploads\/sites\/6\/2020\/12\/Karaba\u011f.jpg 500w\" sizes=\"auto, (max-width: 360px) 100vw, 360px\" \/><\/p>\n<p><em><strong>\u0130ngiltere\u2019de yay\u0131mlanan Guardian gazetesi, Da\u011fl\u0131k Karaba\u011f\u2019daki (Artsakh Cumhuriyeti-&#8216;Akunq&#8217; web sitesi) \u00e7at\u0131\u015fmalar s\u0131ras\u0131nda Azerbaycan askeri kamuflajlar\u0131 giymi\u015f ki\u015filer taraf\u0131ndan kafas\u0131 kesilerek \u00f6ld\u00fcr\u00fclen iki Ermeni sivilin kimli\u011fini belirledi\u011fini yazd\u0131.<\/strong><\/em><\/p>\n<p>Gazetenin Moskova muhabiri Andrew Roth\u2019un\u00a0<a href=\"https:\/\/hyetert.org\/2020\/12\/15\/two-men-beheaded-in-videos-from-nagorno-karabakh-war-identified\/\">haberine<\/a>\u00a0g\u00f6re videolar\u0131 s\u0131k\u00e7a yay\u0131lan iki olayda, iki ya\u015fl\u0131 adam \u00f6ld\u00fcr\u00fcl\u00fcrken g\u00f6r\u00fcl\u00fcyordu.<\/p>\n<p>Guardian, kendi te\u015fhislerinin Da\u011fl\u0131k Karaba\u011f\u2019daki Ermeni y\u00f6netiminin insan haklar\u0131 ombudsman\u0131n\u0131n te\u015fhisiyle de uydu\u011funu, iki Ermeni insan haklar\u0131 avukat\u0131n\u0131n olayla ilgili dava a\u00e7aca\u011f\u0131n\u0131 yazd\u0131.<\/p>\n<p>Te\u015fhis edilen ki\u015filerden biri Madata\u015fen k\u00f6y\u00fcnde ya\u015fayan 69 ya\u015f\u0131ndaki Genadi Petrosyan. Guardian\u2019a bu ki\u015fiyi te\u015fhis eden iki k\u00f6yl\u00fc, onun 1980\u2019lerde Azerbaycan\u2019daki Sumgay\u0131t\u2019tan ta\u015f\u0131narak k\u00f6ye yerle\u015fti\u011fini s\u00f6yledi.<\/p>\n<p>22 Kas\u0131m ve 3 Aral\u0131k\u2019ta ortaya \u00e7\u0131kan iki videoda, Azerbaycan ordusuna ait \u00fcniformalar\u0131 giyen ki\u015filerin Petrosyan\u2019\u0131n kafas\u0131n\u0131 kesti\u011fi, ard\u0131ndan da \u00f6l\u00fc bir hayvan\u0131n \u00fczerine koydu\u011fu g\u00f6r\u00fcl\u00fcyor, kamera arkas\u0131ndan birinin de \u201cBiz b\u00f6yle intikam al\u0131r\u0131z, kafa keserek\u201d dedi\u011fi duyuluyordu.<\/p>\n<p>Petrosyan\u2019\u0131n kom\u015fusu olan k\u00f6y okulu m\u00fcd\u00fcr\u00fc Gayane Petrosyan, ya\u015fl\u0131 adam\u0131n k\u00f6y\u00fc terk etmek istemedi\u011fini, bir kom\u015fusunun onu arabayla g\u00f6t\u00fcrmeye \u00e7al\u0131\u015fmas\u0131 s\u0131ras\u0131nda da kap\u0131y\u0131 a\u00e7\u0131p y\u00fcr\u00fcyerek k\u00f6ye d\u00f6nd\u00fc\u011f\u00fcn\u00fc anlatt\u0131.<\/p>\n<p>Petrosyan ailesini 30 y\u0131ldan uzun s\u00fcredir tan\u0131d\u0131\u011f\u0131n\u0131 ve onlarla yak\u0131n dost olduklar\u0131n\u0131 s\u00f6yleyen k\u00f6y\u00fcn muhtar\u0131 Eduard<\/p>\n<p>Hayrapetyan ise Petrosyan\u2019dan en son 28 Ekim sabah\u0131 telefon ald\u0131\u011f\u0131n\u0131, \u201cD\u00fc\u015fman k\u00f6ye yakla\u015f\u0131yor\u201d dedi\u011fini aktar\u0131yor.Hayrapetyan o g\u00f6r\u00fc\u015fmelerinden sonra bir hafta boyunca hi\u00e7 haber alamad\u0131\u011f\u0131n\u0131, sonra da bu videonun ortaya \u00e7\u0131kt\u0131\u011f\u0131n\u0131 anlat\u0131yor.<\/p>\n<p>Guardian, 7 Aral\u0131k\u2019ta bir Telegram kanal\u0131nda payla\u015f\u0131lan, Azeri \u00fcniformas\u0131 giymi\u015f iki ki\u015finin ya\u015fl\u0131 bir adam\u0131 a\u011faca ba\u011flayarak bo\u011faz\u0131n\u0131 kesti\u011fi bir videoyu da inceledi.<\/p>\n<p>Gazeteye konu\u015fan Azokh k\u00f6y\u00fcnden \u00fc\u00e7 ki\u015fi, videoda \u00f6ld\u00fcr\u00fclen ki\u015finin k\u00f6y\u00fcn\u00fc terk etmeyi reddeden, bir inziva hayat\u0131 ya\u015fayan 82 ya\u015f\u0131ndaki Yuri Asryan oldu\u011funu s\u00f6yledi.<\/p>\n<p>2019\u2019a kadar k\u00f6y\u00fcn muhtarl\u0131\u011f\u0131n\u0131 yapan Georgi Avesyan, \u201cDi\u011fer insanlarla pek konu\u015fmazd\u0131. K\u00f6yden \u00e7\u0131kmay\u0131 reddetti\u201d dedi.<\/p>\n<p>K\u00f6y\u00fcn \u015fimdiki muhtar\u0131 Araik Azumanyan da hem k\u00f6yl\u00fclerden hem de k\u00f6y\u00fc y\u0131llar \u00f6nce terk etmi\u015f ki\u015filerden telefonlar ald\u0131\u011f\u0131n\u0131, videodakinin Asryan\u2019a benzedi\u011fini s\u00f6ylediklerini aktar\u0131yor.<\/p>\n<p>Bir di\u011fer k\u00f6yl\u00fc ise \u201c\u0130zledikten sonra kendime gelemedim. Tansiyonum var, bir hafta boyunca kendimi toparlayamad\u0131m\u201d diyor.<br \/>\n\u0130nsan haklar\u0131 ombudsman\u0131 Beglaryan ve insan haklar\u0131 avukat\u0131 Sahakyan da Asryan\u2019\u0131n kimli\u011fini teyit ettiklerini s\u00f6yl\u00fcyor.<\/p>\n<p>Azerbaycan Ba\u015fsavc\u0131l\u0131\u011f\u0131, sava\u015fta iki taraf\u0131n da i\u015fledi\u011fi su\u00e7lara dair soru\u015fturma ba\u015flatt\u0131\u011f\u0131n\u0131 ge\u00e7en ay duyurmu\u015ftu.<\/p>\n<p>Pazartesi g\u00fcn\u00fc ise iki Azeri askeri Ermeni cesetlerine zarar verme, iki asker de mezarlara zarar verme su\u00e7lamas\u0131yla tutuklad\u0131.<\/p>\n<p>Kafa kesme videolar\u0131 hakk\u0131nda hen\u00fcz soru\u015fturma a\u00e7\u0131lmad\u0131.<\/p>\n<p>Sahakyan Azerbaycan\u2019\u0131n elinde esir durumdaki Ermeni askerlerinden 75\u2019inin durumunu Avrupa \u0130nsan Haklar\u0131 Mahkemesi\u2019ne (A\u0130HM) ta\u015f\u0131d\u0131klar\u0131n\u0131, bunlardan 35\u2019inin videolu kan\u0131t\u0131 oldu\u011funu s\u00f6yledi.<\/p>\n<p>Avrupa Konseyi \u0130nsan Haklar\u0131 Komiserli\u011fi de ellerine gelen videolar\u0131 incelediklerini ve yak\u0131nda b\u00f6lgeye bir misyon g\u00f6ndermeyi planlad\u0131klar\u0131n\u0131 a\u00e7\u0131klad\u0131.<\/p>\n<p>Uluslararas\u0131 Af \u00d6rg\u00fct\u00fc, Ermenistan ve Azerbaycan\u2019dan sava\u015f su\u00e7u iddialar\u0131n\u0131 soru\u015fturmas\u0131n\u0131 istemi\u015fti.<\/p>\n<p>Guardian, ilerleyerek \u00e7ok say\u0131da b\u00f6lgeyi ele ge\u00e7iren Azerbaycan ordusuna ait g\u00f6r\u00fcnt\u00fclerin say\u0131ca daha fazla oldu\u011funu aktar\u0131yor.<\/p>\n<p>Guardian\u2019a g\u00f6re i\u015fkence ve k\u00f6t\u00fc muameleye dair yeni videolar bu t\u00fcr uygulamalar\u0131n, \u00e7at\u0131\u015fman\u0131n bitmesine ra\u011fmen devam etti\u011fini g\u00f6steriyor.<\/p>\n<p>\u0130nsan Haklar\u0131 \u0130zleme \u00d6rg\u00fct\u00fc\u2019nden (HRW) Tanya Lokshina \u201cErmeniler ve Azeriler her g\u00fcn bu t\u00fcr videolarla kar\u015f\u0131la\u015f\u0131yor. Bu her iki tarafta da kamuoyu hassasiyetlerini rahats\u0131z eden yeni \u015fok dalgalar\u0131na yol a\u00e7\u0131yor\u201d diyor ve ekliyor:<\/p>\n<p>\u201c\u00c7at\u0131\u015fmalar\u0131n bitmi\u015f olmas\u0131na ra\u011fmen bu travmalar da nefreti art\u0131r\u0131yor.\u201d<\/p>\n<hr \/>\n<p><strong><em><a href=\"http:\/\/www.agos.com.tr\/tr\/yazi\/25063\/guardian-karabag-da-basi-kesilerek-oldurulen-iki-sivilin-kimligini-belirledi\" target=\"_blank\" rel=\"noopener noreferrer\">Agos<\/a><\/em><\/strong><\/p>\n","protected":false},"excerpt":{"rendered":"<p>\u0130ngiltere\u2019de yay\u0131mlanan Guardian gazetesi, Da\u011fl\u0131k Karaba\u011f\u2019daki (Artsakh Cumhuriyeti-&#8216;Akunq&#8217; web sitesi) \u00e7at\u0131\u015fmalar s\u0131ras\u0131nda Azerbaycan askeri kamuflajlar\u0131 giymi\u015f ki\u015filer taraf\u0131ndan kafas\u0131 kesilerek \u00f6ld\u00fcr\u00fclen iki Ermeni sivilin kimli\u011fini belirledi\u011fini yazd\u0131. Gazetenin Moskova muhabiri Andrew Roth\u2019un\u00a0haberine\u00a0g\u00f6re videolar\u0131 s\u0131k\u00e7a yay\u0131lan iki olayda, iki ya\u015fl\u0131 adam \u00f6ld\u00fcr\u00fcl\u00fcrken g\u00f6r\u00fcl\u00fcyordu. Guardian, kendi te\u015fhislerinin Da\u011fl\u0131k Karaba\u011f\u2019daki Ermeni y\u00f6netiminin insan haklar\u0131 ombudsman\u0131n\u0131n te\u015fhisiyle de uydu\u011funu, [&hellip;]<\/p>\n","protected":false},"author":7,"featured_media":60599,"comment_status":"open","ping_status":"open","sticky":false,"template":"","format":"standard","meta":{"footnotes":""},"categories":[1],"tags":[],"class_list":["post-60598","post","type-post","status-publish","format-standard","has-post-thumbnail","hentry","category-haberler"],"yoast_head":"<!-- This site is optimized with the Yoast SEO plugin v27.4 - https:\/\/yoast.com\/product\/yoast-seo-wordpress\/ -->\n<title>Guardian Karaba\u011f\u2019da ba\u015f\u0131 kesilerek \u00f6ld\u00fcr\u00fclen iki sivilin kimli\u011fini belirledi - Bati Ermenistan Ve Bati Ermenileri Sorunlari Ara\u015ftirmalar Merkezi<\/title>\n<meta name=\"robots\" content=\"index, follow, max-snippet:-1, max-image-preview:large, max-video-preview:-1\" \/>\n<link rel=\"canonical\" href=\"https:\/\/akunq.net\/tr\/?p=60598\" \/>\n<meta property=\"og:locale\" content=\"en_US\" \/>\n<meta property=\"og:type\" content=\"article\" \/>\n<meta property=\"og:title\" content=\"Guardian Karaba\u011f\u2019da ba\u015f\u0131 kesilerek \u00f6ld\u00fcr\u00fclen iki sivilin kimli\u011fini belirledi - Bati Ermenistan Ve Bati Ermenileri Sorunlari Ara\u015ftirmalar Merkezi\" \/>\n<meta property=\"og:description\" content=\"\u0130ngiltere\u2019de yay\u0131mlanan Guardian gazetesi, Da\u011fl\u0131k Karaba\u011f\u2019daki (Artsakh Cumhuriyeti-&#8216;Akunq&#8217; web sitesi) \u00e7at\u0131\u015fmalar s\u0131ras\u0131nda Azerbaycan askeri kamuflajlar\u0131 giymi\u015f ki\u015filer taraf\u0131ndan kafas\u0131 kesilerek \u00f6ld\u00fcr\u00fclen iki Ermeni sivilin kimli\u011fini belirledi\u011fini yazd\u0131. Gazetenin Moskova muhabiri Andrew Roth\u2019un\u00a0haberine\u00a0g\u00f6re videolar\u0131 s\u0131k\u00e7a yay\u0131lan iki olayda, iki ya\u015fl\u0131 adam \u00f6ld\u00fcr\u00fcl\u00fcrken g\u00f6r\u00fcl\u00fcyordu. Guardian, kendi te\u015fhislerinin Da\u011fl\u0131k Karaba\u011f\u2019daki Ermeni y\u00f6netiminin insan haklar\u0131 ombudsman\u0131n\u0131n te\u015fhisiyle de uydu\u011funu, [&hellip;]\" \/>\n<meta property=\"og:url\" content=\"https:\/\/akunq.net\/tr\/?p=60598\" \/>\n<meta property=\"og:site_name\" content=\"Bati Ermenistan Ve Bati Ermenileri Sorunlari Ara\u015ftirmalar Merkezi\" \/>\n<meta property=\"article:published_time\" content=\"2020-12-16T09:38:05+00:00\" \/>\n<meta property=\"og:image\" content=\"https:\/\/akunq.net\/tr\/wp-content\/uploads\/sites\/6\/2020\/12\/Karaba\u011f.jpg\" \/>\n\t<meta property=\"og:image:width\" content=\"500\" \/>\n\t<meta property=\"og:image:height\" content=\"333\" \/>\n\t<meta property=\"og:image:type\" content=\"image\/jpeg\" \/>\n<meta name=\"author\" content=\"admin\" \/>\n<meta name=\"twitter:card\" content=\"summary_large_image\" \/>\n<meta name=\"twitter:label1\" content=\"Written by\" \/>\n\t<meta name=\"twitter:data1\" content=\"admin\" \/>\n\t<meta name=\"twitter:label2\" content=\"Est. reading time\" \/>\n\t<meta name=\"twitter:data2\" content=\"4 minutes\" \/>\n<script type=\"application\/ld+json\" class=\"yoast-schema-graph\">{\"@context\":\"https:\\\/\\\/schema.org\",\"@graph\":[{\"@type\":\"Article\",\"@id\":\"https:\\\/\\\/akunq.net\\\/tr\\\/?p=60598#article\",\"isPartOf\":{\"@id\":\"https:\\\/\\\/akunq.net\\\/tr\\\/?p=60598\"},\"author\":{\"name\":\"admin\",\"@id\":\"https:\\\/\\\/akunq.net\\\/tr\\\/#\\\/schema\\\/person\\\/096f1d38a12cce57fb855b485ed24c9e\"},\"headline\":\"Guardian Karaba\u011f\u2019da ba\u015f\u0131 kesilerek \u00f6ld\u00fcr\u00fclen iki sivilin kimli\u011fini belirledi\",\"datePublished\":\"2020-12-16T09:38:05+00:00\",\"mainEntityOfPage\":{\"@id\":\"https:\\\/\\\/akunq.net\\\/tr\\\/?p=60598\"},\"wordCount\":738,\"commentCount\":0,\"image\":{\"@id\":\"https:\\\/\\\/akunq.net\\\/tr\\\/?p=60598#primaryimage\"},\"thumbnailUrl\":\"https:\\\/\\\/akunq.net\\\/tr\\\/wp-content\\\/uploads\\\/sites\\\/6\\\/2020\\\/12\\\/Karaba\u011f.jpg\",\"articleSection\":[\"Haberler\"],\"inLanguage\":\"en-US\",\"potentialAction\":[{\"@type\":\"CommentAction\",\"name\":\"Comment\",\"target\":[\"https:\\\/\\\/akunq.net\\\/tr\\\/?p=60598#respond\"]}]},{\"@type\":\"WebPage\",\"@id\":\"https:\\\/\\\/akunq.net\\\/tr\\\/?p=60598\",\"url\":\"https:\\\/\\\/akunq.net\\\/tr\\\/?p=60598\",\"name\":\"Guardian Karaba\u011f\u2019da ba\u015f\u0131 kesilerek \u00f6ld\u00fcr\u00fclen iki sivilin kimli\u011fini belirledi - Bati Ermenistan Ve Bati Ermenileri Sorunlari Ara\u015ftirmalar Merkezi\",\"isPartOf\":{\"@id\":\"https:\\\/\\\/akunq.net\\\/tr\\\/#website\"},\"primaryImageOfPage\":{\"@id\":\"https:\\\/\\\/akunq.net\\\/tr\\\/?p=60598#primaryimage\"},\"image\":{\"@id\":\"https:\\\/\\\/akunq.net\\\/tr\\\/?p=60598#primaryimage\"},\"thumbnailUrl\":\"https:\\\/\\\/akunq.net\\\/tr\\\/wp-content\\\/uploads\\\/sites\\\/6\\\/2020\\\/12\\\/Karaba\u011f.jpg\",\"datePublished\":\"2020-12-16T09:38:05+00:00\",\"author\":{\"@id\":\"https:\\\/\\\/akunq.net\\\/tr\\\/#\\\/schema\\\/person\\\/096f1d38a12cce57fb855b485ed24c9e\"},\"breadcrumb\":{\"@id\":\"https:\\\/\\\/akunq.net\\\/tr\\\/?p=60598#breadcrumb\"},\"inLanguage\":\"en-US\",\"potentialAction\":[{\"@type\":\"ReadAction\",\"target\":[\"https:\\\/\\\/akunq.net\\\/tr\\\/?p=60598\"]}]},{\"@type\":\"ImageObject\",\"inLanguage\":\"en-US\",\"@id\":\"https:\\\/\\\/akunq.net\\\/tr\\\/?p=60598#primaryimage\",\"url\":\"https:\\\/\\\/akunq.net\\\/tr\\\/wp-content\\\/uploads\\\/sites\\\/6\\\/2020\\\/12\\\/Karaba\u011f.jpg\",\"contentUrl\":\"https:\\\/\\\/akunq.net\\\/tr\\\/wp-content\\\/uploads\\\/sites\\\/6\\\/2020\\\/12\\\/Karaba\u011f.jpg\",\"width\":500,\"height\":333},{\"@type\":\"BreadcrumbList\",\"@id\":\"https:\\\/\\\/akunq.net\\\/tr\\\/?p=60598#breadcrumb\",\"itemListElement\":[{\"@type\":\"ListItem\",\"position\":1,\"name\":\"Home\",\"item\":\"https:\\\/\\\/akunq.net\\\/tr\"},{\"@type\":\"ListItem\",\"position\":2,\"name\":\"Guardian Karaba\u011f\u2019da ba\u015f\u0131 kesilerek \u00f6ld\u00fcr\u00fclen iki sivilin kimli\u011fini belirledi\"}]},{\"@type\":\"WebSite\",\"@id\":\"https:\\\/\\\/akunq.net\\\/tr\\\/#website\",\"url\":\"https:\\\/\\\/akunq.net\\\/tr\\\/\",\"name\":\"Bati Ermenistan Ve Bati Ermenileri Sorunlari Ara\u015ftirmalar Merkezi\",\"description\":\"\",\"potentialAction\":[{\"@type\":\"SearchAction\",\"target\":{\"@type\":\"EntryPoint\",\"urlTemplate\":\"https:\\\/\\\/akunq.net\\\/tr\\\/?s={search_term_string}\"},\"query-input\":{\"@type\":\"PropertyValueSpecification\",\"valueRequired\":true,\"valueName\":\"search_term_string\"}}],\"inLanguage\":\"en-US\"},{\"@type\":\"Person\",\"@id\":\"https:\\\/\\\/akunq.net\\\/tr\\\/#\\\/schema\\\/person\\\/096f1d38a12cce57fb855b485ed24c9e\",\"name\":\"admin\",\"url\":\"https:\\\/\\\/akunq.net\\\/tr\\\/?author=7\"}]}<\/script>\n<!-- \/ Yoast SEO plugin. -->","yoast_head_json":{"title":"Guardian Karaba\u011f\u2019da ba\u015f\u0131 kesilerek \u00f6ld\u00fcr\u00fclen iki sivilin kimli\u011fini belirledi - Bati Ermenistan Ve Bati Ermenileri Sorunlari Ara\u015ftirmalar Merkezi","robots":{"index":"index","follow":"follow","max-snippet":"max-snippet:-1","max-image-preview":"max-image-preview:large","max-video-preview":"max-video-preview:-1"},"canonical":"https:\/\/akunq.net\/tr\/?p=60598","og_locale":"en_US","og_type":"article","og_title":"Guardian Karaba\u011f\u2019da ba\u015f\u0131 kesilerek \u00f6ld\u00fcr\u00fclen iki sivilin kimli\u011fini belirledi - Bati Ermenistan Ve Bati Ermenileri Sorunlari Ara\u015ftirmalar Merkezi","og_description":"\u0130ngiltere\u2019de yay\u0131mlanan Guardian gazetesi, Da\u011fl\u0131k Karaba\u011f\u2019daki (Artsakh Cumhuriyeti-&#8216;Akunq&#8217; web sitesi) \u00e7at\u0131\u015fmalar s\u0131ras\u0131nda Azerbaycan askeri kamuflajlar\u0131 giymi\u015f ki\u015filer taraf\u0131ndan kafas\u0131 kesilerek \u00f6ld\u00fcr\u00fclen iki Ermeni sivilin kimli\u011fini belirledi\u011fini yazd\u0131. Gazetenin Moskova muhabiri Andrew Roth\u2019un\u00a0haberine\u00a0g\u00f6re videolar\u0131 s\u0131k\u00e7a yay\u0131lan iki olayda, iki ya\u015fl\u0131 adam \u00f6ld\u00fcr\u00fcl\u00fcrken g\u00f6r\u00fcl\u00fcyordu. Guardian, kendi te\u015fhislerinin Da\u011fl\u0131k Karaba\u011f\u2019daki Ermeni y\u00f6netiminin insan haklar\u0131 ombudsman\u0131n\u0131n te\u015fhisiyle de uydu\u011funu, [&hellip;]","og_url":"https:\/\/akunq.net\/tr\/?p=60598","og_site_name":"Bati Ermenistan Ve Bati Ermenileri Sorunlari Ara\u015ftirmalar Merkezi","article_published_time":"2020-12-16T09:38:05+00:00","og_image":[{"width":500,"height":333,"url":"https:\/\/akunq.net\/tr\/wp-content\/uploads\/sites\/6\/2020\/12\/Karaba\u011f.jpg","type":"image\/jpeg"}],"author":"admin","twitter_card":"summary_large_image","twitter_misc":{"Written by":"admin","Est. reading time":"4 minutes"},"schema":{"@context":"https:\/\/schema.org","@graph":[{"@type":"Article","@id":"https:\/\/akunq.net\/tr\/?p=60598#article","isPartOf":{"@id":"https:\/\/akunq.net\/tr\/?p=60598"},"author":{"name":"admin","@id":"https:\/\/akunq.net\/tr\/#\/schema\/person\/096f1d38a12cce57fb855b485ed24c9e"},"headline":"Guardian Karaba\u011f\u2019da ba\u015f\u0131 kesilerek \u00f6ld\u00fcr\u00fclen iki sivilin kimli\u011fini belirledi","datePublished":"2020-12-16T09:38:05+00:00","mainEntityOfPage":{"@id":"https:\/\/akunq.net\/tr\/?p=60598"},"wordCount":738,"commentCount":0,"image":{"@id":"https:\/\/akunq.net\/tr\/?p=60598#primaryimage"},"thumbnailUrl":"https:\/\/akunq.net\/tr\/wp-content\/uploads\/sites\/6\/2020\/12\/Karaba\u011f.jpg","articleSection":["Haberler"],"inLanguage":"en-US","potentialAction":[{"@type":"CommentAction","name":"Comment","target":["https:\/\/akunq.net\/tr\/?p=60598#respond"]}]},{"@type":"WebPage","@id":"https:\/\/akunq.net\/tr\/?p=60598","url":"https:\/\/akunq.net\/tr\/?p=60598","name":"Guardian Karaba\u011f\u2019da ba\u015f\u0131 kesilerek \u00f6ld\u00fcr\u00fclen iki sivilin kimli\u011fini belirledi - Bati Ermenistan Ve Bati Ermenileri Sorunlari Ara\u015ftirmalar Merkezi","isPartOf":{"@id":"https:\/\/akunq.net\/tr\/#website"},"primaryImageOfPage":{"@id":"https:\/\/akunq.net\/tr\/?p=60598#primaryimage"},"image":{"@id":"https:\/\/akunq.net\/tr\/?p=60598#primaryimage"},"thumbnailUrl":"https:\/\/akunq.net\/tr\/wp-content\/uploads\/sites\/6\/2020\/12\/Karaba\u011f.jpg","datePublished":"2020-12-16T09:38:05+00:00","author":{"@id":"https:\/\/akunq.net\/tr\/#\/schema\/person\/096f1d38a12cce57fb855b485ed24c9e"},"breadcrumb":{"@id":"https:\/\/akunq.net\/tr\/?p=60598#breadcrumb"},"inLanguage":"en-US","potentialAction":[{"@type":"ReadAction","target":["https:\/\/akunq.net\/tr\/?p=60598"]}]},{"@type":"ImageObject","inLanguage":"en-US","@id":"https:\/\/akunq.net\/tr\/?p=60598#primaryimage","url":"https:\/\/akunq.net\/tr\/wp-content\/uploads\/sites\/6\/2020\/12\/Karaba\u011f.jpg","contentUrl":"https:\/\/akunq.net\/tr\/wp-content\/uploads\/sites\/6\/2020\/12\/Karaba\u011f.jpg","width":500,"height":333},{"@type":"BreadcrumbList","@id":"https:\/\/akunq.net\/tr\/?p=60598#breadcrumb","itemListElement":[{"@type":"ListItem","position":1,"name":"Home","item":"https:\/\/akunq.net\/tr"},{"@type":"ListItem","position":2,"name":"Guardian Karaba\u011f\u2019da ba\u015f\u0131 kesilerek \u00f6ld\u00fcr\u00fclen iki sivilin kimli\u011fini belirledi"}]},{"@type":"WebSite","@id":"https:\/\/akunq.net\/tr\/#website","url":"https:\/\/akunq.net\/tr\/","name":"Bati Ermenistan Ve Bati Ermenileri Sorunlari Ara\u015ftirmalar Merkezi","description":"","potentialAction":[{"@type":"SearchAction","target":{"@type":"EntryPoint","urlTemplate":"https:\/\/akunq.net\/tr\/?s={search_term_string}"},"query-input":{"@type":"PropertyValueSpecification","valueRequired":true,"valueName":"search_term_string"}}],"inLanguage":"en-US"},{"@type":"Person","@id":"https:\/\/akunq.net\/tr\/#\/schema\/person\/096f1d38a12cce57fb855b485ed24c9e","name":"admin","url":"https:\/\/akunq.net\/tr\/?author=7"}]}},"_links":{"self":[{"href":"https:\/\/akunq.net\/tr\/index.php?rest_route=\/wp\/v2\/posts\/60598","targetHints":{"allow":["GET"]}}],"collection":[{"href":"https:\/\/akunq.net\/tr\/index.php?rest_route=\/wp\/v2\/posts"}],"about":[{"href":"https:\/\/akunq.net\/tr\/index.php?rest_route=\/wp\/v2\/types\/post"}],"author":[{"embeddable":true,"href":"https:\/\/akunq.net\/tr\/index.php?rest_route=\/wp\/v2\/users\/7"}],"replies":[{"embeddable":true,"href":"https:\/\/akunq.net\/tr\/index.php?rest_route=%2Fwp%2Fv2%2Fcomments&post=60598"}],"version-history":[{"count":1,"href":"https:\/\/akunq.net\/tr\/index.php?rest_route=\/wp\/v2\/posts\/60598\/revisions"}],"predecessor-version":[{"id":60600,"href":"https:\/\/akunq.net\/tr\/index.php?rest_route=\/wp\/v2\/posts\/60598\/revisions\/60600"}],"wp:featuredmedia":[{"embeddable":true,"href":"https:\/\/akunq.net\/tr\/index.php?rest_route=\/wp\/v2\/media\/60599"}],"wp:attachment":[{"href":"https:\/\/akunq.net\/tr\/index.php?rest_route=%2Fwp%2Fv2%2Fmedia&parent=60598"}],"wp:term":[{"taxonomy":"category","embeddable":true,"href":"https:\/\/akunq.net\/tr\/index.php?rest_route=%2Fwp%2Fv2%2Fcategories&post=60598"},{"taxonomy":"post_tag","embeddable":true,"href":"https:\/\/akunq.net\/tr\/index.php?rest_route=%2Fwp%2Fv2%2Ftags&post=60598"}],"curies":[{"name":"wp","href":"https:\/\/api.w.org\/{rel}","templated":true}]}}