{"id":60595,"date":"2020-12-16T04:29:49","date_gmt":"2020-12-16T09:29:49","guid":{"rendered":"https:\/\/akunq.net\/tr\/?p=60595"},"modified":"2020-12-16T04:29:49","modified_gmt":"2020-12-16T09:29:49","slug":"hey-gidi-emmanuil-efendi","status":"publish","type":"post","link":"https:\/\/akunq.net\/tr\/?p=60595","title":{"rendered":"Hey gidi Emmanuil Efendi!"},"content":{"rendered":"<p><img loading=\"lazy\" decoding=\"async\" class=\"aligncenter size-medium wp-image-60596\" src=\"https:\/\/akunq.net\/tr\/wp-content\/uploads\/2020\/12\/Emmanuil-Efendi-360x208.jpg\" alt=\"\" width=\"360\" height=\"208\" srcset=\"https:\/\/akunq.net\/tr\/wp-content\/uploads\/sites\/6\/2020\/12\/Emmanuil-Efendi-360x208.jpg 360w, https:\/\/akunq.net\/tr\/wp-content\/uploads\/sites\/6\/2020\/12\/Emmanuil-Efendi-768x444.jpg 768w, https:\/\/akunq.net\/tr\/wp-content\/uploads\/sites\/6\/2020\/12\/Emmanuil-Efendi-560x324.jpg 560w, https:\/\/akunq.net\/tr\/wp-content\/uploads\/sites\/6\/2020\/12\/Emmanuil-Efendi-260x150.jpg 260w, https:\/\/akunq.net\/tr\/wp-content\/uploads\/sites\/6\/2020\/12\/Emmanuil-Efendi-160x93.jpg 160w, https:\/\/akunq.net\/tr\/wp-content\/uploads\/sites\/6\/2020\/12\/Emmanuil-Efendi.jpg 800w\" sizes=\"auto, (max-width: 360px) 100vw, 360px\" \/><\/p>\n<p class=\"post-title\"><strong>Rag\u0131p Zarakolu<\/strong><\/p>\n<p><em><strong>Cihan harbi s\u0131ras\u0131nda Osmanl\u0131 Meclisi\u2019nde Ayd\u0131n mebusu olan Emmanulidis Efendi\u2019nin an\u0131lar\u0131n\u0131 okurken, Horotius\u2019un, \u201cBurada anlat\u0131lan senin hikayen\u201d saptamas\u0131 d\u00fc\u015ft\u00fc yine akl\u0131ma.<\/strong><\/em><\/p>\n<p>Stockholm. Talat Pa\u015fa ve biraderine Baku\u2019dan selam \u00e7ak\u0131l\u0131nca akl\u0131ma yine Emmanuil Efendi d\u00fc\u015ft\u00fc. 2013 Aral\u0131\u011f\u0131nda \u0130sve\u00e7 yollar\u0131na d\u00fc\u015fmeden once, Verjine Svazlian\u2019\u0131n, i\u00e7inde tehcir t\u00fcrk\u00fclerinin de yer ald\u0131\u011f\u0131 magnum opus\u2019u ile onun an\u0131lar\u0131n\u0131 pe\u015fpe\u015fe yay\u0131nlamaktan son derece mutlu olmu\u015f, \u00fclkeden huzur i\u00e7inde ayr\u0131lm\u0131\u015ft\u0131m.<\/p>\n<p>Kapa\u011f\u0131nda karavatl\u0131 tak\u0131m elbiseli cihat ilan\u0131 resmi vard\u0131 ve Emmanuil efendinin fesli resmi\u2026<\/p>\n<p>Cihan harbi s\u0131ras\u0131nda Osmanl\u0131 Meclisi\u2019nde Ayd\u0131n mebusu olan Emmanulidis Efendi\u2019nin an\u0131lar\u0131n\u0131 okurken, Horotius\u2019un, \u201cBurada anlat\u0131lan senin hikayen\u201d saptamas\u0131 d\u00fc\u015ft\u00fc yine akl\u0131ma. Evet, burada anlat\u0131lan bizim hikayemiz. Ve hikayenin bize anlat\u0131lmayan par\u00e7as\u0131 da var burada. Burada anlat\u0131lan sadece olaylar\u0131n geli\u015fimi de\u011fil, ayn\u0131 zamanda Meclis-i Mebusan\u2019dan insan manzaralar\u0131\u2026<\/p>\n<p>Ondan bir al\u0131nt\u0131: \u201cTalat ateistti. Panislamizm onun bir siyaset arac\u0131 idi. Allah\u2019tan korkusu olmad\u0131\u011f\u0131 i\u00e7in sonunda vicdans\u0131z oldu.\u201d<\/p>\n<p>1919 y\u0131l\u0131nda hen\u00fcz b\u00fct\u00fcn ya\u015fananlar\u0131n an\u0131s\u0131 canl\u0131 iken, s\u0131ca\u011f\u0131 s\u0131ca\u011f\u0131na kaleme al\u0131nan bu kitapta, anl\u0131k de\u011fi\u015fen duygu ve tepkileri de g\u00f6rebiliyorsunuz. Balkan sava\u015flar\u0131nda, Yunanistan\u2019a umutla bakanlar, apans\u0131z Yunan d\u00fc\u015fman\u0131 olabiliyorlar. Kitapta, Ermeni Soyk\u0131m\u0131n\u0131n, Rum s\u00fcrg\u00fcn\u00fcn\u00fcn Meclis\u2019e ilk yans\u0131malar\u0131n\u0131 da g\u00f6rebiliyorsunuz. Ve birbirinden farkl\u0131 farkl\u0131 tav\u0131rlar\u0131\u2026<\/p>\n<p>Talat\u2019\u0131n Senato Ba\u015fkan\u0131 \u0130ttihat ve Terakki\u2019nin as\u0131l kurucusu Ahmet R\u0131za\u2019ya Mecliste alenen hakaret edi\u015fi\u2026 \u0130stanbul Mebusu Zohrab Efendi ve Van Mebusu Vartkes Efendinin \u00c7erkes Ahmet \u00e7etesi taraf\u0131ndan katledili\u015fi haberinin Meclis\u2019e ilk ula\u015ft\u0131\u011f\u0131 zamanki tepkileri\u2026<\/p>\n<p>\u0130stanbul Emniyet M\u00fcd\u00fcr\u00fc Bedri Beyin i\u015fleri\u2026 Devlet-i Muazzama\u2019n\u0131n de\u011fi\u015fen rol ve manevralar\u0131n\u0131; Balkanlarda yeni olu\u015fmu\u015f olan ulus devletlerin \u00e7alkant\u0131lar\u0131\u2026<\/p>\n<p>Arap kimli\u011fi ta\u015f\u0131yan\u0131ndan, Ermeni, Yahudi, D\u00f6nme, Rum, Ulah kimli\u011fi ta\u015f\u0131yanlara Meclis\u2019teki duru\u015flar\u0131, birbirleri ile olan ili\u015fkileri, tepkileri. Bu arada K\u00fcrt ya da S\u00fcryani vb. kimliklerin Osmanl\u0131 Meclisinde hala \u00e7ok gerilerde kald\u0131\u011f\u0131\u2026.<\/p>\n<p>Burada anlat\u0131lan asl\u0131nda muhte\u015fem bir \u00e7\u00f6k\u00fc\u015f\u00fcn hikayesi\u2026 Kim bu Emmanuil Efendi diye soracak olursan\u0131z:<\/p>\n<p>Emmanuil Emmanuilidis, 1860 Kayseri Tavlusun do\u011fumlu. Babas\u0131 Haralambos\u2019tur. \u0130stanbul ve Atina Hukuk Fak\u00fcltelerinin en ba\u015far\u0131l\u0131 mezunlar\u0131ndand\u0131r. \u0130zmir ve Atina\u2019n\u0131n en \u00f6nde hukuk\u00e7usu olmu\u015ftur. Birka\u00e7 kere \u0130zmir\u2019de Rum \u0130htiyar Kurulu\u2019nun \u00fcyesi olmu\u015ftur. \u0130zmir \u201cAktis\u201d (I\u015f\u0131n) dergisi ba\u015fyazar\u0131 olarak Dimotiki (\u00c7a\u011fda\u015f Yunanca, yani halk\u0131n konu\u015ftu\u011fu dil) dilinin kullan\u0131m\u0131n\u0131 savundu\u011fu i\u00e7in, K\u00e2dim Yunancay\u0131 (Katharevousa) yeniden zorunlu k\u0131lmay\u0131 ve bunu Yunan Meclisinde yasala\u015ft\u0131rmay\u0131 savunan muhafazakarlar\u0131n d\u00fc\u015fmanl\u0131\u011f\u0131n\u0131 kazanm\u0131\u015ft\u0131. Osmanl\u0131 Meclisi\u2019nde \u0130zmir ve Ayd\u0131n Milletvekili olmu\u015ftur (1912-1919).<\/p>\n<p>Libya Sava\u015f\u0131ndan Arnavut isyan\u0131na,Balkan Harbinden I. Cihan Harbine kadar b\u00fct\u00fcn bu y\u0131llar\u0131n i\u00e7ten bir tan\u0131\u011f\u0131\u2026<\/p>\n<p>Kitapta ilgin\u00e7 an\u0131lardan biri de, L\u00fcbnan mebusu Emir Adil Bey\u2019in \u201cL\u00fcbnan\u2019\u0131 \u00e7eviren da\u011flar\u0131n\u0131n, askeri kordon alt\u0131na al\u0131nd\u0131\u011f\u0131n\u0131 ve \u00e7ok az\u0131 d\u0131\u015f\u0131nda, b\u00fct\u00fcn canl\u0131 hayvan ithalleri yasakland\u0131\u011f\u0131n\u0131 ve b\u00f6ylece b\u00fcy\u00fck bir a\u00e7l\u0131k ba\u015f g\u00f6sterdi\u011fini, 140 bin ki\u015finin a\u00e7l\u0131ktan \u00f6ld\u00fc\u011f\u00fcn\u00fc anlatmas\u0131d\u0131r.<\/p>\n<p>Cemal Pa\u015fa\u2019n\u0131n Arap ayd\u0131nlar\u0131n\u0131 ast\u0131rmas\u0131 ve bunun tepkileri. Anadolu\u2019da Hristiyanlara yap\u0131lanlar\u0131 Hz. Muhammed soyundan gelen Mekke \u015eerifi taraf\u0131ndan onaylanmay\u0131\u015f\u0131n\u0131 aktaran Emmanulidis Efendi, b\u00fct\u00fcn bunlar\u0131n Arap isyan\u0131n\u0131 k\u00f6r\u00fckledi\u011fini ve Almanlar\u0131n da istemi ile \u00e7\u0131kar\u0131lan Cihad karar\u0131n\u0131 i\u015flevsiz k\u0131ld\u0131\u011f\u0131n\u0131 belirtiyor. \u015e\u00f6yle diyor:<\/p>\n<p>\u201c\u0130damlardan \u00f6nce Mekke Emiri H\u00fcseyin Pa\u015fa\u2019n\u0131n o\u011flu Faysal Bey, Cemal\u2019in huzuruna \u00e7\u0131karak idam cezas\u0131na \u00e7arpt\u0131r\u0131lan Arap ayd\u0131nlar\u0131 i\u00e7in af diledi. Cemal Arap prensine en a\u015fa\u011f\u0131lay\u0131c\u0131 bi\u00e7imde davrand\u0131 ve Prens oradan b\u00fcy\u00fck \u00fcz\u00fcnt\u00fcyle ayr\u0131ld\u0131. \u0130dam cezalar\u0131 infaz edildi. Temmuz 1916 da H\u00fcseyin ba\u011f\u0131ms\u0131zl\u0131\u011f\u0131n\u0131 ilan ederek, b\u00fct\u00fcn Hicaz\u2019\u0131 ele ge\u00e7irdi. Mekke\u2019de Osmanl\u0131 ordusunun kur\u015funlar\u0131, \u0130slam\u2019\u0131n kutsal sembol\u00fc say\u0131lan K\u00e2be\u2019yi vurdu. H\u00fcseyin\u2019in ihtilali, yaln\u0131z \u0130ttihat H\u00fck\u00fcmetine kar\u015f\u0131 olup,Halifeli\u011fe kar\u015f\u0131 de\u011fildi. Bu durumu Sultana bildiren mektubunda s\u00f6ylenenler Osmanl\u0131 \u00e7evrelerinde \u00e7ok derin bir intiba b\u0131rakt\u0131. Daha sonra M\u00fcsl\u00fcman \u00e2lemine hangi nedenlerden dolay\u0131 silahlar\u0131n\u0131 ele ald\u0131klar\u0131n\u0131 a\u00e7\u0131klad\u0131. \u0130ttihat\u00e7\u0131lar\u0131n yapt\u0131klar\u0131 vah\u015fetleri bir bir sayarak, Ermeni ve Rumlara yap\u0131lanlar\u0131 da a\u00e7\u0131klamay\u0131 eksik etmedi. \u0130slam\u2019\u0131n kutsal \u015fehirlerinden, Peygamber\u2019in soyundan gelen bir \u015fahs\u0131n sesiyle, Osmanl\u0131 \u00fclkesinde H\u0131ristiyanlara kar\u015f\u0131 yap\u0131lanlar, yaln\u0131z Hz. \u0130sa\u2019ya kar\u015f\u0131 yap\u0131lan bir k\u00fcf\u00fcr olarak kalmad\u0131\u011f\u0131n\u0131, ayr\u0131ca Hz. Muhammed\u2019in \u00f6\u011freti ve kurallar\u0131na kar\u015f\u0131 da bir hakaret oldu\u011funu, b\u00fct\u00fcn d\u00fcnyaya duyurdu.\u201d<\/p>\n<p>1922 y\u0131l\u0131nda, Sakall\u0131 Nurettin sadece Yunan\u2019\u0131 de\u011fil t\u00fcm Diyar-I Rum\u2019u denize d\u00f6k\u00fcnce, Emmanuil Efendi Atina\u2019ya s\u0131\u011f\u0131nd\u0131, sonra Liberal Parti\u2019nin \u00fcyesi olarak K\u00fc\u00e7\u00fck Asya Siyasi Merkezi\u2019nin Baskanl\u0131\u011f\u0131n\u0131 \u00fcstlendi. Yunan Parlamentosu M\u00fclteci Komitesi\u2019nin 1923-1925 y\u0131llar\u0131 aras\u0131nda ba\u015fkan\u0131 olarak \u00e7al\u0131\u015ft\u0131. Bat\u0131 Makedonya y\u00f6neticisi oldu (1922-23).<\/p>\n<p>Aral\u0131k 1923\u2019de ise Anayasay\u0131 de\u011fi\u015ftirmekle yetkili Kurucu Mecliste Atina-Pire temsilcisi olarak se\u00e7ilmi\u015ftir. Daha sonra 1926, 1928 ve 1936 Parlamento se\u00e7imlerinde Atina vekili olarak se\u00e7ilmi\u015f olup ayn\u0131 zamanda Venizelos H\u00fck\u00fcmeti\u2019nin (1928-1931) Sosyal Dayan\u0131\u015fma Bakanl\u0131\u011f\u0131n\u0131 \u00fcstlenmi\u015ftir. Bu g\u00f6revi s\u0131ras\u0131nda Anadolu muhacirlerinin bar\u0131nma, ya\u015fam ve genel sorunlar\u0131 konular\u0131nda \u00e7ok verimli \u00e7al\u0131\u015fmalar yapm\u0131\u015ft\u0131r. Emmanuilidis muhacirlerin sorunlar\u0131n\u0131 en iyi bilenlerinden olup, kar\u015f\u0131l\u0131k beklemeyen \u00e7abalar\u0131 ve \u00f6zverileri y\u00fcz\u00fcnden Anadolulu Rumlar\u0131n\u0131n b\u00fcy\u00fck takdirini kazanm\u0131\u015ft\u0131r. Venilizos ile Atat\u00fcrk\u2019\u00fcn bulu\u015fmas\u0131 ile T\u00fcrk-Yunan ili\u015fkilerinin yeniden iyile\u015fmesine veb \u00f6ylece Yunan vatanda\u015f\u0131 olan. \u0130stanbul Rumlar\u0131n\u0131n \u0130stanbul\u2019da kalabilmesine de katk\u0131s\u0131 olmu\u015ftur. \u0130smet Pa\u015fa\u2019n\u0131n homurtusuna kar\u015f\u0131n. \u0130stanbul Rumlu\u011funu bitirme \u201c\u015ferefi\u201d, 6-7 Eyl\u00fcl pogromuna de\u011fil, Sa\u011f\u0131r Pa\u015fan\u0131n 1961 de erke gelir gelmez kurdu\u011fu Az\u0131nl\u0131klar Tali Komisyonuna aittir.<\/p>\n<p>Bir\u00e7ok eserin yazar\u0131 olup; bunlar\u0131n aras\u0131nda en \u00f6nemli olan\u0131, 1924 y\u0131l\u0131nda Atina\u2019da yay\u0131nlanan \u201cOsmanl\u0131 \u0130mparatorlu\u011fu\u2019nun Son Y\u0131llar\u0131\u201d adl\u0131 kitab\u0131d\u0131r. (*) Atina\u2019da 1943 y\u0131l\u0131nda <em>vefat etmi\u015ftir. Ruhu \u015fad olsun.<\/em><\/p>\n<p><em>(*) Emmanuil Emmanuilidis, Osmanl\u0131 \u0130mparatorlu\u011funun Son Y\u0131llar\u0131, T\u00fcrk\u00e7esi:Niko \u00c7anak\u00e7\u0131o\u011flu, Belge Yay\u0131nlar\u0131 Ocak 2014.<\/em><\/p>\n<hr \/>\n<p><em><strong><a href=\"https:\/\/artigercek.com\/yazarlar\/ragipzarakolu\/hey-gidi-emmanuil-efendi\" target=\"_blank\" rel=\"noopener noreferrer\">Art\u0131 Ger\u00e7ek<\/a><\/strong><\/em><\/p>\n","protected":false},"excerpt":{"rendered":"<p>Rag\u0131p Zarakolu Cihan harbi s\u0131ras\u0131nda Osmanl\u0131 Meclisi\u2019nde Ayd\u0131n mebusu olan Emmanulidis Efendi\u2019nin an\u0131lar\u0131n\u0131 okurken, Horotius\u2019un, \u201cBurada anlat\u0131lan senin hikayen\u201d saptamas\u0131 d\u00fc\u015ft\u00fc yine akl\u0131ma. Stockholm. Talat Pa\u015fa ve biraderine Baku\u2019dan selam \u00e7ak\u0131l\u0131nca akl\u0131ma yine Emmanuil Efendi d\u00fc\u015ft\u00fc. 2013 Aral\u0131\u011f\u0131nda \u0130sve\u00e7 yollar\u0131na d\u00fc\u015fmeden once, Verjine Svazlian\u2019\u0131n, i\u00e7inde tehcir t\u00fcrk\u00fclerinin de yer ald\u0131\u011f\u0131 magnum opus\u2019u ile onun an\u0131lar\u0131n\u0131 [&hellip;]<\/p>\n","protected":false},"author":7,"featured_media":60596,"comment_status":"open","ping_status":"open","sticky":false,"template":"","format":"standard","meta":{"footnotes":""},"categories":[1,70,20,53],"tags":[],"class_list":["post-60595","post","type-post","status-publish","format-standard","has-post-thumbnail","hentry","category-haberler","category-makaleler","category-tarih-sayfalari","category-turkiyede-azinliklar"],"yoast_head":"<!-- This site is optimized with the Yoast SEO plugin v27.4 - https:\/\/yoast.com\/product\/yoast-seo-wordpress\/ -->\n<title>Hey gidi Emmanuil Efendi! - Bati Ermenistan Ve Bati Ermenileri Sorunlari Ara\u015ftirmalar Merkezi<\/title>\n<meta name=\"robots\" content=\"index, follow, max-snippet:-1, max-image-preview:large, max-video-preview:-1\" \/>\n<link rel=\"canonical\" href=\"https:\/\/akunq.net\/tr\/?p=60595\" \/>\n<meta property=\"og:locale\" content=\"en_US\" \/>\n<meta property=\"og:type\" content=\"article\" \/>\n<meta property=\"og:title\" content=\"Hey gidi Emmanuil Efendi! - Bati Ermenistan Ve Bati Ermenileri Sorunlari Ara\u015ftirmalar Merkezi\" \/>\n<meta property=\"og:description\" content=\"Rag\u0131p Zarakolu Cihan harbi s\u0131ras\u0131nda Osmanl\u0131 Meclisi\u2019nde Ayd\u0131n mebusu olan Emmanulidis Efendi\u2019nin an\u0131lar\u0131n\u0131 okurken, Horotius\u2019un, \u201cBurada anlat\u0131lan senin hikayen\u201d saptamas\u0131 d\u00fc\u015ft\u00fc yine akl\u0131ma. Stockholm. Talat Pa\u015fa ve biraderine Baku\u2019dan selam \u00e7ak\u0131l\u0131nca akl\u0131ma yine Emmanuil Efendi d\u00fc\u015ft\u00fc. 2013 Aral\u0131\u011f\u0131nda \u0130sve\u00e7 yollar\u0131na d\u00fc\u015fmeden once, Verjine Svazlian\u2019\u0131n, i\u00e7inde tehcir t\u00fcrk\u00fclerinin de yer ald\u0131\u011f\u0131 magnum opus\u2019u ile onun an\u0131lar\u0131n\u0131 [&hellip;]\" \/>\n<meta property=\"og:url\" content=\"https:\/\/akunq.net\/tr\/?p=60595\" \/>\n<meta property=\"og:site_name\" content=\"Bati Ermenistan Ve Bati Ermenileri Sorunlari Ara\u015ftirmalar Merkezi\" \/>\n<meta property=\"article:published_time\" content=\"2020-12-16T09:29:49+00:00\" \/>\n<meta property=\"og:image\" content=\"https:\/\/akunq.net\/tr\/wp-content\/uploads\/sites\/6\/2020\/12\/Emmanuil-Efendi.jpg\" \/>\n\t<meta property=\"og:image:width\" content=\"800\" \/>\n\t<meta property=\"og:image:height\" content=\"463\" \/>\n\t<meta property=\"og:image:type\" content=\"image\/jpeg\" \/>\n<meta name=\"author\" content=\"admin\" \/>\n<meta name=\"twitter:card\" content=\"summary_large_image\" \/>\n<meta name=\"twitter:label1\" content=\"Written by\" \/>\n\t<meta name=\"twitter:data1\" content=\"admin\" \/>\n\t<meta name=\"twitter:label2\" content=\"Est. reading time\" \/>\n\t<meta name=\"twitter:data2\" content=\"6 minutes\" \/>\n<script type=\"application\/ld+json\" class=\"yoast-schema-graph\">{\"@context\":\"https:\\\/\\\/schema.org\",\"@graph\":[{\"@type\":\"Article\",\"@id\":\"https:\\\/\\\/akunq.net\\\/tr\\\/?p=60595#article\",\"isPartOf\":{\"@id\":\"https:\\\/\\\/akunq.net\\\/tr\\\/?p=60595\"},\"author\":{\"name\":\"admin\",\"@id\":\"https:\\\/\\\/akunq.net\\\/tr\\\/#\\\/schema\\\/person\\\/096f1d38a12cce57fb855b485ed24c9e\"},\"headline\":\"Hey gidi Emmanuil Efendi!\",\"datePublished\":\"2020-12-16T09:29:49+00:00\",\"mainEntityOfPage\":{\"@id\":\"https:\\\/\\\/akunq.net\\\/tr\\\/?p=60595\"},\"wordCount\":1176,\"commentCount\":0,\"image\":{\"@id\":\"https:\\\/\\\/akunq.net\\\/tr\\\/?p=60595#primaryimage\"},\"thumbnailUrl\":\"https:\\\/\\\/akunq.net\\\/tr\\\/wp-content\\\/uploads\\\/sites\\\/6\\\/2020\\\/12\\\/Emmanuil-Efendi.jpg\",\"articleSection\":[\"Haberler\",\"Makaleler\",\"Tarih Sayfalar\u0131\",\"T\u00fcrkiye\u2019de Az\u0131nl\u0131klar\"],\"inLanguage\":\"en-US\",\"potentialAction\":[{\"@type\":\"CommentAction\",\"name\":\"Comment\",\"target\":[\"https:\\\/\\\/akunq.net\\\/tr\\\/?p=60595#respond\"]}]},{\"@type\":\"WebPage\",\"@id\":\"https:\\\/\\\/akunq.net\\\/tr\\\/?p=60595\",\"url\":\"https:\\\/\\\/akunq.net\\\/tr\\\/?p=60595\",\"name\":\"Hey gidi Emmanuil Efendi! - Bati Ermenistan Ve Bati Ermenileri Sorunlari Ara\u015ftirmalar Merkezi\",\"isPartOf\":{\"@id\":\"https:\\\/\\\/akunq.net\\\/tr\\\/#website\"},\"primaryImageOfPage\":{\"@id\":\"https:\\\/\\\/akunq.net\\\/tr\\\/?p=60595#primaryimage\"},\"image\":{\"@id\":\"https:\\\/\\\/akunq.net\\\/tr\\\/?p=60595#primaryimage\"},\"thumbnailUrl\":\"https:\\\/\\\/akunq.net\\\/tr\\\/wp-content\\\/uploads\\\/sites\\\/6\\\/2020\\\/12\\\/Emmanuil-Efendi.jpg\",\"datePublished\":\"2020-12-16T09:29:49+00:00\",\"author\":{\"@id\":\"https:\\\/\\\/akunq.net\\\/tr\\\/#\\\/schema\\\/person\\\/096f1d38a12cce57fb855b485ed24c9e\"},\"breadcrumb\":{\"@id\":\"https:\\\/\\\/akunq.net\\\/tr\\\/?p=60595#breadcrumb\"},\"inLanguage\":\"en-US\",\"potentialAction\":[{\"@type\":\"ReadAction\",\"target\":[\"https:\\\/\\\/akunq.net\\\/tr\\\/?p=60595\"]}]},{\"@type\":\"ImageObject\",\"inLanguage\":\"en-US\",\"@id\":\"https:\\\/\\\/akunq.net\\\/tr\\\/?p=60595#primaryimage\",\"url\":\"https:\\\/\\\/akunq.net\\\/tr\\\/wp-content\\\/uploads\\\/sites\\\/6\\\/2020\\\/12\\\/Emmanuil-Efendi.jpg\",\"contentUrl\":\"https:\\\/\\\/akunq.net\\\/tr\\\/wp-content\\\/uploads\\\/sites\\\/6\\\/2020\\\/12\\\/Emmanuil-Efendi.jpg\",\"width\":800,\"height\":463},{\"@type\":\"BreadcrumbList\",\"@id\":\"https:\\\/\\\/akunq.net\\\/tr\\\/?p=60595#breadcrumb\",\"itemListElement\":[{\"@type\":\"ListItem\",\"position\":1,\"name\":\"Home\",\"item\":\"https:\\\/\\\/akunq.net\\\/tr\"},{\"@type\":\"ListItem\",\"position\":2,\"name\":\"Hey gidi Emmanuil Efendi!\"}]},{\"@type\":\"WebSite\",\"@id\":\"https:\\\/\\\/akunq.net\\\/tr\\\/#website\",\"url\":\"https:\\\/\\\/akunq.net\\\/tr\\\/\",\"name\":\"Bati Ermenistan Ve Bati Ermenileri Sorunlari Ara\u015ftirmalar Merkezi\",\"description\":\"\",\"potentialAction\":[{\"@type\":\"SearchAction\",\"target\":{\"@type\":\"EntryPoint\",\"urlTemplate\":\"https:\\\/\\\/akunq.net\\\/tr\\\/?s={search_term_string}\"},\"query-input\":{\"@type\":\"PropertyValueSpecification\",\"valueRequired\":true,\"valueName\":\"search_term_string\"}}],\"inLanguage\":\"en-US\"},{\"@type\":\"Person\",\"@id\":\"https:\\\/\\\/akunq.net\\\/tr\\\/#\\\/schema\\\/person\\\/096f1d38a12cce57fb855b485ed24c9e\",\"name\":\"admin\",\"url\":\"https:\\\/\\\/akunq.net\\\/tr\\\/?author=7\"}]}<\/script>\n<!-- \/ Yoast SEO plugin. -->","yoast_head_json":{"title":"Hey gidi Emmanuil Efendi! - Bati Ermenistan Ve Bati Ermenileri Sorunlari Ara\u015ftirmalar Merkezi","robots":{"index":"index","follow":"follow","max-snippet":"max-snippet:-1","max-image-preview":"max-image-preview:large","max-video-preview":"max-video-preview:-1"},"canonical":"https:\/\/akunq.net\/tr\/?p=60595","og_locale":"en_US","og_type":"article","og_title":"Hey gidi Emmanuil Efendi! - Bati Ermenistan Ve Bati Ermenileri Sorunlari Ara\u015ftirmalar Merkezi","og_description":"Rag\u0131p Zarakolu Cihan harbi s\u0131ras\u0131nda Osmanl\u0131 Meclisi\u2019nde Ayd\u0131n mebusu olan Emmanulidis Efendi\u2019nin an\u0131lar\u0131n\u0131 okurken, Horotius\u2019un, \u201cBurada anlat\u0131lan senin hikayen\u201d saptamas\u0131 d\u00fc\u015ft\u00fc yine akl\u0131ma. Stockholm. Talat Pa\u015fa ve biraderine Baku\u2019dan selam \u00e7ak\u0131l\u0131nca akl\u0131ma yine Emmanuil Efendi d\u00fc\u015ft\u00fc. 2013 Aral\u0131\u011f\u0131nda \u0130sve\u00e7 yollar\u0131na d\u00fc\u015fmeden once, Verjine Svazlian\u2019\u0131n, i\u00e7inde tehcir t\u00fcrk\u00fclerinin de yer ald\u0131\u011f\u0131 magnum opus\u2019u ile onun an\u0131lar\u0131n\u0131 [&hellip;]","og_url":"https:\/\/akunq.net\/tr\/?p=60595","og_site_name":"Bati Ermenistan Ve Bati Ermenileri Sorunlari Ara\u015ftirmalar Merkezi","article_published_time":"2020-12-16T09:29:49+00:00","og_image":[{"width":800,"height":463,"url":"https:\/\/akunq.net\/tr\/wp-content\/uploads\/sites\/6\/2020\/12\/Emmanuil-Efendi.jpg","type":"image\/jpeg"}],"author":"admin","twitter_card":"summary_large_image","twitter_misc":{"Written by":"admin","Est. reading time":"6 minutes"},"schema":{"@context":"https:\/\/schema.org","@graph":[{"@type":"Article","@id":"https:\/\/akunq.net\/tr\/?p=60595#article","isPartOf":{"@id":"https:\/\/akunq.net\/tr\/?p=60595"},"author":{"name":"admin","@id":"https:\/\/akunq.net\/tr\/#\/schema\/person\/096f1d38a12cce57fb855b485ed24c9e"},"headline":"Hey gidi Emmanuil Efendi!","datePublished":"2020-12-16T09:29:49+00:00","mainEntityOfPage":{"@id":"https:\/\/akunq.net\/tr\/?p=60595"},"wordCount":1176,"commentCount":0,"image":{"@id":"https:\/\/akunq.net\/tr\/?p=60595#primaryimage"},"thumbnailUrl":"https:\/\/akunq.net\/tr\/wp-content\/uploads\/sites\/6\/2020\/12\/Emmanuil-Efendi.jpg","articleSection":["Haberler","Makaleler","Tarih Sayfalar\u0131","T\u00fcrkiye\u2019de Az\u0131nl\u0131klar"],"inLanguage":"en-US","potentialAction":[{"@type":"CommentAction","name":"Comment","target":["https:\/\/akunq.net\/tr\/?p=60595#respond"]}]},{"@type":"WebPage","@id":"https:\/\/akunq.net\/tr\/?p=60595","url":"https:\/\/akunq.net\/tr\/?p=60595","name":"Hey gidi Emmanuil Efendi! - Bati Ermenistan Ve Bati Ermenileri Sorunlari Ara\u015ftirmalar Merkezi","isPartOf":{"@id":"https:\/\/akunq.net\/tr\/#website"},"primaryImageOfPage":{"@id":"https:\/\/akunq.net\/tr\/?p=60595#primaryimage"},"image":{"@id":"https:\/\/akunq.net\/tr\/?p=60595#primaryimage"},"thumbnailUrl":"https:\/\/akunq.net\/tr\/wp-content\/uploads\/sites\/6\/2020\/12\/Emmanuil-Efendi.jpg","datePublished":"2020-12-16T09:29:49+00:00","author":{"@id":"https:\/\/akunq.net\/tr\/#\/schema\/person\/096f1d38a12cce57fb855b485ed24c9e"},"breadcrumb":{"@id":"https:\/\/akunq.net\/tr\/?p=60595#breadcrumb"},"inLanguage":"en-US","potentialAction":[{"@type":"ReadAction","target":["https:\/\/akunq.net\/tr\/?p=60595"]}]},{"@type":"ImageObject","inLanguage":"en-US","@id":"https:\/\/akunq.net\/tr\/?p=60595#primaryimage","url":"https:\/\/akunq.net\/tr\/wp-content\/uploads\/sites\/6\/2020\/12\/Emmanuil-Efendi.jpg","contentUrl":"https:\/\/akunq.net\/tr\/wp-content\/uploads\/sites\/6\/2020\/12\/Emmanuil-Efendi.jpg","width":800,"height":463},{"@type":"BreadcrumbList","@id":"https:\/\/akunq.net\/tr\/?p=60595#breadcrumb","itemListElement":[{"@type":"ListItem","position":1,"name":"Home","item":"https:\/\/akunq.net\/tr"},{"@type":"ListItem","position":2,"name":"Hey gidi Emmanuil Efendi!"}]},{"@type":"WebSite","@id":"https:\/\/akunq.net\/tr\/#website","url":"https:\/\/akunq.net\/tr\/","name":"Bati Ermenistan Ve Bati Ermenileri Sorunlari Ara\u015ftirmalar Merkezi","description":"","potentialAction":[{"@type":"SearchAction","target":{"@type":"EntryPoint","urlTemplate":"https:\/\/akunq.net\/tr\/?s={search_term_string}"},"query-input":{"@type":"PropertyValueSpecification","valueRequired":true,"valueName":"search_term_string"}}],"inLanguage":"en-US"},{"@type":"Person","@id":"https:\/\/akunq.net\/tr\/#\/schema\/person\/096f1d38a12cce57fb855b485ed24c9e","name":"admin","url":"https:\/\/akunq.net\/tr\/?author=7"}]}},"_links":{"self":[{"href":"https:\/\/akunq.net\/tr\/index.php?rest_route=\/wp\/v2\/posts\/60595","targetHints":{"allow":["GET"]}}],"collection":[{"href":"https:\/\/akunq.net\/tr\/index.php?rest_route=\/wp\/v2\/posts"}],"about":[{"href":"https:\/\/akunq.net\/tr\/index.php?rest_route=\/wp\/v2\/types\/post"}],"author":[{"embeddable":true,"href":"https:\/\/akunq.net\/tr\/index.php?rest_route=\/wp\/v2\/users\/7"}],"replies":[{"embeddable":true,"href":"https:\/\/akunq.net\/tr\/index.php?rest_route=%2Fwp%2Fv2%2Fcomments&post=60595"}],"version-history":[{"count":1,"href":"https:\/\/akunq.net\/tr\/index.php?rest_route=\/wp\/v2\/posts\/60595\/revisions"}],"predecessor-version":[{"id":60597,"href":"https:\/\/akunq.net\/tr\/index.php?rest_route=\/wp\/v2\/posts\/60595\/revisions\/60597"}],"wp:featuredmedia":[{"embeddable":true,"href":"https:\/\/akunq.net\/tr\/index.php?rest_route=\/wp\/v2\/media\/60596"}],"wp:attachment":[{"href":"https:\/\/akunq.net\/tr\/index.php?rest_route=%2Fwp%2Fv2%2Fmedia&parent=60595"}],"wp:term":[{"taxonomy":"category","embeddable":true,"href":"https:\/\/akunq.net\/tr\/index.php?rest_route=%2Fwp%2Fv2%2Fcategories&post=60595"},{"taxonomy":"post_tag","embeddable":true,"href":"https:\/\/akunq.net\/tr\/index.php?rest_route=%2Fwp%2Fv2%2Ftags&post=60595"}],"curies":[{"name":"wp","href":"https:\/\/api.w.org\/{rel}","templated":true}]}}