{"id":60592,"date":"2020-12-16T04:14:48","date_gmt":"2020-12-16T09:14:48","guid":{"rendered":"https:\/\/akunq.net\/tr\/?p=60592"},"modified":"2020-12-16T04:14:48","modified_gmt":"2020-12-16T09:14:48","slug":"merkel-turkiyeye-silah-satisi-konusunun-nato-kapsaminda-degerlendirilmesi-konusunda-anlastik","status":"publish","type":"post","link":"https:\/\/akunq.net\/tr\/?p=60592","title":{"rendered":"Merkel: T\u00fcrkiye&#8217;ye silah sat\u0131\u015f\u0131 konusunun NATO kapsam\u0131nda de\u011ferlendirilmesi konusunda anla\u015ft\u0131k"},"content":{"rendered":"<p><img loading=\"lazy\" decoding=\"async\" class=\"aligncenter size-medium wp-image-60593\" src=\"https:\/\/akunq.net\/tr\/wp-content\/uploads\/2020\/12\/Avrupa-Birligi-1-360x203.jpg\" alt=\"\" width=\"360\" height=\"203\" srcset=\"https:\/\/akunq.net\/tr\/wp-content\/uploads\/sites\/6\/2020\/12\/Avrupa-Birligi-1-360x203.jpg 360w, https:\/\/akunq.net\/tr\/wp-content\/uploads\/sites\/6\/2020\/12\/Avrupa-Birligi-1-768x432.jpg 768w, https:\/\/akunq.net\/tr\/wp-content\/uploads\/sites\/6\/2020\/12\/Avrupa-Birligi-1-560x315.jpg 560w, https:\/\/akunq.net\/tr\/wp-content\/uploads\/sites\/6\/2020\/12\/Avrupa-Birligi-1-260x146.jpg 260w, https:\/\/akunq.net\/tr\/wp-content\/uploads\/sites\/6\/2020\/12\/Avrupa-Birligi-1-160x90.jpg 160w, https:\/\/akunq.net\/tr\/wp-content\/uploads\/sites\/6\/2020\/12\/Avrupa-Birligi-1.jpg 1000w\" sizes=\"auto, (max-width: 360px) 100vw, 360px\" \/><\/p>\n<p><em><strong>T\u00fcrkiye&#8217;ye yeni yapt\u0131r\u0131m kararlar\u0131 al\u0131nan Avrupa Birli\u011fi Liderler Zirvesi&#8217;nin ilk g\u00fcn\u00fc ard\u0131ndan Alman \u015eansolye Angela Merkel&#8217;den bir a\u00e7\u0131klama geldi:<\/strong><\/em><\/p>\n<p>Mart ay\u0131nda ger\u00e7ekle\u015fecek bir sonraki zirveye kadar AB Y\u00fcksek Temsilcisinden T\u00fcrkiye ile i\u015f birli\u011fi hakk\u0131nda rapor haz\u0131rlanmas\u0131n\u0131 istediklerini belirten Merkel, &#8220;T\u00fcrkiye&#8217;ye silah sat\u0131\u015f\u0131n\u0131n NATO kapsam\u0131nda de\u011ferlendirilmesi konusunda anla\u015ft\u0131k&#8221; dedi.<\/p>\n<h2>Macron tonunu yumu\u015fatt\u0131<\/h2>\n<p>Fransa Cumhurba\u015fkan\u0131 Emmanuel Macron ise, &#8220;Avrupa Birli\u011fi T\u00fcrkiye ile diyalog kap\u0131s\u0131n\u0131 a\u00e7\u0131k tutuyor.&#8221; diyerek hedefledi\u011fi daha sert yapt\u0131r\u0131mlar\u0131n ger\u00e7ekle\u015fmemesi konusunda bir yorum yapmamay\u0131 tercih etti.<\/p>\n<h2>G\u00f6\u00e7men kart\u0131 hala \u00f6nemli g\u00f6r\u00fcl\u00fcyor<\/h2>\n<p>Ayr\u0131ca AB Konseyi Ba\u015fkan\u0131 Charles Michel de g\u00f6\u00e7le m\u00fccadele etmek i\u00e7in T\u00fcrkiye ile daha fazla i\u015fbirli\u011fi yapmaya haz\u0131r olduklar\u0131 mesaj\u0131n\u0131 yineledi. Michel bu a\u00e7\u0131klamas\u0131 olas\u0131 sert yapt\u0131r\u0131mlar\u0131n ertelenmesinde Ankara&#8217;n\u0131n elindeki g\u00f6\u00e7men kart\u0131n\u0131n ne kadar etkili oldu\u011funu bir kez daha g\u00f6stermi\u015f oldu.<\/p>\n<p>Michel &#8220;T\u00fcrkiye ile sorumlu bir i\u015fbirli\u011fi yapmak istiyoruz&#8221; \u015feklinde konu\u015ftu.<\/p>\n<p><em><strong>https:\/\/tr.euronews.com\/2020\/12\/11\/merkel-turkiye-ye-silah-sat-s-konusunun-nato-kapsam-nda-degerlendirilmesi-konusunda-anlast\u00a0<\/strong><\/em><\/p>\n","protected":false},"excerpt":{"rendered":"<p>T\u00fcrkiye&#8217;ye yeni yapt\u0131r\u0131m kararlar\u0131 al\u0131nan Avrupa Birli\u011fi Liderler Zirvesi&#8217;nin ilk g\u00fcn\u00fc ard\u0131ndan Alman \u015eansolye Angela Merkel&#8217;den bir a\u00e7\u0131klama geldi: Mart ay\u0131nda ger\u00e7ekle\u015fecek bir sonraki zirveye kadar AB Y\u00fcksek Temsilcisinden T\u00fcrkiye ile i\u015f birli\u011fi hakk\u0131nda rapor haz\u0131rlanmas\u0131n\u0131 istediklerini belirten Merkel, &#8220;T\u00fcrkiye&#8217;ye silah sat\u0131\u015f\u0131n\u0131n NATO kapsam\u0131nda de\u011ferlendirilmesi konusunda anla\u015ft\u0131k&#8221; dedi. Macron tonunu yumu\u015fatt\u0131 Fransa Cumhurba\u015fkan\u0131 Emmanuel Macron [&hellip;]<\/p>\n","protected":false},"author":7,"featured_media":60593,"comment_status":"open","ping_status":"open","sticky":false,"template":"","format":"standard","meta":{"footnotes":""},"categories":[1],"tags":[],"class_list":["post-60592","post","type-post","status-publish","format-standard","has-post-thumbnail","hentry","category-haberler"],"yoast_head":"<!-- This site is optimized with the Yoast SEO plugin v27.4 - https:\/\/yoast.com\/product\/yoast-seo-wordpress\/ -->\n<title>Merkel: T\u00fcrkiye&#039;ye silah sat\u0131\u015f\u0131 konusunun NATO kapsam\u0131nda de\u011ferlendirilmesi konusunda anla\u015ft\u0131k - Bati Ermenistan Ve Bati Ermenileri Sorunlari Ara\u015ftirmalar Merkezi<\/title>\n<meta name=\"robots\" content=\"index, follow, max-snippet:-1, max-image-preview:large, max-video-preview:-1\" \/>\n<link rel=\"canonical\" href=\"https:\/\/akunq.net\/tr\/?p=60592\" \/>\n<meta property=\"og:locale\" content=\"en_US\" \/>\n<meta property=\"og:type\" content=\"article\" \/>\n<meta property=\"og:title\" content=\"Merkel: T\u00fcrkiye&#039;ye silah sat\u0131\u015f\u0131 konusunun NATO kapsam\u0131nda de\u011ferlendirilmesi konusunda anla\u015ft\u0131k - Bati Ermenistan Ve Bati Ermenileri Sorunlari Ara\u015ftirmalar Merkezi\" \/>\n<meta property=\"og:description\" content=\"T\u00fcrkiye&#8217;ye yeni yapt\u0131r\u0131m kararlar\u0131 al\u0131nan Avrupa Birli\u011fi Liderler Zirvesi&#8217;nin ilk g\u00fcn\u00fc ard\u0131ndan Alman \u015eansolye Angela Merkel&#8217;den bir a\u00e7\u0131klama geldi: Mart ay\u0131nda ger\u00e7ekle\u015fecek bir sonraki zirveye kadar AB Y\u00fcksek Temsilcisinden T\u00fcrkiye ile i\u015f birli\u011fi hakk\u0131nda rapor haz\u0131rlanmas\u0131n\u0131 istediklerini belirten Merkel, &#8220;T\u00fcrkiye&#8217;ye silah sat\u0131\u015f\u0131n\u0131n NATO kapsam\u0131nda de\u011ferlendirilmesi konusunda anla\u015ft\u0131k&#8221; dedi. Macron tonunu yumu\u015fatt\u0131 Fransa Cumhurba\u015fkan\u0131 Emmanuel Macron [&hellip;]\" \/>\n<meta property=\"og:url\" content=\"https:\/\/akunq.net\/tr\/?p=60592\" \/>\n<meta property=\"og:site_name\" content=\"Bati Ermenistan Ve Bati Ermenileri Sorunlari Ara\u015ftirmalar Merkezi\" \/>\n<meta property=\"article:published_time\" content=\"2020-12-16T09:14:48+00:00\" \/>\n<meta property=\"og:image\" content=\"https:\/\/akunq.net\/tr\/wp-content\/uploads\/sites\/6\/2020\/12\/Avrupa-Birligi-1.jpg\" \/>\n\t<meta property=\"og:image:width\" content=\"1000\" \/>\n\t<meta property=\"og:image:height\" content=\"563\" \/>\n\t<meta property=\"og:image:type\" content=\"image\/jpeg\" \/>\n<meta name=\"author\" content=\"admin\" \/>\n<meta name=\"twitter:card\" content=\"summary_large_image\" \/>\n<meta name=\"twitter:label1\" content=\"Written by\" \/>\n\t<meta name=\"twitter:data1\" content=\"admin\" \/>\n\t<meta name=\"twitter:label2\" content=\"Est. reading time\" \/>\n\t<meta name=\"twitter:data2\" content=\"1 minute\" \/>\n<script type=\"application\/ld+json\" class=\"yoast-schema-graph\">{\"@context\":\"https:\\\/\\\/schema.org\",\"@graph\":[{\"@type\":\"Article\",\"@id\":\"https:\\\/\\\/akunq.net\\\/tr\\\/?p=60592#article\",\"isPartOf\":{\"@id\":\"https:\\\/\\\/akunq.net\\\/tr\\\/?p=60592\"},\"author\":{\"name\":\"admin\",\"@id\":\"https:\\\/\\\/akunq.net\\\/tr\\\/#\\\/schema\\\/person\\\/096f1d38a12cce57fb855b485ed24c9e\"},\"headline\":\"Merkel: T\u00fcrkiye&#8217;ye silah sat\u0131\u015f\u0131 konusunun NATO kapsam\u0131nda de\u011ferlendirilmesi konusunda anla\u015ft\u0131k\",\"datePublished\":\"2020-12-16T09:14:48+00:00\",\"mainEntityOfPage\":{\"@id\":\"https:\\\/\\\/akunq.net\\\/tr\\\/?p=60592\"},\"wordCount\":217,\"commentCount\":0,\"image\":{\"@id\":\"https:\\\/\\\/akunq.net\\\/tr\\\/?p=60592#primaryimage\"},\"thumbnailUrl\":\"https:\\\/\\\/akunq.net\\\/tr\\\/wp-content\\\/uploads\\\/sites\\\/6\\\/2020\\\/12\\\/Avrupa-Birligi-1.jpg\",\"articleSection\":[\"Haberler\"],\"inLanguage\":\"en-US\",\"potentialAction\":[{\"@type\":\"CommentAction\",\"name\":\"Comment\",\"target\":[\"https:\\\/\\\/akunq.net\\\/tr\\\/?p=60592#respond\"]}]},{\"@type\":\"WebPage\",\"@id\":\"https:\\\/\\\/akunq.net\\\/tr\\\/?p=60592\",\"url\":\"https:\\\/\\\/akunq.net\\\/tr\\\/?p=60592\",\"name\":\"Merkel: T\u00fcrkiye'ye silah sat\u0131\u015f\u0131 konusunun NATO kapsam\u0131nda de\u011ferlendirilmesi konusunda anla\u015ft\u0131k - Bati Ermenistan Ve Bati Ermenileri Sorunlari Ara\u015ftirmalar Merkezi\",\"isPartOf\":{\"@id\":\"https:\\\/\\\/akunq.net\\\/tr\\\/#website\"},\"primaryImageOfPage\":{\"@id\":\"https:\\\/\\\/akunq.net\\\/tr\\\/?p=60592#primaryimage\"},\"image\":{\"@id\":\"https:\\\/\\\/akunq.net\\\/tr\\\/?p=60592#primaryimage\"},\"thumbnailUrl\":\"https:\\\/\\\/akunq.net\\\/tr\\\/wp-content\\\/uploads\\\/sites\\\/6\\\/2020\\\/12\\\/Avrupa-Birligi-1.jpg\",\"datePublished\":\"2020-12-16T09:14:48+00:00\",\"author\":{\"@id\":\"https:\\\/\\\/akunq.net\\\/tr\\\/#\\\/schema\\\/person\\\/096f1d38a12cce57fb855b485ed24c9e\"},\"breadcrumb\":{\"@id\":\"https:\\\/\\\/akunq.net\\\/tr\\\/?p=60592#breadcrumb\"},\"inLanguage\":\"en-US\",\"potentialAction\":[{\"@type\":\"ReadAction\",\"target\":[\"https:\\\/\\\/akunq.net\\\/tr\\\/?p=60592\"]}]},{\"@type\":\"ImageObject\",\"inLanguage\":\"en-US\",\"@id\":\"https:\\\/\\\/akunq.net\\\/tr\\\/?p=60592#primaryimage\",\"url\":\"https:\\\/\\\/akunq.net\\\/tr\\\/wp-content\\\/uploads\\\/sites\\\/6\\\/2020\\\/12\\\/Avrupa-Birligi-1.jpg\",\"contentUrl\":\"https:\\\/\\\/akunq.net\\\/tr\\\/wp-content\\\/uploads\\\/sites\\\/6\\\/2020\\\/12\\\/Avrupa-Birligi-1.jpg\",\"width\":1000,\"height\":563},{\"@type\":\"BreadcrumbList\",\"@id\":\"https:\\\/\\\/akunq.net\\\/tr\\\/?p=60592#breadcrumb\",\"itemListElement\":[{\"@type\":\"ListItem\",\"position\":1,\"name\":\"Home\",\"item\":\"https:\\\/\\\/akunq.net\\\/tr\"},{\"@type\":\"ListItem\",\"position\":2,\"name\":\"Merkel: T\u00fcrkiye&#8217;ye silah sat\u0131\u015f\u0131 konusunun NATO kapsam\u0131nda de\u011ferlendirilmesi konusunda anla\u015ft\u0131k\"}]},{\"@type\":\"WebSite\",\"@id\":\"https:\\\/\\\/akunq.net\\\/tr\\\/#website\",\"url\":\"https:\\\/\\\/akunq.net\\\/tr\\\/\",\"name\":\"Bati Ermenistan Ve Bati Ermenileri Sorunlari Ara\u015ftirmalar Merkezi\",\"description\":\"\",\"potentialAction\":[{\"@type\":\"SearchAction\",\"target\":{\"@type\":\"EntryPoint\",\"urlTemplate\":\"https:\\\/\\\/akunq.net\\\/tr\\\/?s={search_term_string}\"},\"query-input\":{\"@type\":\"PropertyValueSpecification\",\"valueRequired\":true,\"valueName\":\"search_term_string\"}}],\"inLanguage\":\"en-US\"},{\"@type\":\"Person\",\"@id\":\"https:\\\/\\\/akunq.net\\\/tr\\\/#\\\/schema\\\/person\\\/096f1d38a12cce57fb855b485ed24c9e\",\"name\":\"admin\",\"url\":\"https:\\\/\\\/akunq.net\\\/tr\\\/?author=7\"}]}<\/script>\n<!-- \/ Yoast SEO plugin. -->","yoast_head_json":{"title":"Merkel: T\u00fcrkiye'ye silah sat\u0131\u015f\u0131 konusunun NATO kapsam\u0131nda de\u011ferlendirilmesi konusunda anla\u015ft\u0131k - Bati Ermenistan Ve Bati Ermenileri Sorunlari Ara\u015ftirmalar Merkezi","robots":{"index":"index","follow":"follow","max-snippet":"max-snippet:-1","max-image-preview":"max-image-preview:large","max-video-preview":"max-video-preview:-1"},"canonical":"https:\/\/akunq.net\/tr\/?p=60592","og_locale":"en_US","og_type":"article","og_title":"Merkel: T\u00fcrkiye'ye silah sat\u0131\u015f\u0131 konusunun NATO kapsam\u0131nda de\u011ferlendirilmesi konusunda anla\u015ft\u0131k - Bati Ermenistan Ve Bati Ermenileri Sorunlari Ara\u015ftirmalar Merkezi","og_description":"T\u00fcrkiye&#8217;ye yeni yapt\u0131r\u0131m kararlar\u0131 al\u0131nan Avrupa Birli\u011fi Liderler Zirvesi&#8217;nin ilk g\u00fcn\u00fc ard\u0131ndan Alman \u015eansolye Angela Merkel&#8217;den bir a\u00e7\u0131klama geldi: Mart ay\u0131nda ger\u00e7ekle\u015fecek bir sonraki zirveye kadar AB Y\u00fcksek Temsilcisinden T\u00fcrkiye ile i\u015f birli\u011fi hakk\u0131nda rapor haz\u0131rlanmas\u0131n\u0131 istediklerini belirten Merkel, &#8220;T\u00fcrkiye&#8217;ye silah sat\u0131\u015f\u0131n\u0131n NATO kapsam\u0131nda de\u011ferlendirilmesi konusunda anla\u015ft\u0131k&#8221; dedi. Macron tonunu yumu\u015fatt\u0131 Fransa Cumhurba\u015fkan\u0131 Emmanuel Macron [&hellip;]","og_url":"https:\/\/akunq.net\/tr\/?p=60592","og_site_name":"Bati Ermenistan Ve Bati Ermenileri Sorunlari Ara\u015ftirmalar Merkezi","article_published_time":"2020-12-16T09:14:48+00:00","og_image":[{"width":1000,"height":563,"url":"https:\/\/akunq.net\/tr\/wp-content\/uploads\/sites\/6\/2020\/12\/Avrupa-Birligi-1.jpg","type":"image\/jpeg"}],"author":"admin","twitter_card":"summary_large_image","twitter_misc":{"Written by":"admin","Est. reading time":"1 minute"},"schema":{"@context":"https:\/\/schema.org","@graph":[{"@type":"Article","@id":"https:\/\/akunq.net\/tr\/?p=60592#article","isPartOf":{"@id":"https:\/\/akunq.net\/tr\/?p=60592"},"author":{"name":"admin","@id":"https:\/\/akunq.net\/tr\/#\/schema\/person\/096f1d38a12cce57fb855b485ed24c9e"},"headline":"Merkel: T\u00fcrkiye&#8217;ye silah sat\u0131\u015f\u0131 konusunun NATO kapsam\u0131nda de\u011ferlendirilmesi konusunda anla\u015ft\u0131k","datePublished":"2020-12-16T09:14:48+00:00","mainEntityOfPage":{"@id":"https:\/\/akunq.net\/tr\/?p=60592"},"wordCount":217,"commentCount":0,"image":{"@id":"https:\/\/akunq.net\/tr\/?p=60592#primaryimage"},"thumbnailUrl":"https:\/\/akunq.net\/tr\/wp-content\/uploads\/sites\/6\/2020\/12\/Avrupa-Birligi-1.jpg","articleSection":["Haberler"],"inLanguage":"en-US","potentialAction":[{"@type":"CommentAction","name":"Comment","target":["https:\/\/akunq.net\/tr\/?p=60592#respond"]}]},{"@type":"WebPage","@id":"https:\/\/akunq.net\/tr\/?p=60592","url":"https:\/\/akunq.net\/tr\/?p=60592","name":"Merkel: T\u00fcrkiye'ye silah sat\u0131\u015f\u0131 konusunun NATO kapsam\u0131nda de\u011ferlendirilmesi konusunda anla\u015ft\u0131k - Bati Ermenistan Ve Bati Ermenileri Sorunlari Ara\u015ftirmalar Merkezi","isPartOf":{"@id":"https:\/\/akunq.net\/tr\/#website"},"primaryImageOfPage":{"@id":"https:\/\/akunq.net\/tr\/?p=60592#primaryimage"},"image":{"@id":"https:\/\/akunq.net\/tr\/?p=60592#primaryimage"},"thumbnailUrl":"https:\/\/akunq.net\/tr\/wp-content\/uploads\/sites\/6\/2020\/12\/Avrupa-Birligi-1.jpg","datePublished":"2020-12-16T09:14:48+00:00","author":{"@id":"https:\/\/akunq.net\/tr\/#\/schema\/person\/096f1d38a12cce57fb855b485ed24c9e"},"breadcrumb":{"@id":"https:\/\/akunq.net\/tr\/?p=60592#breadcrumb"},"inLanguage":"en-US","potentialAction":[{"@type":"ReadAction","target":["https:\/\/akunq.net\/tr\/?p=60592"]}]},{"@type":"ImageObject","inLanguage":"en-US","@id":"https:\/\/akunq.net\/tr\/?p=60592#primaryimage","url":"https:\/\/akunq.net\/tr\/wp-content\/uploads\/sites\/6\/2020\/12\/Avrupa-Birligi-1.jpg","contentUrl":"https:\/\/akunq.net\/tr\/wp-content\/uploads\/sites\/6\/2020\/12\/Avrupa-Birligi-1.jpg","width":1000,"height":563},{"@type":"BreadcrumbList","@id":"https:\/\/akunq.net\/tr\/?p=60592#breadcrumb","itemListElement":[{"@type":"ListItem","position":1,"name":"Home","item":"https:\/\/akunq.net\/tr"},{"@type":"ListItem","position":2,"name":"Merkel: T\u00fcrkiye&#8217;ye silah sat\u0131\u015f\u0131 konusunun NATO kapsam\u0131nda de\u011ferlendirilmesi konusunda anla\u015ft\u0131k"}]},{"@type":"WebSite","@id":"https:\/\/akunq.net\/tr\/#website","url":"https:\/\/akunq.net\/tr\/","name":"Bati Ermenistan Ve Bati Ermenileri Sorunlari Ara\u015ftirmalar Merkezi","description":"","potentialAction":[{"@type":"SearchAction","target":{"@type":"EntryPoint","urlTemplate":"https:\/\/akunq.net\/tr\/?s={search_term_string}"},"query-input":{"@type":"PropertyValueSpecification","valueRequired":true,"valueName":"search_term_string"}}],"inLanguage":"en-US"},{"@type":"Person","@id":"https:\/\/akunq.net\/tr\/#\/schema\/person\/096f1d38a12cce57fb855b485ed24c9e","name":"admin","url":"https:\/\/akunq.net\/tr\/?author=7"}]}},"_links":{"self":[{"href":"https:\/\/akunq.net\/tr\/index.php?rest_route=\/wp\/v2\/posts\/60592","targetHints":{"allow":["GET"]}}],"collection":[{"href":"https:\/\/akunq.net\/tr\/index.php?rest_route=\/wp\/v2\/posts"}],"about":[{"href":"https:\/\/akunq.net\/tr\/index.php?rest_route=\/wp\/v2\/types\/post"}],"author":[{"embeddable":true,"href":"https:\/\/akunq.net\/tr\/index.php?rest_route=\/wp\/v2\/users\/7"}],"replies":[{"embeddable":true,"href":"https:\/\/akunq.net\/tr\/index.php?rest_route=%2Fwp%2Fv2%2Fcomments&post=60592"}],"version-history":[{"count":1,"href":"https:\/\/akunq.net\/tr\/index.php?rest_route=\/wp\/v2\/posts\/60592\/revisions"}],"predecessor-version":[{"id":60594,"href":"https:\/\/akunq.net\/tr\/index.php?rest_route=\/wp\/v2\/posts\/60592\/revisions\/60594"}],"wp:featuredmedia":[{"embeddable":true,"href":"https:\/\/akunq.net\/tr\/index.php?rest_route=\/wp\/v2\/media\/60593"}],"wp:attachment":[{"href":"https:\/\/akunq.net\/tr\/index.php?rest_route=%2Fwp%2Fv2%2Fmedia&parent=60592"}],"wp:term":[{"taxonomy":"category","embeddable":true,"href":"https:\/\/akunq.net\/tr\/index.php?rest_route=%2Fwp%2Fv2%2Fcategories&post=60592"},{"taxonomy":"post_tag","embeddable":true,"href":"https:\/\/akunq.net\/tr\/index.php?rest_route=%2Fwp%2Fv2%2Ftags&post=60592"}],"curies":[{"name":"wp","href":"https:\/\/api.w.org\/{rel}","templated":true}]}}