{"id":60581,"date":"2020-12-15T05:20:04","date_gmt":"2020-12-15T10:20:04","guid":{"rendered":"https:\/\/akunq.net\/tr\/?p=60581"},"modified":"2020-12-15T05:20:04","modified_gmt":"2020-12-15T10:20:04","slug":"evkaf-ibadet-yerlerinin-bakimi-ve-onarimi-evkafin-oncelikleri-arasindadir","status":"publish","type":"post","link":"https:\/\/akunq.net\/tr\/?p=60581","title":{"rendered":"EVKAF: \u0130badet yerlerinin bak\u0131m\u0131 ve onar\u0131m\u0131, EVKAF\u2019\u0131n \u00f6ncelikleri aras\u0131ndad\u0131r"},"content":{"rendered":"<p><img loading=\"lazy\" decoding=\"async\" class=\"aligncenter size-medium wp-image-60582\" src=\"https:\/\/akunq.net\/tr\/wp-content\/uploads\/2020\/12\/\u0130badet-yerleri-360x220.jpg\" alt=\"\" width=\"360\" height=\"220\" srcset=\"https:\/\/akunq.net\/tr\/wp-content\/uploads\/sites\/6\/2020\/12\/\u0130badet-yerleri-360x220.jpg 360w, https:\/\/akunq.net\/tr\/wp-content\/uploads\/sites\/6\/2020\/12\/\u0130badet-yerleri-560x341.jpg 560w, https:\/\/akunq.net\/tr\/wp-content\/uploads\/sites\/6\/2020\/12\/\u0130badet-yerleri-260x159.jpg 260w, https:\/\/akunq.net\/tr\/wp-content\/uploads\/sites\/6\/2020\/12\/\u0130badet-yerleri-160x98.jpg 160w, https:\/\/akunq.net\/tr\/wp-content\/uploads\/sites\/6\/2020\/12\/\u0130badet-yerleri.jpg 656w\" sizes=\"auto, (max-width: 360px) 100vw, 360px\" \/><\/p>\n<p><em><strong>EVKAF, KKTC\u2019de yer alan kiliselerin durumlar\u0131 hakk\u0131nda g\u00fcndeme gelen s\u00f6ylemlere cevap vererek \u201c\u0130badet yerlerinin bak\u0131m\u0131 ve onar\u0131m\u0131, EVKAF\u2019\u0131n \u00f6ncelikleri aras\u0131ndad\u0131r\u201d dedi.\u00a0<\/strong><\/em><\/p>\n<p>K\u0131br\u0131s Vak\u0131flar \u0130daresi (EVKAF) g\u00fcndeme gelen KKTC\u2019de bulunan kiliselerin durumlar\u0131 hakk\u0131nda yaz\u0131l\u0131 bas\u0131n a\u00e7\u0131klamas\u0131 yapt\u0131.<\/p>\n<p>EVKAF, \u201cK\u0131br\u0131s Vak\u0131flar \u0130daresi, KKTC s\u0131n\u0131rlar\u0131 i\u00e7inde olan kiliselerden sorumludur ve bu kiliselerin bak\u0131m\u0131 i\u00e7in de ciddi b\u00fct\u00e7eler ay\u0131rmaktad\u0131r. 450 y\u0131ll\u0131k bir kurum olan Evkaf\u2019\u0131n t\u00fcm ibadet yerlerini restore etmek ve korumak i\u00e7in b\u00fct\u00e7esi dahilinde \u00fcst\u00fcn gayret g\u00f6sterdi\u011fi asla unutulmamal\u0131d\u0131r\u201d ifadeleri kullan\u0131ld\u0131.<\/p>\n<p>Kiliselerin durumu ile ilgili eksik b\u0131rak\u0131lan noktalar olmas\u0131 halinde kurumun bu konuda muhatap oldu\u011fu ve elinden geleni yapmaya haz\u0131r oldu\u011fu belirtilerek \u201cSanki Evkaf t\u00fcm dinlerin ibadet yerlerine gerekli bak\u0131m\u0131 yapm\u0131yormu\u015f gibi bir alg\u0131 yaratmaya \u00e7al\u0131\u015fmak anlams\u0131z, hatta k\u00f6t\u00fc niyetlidir\u201d s\u00f6zleri kullan\u0131larak ibadet yerlerinin bak\u0131m\u0131 ve onar\u0131m\u0131, EVKAF\u2019IN \u00f6ncelikleri aras\u0131nda yer ald\u0131\u011f\u0131 da vurguland\u0131.<\/p>\n<p>EVKAF\u2019tan yap\u0131lan a\u00e7\u0131klamada \u015fu ifadeler kullan\u0131ld\u0131:<\/p>\n<p>\u201cK\u0131br\u0131s Vak\u0131flar \u0130daresi, KKTC s\u0131n\u0131rlar\u0131 i\u00e7inde olan kiliselerden sorumludur ve bu kiliselerin bak\u0131m\u0131 i\u00e7in de ciddi b\u00fct\u00e7eler ay\u0131rmaktad\u0131r. 450 y\u0131ll\u0131k bir kurum olan Evkaf\u2019\u0131n t\u00fcm ibadet yerlerini restore etmek ve korumak i\u00e7in b\u00fct\u00e7esi dahilinde \u00fcst\u00fcn gayret g\u00f6sterdi\u011fi asla unutulmamal\u0131d\u0131r.<\/p>\n<p>\u00d6rneklerle a\u00e7\u0131klamak gerekirse, sadece Apostolos Andreas Manast\u0131r\u0131\u2019n\u0131n restorasyonu i\u00e7in K\u0131br\u0131s Vak\u0131flar \u0130daresi olarak iki bu\u00e7uk milyon euro harcanm\u0131\u015ft\u0131r. Bu yakla\u015f\u0131m\u0131m\u0131z bir\u00e7ok ba\u015fka kilise i\u00e7in de ge\u00e7erlidir.<\/p>\n<p>Kiliselerin korunmas\u0131 ad\u0131na bir ba\u015fka \u00f6nemli ad\u0131m da restore edilen kiliselerin kullan\u0131ma a\u00e7\u0131lmas\u0131 ile ilgili olmu\u015ftur. Eskiden, restore edilen kiliseler kapal\u0131 tutulmaktayd\u0131. Avrupa Birli\u011finin temsilcileri, Avrupa Birli\u011finin deste\u011fiyle restore edilen KKTC\u2019deki kiliseler hakk\u0131nda \u201cRestore edilmi\u015f kiliseler kullan\u0131lmay\u0131nca yine harabe oluyor, dolay\u0131s\u0131yla sosyal\/k\u00fclt\u00fcrel faaliyetlerin yap\u0131ld\u0131\u011f\u0131 fonksiyonlar verilsin\u201d diye K\u0131br\u0131s Vak\u0131flar \u0130daresi\u2019ne m\u00fcracaat yapm\u0131\u015ft\u0131r. Kurumumuz bu duruma olumlu ve yap\u0131c\u0131 bir yakla\u015f\u0131m sergilemi\u015f ve kiliseleri b\u00f6lgelerindeki belediyelerin kullan\u0131m\u0131na sosyo-k\u00fclt\u00fcrel faaliyetler i\u00e7in vermi\u015ftir. Belediyelere ayr\u0131ca kiliselerin bak\u0131m\u0131 ve tamirleri i\u00e7in de her t\u00fcrl\u00fc deste\u011fi vermekteyiz. Belediyeler de kad\u0131n el sanatlar\u0131 kurslar\u0131 gibi fonksiyonlar i\u00e7in kiliseleri kullanmaya ba\u015flad\u0131lar ve kulland\u0131klar\u0131 kiliseleri tamir ederek her t\u00fcrl\u00fc zarardan korumaya ba\u015flad\u0131lar. Bu durum da t\u00fcm ibadet yerlerine g\u00f6sterdi\u011fimiz \u00f6zenin bir ba\u015fka \u00f6rne\u011fidir.<\/p>\n<p>Kiliselerin durumu ile ilgili eksik b\u0131rakt\u0131\u011f\u0131m\u0131z noktalar varsa, kurumumuz bu konuda muhatapt\u0131r ve elinden geleni yapmaya haz\u0131rd\u0131r. Sanki Evkaf t\u00fcm dinlerin ibadet yerlerine gerekli bak\u0131m\u0131 yapm\u0131yormu\u015f gibi bir alg\u0131 yaratmaya \u00e7al\u0131\u015fmak anlams\u0131z, hatta k\u00f6t\u00fc niyetlidir. \u0130badet yerlerinin bak\u0131m\u0131 ve onar\u0131m\u0131, Evkaf\u2019\u0131n \u00f6ncelikleri aras\u0131ndad\u0131r.<\/p>\n<p>K\u0131br\u0131s\u2019ta T\u00fcrkler her zaman m\u00fcsl\u00fcman ve m\u00fcsl\u00fcman olmayanlar\u0131n dini inan\u00e7lar\u0131na sayg\u0131 g\u00f6stermi\u015f ve ibadet yerlerini korumu\u015ftur. Tarihte Venedik Katolik \u0130daresinde ibadet h\u00fcrriyeti olmayan Rum ve Ermeni toplumlar\u0131na ilk defa ibadet h\u00fcrriyeti Osmanl\u0131 \u0130daresinde verilmi\u015ftir. Hatta 1571\u2019de Sultan Selim\u2019in fermanlar\u0131yla baz\u0131 kiliseler Rum ve Ermeni toplumlar\u0131na hediye edilmi\u015ftir.<\/p>\n<p>Biz Evkaf olarak insan haklar\u0131n\u0131 koruyarak bu ho\u015fg\u00f6r\u00fc gelene\u011fini s\u00fcrd\u00fcrmek i\u00e7in elimizden geleni yap\u0131yoruz ve yapmaya da gayret edece\u011fiz.\u201d<\/p>\n<p><em><strong><a href=\"https:\/\/www.kibrisgazetesi.com\/kibris\/evkaf-ibadet-yerlerinin-bakimi-ve-onarimi-evkafin-oncelikleri-h101400.html\">https:\/\/www.kibrisgazetesi.com\/kibris\/evkaf-ibadet-yerlerinin-bakimi-ve-onarimi-evkafin-oncelikleri-h101400.html<\/a><\/strong><\/em><\/p>\n","protected":false},"excerpt":{"rendered":"<p>EVKAF, KKTC\u2019de yer alan kiliselerin durumlar\u0131 hakk\u0131nda g\u00fcndeme gelen s\u00f6ylemlere cevap vererek \u201c\u0130badet yerlerinin bak\u0131m\u0131 ve onar\u0131m\u0131, EVKAF\u2019\u0131n \u00f6ncelikleri aras\u0131ndad\u0131r\u201d dedi.\u00a0 K\u0131br\u0131s Vak\u0131flar \u0130daresi (EVKAF) g\u00fcndeme gelen KKTC\u2019de bulunan kiliselerin durumlar\u0131 hakk\u0131nda yaz\u0131l\u0131 bas\u0131n a\u00e7\u0131klamas\u0131 yapt\u0131. EVKAF, \u201cK\u0131br\u0131s Vak\u0131flar \u0130daresi, KKTC s\u0131n\u0131rlar\u0131 i\u00e7inde olan kiliselerden sorumludur ve bu kiliselerin bak\u0131m\u0131 i\u00e7in de ciddi b\u00fct\u00e7eler ay\u0131rmaktad\u0131r. [&hellip;]<\/p>\n","protected":false},"author":7,"featured_media":60582,"comment_status":"open","ping_status":"open","sticky":false,"template":"","format":"standard","meta":{"footnotes":""},"categories":[1],"tags":[],"class_list":["post-60581","post","type-post","status-publish","format-standard","has-post-thumbnail","hentry","category-haberler"],"yoast_head":"<!-- This site is optimized with the Yoast SEO plugin v27.4 - https:\/\/yoast.com\/product\/yoast-seo-wordpress\/ -->\n<title>EVKAF: \u0130badet yerlerinin bak\u0131m\u0131 ve onar\u0131m\u0131, EVKAF\u2019\u0131n \u00f6ncelikleri aras\u0131ndad\u0131r - Bati Ermenistan Ve Bati Ermenileri Sorunlari Ara\u015ftirmalar Merkezi<\/title>\n<meta name=\"robots\" content=\"index, follow, max-snippet:-1, max-image-preview:large, max-video-preview:-1\" \/>\n<link rel=\"canonical\" href=\"https:\/\/akunq.net\/tr\/?p=60581\" \/>\n<meta property=\"og:locale\" content=\"en_US\" \/>\n<meta property=\"og:type\" content=\"article\" \/>\n<meta property=\"og:title\" content=\"EVKAF: \u0130badet yerlerinin bak\u0131m\u0131 ve onar\u0131m\u0131, EVKAF\u2019\u0131n \u00f6ncelikleri aras\u0131ndad\u0131r - Bati Ermenistan Ve Bati Ermenileri Sorunlari Ara\u015ftirmalar Merkezi\" \/>\n<meta property=\"og:description\" content=\"EVKAF, KKTC\u2019de yer alan kiliselerin durumlar\u0131 hakk\u0131nda g\u00fcndeme gelen s\u00f6ylemlere cevap vererek \u201c\u0130badet yerlerinin bak\u0131m\u0131 ve onar\u0131m\u0131, EVKAF\u2019\u0131n \u00f6ncelikleri aras\u0131ndad\u0131r\u201d dedi.\u00a0 K\u0131br\u0131s Vak\u0131flar \u0130daresi (EVKAF) g\u00fcndeme gelen KKTC\u2019de bulunan kiliselerin durumlar\u0131 hakk\u0131nda yaz\u0131l\u0131 bas\u0131n a\u00e7\u0131klamas\u0131 yapt\u0131. EVKAF, \u201cK\u0131br\u0131s Vak\u0131flar \u0130daresi, KKTC s\u0131n\u0131rlar\u0131 i\u00e7inde olan kiliselerden sorumludur ve bu kiliselerin bak\u0131m\u0131 i\u00e7in de ciddi b\u00fct\u00e7eler ay\u0131rmaktad\u0131r. [&hellip;]\" \/>\n<meta property=\"og:url\" content=\"https:\/\/akunq.net\/tr\/?p=60581\" \/>\n<meta property=\"og:site_name\" content=\"Bati Ermenistan Ve Bati Ermenileri Sorunlari Ara\u015ftirmalar Merkezi\" \/>\n<meta property=\"article:published_time\" content=\"2020-12-15T10:20:04+00:00\" \/>\n<meta property=\"og:image\" content=\"https:\/\/akunq.net\/tr\/wp-content\/uploads\/sites\/6\/2020\/12\/\u0130badet-yerleri.jpg\" \/>\n\t<meta property=\"og:image:width\" content=\"656\" \/>\n\t<meta property=\"og:image:height\" content=\"400\" \/>\n\t<meta property=\"og:image:type\" content=\"image\/jpeg\" \/>\n<meta name=\"author\" content=\"admin\" \/>\n<meta name=\"twitter:card\" content=\"summary_large_image\" \/>\n<meta name=\"twitter:label1\" content=\"Written by\" \/>\n\t<meta name=\"twitter:data1\" content=\"admin\" \/>\n\t<meta name=\"twitter:label2\" content=\"Est. reading time\" \/>\n\t<meta name=\"twitter:data2\" content=\"3 minutes\" \/>\n<script type=\"application\/ld+json\" class=\"yoast-schema-graph\">{\"@context\":\"https:\\\/\\\/schema.org\",\"@graph\":[{\"@type\":\"Article\",\"@id\":\"https:\\\/\\\/akunq.net\\\/tr\\\/?p=60581#article\",\"isPartOf\":{\"@id\":\"https:\\\/\\\/akunq.net\\\/tr\\\/?p=60581\"},\"author\":{\"name\":\"admin\",\"@id\":\"https:\\\/\\\/akunq.net\\\/tr\\\/#\\\/schema\\\/person\\\/096f1d38a12cce57fb855b485ed24c9e\"},\"headline\":\"EVKAF: \u0130badet yerlerinin bak\u0131m\u0131 ve onar\u0131m\u0131, EVKAF\u2019\u0131n \u00f6ncelikleri aras\u0131ndad\u0131r\",\"datePublished\":\"2020-12-15T10:20:04+00:00\",\"mainEntityOfPage\":{\"@id\":\"https:\\\/\\\/akunq.net\\\/tr\\\/?p=60581\"},\"wordCount\":651,\"commentCount\":0,\"image\":{\"@id\":\"https:\\\/\\\/akunq.net\\\/tr\\\/?p=60581#primaryimage\"},\"thumbnailUrl\":\"https:\\\/\\\/akunq.net\\\/tr\\\/wp-content\\\/uploads\\\/sites\\\/6\\\/2020\\\/12\\\/\u0130badet-yerleri.jpg\",\"articleSection\":[\"Haberler\"],\"inLanguage\":\"en-US\",\"potentialAction\":[{\"@type\":\"CommentAction\",\"name\":\"Comment\",\"target\":[\"https:\\\/\\\/akunq.net\\\/tr\\\/?p=60581#respond\"]}]},{\"@type\":\"WebPage\",\"@id\":\"https:\\\/\\\/akunq.net\\\/tr\\\/?p=60581\",\"url\":\"https:\\\/\\\/akunq.net\\\/tr\\\/?p=60581\",\"name\":\"EVKAF: \u0130badet yerlerinin bak\u0131m\u0131 ve onar\u0131m\u0131, EVKAF\u2019\u0131n \u00f6ncelikleri aras\u0131ndad\u0131r - Bati Ermenistan Ve Bati Ermenileri Sorunlari Ara\u015ftirmalar Merkezi\",\"isPartOf\":{\"@id\":\"https:\\\/\\\/akunq.net\\\/tr\\\/#website\"},\"primaryImageOfPage\":{\"@id\":\"https:\\\/\\\/akunq.net\\\/tr\\\/?p=60581#primaryimage\"},\"image\":{\"@id\":\"https:\\\/\\\/akunq.net\\\/tr\\\/?p=60581#primaryimage\"},\"thumbnailUrl\":\"https:\\\/\\\/akunq.net\\\/tr\\\/wp-content\\\/uploads\\\/sites\\\/6\\\/2020\\\/12\\\/\u0130badet-yerleri.jpg\",\"datePublished\":\"2020-12-15T10:20:04+00:00\",\"author\":{\"@id\":\"https:\\\/\\\/akunq.net\\\/tr\\\/#\\\/schema\\\/person\\\/096f1d38a12cce57fb855b485ed24c9e\"},\"breadcrumb\":{\"@id\":\"https:\\\/\\\/akunq.net\\\/tr\\\/?p=60581#breadcrumb\"},\"inLanguage\":\"en-US\",\"potentialAction\":[{\"@type\":\"ReadAction\",\"target\":[\"https:\\\/\\\/akunq.net\\\/tr\\\/?p=60581\"]}]},{\"@type\":\"ImageObject\",\"inLanguage\":\"en-US\",\"@id\":\"https:\\\/\\\/akunq.net\\\/tr\\\/?p=60581#primaryimage\",\"url\":\"https:\\\/\\\/akunq.net\\\/tr\\\/wp-content\\\/uploads\\\/sites\\\/6\\\/2020\\\/12\\\/\u0130badet-yerleri.jpg\",\"contentUrl\":\"https:\\\/\\\/akunq.net\\\/tr\\\/wp-content\\\/uploads\\\/sites\\\/6\\\/2020\\\/12\\\/\u0130badet-yerleri.jpg\",\"width\":656,\"height\":400},{\"@type\":\"BreadcrumbList\",\"@id\":\"https:\\\/\\\/akunq.net\\\/tr\\\/?p=60581#breadcrumb\",\"itemListElement\":[{\"@type\":\"ListItem\",\"position\":1,\"name\":\"Home\",\"item\":\"https:\\\/\\\/akunq.net\\\/tr\"},{\"@type\":\"ListItem\",\"position\":2,\"name\":\"EVKAF: \u0130badet yerlerinin bak\u0131m\u0131 ve onar\u0131m\u0131, EVKAF\u2019\u0131n \u00f6ncelikleri aras\u0131ndad\u0131r\"}]},{\"@type\":\"WebSite\",\"@id\":\"https:\\\/\\\/akunq.net\\\/tr\\\/#website\",\"url\":\"https:\\\/\\\/akunq.net\\\/tr\\\/\",\"name\":\"Bati Ermenistan Ve Bati Ermenileri Sorunlari Ara\u015ftirmalar Merkezi\",\"description\":\"\",\"potentialAction\":[{\"@type\":\"SearchAction\",\"target\":{\"@type\":\"EntryPoint\",\"urlTemplate\":\"https:\\\/\\\/akunq.net\\\/tr\\\/?s={search_term_string}\"},\"query-input\":{\"@type\":\"PropertyValueSpecification\",\"valueRequired\":true,\"valueName\":\"search_term_string\"}}],\"inLanguage\":\"en-US\"},{\"@type\":\"Person\",\"@id\":\"https:\\\/\\\/akunq.net\\\/tr\\\/#\\\/schema\\\/person\\\/096f1d38a12cce57fb855b485ed24c9e\",\"name\":\"admin\",\"url\":\"https:\\\/\\\/akunq.net\\\/tr\\\/?author=7\"}]}<\/script>\n<!-- \/ Yoast SEO plugin. -->","yoast_head_json":{"title":"EVKAF: \u0130badet yerlerinin bak\u0131m\u0131 ve onar\u0131m\u0131, EVKAF\u2019\u0131n \u00f6ncelikleri aras\u0131ndad\u0131r - Bati Ermenistan Ve Bati Ermenileri Sorunlari Ara\u015ftirmalar Merkezi","robots":{"index":"index","follow":"follow","max-snippet":"max-snippet:-1","max-image-preview":"max-image-preview:large","max-video-preview":"max-video-preview:-1"},"canonical":"https:\/\/akunq.net\/tr\/?p=60581","og_locale":"en_US","og_type":"article","og_title":"EVKAF: \u0130badet yerlerinin bak\u0131m\u0131 ve onar\u0131m\u0131, EVKAF\u2019\u0131n \u00f6ncelikleri aras\u0131ndad\u0131r - Bati Ermenistan Ve Bati Ermenileri Sorunlari Ara\u015ftirmalar Merkezi","og_description":"EVKAF, KKTC\u2019de yer alan kiliselerin durumlar\u0131 hakk\u0131nda g\u00fcndeme gelen s\u00f6ylemlere cevap vererek \u201c\u0130badet yerlerinin bak\u0131m\u0131 ve onar\u0131m\u0131, EVKAF\u2019\u0131n \u00f6ncelikleri aras\u0131ndad\u0131r\u201d dedi.\u00a0 K\u0131br\u0131s Vak\u0131flar \u0130daresi (EVKAF) g\u00fcndeme gelen KKTC\u2019de bulunan kiliselerin durumlar\u0131 hakk\u0131nda yaz\u0131l\u0131 bas\u0131n a\u00e7\u0131klamas\u0131 yapt\u0131. EVKAF, \u201cK\u0131br\u0131s Vak\u0131flar \u0130daresi, KKTC s\u0131n\u0131rlar\u0131 i\u00e7inde olan kiliselerden sorumludur ve bu kiliselerin bak\u0131m\u0131 i\u00e7in de ciddi b\u00fct\u00e7eler ay\u0131rmaktad\u0131r. [&hellip;]","og_url":"https:\/\/akunq.net\/tr\/?p=60581","og_site_name":"Bati Ermenistan Ve Bati Ermenileri Sorunlari Ara\u015ftirmalar Merkezi","article_published_time":"2020-12-15T10:20:04+00:00","og_image":[{"width":656,"height":400,"url":"https:\/\/akunq.net\/tr\/wp-content\/uploads\/sites\/6\/2020\/12\/\u0130badet-yerleri.jpg","type":"image\/jpeg"}],"author":"admin","twitter_card":"summary_large_image","twitter_misc":{"Written by":"admin","Est. reading time":"3 minutes"},"schema":{"@context":"https:\/\/schema.org","@graph":[{"@type":"Article","@id":"https:\/\/akunq.net\/tr\/?p=60581#article","isPartOf":{"@id":"https:\/\/akunq.net\/tr\/?p=60581"},"author":{"name":"admin","@id":"https:\/\/akunq.net\/tr\/#\/schema\/person\/096f1d38a12cce57fb855b485ed24c9e"},"headline":"EVKAF: \u0130badet yerlerinin bak\u0131m\u0131 ve onar\u0131m\u0131, EVKAF\u2019\u0131n \u00f6ncelikleri aras\u0131ndad\u0131r","datePublished":"2020-12-15T10:20:04+00:00","mainEntityOfPage":{"@id":"https:\/\/akunq.net\/tr\/?p=60581"},"wordCount":651,"commentCount":0,"image":{"@id":"https:\/\/akunq.net\/tr\/?p=60581#primaryimage"},"thumbnailUrl":"https:\/\/akunq.net\/tr\/wp-content\/uploads\/sites\/6\/2020\/12\/\u0130badet-yerleri.jpg","articleSection":["Haberler"],"inLanguage":"en-US","potentialAction":[{"@type":"CommentAction","name":"Comment","target":["https:\/\/akunq.net\/tr\/?p=60581#respond"]}]},{"@type":"WebPage","@id":"https:\/\/akunq.net\/tr\/?p=60581","url":"https:\/\/akunq.net\/tr\/?p=60581","name":"EVKAF: \u0130badet yerlerinin bak\u0131m\u0131 ve onar\u0131m\u0131, EVKAF\u2019\u0131n \u00f6ncelikleri aras\u0131ndad\u0131r - Bati Ermenistan Ve Bati Ermenileri Sorunlari Ara\u015ftirmalar Merkezi","isPartOf":{"@id":"https:\/\/akunq.net\/tr\/#website"},"primaryImageOfPage":{"@id":"https:\/\/akunq.net\/tr\/?p=60581#primaryimage"},"image":{"@id":"https:\/\/akunq.net\/tr\/?p=60581#primaryimage"},"thumbnailUrl":"https:\/\/akunq.net\/tr\/wp-content\/uploads\/sites\/6\/2020\/12\/\u0130badet-yerleri.jpg","datePublished":"2020-12-15T10:20:04+00:00","author":{"@id":"https:\/\/akunq.net\/tr\/#\/schema\/person\/096f1d38a12cce57fb855b485ed24c9e"},"breadcrumb":{"@id":"https:\/\/akunq.net\/tr\/?p=60581#breadcrumb"},"inLanguage":"en-US","potentialAction":[{"@type":"ReadAction","target":["https:\/\/akunq.net\/tr\/?p=60581"]}]},{"@type":"ImageObject","inLanguage":"en-US","@id":"https:\/\/akunq.net\/tr\/?p=60581#primaryimage","url":"https:\/\/akunq.net\/tr\/wp-content\/uploads\/sites\/6\/2020\/12\/\u0130badet-yerleri.jpg","contentUrl":"https:\/\/akunq.net\/tr\/wp-content\/uploads\/sites\/6\/2020\/12\/\u0130badet-yerleri.jpg","width":656,"height":400},{"@type":"BreadcrumbList","@id":"https:\/\/akunq.net\/tr\/?p=60581#breadcrumb","itemListElement":[{"@type":"ListItem","position":1,"name":"Home","item":"https:\/\/akunq.net\/tr"},{"@type":"ListItem","position":2,"name":"EVKAF: \u0130badet yerlerinin bak\u0131m\u0131 ve onar\u0131m\u0131, EVKAF\u2019\u0131n \u00f6ncelikleri aras\u0131ndad\u0131r"}]},{"@type":"WebSite","@id":"https:\/\/akunq.net\/tr\/#website","url":"https:\/\/akunq.net\/tr\/","name":"Bati Ermenistan Ve Bati Ermenileri Sorunlari Ara\u015ftirmalar Merkezi","description":"","potentialAction":[{"@type":"SearchAction","target":{"@type":"EntryPoint","urlTemplate":"https:\/\/akunq.net\/tr\/?s={search_term_string}"},"query-input":{"@type":"PropertyValueSpecification","valueRequired":true,"valueName":"search_term_string"}}],"inLanguage":"en-US"},{"@type":"Person","@id":"https:\/\/akunq.net\/tr\/#\/schema\/person\/096f1d38a12cce57fb855b485ed24c9e","name":"admin","url":"https:\/\/akunq.net\/tr\/?author=7"}]}},"_links":{"self":[{"href":"https:\/\/akunq.net\/tr\/index.php?rest_route=\/wp\/v2\/posts\/60581","targetHints":{"allow":["GET"]}}],"collection":[{"href":"https:\/\/akunq.net\/tr\/index.php?rest_route=\/wp\/v2\/posts"}],"about":[{"href":"https:\/\/akunq.net\/tr\/index.php?rest_route=\/wp\/v2\/types\/post"}],"author":[{"embeddable":true,"href":"https:\/\/akunq.net\/tr\/index.php?rest_route=\/wp\/v2\/users\/7"}],"replies":[{"embeddable":true,"href":"https:\/\/akunq.net\/tr\/index.php?rest_route=%2Fwp%2Fv2%2Fcomments&post=60581"}],"version-history":[{"count":1,"href":"https:\/\/akunq.net\/tr\/index.php?rest_route=\/wp\/v2\/posts\/60581\/revisions"}],"predecessor-version":[{"id":60583,"href":"https:\/\/akunq.net\/tr\/index.php?rest_route=\/wp\/v2\/posts\/60581\/revisions\/60583"}],"wp:featuredmedia":[{"embeddable":true,"href":"https:\/\/akunq.net\/tr\/index.php?rest_route=\/wp\/v2\/media\/60582"}],"wp:attachment":[{"href":"https:\/\/akunq.net\/tr\/index.php?rest_route=%2Fwp%2Fv2%2Fmedia&parent=60581"}],"wp:term":[{"taxonomy":"category","embeddable":true,"href":"https:\/\/akunq.net\/tr\/index.php?rest_route=%2Fwp%2Fv2%2Fcategories&post=60581"},{"taxonomy":"post_tag","embeddable":true,"href":"https:\/\/akunq.net\/tr\/index.php?rest_route=%2Fwp%2Fv2%2Ftags&post=60581"}],"curies":[{"name":"wp","href":"https:\/\/api.w.org\/{rel}","templated":true}]}}