{"id":60578,"date":"2020-12-15T05:13:23","date_gmt":"2020-12-15T10:13:23","guid":{"rendered":"https:\/\/akunq.net\/tr\/?p=60578"},"modified":"2020-12-15T05:13:23","modified_gmt":"2020-12-15T10:13:23","slug":"korler-ulkesinin-yeni-gizemi-kadikoyde-arkeologlar-ilk-kez-boyle-bir-seyle-karsilasti","status":"publish","type":"post","link":"https:\/\/akunq.net\/tr\/?p=60578","title":{"rendered":"K\u00f6rler \u00dclkesi\u2019nin yeni gizemi! Kad\u0131k\u00f6y\u2019de arkeologlar ilk kez b\u00f6yle bir \u015feyle kar\u015f\u0131la\u015ft\u0131"},"content":{"rendered":"<p><img loading=\"lazy\" decoding=\"async\" class=\"aligncenter size-medium wp-image-60579\" src=\"https:\/\/akunq.net\/tr\/wp-content\/uploads\/2020\/12\/Kad\u0131k\u00f6y-360x203.jpg\" alt=\"\" width=\"360\" height=\"203\" srcset=\"https:\/\/akunq.net\/tr\/wp-content\/uploads\/sites\/6\/2020\/12\/Kad\u0131k\u00f6y-360x203.jpg 360w, https:\/\/akunq.net\/tr\/wp-content\/uploads\/sites\/6\/2020\/12\/Kad\u0131k\u00f6y-560x315.jpg 560w, https:\/\/akunq.net\/tr\/wp-content\/uploads\/sites\/6\/2020\/12\/Kad\u0131k\u00f6y-260x146.jpg 260w, https:\/\/akunq.net\/tr\/wp-content\/uploads\/sites\/6\/2020\/12\/Kad\u0131k\u00f6y-160x90.jpg 160w, https:\/\/akunq.net\/tr\/wp-content\/uploads\/sites\/6\/2020\/12\/Kad\u0131k\u00f6y.jpg 750w\" sizes=\"auto, (max-width: 360px) 100vw, 360px\" \/><\/p>\n<p><strong>\u00d6mer ERB\u0130L<\/strong><\/p>\n<p><em><strong>Eskiden K\u00f6rler \u00dclkesi olarak da an\u0131lan \u0130stanbul Kad\u0131k\u00f6y\u2019deki Haydarpa\u015fa Gar\u0131 kaz\u0131lar\u0131nda, i\u00e7inde mezarlar\u0131n da oldu\u011fu taban\u0131 mermer bir yap\u0131 tespit edildi. Toplu mezarlar\u0131, mimarisi ile kutsal oldu\u011fu d\u00fc\u015f\u00fcn\u00fclen yap\u0131n\u0131n gizemi arkeolojik \u00e7al\u0131\u015fmalar ilerledik\u00e7e \u00e7\u00f6z\u00fclecek.<\/strong><\/em><\/p>\n<p>\u0130stanbul\u2019da Haydarpa\u015fa Gar\u0131\u2019nda 2018 May\u0131s ay\u0131nda ba\u015flat\u0131lan arkeolojik kaz\u0131larda \u0130stanbul\u2019un \u00f6zellikle de Kad\u0131k\u00f6y\u2019\u00fcn tarihine \u0131\u015f\u0131k tutacak \u00e7ok \u00f6nemli bulgular elde edildi. Peronlar\u0131n alt\u0131ndan \u00e7\u0131kan mermer tabanl\u0131, apsidal formlu olduk\u00e7a geni\u015f bir alana yay\u0131lan mimari yap\u0131 tespit edildi. \u0130\u00e7inde toplu mezar buluntusunun da \u00e7\u0131kt\u0131\u011f\u0131 yap\u0131 \u015fimdilik gizemini koruyor.<\/p>\n<p><strong>\u2018B\u00d6YLES\u0130 YOK\u2019<\/strong><\/p>\n<p>Kaz\u0131da g\u00f6rev yapan arkeologlar, \u201cKiliseye benzemeyen, tek apsidal formu olan, i\u00e7inde toplu mezarlar\u0131n oldu\u011fu bug\u00fcne kadar bilinen ba\u015fka bir yap\u0131 kompleksi yok. Hen\u00fcz bir tan\u0131mlama yapam\u0131yoruz. Zemini olduk\u00e7a d\u00fczg\u00fcn ince i\u015f\u00e7ilikle d\u00f6\u015fenmi\u015f mermer bloklarla kapl\u0131. Mermerlerin alt\u0131nda mezar odas\u0131 tespit ettik. Etraf\u0131nda toplu mezarlar da bulduk. T\u00fcm bunlar buran\u0131n kutsal oldu\u011funu, dini bir ama\u00e7la kullan\u0131ld\u0131\u011f\u0131n\u0131 bize d\u00fc\u015f\u00fcnd\u00fcr\u00fcyor. Kaz\u0131 \u00e7al\u0131\u015fmalar\u0131 derinle\u015ftik\u00e7e gizemin \u00e7\u00f6z\u00fclece\u011fini d\u00fc\u015f\u00fcn\u00fcyoruz\u201d diyor.<\/p>\n<p>Kaz\u0131 \u00e7al\u0131\u015fmalar\u0131nda ele ge\u00e7en 18 bine yak\u0131n sikke M\u00d6 7. yy\u2019dan g\u00fcn\u00fcm\u00fcze dek Kad\u0131k\u00f6y\/Khalkedon tarihine dair bir bilgi sundu. \u0130lk kez sistematik bir arkeolojik kaz\u0131da klasik d\u00f6neme ait Khalkedon sikkeleri ele ge\u00e7irildi. Elde edilen sikkeler eskiden K\u00f6rler \u00dclkesi olarak da adland\u0131r\u0131lan Kad\u0131k\u00f6y\u2019\u00fcn bug\u00fcn oldu\u011fu gibi ge\u00e7mi\u015fte de ticari bir canl\u0131l\u0131\u011fa sahip oldu\u011funu g\u00f6sterdi.<\/p>\n<p><strong>GE\u00c7M\u0130\u015eE I\u015eIK TUTUYOR<\/strong><\/p>\n<p>Di\u011fer yandan geni\u015f duvarlar\u0131 ile limana ait mendirek de kaz\u0131n\u0131n \u00f6nemli mimari buluntusu olarak kaynaklara ge\u00e7ti. Kaz\u0131 alan\u0131n\u0131n bat\u0131s\u0131nda \u2018Peronlar B\u00f6lgesi\u2019ndeki kaz\u0131 \u00e7al\u0131\u015fmalar\u0131 s\u0131ras\u0131nda, Erken Bizans d\u00f6nemi yap\u0131 kompleksi ortaya \u00e7\u0131kar\u0131ld\u0131. 12. yy\u2019da ya\u015fam\u0131\u015f olan Geoffry Villehordouin, kitab\u0131nda burada ihti\u015faml\u0131 bir saray yap\u0131s\u0131 oldu\u011funu anlat\u0131yor. Yap\u0131 i\u00e7erisinden \u00e7\u0131kar\u0131lan mermer par\u00e7alar\u0131, renkli mozaik ta\u015flar\u0131 ve renkli cam par\u00e7alar\u0131 Villehordouin\u2019in anlatt\u0131klar\u0131n\u0131 destekliyor.<\/p>\n<p><strong>TAR\u0130H\u0130 AYAZMA<\/strong><\/p>\n<p>Alanda ortaya \u00e7\u0131kar\u0131lan bir di\u011fer \u00f6nemli yap\u0131 ise alan\u0131n kuzeyinde h\u00e2l\u00e2 suyu akmakta olan ayazma. Kaz\u0131 \u00e7al\u0131\u015fmalar\u0131nda 2 adet su haznesi ortaya \u00e7\u0131kar\u0131ld\u0131. Antik kaynaklardan toplanan bilgiler, buran\u0131n Roma d\u00f6neminde ya\u015fam\u0131\u015f Dionysisos Byzantios\u2019un \u201cBo\u011fazi\u00e7i\u2019nde Bir Gezinti\u201d adl\u0131 kitab\u0131nda yer verilen Damalis burnundan Kad\u0131k\u00f6y\u2019e kadar olan k\u0131y\u0131 betimlemelerinde anlatt\u0131\u011f\u0131 ve Hermegora ad\u0131n\u0131 verdi\u011fi kesintisiz akan su kayna\u011f\u0131 ile e\u015fle\u015fiyor. Kaynak suyu \u00fczerine Erken Bizans d\u00f6neminde iki adet su haznesi in\u015fa edilmi\u015f ve buras\u0131 \u00e7e\u015fme olarak uzun y\u0131llar kullan\u0131lm\u0131\u015ft\u0131.<\/p>\n<hr \/>\n<p><em><strong><a href=\"https:\/\/www.hurriyet.com.tr\/gundem\/korler-ulkesinin-yeni-gizemi-kadikoyde-arkeologlar-ilk-kez-boyle-bir-seyle-karsilasti-41688732\">https:\/\/www.hurriyet.com.tr\/gundem\/korler-ulkesinin-yeni-gizemi-kadikoyde-arkeologlar-ilk-kez-boyle-bir-seyle-karsilasti-41688732<\/a><\/strong><\/em><\/p>\n","protected":false},"excerpt":{"rendered":"<p>\u00d6mer ERB\u0130L Eskiden K\u00f6rler \u00dclkesi olarak da an\u0131lan \u0130stanbul Kad\u0131k\u00f6y\u2019deki Haydarpa\u015fa Gar\u0131 kaz\u0131lar\u0131nda, i\u00e7inde mezarlar\u0131n da oldu\u011fu taban\u0131 mermer bir yap\u0131 tespit edildi. Toplu mezarlar\u0131, mimarisi ile kutsal oldu\u011fu d\u00fc\u015f\u00fcn\u00fclen yap\u0131n\u0131n gizemi arkeolojik \u00e7al\u0131\u015fmalar ilerledik\u00e7e \u00e7\u00f6z\u00fclecek. \u0130stanbul\u2019da Haydarpa\u015fa Gar\u0131\u2019nda 2018 May\u0131s ay\u0131nda ba\u015flat\u0131lan arkeolojik kaz\u0131larda \u0130stanbul\u2019un \u00f6zellikle de Kad\u0131k\u00f6y\u2019\u00fcn tarihine \u0131\u015f\u0131k tutacak \u00e7ok \u00f6nemli bulgular [&hellip;]<\/p>\n","protected":false},"author":7,"featured_media":60579,"comment_status":"open","ping_status":"open","sticky":false,"template":"","format":"standard","meta":{"footnotes":""},"categories":[1],"tags":[],"class_list":["post-60578","post","type-post","status-publish","format-standard","has-post-thumbnail","hentry","category-haberler"],"yoast_head":"<!-- This site is optimized with the Yoast SEO plugin v27.4 - https:\/\/yoast.com\/product\/yoast-seo-wordpress\/ -->\n<title>K\u00f6rler \u00dclkesi\u2019nin yeni gizemi! Kad\u0131k\u00f6y\u2019de arkeologlar ilk kez b\u00f6yle bir \u015feyle kar\u015f\u0131la\u015ft\u0131 - Bati Ermenistan Ve Bati Ermenileri Sorunlari Ara\u015ftirmalar Merkezi<\/title>\n<meta name=\"robots\" content=\"index, follow, max-snippet:-1, max-image-preview:large, max-video-preview:-1\" \/>\n<link rel=\"canonical\" href=\"https:\/\/akunq.net\/tr\/?p=60578\" \/>\n<meta property=\"og:locale\" content=\"en_US\" \/>\n<meta property=\"og:type\" content=\"article\" \/>\n<meta property=\"og:title\" content=\"K\u00f6rler \u00dclkesi\u2019nin yeni gizemi! Kad\u0131k\u00f6y\u2019de arkeologlar ilk kez b\u00f6yle bir \u015feyle kar\u015f\u0131la\u015ft\u0131 - Bati Ermenistan Ve Bati Ermenileri Sorunlari Ara\u015ftirmalar Merkezi\" \/>\n<meta property=\"og:description\" content=\"\u00d6mer ERB\u0130L Eskiden K\u00f6rler \u00dclkesi olarak da an\u0131lan \u0130stanbul Kad\u0131k\u00f6y\u2019deki Haydarpa\u015fa Gar\u0131 kaz\u0131lar\u0131nda, i\u00e7inde mezarlar\u0131n da oldu\u011fu taban\u0131 mermer bir yap\u0131 tespit edildi. Toplu mezarlar\u0131, mimarisi ile kutsal oldu\u011fu d\u00fc\u015f\u00fcn\u00fclen yap\u0131n\u0131n gizemi arkeolojik \u00e7al\u0131\u015fmalar ilerledik\u00e7e \u00e7\u00f6z\u00fclecek. \u0130stanbul\u2019da Haydarpa\u015fa Gar\u0131\u2019nda 2018 May\u0131s ay\u0131nda ba\u015flat\u0131lan arkeolojik kaz\u0131larda \u0130stanbul\u2019un \u00f6zellikle de Kad\u0131k\u00f6y\u2019\u00fcn tarihine \u0131\u015f\u0131k tutacak \u00e7ok \u00f6nemli bulgular [&hellip;]\" \/>\n<meta property=\"og:url\" content=\"https:\/\/akunq.net\/tr\/?p=60578\" \/>\n<meta property=\"og:site_name\" content=\"Bati Ermenistan Ve Bati Ermenileri Sorunlari Ara\u015ftirmalar Merkezi\" \/>\n<meta property=\"article:published_time\" content=\"2020-12-15T10:13:23+00:00\" \/>\n<meta property=\"og:image\" content=\"https:\/\/akunq.net\/tr\/wp-content\/uploads\/sites\/6\/2020\/12\/Kad\u0131k\u00f6y.jpg\" \/>\n\t<meta property=\"og:image:width\" content=\"750\" \/>\n\t<meta property=\"og:image:height\" content=\"422\" \/>\n\t<meta property=\"og:image:type\" content=\"image\/jpeg\" \/>\n<meta name=\"author\" content=\"admin\" \/>\n<meta name=\"twitter:card\" content=\"summary_large_image\" \/>\n<meta name=\"twitter:label1\" content=\"Written by\" \/>\n\t<meta name=\"twitter:data1\" content=\"admin\" \/>\n\t<meta name=\"twitter:label2\" content=\"Est. reading time\" \/>\n\t<meta name=\"twitter:data2\" content=\"3 minutes\" \/>\n<script type=\"application\/ld+json\" class=\"yoast-schema-graph\">{\"@context\":\"https:\\\/\\\/schema.org\",\"@graph\":[{\"@type\":\"Article\",\"@id\":\"https:\\\/\\\/akunq.net\\\/tr\\\/?p=60578#article\",\"isPartOf\":{\"@id\":\"https:\\\/\\\/akunq.net\\\/tr\\\/?p=60578\"},\"author\":{\"name\":\"admin\",\"@id\":\"https:\\\/\\\/akunq.net\\\/tr\\\/#\\\/schema\\\/person\\\/096f1d38a12cce57fb855b485ed24c9e\"},\"headline\":\"K\u00f6rler \u00dclkesi\u2019nin yeni gizemi! Kad\u0131k\u00f6y\u2019de arkeologlar ilk kez b\u00f6yle bir \u015feyle kar\u015f\u0131la\u015ft\u0131\",\"datePublished\":\"2020-12-15T10:13:23+00:00\",\"mainEntityOfPage\":{\"@id\":\"https:\\\/\\\/akunq.net\\\/tr\\\/?p=60578\"},\"wordCount\":527,\"commentCount\":0,\"image\":{\"@id\":\"https:\\\/\\\/akunq.net\\\/tr\\\/?p=60578#primaryimage\"},\"thumbnailUrl\":\"https:\\\/\\\/akunq.net\\\/tr\\\/wp-content\\\/uploads\\\/sites\\\/6\\\/2020\\\/12\\\/Kad\u0131k\u00f6y.jpg\",\"articleSection\":[\"Haberler\"],\"inLanguage\":\"en-US\",\"potentialAction\":[{\"@type\":\"CommentAction\",\"name\":\"Comment\",\"target\":[\"https:\\\/\\\/akunq.net\\\/tr\\\/?p=60578#respond\"]}]},{\"@type\":\"WebPage\",\"@id\":\"https:\\\/\\\/akunq.net\\\/tr\\\/?p=60578\",\"url\":\"https:\\\/\\\/akunq.net\\\/tr\\\/?p=60578\",\"name\":\"K\u00f6rler \u00dclkesi\u2019nin yeni gizemi! Kad\u0131k\u00f6y\u2019de arkeologlar ilk kez b\u00f6yle bir \u015feyle kar\u015f\u0131la\u015ft\u0131 - Bati Ermenistan Ve Bati Ermenileri Sorunlari Ara\u015ftirmalar Merkezi\",\"isPartOf\":{\"@id\":\"https:\\\/\\\/akunq.net\\\/tr\\\/#website\"},\"primaryImageOfPage\":{\"@id\":\"https:\\\/\\\/akunq.net\\\/tr\\\/?p=60578#primaryimage\"},\"image\":{\"@id\":\"https:\\\/\\\/akunq.net\\\/tr\\\/?p=60578#primaryimage\"},\"thumbnailUrl\":\"https:\\\/\\\/akunq.net\\\/tr\\\/wp-content\\\/uploads\\\/sites\\\/6\\\/2020\\\/12\\\/Kad\u0131k\u00f6y.jpg\",\"datePublished\":\"2020-12-15T10:13:23+00:00\",\"author\":{\"@id\":\"https:\\\/\\\/akunq.net\\\/tr\\\/#\\\/schema\\\/person\\\/096f1d38a12cce57fb855b485ed24c9e\"},\"breadcrumb\":{\"@id\":\"https:\\\/\\\/akunq.net\\\/tr\\\/?p=60578#breadcrumb\"},\"inLanguage\":\"en-US\",\"potentialAction\":[{\"@type\":\"ReadAction\",\"target\":[\"https:\\\/\\\/akunq.net\\\/tr\\\/?p=60578\"]}]},{\"@type\":\"ImageObject\",\"inLanguage\":\"en-US\",\"@id\":\"https:\\\/\\\/akunq.net\\\/tr\\\/?p=60578#primaryimage\",\"url\":\"https:\\\/\\\/akunq.net\\\/tr\\\/wp-content\\\/uploads\\\/sites\\\/6\\\/2020\\\/12\\\/Kad\u0131k\u00f6y.jpg\",\"contentUrl\":\"https:\\\/\\\/akunq.net\\\/tr\\\/wp-content\\\/uploads\\\/sites\\\/6\\\/2020\\\/12\\\/Kad\u0131k\u00f6y.jpg\",\"width\":750,\"height\":422},{\"@type\":\"BreadcrumbList\",\"@id\":\"https:\\\/\\\/akunq.net\\\/tr\\\/?p=60578#breadcrumb\",\"itemListElement\":[{\"@type\":\"ListItem\",\"position\":1,\"name\":\"Home\",\"item\":\"https:\\\/\\\/akunq.net\\\/tr\"},{\"@type\":\"ListItem\",\"position\":2,\"name\":\"K\u00f6rler \u00dclkesi\u2019nin yeni gizemi! Kad\u0131k\u00f6y\u2019de arkeologlar ilk kez b\u00f6yle bir \u015feyle kar\u015f\u0131la\u015ft\u0131\"}]},{\"@type\":\"WebSite\",\"@id\":\"https:\\\/\\\/akunq.net\\\/tr\\\/#website\",\"url\":\"https:\\\/\\\/akunq.net\\\/tr\\\/\",\"name\":\"Bati Ermenistan Ve Bati Ermenileri Sorunlari Ara\u015ftirmalar Merkezi\",\"description\":\"\",\"potentialAction\":[{\"@type\":\"SearchAction\",\"target\":{\"@type\":\"EntryPoint\",\"urlTemplate\":\"https:\\\/\\\/akunq.net\\\/tr\\\/?s={search_term_string}\"},\"query-input\":{\"@type\":\"PropertyValueSpecification\",\"valueRequired\":true,\"valueName\":\"search_term_string\"}}],\"inLanguage\":\"en-US\"},{\"@type\":\"Person\",\"@id\":\"https:\\\/\\\/akunq.net\\\/tr\\\/#\\\/schema\\\/person\\\/096f1d38a12cce57fb855b485ed24c9e\",\"name\":\"admin\",\"url\":\"https:\\\/\\\/akunq.net\\\/tr\\\/?author=7\"}]}<\/script>\n<!-- \/ Yoast SEO plugin. -->","yoast_head_json":{"title":"K\u00f6rler \u00dclkesi\u2019nin yeni gizemi! Kad\u0131k\u00f6y\u2019de arkeologlar ilk kez b\u00f6yle bir \u015feyle kar\u015f\u0131la\u015ft\u0131 - Bati Ermenistan Ve Bati Ermenileri Sorunlari Ara\u015ftirmalar Merkezi","robots":{"index":"index","follow":"follow","max-snippet":"max-snippet:-1","max-image-preview":"max-image-preview:large","max-video-preview":"max-video-preview:-1"},"canonical":"https:\/\/akunq.net\/tr\/?p=60578","og_locale":"en_US","og_type":"article","og_title":"K\u00f6rler \u00dclkesi\u2019nin yeni gizemi! Kad\u0131k\u00f6y\u2019de arkeologlar ilk kez b\u00f6yle bir \u015feyle kar\u015f\u0131la\u015ft\u0131 - Bati Ermenistan Ve Bati Ermenileri Sorunlari Ara\u015ftirmalar Merkezi","og_description":"\u00d6mer ERB\u0130L Eskiden K\u00f6rler \u00dclkesi olarak da an\u0131lan \u0130stanbul Kad\u0131k\u00f6y\u2019deki Haydarpa\u015fa Gar\u0131 kaz\u0131lar\u0131nda, i\u00e7inde mezarlar\u0131n da oldu\u011fu taban\u0131 mermer bir yap\u0131 tespit edildi. Toplu mezarlar\u0131, mimarisi ile kutsal oldu\u011fu d\u00fc\u015f\u00fcn\u00fclen yap\u0131n\u0131n gizemi arkeolojik \u00e7al\u0131\u015fmalar ilerledik\u00e7e \u00e7\u00f6z\u00fclecek. \u0130stanbul\u2019da Haydarpa\u015fa Gar\u0131\u2019nda 2018 May\u0131s ay\u0131nda ba\u015flat\u0131lan arkeolojik kaz\u0131larda \u0130stanbul\u2019un \u00f6zellikle de Kad\u0131k\u00f6y\u2019\u00fcn tarihine \u0131\u015f\u0131k tutacak \u00e7ok \u00f6nemli bulgular [&hellip;]","og_url":"https:\/\/akunq.net\/tr\/?p=60578","og_site_name":"Bati Ermenistan Ve Bati Ermenileri Sorunlari Ara\u015ftirmalar Merkezi","article_published_time":"2020-12-15T10:13:23+00:00","og_image":[{"width":750,"height":422,"url":"https:\/\/akunq.net\/tr\/wp-content\/uploads\/sites\/6\/2020\/12\/Kad\u0131k\u00f6y.jpg","type":"image\/jpeg"}],"author":"admin","twitter_card":"summary_large_image","twitter_misc":{"Written by":"admin","Est. reading time":"3 minutes"},"schema":{"@context":"https:\/\/schema.org","@graph":[{"@type":"Article","@id":"https:\/\/akunq.net\/tr\/?p=60578#article","isPartOf":{"@id":"https:\/\/akunq.net\/tr\/?p=60578"},"author":{"name":"admin","@id":"https:\/\/akunq.net\/tr\/#\/schema\/person\/096f1d38a12cce57fb855b485ed24c9e"},"headline":"K\u00f6rler \u00dclkesi\u2019nin yeni gizemi! Kad\u0131k\u00f6y\u2019de arkeologlar ilk kez b\u00f6yle bir \u015feyle kar\u015f\u0131la\u015ft\u0131","datePublished":"2020-12-15T10:13:23+00:00","mainEntityOfPage":{"@id":"https:\/\/akunq.net\/tr\/?p=60578"},"wordCount":527,"commentCount":0,"image":{"@id":"https:\/\/akunq.net\/tr\/?p=60578#primaryimage"},"thumbnailUrl":"https:\/\/akunq.net\/tr\/wp-content\/uploads\/sites\/6\/2020\/12\/Kad\u0131k\u00f6y.jpg","articleSection":["Haberler"],"inLanguage":"en-US","potentialAction":[{"@type":"CommentAction","name":"Comment","target":["https:\/\/akunq.net\/tr\/?p=60578#respond"]}]},{"@type":"WebPage","@id":"https:\/\/akunq.net\/tr\/?p=60578","url":"https:\/\/akunq.net\/tr\/?p=60578","name":"K\u00f6rler \u00dclkesi\u2019nin yeni gizemi! Kad\u0131k\u00f6y\u2019de arkeologlar ilk kez b\u00f6yle bir \u015feyle kar\u015f\u0131la\u015ft\u0131 - Bati Ermenistan Ve Bati Ermenileri Sorunlari Ara\u015ftirmalar Merkezi","isPartOf":{"@id":"https:\/\/akunq.net\/tr\/#website"},"primaryImageOfPage":{"@id":"https:\/\/akunq.net\/tr\/?p=60578#primaryimage"},"image":{"@id":"https:\/\/akunq.net\/tr\/?p=60578#primaryimage"},"thumbnailUrl":"https:\/\/akunq.net\/tr\/wp-content\/uploads\/sites\/6\/2020\/12\/Kad\u0131k\u00f6y.jpg","datePublished":"2020-12-15T10:13:23+00:00","author":{"@id":"https:\/\/akunq.net\/tr\/#\/schema\/person\/096f1d38a12cce57fb855b485ed24c9e"},"breadcrumb":{"@id":"https:\/\/akunq.net\/tr\/?p=60578#breadcrumb"},"inLanguage":"en-US","potentialAction":[{"@type":"ReadAction","target":["https:\/\/akunq.net\/tr\/?p=60578"]}]},{"@type":"ImageObject","inLanguage":"en-US","@id":"https:\/\/akunq.net\/tr\/?p=60578#primaryimage","url":"https:\/\/akunq.net\/tr\/wp-content\/uploads\/sites\/6\/2020\/12\/Kad\u0131k\u00f6y.jpg","contentUrl":"https:\/\/akunq.net\/tr\/wp-content\/uploads\/sites\/6\/2020\/12\/Kad\u0131k\u00f6y.jpg","width":750,"height":422},{"@type":"BreadcrumbList","@id":"https:\/\/akunq.net\/tr\/?p=60578#breadcrumb","itemListElement":[{"@type":"ListItem","position":1,"name":"Home","item":"https:\/\/akunq.net\/tr"},{"@type":"ListItem","position":2,"name":"K\u00f6rler \u00dclkesi\u2019nin yeni gizemi! Kad\u0131k\u00f6y\u2019de arkeologlar ilk kez b\u00f6yle bir \u015feyle kar\u015f\u0131la\u015ft\u0131"}]},{"@type":"WebSite","@id":"https:\/\/akunq.net\/tr\/#website","url":"https:\/\/akunq.net\/tr\/","name":"Bati Ermenistan Ve Bati Ermenileri Sorunlari Ara\u015ftirmalar Merkezi","description":"","potentialAction":[{"@type":"SearchAction","target":{"@type":"EntryPoint","urlTemplate":"https:\/\/akunq.net\/tr\/?s={search_term_string}"},"query-input":{"@type":"PropertyValueSpecification","valueRequired":true,"valueName":"search_term_string"}}],"inLanguage":"en-US"},{"@type":"Person","@id":"https:\/\/akunq.net\/tr\/#\/schema\/person\/096f1d38a12cce57fb855b485ed24c9e","name":"admin","url":"https:\/\/akunq.net\/tr\/?author=7"}]}},"_links":{"self":[{"href":"https:\/\/akunq.net\/tr\/index.php?rest_route=\/wp\/v2\/posts\/60578","targetHints":{"allow":["GET"]}}],"collection":[{"href":"https:\/\/akunq.net\/tr\/index.php?rest_route=\/wp\/v2\/posts"}],"about":[{"href":"https:\/\/akunq.net\/tr\/index.php?rest_route=\/wp\/v2\/types\/post"}],"author":[{"embeddable":true,"href":"https:\/\/akunq.net\/tr\/index.php?rest_route=\/wp\/v2\/users\/7"}],"replies":[{"embeddable":true,"href":"https:\/\/akunq.net\/tr\/index.php?rest_route=%2Fwp%2Fv2%2Fcomments&post=60578"}],"version-history":[{"count":1,"href":"https:\/\/akunq.net\/tr\/index.php?rest_route=\/wp\/v2\/posts\/60578\/revisions"}],"predecessor-version":[{"id":60580,"href":"https:\/\/akunq.net\/tr\/index.php?rest_route=\/wp\/v2\/posts\/60578\/revisions\/60580"}],"wp:featuredmedia":[{"embeddable":true,"href":"https:\/\/akunq.net\/tr\/index.php?rest_route=\/wp\/v2\/media\/60579"}],"wp:attachment":[{"href":"https:\/\/akunq.net\/tr\/index.php?rest_route=%2Fwp%2Fv2%2Fmedia&parent=60578"}],"wp:term":[{"taxonomy":"category","embeddable":true,"href":"https:\/\/akunq.net\/tr\/index.php?rest_route=%2Fwp%2Fv2%2Fcategories&post=60578"},{"taxonomy":"post_tag","embeddable":true,"href":"https:\/\/akunq.net\/tr\/index.php?rest_route=%2Fwp%2Fv2%2Ftags&post=60578"}],"curies":[{"name":"wp","href":"https:\/\/api.w.org\/{rel}","templated":true}]}}