{"id":60575,"date":"2020-12-15T05:01:28","date_gmt":"2020-12-15T10:01:28","guid":{"rendered":"https:\/\/akunq.net\/tr\/?p=60575"},"modified":"2020-12-15T05:01:28","modified_gmt":"2020-12-15T10:01:28","slug":"amasyada-rahip-mezari-bulundu-1737-yili-tarihi-ifadeleri","status":"publish","type":"post","link":"https:\/\/akunq.net\/tr\/?p=60575","title":{"rendered":"Amasya\u2019da \u2018rahip mezar\u0131\u2019 bulundu! 1737 y\u0131l\u0131 tarihi ifadeleri.."},"content":{"rendered":"<p><img loading=\"lazy\" decoding=\"async\" class=\"aligncenter size-medium wp-image-60576\" src=\"https:\/\/akunq.net\/tr\/wp-content\/uploads\/2020\/12\/Amasya\u2019da-\u2018rahip-mezar\u0131\u2019-360x203.jpg\" alt=\"\" width=\"360\" height=\"203\" srcset=\"https:\/\/akunq.net\/tr\/wp-content\/uploads\/sites\/6\/2020\/12\/Amasya\u2019da-\u2018rahip-mezar\u0131\u2019-360x203.jpg 360w, https:\/\/akunq.net\/tr\/wp-content\/uploads\/sites\/6\/2020\/12\/Amasya\u2019da-\u2018rahip-mezar\u0131\u2019-560x315.jpg 560w, https:\/\/akunq.net\/tr\/wp-content\/uploads\/sites\/6\/2020\/12\/Amasya\u2019da-\u2018rahip-mezar\u0131\u2019-260x146.jpg 260w, https:\/\/akunq.net\/tr\/wp-content\/uploads\/sites\/6\/2020\/12\/Amasya\u2019da-\u2018rahip-mezar\u0131\u2019-160x90.jpg 160w, https:\/\/akunq.net\/tr\/wp-content\/uploads\/sites\/6\/2020\/12\/Amasya\u2019da-\u2018rahip-mezar\u0131\u2019.jpg 750w\" sizes=\"auto, (max-width: 360px) 100vw, 360px\" \/><\/p>\n<p><em><strong>Amasya\u2019da arkeolojik kaz\u0131 yap\u0131lan Venk Ayazmas\u0131\u2019nda bir rahibe ait oldu\u011fu de\u011ferlendirilen mezar ta\u015f\u0131 bulundu.<\/strong><\/em><\/p>\n<p>Ayazman\u0131n \u00f6n\u00fcne 15. y\u00fczy\u0131lda in\u015fa edildi\u011fi d\u00fc\u015f\u00fcn\u00fclen yap\u0131n\u0131n giri\u015finde Amasya M\u00fczesi yetkilileri taraf\u0131ndan ger\u00e7ekle\u015ftirilen kaz\u0131 \u00e7al\u0131\u015fmalar\u0131 esnas\u0131nda bulunan mezar ta\u015f\u0131nda 1737 y\u0131l\u0131 tarihli Rumca harflerle \u201810. B\u00fcy\u00fck Rahip Teodosius\u2019 ifadeleri yer ald\u0131. \u00dczerinde kandil, servi a\u011fac\u0131, papaz asas\u0131 kabartmas\u0131, papaz ba\u015fl\u0131\u011f\u0131 ve bir vazodan \u00e7\u0131kan \u00e7i\u00e7ek motiflerinin yer ald\u0131\u011f\u0131 mezar ta\u015f\u0131 kurtarma kaz\u0131s\u0131 ve sondaj \u00e7al\u0131\u015fmalar\u0131 sonras\u0131 ayazman\u0131n giri\u015fine konu\u015fland\u0131r\u0131ld\u0131.<\/p>\n<p><strong>TUR\u0130ZM A\u00c7ISINDAN DA DE\u011eERL\u0130<\/strong><\/p>\n<p>Ara\u015ft\u0131rmac\u0131-Yazar H\u00fcseyin Men\u00e7, ge\u00e7mi\u015fte kentteki en eski kiliselerden Venk Kilisesi\u2019nin yer ald\u0131\u011f\u0131 b\u00f6lgede g\u00fcn\u00fcm\u00fcze kadar gelebilen Venk Ayazmas\u0131\u2019ndan \u00e7\u0131kan suyun halen Hristiyanlarca vaftiz t\u00f6renlerinde kullan\u0131ld\u0131\u011f\u0131n\u0131 belirterek bu a\u00e7\u0131dan \u00f6nem ta\u015f\u0131d\u0131\u011f\u0131n\u0131 s\u00f6yledi. Kentte \u00e7ok say\u0131da medeniyetin izlerinin bulundu\u011funa de\u011finen Men\u00e7, tarih\u00e7iler Abdi-Zade H\u00fcseyin H\u00fcsameddin ve Mustafa Vaz\u0131h Efendi\u2019nin de eserlerinde dikkat \u00e7ektikleri Venk Ayazmas\u0131\u2019nda yap\u0131lan kaz\u0131 \u00e7al\u0131\u015fmas\u0131n\u0131n turizm a\u00e7\u0131s\u0131ndan da de\u011ferli oldu\u011funu ifade etti.<\/p>\n<p>Amasya Valisi Mustafa Masatl\u0131 da Venk Ayazmas\u0131\u2019nda incelemelerde bulunarak \u00e7al\u0131\u015fmalar konusunda K\u00fclt\u00fcr ve Turizm \u0130l M\u00fcd\u00fcr\u00fc Bilal Eken ile Amasya M\u00fczesi M\u00fcd\u00fcr\u00fc Celal \u00d6zdemir\u2019den bilgi ald\u0131. Vali Masatl\u0131, alan\u0131n turizme kazand\u0131r\u0131lmas\u0131n\u0131n planland\u0131\u011f\u0131n\u0131 s\u00f6yledi.<\/p>\n<hr \/>\n<p><em><strong><a href=\"https:\/\/www.hurriyet.com.tr\/gundem\/amasyada-rahip-mezari-bulundu-1737-yili-tarihi-ifadeleri-41688849\" target=\"_blank\" rel=\"noopener noreferrer\">H\u00fcrriyet Gazetesi<\/a><\/strong><\/em><\/p>\n","protected":false},"excerpt":{"rendered":"<p>Amasya\u2019da arkeolojik kaz\u0131 yap\u0131lan Venk Ayazmas\u0131\u2019nda bir rahibe ait oldu\u011fu de\u011ferlendirilen mezar ta\u015f\u0131 bulundu. Ayazman\u0131n \u00f6n\u00fcne 15. y\u00fczy\u0131lda in\u015fa edildi\u011fi d\u00fc\u015f\u00fcn\u00fclen yap\u0131n\u0131n giri\u015finde Amasya M\u00fczesi yetkilileri taraf\u0131ndan ger\u00e7ekle\u015ftirilen kaz\u0131 \u00e7al\u0131\u015fmalar\u0131 esnas\u0131nda bulunan mezar ta\u015f\u0131nda 1737 y\u0131l\u0131 tarihli Rumca harflerle \u201810. B\u00fcy\u00fck Rahip Teodosius\u2019 ifadeleri yer ald\u0131. \u00dczerinde kandil, servi a\u011fac\u0131, papaz asas\u0131 kabartmas\u0131, papaz ba\u015fl\u0131\u011f\u0131 [&hellip;]<\/p>\n","protected":false},"author":7,"featured_media":60576,"comment_status":"open","ping_status":"open","sticky":false,"template":"","format":"standard","meta":{"footnotes":""},"categories":[1],"tags":[],"class_list":["post-60575","post","type-post","status-publish","format-standard","has-post-thumbnail","hentry","category-haberler"],"yoast_head":"<!-- This site is optimized with the Yoast SEO plugin v27.4 - https:\/\/yoast.com\/product\/yoast-seo-wordpress\/ -->\n<title>Amasya\u2019da \u2018rahip mezar\u0131\u2019 bulundu! 1737 y\u0131l\u0131 tarihi ifadeleri.. - Bati Ermenistan Ve Bati Ermenileri Sorunlari Ara\u015ftirmalar Merkezi<\/title>\n<meta name=\"robots\" content=\"index, follow, max-snippet:-1, max-image-preview:large, max-video-preview:-1\" \/>\n<link rel=\"canonical\" href=\"https:\/\/akunq.net\/tr\/?p=60575\" \/>\n<meta property=\"og:locale\" content=\"en_US\" \/>\n<meta property=\"og:type\" content=\"article\" \/>\n<meta property=\"og:title\" content=\"Amasya\u2019da \u2018rahip mezar\u0131\u2019 bulundu! 1737 y\u0131l\u0131 tarihi ifadeleri.. - Bati Ermenistan Ve Bati Ermenileri Sorunlari Ara\u015ftirmalar Merkezi\" \/>\n<meta property=\"og:description\" content=\"Amasya\u2019da arkeolojik kaz\u0131 yap\u0131lan Venk Ayazmas\u0131\u2019nda bir rahibe ait oldu\u011fu de\u011ferlendirilen mezar ta\u015f\u0131 bulundu. Ayazman\u0131n \u00f6n\u00fcne 15. y\u00fczy\u0131lda in\u015fa edildi\u011fi d\u00fc\u015f\u00fcn\u00fclen yap\u0131n\u0131n giri\u015finde Amasya M\u00fczesi yetkilileri taraf\u0131ndan ger\u00e7ekle\u015ftirilen kaz\u0131 \u00e7al\u0131\u015fmalar\u0131 esnas\u0131nda bulunan mezar ta\u015f\u0131nda 1737 y\u0131l\u0131 tarihli Rumca harflerle \u201810. B\u00fcy\u00fck Rahip Teodosius\u2019 ifadeleri yer ald\u0131. \u00dczerinde kandil, servi a\u011fac\u0131, papaz asas\u0131 kabartmas\u0131, papaz ba\u015fl\u0131\u011f\u0131 [&hellip;]\" \/>\n<meta property=\"og:url\" content=\"https:\/\/akunq.net\/tr\/?p=60575\" \/>\n<meta property=\"og:site_name\" content=\"Bati Ermenistan Ve Bati Ermenileri Sorunlari Ara\u015ftirmalar Merkezi\" \/>\n<meta property=\"article:published_time\" content=\"2020-12-15T10:01:28+00:00\" \/>\n<meta property=\"og:image\" content=\"https:\/\/akunq.net\/tr\/wp-content\/uploads\/sites\/6\/2020\/12\/Amasya\u2019da-\u2018rahip-mezar\u0131\u2019.jpg\" \/>\n\t<meta property=\"og:image:width\" content=\"750\" \/>\n\t<meta property=\"og:image:height\" content=\"422\" \/>\n\t<meta property=\"og:image:type\" content=\"image\/jpeg\" \/>\n<meta name=\"author\" content=\"admin\" \/>\n<meta name=\"twitter:card\" content=\"summary_large_image\" \/>\n<meta name=\"twitter:label1\" content=\"Written by\" \/>\n\t<meta name=\"twitter:data1\" content=\"admin\" \/>\n\t<meta name=\"twitter:label2\" content=\"Est. reading time\" \/>\n\t<meta name=\"twitter:data2\" content=\"1 minute\" \/>\n<script type=\"application\/ld+json\" class=\"yoast-schema-graph\">{\"@context\":\"https:\\\/\\\/schema.org\",\"@graph\":[{\"@type\":\"Article\",\"@id\":\"https:\\\/\\\/akunq.net\\\/tr\\\/?p=60575#article\",\"isPartOf\":{\"@id\":\"https:\\\/\\\/akunq.net\\\/tr\\\/?p=60575\"},\"author\":{\"name\":\"admin\",\"@id\":\"https:\\\/\\\/akunq.net\\\/tr\\\/#\\\/schema\\\/person\\\/096f1d38a12cce57fb855b485ed24c9e\"},\"headline\":\"Amasya\u2019da \u2018rahip mezar\u0131\u2019 bulundu! 1737 y\u0131l\u0131 tarihi ifadeleri..\",\"datePublished\":\"2020-12-15T10:01:28+00:00\",\"mainEntityOfPage\":{\"@id\":\"https:\\\/\\\/akunq.net\\\/tr\\\/?p=60575\"},\"wordCount\":275,\"commentCount\":0,\"image\":{\"@id\":\"https:\\\/\\\/akunq.net\\\/tr\\\/?p=60575#primaryimage\"},\"thumbnailUrl\":\"https:\\\/\\\/akunq.net\\\/tr\\\/wp-content\\\/uploads\\\/sites\\\/6\\\/2020\\\/12\\\/Amasya\u2019da-\u2018rahip-mezar\u0131\u2019.jpg\",\"articleSection\":[\"Haberler\"],\"inLanguage\":\"en-US\",\"potentialAction\":[{\"@type\":\"CommentAction\",\"name\":\"Comment\",\"target\":[\"https:\\\/\\\/akunq.net\\\/tr\\\/?p=60575#respond\"]}]},{\"@type\":\"WebPage\",\"@id\":\"https:\\\/\\\/akunq.net\\\/tr\\\/?p=60575\",\"url\":\"https:\\\/\\\/akunq.net\\\/tr\\\/?p=60575\",\"name\":\"Amasya\u2019da \u2018rahip mezar\u0131\u2019 bulundu! 1737 y\u0131l\u0131 tarihi ifadeleri.. - Bati Ermenistan Ve Bati Ermenileri Sorunlari Ara\u015ftirmalar Merkezi\",\"isPartOf\":{\"@id\":\"https:\\\/\\\/akunq.net\\\/tr\\\/#website\"},\"primaryImageOfPage\":{\"@id\":\"https:\\\/\\\/akunq.net\\\/tr\\\/?p=60575#primaryimage\"},\"image\":{\"@id\":\"https:\\\/\\\/akunq.net\\\/tr\\\/?p=60575#primaryimage\"},\"thumbnailUrl\":\"https:\\\/\\\/akunq.net\\\/tr\\\/wp-content\\\/uploads\\\/sites\\\/6\\\/2020\\\/12\\\/Amasya\u2019da-\u2018rahip-mezar\u0131\u2019.jpg\",\"datePublished\":\"2020-12-15T10:01:28+00:00\",\"author\":{\"@id\":\"https:\\\/\\\/akunq.net\\\/tr\\\/#\\\/schema\\\/person\\\/096f1d38a12cce57fb855b485ed24c9e\"},\"breadcrumb\":{\"@id\":\"https:\\\/\\\/akunq.net\\\/tr\\\/?p=60575#breadcrumb\"},\"inLanguage\":\"en-US\",\"potentialAction\":[{\"@type\":\"ReadAction\",\"target\":[\"https:\\\/\\\/akunq.net\\\/tr\\\/?p=60575\"]}]},{\"@type\":\"ImageObject\",\"inLanguage\":\"en-US\",\"@id\":\"https:\\\/\\\/akunq.net\\\/tr\\\/?p=60575#primaryimage\",\"url\":\"https:\\\/\\\/akunq.net\\\/tr\\\/wp-content\\\/uploads\\\/sites\\\/6\\\/2020\\\/12\\\/Amasya\u2019da-\u2018rahip-mezar\u0131\u2019.jpg\",\"contentUrl\":\"https:\\\/\\\/akunq.net\\\/tr\\\/wp-content\\\/uploads\\\/sites\\\/6\\\/2020\\\/12\\\/Amasya\u2019da-\u2018rahip-mezar\u0131\u2019.jpg\",\"width\":750,\"height\":422},{\"@type\":\"BreadcrumbList\",\"@id\":\"https:\\\/\\\/akunq.net\\\/tr\\\/?p=60575#breadcrumb\",\"itemListElement\":[{\"@type\":\"ListItem\",\"position\":1,\"name\":\"Home\",\"item\":\"https:\\\/\\\/akunq.net\\\/tr\"},{\"@type\":\"ListItem\",\"position\":2,\"name\":\"Amasya\u2019da \u2018rahip mezar\u0131\u2019 bulundu! 1737 y\u0131l\u0131 tarihi ifadeleri..\"}]},{\"@type\":\"WebSite\",\"@id\":\"https:\\\/\\\/akunq.net\\\/tr\\\/#website\",\"url\":\"https:\\\/\\\/akunq.net\\\/tr\\\/\",\"name\":\"Bati Ermenistan Ve Bati Ermenileri Sorunlari Ara\u015ftirmalar Merkezi\",\"description\":\"\",\"potentialAction\":[{\"@type\":\"SearchAction\",\"target\":{\"@type\":\"EntryPoint\",\"urlTemplate\":\"https:\\\/\\\/akunq.net\\\/tr\\\/?s={search_term_string}\"},\"query-input\":{\"@type\":\"PropertyValueSpecification\",\"valueRequired\":true,\"valueName\":\"search_term_string\"}}],\"inLanguage\":\"en-US\"},{\"@type\":\"Person\",\"@id\":\"https:\\\/\\\/akunq.net\\\/tr\\\/#\\\/schema\\\/person\\\/096f1d38a12cce57fb855b485ed24c9e\",\"name\":\"admin\",\"url\":\"https:\\\/\\\/akunq.net\\\/tr\\\/?author=7\"}]}<\/script>\n<!-- \/ Yoast SEO plugin. -->","yoast_head_json":{"title":"Amasya\u2019da \u2018rahip mezar\u0131\u2019 bulundu! 1737 y\u0131l\u0131 tarihi ifadeleri.. - Bati Ermenistan Ve Bati Ermenileri Sorunlari Ara\u015ftirmalar Merkezi","robots":{"index":"index","follow":"follow","max-snippet":"max-snippet:-1","max-image-preview":"max-image-preview:large","max-video-preview":"max-video-preview:-1"},"canonical":"https:\/\/akunq.net\/tr\/?p=60575","og_locale":"en_US","og_type":"article","og_title":"Amasya\u2019da \u2018rahip mezar\u0131\u2019 bulundu! 1737 y\u0131l\u0131 tarihi ifadeleri.. - Bati Ermenistan Ve Bati Ermenileri Sorunlari Ara\u015ftirmalar Merkezi","og_description":"Amasya\u2019da arkeolojik kaz\u0131 yap\u0131lan Venk Ayazmas\u0131\u2019nda bir rahibe ait oldu\u011fu de\u011ferlendirilen mezar ta\u015f\u0131 bulundu. Ayazman\u0131n \u00f6n\u00fcne 15. y\u00fczy\u0131lda in\u015fa edildi\u011fi d\u00fc\u015f\u00fcn\u00fclen yap\u0131n\u0131n giri\u015finde Amasya M\u00fczesi yetkilileri taraf\u0131ndan ger\u00e7ekle\u015ftirilen kaz\u0131 \u00e7al\u0131\u015fmalar\u0131 esnas\u0131nda bulunan mezar ta\u015f\u0131nda 1737 y\u0131l\u0131 tarihli Rumca harflerle \u201810. B\u00fcy\u00fck Rahip Teodosius\u2019 ifadeleri yer ald\u0131. \u00dczerinde kandil, servi a\u011fac\u0131, papaz asas\u0131 kabartmas\u0131, papaz ba\u015fl\u0131\u011f\u0131 [&hellip;]","og_url":"https:\/\/akunq.net\/tr\/?p=60575","og_site_name":"Bati Ermenistan Ve Bati Ermenileri Sorunlari Ara\u015ftirmalar Merkezi","article_published_time":"2020-12-15T10:01:28+00:00","og_image":[{"width":750,"height":422,"url":"https:\/\/akunq.net\/tr\/wp-content\/uploads\/sites\/6\/2020\/12\/Amasya\u2019da-\u2018rahip-mezar\u0131\u2019.jpg","type":"image\/jpeg"}],"author":"admin","twitter_card":"summary_large_image","twitter_misc":{"Written by":"admin","Est. reading time":"1 minute"},"schema":{"@context":"https:\/\/schema.org","@graph":[{"@type":"Article","@id":"https:\/\/akunq.net\/tr\/?p=60575#article","isPartOf":{"@id":"https:\/\/akunq.net\/tr\/?p=60575"},"author":{"name":"admin","@id":"https:\/\/akunq.net\/tr\/#\/schema\/person\/096f1d38a12cce57fb855b485ed24c9e"},"headline":"Amasya\u2019da \u2018rahip mezar\u0131\u2019 bulundu! 1737 y\u0131l\u0131 tarihi ifadeleri..","datePublished":"2020-12-15T10:01:28+00:00","mainEntityOfPage":{"@id":"https:\/\/akunq.net\/tr\/?p=60575"},"wordCount":275,"commentCount":0,"image":{"@id":"https:\/\/akunq.net\/tr\/?p=60575#primaryimage"},"thumbnailUrl":"https:\/\/akunq.net\/tr\/wp-content\/uploads\/sites\/6\/2020\/12\/Amasya\u2019da-\u2018rahip-mezar\u0131\u2019.jpg","articleSection":["Haberler"],"inLanguage":"en-US","potentialAction":[{"@type":"CommentAction","name":"Comment","target":["https:\/\/akunq.net\/tr\/?p=60575#respond"]}]},{"@type":"WebPage","@id":"https:\/\/akunq.net\/tr\/?p=60575","url":"https:\/\/akunq.net\/tr\/?p=60575","name":"Amasya\u2019da \u2018rahip mezar\u0131\u2019 bulundu! 1737 y\u0131l\u0131 tarihi ifadeleri.. - Bati Ermenistan Ve Bati Ermenileri Sorunlari Ara\u015ftirmalar Merkezi","isPartOf":{"@id":"https:\/\/akunq.net\/tr\/#website"},"primaryImageOfPage":{"@id":"https:\/\/akunq.net\/tr\/?p=60575#primaryimage"},"image":{"@id":"https:\/\/akunq.net\/tr\/?p=60575#primaryimage"},"thumbnailUrl":"https:\/\/akunq.net\/tr\/wp-content\/uploads\/sites\/6\/2020\/12\/Amasya\u2019da-\u2018rahip-mezar\u0131\u2019.jpg","datePublished":"2020-12-15T10:01:28+00:00","author":{"@id":"https:\/\/akunq.net\/tr\/#\/schema\/person\/096f1d38a12cce57fb855b485ed24c9e"},"breadcrumb":{"@id":"https:\/\/akunq.net\/tr\/?p=60575#breadcrumb"},"inLanguage":"en-US","potentialAction":[{"@type":"ReadAction","target":["https:\/\/akunq.net\/tr\/?p=60575"]}]},{"@type":"ImageObject","inLanguage":"en-US","@id":"https:\/\/akunq.net\/tr\/?p=60575#primaryimage","url":"https:\/\/akunq.net\/tr\/wp-content\/uploads\/sites\/6\/2020\/12\/Amasya\u2019da-\u2018rahip-mezar\u0131\u2019.jpg","contentUrl":"https:\/\/akunq.net\/tr\/wp-content\/uploads\/sites\/6\/2020\/12\/Amasya\u2019da-\u2018rahip-mezar\u0131\u2019.jpg","width":750,"height":422},{"@type":"BreadcrumbList","@id":"https:\/\/akunq.net\/tr\/?p=60575#breadcrumb","itemListElement":[{"@type":"ListItem","position":1,"name":"Home","item":"https:\/\/akunq.net\/tr"},{"@type":"ListItem","position":2,"name":"Amasya\u2019da \u2018rahip mezar\u0131\u2019 bulundu! 1737 y\u0131l\u0131 tarihi ifadeleri.."}]},{"@type":"WebSite","@id":"https:\/\/akunq.net\/tr\/#website","url":"https:\/\/akunq.net\/tr\/","name":"Bati Ermenistan Ve Bati Ermenileri Sorunlari Ara\u015ftirmalar Merkezi","description":"","potentialAction":[{"@type":"SearchAction","target":{"@type":"EntryPoint","urlTemplate":"https:\/\/akunq.net\/tr\/?s={search_term_string}"},"query-input":{"@type":"PropertyValueSpecification","valueRequired":true,"valueName":"search_term_string"}}],"inLanguage":"en-US"},{"@type":"Person","@id":"https:\/\/akunq.net\/tr\/#\/schema\/person\/096f1d38a12cce57fb855b485ed24c9e","name":"admin","url":"https:\/\/akunq.net\/tr\/?author=7"}]}},"_links":{"self":[{"href":"https:\/\/akunq.net\/tr\/index.php?rest_route=\/wp\/v2\/posts\/60575","targetHints":{"allow":["GET"]}}],"collection":[{"href":"https:\/\/akunq.net\/tr\/index.php?rest_route=\/wp\/v2\/posts"}],"about":[{"href":"https:\/\/akunq.net\/tr\/index.php?rest_route=\/wp\/v2\/types\/post"}],"author":[{"embeddable":true,"href":"https:\/\/akunq.net\/tr\/index.php?rest_route=\/wp\/v2\/users\/7"}],"replies":[{"embeddable":true,"href":"https:\/\/akunq.net\/tr\/index.php?rest_route=%2Fwp%2Fv2%2Fcomments&post=60575"}],"version-history":[{"count":1,"href":"https:\/\/akunq.net\/tr\/index.php?rest_route=\/wp\/v2\/posts\/60575\/revisions"}],"predecessor-version":[{"id":60577,"href":"https:\/\/akunq.net\/tr\/index.php?rest_route=\/wp\/v2\/posts\/60575\/revisions\/60577"}],"wp:featuredmedia":[{"embeddable":true,"href":"https:\/\/akunq.net\/tr\/index.php?rest_route=\/wp\/v2\/media\/60576"}],"wp:attachment":[{"href":"https:\/\/akunq.net\/tr\/index.php?rest_route=%2Fwp%2Fv2%2Fmedia&parent=60575"}],"wp:term":[{"taxonomy":"category","embeddable":true,"href":"https:\/\/akunq.net\/tr\/index.php?rest_route=%2Fwp%2Fv2%2Fcategories&post=60575"},{"taxonomy":"post_tag","embeddable":true,"href":"https:\/\/akunq.net\/tr\/index.php?rest_route=%2Fwp%2Fv2%2Ftags&post=60575"}],"curies":[{"name":"wp","href":"https:\/\/api.w.org\/{rel}","templated":true}]}}