{"id":60544,"date":"2020-12-11T04:46:09","date_gmt":"2020-12-11T09:46:09","guid":{"rendered":"https:\/\/akunq.net\/tr\/?p=60544"},"modified":"2020-12-11T04:46:09","modified_gmt":"2020-12-11T09:46:09","slug":"alman-ve-yunan-vekillerden-merkele-turkiye-mektubu","status":"publish","type":"post","link":"https:\/\/akunq.net\/tr\/?p=60544","title":{"rendered":"Alman ve Yunan vekillerden Merkel\u2019e T\u00fcrkiye mektubu"},"content":{"rendered":"<p><img loading=\"lazy\" decoding=\"async\" class=\"aligncenter size-medium wp-image-60545\" src=\"https:\/\/akunq.net\/tr\/wp-content\/uploads\/2020\/12\/\u0544\u0565\u0580\u056f\u0565\u056c-360x203.jpg\" alt=\"\" width=\"360\" height=\"203\" srcset=\"https:\/\/akunq.net\/tr\/wp-content\/uploads\/sites\/6\/2020\/12\/\u0544\u0565\u0580\u056f\u0565\u056c-360x203.jpg 360w, https:\/\/akunq.net\/tr\/wp-content\/uploads\/sites\/6\/2020\/12\/\u0544\u0565\u0580\u056f\u0565\u056c-768x432.jpg 768w, https:\/\/akunq.net\/tr\/wp-content\/uploads\/sites\/6\/2020\/12\/\u0544\u0565\u0580\u056f\u0565\u056c-560x315.jpg 560w, https:\/\/akunq.net\/tr\/wp-content\/uploads\/sites\/6\/2020\/12\/\u0544\u0565\u0580\u056f\u0565\u056c-260x146.jpg 260w, https:\/\/akunq.net\/tr\/wp-content\/uploads\/sites\/6\/2020\/12\/\u0544\u0565\u0580\u056f\u0565\u056c-160x90.jpg 160w, https:\/\/akunq.net\/tr\/wp-content\/uploads\/sites\/6\/2020\/12\/\u0544\u0565\u0580\u056f\u0565\u056c.jpg 1024w\" sizes=\"auto, (max-width: 360px) 100vw, 360px\" \/><\/p>\n<p><em><strong>AP \u00fcyesi Alman ve Yunan 53 milletvekili Almanya Ba\u015fbakan\u0131 Merkel\u2019e yazd\u0131klar\u0131 mektupta T\u00fcrkiye\u2019ye denizalt\u0131 sat\u0131\u015f\u0131n\u0131n durdurulmas\u0131n\u0131 istedi. Mektupta olas\u0131 \u00e7at\u0131\u015fmada Alman denizalt\u0131lar\u0131n\u0131n kullan\u0131labilece\u011fi belirtildi.<\/strong><\/em><\/p>\n<p>Avrupa Parlamentosu (AP) \u00fcyesi Alman ve Yunan milletvekilleri, T\u00fcrkiye&#8217;ye yapt\u0131r\u0131mlar\u0131n g\u00f6r\u00fc\u015f\u00fclece\u011fi Avrupa Birli\u011fi (AB) zirvesi \u00f6ncesi T\u00fcrkiye&#8217;ye Alman denizalt\u0131 sat\u0131\u015flar\u0131n\u0131n derhal durdurulmas\u0131 \u00e7a\u011fr\u0131s\u0131nda bulundu. Almanya Ba\u015fbakan\u0131 Angela Merkel&#8217;e hitaben 53 milletvekilinin imzas\u0131yla Twitter&#8217;da yay\u0131nlanan mektupta\u00a0\u00a0<a href=\"https:\/\/www.dw.com\/tr\/t%C3%BCrkiye-ile-yunanistan-aras%C4%B1nda-tansiyon-yeniden-y%C3%BCkseliyor\/a-55238600\">T\u00fcrkiye&#8217;nin tehditlerinin endi\u015fe verici boyuta geldi\u011fi<\/a>\u00a0 belirtilerek, &#8220;Avrupa Parlamentosu&#8217;nun Yunan ve Alman \u00fcyeleri olarak, Alman h\u00fck\u00fcmetini, Alman denizalt\u0131lar\u0131n\u0131n, bile\u015fenlerinin ve yedek par\u00e7alar\u0131n\u0131n ihracat\u0131n\u0131n yan\u0131 s\u0131ra ilgili t\u00fcm bak\u0131m faaliyetlerini derhal ask\u0131ya almaya \u00e7a\u011f\u0131r\u0131yoruz\u201d denildi.<\/p>\n<h2>&#8220;Askeri tehditlerden endi\u015feliyiz\u201d<\/h2>\n<p>T\u00fcrkiye&#8217;nin Do\u011fu Akdeniz&#8217;de sismik faaliyetleri nedeniyle Yunanistan ve K\u0131br\u0131s\u2019\u0131n egemenlik haklar\u0131n\u0131 \u00e7i\u011fnedi\u011fi, bu ba\u011flamda uluslararas\u0131 hukuka da ayk\u0131r\u0131 hareket etti\u011fi belirtilen mektupta, &#8220;T\u00fcrkiye&#8217;nin Do\u011fu Akdeniz&#8217;de AB \u00fcyesi\u00a0 \u00fclkelere y\u00f6nelik askeri tehditleri konusunda son derece endi\u015feliyiz ve T\u00fcrkiye&#8217;nin olas\u0131 bir \u00e7at\u0131\u015fmada Almanya&#8217;da \u00fcretilen denizalt\u0131lar\u0131 kullanabilece\u011finden korkuyoruz\u201d ifadesine yer verildi.<\/p>\n<div class=\"picBox full\">\n<div id=\"twtr-1336710824489062400\" class=\"group embeddedTweet\">\n<div class=\"twitter-tweet twitter-tweet-rendered\"><iframe id=\"twitter-widget-0\" class=\"\" title=\"Twitter Tweet\" src=\"https:\/\/platform.twitter.com\/embed\/index.html?dnt=false&amp;embedId=twitter-widget-0&amp;frame=false&amp;hideCard=false&amp;hideThread=false&amp;id=1336710824489062400&amp;lang=en&amp;origin=https%3A%2F%2Fwww.dw.com%2Ftr%2Falman-ve-yunan-vekillerden-merkele-t%25C3%25BCrkiye-mektubu%2Fa-55890920&amp;siteScreenName=dw_turkce&amp;theme=light&amp;widgetsVersion=ed20a2b%3A1601588405575&amp;width=550px\" frameborder=\"0\" scrolling=\"no\" allowfullscreen=\"allowfullscreen\" data-tweet-id=\"1336710824489062400\" data-mce-fragment=\"1\"><\/iframe><\/div>\n<\/div>\n<\/div>\n<p>Mektupta, Alman h\u00fck\u00fcmetinin, a\u011f\u0131rl\u0131kl\u0131 olarak Alman Thyssen Krupp \u015firketi taraf\u0131ndan \u00fcretilen ve T\u00fcrkiye&#8217;de montaj\u0131 yap\u0131lan denizalt\u0131lar\u0131n, bile\u015fenlerinin ve yedek par\u00e7alar\u0131n\u0131n ihracat\u0131n\u0131n yan\u0131 s\u0131ra bak\u0131m servislerinin ask\u0131ya al\u0131nmas\u0131 i\u00e7in acil \u00f6nlemlere ba\u015fvurmas\u0131 istendi.<\/p>\n<p>Yunanistan ve K\u0131br\u0131s Cumhuriyeti, T\u00fcrkiye&#8217;nin Do\u011fu Akdeniz&#8217;deki do\u011fal gaz kaynaklar\u0131 arama faaliyetlerini yasad\u0131\u015f\u0131 olarak tan\u0131ml\u0131yor. T\u00fcrk h\u00fck\u00fcmeti ise\u00a0\u00a0<a href=\"https:\/\/www.dw.com\/tr\/%C3%A7avu%C5%9Fo%C4%9Flu-abnin-akl%C4%B1selim-davranmas%C4%B1n%C4%B1-bekliyoruz\/a-55871220\">bu iddialar\u0131 reddederek<\/a>,\u00a0 arama faaliyeterinin yasal oldu\u011funu savunuyor. Bug\u00fcn ba\u015flayan ve yar\u0131na kadar devam edecek AB zirvesinde, Do\u011fu Akdeniz&#8217;deki sismik \u00e7al\u0131\u015fmalar\u0131 nedeniyle T\u00fcrkiye&#8217;ye kar\u015f\u0131 uygulanacak olas\u0131 yapt\u0131r\u0131mlar da ele al\u0131nacak.<\/p>\n<p><em><strong>dpa\/TY,BK<\/strong><\/em><\/p>\n<p><em><strong>\u00a9 Deutsche Welle T\u00fcrk\u00e7e<\/strong><\/em><\/p>\n<p><em><strong>https:\/\/www.dw.com\/tr\/alman-ve-yunan-vekillerden-merkele-t%C3%BCrkiye-mektubu\/a-55890920<\/strong><\/em><\/p>\n","protected":false},"excerpt":{"rendered":"<p>AP \u00fcyesi Alman ve Yunan 53 milletvekili Almanya Ba\u015fbakan\u0131 Merkel\u2019e yazd\u0131klar\u0131 mektupta T\u00fcrkiye\u2019ye denizalt\u0131 sat\u0131\u015f\u0131n\u0131n durdurulmas\u0131n\u0131 istedi. Mektupta olas\u0131 \u00e7at\u0131\u015fmada Alman denizalt\u0131lar\u0131n\u0131n kullan\u0131labilece\u011fi belirtildi. Avrupa Parlamentosu (AP) \u00fcyesi Alman ve Yunan milletvekilleri, T\u00fcrkiye&#8217;ye yapt\u0131r\u0131mlar\u0131n g\u00f6r\u00fc\u015f\u00fclece\u011fi Avrupa Birli\u011fi (AB) zirvesi \u00f6ncesi T\u00fcrkiye&#8217;ye Alman denizalt\u0131 sat\u0131\u015flar\u0131n\u0131n derhal durdurulmas\u0131 \u00e7a\u011fr\u0131s\u0131nda bulundu. Almanya Ba\u015fbakan\u0131 Angela Merkel&#8217;e hitaben 53 milletvekilinin [&hellip;]<\/p>\n","protected":false},"author":7,"featured_media":60545,"comment_status":"open","ping_status":"open","sticky":false,"template":"","format":"standard","meta":{"footnotes":""},"categories":[1],"tags":[],"class_list":["post-60544","post","type-post","status-publish","format-standard","has-post-thumbnail","hentry","category-haberler"],"yoast_head":"<!-- This site is optimized with the Yoast SEO plugin v27.4 - https:\/\/yoast.com\/product\/yoast-seo-wordpress\/ -->\n<title>Alman ve Yunan vekillerden Merkel\u2019e T\u00fcrkiye mektubu - Bati Ermenistan Ve Bati Ermenileri Sorunlari Ara\u015ftirmalar Merkezi<\/title>\n<meta name=\"robots\" content=\"index, follow, max-snippet:-1, max-image-preview:large, max-video-preview:-1\" \/>\n<link rel=\"canonical\" href=\"https:\/\/akunq.net\/tr\/?p=60544\" \/>\n<meta property=\"og:locale\" content=\"en_US\" \/>\n<meta property=\"og:type\" content=\"article\" \/>\n<meta property=\"og:title\" content=\"Alman ve Yunan vekillerden Merkel\u2019e T\u00fcrkiye mektubu - Bati Ermenistan Ve Bati Ermenileri Sorunlari Ara\u015ftirmalar Merkezi\" \/>\n<meta property=\"og:description\" content=\"AP \u00fcyesi Alman ve Yunan 53 milletvekili Almanya Ba\u015fbakan\u0131 Merkel\u2019e yazd\u0131klar\u0131 mektupta T\u00fcrkiye\u2019ye denizalt\u0131 sat\u0131\u015f\u0131n\u0131n durdurulmas\u0131n\u0131 istedi. Mektupta olas\u0131 \u00e7at\u0131\u015fmada Alman denizalt\u0131lar\u0131n\u0131n kullan\u0131labilece\u011fi belirtildi. Avrupa Parlamentosu (AP) \u00fcyesi Alman ve Yunan milletvekilleri, T\u00fcrkiye&#8217;ye yapt\u0131r\u0131mlar\u0131n g\u00f6r\u00fc\u015f\u00fclece\u011fi Avrupa Birli\u011fi (AB) zirvesi \u00f6ncesi T\u00fcrkiye&#8217;ye Alman denizalt\u0131 sat\u0131\u015flar\u0131n\u0131n derhal durdurulmas\u0131 \u00e7a\u011fr\u0131s\u0131nda bulundu. Almanya Ba\u015fbakan\u0131 Angela Merkel&#8217;e hitaben 53 milletvekilinin [&hellip;]\" \/>\n<meta property=\"og:url\" content=\"https:\/\/akunq.net\/tr\/?p=60544\" \/>\n<meta property=\"og:site_name\" content=\"Bati Ermenistan Ve Bati Ermenileri Sorunlari Ara\u015ftirmalar Merkezi\" \/>\n<meta property=\"article:published_time\" content=\"2020-12-11T09:46:09+00:00\" \/>\n<meta property=\"og:image\" content=\"https:\/\/akunq.net\/tr\/wp-content\/uploads\/sites\/6\/2020\/12\/\u0544\u0565\u0580\u056f\u0565\u056c.jpg\" \/>\n\t<meta property=\"og:image:width\" content=\"1024\" \/>\n\t<meta property=\"og:image:height\" content=\"576\" \/>\n\t<meta property=\"og:image:type\" content=\"image\/jpeg\" \/>\n<meta name=\"author\" content=\"admin\" \/>\n<meta name=\"twitter:card\" content=\"summary_large_image\" \/>\n<meta name=\"twitter:label1\" content=\"Written by\" \/>\n\t<meta name=\"twitter:data1\" content=\"admin\" \/>\n\t<meta name=\"twitter:label2\" content=\"Est. reading time\" \/>\n\t<meta name=\"twitter:data2\" content=\"2 minutes\" \/>\n<script type=\"application\/ld+json\" class=\"yoast-schema-graph\">{\"@context\":\"https:\\\/\\\/schema.org\",\"@graph\":[{\"@type\":\"Article\",\"@id\":\"https:\\\/\\\/akunq.net\\\/tr\\\/?p=60544#article\",\"isPartOf\":{\"@id\":\"https:\\\/\\\/akunq.net\\\/tr\\\/?p=60544\"},\"author\":{\"name\":\"admin\",\"@id\":\"https:\\\/\\\/akunq.net\\\/tr\\\/#\\\/schema\\\/person\\\/096f1d38a12cce57fb855b485ed24c9e\"},\"headline\":\"Alman ve Yunan vekillerden Merkel\u2019e T\u00fcrkiye mektubu\",\"datePublished\":\"2020-12-11T09:46:09+00:00\",\"mainEntityOfPage\":{\"@id\":\"https:\\\/\\\/akunq.net\\\/tr\\\/?p=60544\"},\"wordCount\":361,\"commentCount\":0,\"image\":{\"@id\":\"https:\\\/\\\/akunq.net\\\/tr\\\/?p=60544#primaryimage\"},\"thumbnailUrl\":\"https:\\\/\\\/akunq.net\\\/tr\\\/wp-content\\\/uploads\\\/sites\\\/6\\\/2020\\\/12\\\/\u0544\u0565\u0580\u056f\u0565\u056c.jpg\",\"articleSection\":[\"Haberler\"],\"inLanguage\":\"en-US\",\"potentialAction\":[{\"@type\":\"CommentAction\",\"name\":\"Comment\",\"target\":[\"https:\\\/\\\/akunq.net\\\/tr\\\/?p=60544#respond\"]}]},{\"@type\":\"WebPage\",\"@id\":\"https:\\\/\\\/akunq.net\\\/tr\\\/?p=60544\",\"url\":\"https:\\\/\\\/akunq.net\\\/tr\\\/?p=60544\",\"name\":\"Alman ve Yunan vekillerden Merkel\u2019e T\u00fcrkiye mektubu - Bati Ermenistan Ve Bati Ermenileri Sorunlari Ara\u015ftirmalar Merkezi\",\"isPartOf\":{\"@id\":\"https:\\\/\\\/akunq.net\\\/tr\\\/#website\"},\"primaryImageOfPage\":{\"@id\":\"https:\\\/\\\/akunq.net\\\/tr\\\/?p=60544#primaryimage\"},\"image\":{\"@id\":\"https:\\\/\\\/akunq.net\\\/tr\\\/?p=60544#primaryimage\"},\"thumbnailUrl\":\"https:\\\/\\\/akunq.net\\\/tr\\\/wp-content\\\/uploads\\\/sites\\\/6\\\/2020\\\/12\\\/\u0544\u0565\u0580\u056f\u0565\u056c.jpg\",\"datePublished\":\"2020-12-11T09:46:09+00:00\",\"author\":{\"@id\":\"https:\\\/\\\/akunq.net\\\/tr\\\/#\\\/schema\\\/person\\\/096f1d38a12cce57fb855b485ed24c9e\"},\"breadcrumb\":{\"@id\":\"https:\\\/\\\/akunq.net\\\/tr\\\/?p=60544#breadcrumb\"},\"inLanguage\":\"en-US\",\"potentialAction\":[{\"@type\":\"ReadAction\",\"target\":[\"https:\\\/\\\/akunq.net\\\/tr\\\/?p=60544\"]}]},{\"@type\":\"ImageObject\",\"inLanguage\":\"en-US\",\"@id\":\"https:\\\/\\\/akunq.net\\\/tr\\\/?p=60544#primaryimage\",\"url\":\"https:\\\/\\\/akunq.net\\\/tr\\\/wp-content\\\/uploads\\\/sites\\\/6\\\/2020\\\/12\\\/\u0544\u0565\u0580\u056f\u0565\u056c.jpg\",\"contentUrl\":\"https:\\\/\\\/akunq.net\\\/tr\\\/wp-content\\\/uploads\\\/sites\\\/6\\\/2020\\\/12\\\/\u0544\u0565\u0580\u056f\u0565\u056c.jpg\",\"width\":1024,\"height\":576},{\"@type\":\"BreadcrumbList\",\"@id\":\"https:\\\/\\\/akunq.net\\\/tr\\\/?p=60544#breadcrumb\",\"itemListElement\":[{\"@type\":\"ListItem\",\"position\":1,\"name\":\"Home\",\"item\":\"https:\\\/\\\/akunq.net\\\/tr\"},{\"@type\":\"ListItem\",\"position\":2,\"name\":\"Alman ve Yunan vekillerden Merkel\u2019e T\u00fcrkiye mektubu\"}]},{\"@type\":\"WebSite\",\"@id\":\"https:\\\/\\\/akunq.net\\\/tr\\\/#website\",\"url\":\"https:\\\/\\\/akunq.net\\\/tr\\\/\",\"name\":\"Bati Ermenistan Ve Bati Ermenileri Sorunlari Ara\u015ftirmalar Merkezi\",\"description\":\"\",\"potentialAction\":[{\"@type\":\"SearchAction\",\"target\":{\"@type\":\"EntryPoint\",\"urlTemplate\":\"https:\\\/\\\/akunq.net\\\/tr\\\/?s={search_term_string}\"},\"query-input\":{\"@type\":\"PropertyValueSpecification\",\"valueRequired\":true,\"valueName\":\"search_term_string\"}}],\"inLanguage\":\"en-US\"},{\"@type\":\"Person\",\"@id\":\"https:\\\/\\\/akunq.net\\\/tr\\\/#\\\/schema\\\/person\\\/096f1d38a12cce57fb855b485ed24c9e\",\"name\":\"admin\",\"url\":\"https:\\\/\\\/akunq.net\\\/tr\\\/?author=7\"}]}<\/script>\n<!-- \/ Yoast SEO plugin. -->","yoast_head_json":{"title":"Alman ve Yunan vekillerden Merkel\u2019e T\u00fcrkiye mektubu - Bati Ermenistan Ve Bati Ermenileri Sorunlari Ara\u015ftirmalar Merkezi","robots":{"index":"index","follow":"follow","max-snippet":"max-snippet:-1","max-image-preview":"max-image-preview:large","max-video-preview":"max-video-preview:-1"},"canonical":"https:\/\/akunq.net\/tr\/?p=60544","og_locale":"en_US","og_type":"article","og_title":"Alman ve Yunan vekillerden Merkel\u2019e T\u00fcrkiye mektubu - Bati Ermenistan Ve Bati Ermenileri Sorunlari Ara\u015ftirmalar Merkezi","og_description":"AP \u00fcyesi Alman ve Yunan 53 milletvekili Almanya Ba\u015fbakan\u0131 Merkel\u2019e yazd\u0131klar\u0131 mektupta T\u00fcrkiye\u2019ye denizalt\u0131 sat\u0131\u015f\u0131n\u0131n durdurulmas\u0131n\u0131 istedi. Mektupta olas\u0131 \u00e7at\u0131\u015fmada Alman denizalt\u0131lar\u0131n\u0131n kullan\u0131labilece\u011fi belirtildi. Avrupa Parlamentosu (AP) \u00fcyesi Alman ve Yunan milletvekilleri, T\u00fcrkiye&#8217;ye yapt\u0131r\u0131mlar\u0131n g\u00f6r\u00fc\u015f\u00fclece\u011fi Avrupa Birli\u011fi (AB) zirvesi \u00f6ncesi T\u00fcrkiye&#8217;ye Alman denizalt\u0131 sat\u0131\u015flar\u0131n\u0131n derhal durdurulmas\u0131 \u00e7a\u011fr\u0131s\u0131nda bulundu. Almanya Ba\u015fbakan\u0131 Angela Merkel&#8217;e hitaben 53 milletvekilinin [&hellip;]","og_url":"https:\/\/akunq.net\/tr\/?p=60544","og_site_name":"Bati Ermenistan Ve Bati Ermenileri Sorunlari Ara\u015ftirmalar Merkezi","article_published_time":"2020-12-11T09:46:09+00:00","og_image":[{"width":1024,"height":576,"url":"https:\/\/akunq.net\/tr\/wp-content\/uploads\/sites\/6\/2020\/12\/\u0544\u0565\u0580\u056f\u0565\u056c.jpg","type":"image\/jpeg"}],"author":"admin","twitter_card":"summary_large_image","twitter_misc":{"Written by":"admin","Est. reading time":"2 minutes"},"schema":{"@context":"https:\/\/schema.org","@graph":[{"@type":"Article","@id":"https:\/\/akunq.net\/tr\/?p=60544#article","isPartOf":{"@id":"https:\/\/akunq.net\/tr\/?p=60544"},"author":{"name":"admin","@id":"https:\/\/akunq.net\/tr\/#\/schema\/person\/096f1d38a12cce57fb855b485ed24c9e"},"headline":"Alman ve Yunan vekillerden Merkel\u2019e T\u00fcrkiye mektubu","datePublished":"2020-12-11T09:46:09+00:00","mainEntityOfPage":{"@id":"https:\/\/akunq.net\/tr\/?p=60544"},"wordCount":361,"commentCount":0,"image":{"@id":"https:\/\/akunq.net\/tr\/?p=60544#primaryimage"},"thumbnailUrl":"https:\/\/akunq.net\/tr\/wp-content\/uploads\/sites\/6\/2020\/12\/\u0544\u0565\u0580\u056f\u0565\u056c.jpg","articleSection":["Haberler"],"inLanguage":"en-US","potentialAction":[{"@type":"CommentAction","name":"Comment","target":["https:\/\/akunq.net\/tr\/?p=60544#respond"]}]},{"@type":"WebPage","@id":"https:\/\/akunq.net\/tr\/?p=60544","url":"https:\/\/akunq.net\/tr\/?p=60544","name":"Alman ve Yunan vekillerden Merkel\u2019e T\u00fcrkiye mektubu - Bati Ermenistan Ve Bati Ermenileri Sorunlari Ara\u015ftirmalar Merkezi","isPartOf":{"@id":"https:\/\/akunq.net\/tr\/#website"},"primaryImageOfPage":{"@id":"https:\/\/akunq.net\/tr\/?p=60544#primaryimage"},"image":{"@id":"https:\/\/akunq.net\/tr\/?p=60544#primaryimage"},"thumbnailUrl":"https:\/\/akunq.net\/tr\/wp-content\/uploads\/sites\/6\/2020\/12\/\u0544\u0565\u0580\u056f\u0565\u056c.jpg","datePublished":"2020-12-11T09:46:09+00:00","author":{"@id":"https:\/\/akunq.net\/tr\/#\/schema\/person\/096f1d38a12cce57fb855b485ed24c9e"},"breadcrumb":{"@id":"https:\/\/akunq.net\/tr\/?p=60544#breadcrumb"},"inLanguage":"en-US","potentialAction":[{"@type":"ReadAction","target":["https:\/\/akunq.net\/tr\/?p=60544"]}]},{"@type":"ImageObject","inLanguage":"en-US","@id":"https:\/\/akunq.net\/tr\/?p=60544#primaryimage","url":"https:\/\/akunq.net\/tr\/wp-content\/uploads\/sites\/6\/2020\/12\/\u0544\u0565\u0580\u056f\u0565\u056c.jpg","contentUrl":"https:\/\/akunq.net\/tr\/wp-content\/uploads\/sites\/6\/2020\/12\/\u0544\u0565\u0580\u056f\u0565\u056c.jpg","width":1024,"height":576},{"@type":"BreadcrumbList","@id":"https:\/\/akunq.net\/tr\/?p=60544#breadcrumb","itemListElement":[{"@type":"ListItem","position":1,"name":"Home","item":"https:\/\/akunq.net\/tr"},{"@type":"ListItem","position":2,"name":"Alman ve Yunan vekillerden Merkel\u2019e T\u00fcrkiye mektubu"}]},{"@type":"WebSite","@id":"https:\/\/akunq.net\/tr\/#website","url":"https:\/\/akunq.net\/tr\/","name":"Bati Ermenistan Ve Bati Ermenileri Sorunlari Ara\u015ftirmalar Merkezi","description":"","potentialAction":[{"@type":"SearchAction","target":{"@type":"EntryPoint","urlTemplate":"https:\/\/akunq.net\/tr\/?s={search_term_string}"},"query-input":{"@type":"PropertyValueSpecification","valueRequired":true,"valueName":"search_term_string"}}],"inLanguage":"en-US"},{"@type":"Person","@id":"https:\/\/akunq.net\/tr\/#\/schema\/person\/096f1d38a12cce57fb855b485ed24c9e","name":"admin","url":"https:\/\/akunq.net\/tr\/?author=7"}]}},"_links":{"self":[{"href":"https:\/\/akunq.net\/tr\/index.php?rest_route=\/wp\/v2\/posts\/60544","targetHints":{"allow":["GET"]}}],"collection":[{"href":"https:\/\/akunq.net\/tr\/index.php?rest_route=\/wp\/v2\/posts"}],"about":[{"href":"https:\/\/akunq.net\/tr\/index.php?rest_route=\/wp\/v2\/types\/post"}],"author":[{"embeddable":true,"href":"https:\/\/akunq.net\/tr\/index.php?rest_route=\/wp\/v2\/users\/7"}],"replies":[{"embeddable":true,"href":"https:\/\/akunq.net\/tr\/index.php?rest_route=%2Fwp%2Fv2%2Fcomments&post=60544"}],"version-history":[{"count":1,"href":"https:\/\/akunq.net\/tr\/index.php?rest_route=\/wp\/v2\/posts\/60544\/revisions"}],"predecessor-version":[{"id":60546,"href":"https:\/\/akunq.net\/tr\/index.php?rest_route=\/wp\/v2\/posts\/60544\/revisions\/60546"}],"wp:featuredmedia":[{"embeddable":true,"href":"https:\/\/akunq.net\/tr\/index.php?rest_route=\/wp\/v2\/media\/60545"}],"wp:attachment":[{"href":"https:\/\/akunq.net\/tr\/index.php?rest_route=%2Fwp%2Fv2%2Fmedia&parent=60544"}],"wp:term":[{"taxonomy":"category","embeddable":true,"href":"https:\/\/akunq.net\/tr\/index.php?rest_route=%2Fwp%2Fv2%2Fcategories&post=60544"},{"taxonomy":"post_tag","embeddable":true,"href":"https:\/\/akunq.net\/tr\/index.php?rest_route=%2Fwp%2Fv2%2Ftags&post=60544"}],"curies":[{"name":"wp","href":"https:\/\/api.w.org\/{rel}","templated":true}]}}